{"id":5340,"date":"2013-07-16T22:15:29","date_gmt":"2013-07-16T20:15:29","guid":{"rendered":"http:\/\/evertonfc.cz\/?p=5340"},"modified":"2019-02-14T22:16:29","modified_gmt":"2019-02-14T21:16:29","slug":"cesko-slovenski-evertonians-na-facebooku","status":"publish","type":"post","link":"https:\/\/evertonfc.cz\/index.php\/2013\/07\/16\/cesko-slovenski-evertonians-na-facebooku\/","title":{"rendered":"\u010cesko \u2013 slovensk\u00ed Evertonians na Facebooku"},"content":{"rendered":"<h4 id=\"NewsPostDetailSummary\">Pred ned\u00e1vnom vznikla na soci\u00e1lnej sieti Facebook nov\u00e1 str\u00e1nka zameran\u00e1 na Everton FC. Vznikla za \u00fa\u010delom komunik\u00e1cie medzi fan\u00fa\u0161ikmi.<\/h4>\n<div id=\"NewsPostDetailContent\">\n<p>Ka\u017ed\u00fd de\u0148 na str\u00e1nke prib\u00fadaj\u00fa r\u00f4zne novinky, fotky a in\u00e9 veci oh\u013eadom jedn\u00e9ho z najtradi\u010dnej\u0161\u00edch anglick\u00fdch klubov. Ak m\u00e1te profil na Facebooku, tak sa ur\u010dite pridajte. Treba, aby tam bolo \u010do najviac akt\u00edvnych \u010desko-slovensk\u00fdch Evertonians, ktor\u00ed tento klub jednoducho miluj\u00fa&#8230;<\/p>\n<p>Na str\u00e1nke je okolo 1.000 FANS, ale pre n\u00e1s nie je d\u00f4le\u017eit\u00e1 kvantita, ale kvalita. Nemus\u00edme by\u0165 ako Chelsea, Arsenal alebo in\u00e9 kluby a ma\u0165 svoju str\u00e1nku, ktor\u00e1 m\u00e1 cez 10.000 FANS. N\u00e1m sta\u010d\u00ed, \u017ee tam bud\u00fa skoto\u010dn\u00ed fan\u00fa\u0161ikovia + \u010fal\u0161\u00ed \u013eudia, ktor\u00ed sa chc\u00fa o Evertone dozvedie\u0165 viac a \u010dasom ho za\u010dn\u00fa mo\u017eno milova\u0165&#8230;<\/p>\n<p>link: <a href=\"http:\/\/www.facebook.com\/everton.fans.cz.sk\" target=\"_blank\" rel=\"noopener\">http:\/\/www.facebook.com\/everton.fans.cz.sk<\/a><\/p>\n<p>\u0160\u00edrte na\u0161u str\u00e1nku aj medzi priate\u013emi&#8230;<\/p>\n<p>COYB !!!<\/p>\n<\/div>\n","protected":false},"excerpt":{"rendered":"<p>Pred ned\u00e1vnom vznikla na soci\u00e1lnej sieti Facebook nov\u00e1 str\u00e1nka zameran\u00e1 na Everton FC. Vznikla za \u00fa\u010delom komunik\u00e1cie medzi fan\u00fa\u0161ikmi. Ka\u017ed\u00fd&hellip;<\/p>\n","protected":false},"author":14,"featured_media":1313,"comment_status":"open","ping_status":"closed","sticky":false,"template":"","format":"standard","meta":{"_eb_attr":"","_monsterinsights_skip_tracking":false,"_monsterinsights_sitenote_active":false,"_monsterinsights_sitenote_note":"","_monsterinsights_sitenote_category":0,"footnotes":""},"categories":[42],"tags":[],"yoast_head":"<!-- This site is optimized with the Yoast SEO plugin v23.4 - https:\/\/yoast.com\/wordpress\/plugins\/seo\/ -->\n<title>\u010cesko \u2013 slovensk\u00ed Evertonians na Facebooku - Official Czech &amp; Slovak Everton Supporters&#039; Club<\/title>\n<meta name=\"robots\" content=\"index, follow, max-snippet:-1, max-image-preview:large, max-video-preview:-1\" \/>\n<link rel=\"canonical\" href=\"https:\/\/evertonfc.cz\/index.php\/2013\/07\/16\/cesko-slovenski-evertonians-na-facebooku\/\" \/>\n<meta property=\"og:locale\" content=\"cs_CZ\" \/>\n<meta property=\"og:type\" content=\"article\" \/>\n<meta property=\"og:title\" content=\"\u010cesko \u2013 slovensk\u00ed Evertonians na Facebooku - Official Czech &amp; Slovak Everton Supporters&#039; Club\" \/>\n<meta property=\"og:description\" content=\"Pred ned\u00e1vnom vznikla na soci\u00e1lnej sieti Facebook nov\u00e1 str\u00e1nka zameran\u00e1 na Everton FC. Vznikla za \u00fa\u010delom komunik\u00e1cie medzi fan\u00fa\u0161ikmi. Ka\u017ed\u00fd&hellip;\" \/>\n<meta property=\"og:url\" content=\"https:\/\/evertonfc.cz\/index.php\/2013\/07\/16\/cesko-slovenski-evertonians-na-facebooku\/\" \/>\n<meta property=\"og:site_name\" content=\"Official Czech &amp; Slovak Everton Supporters&#039; Club\" \/>\n<meta property=\"article:publisher\" content=\"https:\/\/www.facebook.com\/everton.fans.cz.sk\" \/>\n<meta property=\"article:published_time\" content=\"2013-07-16T20:15:29+00:00\" \/>\n<meta property=\"article:modified_time\" content=\"2019-02-14T21:16:29+00:00\" \/>\n<meta property=\"og:image\" content=\"https:\/\/evertonfc.cz\/wp-content\/uploads\/2019\/01\/news.jpg\" \/>\n\t<meta property=\"og:image:width\" content=\"720\" \/>\n\t<meta property=\"og:image:height\" content=\"405\" \/>\n\t<meta property=\"og:image:type\" content=\"image\/jpeg\" \/>\n<meta name=\"author\" content=\"kukol113\" \/>\n<meta name=\"twitter:card\" content=\"summary_large_image\" \/>\n<meta name=\"twitter:label1\" content=\"Napsal(a)\" \/>\n\t<meta name=\"twitter:data1\" content=\"kukol113\" \/>\n\t<meta name=\"twitter:label2\" content=\"Odhadovan\u00e1 doba \u010dten\u00ed\" \/>\n\t<meta name=\"twitter:data2\" content=\"1 minuta\" \/>\n<script type=\"application\/ld+json\" class=\"yoast-schema-graph\">{\"@context\":\"https:\/\/schema.org\",\"@graph\":[{\"@type\":\"Article\",\"@id\":\"https:\/\/evertonfc.cz\/index.php\/2013\/07\/16\/cesko-slovenski-evertonians-na-facebooku\/#article\",\"isPartOf\":{\"@id\":\"https:\/\/evertonfc.cz\/index.php\/2013\/07\/16\/cesko-slovenski-evertonians-na-facebooku\/\"},\"author\":{\"name\":\"kukol113\",\"@id\":\"https:\/\/evertonfc.cz\/#\/schema\/person\/654445285615a131e512042061de9cd8\"},\"headline\":\"\u010cesko \u2013 slovensk\u00ed Evertonians na Facebooku\",\"datePublished\":\"2013-07-16T20:15:29+00:00\",\"dateModified\":\"2019-02-14T21:16:29+00:00\",\"mainEntityOfPage\":{\"@id\":\"https:\/\/evertonfc.cz\/index.php\/2013\/07\/16\/cesko-slovenski-evertonians-na-facebooku\/\"},\"wordCount\":164,\"commentCount\":0,\"publisher\":{\"@id\":\"https:\/\/evertonfc.cz\/#organization\"},\"image\":{\"@id\":\"https:\/\/evertonfc.cz\/index.php\/2013\/07\/16\/cesko-slovenski-evertonians-na-facebooku\/#primaryimage\"},\"thumbnailUrl\":\"https:\/\/evertonfc.cz\/wp-content\/uploads\/2019\/01\/news.jpg\",\"articleSection\":[\"Aktuality\"],\"inLanguage\":\"cs\",\"potentialAction\":[{\"@type\":\"CommentAction\",\"name\":\"Comment\",\"target\":[\"https:\/\/evertonfc.cz\/index.php\/2013\/07\/16\/cesko-slovenski-evertonians-na-facebooku\/#respond\"]}]},{\"@type\":\"WebPage\",\"@id\":\"https:\/\/evertonfc.cz\/index.php\/2013\/07\/16\/cesko-slovenski-evertonians-na-facebooku\/\",\"url\":\"https:\/\/evertonfc.cz\/index.php\/2013\/07\/16\/cesko-slovenski-evertonians-na-facebooku\/\",\"name\":\"\u010cesko \u2013 slovensk\u00ed Evertonians na Facebooku - Official Czech &amp; Slovak Everton Supporters&#039; Club\",\"isPartOf\":{\"@id\":\"https:\/\/evertonfc.cz\/#website\"},\"primaryImageOfPage\":{\"@id\":\"https:\/\/evertonfc.cz\/index.php\/2013\/07\/16\/cesko-slovenski-evertonians-na-facebooku\/#primaryimage\"},\"image\":{\"@id\":\"https:\/\/evertonfc.cz\/index.php\/2013\/07\/16\/cesko-slovenski-evertonians-na-facebooku\/#primaryimage\"},\"thumbnailUrl\":\"https:\/\/evertonfc.cz\/wp-content\/uploads\/2019\/01\/news.jpg\",\"datePublished\":\"2013-07-16T20:15:29+00:00\",\"dateModified\":\"2019-02-14T21:16:29+00:00\",\"breadcrumb\":{\"@id\":\"https:\/\/evertonfc.cz\/index.php\/2013\/07\/16\/cesko-slovenski-evertonians-na-facebooku\/#breadcrumb\"},\"inLanguage\":\"cs\",\"potentialAction\":[{\"@type\":\"ReadAction\",\"target\":[\"https:\/\/evertonfc.cz\/index.php\/2013\/07\/16\/cesko-slovenski-evertonians-na-facebooku\/\"]}]},{\"@type\":\"ImageObject\",\"inLanguage\":\"cs\",\"@id\":\"https:\/\/evertonfc.cz\/index.php\/2013\/07\/16\/cesko-slovenski-evertonians-na-facebooku\/#primaryimage\",\"url\":\"https:\/\/evertonfc.cz\/wp-content\/uploads\/2019\/01\/news.jpg\",\"contentUrl\":\"https:\/\/evertonfc.cz\/wp-content\/uploads\/2019\/01\/news.jpg\",\"width\":720,\"height\":405},{\"@type\":\"BreadcrumbList\",\"@id\":\"https:\/\/evertonfc.cz\/index.php\/2013\/07\/16\/cesko-slovenski-evertonians-na-facebooku\/#breadcrumb\",\"itemListElement\":[{\"@type\":\"ListItem\",\"position\":1,\"name\":\"Home\",\"item\":\"https:\/\/evertonfc.cz\/\"},{\"@type\":\"ListItem\",\"position\":2,\"name\":\"\u010cesko \u2013 slovensk\u00ed Evertonians na Facebooku\"}]},{\"@type\":\"WebSite\",\"@id\":\"https:\/\/evertonfc.cz\/#website\",\"url\":\"https:\/\/evertonfc.cz\/\",\"name\":\"Official Czech &amp; Slovak Everton Supporters&#039; Club\",\"description\":\"\",\"publisher\":{\"@id\":\"https:\/\/evertonfc.cz\/#organization\"},\"potentialAction\":[{\"@type\":\"SearchAction\",\"target\":{\"@type\":\"EntryPoint\",\"urlTemplate\":\"https:\/\/evertonfc.cz\/?s={search_term_string}\"},\"query-input\":{\"@type\":\"PropertyValueSpecification\",\"valueRequired\":true,\"valueName\":\"search_term_string\"}}],\"inLanguage\":\"cs\"},{\"@type\":\"Organization\",\"@id\":\"https:\/\/evertonfc.cz\/#organization\",\"name\":\"Official Czech & Slovak Everton Supporters' Club\",\"url\":\"https:\/\/evertonfc.cz\/\",\"logo\":{\"@type\":\"ImageObject\",\"inLanguage\":\"cs\",\"@id\":\"https:\/\/evertonfc.cz\/#\/schema\/logo\/image\/\",\"url\":\"https:\/\/evertonfc.cz\/wp-content\/uploads\/2019\/05\/logo.png\",\"contentUrl\":\"https:\/\/evertonfc.cz\/wp-content\/uploads\/2019\/05\/logo.png\",\"width\":112,\"height\":112,\"caption\":\"Official Czech & Slovak Everton Supporters' Club\"},\"image\":{\"@id\":\"https:\/\/evertonfc.cz\/#\/schema\/logo\/image\/\"},\"sameAs\":[\"https:\/\/www.facebook.com\/everton.fans.cz.sk\"]},{\"@type\":\"Person\",\"@id\":\"https:\/\/evertonfc.cz\/#\/schema\/person\/654445285615a131e512042061de9cd8\",\"name\":\"kukol113\",\"url\":\"https:\/\/evertonfc.cz\/index.php\/author\/kukol113\/\"}]}<\/script>\n<!-- \/ Yoast SEO plugin. -->","yoast_head_json":{"title":"\u010cesko \u2013 slovensk\u00ed Evertonians na Facebooku - Official Czech &amp; Slovak Everton Supporters&#039; Club","robots":{"index":"index","follow":"follow","max-snippet":"max-snippet:-1","max-image-preview":"max-image-preview:large","max-video-preview":"max-video-preview:-1"},"canonical":"https:\/\/evertonfc.cz\/index.php\/2013\/07\/16\/cesko-slovenski-evertonians-na-facebooku\/","og_locale":"cs_CZ","og_type":"article","og_title":"\u010cesko \u2013 slovensk\u00ed Evertonians na Facebooku - Official Czech &amp; Slovak Everton Supporters&#039; Club","og_description":"Pred ned\u00e1vnom vznikla na soci\u00e1lnej sieti Facebook nov\u00e1 str\u00e1nka zameran\u00e1 na Everton FC. Vznikla za \u00fa\u010delom komunik\u00e1cie medzi fan\u00fa\u0161ikmi. Ka\u017ed\u00fd&hellip;","og_url":"https:\/\/evertonfc.cz\/index.php\/2013\/07\/16\/cesko-slovenski-evertonians-na-facebooku\/","og_site_name":"Official Czech &amp; Slovak Everton Supporters&#039; Club","article_publisher":"https:\/\/www.facebook.com\/everton.fans.cz.sk","article_published_time":"2013-07-16T20:15:29+00:00","article_modified_time":"2019-02-14T21:16:29+00:00","og_image":[{"width":720,"height":405,"url":"https:\/\/evertonfc.cz\/wp-content\/uploads\/2019\/01\/news.jpg","type":"image\/jpeg"}],"author":"kukol113","twitter_card":"summary_large_image","twitter_misc":{"Napsal(a)":"kukol113","Odhadovan\u00e1 doba \u010dten\u00ed":"1 minuta"},"schema":{"@context":"https:\/\/schema.org","@graph":[{"@type":"Article","@id":"https:\/\/evertonfc.cz\/index.php\/2013\/07\/16\/cesko-slovenski-evertonians-na-facebooku\/#article","isPartOf":{"@id":"https:\/\/evertonfc.cz\/index.php\/2013\/07\/16\/cesko-slovenski-evertonians-na-facebooku\/"},"author":{"name":"kukol113","@id":"https:\/\/evertonfc.cz\/#\/schema\/person\/654445285615a131e512042061de9cd8"},"headline":"\u010cesko \u2013 slovensk\u00ed Evertonians na Facebooku","datePublished":"2013-07-16T20:15:29+00:00","dateModified":"2019-02-14T21:16:29+00:00","mainEntityOfPage":{"@id":"https:\/\/evertonfc.cz\/index.php\/2013\/07\/16\/cesko-slovenski-evertonians-na-facebooku\/"},"wordCount":164,"commentCount":0,"publisher":{"@id":"https:\/\/evertonfc.cz\/#organization"},"image":{"@id":"https:\/\/evertonfc.cz\/index.php\/2013\/07\/16\/cesko-slovenski-evertonians-na-facebooku\/#primaryimage"},"thumbnailUrl":"https:\/\/evertonfc.cz\/wp-content\/uploads\/2019\/01\/news.jpg","articleSection":["Aktuality"],"inLanguage":"cs","potentialAction":[{"@type":"CommentAction","name":"Comment","target":["https:\/\/evertonfc.cz\/index.php\/2013\/07\/16\/cesko-slovenski-evertonians-na-facebooku\/#respond"]}]},{"@type":"WebPage","@id":"https:\/\/evertonfc.cz\/index.php\/2013\/07\/16\/cesko-slovenski-evertonians-na-facebooku\/","url":"https:\/\/evertonfc.cz\/index.php\/2013\/07\/16\/cesko-slovenski-evertonians-na-facebooku\/","name":"\u010cesko \u2013 slovensk\u00ed Evertonians na Facebooku - Official Czech &amp; Slovak Everton Supporters&#039; Club","isPartOf":{"@id":"https:\/\/evertonfc.cz\/#website"},"primaryImageOfPage":{"@id":"https:\/\/evertonfc.cz\/index.php\/2013\/07\/16\/cesko-slovenski-evertonians-na-facebooku\/#primaryimage"},"image":{"@id":"https:\/\/evertonfc.cz\/index.php\/2013\/07\/16\/cesko-slovenski-evertonians-na-facebooku\/#primaryimage"},"thumbnailUrl":"https:\/\/evertonfc.cz\/wp-content\/uploads\/2019\/01\/news.jpg","datePublished":"2013-07-16T20:15:29+00:00","dateModified":"2019-02-14T21:16:29+00:00","breadcrumb":{"@id":"https:\/\/evertonfc.cz\/index.php\/2013\/07\/16\/cesko-slovenski-evertonians-na-facebooku\/#breadcrumb"},"inLanguage":"cs","potentialAction":[{"@type":"ReadAction","target":["https:\/\/evertonfc.cz\/index.php\/2013\/07\/16\/cesko-slovenski-evertonians-na-facebooku\/"]}]},{"@type":"ImageObject","inLanguage":"cs","@id":"https:\/\/evertonfc.cz\/index.php\/2013\/07\/16\/cesko-slovenski-evertonians-na-facebooku\/#primaryimage","url":"https:\/\/evertonfc.cz\/wp-content\/uploads\/2019\/01\/news.jpg","contentUrl":"https:\/\/evertonfc.cz\/wp-content\/uploads\/2019\/01\/news.jpg","width":720,"height":405},{"@type":"BreadcrumbList","@id":"https:\/\/evertonfc.cz\/index.php\/2013\/07\/16\/cesko-slovenski-evertonians-na-facebooku\/#breadcrumb","itemListElement":[{"@type":"ListItem","position":1,"name":"Home","item":"https:\/\/evertonfc.cz\/"},{"@type":"ListItem","position":2,"name":"\u010cesko \u2013 slovensk\u00ed Evertonians na Facebooku"}]},{"@type":"WebSite","@id":"https:\/\/evertonfc.cz\/#website","url":"https:\/\/evertonfc.cz\/","name":"Official Czech &amp; Slovak Everton Supporters&#039; Club","description":"","publisher":{"@id":"https:\/\/evertonfc.cz\/#organization"},"potentialAction":[{"@type":"SearchAction","target":{"@type":"EntryPoint","urlTemplate":"https:\/\/evertonfc.cz\/?s={search_term_string}"},"query-input":{"@type":"PropertyValueSpecification","valueRequired":true,"valueName":"search_term_string"}}],"inLanguage":"cs"},{"@type":"Organization","@id":"https:\/\/evertonfc.cz\/#organization","name":"Official Czech & Slovak Everton Supporters' Club","url":"https:\/\/evertonfc.cz\/","logo":{"@type":"ImageObject","inLanguage":"cs","@id":"https:\/\/evertonfc.cz\/#\/schema\/logo\/image\/","url":"https:\/\/evertonfc.cz\/wp-content\/uploads\/2019\/05\/logo.png","contentUrl":"https:\/\/evertonfc.cz\/wp-content\/uploads\/2019\/05\/logo.png","width":112,"height":112,"caption":"Official Czech & Slovak Everton Supporters' Club"},"image":{"@id":"https:\/\/evertonfc.cz\/#\/schema\/logo\/image\/"},"sameAs":["https:\/\/www.facebook.com\/everton.fans.cz.sk"]},{"@type":"Person","@id":"https:\/\/evertonfc.cz\/#\/schema\/person\/654445285615a131e512042061de9cd8","name":"kukol113","url":"https:\/\/evertonfc.cz\/index.php\/author\/kukol113\/"}]}},"_links":{"self":[{"href":"https:\/\/evertonfc.cz\/index.php\/wp-json\/wp\/v2\/posts\/5340"}],"collection":[{"href":"https:\/\/evertonfc.cz\/index.php\/wp-json\/wp\/v2\/posts"}],"about":[{"href":"https:\/\/evertonfc.cz\/index.php\/wp-json\/wp\/v2\/types\/post"}],"author":[{"embeddable":true,"href":"https:\/\/evertonfc.cz\/index.php\/wp-json\/wp\/v2\/users\/14"}],"replies":[{"embeddable":true,"href":"https:\/\/evertonfc.cz\/index.php\/wp-json\/wp\/v2\/comments?post=5340"}],"version-history":[{"count":1,"href":"https:\/\/evertonfc.cz\/index.php\/wp-json\/wp\/v2\/posts\/5340\/revisions"}],"predecessor-version":[{"id":5342,"href":"https:\/\/evertonfc.cz\/index.php\/wp-json\/wp\/v2\/posts\/5340\/revisions\/5342"}],"wp:featuredmedia":[{"embeddable":true,"href":"https:\/\/evertonfc.cz\/index.php\/wp-json\/wp\/v2\/media\/1313"}],"wp:attachment":[{"href":"https:\/\/evertonfc.cz\/index.php\/wp-json\/wp\/v2\/media?parent=5340"}],"wp:term":[{"taxonomy":"category","embeddable":true,"href":"https:\/\/evertonfc.cz\/index.php\/wp-json\/wp\/v2\/categories?post=5340"},{"taxonomy":"post_tag","embeddable":true,"href":"https:\/\/evertonfc.cz\/index.php\/wp-json\/wp\/v2\/tags?post=5340"}],"curies":[{"name":"wp","href":"https:\/\/api.w.org\/{rel}","templated":true}]}}