{"id":5343,"date":"2013-07-15T22:16:34","date_gmt":"2013-07-15T20:16:34","guid":{"rendered":"http:\/\/evertonfc.cz\/?p=5343"},"modified":"2019-03-14T22:43:37","modified_gmt":"2019-03-14T21:43:37","slug":"der-ausflug-nach-wien","status":"publish","type":"post","link":"https:\/\/evertonfc.cz\/index.php\/2013\/07\/15\/der-ausflug-nach-wien\/","title":{"rendered":"Der Ausflug nach Wien"},"content":{"rendered":"<h4 id=\"NewsPostDetailSummary\">P\u0159edsez\u00f3nn\u00ed rakousk\u00e9 soust\u0159ed\u011bn\u00ed Blues zakon\u010dili st\u0159etnut\u00edm proti Austrii V\u00edde\u0148, u \u010deho\u017e \u010de\u0161t\u00ed a sloven\u0161t\u00ed Evertonians nemohli a necht\u011bli chyb\u011bt.<\/h4>\n<div id=\"NewsPostDetailContent\">\n<p>Toffees se v nepravideln\u00fdch intervalech do bl\u00edzkosti na\u0161eho regionu vracej\u00ed, v l\u00e9t\u011b 2009 jsme na\u017eivo sledovali jejich z\u00e1pas v r\u00e1mci p\u0159edkola Evropsk\u00e9 ligy v Olomouci a i tentokr\u00e1t jsme se rozhodli b\u00fdt p\u0159\u00edtomn\u00ed.<\/p>\n<p>Brzy r\u00e1no v\u00a0den utk\u00e1n\u00ed se st\u0159et\u00e1v\u00e1m s\u00a0Javorem na hlavn\u00edm n\u00e1dra\u017e\u00ed v\u00a0Praze, nased\u00e1me do vlaku a zat\u00edm jenom ve dvou za\u010d\u00edn\u00e1me cestu. Javor hned n\u011bco vytahuje z\u00a0ta\u0161ky, chlub\u00ed se bichl\u00ed Everton Encyclopedia od Jamese Corbetta. V\u00a0Brn\u011b se k\u00a0n\u00e1m p\u0159id\u00e1v\u00e1 fanou\u0161ek gargy, vid\u00edme se prvn\u011b, seznamuje se a u\u017e se bl\u00ed\u017e\u00edme k\u00a0hlavn\u00edmu m\u011bstu Rakouska.<\/p>\n<p>Do V\u00eddn\u011b dor\u00e1\u017e\u00edme p\u0159ed polednem, s\u00a0ostatn\u00edmi m\u00e1me napl\u00e1novan\u00fd sraz v\u00a0centru v podniku Flanagans Irish Pub. Kdy\u017e p\u0159ich\u00e1z\u00edme na m\u00edsto, pozn\u00e1v\u00e1me dv\u011b zn\u00e1m\u00e9 tv\u00e1\u0159e. Fip a Everton1878 sed\u00ed u stolu se t\u0159emi\u00a0Evertonians z\u00a0Polska. Po dvou hodin\u00e1ch debatov\u00e1n\u00ed u piva se zved\u00e1me a vyr\u00e1\u017e\u00edme na stadion. P\u0159esun prob\u011bhne bez probl\u00e9m\u016f, p\u0159ipojuje se k\u00a0n\u00e1m posledn\u00ed dvojice Dan a TheRoyalBlue a dv\u011b a p\u016fl hodiny p\u0159ed v\u00fdkopem kupujeme l\u00edstky do sektoru host\u00ed, jeden stoj\u00ed \u20ac10.<\/p>\n<p>Netrp\u011bliv\u011b vy\u010dk\u00e1v\u00e1me na autobus s\u00a0hr\u00e1\u010di. Jeho p\u0159\u00edjezd sice chyt\u00edme, bohu\u017eel zaj\u00ed\u017ed\u00ed a\u017e do stadionu, proto fotbalisty a \u010dleny realiza\u010dn\u00edho t\u00fdmu vid\u00edme jen p\u0159es plot. R\u00e1di bychom si dali pivko p\u0159ed stadionem, m\u00edstn\u00ed po\u0159adatel\u00e9 n\u00e1s ale, oble\u010den\u00e9 v\u00a0barv\u00e1ch Evertonu, vykazuj\u00ed do sektoru host\u00ed. Pr\u00fd aby se zamezilo konfliktu s\u00a0dom\u00e1c\u00edmi p\u0159\u00edznivci. P\u0159\u00edli\u0161 toto chov\u00e1n\u00ed nech\u00e1peme, proto\u017ee se mezi sebou bez probl\u00e9m\u016f m\u00eds\u00ed oba fanou\u0161kovsk\u00e9 t\u00e1bory. Rozhodn\u011b lze vypozorovat vz\u00e1jemnou p\u0159\u00e1telskou n\u00e1ladu.<\/p>\n<p>Hodinu p\u0159ed duelem se za\u010d\u00edn\u00e1 plnit sektor host\u00ed, Evertonu je vyhrazeno 1\u00a0850 m\u00edst. T\u011b\u017eko p\u0159esn\u011b ur\u010dit obsazenost ji\u017en\u00ed tribuny, zapln\u00ed se mo\u017en\u00e1 z t\u0159etiny, co\u017e je rozhodn\u011b slu\u0161n\u00e1 vizitka.<\/p>\n<p>Samotn\u00fd z\u00e1pas slou\u017e\u00ed pro EFC jako vyvrcholen\u00ed n\u011bkolikadenn\u00edho kondi\u010dn\u00edho soust\u0159ed\u011bn\u00ed, zat\u00edmco pro dom\u00e1c\u00ed jde o posledn\u00ed test p\u0159ed startem ligy a kvalifikac\u00ed do hlavn\u00ed sout\u011b\u017ee Ligy mistr\u016f. Host\u00e9, na za\u010d\u00e1tku p\u0159\u00edpravy a hlavn\u011b nov\u00e9 \u00e9ry, hodlaj\u00ed vyzkou\u0161et v\u0161echny hr\u00e1\u010de, zahraje si tedy i \u0161est \u010dlen\u016f U21. Naopak \u010dty\u0159i posily a Tim Howard, Johny Heitinga, S\u00e9amus Coleman, Nikica Jelavi\u0107, Ross Barkley, Luke Garbutt a John Stones absentuj\u00ed z\u00a0d\u016fvodu prodlou\u017een\u00e9 dovolen. Krom\u011b mlad\u00e9ho branka\u0159e Springthorpa nastoup\u00ed v\u0161ichni:<\/p>\n<p>Joel Robles: Browning (46&#8242; Hibbert), Jagielka (46&#8242; Distin), Duffy, Baines (46&#8242; Oviedo); Naismith (46&#8242; Mirallas), Pienaar (46&#8242; Kennedy), Osman (46&#8242; Grant (67&#8242; McAleny)), Gibson (67&#8242; Junior), Gueye (46&#8242; Fellaini); Vellios (46&#8242; Anichebe), nevyu\u017eit\u00fd n\u00e1hradn\u00edk: Springthorpe.<\/p>\n<p>Od prvn\u00ed minuty se projevuje vliv Roberta Mart\u00edneze, mu\u017estvo se sna\u017e\u00ed o mno\u017estv\u00ed kr\u00e1tk\u00fdch p\u0159ihr\u00e1vek a praktikuje rozestaven\u00ed 4-3-3, kter\u00e9 ale prokazuje velk\u00e9 zn\u00e1mky variability. Austria po chyb\u00e1ch protivn\u00edka brzy vede 2:0, t\u011bsn\u011b p\u0159ed polo\u010dasem sni\u017euje po centru Bainese Vellios. A\u010dkoliv do druh\u00e9 polo\u010dasu nastoup\u00ed Toffees v\u00a0siln\u011bj\u0161\u00edm slo\u017een\u00ed, o\u010dek\u00e1van\u00fd obrat k\u00a0lep\u0161\u00edmu nenast\u00e1v\u00e1. Osobn\u011b m\u011b nejv\u00edce zaujal nov\u00fd branka\u0159 Joel, dvakr\u00e1t zlikvidoval samotn\u00fd n\u00e1jezd. D\u00e1le Gibson \u010di Baines nezahr\u00e1li zle, ostatn\u00ed zaost\u00e1vaj\u00ed za sv\u00fdmi nejlep\u0161\u00edmi v\u00fdkony. Opakuji v\u0161ak, stoj\u00edme na za\u010d\u00e1tku p\u0159\u00edpravy, vyvozovat z\u00e1v\u011bry v\u00a0sou\u010dasnosti postr\u00e1d\u00e1 smysl, po\u010dk\u00e1me si na dal\u0161\u00ed m\u011bs\u00edce.<\/p>\n<p>Celkem na stadion doraz\u00ed 7\u00a0125 div\u00e1k\u016f, k\u00a0maxim\u00e1ln\u011b kapacit\u011b chyb\u00ed p\u0159es 5\u00a0000 lid\u00ed. Evertonians ob\u010das zazp\u00edvaj\u00ed, zatleskaj\u00ed, rozhodn\u011b pro n\u011b kl\u00e1n\u00ed nen\u00ed natolik presti\u017en\u00ed jako pro n\u00e1s. Nejv\u011bt\u0161\u00ed potlesk si vyslou\u017e\u00ed Roberto Mart\u00ednez, kter\u00fd a\u010d nemus\u00ed b\u00fdt ide\u00e1ln\u00edm mana\u017eer pro v\u0161echny, opl\u00e1c\u00ed podporu pod\u011bkov\u00e1n\u00edm. V\u00a0druh\u00e9m polo\u010dase jeden modr\u00fd fanou\u0161ek \u010dastuje hr\u00e1\u010de nejedn\u00edm neslu\u0161n\u00fdm pok\u0159ikem, pravd\u011bpodobn\u011b je jeho chov\u00e1n\u00ed ovlivn\u011bn\u00e9 nads\u00e1zkou, pro jistotu ho ov\u0161em n\u011bkolik koleg\u016f nevra\u017eiv\u00fdm pohledem rychle uklidn\u00ed.<\/p>\n<p>Po st\u0159etnut\u00ed se vrac\u00edme do Flanagans Irish Pubu, abychom zhodnotili, co jsme vid\u011bli a vypili posledn\u00ed piva p\u0159ed odjezdem dom\u016f. Od sousedn\u00edho stolu zaujmeme Evertonians z\u00a0Ostrov\u016f, nev\u011b\u0159\u00ed, \u017ee existuj\u00ed \u010de\u0161t\u00ed a sloven\u0161t\u00ed fans klubu. Pro jistotu si n\u00e1s vyfot\u00ed. Pozd\u011bji n\u00e1sleduje spole\u010dn\u00e9 foto a zp\u00edv\u00e1n\u00ed chor\u00e1l\u016f, p\u0159evl\u00e1d\u00e1 obl\u00edben\u00fd \u201cIf you know your history\u201c. \u010c\u00ed\u0161n\u00edk se sna\u017e\u00ed rozja\u0159en\u00fd dav zklidnit pod vyhr\u016f\u017ekou vyhazovu, p\u0159esto p\u0159\u00edli\u0161 neusp\u011bje. Kdy\u017e p\u0159ed des\u00e1tou ve\u010dern\u00ed odch\u00e1z\u00edme na vlak, Angli\u010dan\u00e9 se s\u00a0n\u00e1mi lou\u010d\u00ed dal\u0161\u00edmi pok\u0159iky a hromadn\u00fdm objet\u00edm.<\/p>\n<p>Dojem z\u00a0poveden\u00e9ho v\u00fdletu n\u00e1m trochu zkaz\u00ed a\u017e vlak dom\u016f. Z\u00a0kup\u00e9 n\u00e1s brzy vyhod\u00ed pr\u016fvod\u010d\u00ed, v\u00a0B\u0159eclavi dlouho stoj\u00edme, tak\u017ee nab\u00edr\u00e1me v\u00edce ne\u017e dvouhodinov\u00e9 zpo\u017ed\u011bn\u00ed. Pl\u00e1ny o vydatn\u00e9m sp\u00e1nku ve vlaku jsou ztraceny, tak\u017ee v pond\u011bl\u00ed v\u00a0pr\u00e1ci do sebe liju jedno k\u00e1vu za druhou. Co se d\u00e1 d\u011blat, Everton za to ale ur\u010dit\u011b st\u00e1l \ud83d\ude42<\/p>\n<\/div>\n","protected":false},"excerpt":{"rendered":"<p>P\u0159edsez\u00f3nn\u00ed rakousk\u00e9 soust\u0159ed\u011bn\u00ed Blues zakon\u010dili st\u0159etnut\u00edm proti Austrii V\u00edde\u0148, u \u010deho\u017e \u010de\u0161t\u00ed a sloven\u0161t\u00ed Evertonians nemohli a necht\u011bli chyb\u011bt. Toffees&hellip;<\/p>\n","protected":false},"author":6,"featured_media":1310,"comment_status":"open","ping_status":"closed","sticky":false,"template":"","format":"standard","meta":{"_eb_attr":"","_monsterinsights_skip_tracking":false,"_monsterinsights_sitenote_active":false,"_monsterinsights_sitenote_note":"","_monsterinsights_sitenote_category":0,"footnotes":""},"categories":[39,85],"tags":[],"yoast_head":"<!-- This site is optimized with the Yoast SEO plugin v23.4 - https:\/\/yoast.com\/wordpress\/plugins\/seo\/ -->\n<title>Der Ausflug nach Wien - Official Czech &amp; Slovak Everton Supporters&#039; Club<\/title>\n<meta name=\"robots\" content=\"index, follow, max-snippet:-1, max-image-preview:large, max-video-preview:-1\" \/>\n<link rel=\"canonical\" href=\"https:\/\/evertonfc.cz\/index.php\/2013\/07\/15\/der-ausflug-nach-wien\/\" \/>\n<meta property=\"og:locale\" content=\"cs_CZ\" \/>\n<meta property=\"og:type\" content=\"article\" \/>\n<meta property=\"og:title\" content=\"Der Ausflug nach Wien - Official Czech &amp; Slovak Everton Supporters&#039; Club\" \/>\n<meta property=\"og:description\" content=\"P\u0159edsez\u00f3nn\u00ed rakousk\u00e9 soust\u0159ed\u011bn\u00ed Blues zakon\u010dili st\u0159etnut\u00edm proti Austrii V\u00edde\u0148, u \u010deho\u017e \u010de\u0161t\u00ed a sloven\u0161t\u00ed Evertonians nemohli a necht\u011bli chyb\u011bt. Toffees&hellip;\" \/>\n<meta property=\"og:url\" content=\"https:\/\/evertonfc.cz\/index.php\/2013\/07\/15\/der-ausflug-nach-wien\/\" \/>\n<meta property=\"og:site_name\" content=\"Official Czech &amp; Slovak Everton Supporters&#039; Club\" \/>\n<meta property=\"article:publisher\" content=\"https:\/\/www.facebook.com\/everton.fans.cz.sk\" \/>\n<meta property=\"article:published_time\" content=\"2013-07-15T20:16:34+00:00\" \/>\n<meta property=\"article:modified_time\" content=\"2019-03-14T21:43:37+00:00\" \/>\n<meta property=\"og:image\" content=\"https:\/\/evertonfc.cz\/wp-content\/uploads\/2019\/01\/blog.jpg\" \/>\n\t<meta property=\"og:image:width\" content=\"720\" \/>\n\t<meta property=\"og:image:height\" content=\"405\" \/>\n\t<meta property=\"og:image:type\" content=\"image\/jpeg\" \/>\n<meta name=\"author\" content=\"Ri\u010di\" \/>\n<meta name=\"twitter:card\" content=\"summary_large_image\" \/>\n<meta name=\"twitter:creator\" content=\"@rbrejsa\" \/>\n<meta name=\"twitter:label1\" content=\"Napsal(a)\" \/>\n\t<meta name=\"twitter:data1\" content=\"Ri\u010di\" \/>\n\t<meta name=\"twitter:label2\" content=\"Odhadovan\u00e1 doba \u010dten\u00ed\" \/>\n\t<meta name=\"twitter:data2\" content=\"5 minut\" \/>\n<script type=\"application\/ld+json\" class=\"yoast-schema-graph\">{\"@context\":\"https:\/\/schema.org\",\"@graph\":[{\"@type\":\"Article\",\"@id\":\"https:\/\/evertonfc.cz\/index.php\/2013\/07\/15\/der-ausflug-nach-wien\/#article\",\"isPartOf\":{\"@id\":\"https:\/\/evertonfc.cz\/index.php\/2013\/07\/15\/der-ausflug-nach-wien\/\"},\"author\":{\"name\":\"Ri\u010di\",\"@id\":\"https:\/\/evertonfc.cz\/#\/schema\/person\/f7a5daedb2ffee98480bc70e191aaef1\"},\"headline\":\"Der Ausflug nach Wien\",\"datePublished\":\"2013-07-15T20:16:34+00:00\",\"dateModified\":\"2019-03-14T21:43:37+00:00\",\"mainEntityOfPage\":{\"@id\":\"https:\/\/evertonfc.cz\/index.php\/2013\/07\/15\/der-ausflug-nach-wien\/\"},\"wordCount\":982,\"commentCount\":0,\"publisher\":{\"@id\":\"https:\/\/evertonfc.cz\/#organization\"},\"image\":{\"@id\":\"https:\/\/evertonfc.cz\/index.php\/2013\/07\/15\/der-ausflug-nach-wien\/#primaryimage\"},\"thumbnailUrl\":\"https:\/\/evertonfc.cz\/wp-content\/uploads\/2019\/01\/blog.jpg\",\"articleSection\":[\"Blog\",\"Supporters' Club\"],\"inLanguage\":\"cs\",\"potentialAction\":[{\"@type\":\"CommentAction\",\"name\":\"Comment\",\"target\":[\"https:\/\/evertonfc.cz\/index.php\/2013\/07\/15\/der-ausflug-nach-wien\/#respond\"]}]},{\"@type\":\"WebPage\",\"@id\":\"https:\/\/evertonfc.cz\/index.php\/2013\/07\/15\/der-ausflug-nach-wien\/\",\"url\":\"https:\/\/evertonfc.cz\/index.php\/2013\/07\/15\/der-ausflug-nach-wien\/\",\"name\":\"Der Ausflug nach Wien - Official Czech &amp; Slovak Everton Supporters&#039; Club\",\"isPartOf\":{\"@id\":\"https:\/\/evertonfc.cz\/#website\"},\"primaryImageOfPage\":{\"@id\":\"https:\/\/evertonfc.cz\/index.php\/2013\/07\/15\/der-ausflug-nach-wien\/#primaryimage\"},\"image\":{\"@id\":\"https:\/\/evertonfc.cz\/index.php\/2013\/07\/15\/der-ausflug-nach-wien\/#primaryimage\"},\"thumbnailUrl\":\"https:\/\/evertonfc.cz\/wp-content\/uploads\/2019\/01\/blog.jpg\",\"datePublished\":\"2013-07-15T20:16:34+00:00\",\"dateModified\":\"2019-03-14T21:43:37+00:00\",\"breadcrumb\":{\"@id\":\"https:\/\/evertonfc.cz\/index.php\/2013\/07\/15\/der-ausflug-nach-wien\/#breadcrumb\"},\"inLanguage\":\"cs\",\"potentialAction\":[{\"@type\":\"ReadAction\",\"target\":[\"https:\/\/evertonfc.cz\/index.php\/2013\/07\/15\/der-ausflug-nach-wien\/\"]}]},{\"@type\":\"ImageObject\",\"inLanguage\":\"cs\",\"@id\":\"https:\/\/evertonfc.cz\/index.php\/2013\/07\/15\/der-ausflug-nach-wien\/#primaryimage\",\"url\":\"https:\/\/evertonfc.cz\/wp-content\/uploads\/2019\/01\/blog.jpg\",\"contentUrl\":\"https:\/\/evertonfc.cz\/wp-content\/uploads\/2019\/01\/blog.jpg\",\"width\":720,\"height\":405},{\"@type\":\"BreadcrumbList\",\"@id\":\"https:\/\/evertonfc.cz\/index.php\/2013\/07\/15\/der-ausflug-nach-wien\/#breadcrumb\",\"itemListElement\":[{\"@type\":\"ListItem\",\"position\":1,\"name\":\"Home\",\"item\":\"https:\/\/evertonfc.cz\/\"},{\"@type\":\"ListItem\",\"position\":2,\"name\":\"Der Ausflug nach Wien\"}]},{\"@type\":\"WebSite\",\"@id\":\"https:\/\/evertonfc.cz\/#website\",\"url\":\"https:\/\/evertonfc.cz\/\",\"name\":\"Official Czech &amp; Slovak Everton Supporters&#039; Club\",\"description\":\"\",\"publisher\":{\"@id\":\"https:\/\/evertonfc.cz\/#organization\"},\"potentialAction\":[{\"@type\":\"SearchAction\",\"target\":{\"@type\":\"EntryPoint\",\"urlTemplate\":\"https:\/\/evertonfc.cz\/?s={search_term_string}\"},\"query-input\":{\"@type\":\"PropertyValueSpecification\",\"valueRequired\":true,\"valueName\":\"search_term_string\"}}],\"inLanguage\":\"cs\"},{\"@type\":\"Organization\",\"@id\":\"https:\/\/evertonfc.cz\/#organization\",\"name\":\"Official Czech & Slovak Everton Supporters' Club\",\"url\":\"https:\/\/evertonfc.cz\/\",\"logo\":{\"@type\":\"ImageObject\",\"inLanguage\":\"cs\",\"@id\":\"https:\/\/evertonfc.cz\/#\/schema\/logo\/image\/\",\"url\":\"https:\/\/evertonfc.cz\/wp-content\/uploads\/2019\/05\/logo.png\",\"contentUrl\":\"https:\/\/evertonfc.cz\/wp-content\/uploads\/2019\/05\/logo.png\",\"width\":112,\"height\":112,\"caption\":\"Official Czech & Slovak Everton Supporters' Club\"},\"image\":{\"@id\":\"https:\/\/evertonfc.cz\/#\/schema\/logo\/image\/\"},\"sameAs\":[\"https:\/\/www.facebook.com\/everton.fans.cz.sk\"]},{\"@type\":\"Person\",\"@id\":\"https:\/\/evertonfc.cz\/#\/schema\/person\/f7a5daedb2ffee98480bc70e191aaef1\",\"name\":\"Ri\u010di\",\"sameAs\":[\"https:\/\/x.com\/rbrejsa\"],\"url\":\"https:\/\/evertonfc.cz\/index.php\/author\/rici\/\"}]}<\/script>\n<!-- \/ Yoast SEO plugin. -->","yoast_head_json":{"title":"Der Ausflug nach Wien - Official Czech &amp; Slovak Everton Supporters&#039; Club","robots":{"index":"index","follow":"follow","max-snippet":"max-snippet:-1","max-image-preview":"max-image-preview:large","max-video-preview":"max-video-preview:-1"},"canonical":"https:\/\/evertonfc.cz\/index.php\/2013\/07\/15\/der-ausflug-nach-wien\/","og_locale":"cs_CZ","og_type":"article","og_title":"Der Ausflug nach Wien - Official Czech &amp; Slovak Everton Supporters&#039; Club","og_description":"P\u0159edsez\u00f3nn\u00ed rakousk\u00e9 soust\u0159ed\u011bn\u00ed Blues zakon\u010dili st\u0159etnut\u00edm proti Austrii V\u00edde\u0148, u \u010deho\u017e \u010de\u0161t\u00ed a sloven\u0161t\u00ed Evertonians nemohli a necht\u011bli chyb\u011bt. Toffees&hellip;","og_url":"https:\/\/evertonfc.cz\/index.php\/2013\/07\/15\/der-ausflug-nach-wien\/","og_site_name":"Official Czech &amp; Slovak Everton Supporters&#039; Club","article_publisher":"https:\/\/www.facebook.com\/everton.fans.cz.sk","article_published_time":"2013-07-15T20:16:34+00:00","article_modified_time":"2019-03-14T21:43:37+00:00","og_image":[{"width":720,"height":405,"url":"https:\/\/evertonfc.cz\/wp-content\/uploads\/2019\/01\/blog.jpg","type":"image\/jpeg"}],"author":"Ri\u010di","twitter_card":"summary_large_image","twitter_creator":"@rbrejsa","twitter_misc":{"Napsal(a)":"Ri\u010di","Odhadovan\u00e1 doba \u010dten\u00ed":"5 minut"},"schema":{"@context":"https:\/\/schema.org","@graph":[{"@type":"Article","@id":"https:\/\/evertonfc.cz\/index.php\/2013\/07\/15\/der-ausflug-nach-wien\/#article","isPartOf":{"@id":"https:\/\/evertonfc.cz\/index.php\/2013\/07\/15\/der-ausflug-nach-wien\/"},"author":{"name":"Ri\u010di","@id":"https:\/\/evertonfc.cz\/#\/schema\/person\/f7a5daedb2ffee98480bc70e191aaef1"},"headline":"Der Ausflug nach Wien","datePublished":"2013-07-15T20:16:34+00:00","dateModified":"2019-03-14T21:43:37+00:00","mainEntityOfPage":{"@id":"https:\/\/evertonfc.cz\/index.php\/2013\/07\/15\/der-ausflug-nach-wien\/"},"wordCount":982,"commentCount":0,"publisher":{"@id":"https:\/\/evertonfc.cz\/#organization"},"image":{"@id":"https:\/\/evertonfc.cz\/index.php\/2013\/07\/15\/der-ausflug-nach-wien\/#primaryimage"},"thumbnailUrl":"https:\/\/evertonfc.cz\/wp-content\/uploads\/2019\/01\/blog.jpg","articleSection":["Blog","Supporters' Club"],"inLanguage":"cs","potentialAction":[{"@type":"CommentAction","name":"Comment","target":["https:\/\/evertonfc.cz\/index.php\/2013\/07\/15\/der-ausflug-nach-wien\/#respond"]}]},{"@type":"WebPage","@id":"https:\/\/evertonfc.cz\/index.php\/2013\/07\/15\/der-ausflug-nach-wien\/","url":"https:\/\/evertonfc.cz\/index.php\/2013\/07\/15\/der-ausflug-nach-wien\/","name":"Der Ausflug nach Wien - Official Czech &amp; Slovak Everton Supporters&#039; Club","isPartOf":{"@id":"https:\/\/evertonfc.cz\/#website"},"primaryImageOfPage":{"@id":"https:\/\/evertonfc.cz\/index.php\/2013\/07\/15\/der-ausflug-nach-wien\/#primaryimage"},"image":{"@id":"https:\/\/evertonfc.cz\/index.php\/2013\/07\/15\/der-ausflug-nach-wien\/#primaryimage"},"thumbnailUrl":"https:\/\/evertonfc.cz\/wp-content\/uploads\/2019\/01\/blog.jpg","datePublished":"2013-07-15T20:16:34+00:00","dateModified":"2019-03-14T21:43:37+00:00","breadcrumb":{"@id":"https:\/\/evertonfc.cz\/index.php\/2013\/07\/15\/der-ausflug-nach-wien\/#breadcrumb"},"inLanguage":"cs","potentialAction":[{"@type":"ReadAction","target":["https:\/\/evertonfc.cz\/index.php\/2013\/07\/15\/der-ausflug-nach-wien\/"]}]},{"@type":"ImageObject","inLanguage":"cs","@id":"https:\/\/evertonfc.cz\/index.php\/2013\/07\/15\/der-ausflug-nach-wien\/#primaryimage","url":"https:\/\/evertonfc.cz\/wp-content\/uploads\/2019\/01\/blog.jpg","contentUrl":"https:\/\/evertonfc.cz\/wp-content\/uploads\/2019\/01\/blog.jpg","width":720,"height":405},{"@type":"BreadcrumbList","@id":"https:\/\/evertonfc.cz\/index.php\/2013\/07\/15\/der-ausflug-nach-wien\/#breadcrumb","itemListElement":[{"@type":"ListItem","position":1,"name":"Home","item":"https:\/\/evertonfc.cz\/"},{"@type":"ListItem","position":2,"name":"Der Ausflug nach Wien"}]},{"@type":"WebSite","@id":"https:\/\/evertonfc.cz\/#website","url":"https:\/\/evertonfc.cz\/","name":"Official Czech &amp; Slovak Everton Supporters&#039; Club","description":"","publisher":{"@id":"https:\/\/evertonfc.cz\/#organization"},"potentialAction":[{"@type":"SearchAction","target":{"@type":"EntryPoint","urlTemplate":"https:\/\/evertonfc.cz\/?s={search_term_string}"},"query-input":{"@type":"PropertyValueSpecification","valueRequired":true,"valueName":"search_term_string"}}],"inLanguage":"cs"},{"@type":"Organization","@id":"https:\/\/evertonfc.cz\/#organization","name":"Official Czech & Slovak Everton Supporters' Club","url":"https:\/\/evertonfc.cz\/","logo":{"@type":"ImageObject","inLanguage":"cs","@id":"https:\/\/evertonfc.cz\/#\/schema\/logo\/image\/","url":"https:\/\/evertonfc.cz\/wp-content\/uploads\/2019\/05\/logo.png","contentUrl":"https:\/\/evertonfc.cz\/wp-content\/uploads\/2019\/05\/logo.png","width":112,"height":112,"caption":"Official Czech & Slovak Everton Supporters' Club"},"image":{"@id":"https:\/\/evertonfc.cz\/#\/schema\/logo\/image\/"},"sameAs":["https:\/\/www.facebook.com\/everton.fans.cz.sk"]},{"@type":"Person","@id":"https:\/\/evertonfc.cz\/#\/schema\/person\/f7a5daedb2ffee98480bc70e191aaef1","name":"Ri\u010di","sameAs":["https:\/\/x.com\/rbrejsa"],"url":"https:\/\/evertonfc.cz\/index.php\/author\/rici\/"}]}},"_links":{"self":[{"href":"https:\/\/evertonfc.cz\/index.php\/wp-json\/wp\/v2\/posts\/5343"}],"collection":[{"href":"https:\/\/evertonfc.cz\/index.php\/wp-json\/wp\/v2\/posts"}],"about":[{"href":"https:\/\/evertonfc.cz\/index.php\/wp-json\/wp\/v2\/types\/post"}],"author":[{"embeddable":true,"href":"https:\/\/evertonfc.cz\/index.php\/wp-json\/wp\/v2\/users\/6"}],"replies":[{"embeddable":true,"href":"https:\/\/evertonfc.cz\/index.php\/wp-json\/wp\/v2\/comments?post=5343"}],"version-history":[{"count":4,"href":"https:\/\/evertonfc.cz\/index.php\/wp-json\/wp\/v2\/posts\/5343\/revisions"}],"predecessor-version":[{"id":10992,"href":"https:\/\/evertonfc.cz\/index.php\/wp-json\/wp\/v2\/posts\/5343\/revisions\/10992"}],"wp:featuredmedia":[{"embeddable":true,"href":"https:\/\/evertonfc.cz\/index.php\/wp-json\/wp\/v2\/media\/1310"}],"wp:attachment":[{"href":"https:\/\/evertonfc.cz\/index.php\/wp-json\/wp\/v2\/media?parent=5343"}],"wp:term":[{"taxonomy":"category","embeddable":true,"href":"https:\/\/evertonfc.cz\/index.php\/wp-json\/wp\/v2\/categories?post=5343"},{"taxonomy":"post_tag","embeddable":true,"href":"https:\/\/evertonfc.cz\/index.php\/wp-json\/wp\/v2\/tags?post=5343"}],"curies":[{"name":"wp","href":"https:\/\/api.w.org\/{rel}","templated":true}]}}