{"id":5391,"date":"2013-05-10T22:41:14","date_gmt":"2013-05-10T20:41:14","guid":{"rendered":"http:\/\/evertonfc.cz\/?p=5391"},"modified":"2019-02-15T09:55:00","modified_gmt":"2019-02-15T08:55:00","slug":"hleda-se-manazer-zn-specha","status":"publish","type":"post","link":"https:\/\/evertonfc.cz\/index.php\/2013\/05\/10\/hleda-se-manazer-zn-specha\/","title":{"rendered":"Hled\u00e1 se mana\u017eer. Zn.: Sp\u011bch\u00e1"},"content":{"rendered":"<h4 id=\"NewsPostDetailSummary\">Konec Davida Moyese v Evertonu je u\u017e neodvratn\u00fd, a tak za\u010d\u00edn\u00e1 hled\u00e1n\u00ed nov\u00e9ho mana\u017eera. Liverpool Echo p\u0159isp\u011bchal se sv\u00fdmi sedmi kandid\u00e1ty.<\/h4>\n<div id=\"NewsPostDetailContent\">\n<h4><strong>Neil Lennon: 6\/1<\/strong><\/h4>\n<p>Lennonova presti\u017e vzrostla s postupem Celticu do leto\u0161n\u00edho osmifin\u00e1le Ligy mistr\u016f, v cest\u011b za p\u0159ekvapiv\u00fdm ta\u017een\u00edm dok\u00e1zal skotsk\u00fd mistr na dom\u00e1c\u00ed p\u016fd\u011b porazit i slavnou Barcelonu.<\/p>\n<p>Jedna\u010dty\u0159icetilet\u00fd Severn\u00ed Ir b\u011bhem hr\u00e1\u010dsk\u00e9 kari\u00e9ry reprezentoval svou zem p\u0159es 40x, na klubov\u00e9 sc\u00e9n\u011b p\u016fsobil v Anglii a Skotsku. \u0160est let hr\u00e1val za Crewe, dal\u0161\u00ed \u010dty\u0159i roky v Leicesteru, ne\u017e v roce 2007 p\u0159estoupil do Celticu, za kter\u00fd do roku 2007 nasko\u010dil do v\u00edce ne\u017e 250 z\u00e1pas\u016f.<\/p>\n<p>Do Celticu se vr\u00e1til v roce 2008 jako tren\u00e9r, o dva roky pozd\u011bji po odchodu Tonyho Mowbray usedl na m\u00edsto mana\u017eera, nejednalo se o trval\u00e9 anga\u017em\u00e1, jen o pozici caretakera, do konce sez\u00f3ny 2009\/10 toti\u017e zb\u00fdvalo p\u00e1r t\u00fddn\u016f. The Hoops v lize skon\u010dili druz\u00ed o bod za Rangers, vyhr\u00e1li Skotsk\u00fd poh\u00e1r, a tak si Lennon vyslou\u017eil trval\u00e9 anga\u017em\u00e1. O rok pozd\u011bji se na Celtic Parku u\u017e slavil ligov\u00fd triumf, v leto\u0161n\u00edm ro\u010dn\u00edku se potom poda\u0159ila obhajova. \u00dasp\u011b\u0161n\u00e1 sez\u00f3na byla nav\u00edc oko\u0159en\u011bna j\u00edzdou v Lize mistr\u016f.<\/p>\n<p>Lennon\u016fv horkokrevn\u00fd temperament mu p\u0159inesl v mana\u017eersk\u00e9 kari\u00e9\u0159e disciplin\u00e1rn\u00ed probl\u00e9my. Nejprve byl b\u011bhem sez\u00f3ny 2010\/11 potrest\u00e1n za nevhodn\u00e9 chov\u00e1n\u00ed z\u00e1kazem na \u0161est utk\u00e1n\u00ed, pozd\u011bji se trest zm\u00edrnil na \u010dty\u0159i st\u0159etnut\u00ed. Dal\u0161\u00ed \u010dty\u0159z\u00e1pasov\u00fd trest na sebe nenechal dlouho \u010dekat, v b\u0159eznu 2011 si ho vyslou\u017eil za poty\u010dku s kolegou Allym McCoistem z Rangers.<\/p>\n<h4><strong>Malky Mackay: 14\/1<\/strong><\/h4>\n<p>Novope\u010den\u00fd v\u00edt\u011bz Championship si pr\u00e1v\u011b u\u017e\u00edv\u00e1 pocit postupu do Premier League. Mackay s Cardiffem slav\u00ed, ani\u017e by p\u0159\u00edli\u0161 utr\u00e1cel. Za dva roky se mu poda\u0159ilo s Bluebirds splnit vyty\u010den\u00fd c\u00edl, mimo n\u011bj minul\u00fd rok do\u0161el do fin\u00e1le Ligov\u00e9ho poh\u00e1ru, v n\u011bm\u017e byl po t\u011bsn\u00e9m boji \u00fasp\u011b\u0161n\u011bj\u0161\u00ed Liverpool. Cardiff sahal po Premier League tak\u00e9 vloni, ztroskotal ale v Championship play-off.<\/p>\n<p>Jedna\u010dty\u0159icetilet\u00fd Skot aktivn\u011b obl\u00e9kal dres Queens Parku, Celticu, Norwiche. U Canaries pobyl \u0161est let, pot\u00e9 po \u0161tac\u00edch ve West Hamu a Watfordu zakon\u010dil kari\u00e9ru fotbalisty, osmkr\u00e1t se b\u011bhem n\u00ed pod\u00edval do reprezentace. V listopadu 2008 byl jmenov\u00e1n caretakerem ve Watfordu, odkou\u010doval p\u011bt kol, ne\u017e nastoupil Brendan Rodgers. Nyn\u011bj\u0161\u00ed lodivod LFC odstoupil v \u010dervnu 2009 a Mackay se stal jeho permanentn\u00edm n\u00e1stupcem.<\/p>\n<p>V roce 2011 ho vyplatil a p\u0159et\u00e1hl do sv\u00fdch slu\u017eeb Cardiff, Mackay podepsal t\u0159\u00edletou smlouvu. Minul\u00e9 l\u00e9to po n\u011bm prahnul Norwich, jen\u017ee nab\u00eddku kv\u016fli z\u00e1vazku k vel\u0161sk\u00e9mu klubu odm\u00edtl.<\/p>\n<h4><strong>Vitor Pereira: 7\/1<\/strong><\/h4>\n<p>\u010cern\u00fd kandid\u00e1t v dostiz\u00edch o mana\u017eera Evertonu, tak prezentuj\u00ed m\u00e9dia tren\u00e9ra Porta. V portugalsk\u00e9m t\u00fdmu za\u010d\u00ednal po boku Andreho Villase-Boase, po jeho odchodu na Ostrovy se chopil hlavn\u00ed taktovky a ve sv\u00e9 prvn\u00ed sez\u00f3n\u011b 2011\/12 z\u00edskal mistrovsk\u00fd titul.<\/p>\n<p>Pereira se \u0159ad\u00ed k mal\u00e9 skupin\u011b tren\u00e9r\u016f, kte\u0159\u00ed neprorazili jako hr\u00e1\u010di ve vrcholov\u00e9m fotbalu. V Portugalsku dos\u00e1hl \u00farovn\u011b region\u00e1ln\u00edch diviz\u00ed, a tak se v\u011bku 29 pln\u011b odevzdal tren\u00e9\u0159in\u011b. P\u0159es celky v ni\u017e\u0161\u00edch lig\u00e1ch (Sanjoanese, Espinho, Santa Clara) a ml\u00e1de\u017ee v Portu se vypracoval nejprve v pravou roku AVB, v sou\u010dasnosti mana\u017eera Tottenhamu, a pozd\u011bji a\u017e do role nejvy\u0161\u0161\u00ed.<\/p>\n<p>V leto\u0161n\u00ed sez\u00f3n\u011b Pereira se sv\u00fdm v\u00fdb\u011brem usiluje o obhajobu ligov\u00e9ho prim\u00e1tu, p\u0159ed koncem sout\u011b\u017ee t\u011bsn\u011b vede Benfica. Jen v evropsk\u00fdch poh\u00e1rech se Portu pod jeho veden\u00edm neda\u0159\u00ed, letos v Lize mistr\u016f vypadl ji\u017e v osmifin\u00e1le a ve stejn\u00e9 f\u00e1zi se porou\u010del z Evropsk\u00e9 ligy vloni.<\/p>\n<h4><strong>Duncan Ferguson: 16\/1<\/strong><\/h4>\n<p>Toto jm\u00e9no net\u0159eba Evertonians p\u0159\u00edli\u0161 p\u0159edstavovat, novodob\u00e1 legenda mo\u017en\u00e1 bude zase brzy zn\u00edt z chor\u00e1l\u016f na Goodison Parku. Ferguson nyn\u00ed pracuje v akademii Toffees pod taktovkou Kevina Sheedyho, ned\u00e1vno z\u00edskal tren\u00e9rskou licenci UEFA A a zva\u017euje roli mana\u017eera.<\/p>\n<p>P\u0159ed n\u011bkolika t\u00fddny se nechal sly\u0161et: <em>\u201ePom\u00e1h\u00e1m v akademii, zpo\u010d\u00e1tku jsem st\u0159\u00eddal n\u011bkolik v\u011bkov\u00fdch kategori\u00ed, ob\u010das m\u011bn\u00edm skupiny i te\u010f, hlavn\u011b se ov\u0161em aktu\u00e1ln\u011b zam\u011b\u0159uji na v\u00fdb\u011br U18, asistuji Kevinu Sheedymu. Pro\u0161el jsem tren\u00e9rsk\u00fdmi zkou\u0161kami UEFA, bude tak moct mana\u017eerovat. V sou\u010dasnosti postupuji kr\u016f\u010dek po kr\u016f\u010dku, moje zam\u011bstn\u00e1n\u00ed m\u011b bav\u00ed. Uvid\u00edme v budoucnu, kam a\u017e dojdu.\u201c<\/em><\/p>\n<p>Ferguson ukon\u010dil kari\u00e9ru fotbalisty v roce 2006 po \u0161esti letech podruh\u00e9 v Evertonu. V prvn\u00edm obdob\u00ed 1994 a\u017e 1998 vyhr\u00e1l s Toffees FA Cup.<\/p>\n<h4><strong>Michael Laudrup: 10\/1<\/strong><\/h4>\n<p>Laudrupovi sice kon\u010d\u00ed smlouva ve Swansea za \u010dtrn\u00e1ct m\u011bs\u00edc\u016f, jen\u017ee p\u0159edseda Huw Jenkis o D\u00e1nov\u011b odchodu nechce nic sly\u0161et. Laudrup\u016fv agent Bayram Tutumlu v\u010dera nav\u00edc r\u00e1zn\u011b prohl\u00e1sil: <em>\u201eMichael je ve Swansea velmi \u0161\u0165astn\u00fd. Nep\u0159em\u00fd\u0161l\u00edme o jin\u00fdch mo\u017enostech.<\/em><\/p>\n<p><em>\u201eLid\u00e9 ho \u010dasto zmi\u0148uj\u00ed v souvislosti s jin\u00fdmi kluby, proto\u017ee si vede dob\u0159e. Fanou\u0161ci Swansea se ale nemusej\u00ed strachovat, neodejde a bude tu v p\u0159\u00ed\u0161t\u00ed sez\u00f3n\u011b.\u201c<\/em><\/p>\n<p>B\u00fdval\u00fd player Barcelony a Realu Madrid za\u010dal tren\u00e9rskou kari\u00e9ru v d\u00e1nsk\u00e9m Brondby, za \u010dty\u0159i roky z\u00edskal titul a dvakr\u00e1t D\u00e1nsk\u00fd poh\u00e1r. N\u00e1sledovaly \u0161tace v Getafe, Spartaku Moskva a v \u010dervenci 2010 v Mallorce. Loni v l\u00e9t\u011b nahradil u Swansea Rodgerse a hned dovedl Vel\u0161any k prvn\u00ed historick\u00e9 trofeji, k prvenstv\u00ed v Ligov\u00e9m poh\u00e1ru.<\/p>\n<p>Laudrup D\u00e1nsko reprezentoval velmi d\u016fstojn\u011b, \u0161ikovn\u00fd z\u00e1lo\u017en\u00edk jako hr\u00e1\u010d vyhr\u00e1l ligov\u00fd titul s Ajaxem, Barcelonou, Realem Madrid a Juventusem. \u00a0Jeho vlast ho za skv\u011bl\u00e9 \u00fasp\u011bchy odm\u011bnila \u0158\u00e1dem Danneborg (vysok\u00e9 d\u00e1nsk\u00e9 st\u00e1tn\u00ed vyznamen\u00e1n\u00ed). Kdy\u017e v 36 letech skon\u010dil dr\u00e1hu fotbalisty, rychle se vrhnul do tren\u00e9rsk\u00e9ho sv\u011bta. Nejprve sb\u00edral zku\u0161enosti v d\u00e1nsk\u00e9 reprezentaci na Mistrovstv\u00ed sv\u011bta 2002 pod taktovkou Mortena Olsena.<\/p>\n<h4><strong>Phil Neville: 10\/1<\/strong><\/h4>\n<p>Neville po konci sez\u00f3ny opust\u00ed Everton, odm\u00edtl se st\u00e1t \u010dlenem tren\u00e9rsk\u00e9ho t\u00fdmu, chce si toti\u017e je\u0161t\u011b prodlou\u017eit hr\u00e1\u010dskou kari\u00e9ru. Pl\u00e1ny by ale zcela ur\u010dit\u011b p\u0159ekazil Bill Kenwright, kdyby p\u0159isp\u011bchal s nab\u00eddkou mana\u017eera EFC.<\/p>\n<p>\u0160estat\u0159icetilet\u00fd motiv\u00e1tor se netaj\u00ed ambicemi v budoucnu se pod\u00edlet na \u0159\u00edzen\u00ed mu\u017estva, v l\u00e9t\u011b si vyzkou\u0161\u00ed pr\u00e1ci asistenta Stuarta Pearce u anglick\u00e9 reprezentace U21.<\/p>\n<p>Phil Neville hr\u00e1l deset let za Manchester United, b\u011bhem t\u00e9to doby \u0161estkr\u00e1t zvedl nad hlavu titul pro ligov\u00e9ho mistra, t\u0159ikr\u00e1t trofej za FA Cup a jednou slavil v\u00fdhru v Lize mistr\u016f. V roce 2005 p\u0159estoupil za \u00a33,5m do Evertonu a brzy se za\u0159adil mezi nejd\u016fle\u017eit\u011bj\u0161\u00ed \u010dl\u00e1nky sestavy, a\u0165 u\u017e nastupoval v obran\u011b nebo z\u00e1loze. Od roku 2007 navl\u00e9k\u00e1 kapit\u00e1nskou p\u00e1sku.<\/p>\n<p>V reprezentaci Albionu zaznamenal 59 start\u016f.<\/p>\n<h4><strong>Roberto Mart\u00ednez: 6\/4<\/strong><\/h4>\n<p>Nej\u017ehav\u011bj\u0161\u00ed kandid\u00e1t na uvoln\u011bn\u00ed post po Davidu Moyesovi moment\u00e1ln\u011b nem\u00e1 \u010das na spekulace. O v\u00edkend jeho Wigan bude \u010delit Manchesteru City ve fin\u00e1le FA Cupu a Latics tak\u00e9 bojuj\u00ed o udr\u017een\u00ed v Premier League. V obou p\u0159\u00edpadech se nejedn\u00e1 o lehk\u00fd \u00fakol, Mart\u00ednez\u016fv celek ov\u0161em nen\u00ed radno podce\u0148ovat, Toffees by mohli vypr\u00e1v\u011bt.<\/p>\n<p>Dev\u011btat\u0159icetilet\u00fd \u0160pan\u011bl nastartoval kari\u00e9ru v Anglii v roce 1995, tehdy opustil rodn\u00e9 m\u011bsto Balaguer a ode\u0161el hr\u00e1t do Wiganu, za n\u011bho\u017e obl\u00e9kl dres v\u00edce ne\u017e 200x. Hr\u00e1\u010dskou stopu zanechal rovn\u011b\u017e ve Swansea, je\u017e ho v roce 2007 dosadila jako mana\u017eera. V prvn\u00ed sez\u00f3n\u011b Mart\u00ednez dovedl Swans k v\u00edt\u011bzstv\u00ed v League One. Kvalitn\u00ed v\u00fdsledky a atraktivn\u00ed p\u0159edv\u00e1d\u011bna hra mu zajistila p\u0159esun do Wiganu, psal se rok 2009. Prozat\u00edm Latics v elitn\u00ed lize dok\u00e1zal v\u017edy zachr\u00e1nit.<\/p>\n<\/div>\n","protected":false},"excerpt":{"rendered":"<p>Konec Davida Moyese v Evertonu je u\u017e neodvratn\u00fd, a tak za\u010d\u00edn\u00e1 hled\u00e1n\u00ed nov\u00e9ho mana\u017eera. Liverpool Echo p\u0159isp\u011bchal se sv\u00fdmi sedmi&hellip;<\/p>\n","protected":false},"author":6,"featured_media":1310,"comment_status":"open","ping_status":"closed","sticky":false,"template":"","format":"standard","meta":{"_eb_attr":"","_monsterinsights_skip_tracking":false,"_monsterinsights_sitenote_active":false,"_monsterinsights_sitenote_note":"","_monsterinsights_sitenote_category":0,"footnotes":""},"categories":[39],"tags":[],"yoast_head":"<!-- This site is optimized with the Yoast SEO plugin v23.4 - https:\/\/yoast.com\/wordpress\/plugins\/seo\/ -->\n<title>Hled\u00e1 se mana\u017eer. Zn.: Sp\u011bch\u00e1 - Official Czech &amp; Slovak Everton Supporters&#039; Club<\/title>\n<meta name=\"robots\" content=\"index, follow, max-snippet:-1, max-image-preview:large, max-video-preview:-1\" \/>\n<link rel=\"canonical\" href=\"https:\/\/evertonfc.cz\/index.php\/2013\/05\/10\/hleda-se-manazer-zn-specha\/\" \/>\n<meta property=\"og:locale\" content=\"cs_CZ\" \/>\n<meta property=\"og:type\" content=\"article\" \/>\n<meta property=\"og:title\" content=\"Hled\u00e1 se mana\u017eer. Zn.: Sp\u011bch\u00e1 - Official Czech &amp; Slovak Everton Supporters&#039; Club\" \/>\n<meta property=\"og:description\" content=\"Konec Davida Moyese v Evertonu je u\u017e neodvratn\u00fd, a tak za\u010d\u00edn\u00e1 hled\u00e1n\u00ed nov\u00e9ho mana\u017eera. Liverpool Echo p\u0159isp\u011bchal se sv\u00fdmi sedmi&hellip;\" \/>\n<meta property=\"og:url\" content=\"https:\/\/evertonfc.cz\/index.php\/2013\/05\/10\/hleda-se-manazer-zn-specha\/\" \/>\n<meta property=\"og:site_name\" content=\"Official Czech &amp; Slovak Everton Supporters&#039; Club\" \/>\n<meta property=\"article:publisher\" content=\"https:\/\/www.facebook.com\/everton.fans.cz.sk\" \/>\n<meta property=\"article:published_time\" content=\"2013-05-10T20:41:14+00:00\" \/>\n<meta property=\"article:modified_time\" content=\"2019-02-15T08:55:00+00:00\" \/>\n<meta property=\"og:image\" content=\"https:\/\/evertonfc.cz\/wp-content\/uploads\/2019\/01\/blog.jpg\" \/>\n\t<meta property=\"og:image:width\" content=\"720\" \/>\n\t<meta property=\"og:image:height\" content=\"405\" \/>\n\t<meta property=\"og:image:type\" content=\"image\/jpeg\" \/>\n<meta name=\"author\" content=\"Ri\u010di\" \/>\n<meta name=\"twitter:card\" content=\"summary_large_image\" \/>\n<meta name=\"twitter:creator\" content=\"@rbrejsa\" \/>\n<meta name=\"twitter:label1\" content=\"Napsal(a)\" \/>\n\t<meta name=\"twitter:data1\" content=\"Ri\u010di\" \/>\n\t<meta name=\"twitter:label2\" content=\"Odhadovan\u00e1 doba \u010dten\u00ed\" \/>\n\t<meta name=\"twitter:data2\" content=\"7 minut\" \/>\n<script type=\"application\/ld+json\" class=\"yoast-schema-graph\">{\"@context\":\"https:\/\/schema.org\",\"@graph\":[{\"@type\":\"Article\",\"@id\":\"https:\/\/evertonfc.cz\/index.php\/2013\/05\/10\/hleda-se-manazer-zn-specha\/#article\",\"isPartOf\":{\"@id\":\"https:\/\/evertonfc.cz\/index.php\/2013\/05\/10\/hleda-se-manazer-zn-specha\/\"},\"author\":{\"name\":\"Ri\u010di\",\"@id\":\"https:\/\/evertonfc.cz\/#\/schema\/person\/f7a5daedb2ffee98480bc70e191aaef1\"},\"headline\":\"Hled\u00e1 se mana\u017eer. Zn.: Sp\u011bch\u00e1\",\"datePublished\":\"2013-05-10T20:41:14+00:00\",\"dateModified\":\"2019-02-15T08:55:00+00:00\",\"mainEntityOfPage\":{\"@id\":\"https:\/\/evertonfc.cz\/index.php\/2013\/05\/10\/hleda-se-manazer-zn-specha\/\"},\"wordCount\":1421,\"commentCount\":0,\"publisher\":{\"@id\":\"https:\/\/evertonfc.cz\/#organization\"},\"image\":{\"@id\":\"https:\/\/evertonfc.cz\/index.php\/2013\/05\/10\/hleda-se-manazer-zn-specha\/#primaryimage\"},\"thumbnailUrl\":\"https:\/\/evertonfc.cz\/wp-content\/uploads\/2019\/01\/blog.jpg\",\"articleSection\":[\"Blog\"],\"inLanguage\":\"cs\",\"potentialAction\":[{\"@type\":\"CommentAction\",\"name\":\"Comment\",\"target\":[\"https:\/\/evertonfc.cz\/index.php\/2013\/05\/10\/hleda-se-manazer-zn-specha\/#respond\"]}]},{\"@type\":\"WebPage\",\"@id\":\"https:\/\/evertonfc.cz\/index.php\/2013\/05\/10\/hleda-se-manazer-zn-specha\/\",\"url\":\"https:\/\/evertonfc.cz\/index.php\/2013\/05\/10\/hleda-se-manazer-zn-specha\/\",\"name\":\"Hled\u00e1 se mana\u017eer. Zn.: Sp\u011bch\u00e1 - Official Czech &amp; Slovak Everton Supporters&#039; Club\",\"isPartOf\":{\"@id\":\"https:\/\/evertonfc.cz\/#website\"},\"primaryImageOfPage\":{\"@id\":\"https:\/\/evertonfc.cz\/index.php\/2013\/05\/10\/hleda-se-manazer-zn-specha\/#primaryimage\"},\"image\":{\"@id\":\"https:\/\/evertonfc.cz\/index.php\/2013\/05\/10\/hleda-se-manazer-zn-specha\/#primaryimage\"},\"thumbnailUrl\":\"https:\/\/evertonfc.cz\/wp-content\/uploads\/2019\/01\/blog.jpg\",\"datePublished\":\"2013-05-10T20:41:14+00:00\",\"dateModified\":\"2019-02-15T08:55:00+00:00\",\"breadcrumb\":{\"@id\":\"https:\/\/evertonfc.cz\/index.php\/2013\/05\/10\/hleda-se-manazer-zn-specha\/#breadcrumb\"},\"inLanguage\":\"cs\",\"potentialAction\":[{\"@type\":\"ReadAction\",\"target\":[\"https:\/\/evertonfc.cz\/index.php\/2013\/05\/10\/hleda-se-manazer-zn-specha\/\"]}]},{\"@type\":\"ImageObject\",\"inLanguage\":\"cs\",\"@id\":\"https:\/\/evertonfc.cz\/index.php\/2013\/05\/10\/hleda-se-manazer-zn-specha\/#primaryimage\",\"url\":\"https:\/\/evertonfc.cz\/wp-content\/uploads\/2019\/01\/blog.jpg\",\"contentUrl\":\"https:\/\/evertonfc.cz\/wp-content\/uploads\/2019\/01\/blog.jpg\",\"width\":720,\"height\":405},{\"@type\":\"BreadcrumbList\",\"@id\":\"https:\/\/evertonfc.cz\/index.php\/2013\/05\/10\/hleda-se-manazer-zn-specha\/#breadcrumb\",\"itemListElement\":[{\"@type\":\"ListItem\",\"position\":1,\"name\":\"Home\",\"item\":\"https:\/\/evertonfc.cz\/\"},{\"@type\":\"ListItem\",\"position\":2,\"name\":\"Hled\u00e1 se mana\u017eer. Zn.: Sp\u011bch\u00e1\"}]},{\"@type\":\"WebSite\",\"@id\":\"https:\/\/evertonfc.cz\/#website\",\"url\":\"https:\/\/evertonfc.cz\/\",\"name\":\"Official Czech &amp; Slovak Everton Supporters&#039; Club\",\"description\":\"\",\"publisher\":{\"@id\":\"https:\/\/evertonfc.cz\/#organization\"},\"potentialAction\":[{\"@type\":\"SearchAction\",\"target\":{\"@type\":\"EntryPoint\",\"urlTemplate\":\"https:\/\/evertonfc.cz\/?s={search_term_string}\"},\"query-input\":{\"@type\":\"PropertyValueSpecification\",\"valueRequired\":true,\"valueName\":\"search_term_string\"}}],\"inLanguage\":\"cs\"},{\"@type\":\"Organization\",\"@id\":\"https:\/\/evertonfc.cz\/#organization\",\"name\":\"Official Czech & Slovak Everton Supporters' Club\",\"url\":\"https:\/\/evertonfc.cz\/\",\"logo\":{\"@type\":\"ImageObject\",\"inLanguage\":\"cs\",\"@id\":\"https:\/\/evertonfc.cz\/#\/schema\/logo\/image\/\",\"url\":\"https:\/\/evertonfc.cz\/wp-content\/uploads\/2019\/05\/logo.png\",\"contentUrl\":\"https:\/\/evertonfc.cz\/wp-content\/uploads\/2019\/05\/logo.png\",\"width\":112,\"height\":112,\"caption\":\"Official Czech & Slovak Everton Supporters' Club\"},\"image\":{\"@id\":\"https:\/\/evertonfc.cz\/#\/schema\/logo\/image\/\"},\"sameAs\":[\"https:\/\/www.facebook.com\/everton.fans.cz.sk\"]},{\"@type\":\"Person\",\"@id\":\"https:\/\/evertonfc.cz\/#\/schema\/person\/f7a5daedb2ffee98480bc70e191aaef1\",\"name\":\"Ri\u010di\",\"sameAs\":[\"https:\/\/x.com\/rbrejsa\"],\"url\":\"https:\/\/evertonfc.cz\/index.php\/author\/rici\/\"}]}<\/script>\n<!-- \/ Yoast SEO plugin. -->","yoast_head_json":{"title":"Hled\u00e1 se mana\u017eer. Zn.: Sp\u011bch\u00e1 - Official Czech &amp; Slovak Everton Supporters&#039; Club","robots":{"index":"index","follow":"follow","max-snippet":"max-snippet:-1","max-image-preview":"max-image-preview:large","max-video-preview":"max-video-preview:-1"},"canonical":"https:\/\/evertonfc.cz\/index.php\/2013\/05\/10\/hleda-se-manazer-zn-specha\/","og_locale":"cs_CZ","og_type":"article","og_title":"Hled\u00e1 se mana\u017eer. Zn.: Sp\u011bch\u00e1 - Official Czech &amp; Slovak Everton Supporters&#039; Club","og_description":"Konec Davida Moyese v Evertonu je u\u017e neodvratn\u00fd, a tak za\u010d\u00edn\u00e1 hled\u00e1n\u00ed nov\u00e9ho mana\u017eera. Liverpool Echo p\u0159isp\u011bchal se sv\u00fdmi sedmi&hellip;","og_url":"https:\/\/evertonfc.cz\/index.php\/2013\/05\/10\/hleda-se-manazer-zn-specha\/","og_site_name":"Official Czech &amp; Slovak Everton Supporters&#039; Club","article_publisher":"https:\/\/www.facebook.com\/everton.fans.cz.sk","article_published_time":"2013-05-10T20:41:14+00:00","article_modified_time":"2019-02-15T08:55:00+00:00","og_image":[{"width":720,"height":405,"url":"https:\/\/evertonfc.cz\/wp-content\/uploads\/2019\/01\/blog.jpg","type":"image\/jpeg"}],"author":"Ri\u010di","twitter_card":"summary_large_image","twitter_creator":"@rbrejsa","twitter_misc":{"Napsal(a)":"Ri\u010di","Odhadovan\u00e1 doba \u010dten\u00ed":"7 minut"},"schema":{"@context":"https:\/\/schema.org","@graph":[{"@type":"Article","@id":"https:\/\/evertonfc.cz\/index.php\/2013\/05\/10\/hleda-se-manazer-zn-specha\/#article","isPartOf":{"@id":"https:\/\/evertonfc.cz\/index.php\/2013\/05\/10\/hleda-se-manazer-zn-specha\/"},"author":{"name":"Ri\u010di","@id":"https:\/\/evertonfc.cz\/#\/schema\/person\/f7a5daedb2ffee98480bc70e191aaef1"},"headline":"Hled\u00e1 se mana\u017eer. Zn.: Sp\u011bch\u00e1","datePublished":"2013-05-10T20:41:14+00:00","dateModified":"2019-02-15T08:55:00+00:00","mainEntityOfPage":{"@id":"https:\/\/evertonfc.cz\/index.php\/2013\/05\/10\/hleda-se-manazer-zn-specha\/"},"wordCount":1421,"commentCount":0,"publisher":{"@id":"https:\/\/evertonfc.cz\/#organization"},"image":{"@id":"https:\/\/evertonfc.cz\/index.php\/2013\/05\/10\/hleda-se-manazer-zn-specha\/#primaryimage"},"thumbnailUrl":"https:\/\/evertonfc.cz\/wp-content\/uploads\/2019\/01\/blog.jpg","articleSection":["Blog"],"inLanguage":"cs","potentialAction":[{"@type":"CommentAction","name":"Comment","target":["https:\/\/evertonfc.cz\/index.php\/2013\/05\/10\/hleda-se-manazer-zn-specha\/#respond"]}]},{"@type":"WebPage","@id":"https:\/\/evertonfc.cz\/index.php\/2013\/05\/10\/hleda-se-manazer-zn-specha\/","url":"https:\/\/evertonfc.cz\/index.php\/2013\/05\/10\/hleda-se-manazer-zn-specha\/","name":"Hled\u00e1 se mana\u017eer. Zn.: Sp\u011bch\u00e1 - Official Czech &amp; Slovak Everton Supporters&#039; Club","isPartOf":{"@id":"https:\/\/evertonfc.cz\/#website"},"primaryImageOfPage":{"@id":"https:\/\/evertonfc.cz\/index.php\/2013\/05\/10\/hleda-se-manazer-zn-specha\/#primaryimage"},"image":{"@id":"https:\/\/evertonfc.cz\/index.php\/2013\/05\/10\/hleda-se-manazer-zn-specha\/#primaryimage"},"thumbnailUrl":"https:\/\/evertonfc.cz\/wp-content\/uploads\/2019\/01\/blog.jpg","datePublished":"2013-05-10T20:41:14+00:00","dateModified":"2019-02-15T08:55:00+00:00","breadcrumb":{"@id":"https:\/\/evertonfc.cz\/index.php\/2013\/05\/10\/hleda-se-manazer-zn-specha\/#breadcrumb"},"inLanguage":"cs","potentialAction":[{"@type":"ReadAction","target":["https:\/\/evertonfc.cz\/index.php\/2013\/05\/10\/hleda-se-manazer-zn-specha\/"]}]},{"@type":"ImageObject","inLanguage":"cs","@id":"https:\/\/evertonfc.cz\/index.php\/2013\/05\/10\/hleda-se-manazer-zn-specha\/#primaryimage","url":"https:\/\/evertonfc.cz\/wp-content\/uploads\/2019\/01\/blog.jpg","contentUrl":"https:\/\/evertonfc.cz\/wp-content\/uploads\/2019\/01\/blog.jpg","width":720,"height":405},{"@type":"BreadcrumbList","@id":"https:\/\/evertonfc.cz\/index.php\/2013\/05\/10\/hleda-se-manazer-zn-specha\/#breadcrumb","itemListElement":[{"@type":"ListItem","position":1,"name":"Home","item":"https:\/\/evertonfc.cz\/"},{"@type":"ListItem","position":2,"name":"Hled\u00e1 se mana\u017eer. Zn.: Sp\u011bch\u00e1"}]},{"@type":"WebSite","@id":"https:\/\/evertonfc.cz\/#website","url":"https:\/\/evertonfc.cz\/","name":"Official Czech &amp; Slovak Everton Supporters&#039; Club","description":"","publisher":{"@id":"https:\/\/evertonfc.cz\/#organization"},"potentialAction":[{"@type":"SearchAction","target":{"@type":"EntryPoint","urlTemplate":"https:\/\/evertonfc.cz\/?s={search_term_string}"},"query-input":{"@type":"PropertyValueSpecification","valueRequired":true,"valueName":"search_term_string"}}],"inLanguage":"cs"},{"@type":"Organization","@id":"https:\/\/evertonfc.cz\/#organization","name":"Official Czech & Slovak Everton Supporters' Club","url":"https:\/\/evertonfc.cz\/","logo":{"@type":"ImageObject","inLanguage":"cs","@id":"https:\/\/evertonfc.cz\/#\/schema\/logo\/image\/","url":"https:\/\/evertonfc.cz\/wp-content\/uploads\/2019\/05\/logo.png","contentUrl":"https:\/\/evertonfc.cz\/wp-content\/uploads\/2019\/05\/logo.png","width":112,"height":112,"caption":"Official Czech & Slovak Everton Supporters' Club"},"image":{"@id":"https:\/\/evertonfc.cz\/#\/schema\/logo\/image\/"},"sameAs":["https:\/\/www.facebook.com\/everton.fans.cz.sk"]},{"@type":"Person","@id":"https:\/\/evertonfc.cz\/#\/schema\/person\/f7a5daedb2ffee98480bc70e191aaef1","name":"Ri\u010di","sameAs":["https:\/\/x.com\/rbrejsa"],"url":"https:\/\/evertonfc.cz\/index.php\/author\/rici\/"}]}},"_links":{"self":[{"href":"https:\/\/evertonfc.cz\/index.php\/wp-json\/wp\/v2\/posts\/5391"}],"collection":[{"href":"https:\/\/evertonfc.cz\/index.php\/wp-json\/wp\/v2\/posts"}],"about":[{"href":"https:\/\/evertonfc.cz\/index.php\/wp-json\/wp\/v2\/types\/post"}],"author":[{"embeddable":true,"href":"https:\/\/evertonfc.cz\/index.php\/wp-json\/wp\/v2\/users\/6"}],"replies":[{"embeddable":true,"href":"https:\/\/evertonfc.cz\/index.php\/wp-json\/wp\/v2\/comments?post=5391"}],"version-history":[{"count":3,"href":"https:\/\/evertonfc.cz\/index.php\/wp-json\/wp\/v2\/posts\/5391\/revisions"}],"predecessor-version":[{"id":5590,"href":"https:\/\/evertonfc.cz\/index.php\/wp-json\/wp\/v2\/posts\/5391\/revisions\/5590"}],"wp:featuredmedia":[{"embeddable":true,"href":"https:\/\/evertonfc.cz\/index.php\/wp-json\/wp\/v2\/media\/1310"}],"wp:attachment":[{"href":"https:\/\/evertonfc.cz\/index.php\/wp-json\/wp\/v2\/media?parent=5391"}],"wp:term":[{"taxonomy":"category","embeddable":true,"href":"https:\/\/evertonfc.cz\/index.php\/wp-json\/wp\/v2\/categories?post=5391"},{"taxonomy":"post_tag","embeddable":true,"href":"https:\/\/evertonfc.cz\/index.php\/wp-json\/wp\/v2\/tags?post=5391"}],"curies":[{"name":"wp","href":"https:\/\/api.w.org\/{rel}","templated":true}]}}