{"id":5393,"date":"2013-05-10T22:42:23","date_gmt":"2013-05-10T20:42:23","guid":{"rendered":"http:\/\/evertonfc.cz\/?p=5393"},"modified":"2019-02-15T10:03:36","modified_gmt":"2019-02-15T09:03:36","slug":"fergusona-nahradi-moyes","status":"publish","type":"post","link":"https:\/\/evertonfc.cz\/index.php\/2013\/05\/10\/fergusona-nahradi-moyes\/","title":{"rendered":"Fergusona nahrad\u00ed Moyes"},"content":{"rendered":"<h4 id=\"NewsPostDetailSummary\">Ofici\u00e1ln\u011b potvrzeno! David Moyes se stal nov\u00fdm mana\u017eerem Manchesteru United, kter\u00fd povede od n\u00e1sleduj\u00edc\u00ed sezony.<\/h4>\n<div id=\"NewsPostDetailContent\">\n<p>V\u010derej\u0161\u00ed \u0161okuj\u00edc\u00ed informace o konci Alexe Fergusona na lavi\u010dce Manchesteru United rozproudily spekulace o mo\u017en\u00e9m n\u00e1stupci. Hork\u00fdm favoritem byl od po\u010d\u00e1tku mana\u017eer Toffees David Moyes, kter\u00e9mu v Goodison Parku po sezon\u011b kon\u010d\u00ed smlouva.<\/p>\n<p>Skotsk\u00fd mana\u017eer p\u016fsob\u00ed na lavi\u010dce Evertonu od roku 2002 a po sezon\u011b mu vypr\u0161\u00ed st\u00e1vaj\u00edc\u00ed kontrakt, na co\u017e zareagoval pro Skysports i p\u0159edseda klubu Bill Kenwright. <em>\u201eDavid\u016fm kontrakt za \u0161est t\u00fddn\u016f vypr\u0161\u00ed a m\u00e1 pln\u00e9 pr\u00e1vo se svou budoucnost\u00ed nalo\u017eit, jak uzn\u00e1 za vhodn\u00e9. V klubu toho dok\u00e1zal spoustu.\u201c <\/em><\/p>\n<p>Hodn\u011b se prop\u00edralo tak\u00e9 jm\u00e9no Joseho Mourinha, kter\u00fd vyj\u00e1d\u0159il p\u0159\u00e1n\u00ed vr\u00e1tit se na Ostrovy. Podle v\u00fdkonn\u00e9ho \u0159editele United Davida Gilla je p\u0159\u00edle\u017eitost v\u00e9st Red Devils pro ka\u017ed\u00e9ho mana\u017eera velkou v\u00fdzvou. <em>\u201eJe to snov\u00e1 pr\u00e1ce. Nov\u00fd mana\u017eer zd\u011bd\u00ed skv\u011bl\u00fd t\u00fdm a bude sou\u010d\u00e1st\u00ed skv\u011ble funguj\u00edc\u00edho klubu. Bude pod tlakem kv\u016fli trofej\u00edm, ale bude m\u00edt tak\u00e9 podporu cel\u00e9ho klubu.\u201c <\/em><\/p>\n<p>Samotn\u00fd liverpoolsk\u00fd klub potvrdil, \u017ee po t\u00e9to sezon\u011b Moyes klub opust\u00ed. Bylo jen ot\u00e1zkou \u010dasu, ne\u017e bude p\u0159edstaven tentokr\u00e1t ve m\u011bst\u011b rival\u016f z Manchesteru. Av\u0161ak po dlouh\u00e9 dob\u011b na \u010derven\u00e9 stran\u011b.<\/p>\n<p><em>\u201eEverton m\u016f\u017ee potvrdit, \u017ee David Moyes po sezon\u011b klub opust\u00ed. Mana\u017eer se v\u010dera se\u0161el s Billem Kenwrightem a vyj\u00e1d\u0159il touhu kou\u010dovat Manchester United. V\u0161ichni v klubu by r\u00e1di pod\u011bkovali Davidovi za skv\u011blou pr\u00e1ci, kterou zde od roku 2002 p\u0159edv\u00e1d\u011bl. Byl to skv\u011bl\u00fd mana\u017eer. B\u011bhem sv\u00e9 vl\u00e1dy vedl k Everton k v\u00edce ne\u017e 500 z\u00e1pas\u016fm. N\u00e1hradu za\u010d\u00edneme hledat ihned,\u201c<\/em> zn\u00ed v ofici\u00e1ln\u00edm prohl\u00e1\u0161en\u00ed.<\/p>\n<p>Ihned se za\u010dalo spekulovat tak\u00e9 o n\u00e1hrad\u011b Moyese v Evertonu. Nejv\u011bt\u0161\u00edm favoritem je podle m\u00e9di\u00ed mana\u017eer Wiganu Roberto Mart\u00ednez, dal\u0161\u00edm kandid\u00e1tem by m\u011bl b\u00fdt nap\u0159\u00edklad Michael Laudrup. Mo\u017enost se otv\u00edr\u00e1 nap\u0159\u00edklad tak\u00e9 pro Marka Hughese. <em>\u201eNic nen\u00ed hotovo, ale kdy\u017e mana\u017eer odejde, naskytne se tak \u0161ance pro n\u011bkoho nov\u00e9ho, hlavn\u011b pro ty, kte\u0159\u00ed jsou bez pr\u00e1ce. Tak\u017ee tedy i pro m\u011b. Everton je skv\u011bl\u00fd, m\u011bl jsem to \u0161t\u011bst\u00ed za n\u011bj hr\u00e1t. U\u017e\u00edval jsem si to tam. Je to \u0161ance pro ka\u017ed\u00e9ho, j\u00e1 bych se r\u00e1d do Premier League vr\u00e1til.\u201c<\/em><\/p>\n<\/div>\n","protected":false},"excerpt":{"rendered":"<p>Ofici\u00e1ln\u011b potvrzeno! David Moyes se stal nov\u00fdm mana\u017eerem Manchesteru United, kter\u00fd povede od n\u00e1sleduj\u00edc\u00ed sezony. V\u010derej\u0161\u00ed \u0161okuj\u00edc\u00ed informace o konci&hellip;<\/p>\n","protected":false},"author":8,"featured_media":1313,"comment_status":"open","ping_status":"closed","sticky":false,"template":"","format":"standard","meta":{"_eb_attr":"","_monsterinsights_skip_tracking":false,"_monsterinsights_sitenote_active":false,"_monsterinsights_sitenote_note":"","_monsterinsights_sitenote_category":0,"footnotes":""},"categories":[42],"tags":[],"yoast_head":"<!-- This site is optimized with the Yoast SEO plugin v23.4 - https:\/\/yoast.com\/wordpress\/plugins\/seo\/ -->\n<title>Fergusona nahrad\u00ed Moyes - Official Czech &amp; Slovak Everton Supporters&#039; Club<\/title>\n<meta name=\"robots\" content=\"index, follow, max-snippet:-1, max-image-preview:large, max-video-preview:-1\" \/>\n<link rel=\"canonical\" href=\"https:\/\/evertonfc.cz\/index.php\/2013\/05\/10\/fergusona-nahradi-moyes\/\" \/>\n<meta property=\"og:locale\" content=\"cs_CZ\" \/>\n<meta property=\"og:type\" content=\"article\" \/>\n<meta property=\"og:title\" content=\"Fergusona nahrad\u00ed Moyes - Official Czech &amp; Slovak Everton Supporters&#039; Club\" \/>\n<meta property=\"og:description\" content=\"Ofici\u00e1ln\u011b potvrzeno! David Moyes se stal nov\u00fdm mana\u017eerem Manchesteru United, kter\u00fd povede od n\u00e1sleduj\u00edc\u00ed sezony. V\u010derej\u0161\u00ed \u0161okuj\u00edc\u00ed informace o konci&hellip;\" \/>\n<meta property=\"og:url\" content=\"https:\/\/evertonfc.cz\/index.php\/2013\/05\/10\/fergusona-nahradi-moyes\/\" \/>\n<meta property=\"og:site_name\" content=\"Official Czech &amp; Slovak Everton Supporters&#039; Club\" \/>\n<meta property=\"article:publisher\" content=\"https:\/\/www.facebook.com\/everton.fans.cz.sk\" \/>\n<meta property=\"article:published_time\" content=\"2013-05-10T20:42:23+00:00\" \/>\n<meta property=\"article:modified_time\" content=\"2019-02-15T09:03:36+00:00\" \/>\n<meta property=\"og:image\" content=\"https:\/\/evertonfc.cz\/wp-content\/uploads\/2019\/01\/news.jpg\" \/>\n\t<meta property=\"og:image:width\" content=\"720\" \/>\n\t<meta property=\"og:image:height\" content=\"405\" \/>\n\t<meta property=\"og:image:type\" content=\"image\/jpeg\" \/>\n<meta name=\"author\" content=\"premierleague.cz\" \/>\n<meta name=\"twitter:card\" content=\"summary_large_image\" \/>\n<meta name=\"twitter:label1\" content=\"Napsal(a)\" \/>\n\t<meta name=\"twitter:data1\" content=\"premierleague.cz\" \/>\n\t<meta name=\"twitter:label2\" content=\"Odhadovan\u00e1 doba \u010dten\u00ed\" \/>\n\t<meta name=\"twitter:data2\" content=\"2 minuty\" \/>\n<script type=\"application\/ld+json\" class=\"yoast-schema-graph\">{\"@context\":\"https:\/\/schema.org\",\"@graph\":[{\"@type\":\"Article\",\"@id\":\"https:\/\/evertonfc.cz\/index.php\/2013\/05\/10\/fergusona-nahradi-moyes\/#article\",\"isPartOf\":{\"@id\":\"https:\/\/evertonfc.cz\/index.php\/2013\/05\/10\/fergusona-nahradi-moyes\/\"},\"author\":{\"name\":\"premierleague.cz\",\"@id\":\"https:\/\/evertonfc.cz\/#\/schema\/person\/0690e24296ea1918886ee0f6a0b7c1ef\"},\"headline\":\"Fergusona nahrad\u00ed Moyes\",\"datePublished\":\"2013-05-10T20:42:23+00:00\",\"dateModified\":\"2019-02-15T09:03:36+00:00\",\"mainEntityOfPage\":{\"@id\":\"https:\/\/evertonfc.cz\/index.php\/2013\/05\/10\/fergusona-nahradi-moyes\/\"},\"wordCount\":453,\"commentCount\":0,\"publisher\":{\"@id\":\"https:\/\/evertonfc.cz\/#organization\"},\"image\":{\"@id\":\"https:\/\/evertonfc.cz\/index.php\/2013\/05\/10\/fergusona-nahradi-moyes\/#primaryimage\"},\"thumbnailUrl\":\"https:\/\/evertonfc.cz\/wp-content\/uploads\/2019\/01\/news.jpg\",\"articleSection\":[\"Aktuality\"],\"inLanguage\":\"cs\",\"potentialAction\":[{\"@type\":\"CommentAction\",\"name\":\"Comment\",\"target\":[\"https:\/\/evertonfc.cz\/index.php\/2013\/05\/10\/fergusona-nahradi-moyes\/#respond\"]}]},{\"@type\":\"WebPage\",\"@id\":\"https:\/\/evertonfc.cz\/index.php\/2013\/05\/10\/fergusona-nahradi-moyes\/\",\"url\":\"https:\/\/evertonfc.cz\/index.php\/2013\/05\/10\/fergusona-nahradi-moyes\/\",\"name\":\"Fergusona nahrad\u00ed Moyes - Official Czech &amp; Slovak Everton Supporters&#039; Club\",\"isPartOf\":{\"@id\":\"https:\/\/evertonfc.cz\/#website\"},\"primaryImageOfPage\":{\"@id\":\"https:\/\/evertonfc.cz\/index.php\/2013\/05\/10\/fergusona-nahradi-moyes\/#primaryimage\"},\"image\":{\"@id\":\"https:\/\/evertonfc.cz\/index.php\/2013\/05\/10\/fergusona-nahradi-moyes\/#primaryimage\"},\"thumbnailUrl\":\"https:\/\/evertonfc.cz\/wp-content\/uploads\/2019\/01\/news.jpg\",\"datePublished\":\"2013-05-10T20:42:23+00:00\",\"dateModified\":\"2019-02-15T09:03:36+00:00\",\"breadcrumb\":{\"@id\":\"https:\/\/evertonfc.cz\/index.php\/2013\/05\/10\/fergusona-nahradi-moyes\/#breadcrumb\"},\"inLanguage\":\"cs\",\"potentialAction\":[{\"@type\":\"ReadAction\",\"target\":[\"https:\/\/evertonfc.cz\/index.php\/2013\/05\/10\/fergusona-nahradi-moyes\/\"]}]},{\"@type\":\"ImageObject\",\"inLanguage\":\"cs\",\"@id\":\"https:\/\/evertonfc.cz\/index.php\/2013\/05\/10\/fergusona-nahradi-moyes\/#primaryimage\",\"url\":\"https:\/\/evertonfc.cz\/wp-content\/uploads\/2019\/01\/news.jpg\",\"contentUrl\":\"https:\/\/evertonfc.cz\/wp-content\/uploads\/2019\/01\/news.jpg\",\"width\":720,\"height\":405},{\"@type\":\"BreadcrumbList\",\"@id\":\"https:\/\/evertonfc.cz\/index.php\/2013\/05\/10\/fergusona-nahradi-moyes\/#breadcrumb\",\"itemListElement\":[{\"@type\":\"ListItem\",\"position\":1,\"name\":\"Home\",\"item\":\"https:\/\/evertonfc.cz\/\"},{\"@type\":\"ListItem\",\"position\":2,\"name\":\"Fergusona nahrad\u00ed Moyes\"}]},{\"@type\":\"WebSite\",\"@id\":\"https:\/\/evertonfc.cz\/#website\",\"url\":\"https:\/\/evertonfc.cz\/\",\"name\":\"Official Czech &amp; Slovak Everton Supporters&#039; Club\",\"description\":\"\",\"publisher\":{\"@id\":\"https:\/\/evertonfc.cz\/#organization\"},\"potentialAction\":[{\"@type\":\"SearchAction\",\"target\":{\"@type\":\"EntryPoint\",\"urlTemplate\":\"https:\/\/evertonfc.cz\/?s={search_term_string}\"},\"query-input\":{\"@type\":\"PropertyValueSpecification\",\"valueRequired\":true,\"valueName\":\"search_term_string\"}}],\"inLanguage\":\"cs\"},{\"@type\":\"Organization\",\"@id\":\"https:\/\/evertonfc.cz\/#organization\",\"name\":\"Official Czech & Slovak Everton Supporters' Club\",\"url\":\"https:\/\/evertonfc.cz\/\",\"logo\":{\"@type\":\"ImageObject\",\"inLanguage\":\"cs\",\"@id\":\"https:\/\/evertonfc.cz\/#\/schema\/logo\/image\/\",\"url\":\"https:\/\/evertonfc.cz\/wp-content\/uploads\/2019\/05\/logo.png\",\"contentUrl\":\"https:\/\/evertonfc.cz\/wp-content\/uploads\/2019\/05\/logo.png\",\"width\":112,\"height\":112,\"caption\":\"Official Czech & Slovak Everton Supporters' Club\"},\"image\":{\"@id\":\"https:\/\/evertonfc.cz\/#\/schema\/logo\/image\/\"},\"sameAs\":[\"https:\/\/www.facebook.com\/everton.fans.cz.sk\"]},{\"@type\":\"Person\",\"@id\":\"https:\/\/evertonfc.cz\/#\/schema\/person\/0690e24296ea1918886ee0f6a0b7c1ef\",\"name\":\"premierleague.cz\",\"url\":\"https:\/\/evertonfc.cz\/index.php\/author\/premierleague\/\"}]}<\/script>\n<!-- \/ Yoast SEO plugin. -->","yoast_head_json":{"title":"Fergusona nahrad\u00ed Moyes - Official Czech &amp; Slovak Everton Supporters&#039; Club","robots":{"index":"index","follow":"follow","max-snippet":"max-snippet:-1","max-image-preview":"max-image-preview:large","max-video-preview":"max-video-preview:-1"},"canonical":"https:\/\/evertonfc.cz\/index.php\/2013\/05\/10\/fergusona-nahradi-moyes\/","og_locale":"cs_CZ","og_type":"article","og_title":"Fergusona nahrad\u00ed Moyes - Official Czech &amp; Slovak Everton Supporters&#039; Club","og_description":"Ofici\u00e1ln\u011b potvrzeno! David Moyes se stal nov\u00fdm mana\u017eerem Manchesteru United, kter\u00fd povede od n\u00e1sleduj\u00edc\u00ed sezony. V\u010derej\u0161\u00ed \u0161okuj\u00edc\u00ed informace o konci&hellip;","og_url":"https:\/\/evertonfc.cz\/index.php\/2013\/05\/10\/fergusona-nahradi-moyes\/","og_site_name":"Official Czech &amp; Slovak Everton Supporters&#039; Club","article_publisher":"https:\/\/www.facebook.com\/everton.fans.cz.sk","article_published_time":"2013-05-10T20:42:23+00:00","article_modified_time":"2019-02-15T09:03:36+00:00","og_image":[{"width":720,"height":405,"url":"https:\/\/evertonfc.cz\/wp-content\/uploads\/2019\/01\/news.jpg","type":"image\/jpeg"}],"author":"premierleague.cz","twitter_card":"summary_large_image","twitter_misc":{"Napsal(a)":"premierleague.cz","Odhadovan\u00e1 doba \u010dten\u00ed":"2 minuty"},"schema":{"@context":"https:\/\/schema.org","@graph":[{"@type":"Article","@id":"https:\/\/evertonfc.cz\/index.php\/2013\/05\/10\/fergusona-nahradi-moyes\/#article","isPartOf":{"@id":"https:\/\/evertonfc.cz\/index.php\/2013\/05\/10\/fergusona-nahradi-moyes\/"},"author":{"name":"premierleague.cz","@id":"https:\/\/evertonfc.cz\/#\/schema\/person\/0690e24296ea1918886ee0f6a0b7c1ef"},"headline":"Fergusona nahrad\u00ed Moyes","datePublished":"2013-05-10T20:42:23+00:00","dateModified":"2019-02-15T09:03:36+00:00","mainEntityOfPage":{"@id":"https:\/\/evertonfc.cz\/index.php\/2013\/05\/10\/fergusona-nahradi-moyes\/"},"wordCount":453,"commentCount":0,"publisher":{"@id":"https:\/\/evertonfc.cz\/#organization"},"image":{"@id":"https:\/\/evertonfc.cz\/index.php\/2013\/05\/10\/fergusona-nahradi-moyes\/#primaryimage"},"thumbnailUrl":"https:\/\/evertonfc.cz\/wp-content\/uploads\/2019\/01\/news.jpg","articleSection":["Aktuality"],"inLanguage":"cs","potentialAction":[{"@type":"CommentAction","name":"Comment","target":["https:\/\/evertonfc.cz\/index.php\/2013\/05\/10\/fergusona-nahradi-moyes\/#respond"]}]},{"@type":"WebPage","@id":"https:\/\/evertonfc.cz\/index.php\/2013\/05\/10\/fergusona-nahradi-moyes\/","url":"https:\/\/evertonfc.cz\/index.php\/2013\/05\/10\/fergusona-nahradi-moyes\/","name":"Fergusona nahrad\u00ed Moyes - Official Czech &amp; Slovak Everton Supporters&#039; Club","isPartOf":{"@id":"https:\/\/evertonfc.cz\/#website"},"primaryImageOfPage":{"@id":"https:\/\/evertonfc.cz\/index.php\/2013\/05\/10\/fergusona-nahradi-moyes\/#primaryimage"},"image":{"@id":"https:\/\/evertonfc.cz\/index.php\/2013\/05\/10\/fergusona-nahradi-moyes\/#primaryimage"},"thumbnailUrl":"https:\/\/evertonfc.cz\/wp-content\/uploads\/2019\/01\/news.jpg","datePublished":"2013-05-10T20:42:23+00:00","dateModified":"2019-02-15T09:03:36+00:00","breadcrumb":{"@id":"https:\/\/evertonfc.cz\/index.php\/2013\/05\/10\/fergusona-nahradi-moyes\/#breadcrumb"},"inLanguage":"cs","potentialAction":[{"@type":"ReadAction","target":["https:\/\/evertonfc.cz\/index.php\/2013\/05\/10\/fergusona-nahradi-moyes\/"]}]},{"@type":"ImageObject","inLanguage":"cs","@id":"https:\/\/evertonfc.cz\/index.php\/2013\/05\/10\/fergusona-nahradi-moyes\/#primaryimage","url":"https:\/\/evertonfc.cz\/wp-content\/uploads\/2019\/01\/news.jpg","contentUrl":"https:\/\/evertonfc.cz\/wp-content\/uploads\/2019\/01\/news.jpg","width":720,"height":405},{"@type":"BreadcrumbList","@id":"https:\/\/evertonfc.cz\/index.php\/2013\/05\/10\/fergusona-nahradi-moyes\/#breadcrumb","itemListElement":[{"@type":"ListItem","position":1,"name":"Home","item":"https:\/\/evertonfc.cz\/"},{"@type":"ListItem","position":2,"name":"Fergusona nahrad\u00ed Moyes"}]},{"@type":"WebSite","@id":"https:\/\/evertonfc.cz\/#website","url":"https:\/\/evertonfc.cz\/","name":"Official Czech &amp; Slovak Everton Supporters&#039; Club","description":"","publisher":{"@id":"https:\/\/evertonfc.cz\/#organization"},"potentialAction":[{"@type":"SearchAction","target":{"@type":"EntryPoint","urlTemplate":"https:\/\/evertonfc.cz\/?s={search_term_string}"},"query-input":{"@type":"PropertyValueSpecification","valueRequired":true,"valueName":"search_term_string"}}],"inLanguage":"cs"},{"@type":"Organization","@id":"https:\/\/evertonfc.cz\/#organization","name":"Official Czech & Slovak Everton Supporters' Club","url":"https:\/\/evertonfc.cz\/","logo":{"@type":"ImageObject","inLanguage":"cs","@id":"https:\/\/evertonfc.cz\/#\/schema\/logo\/image\/","url":"https:\/\/evertonfc.cz\/wp-content\/uploads\/2019\/05\/logo.png","contentUrl":"https:\/\/evertonfc.cz\/wp-content\/uploads\/2019\/05\/logo.png","width":112,"height":112,"caption":"Official Czech & Slovak Everton Supporters' Club"},"image":{"@id":"https:\/\/evertonfc.cz\/#\/schema\/logo\/image\/"},"sameAs":["https:\/\/www.facebook.com\/everton.fans.cz.sk"]},{"@type":"Person","@id":"https:\/\/evertonfc.cz\/#\/schema\/person\/0690e24296ea1918886ee0f6a0b7c1ef","name":"premierleague.cz","url":"https:\/\/evertonfc.cz\/index.php\/author\/premierleague\/"}]}},"_links":{"self":[{"href":"https:\/\/evertonfc.cz\/index.php\/wp-json\/wp\/v2\/posts\/5393"}],"collection":[{"href":"https:\/\/evertonfc.cz\/index.php\/wp-json\/wp\/v2\/posts"}],"about":[{"href":"https:\/\/evertonfc.cz\/index.php\/wp-json\/wp\/v2\/types\/post"}],"author":[{"embeddable":true,"href":"https:\/\/evertonfc.cz\/index.php\/wp-json\/wp\/v2\/users\/8"}],"replies":[{"embeddable":true,"href":"https:\/\/evertonfc.cz\/index.php\/wp-json\/wp\/v2\/comments?post=5393"}],"version-history":[{"count":2,"href":"https:\/\/evertonfc.cz\/index.php\/wp-json\/wp\/v2\/posts\/5393\/revisions"}],"predecessor-version":[{"id":5588,"href":"https:\/\/evertonfc.cz\/index.php\/wp-json\/wp\/v2\/posts\/5393\/revisions\/5588"}],"wp:featuredmedia":[{"embeddable":true,"href":"https:\/\/evertonfc.cz\/index.php\/wp-json\/wp\/v2\/media\/1313"}],"wp:attachment":[{"href":"https:\/\/evertonfc.cz\/index.php\/wp-json\/wp\/v2\/media?parent=5393"}],"wp:term":[{"taxonomy":"category","embeddable":true,"href":"https:\/\/evertonfc.cz\/index.php\/wp-json\/wp\/v2\/categories?post=5393"},{"taxonomy":"post_tag","embeddable":true,"href":"https:\/\/evertonfc.cz\/index.php\/wp-json\/wp\/v2\/tags?post=5393"}],"curies":[{"name":"wp","href":"https:\/\/api.w.org\/{rel}","templated":true}]}}