{"id":5419,"date":"2013-04-12T23:02:49","date_gmt":"2013-04-12T21:02:49","guid":{"rendered":"http:\/\/evertonfc.cz\/?p=5419"},"modified":"2019-02-15T10:35:05","modified_gmt":"2019-02-15T09:35:05","slug":"novym-kapitanem-bude-jagielka","status":"publish","type":"post","link":"https:\/\/evertonfc.cz\/index.php\/2013\/04\/12\/novym-kapitanem-bude-jagielka\/","title":{"rendered":"Nov\u00fdm kapit\u00e1nem bude Jagielka"},"content":{"rendered":"<h4 id=\"NewsPostDetailSummary\">Po sezon\u011b se s Evertonem rozlou\u010d\u00ed dlouholet\u00fd kapit\u00e1n Phil Neville a o jeho n\u00e1stupci m\u00e1 David Moyes ji\u017e jasno. P\u00e1sku bude podle o\u010dek\u00e1v\u00e1n\u00ed nosit Phil Jagielka.<\/h4>\n<div id=\"NewsPostDetailContent\">\n<p>Neville, kter\u00fd po skon\u010den\u00ed sezony Goodison Park po osmi letech opust\u00ed, d\u011blal Toffees kapit\u00e1na od ledna 2007. Hled\u00e1n\u00ed nov\u00e9ho l\u00eddra ov\u0161em dlouho netrvalo. Podle Davida Moyese bude od p\u0159\u00ed\u0161t\u00ed sezony nov\u00fdm kapit\u00e1nem Phil Jagielka, kter\u00fd Nevilla ve funkci zastupuje v p\u0159\u00edpad\u011b jeho absence.<\/p>\n<p><em>&#8222;Kdy\u017e Phil nehraje, je to Jagsova role a od nov\u00e9 sezony ji bude plnit trvale,&#8220;<\/em> potvrzuje Moyes. <em>\u201eVypracoval se ve \u0161pi\u010dkov\u00e9ho st\u0159edn\u00edho obr\u00e1nce, jeho v\u00fdkony jsou vynikaj\u00edc\u00ed. Mus\u00ed od Phila odkoukat, jak se chov\u00e1 na h\u0159i\u0161ti a za\u0159\u00eddit, aby v\u0161echno prob\u00edhalo v po\u0159\u00e1dku. Pokud to Jags dok\u00e1\u017ee, \u010dek\u00e1 n\u00e1s doufejme dal\u0161\u00ed obdob\u00ed \u00fasp\u011bchu s \u00fasp\u011b\u0161n\u00fdm kapit\u00e1nem. Jags si to za svoje v\u00fdkony zaslou\u017e\u00ed, ale Phila nebude jednoduch\u00e9 nahradit. Byl to skv\u011bl\u00fd kapit\u00e1n i mimo h\u0159i\u0161t\u011b, t\u00fdm je u n\u011bj poka\u017ed\u00e9 na prvn\u00edm m\u00edst\u011b.\u201c<\/em><\/p>\n<p>Podle Moyese \u0161estat\u0159icetilet\u00fd odchovanec Manchesteru United dokonce p\u0159ed\u010dil o\u010dek\u00e1v\u00e1n\u00ed, kter\u00e9 v dob\u011b jeho p\u0159\u00edchodu v l\u00e9t\u011b 2005, mana\u017eer m\u011bl. Mo\u017en\u00e1 i proto si Moyes s Nevillem vypracovali sk\u00e1lopevn\u00fd pracovn\u00ed vztah, zalo\u017een\u00fd na tvrd\u00e9 pr\u00e1ci, spolehlivosti a p\u0159\u00edkladn\u00e9m p\u0159\u00edstupu. Nen\u00ed tedy divu, \u017ee Neville byl vlastn\u011b prodlou\u017eenou Moyesovou rukou na h\u0159i\u0161ti.<\/p>\n<p><em>\u201eRozhodn\u011b je velkou sou\u010d\u00e1st\u00ed progresu, kter\u00fd jsme u\u010dinili. Tehdy jsme pot\u0159ebovali rozd\u00edln\u00fd typ hr\u00e1\u010de a mysl\u00edm, \u017ee Phil p\u0159ekonal to, co jsme si mysleli. Mohl hr\u00e1t krajn\u00edho obr\u00e1nce nebo z\u00e1lo\u017en\u00edka a to n\u00e1m dalo p\u0159\u00edle\u017eitosti ke v\u0161estrannosti. Je to jeden z t\u011bch p\u0159edn\u00edch hr\u00e1\u010d\u016f jako byl Tim Cahill a nyn\u00ed Leighton Baines a Phil Jagielka, kte\u0159\u00ed jsou tu dlouhou dobu.<\/em><\/p>\n<p><em>Od t\u00e9 doby co tu je, \u0159\u00edk\u00e1 a d\u011bl\u00e1 jen spr\u00e1vn\u00e9 v\u011bci. Moc lid\u00ed ani nevid\u00ed pr\u00e1ci, kterou odv\u00e1d\u00ed v pozad\u00ed. V budoucnu na n\u011bj ur\u010dit\u011b \u010dek\u00e1 pr\u00e1ce v managamentu nebo tr\u00e9nov\u00e1n\u00ed.\u201c<\/em><\/p>\n<\/div>\n","protected":false},"excerpt":{"rendered":"<p>Po sezon\u011b se s Evertonem rozlou\u010d\u00ed dlouholet\u00fd kapit\u00e1n Phil Neville a o jeho n\u00e1stupci m\u00e1 David Moyes ji\u017e jasno. P\u00e1sku&hellip;<\/p>\n","protected":false},"author":7,"featured_media":1313,"comment_status":"open","ping_status":"closed","sticky":false,"template":"","format":"standard","meta":{"_eb_attr":"","_monsterinsights_skip_tracking":false,"_monsterinsights_sitenote_active":false,"_monsterinsights_sitenote_note":"","_monsterinsights_sitenote_category":0,"footnotes":""},"categories":[42],"tags":[],"yoast_head":"<!-- This site is optimized with the Yoast SEO plugin v23.4 - https:\/\/yoast.com\/wordpress\/plugins\/seo\/ -->\n<title>Nov\u00fdm kapit\u00e1nem bude Jagielka - Official Czech &amp; Slovak Everton Supporters&#039; Club<\/title>\n<meta name=\"robots\" content=\"index, follow, max-snippet:-1, max-image-preview:large, max-video-preview:-1\" \/>\n<link rel=\"canonical\" href=\"https:\/\/evertonfc.cz\/index.php\/2013\/04\/12\/novym-kapitanem-bude-jagielka\/\" \/>\n<meta property=\"og:locale\" content=\"cs_CZ\" \/>\n<meta property=\"og:type\" content=\"article\" \/>\n<meta property=\"og:title\" content=\"Nov\u00fdm kapit\u00e1nem bude Jagielka - Official Czech &amp; Slovak Everton Supporters&#039; Club\" \/>\n<meta property=\"og:description\" content=\"Po sezon\u011b se s Evertonem rozlou\u010d\u00ed dlouholet\u00fd kapit\u00e1n Phil Neville a o jeho n\u00e1stupci m\u00e1 David Moyes ji\u017e jasno. P\u00e1sku&hellip;\" \/>\n<meta property=\"og:url\" content=\"https:\/\/evertonfc.cz\/index.php\/2013\/04\/12\/novym-kapitanem-bude-jagielka\/\" \/>\n<meta property=\"og:site_name\" content=\"Official Czech &amp; Slovak Everton Supporters&#039; Club\" \/>\n<meta property=\"article:publisher\" content=\"https:\/\/www.facebook.com\/everton.fans.cz.sk\" \/>\n<meta property=\"article:published_time\" content=\"2013-04-12T21:02:49+00:00\" \/>\n<meta property=\"article:modified_time\" content=\"2019-02-15T09:35:05+00:00\" \/>\n<meta property=\"og:image\" content=\"https:\/\/evertonfc.cz\/wp-content\/uploads\/2019\/01\/news.jpg\" \/>\n\t<meta property=\"og:image:width\" content=\"720\" \/>\n\t<meta property=\"og:image:height\" content=\"405\" \/>\n\t<meta property=\"og:image:type\" content=\"image\/jpeg\" \/>\n<meta name=\"author\" content=\"Me\u0148a\" \/>\n<meta name=\"twitter:card\" content=\"summary_large_image\" \/>\n<meta name=\"twitter:label1\" content=\"Napsal(a)\" \/>\n\t<meta name=\"twitter:data1\" content=\"Me\u0148a\" \/>\n\t<meta name=\"twitter:label2\" content=\"Odhadovan\u00e1 doba \u010dten\u00ed\" \/>\n\t<meta name=\"twitter:data2\" content=\"2 minuty\" \/>\n<script type=\"application\/ld+json\" class=\"yoast-schema-graph\">{\"@context\":\"https:\/\/schema.org\",\"@graph\":[{\"@type\":\"Article\",\"@id\":\"https:\/\/evertonfc.cz\/index.php\/2013\/04\/12\/novym-kapitanem-bude-jagielka\/#article\",\"isPartOf\":{\"@id\":\"https:\/\/evertonfc.cz\/index.php\/2013\/04\/12\/novym-kapitanem-bude-jagielka\/\"},\"author\":{\"name\":\"Me\u0148a\",\"@id\":\"https:\/\/evertonfc.cz\/#\/schema\/person\/cd6328a75577de2add7793fd4b0930c3\"},\"headline\":\"Nov\u00fdm kapit\u00e1nem bude Jagielka\",\"datePublished\":\"2013-04-12T21:02:49+00:00\",\"dateModified\":\"2019-02-15T09:35:05+00:00\",\"mainEntityOfPage\":{\"@id\":\"https:\/\/evertonfc.cz\/index.php\/2013\/04\/12\/novym-kapitanem-bude-jagielka\/\"},\"wordCount\":394,\"commentCount\":0,\"publisher\":{\"@id\":\"https:\/\/evertonfc.cz\/#organization\"},\"image\":{\"@id\":\"https:\/\/evertonfc.cz\/index.php\/2013\/04\/12\/novym-kapitanem-bude-jagielka\/#primaryimage\"},\"thumbnailUrl\":\"https:\/\/evertonfc.cz\/wp-content\/uploads\/2019\/01\/news.jpg\",\"articleSection\":[\"Aktuality\"],\"inLanguage\":\"cs\",\"potentialAction\":[{\"@type\":\"CommentAction\",\"name\":\"Comment\",\"target\":[\"https:\/\/evertonfc.cz\/index.php\/2013\/04\/12\/novym-kapitanem-bude-jagielka\/#respond\"]}]},{\"@type\":\"WebPage\",\"@id\":\"https:\/\/evertonfc.cz\/index.php\/2013\/04\/12\/novym-kapitanem-bude-jagielka\/\",\"url\":\"https:\/\/evertonfc.cz\/index.php\/2013\/04\/12\/novym-kapitanem-bude-jagielka\/\",\"name\":\"Nov\u00fdm kapit\u00e1nem bude Jagielka - Official Czech &amp; Slovak Everton Supporters&#039; Club\",\"isPartOf\":{\"@id\":\"https:\/\/evertonfc.cz\/#website\"},\"primaryImageOfPage\":{\"@id\":\"https:\/\/evertonfc.cz\/index.php\/2013\/04\/12\/novym-kapitanem-bude-jagielka\/#primaryimage\"},\"image\":{\"@id\":\"https:\/\/evertonfc.cz\/index.php\/2013\/04\/12\/novym-kapitanem-bude-jagielka\/#primaryimage\"},\"thumbnailUrl\":\"https:\/\/evertonfc.cz\/wp-content\/uploads\/2019\/01\/news.jpg\",\"datePublished\":\"2013-04-12T21:02:49+00:00\",\"dateModified\":\"2019-02-15T09:35:05+00:00\",\"breadcrumb\":{\"@id\":\"https:\/\/evertonfc.cz\/index.php\/2013\/04\/12\/novym-kapitanem-bude-jagielka\/#breadcrumb\"},\"inLanguage\":\"cs\",\"potentialAction\":[{\"@type\":\"ReadAction\",\"target\":[\"https:\/\/evertonfc.cz\/index.php\/2013\/04\/12\/novym-kapitanem-bude-jagielka\/\"]}]},{\"@type\":\"ImageObject\",\"inLanguage\":\"cs\",\"@id\":\"https:\/\/evertonfc.cz\/index.php\/2013\/04\/12\/novym-kapitanem-bude-jagielka\/#primaryimage\",\"url\":\"https:\/\/evertonfc.cz\/wp-content\/uploads\/2019\/01\/news.jpg\",\"contentUrl\":\"https:\/\/evertonfc.cz\/wp-content\/uploads\/2019\/01\/news.jpg\",\"width\":720,\"height\":405},{\"@type\":\"BreadcrumbList\",\"@id\":\"https:\/\/evertonfc.cz\/index.php\/2013\/04\/12\/novym-kapitanem-bude-jagielka\/#breadcrumb\",\"itemListElement\":[{\"@type\":\"ListItem\",\"position\":1,\"name\":\"Home\",\"item\":\"https:\/\/evertonfc.cz\/\"},{\"@type\":\"ListItem\",\"position\":2,\"name\":\"Nov\u00fdm kapit\u00e1nem bude Jagielka\"}]},{\"@type\":\"WebSite\",\"@id\":\"https:\/\/evertonfc.cz\/#website\",\"url\":\"https:\/\/evertonfc.cz\/\",\"name\":\"Official Czech &amp; Slovak Everton Supporters&#039; Club\",\"description\":\"\",\"publisher\":{\"@id\":\"https:\/\/evertonfc.cz\/#organization\"},\"potentialAction\":[{\"@type\":\"SearchAction\",\"target\":{\"@type\":\"EntryPoint\",\"urlTemplate\":\"https:\/\/evertonfc.cz\/?s={search_term_string}\"},\"query-input\":{\"@type\":\"PropertyValueSpecification\",\"valueRequired\":true,\"valueName\":\"search_term_string\"}}],\"inLanguage\":\"cs\"},{\"@type\":\"Organization\",\"@id\":\"https:\/\/evertonfc.cz\/#organization\",\"name\":\"Official Czech & Slovak Everton Supporters' Club\",\"url\":\"https:\/\/evertonfc.cz\/\",\"logo\":{\"@type\":\"ImageObject\",\"inLanguage\":\"cs\",\"@id\":\"https:\/\/evertonfc.cz\/#\/schema\/logo\/image\/\",\"url\":\"https:\/\/evertonfc.cz\/wp-content\/uploads\/2019\/05\/logo.png\",\"contentUrl\":\"https:\/\/evertonfc.cz\/wp-content\/uploads\/2019\/05\/logo.png\",\"width\":112,\"height\":112,\"caption\":\"Official Czech & Slovak Everton Supporters' Club\"},\"image\":{\"@id\":\"https:\/\/evertonfc.cz\/#\/schema\/logo\/image\/\"},\"sameAs\":[\"https:\/\/www.facebook.com\/everton.fans.cz.sk\"]},{\"@type\":\"Person\",\"@id\":\"https:\/\/evertonfc.cz\/#\/schema\/person\/cd6328a75577de2add7793fd4b0930c3\",\"name\":\"Me\u0148a\",\"url\":\"https:\/\/evertonfc.cz\/index.php\/author\/mena\/\"}]}<\/script>\n<!-- \/ Yoast SEO plugin. -->","yoast_head_json":{"title":"Nov\u00fdm kapit\u00e1nem bude Jagielka - Official Czech &amp; Slovak Everton Supporters&#039; Club","robots":{"index":"index","follow":"follow","max-snippet":"max-snippet:-1","max-image-preview":"max-image-preview:large","max-video-preview":"max-video-preview:-1"},"canonical":"https:\/\/evertonfc.cz\/index.php\/2013\/04\/12\/novym-kapitanem-bude-jagielka\/","og_locale":"cs_CZ","og_type":"article","og_title":"Nov\u00fdm kapit\u00e1nem bude Jagielka - Official Czech &amp; Slovak Everton Supporters&#039; Club","og_description":"Po sezon\u011b se s Evertonem rozlou\u010d\u00ed dlouholet\u00fd kapit\u00e1n Phil Neville a o jeho n\u00e1stupci m\u00e1 David Moyes ji\u017e jasno. P\u00e1sku&hellip;","og_url":"https:\/\/evertonfc.cz\/index.php\/2013\/04\/12\/novym-kapitanem-bude-jagielka\/","og_site_name":"Official Czech &amp; Slovak Everton Supporters&#039; Club","article_publisher":"https:\/\/www.facebook.com\/everton.fans.cz.sk","article_published_time":"2013-04-12T21:02:49+00:00","article_modified_time":"2019-02-15T09:35:05+00:00","og_image":[{"width":720,"height":405,"url":"https:\/\/evertonfc.cz\/wp-content\/uploads\/2019\/01\/news.jpg","type":"image\/jpeg"}],"author":"Me\u0148a","twitter_card":"summary_large_image","twitter_misc":{"Napsal(a)":"Me\u0148a","Odhadovan\u00e1 doba \u010dten\u00ed":"2 minuty"},"schema":{"@context":"https:\/\/schema.org","@graph":[{"@type":"Article","@id":"https:\/\/evertonfc.cz\/index.php\/2013\/04\/12\/novym-kapitanem-bude-jagielka\/#article","isPartOf":{"@id":"https:\/\/evertonfc.cz\/index.php\/2013\/04\/12\/novym-kapitanem-bude-jagielka\/"},"author":{"name":"Me\u0148a","@id":"https:\/\/evertonfc.cz\/#\/schema\/person\/cd6328a75577de2add7793fd4b0930c3"},"headline":"Nov\u00fdm kapit\u00e1nem bude Jagielka","datePublished":"2013-04-12T21:02:49+00:00","dateModified":"2019-02-15T09:35:05+00:00","mainEntityOfPage":{"@id":"https:\/\/evertonfc.cz\/index.php\/2013\/04\/12\/novym-kapitanem-bude-jagielka\/"},"wordCount":394,"commentCount":0,"publisher":{"@id":"https:\/\/evertonfc.cz\/#organization"},"image":{"@id":"https:\/\/evertonfc.cz\/index.php\/2013\/04\/12\/novym-kapitanem-bude-jagielka\/#primaryimage"},"thumbnailUrl":"https:\/\/evertonfc.cz\/wp-content\/uploads\/2019\/01\/news.jpg","articleSection":["Aktuality"],"inLanguage":"cs","potentialAction":[{"@type":"CommentAction","name":"Comment","target":["https:\/\/evertonfc.cz\/index.php\/2013\/04\/12\/novym-kapitanem-bude-jagielka\/#respond"]}]},{"@type":"WebPage","@id":"https:\/\/evertonfc.cz\/index.php\/2013\/04\/12\/novym-kapitanem-bude-jagielka\/","url":"https:\/\/evertonfc.cz\/index.php\/2013\/04\/12\/novym-kapitanem-bude-jagielka\/","name":"Nov\u00fdm kapit\u00e1nem bude Jagielka - Official Czech &amp; Slovak Everton Supporters&#039; Club","isPartOf":{"@id":"https:\/\/evertonfc.cz\/#website"},"primaryImageOfPage":{"@id":"https:\/\/evertonfc.cz\/index.php\/2013\/04\/12\/novym-kapitanem-bude-jagielka\/#primaryimage"},"image":{"@id":"https:\/\/evertonfc.cz\/index.php\/2013\/04\/12\/novym-kapitanem-bude-jagielka\/#primaryimage"},"thumbnailUrl":"https:\/\/evertonfc.cz\/wp-content\/uploads\/2019\/01\/news.jpg","datePublished":"2013-04-12T21:02:49+00:00","dateModified":"2019-02-15T09:35:05+00:00","breadcrumb":{"@id":"https:\/\/evertonfc.cz\/index.php\/2013\/04\/12\/novym-kapitanem-bude-jagielka\/#breadcrumb"},"inLanguage":"cs","potentialAction":[{"@type":"ReadAction","target":["https:\/\/evertonfc.cz\/index.php\/2013\/04\/12\/novym-kapitanem-bude-jagielka\/"]}]},{"@type":"ImageObject","inLanguage":"cs","@id":"https:\/\/evertonfc.cz\/index.php\/2013\/04\/12\/novym-kapitanem-bude-jagielka\/#primaryimage","url":"https:\/\/evertonfc.cz\/wp-content\/uploads\/2019\/01\/news.jpg","contentUrl":"https:\/\/evertonfc.cz\/wp-content\/uploads\/2019\/01\/news.jpg","width":720,"height":405},{"@type":"BreadcrumbList","@id":"https:\/\/evertonfc.cz\/index.php\/2013\/04\/12\/novym-kapitanem-bude-jagielka\/#breadcrumb","itemListElement":[{"@type":"ListItem","position":1,"name":"Home","item":"https:\/\/evertonfc.cz\/"},{"@type":"ListItem","position":2,"name":"Nov\u00fdm kapit\u00e1nem bude Jagielka"}]},{"@type":"WebSite","@id":"https:\/\/evertonfc.cz\/#website","url":"https:\/\/evertonfc.cz\/","name":"Official Czech &amp; Slovak Everton Supporters&#039; Club","description":"","publisher":{"@id":"https:\/\/evertonfc.cz\/#organization"},"potentialAction":[{"@type":"SearchAction","target":{"@type":"EntryPoint","urlTemplate":"https:\/\/evertonfc.cz\/?s={search_term_string}"},"query-input":{"@type":"PropertyValueSpecification","valueRequired":true,"valueName":"search_term_string"}}],"inLanguage":"cs"},{"@type":"Organization","@id":"https:\/\/evertonfc.cz\/#organization","name":"Official Czech & Slovak Everton Supporters' Club","url":"https:\/\/evertonfc.cz\/","logo":{"@type":"ImageObject","inLanguage":"cs","@id":"https:\/\/evertonfc.cz\/#\/schema\/logo\/image\/","url":"https:\/\/evertonfc.cz\/wp-content\/uploads\/2019\/05\/logo.png","contentUrl":"https:\/\/evertonfc.cz\/wp-content\/uploads\/2019\/05\/logo.png","width":112,"height":112,"caption":"Official Czech & Slovak Everton Supporters' Club"},"image":{"@id":"https:\/\/evertonfc.cz\/#\/schema\/logo\/image\/"},"sameAs":["https:\/\/www.facebook.com\/everton.fans.cz.sk"]},{"@type":"Person","@id":"https:\/\/evertonfc.cz\/#\/schema\/person\/cd6328a75577de2add7793fd4b0930c3","name":"Me\u0148a","url":"https:\/\/evertonfc.cz\/index.php\/author\/mena\/"}]}},"_links":{"self":[{"href":"https:\/\/evertonfc.cz\/index.php\/wp-json\/wp\/v2\/posts\/5419"}],"collection":[{"href":"https:\/\/evertonfc.cz\/index.php\/wp-json\/wp\/v2\/posts"}],"about":[{"href":"https:\/\/evertonfc.cz\/index.php\/wp-json\/wp\/v2\/types\/post"}],"author":[{"embeddable":true,"href":"https:\/\/evertonfc.cz\/index.php\/wp-json\/wp\/v2\/users\/7"}],"replies":[{"embeddable":true,"href":"https:\/\/evertonfc.cz\/index.php\/wp-json\/wp\/v2\/comments?post=5419"}],"version-history":[{"count":3,"href":"https:\/\/evertonfc.cz\/index.php\/wp-json\/wp\/v2\/posts\/5419\/revisions"}],"predecessor-version":[{"id":5607,"href":"https:\/\/evertonfc.cz\/index.php\/wp-json\/wp\/v2\/posts\/5419\/revisions\/5607"}],"wp:featuredmedia":[{"embeddable":true,"href":"https:\/\/evertonfc.cz\/index.php\/wp-json\/wp\/v2\/media\/1313"}],"wp:attachment":[{"href":"https:\/\/evertonfc.cz\/index.php\/wp-json\/wp\/v2\/media?parent=5419"}],"wp:term":[{"taxonomy":"category","embeddable":true,"href":"https:\/\/evertonfc.cz\/index.php\/wp-json\/wp\/v2\/categories?post=5419"},{"taxonomy":"post_tag","embeddable":true,"href":"https:\/\/evertonfc.cz\/index.php\/wp-json\/wp\/v2\/tags?post=5419"}],"curies":[{"name":"wp","href":"https:\/\/api.w.org\/{rel}","templated":true}]}}