{"id":5423,"date":"2013-04-09T23:04:32","date_gmt":"2013-04-09T21:04:32","guid":{"rendered":"http:\/\/evertonfc.cz\/?p=5423"},"modified":"2019-02-15T10:35:50","modified_gmt":"2019-02-15T09:35:50","slug":"po-sezone-odejde-kapitan","status":"publish","type":"post","link":"https:\/\/evertonfc.cz\/index.php\/2013\/04\/09\/po-sezone-odejde-kapitan\/","title":{"rendered":"Po sez\u00f3n\u011b odejde kapit\u00e1n"},"content":{"rendered":"<h4 id=\"NewsPostDetailSummary\">Phil Neville dnes potvrdil, o \u010dem se ji\u017e del\u0161\u00ed dobu spekulovalo. Sv\u016fj kontrakt po sez\u00f3n\u011b s Evertonem neprodlou\u017e\u00ed, a tak po osmi letech klub opust\u00ed.<\/h4>\n<div id=\"NewsPostDetailContent\">\n<p>Neville, kter\u00fd p\u0159i\u0161el na Goodison Parku v l\u00e9t\u011b roku 2005 z Manchesteru United, nyn\u00ed bude zva\u017eovat sv\u00e9 dal\u0161\u00ed kroky. L\u00e9to si ale vypln\u00ed na Mistrovstv\u00ed Evropy U21, kam odcestuje jako \u010dlen tren\u00e9rsk\u00e9ho t\u00fdmu Stuarta Pearce.<\/p>\n<p><em>\u201eBylo mi ct\u00ed hr\u00e1t za Everton FC a d\u011blat mu kapit\u00e1na<\/em>,&#8220;\u201c za\u010dal Neville a vz\u00e1p\u011bt\u00ed pokra\u010doval, <em>\u201esv\u016fj \u010das v Merseyside jsem si u\u017e\u00edval, odejdu s nesm\u00edrnou hrdost\u00ed.<\/em><\/p>\n<p><em>Chci pod\u011bkovat mana\u017eerovi, p\u0159edsedovi, v\u0161em zam\u011bstnanc\u016fm a hr\u00e1\u010d\u016fm v Evertonu za jejich trvalou podporu b\u011bhem m\u00e9ho p\u016fsoben\u00ed v mu\u017estvu. Chci tak\u00e9 v\u011bnovat speci\u00e1ln\u00ed pod\u011bkov\u00e1n\u00ed fanou\u0161k\u016fm, za uplynul\u00fdch osm let se chovali fantasticky, Evertonu bude m\u00edt v m\u00e9m srdci nav\u017edy m\u00edsto. R\u00e1d bych hr\u00e1l na nejvy\u0161\u0161\u00ed \u00farovni tak dlouho, jak toho jen budu fyzick\u00fd schopn\u00fd. Zv\u00e1\u017e\u00edm v\u0161echny mo\u017enosti, ne\u017e si zvol\u00edm m\u00e9 dal\u0161\u00ed p\u016fsobi\u0161t\u011b. Nyn\u00ed pomohu Evertonu skon\u010dit v tabulce, co nejvy\u0161\u0161\u00ed to bude mo\u017en\u00e9.\u201c<\/em><\/p>\n<p>Neville se stal teprve sedm\u00fdm hr\u00e1\u010dem v historii Premier League s 500 odehran\u00fdmi z\u00e1pasy, jubileum si p\u0159ipsal na Boxing Day proti Wiganu. Kdy\u017e v srpnu roku 2005 p\u0159estupoval k Toffees, bylo mu 28 let. Te\u010f po osmi letech m\u00e1 na kont\u011b 303 utk\u00e1n\u00ed za Everton, v nich\u017e sk\u00f3roval osmkr\u00e1t. Kapit\u00e1nskou p\u00e1sku nos\u00ed od ledna 2007 po odchodu Davida Weira do Rangers.<\/p>\n<p>V lo\u0148sk\u00e9 sez\u00f3n\u011b z\u00edskal ocen\u011bn\u00ed za klubov\u00fd g\u00f3l roku, triumf obdr\u017eel <a href=\"http:\/\/www.dailymotion.com\/video\/xs4d78_neville-v-west-brom-carling-cup_sport\" target=\"_blank\" rel=\"noopener\">za branku proti West Bromu<\/a>. Kari\u00e9ru za\u010dal v Manchesteru United a b\u011bhem p\u016fsoben\u00ed na Old Traffordu vyhr\u00e1l \u0161estkr\u00e1t Premier League, t\u0159ikr\u00e1t FA Cup, jednou Ligy mistr\u016f a mistrovstv\u00ed sv\u011bta klub\u016f.<\/p>\n<\/div>\n","protected":false},"excerpt":{"rendered":"<p>Phil Neville dnes potvrdil, o \u010dem se ji\u017e del\u0161\u00ed dobu spekulovalo. Sv\u016fj kontrakt po sez\u00f3n\u011b s Evertonem neprodlou\u017e\u00ed, a tak&hellip;<\/p>\n","protected":false},"author":6,"featured_media":1313,"comment_status":"open","ping_status":"closed","sticky":false,"template":"","format":"standard","meta":{"_eb_attr":"","_monsterinsights_skip_tracking":false,"_monsterinsights_sitenote_active":false,"_monsterinsights_sitenote_note":"","_monsterinsights_sitenote_category":0,"footnotes":""},"categories":[42],"tags":[],"yoast_head":"<!-- This site is optimized with the Yoast SEO plugin v23.4 - https:\/\/yoast.com\/wordpress\/plugins\/seo\/ -->\n<title>Po sez\u00f3n\u011b odejde kapit\u00e1n - Official Czech &amp; Slovak Everton Supporters&#039; Club<\/title>\n<meta name=\"robots\" content=\"index, follow, max-snippet:-1, max-image-preview:large, max-video-preview:-1\" \/>\n<link rel=\"canonical\" href=\"https:\/\/evertonfc.cz\/index.php\/2013\/04\/09\/po-sezone-odejde-kapitan\/\" \/>\n<meta property=\"og:locale\" content=\"cs_CZ\" \/>\n<meta property=\"og:type\" content=\"article\" \/>\n<meta property=\"og:title\" content=\"Po sez\u00f3n\u011b odejde kapit\u00e1n - Official Czech &amp; Slovak Everton Supporters&#039; Club\" \/>\n<meta property=\"og:description\" content=\"Phil Neville dnes potvrdil, o \u010dem se ji\u017e del\u0161\u00ed dobu spekulovalo. Sv\u016fj kontrakt po sez\u00f3n\u011b s Evertonem neprodlou\u017e\u00ed, a tak&hellip;\" \/>\n<meta property=\"og:url\" content=\"https:\/\/evertonfc.cz\/index.php\/2013\/04\/09\/po-sezone-odejde-kapitan\/\" \/>\n<meta property=\"og:site_name\" content=\"Official Czech &amp; Slovak Everton Supporters&#039; Club\" \/>\n<meta property=\"article:publisher\" content=\"https:\/\/www.facebook.com\/everton.fans.cz.sk\" \/>\n<meta property=\"article:published_time\" content=\"2013-04-09T21:04:32+00:00\" \/>\n<meta property=\"article:modified_time\" content=\"2019-02-15T09:35:50+00:00\" \/>\n<meta property=\"og:image\" content=\"https:\/\/evertonfc.cz\/wp-content\/uploads\/2019\/01\/news.jpg\" \/>\n\t<meta property=\"og:image:width\" content=\"720\" \/>\n\t<meta property=\"og:image:height\" content=\"405\" \/>\n\t<meta property=\"og:image:type\" content=\"image\/jpeg\" \/>\n<meta name=\"author\" content=\"Ri\u010di\" \/>\n<meta name=\"twitter:card\" content=\"summary_large_image\" \/>\n<meta name=\"twitter:creator\" content=\"@rbrejsa\" \/>\n<meta name=\"twitter:label1\" content=\"Napsal(a)\" \/>\n\t<meta name=\"twitter:data1\" content=\"Ri\u010di\" \/>\n\t<meta name=\"twitter:label2\" content=\"Odhadovan\u00e1 doba \u010dten\u00ed\" \/>\n\t<meta name=\"twitter:data2\" content=\"2 minuty\" \/>\n<script type=\"application\/ld+json\" class=\"yoast-schema-graph\">{\"@context\":\"https:\/\/schema.org\",\"@graph\":[{\"@type\":\"Article\",\"@id\":\"https:\/\/evertonfc.cz\/index.php\/2013\/04\/09\/po-sezone-odejde-kapitan\/#article\",\"isPartOf\":{\"@id\":\"https:\/\/evertonfc.cz\/index.php\/2013\/04\/09\/po-sezone-odejde-kapitan\/\"},\"author\":{\"name\":\"Ri\u010di\",\"@id\":\"https:\/\/evertonfc.cz\/#\/schema\/person\/f7a5daedb2ffee98480bc70e191aaef1\"},\"headline\":\"Po sez\u00f3n\u011b odejde kapit\u00e1n\",\"datePublished\":\"2013-04-09T21:04:32+00:00\",\"dateModified\":\"2019-02-15T09:35:50+00:00\",\"mainEntityOfPage\":{\"@id\":\"https:\/\/evertonfc.cz\/index.php\/2013\/04\/09\/po-sezone-odejde-kapitan\/\"},\"wordCount\":341,\"commentCount\":0,\"publisher\":{\"@id\":\"https:\/\/evertonfc.cz\/#organization\"},\"image\":{\"@id\":\"https:\/\/evertonfc.cz\/index.php\/2013\/04\/09\/po-sezone-odejde-kapitan\/#primaryimage\"},\"thumbnailUrl\":\"https:\/\/evertonfc.cz\/wp-content\/uploads\/2019\/01\/news.jpg\",\"articleSection\":[\"Aktuality\"],\"inLanguage\":\"cs\",\"potentialAction\":[{\"@type\":\"CommentAction\",\"name\":\"Comment\",\"target\":[\"https:\/\/evertonfc.cz\/index.php\/2013\/04\/09\/po-sezone-odejde-kapitan\/#respond\"]}]},{\"@type\":\"WebPage\",\"@id\":\"https:\/\/evertonfc.cz\/index.php\/2013\/04\/09\/po-sezone-odejde-kapitan\/\",\"url\":\"https:\/\/evertonfc.cz\/index.php\/2013\/04\/09\/po-sezone-odejde-kapitan\/\",\"name\":\"Po sez\u00f3n\u011b odejde kapit\u00e1n - Official Czech &amp; Slovak Everton Supporters&#039; Club\",\"isPartOf\":{\"@id\":\"https:\/\/evertonfc.cz\/#website\"},\"primaryImageOfPage\":{\"@id\":\"https:\/\/evertonfc.cz\/index.php\/2013\/04\/09\/po-sezone-odejde-kapitan\/#primaryimage\"},\"image\":{\"@id\":\"https:\/\/evertonfc.cz\/index.php\/2013\/04\/09\/po-sezone-odejde-kapitan\/#primaryimage\"},\"thumbnailUrl\":\"https:\/\/evertonfc.cz\/wp-content\/uploads\/2019\/01\/news.jpg\",\"datePublished\":\"2013-04-09T21:04:32+00:00\",\"dateModified\":\"2019-02-15T09:35:50+00:00\",\"breadcrumb\":{\"@id\":\"https:\/\/evertonfc.cz\/index.php\/2013\/04\/09\/po-sezone-odejde-kapitan\/#breadcrumb\"},\"inLanguage\":\"cs\",\"potentialAction\":[{\"@type\":\"ReadAction\",\"target\":[\"https:\/\/evertonfc.cz\/index.php\/2013\/04\/09\/po-sezone-odejde-kapitan\/\"]}]},{\"@type\":\"ImageObject\",\"inLanguage\":\"cs\",\"@id\":\"https:\/\/evertonfc.cz\/index.php\/2013\/04\/09\/po-sezone-odejde-kapitan\/#primaryimage\",\"url\":\"https:\/\/evertonfc.cz\/wp-content\/uploads\/2019\/01\/news.jpg\",\"contentUrl\":\"https:\/\/evertonfc.cz\/wp-content\/uploads\/2019\/01\/news.jpg\",\"width\":720,\"height\":405},{\"@type\":\"BreadcrumbList\",\"@id\":\"https:\/\/evertonfc.cz\/index.php\/2013\/04\/09\/po-sezone-odejde-kapitan\/#breadcrumb\",\"itemListElement\":[{\"@type\":\"ListItem\",\"position\":1,\"name\":\"Home\",\"item\":\"https:\/\/evertonfc.cz\/\"},{\"@type\":\"ListItem\",\"position\":2,\"name\":\"Po sez\u00f3n\u011b odejde kapit\u00e1n\"}]},{\"@type\":\"WebSite\",\"@id\":\"https:\/\/evertonfc.cz\/#website\",\"url\":\"https:\/\/evertonfc.cz\/\",\"name\":\"Official Czech &amp; Slovak Everton Supporters&#039; Club\",\"description\":\"\",\"publisher\":{\"@id\":\"https:\/\/evertonfc.cz\/#organization\"},\"potentialAction\":[{\"@type\":\"SearchAction\",\"target\":{\"@type\":\"EntryPoint\",\"urlTemplate\":\"https:\/\/evertonfc.cz\/?s={search_term_string}\"},\"query-input\":{\"@type\":\"PropertyValueSpecification\",\"valueRequired\":true,\"valueName\":\"search_term_string\"}}],\"inLanguage\":\"cs\"},{\"@type\":\"Organization\",\"@id\":\"https:\/\/evertonfc.cz\/#organization\",\"name\":\"Official Czech & Slovak Everton Supporters' Club\",\"url\":\"https:\/\/evertonfc.cz\/\",\"logo\":{\"@type\":\"ImageObject\",\"inLanguage\":\"cs\",\"@id\":\"https:\/\/evertonfc.cz\/#\/schema\/logo\/image\/\",\"url\":\"https:\/\/evertonfc.cz\/wp-content\/uploads\/2019\/05\/logo.png\",\"contentUrl\":\"https:\/\/evertonfc.cz\/wp-content\/uploads\/2019\/05\/logo.png\",\"width\":112,\"height\":112,\"caption\":\"Official Czech & Slovak Everton Supporters' Club\"},\"image\":{\"@id\":\"https:\/\/evertonfc.cz\/#\/schema\/logo\/image\/\"},\"sameAs\":[\"https:\/\/www.facebook.com\/everton.fans.cz.sk\"]},{\"@type\":\"Person\",\"@id\":\"https:\/\/evertonfc.cz\/#\/schema\/person\/f7a5daedb2ffee98480bc70e191aaef1\",\"name\":\"Ri\u010di\",\"sameAs\":[\"https:\/\/x.com\/rbrejsa\"],\"url\":\"https:\/\/evertonfc.cz\/index.php\/author\/rici\/\"}]}<\/script>\n<!-- \/ Yoast SEO plugin. -->","yoast_head_json":{"title":"Po sez\u00f3n\u011b odejde kapit\u00e1n - Official Czech &amp; Slovak Everton Supporters&#039; Club","robots":{"index":"index","follow":"follow","max-snippet":"max-snippet:-1","max-image-preview":"max-image-preview:large","max-video-preview":"max-video-preview:-1"},"canonical":"https:\/\/evertonfc.cz\/index.php\/2013\/04\/09\/po-sezone-odejde-kapitan\/","og_locale":"cs_CZ","og_type":"article","og_title":"Po sez\u00f3n\u011b odejde kapit\u00e1n - Official Czech &amp; Slovak Everton Supporters&#039; Club","og_description":"Phil Neville dnes potvrdil, o \u010dem se ji\u017e del\u0161\u00ed dobu spekulovalo. Sv\u016fj kontrakt po sez\u00f3n\u011b s Evertonem neprodlou\u017e\u00ed, a tak&hellip;","og_url":"https:\/\/evertonfc.cz\/index.php\/2013\/04\/09\/po-sezone-odejde-kapitan\/","og_site_name":"Official Czech &amp; Slovak Everton Supporters&#039; Club","article_publisher":"https:\/\/www.facebook.com\/everton.fans.cz.sk","article_published_time":"2013-04-09T21:04:32+00:00","article_modified_time":"2019-02-15T09:35:50+00:00","og_image":[{"width":720,"height":405,"url":"https:\/\/evertonfc.cz\/wp-content\/uploads\/2019\/01\/news.jpg","type":"image\/jpeg"}],"author":"Ri\u010di","twitter_card":"summary_large_image","twitter_creator":"@rbrejsa","twitter_misc":{"Napsal(a)":"Ri\u010di","Odhadovan\u00e1 doba \u010dten\u00ed":"2 minuty"},"schema":{"@context":"https:\/\/schema.org","@graph":[{"@type":"Article","@id":"https:\/\/evertonfc.cz\/index.php\/2013\/04\/09\/po-sezone-odejde-kapitan\/#article","isPartOf":{"@id":"https:\/\/evertonfc.cz\/index.php\/2013\/04\/09\/po-sezone-odejde-kapitan\/"},"author":{"name":"Ri\u010di","@id":"https:\/\/evertonfc.cz\/#\/schema\/person\/f7a5daedb2ffee98480bc70e191aaef1"},"headline":"Po sez\u00f3n\u011b odejde kapit\u00e1n","datePublished":"2013-04-09T21:04:32+00:00","dateModified":"2019-02-15T09:35:50+00:00","mainEntityOfPage":{"@id":"https:\/\/evertonfc.cz\/index.php\/2013\/04\/09\/po-sezone-odejde-kapitan\/"},"wordCount":341,"commentCount":0,"publisher":{"@id":"https:\/\/evertonfc.cz\/#organization"},"image":{"@id":"https:\/\/evertonfc.cz\/index.php\/2013\/04\/09\/po-sezone-odejde-kapitan\/#primaryimage"},"thumbnailUrl":"https:\/\/evertonfc.cz\/wp-content\/uploads\/2019\/01\/news.jpg","articleSection":["Aktuality"],"inLanguage":"cs","potentialAction":[{"@type":"CommentAction","name":"Comment","target":["https:\/\/evertonfc.cz\/index.php\/2013\/04\/09\/po-sezone-odejde-kapitan\/#respond"]}]},{"@type":"WebPage","@id":"https:\/\/evertonfc.cz\/index.php\/2013\/04\/09\/po-sezone-odejde-kapitan\/","url":"https:\/\/evertonfc.cz\/index.php\/2013\/04\/09\/po-sezone-odejde-kapitan\/","name":"Po sez\u00f3n\u011b odejde kapit\u00e1n - Official Czech &amp; Slovak Everton Supporters&#039; Club","isPartOf":{"@id":"https:\/\/evertonfc.cz\/#website"},"primaryImageOfPage":{"@id":"https:\/\/evertonfc.cz\/index.php\/2013\/04\/09\/po-sezone-odejde-kapitan\/#primaryimage"},"image":{"@id":"https:\/\/evertonfc.cz\/index.php\/2013\/04\/09\/po-sezone-odejde-kapitan\/#primaryimage"},"thumbnailUrl":"https:\/\/evertonfc.cz\/wp-content\/uploads\/2019\/01\/news.jpg","datePublished":"2013-04-09T21:04:32+00:00","dateModified":"2019-02-15T09:35:50+00:00","breadcrumb":{"@id":"https:\/\/evertonfc.cz\/index.php\/2013\/04\/09\/po-sezone-odejde-kapitan\/#breadcrumb"},"inLanguage":"cs","potentialAction":[{"@type":"ReadAction","target":["https:\/\/evertonfc.cz\/index.php\/2013\/04\/09\/po-sezone-odejde-kapitan\/"]}]},{"@type":"ImageObject","inLanguage":"cs","@id":"https:\/\/evertonfc.cz\/index.php\/2013\/04\/09\/po-sezone-odejde-kapitan\/#primaryimage","url":"https:\/\/evertonfc.cz\/wp-content\/uploads\/2019\/01\/news.jpg","contentUrl":"https:\/\/evertonfc.cz\/wp-content\/uploads\/2019\/01\/news.jpg","width":720,"height":405},{"@type":"BreadcrumbList","@id":"https:\/\/evertonfc.cz\/index.php\/2013\/04\/09\/po-sezone-odejde-kapitan\/#breadcrumb","itemListElement":[{"@type":"ListItem","position":1,"name":"Home","item":"https:\/\/evertonfc.cz\/"},{"@type":"ListItem","position":2,"name":"Po sez\u00f3n\u011b odejde kapit\u00e1n"}]},{"@type":"WebSite","@id":"https:\/\/evertonfc.cz\/#website","url":"https:\/\/evertonfc.cz\/","name":"Official Czech &amp; Slovak Everton Supporters&#039; Club","description":"","publisher":{"@id":"https:\/\/evertonfc.cz\/#organization"},"potentialAction":[{"@type":"SearchAction","target":{"@type":"EntryPoint","urlTemplate":"https:\/\/evertonfc.cz\/?s={search_term_string}"},"query-input":{"@type":"PropertyValueSpecification","valueRequired":true,"valueName":"search_term_string"}}],"inLanguage":"cs"},{"@type":"Organization","@id":"https:\/\/evertonfc.cz\/#organization","name":"Official Czech & Slovak Everton Supporters' Club","url":"https:\/\/evertonfc.cz\/","logo":{"@type":"ImageObject","inLanguage":"cs","@id":"https:\/\/evertonfc.cz\/#\/schema\/logo\/image\/","url":"https:\/\/evertonfc.cz\/wp-content\/uploads\/2019\/05\/logo.png","contentUrl":"https:\/\/evertonfc.cz\/wp-content\/uploads\/2019\/05\/logo.png","width":112,"height":112,"caption":"Official Czech & Slovak Everton Supporters' Club"},"image":{"@id":"https:\/\/evertonfc.cz\/#\/schema\/logo\/image\/"},"sameAs":["https:\/\/www.facebook.com\/everton.fans.cz.sk"]},{"@type":"Person","@id":"https:\/\/evertonfc.cz\/#\/schema\/person\/f7a5daedb2ffee98480bc70e191aaef1","name":"Ri\u010di","sameAs":["https:\/\/x.com\/rbrejsa"],"url":"https:\/\/evertonfc.cz\/index.php\/author\/rici\/"}]}},"_links":{"self":[{"href":"https:\/\/evertonfc.cz\/index.php\/wp-json\/wp\/v2\/posts\/5423"}],"collection":[{"href":"https:\/\/evertonfc.cz\/index.php\/wp-json\/wp\/v2\/posts"}],"about":[{"href":"https:\/\/evertonfc.cz\/index.php\/wp-json\/wp\/v2\/types\/post"}],"author":[{"embeddable":true,"href":"https:\/\/evertonfc.cz\/index.php\/wp-json\/wp\/v2\/users\/6"}],"replies":[{"embeddable":true,"href":"https:\/\/evertonfc.cz\/index.php\/wp-json\/wp\/v2\/comments?post=5423"}],"version-history":[{"count":3,"href":"https:\/\/evertonfc.cz\/index.php\/wp-json\/wp\/v2\/posts\/5423\/revisions"}],"predecessor-version":[{"id":5609,"href":"https:\/\/evertonfc.cz\/index.php\/wp-json\/wp\/v2\/posts\/5423\/revisions\/5609"}],"wp:featuredmedia":[{"embeddable":true,"href":"https:\/\/evertonfc.cz\/index.php\/wp-json\/wp\/v2\/media\/1313"}],"wp:attachment":[{"href":"https:\/\/evertonfc.cz\/index.php\/wp-json\/wp\/v2\/media?parent=5423"}],"wp:term":[{"taxonomy":"category","embeddable":true,"href":"https:\/\/evertonfc.cz\/index.php\/wp-json\/wp\/v2\/categories?post=5423"},{"taxonomy":"post_tag","embeddable":true,"href":"https:\/\/evertonfc.cz\/index.php\/wp-json\/wp\/v2\/tags?post=5423"}],"curies":[{"name":"wp","href":"https:\/\/api.w.org\/{rel}","templated":true}]}}