{"id":5425,"date":"2013-04-07T23:05:14","date_gmt":"2013-04-07T21:05:14","guid":{"rendered":"http:\/\/evertonfc.cz\/?p=5425"},"modified":"2019-02-14T23:05:48","modified_gmt":"2019-02-14T22:05:48","slug":"tottenham-hotspur-everton-22","status":"publish","type":"post","link":"https:\/\/evertonfc.cz\/index.php\/2013\/04\/07\/tottenham-hotspur-everton-22\/","title":{"rendered":"Tottenham Hotspur &#8211; Everton 2:2"},"content":{"rendered":"<h4 id=\"NewsPostDetailSummary\">O cenn\u00e9 t\u0159i body z White Hart Lane Everton p\u0159i\u0161el a\u017e t\u0159i minuty p\u0159ed koncem norm\u00e1ln\u00ed hrac\u00ed doby, rem\u00edza proti Tottenhamu tak nese trochu ho\u0159kou p\u0159\u00edchu\u0165.<\/h4>\n<div id=\"NewsPostDetailContent\">\n<p>David Moyes sestavou op\u011bt jednou p\u0159ekvapil. Na post defenzivn\u00edho z\u00e1lo\u017en\u00edka postavil Johnyho Heitingu a v\u016fbec poprv\u00e9 letos v lize dostal \u0161anci od prvn\u00ed minuty mlad\u00fd Ross Barkley.<\/p>\n<p>Skotsk\u00fd strat\u00e9g zvolil pon\u011bkud netradi\u010dn\u00ed defenzivn\u00ed taktiku, v\u011bdom si absence d\u016fle\u017eit\u00fdch opor Fellainiho a Pienaara, up\u0159ednostil zisk bod\u016f p\u0159ed atraktivn\u00ed hrou, a proto Tottenham po v\u011bt\u0161inu z\u00e1pasu diktoval tempo, Toffees p\u0159est\u0159\u00edlel, p\u0159esto a\u017e do 87. minuty prohr\u00e1val 1:2. Po vyrovn\u00e1n\u00ed mohl vr\u00e1tit Evertonu veden\u00ed Anichebe, na Llorise si ale nep\u0159i\u0161el.<\/p>\n<p>Co dne\u0161n\u00ed rem\u00edza znamen\u00e1 v boj\u00edch o evropsk\u00e9 poh\u00e1ry? P\u0159edev\u0161\u00edm minimalizovat ztr\u00e1ty ve zb\u00fdvaj\u00edc\u00ed dom\u00e1c\u00edch z\u00e1pasech a ve \u010dty\u0159ech venkovn\u00edch v\u00fdjezdech (Arsenal, Sunderland, Liverpool a Chelsea) nejm\u00e9n\u011b dvakr\u00e1t vyhr\u00e1t.<\/p>\n<p>Videoreport bude ke shl\u00e9dnut\u00ed <a href=\"http:\/\/www.evertonfc.com\/evertontv\/home\/8541\" target=\"_blank\" rel=\"noopener\">zde<\/a>.<\/p>\n<p><strong>Branky:<\/strong> 1. Emmanuel Adebayor, 87. Gylfi Sigurdsson &#8211; 15. Phil Jagielka, 53. Kevin Mirallas<br \/>\n<strong>\u017dK:<\/strong> 84. Clint Dempsey &#8211; 81. Kevin Mirallas<br \/>\n<strong>Tottenham Hotspur:<\/strong> Hugo Lloris, Jan Vertonghen, Michael Dawson, Kyle Walker, Steven Caulker, Clint Dempsey, Scott Parker (88. Tom Carroll), Gylfi Sigurdsson, Lewis Holtby, Moussa Demb\u00e9l\u00e9 (75. Tom Huddlestone), Emmanuel Adebayor<br \/>\n<strong>Everton FC:<\/strong> Tim Howard, Leighton Baines, John Heitinga, Phil Jagielka, Sylvain Distin, S\u00e9amus Coleman, Darron Gibson, Leon Osman, Ross Barkley (52. Nikica Jelavi\u0107), Kevin Mirallas (86. Steven Naismith), Victor Anichebe<br \/>\n<strong>Rozhod\u010d\u00ed:<\/strong> Andre Marriner<br \/>\n<strong>Div\u00e1ci:<\/strong> 36 192<\/p>\n<\/div>\n","protected":false},"excerpt":{"rendered":"<p>O cenn\u00e9 t\u0159i body z White Hart Lane Everton p\u0159i\u0161el a\u017e t\u0159i minuty p\u0159ed koncem norm\u00e1ln\u00ed hrac\u00ed doby, rem\u00edza proti&hellip;<\/p>\n","protected":false},"author":6,"featured_media":1315,"comment_status":"open","ping_status":"closed","sticky":false,"template":"","format":"standard","meta":{"_eb_attr":"","_monsterinsights_skip_tracking":false,"_monsterinsights_sitenote_active":false,"_monsterinsights_sitenote_note":"","_monsterinsights_sitenote_category":0,"footnotes":""},"categories":[4],"tags":[],"yoast_head":"<!-- This site is optimized with the Yoast SEO plugin v23.4 - https:\/\/yoast.com\/wordpress\/plugins\/seo\/ -->\n<title>Tottenham Hotspur - Everton 2:2 - Official Czech &amp; Slovak Everton Supporters&#039; Club<\/title>\n<meta name=\"robots\" content=\"index, follow, max-snippet:-1, max-image-preview:large, max-video-preview:-1\" \/>\n<link rel=\"canonical\" href=\"https:\/\/evertonfc.cz\/index.php\/2013\/04\/07\/tottenham-hotspur-everton-22\/\" \/>\n<meta property=\"og:locale\" content=\"cs_CZ\" \/>\n<meta property=\"og:type\" content=\"article\" \/>\n<meta property=\"og:title\" content=\"Tottenham Hotspur - Everton 2:2 - Official Czech &amp; Slovak Everton Supporters&#039; Club\" \/>\n<meta property=\"og:description\" content=\"O cenn\u00e9 t\u0159i body z White Hart Lane Everton p\u0159i\u0161el a\u017e t\u0159i minuty p\u0159ed koncem norm\u00e1ln\u00ed hrac\u00ed doby, rem\u00edza proti&hellip;\" \/>\n<meta property=\"og:url\" content=\"https:\/\/evertonfc.cz\/index.php\/2013\/04\/07\/tottenham-hotspur-everton-22\/\" \/>\n<meta property=\"og:site_name\" content=\"Official Czech &amp; Slovak Everton Supporters&#039; Club\" \/>\n<meta property=\"article:publisher\" content=\"https:\/\/www.facebook.com\/everton.fans.cz.sk\" \/>\n<meta property=\"article:published_time\" content=\"2013-04-07T21:05:14+00:00\" \/>\n<meta property=\"article:modified_time\" content=\"2019-02-14T22:05:48+00:00\" \/>\n<meta property=\"og:image\" content=\"https:\/\/evertonfc.cz\/wp-content\/uploads\/2019\/01\/report.jpg\" \/>\n\t<meta property=\"og:image:width\" content=\"720\" \/>\n\t<meta property=\"og:image:height\" content=\"405\" \/>\n\t<meta property=\"og:image:type\" content=\"image\/jpeg\" \/>\n<meta name=\"author\" content=\"Ri\u010di\" \/>\n<meta name=\"twitter:card\" content=\"summary_large_image\" \/>\n<meta name=\"twitter:creator\" content=\"@rbrejsa\" \/>\n<meta name=\"twitter:label1\" content=\"Napsal(a)\" \/>\n\t<meta name=\"twitter:data1\" content=\"Ri\u010di\" \/>\n\t<meta name=\"twitter:label2\" content=\"Odhadovan\u00e1 doba \u010dten\u00ed\" \/>\n\t<meta name=\"twitter:data2\" content=\"1 minuta\" \/>\n<script type=\"application\/ld+json\" class=\"yoast-schema-graph\">{\"@context\":\"https:\/\/schema.org\",\"@graph\":[{\"@type\":\"Article\",\"@id\":\"https:\/\/evertonfc.cz\/index.php\/2013\/04\/07\/tottenham-hotspur-everton-22\/#article\",\"isPartOf\":{\"@id\":\"https:\/\/evertonfc.cz\/index.php\/2013\/04\/07\/tottenham-hotspur-everton-22\/\"},\"author\":{\"name\":\"Ri\u010di\",\"@id\":\"https:\/\/evertonfc.cz\/#\/schema\/person\/f7a5daedb2ffee98480bc70e191aaef1\"},\"headline\":\"Tottenham Hotspur &#8211; Everton 2:2\",\"datePublished\":\"2013-04-07T21:05:14+00:00\",\"dateModified\":\"2019-02-14T22:05:48+00:00\",\"mainEntityOfPage\":{\"@id\":\"https:\/\/evertonfc.cz\/index.php\/2013\/04\/07\/tottenham-hotspur-everton-22\/\"},\"wordCount\":273,\"commentCount\":0,\"publisher\":{\"@id\":\"https:\/\/evertonfc.cz\/#organization\"},\"image\":{\"@id\":\"https:\/\/evertonfc.cz\/index.php\/2013\/04\/07\/tottenham-hotspur-everton-22\/#primaryimage\"},\"thumbnailUrl\":\"https:\/\/evertonfc.cz\/wp-content\/uploads\/2019\/01\/report.jpg\",\"articleSection\":[\"Z\u00e1pasy\"],\"inLanguage\":\"cs\",\"potentialAction\":[{\"@type\":\"CommentAction\",\"name\":\"Comment\",\"target\":[\"https:\/\/evertonfc.cz\/index.php\/2013\/04\/07\/tottenham-hotspur-everton-22\/#respond\"]}]},{\"@type\":\"WebPage\",\"@id\":\"https:\/\/evertonfc.cz\/index.php\/2013\/04\/07\/tottenham-hotspur-everton-22\/\",\"url\":\"https:\/\/evertonfc.cz\/index.php\/2013\/04\/07\/tottenham-hotspur-everton-22\/\",\"name\":\"Tottenham Hotspur - Everton 2:2 - Official Czech &amp; Slovak Everton Supporters&#039; Club\",\"isPartOf\":{\"@id\":\"https:\/\/evertonfc.cz\/#website\"},\"primaryImageOfPage\":{\"@id\":\"https:\/\/evertonfc.cz\/index.php\/2013\/04\/07\/tottenham-hotspur-everton-22\/#primaryimage\"},\"image\":{\"@id\":\"https:\/\/evertonfc.cz\/index.php\/2013\/04\/07\/tottenham-hotspur-everton-22\/#primaryimage\"},\"thumbnailUrl\":\"https:\/\/evertonfc.cz\/wp-content\/uploads\/2019\/01\/report.jpg\",\"datePublished\":\"2013-04-07T21:05:14+00:00\",\"dateModified\":\"2019-02-14T22:05:48+00:00\",\"breadcrumb\":{\"@id\":\"https:\/\/evertonfc.cz\/index.php\/2013\/04\/07\/tottenham-hotspur-everton-22\/#breadcrumb\"},\"inLanguage\":\"cs\",\"potentialAction\":[{\"@type\":\"ReadAction\",\"target\":[\"https:\/\/evertonfc.cz\/index.php\/2013\/04\/07\/tottenham-hotspur-everton-22\/\"]}]},{\"@type\":\"ImageObject\",\"inLanguage\":\"cs\",\"@id\":\"https:\/\/evertonfc.cz\/index.php\/2013\/04\/07\/tottenham-hotspur-everton-22\/#primaryimage\",\"url\":\"https:\/\/evertonfc.cz\/wp-content\/uploads\/2019\/01\/report.jpg\",\"contentUrl\":\"https:\/\/evertonfc.cz\/wp-content\/uploads\/2019\/01\/report.jpg\",\"width\":720,\"height\":405},{\"@type\":\"BreadcrumbList\",\"@id\":\"https:\/\/evertonfc.cz\/index.php\/2013\/04\/07\/tottenham-hotspur-everton-22\/#breadcrumb\",\"itemListElement\":[{\"@type\":\"ListItem\",\"position\":1,\"name\":\"Home\",\"item\":\"https:\/\/evertonfc.cz\/\"},{\"@type\":\"ListItem\",\"position\":2,\"name\":\"Tottenham Hotspur &#8211; Everton 2:2\"}]},{\"@type\":\"WebSite\",\"@id\":\"https:\/\/evertonfc.cz\/#website\",\"url\":\"https:\/\/evertonfc.cz\/\",\"name\":\"Official Czech &amp; Slovak Everton Supporters&#039; Club\",\"description\":\"\",\"publisher\":{\"@id\":\"https:\/\/evertonfc.cz\/#organization\"},\"potentialAction\":[{\"@type\":\"SearchAction\",\"target\":{\"@type\":\"EntryPoint\",\"urlTemplate\":\"https:\/\/evertonfc.cz\/?s={search_term_string}\"},\"query-input\":{\"@type\":\"PropertyValueSpecification\",\"valueRequired\":true,\"valueName\":\"search_term_string\"}}],\"inLanguage\":\"cs\"},{\"@type\":\"Organization\",\"@id\":\"https:\/\/evertonfc.cz\/#organization\",\"name\":\"Official Czech & Slovak Everton Supporters' Club\",\"url\":\"https:\/\/evertonfc.cz\/\",\"logo\":{\"@type\":\"ImageObject\",\"inLanguage\":\"cs\",\"@id\":\"https:\/\/evertonfc.cz\/#\/schema\/logo\/image\/\",\"url\":\"https:\/\/evertonfc.cz\/wp-content\/uploads\/2019\/05\/logo.png\",\"contentUrl\":\"https:\/\/evertonfc.cz\/wp-content\/uploads\/2019\/05\/logo.png\",\"width\":112,\"height\":112,\"caption\":\"Official Czech & Slovak Everton Supporters' Club\"},\"image\":{\"@id\":\"https:\/\/evertonfc.cz\/#\/schema\/logo\/image\/\"},\"sameAs\":[\"https:\/\/www.facebook.com\/everton.fans.cz.sk\"]},{\"@type\":\"Person\",\"@id\":\"https:\/\/evertonfc.cz\/#\/schema\/person\/f7a5daedb2ffee98480bc70e191aaef1\",\"name\":\"Ri\u010di\",\"sameAs\":[\"https:\/\/x.com\/rbrejsa\"],\"url\":\"https:\/\/evertonfc.cz\/index.php\/author\/rici\/\"}]}<\/script>\n<!-- \/ Yoast SEO plugin. -->","yoast_head_json":{"title":"Tottenham Hotspur - Everton 2:2 - Official Czech &amp; Slovak Everton Supporters&#039; Club","robots":{"index":"index","follow":"follow","max-snippet":"max-snippet:-1","max-image-preview":"max-image-preview:large","max-video-preview":"max-video-preview:-1"},"canonical":"https:\/\/evertonfc.cz\/index.php\/2013\/04\/07\/tottenham-hotspur-everton-22\/","og_locale":"cs_CZ","og_type":"article","og_title":"Tottenham Hotspur - Everton 2:2 - Official Czech &amp; Slovak Everton Supporters&#039; Club","og_description":"O cenn\u00e9 t\u0159i body z White Hart Lane Everton p\u0159i\u0161el a\u017e t\u0159i minuty p\u0159ed koncem norm\u00e1ln\u00ed hrac\u00ed doby, rem\u00edza proti&hellip;","og_url":"https:\/\/evertonfc.cz\/index.php\/2013\/04\/07\/tottenham-hotspur-everton-22\/","og_site_name":"Official Czech &amp; Slovak Everton Supporters&#039; Club","article_publisher":"https:\/\/www.facebook.com\/everton.fans.cz.sk","article_published_time":"2013-04-07T21:05:14+00:00","article_modified_time":"2019-02-14T22:05:48+00:00","og_image":[{"width":720,"height":405,"url":"https:\/\/evertonfc.cz\/wp-content\/uploads\/2019\/01\/report.jpg","type":"image\/jpeg"}],"author":"Ri\u010di","twitter_card":"summary_large_image","twitter_creator":"@rbrejsa","twitter_misc":{"Napsal(a)":"Ri\u010di","Odhadovan\u00e1 doba \u010dten\u00ed":"1 minuta"},"schema":{"@context":"https:\/\/schema.org","@graph":[{"@type":"Article","@id":"https:\/\/evertonfc.cz\/index.php\/2013\/04\/07\/tottenham-hotspur-everton-22\/#article","isPartOf":{"@id":"https:\/\/evertonfc.cz\/index.php\/2013\/04\/07\/tottenham-hotspur-everton-22\/"},"author":{"name":"Ri\u010di","@id":"https:\/\/evertonfc.cz\/#\/schema\/person\/f7a5daedb2ffee98480bc70e191aaef1"},"headline":"Tottenham Hotspur &#8211; Everton 2:2","datePublished":"2013-04-07T21:05:14+00:00","dateModified":"2019-02-14T22:05:48+00:00","mainEntityOfPage":{"@id":"https:\/\/evertonfc.cz\/index.php\/2013\/04\/07\/tottenham-hotspur-everton-22\/"},"wordCount":273,"commentCount":0,"publisher":{"@id":"https:\/\/evertonfc.cz\/#organization"},"image":{"@id":"https:\/\/evertonfc.cz\/index.php\/2013\/04\/07\/tottenham-hotspur-everton-22\/#primaryimage"},"thumbnailUrl":"https:\/\/evertonfc.cz\/wp-content\/uploads\/2019\/01\/report.jpg","articleSection":["Z\u00e1pasy"],"inLanguage":"cs","potentialAction":[{"@type":"CommentAction","name":"Comment","target":["https:\/\/evertonfc.cz\/index.php\/2013\/04\/07\/tottenham-hotspur-everton-22\/#respond"]}]},{"@type":"WebPage","@id":"https:\/\/evertonfc.cz\/index.php\/2013\/04\/07\/tottenham-hotspur-everton-22\/","url":"https:\/\/evertonfc.cz\/index.php\/2013\/04\/07\/tottenham-hotspur-everton-22\/","name":"Tottenham Hotspur - Everton 2:2 - Official Czech &amp; Slovak Everton Supporters&#039; Club","isPartOf":{"@id":"https:\/\/evertonfc.cz\/#website"},"primaryImageOfPage":{"@id":"https:\/\/evertonfc.cz\/index.php\/2013\/04\/07\/tottenham-hotspur-everton-22\/#primaryimage"},"image":{"@id":"https:\/\/evertonfc.cz\/index.php\/2013\/04\/07\/tottenham-hotspur-everton-22\/#primaryimage"},"thumbnailUrl":"https:\/\/evertonfc.cz\/wp-content\/uploads\/2019\/01\/report.jpg","datePublished":"2013-04-07T21:05:14+00:00","dateModified":"2019-02-14T22:05:48+00:00","breadcrumb":{"@id":"https:\/\/evertonfc.cz\/index.php\/2013\/04\/07\/tottenham-hotspur-everton-22\/#breadcrumb"},"inLanguage":"cs","potentialAction":[{"@type":"ReadAction","target":["https:\/\/evertonfc.cz\/index.php\/2013\/04\/07\/tottenham-hotspur-everton-22\/"]}]},{"@type":"ImageObject","inLanguage":"cs","@id":"https:\/\/evertonfc.cz\/index.php\/2013\/04\/07\/tottenham-hotspur-everton-22\/#primaryimage","url":"https:\/\/evertonfc.cz\/wp-content\/uploads\/2019\/01\/report.jpg","contentUrl":"https:\/\/evertonfc.cz\/wp-content\/uploads\/2019\/01\/report.jpg","width":720,"height":405},{"@type":"BreadcrumbList","@id":"https:\/\/evertonfc.cz\/index.php\/2013\/04\/07\/tottenham-hotspur-everton-22\/#breadcrumb","itemListElement":[{"@type":"ListItem","position":1,"name":"Home","item":"https:\/\/evertonfc.cz\/"},{"@type":"ListItem","position":2,"name":"Tottenham Hotspur &#8211; Everton 2:2"}]},{"@type":"WebSite","@id":"https:\/\/evertonfc.cz\/#website","url":"https:\/\/evertonfc.cz\/","name":"Official Czech &amp; Slovak Everton Supporters&#039; Club","description":"","publisher":{"@id":"https:\/\/evertonfc.cz\/#organization"},"potentialAction":[{"@type":"SearchAction","target":{"@type":"EntryPoint","urlTemplate":"https:\/\/evertonfc.cz\/?s={search_term_string}"},"query-input":{"@type":"PropertyValueSpecification","valueRequired":true,"valueName":"search_term_string"}}],"inLanguage":"cs"},{"@type":"Organization","@id":"https:\/\/evertonfc.cz\/#organization","name":"Official Czech & Slovak Everton Supporters' Club","url":"https:\/\/evertonfc.cz\/","logo":{"@type":"ImageObject","inLanguage":"cs","@id":"https:\/\/evertonfc.cz\/#\/schema\/logo\/image\/","url":"https:\/\/evertonfc.cz\/wp-content\/uploads\/2019\/05\/logo.png","contentUrl":"https:\/\/evertonfc.cz\/wp-content\/uploads\/2019\/05\/logo.png","width":112,"height":112,"caption":"Official Czech & Slovak Everton Supporters' Club"},"image":{"@id":"https:\/\/evertonfc.cz\/#\/schema\/logo\/image\/"},"sameAs":["https:\/\/www.facebook.com\/everton.fans.cz.sk"]},{"@type":"Person","@id":"https:\/\/evertonfc.cz\/#\/schema\/person\/f7a5daedb2ffee98480bc70e191aaef1","name":"Ri\u010di","sameAs":["https:\/\/x.com\/rbrejsa"],"url":"https:\/\/evertonfc.cz\/index.php\/author\/rici\/"}]}},"_links":{"self":[{"href":"https:\/\/evertonfc.cz\/index.php\/wp-json\/wp\/v2\/posts\/5425"}],"collection":[{"href":"https:\/\/evertonfc.cz\/index.php\/wp-json\/wp\/v2\/posts"}],"about":[{"href":"https:\/\/evertonfc.cz\/index.php\/wp-json\/wp\/v2\/types\/post"}],"author":[{"embeddable":true,"href":"https:\/\/evertonfc.cz\/index.php\/wp-json\/wp\/v2\/users\/6"}],"replies":[{"embeddable":true,"href":"https:\/\/evertonfc.cz\/index.php\/wp-json\/wp\/v2\/comments?post=5425"}],"version-history":[{"count":1,"href":"https:\/\/evertonfc.cz\/index.php\/wp-json\/wp\/v2\/posts\/5425\/revisions"}],"predecessor-version":[{"id":5426,"href":"https:\/\/evertonfc.cz\/index.php\/wp-json\/wp\/v2\/posts\/5425\/revisions\/5426"}],"wp:featuredmedia":[{"embeddable":true,"href":"https:\/\/evertonfc.cz\/index.php\/wp-json\/wp\/v2\/media\/1315"}],"wp:attachment":[{"href":"https:\/\/evertonfc.cz\/index.php\/wp-json\/wp\/v2\/media?parent=5425"}],"wp:term":[{"taxonomy":"category","embeddable":true,"href":"https:\/\/evertonfc.cz\/index.php\/wp-json\/wp\/v2\/categories?post=5425"},{"taxonomy":"post_tag","embeddable":true,"href":"https:\/\/evertonfc.cz\/index.php\/wp-json\/wp\/v2\/tags?post=5425"}],"curies":[{"name":"wp","href":"https:\/\/api.w.org\/{rel}","templated":true}]}}