{"id":5427,"date":"2013-04-06T23:05:56","date_gmt":"2013-04-06T21:05:56","guid":{"rendered":"http:\/\/evertonfc.cz\/?p=5427"},"modified":"2019-02-15T10:36:58","modified_gmt":"2019-02-15T09:36:58","slug":"preview-tottenham-hotspur-everton-6","status":"publish","type":"post","link":"https:\/\/evertonfc.cz\/index.php\/2013\/04\/06\/preview-tottenham-hotspur-everton-6\/","title":{"rendered":"Preview: Tottenham Hotspur &#8211; Everton"},"content":{"rendered":"<h4 id=\"NewsPostDetailSummary\">Duel na White Hart Lane si v boji o evropsk\u00e9 poh\u00e1ry rozhodn\u011b nezaslou\u017e\u00ed p\u0159\u00edvlastek rozhoduj\u00edc\u00ed, p\u0159\u00edpadn\u00e1 v\u00fdhra by v\u0161ak Tottenham, nebo Everton zcela jist\u011b velmi povzbudila.<\/h4>\n<div id=\"NewsPostDetailContent\">\n<p>Oba t\u00fdmy se moment\u00e1ln\u011b nach\u00e1zej\u00ed v trochu odli\u0161n\u00e9m rozpolo\u017een\u00ed. Zat\u00edmco Spurs minul\u00e9 kole poprv\u00e9 po t\u0159ech prohr\u00e1ch zabodovali stoprocentn\u011b, kdy\u017e porazili Swansea na jej\u00edm h\u0159i\u0161ti, Toffees pro\u017eili \u00fasp\u011b\u0161n\u00fd b\u0159ezen. Ov\u0161em pouze co se t\u00fd\u010de Premier League, v n\u00ed\u017e triumfovali ve v\u0161ech t\u0159ech dom\u00e1c\u00edch st\u0159etnut\u00edch, co\u017e Davidu Moyesovi vyneslo trofej pro nejlep\u0161\u00edho ligov\u00e9ho mana\u017eera za uplynul\u00fd m\u011bs\u00edc. Dojem z b\u0159ezna kaz\u00ed pouze trapn\u00e9 vypadnut\u00ed z FA Cupu po debaklu 0:3 od Wiganu na Goodison Parku.<\/p>\n<p>Everton v\u016fbec poprv\u00e9 od ledna roku 2010 dok\u00e1zal zv\u00edt\u011bzit v lize ve t\u0159ech po sob\u011b jdouc\u00edch kolech, nev\u00fdrazn\u00e9 prvn\u00ed dva m\u011bs\u00edce roku 2013 jsou tak aspo\u0148 trochu od\u010din\u011bny.<\/p>\n<p>Tottenham vede z pozice mana\u017eera od leto\u0161n\u00ed sez\u00f3ny Andre Villas-Boas a pod jeho taktovkou m\u00ed\u0159\u00ed mu\u017estvo za t\u0159et\u00edm m\u00edstem. Proti Evertonu bude m\u00edt v\u0161ak Portugalec velk\u00e9 starosti se sestavou, n\u011bkolik jeho hr\u00e1\u010d\u016f utrp\u011blo zran\u011bn\u00ed, chyb\u011bt bude hlavn\u011b hv\u011bzdn\u00fd Gareth Bale. Jen\u017ee David Moyes spr\u00e1vn\u011b p\u0159ipom\u00edn\u00e1: <em>\u201eBale nebude hr\u00e1t? Vzpome\u0148te si ale, n\u00e1m chyb\u00ed Marouane Fellani a Steven Pienaar!\u201c<\/em><\/p>\n<p>Pro dom\u00e1c\u00ed jde o zaj\u00edmav\u00e9 utk\u00e1n\u00ed. Kdy\u017e pomine touhu oplatit neuv\u011b\u0159iteln\u00fd obrat Evertonu z prosincov\u00e9ho vz\u00e1jemn\u00e9ho z\u00e1pasu, prvn\u00ed st\u0159etnut\u00ed za Tottenham mana\u017eeroval legend\u00e1rn\u00ed Bill Nicholson pr\u00e1v\u011b proti Blues. Tehdy v roce 1958 z toho byla divok\u00e1 v\u00fdhra 10:4 pro Spursm.<\/p>\n<h4><strong>Z\u00e1pasov\u00e1 fakta<\/strong><\/h4>\n<p>Vz\u00e1jemn\u00e1<\/p>\n<ul>\n<li>Tottenham usp\u011bl za t\u0159i body jednou z posledn\u00edch 13 z\u00e1pas\u016f proti Evertonu<\/li>\n<li>v ned\u011bli se kluby st\u0159etnou po 165., dom\u00e1c\u00ed byli \u00fasp\u011b\u0161n\u011bj\u0161\u00ed v 60 p\u0159\u00edpadech, 49x se zrodila rem\u00edza a Toffees se radovali 55x.<\/li>\n<\/ul>\n<p>Tottenham<br \/>\n3. m\u00edsto s 57 body<\/p>\n<ul>\n<li>v lo\u0148sk\u00e9 sez\u00f3n\u011b ve stejn\u00e9 f\u00e1zi sout\u011b\u017ee pod Harrym Redknappem m\u011bl na kont\u011b o bod m\u00e9n\u011b<\/li>\n<li>je jedin\u00fdm t\u00fdm v Premier League, kter\u00fd na dom\u00e1c\u00ed p\u016fd\u011b nasb\u00edral m\u00e9n\u011b<\/li>\n<li>bod\u016f (28) ne\u017e venku (29)<\/li>\n<li>v leto\u0161n\u00edch 15 utk\u00e1n\u00edch na WHL vst\u0159elil 22 g\u00f3l\u016f<\/li>\n<li>v historii Premier League prohr\u00e1l v dubnu 35x, v\u00edcekr\u00e1t ne\u017e jak\u00fdkoliv jin\u00fd celek.<\/li>\n<\/ul>\n<p>Everton<\/p>\n<ul>\n<li>6. m\u00edsto s 51 body<\/li>\n<li>57% ze sv\u00fdch g\u00f3l\u016f v lize vs\u00edtil v prvn\u00edm polo\u010dase<\/li>\n<li>nevyhr\u00e1l v posledn\u00edch t\u0159ech venkovn\u00edch v\u00fdjezdech v Premier League, p\u0159i\u010dem\u017e v posledn\u00edch dvou dokonce prohr\u00e1l<\/li>\n<li>na venkovn\u00ed p\u016fd\u011b prohr\u00e1l naposledy t\u0159ikr\u00e1t za sebou mezi srpnem a \u0159\u00edjnem roku 2005<\/li>\n<li>bude se sna\u017eit o 600. ligovou venkovn\u00ed v\u00fdhrou.<\/li>\n<\/ul>\n<h4><strong>T\u00fdmov\u00e9 novinky<\/strong><\/h4>\n<p>Tottenham ve \u010dtvrtek remizoval ve \u010dtvrtfin\u00e1le Evropsk\u00e9 ligy doma s Basilej\u00ed 2:2 a zranili se mu t\u0159i hr\u00e1\u010di. Odpo\u010dinou si Gareth Bale (kotn\u00edk), Aaron Lennon a William Gallas (oba koleno). Del\u0161\u00ed dobu absentuj\u00ed Jermaine Defoe (sval) a Sandro s Younesem Kaboulem (oba koleno).<\/p>\n<p><strong>Tottenham Hotspur:<\/strong> Lloris, Friedel, Walker, Naughton, Dawson, Caulker, Gallas, Vertonghen, Assou-Ekotto, Lennon, Holtby, Livermore, Dembele, Carroll, Parker, Huddlestone, Sigurdsson, Dempsey, Adebayor.<\/p>\n<p>David Moyes se modl\u00ed, aby Kevin Mirallas vyl\u00e9\u010dil men\u0161\u00ed zdravotn\u00ed probl\u00e9my s t\u0159\u00edslem z posledn\u00ed kola proti Stoke. Ani net\u0159eba p\u0159ipom\u00ednat, jak je Belgi\u010dan pro ofenzivu Evertonu d\u016fle\u017eit\u00fd, zvl\u00e1\u0161\u0165 pokud kv\u016fli disciplin\u00e1rn\u00edm trest\u016fm nenastoup\u00ed Marouane Fellani a Steven Pienaar. St\u00e1le mimo hru s poran\u011bn\u00fdm l\u00fdtkem se nach\u00e1z\u00ed Tony Hibbert.<\/p>\n<p><strong>Everton:<\/strong> Howard, Mucha, Jagielka, Heitinga, Distin, Baines, Coleman, Gibson, Osman, Mirallas, Jelavi\u0107, Anichebe, Oviedo, Naismith, Barkley, Stones, Hitzlsperger, Duffy.<\/p>\n<p><strong>Co:<\/strong> Tottenham Hotspur FC &#8211; Everton FC, 32. kolo Premier League<br \/>\n<strong>Kdy:<\/strong> 07.04.2013 od 15:05 SE\u010c<br \/>\n<strong>Kde:<\/strong> White Hart Lane, Tottenham, Lond\u00fdn (kapacita: 36 310)<br \/>\n<strong>Rozhod\u010d\u00ed:<\/strong> Andre Marriner<\/p>\n<\/div>\n","protected":false},"excerpt":{"rendered":"<p>Duel na White Hart Lane si v boji o evropsk\u00e9 poh\u00e1ry rozhodn\u011b nezaslou\u017e\u00ed p\u0159\u00edvlastek rozhoduj\u00edc\u00ed, p\u0159\u00edpadn\u00e1 v\u00fdhra by v\u0161ak Tottenham,&hellip;<\/p>\n","protected":false},"author":6,"featured_media":1314,"comment_status":"open","ping_status":"closed","sticky":false,"template":"","format":"standard","meta":{"_eb_attr":"","_monsterinsights_skip_tracking":false,"_monsterinsights_sitenote_active":false,"_monsterinsights_sitenote_note":"","_monsterinsights_sitenote_category":0,"footnotes":""},"categories":[4],"tags":[],"yoast_head":"<!-- This site is optimized with the Yoast SEO plugin v23.4 - https:\/\/yoast.com\/wordpress\/plugins\/seo\/ -->\n<title>Preview: Tottenham Hotspur - Everton - Official Czech &amp; Slovak Everton Supporters&#039; Club<\/title>\n<meta name=\"robots\" content=\"index, follow, max-snippet:-1, max-image-preview:large, max-video-preview:-1\" \/>\n<link rel=\"canonical\" href=\"https:\/\/evertonfc.cz\/index.php\/2013\/04\/06\/preview-tottenham-hotspur-everton-6\/\" \/>\n<meta property=\"og:locale\" content=\"cs_CZ\" \/>\n<meta property=\"og:type\" content=\"article\" \/>\n<meta property=\"og:title\" content=\"Preview: Tottenham Hotspur - Everton - Official Czech &amp; Slovak Everton Supporters&#039; Club\" \/>\n<meta property=\"og:description\" content=\"Duel na White Hart Lane si v boji o evropsk\u00e9 poh\u00e1ry rozhodn\u011b nezaslou\u017e\u00ed p\u0159\u00edvlastek rozhoduj\u00edc\u00ed, p\u0159\u00edpadn\u00e1 v\u00fdhra by v\u0161ak Tottenham,&hellip;\" \/>\n<meta property=\"og:url\" content=\"https:\/\/evertonfc.cz\/index.php\/2013\/04\/06\/preview-tottenham-hotspur-everton-6\/\" \/>\n<meta property=\"og:site_name\" content=\"Official Czech &amp; Slovak Everton Supporters&#039; Club\" \/>\n<meta property=\"article:publisher\" content=\"https:\/\/www.facebook.com\/everton.fans.cz.sk\" \/>\n<meta property=\"article:published_time\" content=\"2013-04-06T21:05:56+00:00\" \/>\n<meta property=\"article:modified_time\" content=\"2019-02-15T09:36:58+00:00\" \/>\n<meta property=\"og:image\" content=\"https:\/\/evertonfc.cz\/wp-content\/uploads\/2019\/01\/preview.jpg\" \/>\n\t<meta property=\"og:image:width\" content=\"720\" \/>\n\t<meta property=\"og:image:height\" content=\"405\" \/>\n\t<meta property=\"og:image:type\" content=\"image\/jpeg\" \/>\n<meta name=\"author\" content=\"Ri\u010di\" \/>\n<meta name=\"twitter:card\" content=\"summary_large_image\" \/>\n<meta name=\"twitter:creator\" content=\"@rbrejsa\" \/>\n<meta name=\"twitter:label1\" content=\"Napsal(a)\" \/>\n\t<meta name=\"twitter:data1\" content=\"Ri\u010di\" \/>\n\t<meta name=\"twitter:label2\" content=\"Odhadovan\u00e1 doba \u010dten\u00ed\" \/>\n\t<meta name=\"twitter:data2\" content=\"3 minuty\" \/>\n<script type=\"application\/ld+json\" class=\"yoast-schema-graph\">{\"@context\":\"https:\/\/schema.org\",\"@graph\":[{\"@type\":\"Article\",\"@id\":\"https:\/\/evertonfc.cz\/index.php\/2013\/04\/06\/preview-tottenham-hotspur-everton-6\/#article\",\"isPartOf\":{\"@id\":\"https:\/\/evertonfc.cz\/index.php\/2013\/04\/06\/preview-tottenham-hotspur-everton-6\/\"},\"author\":{\"name\":\"Ri\u010di\",\"@id\":\"https:\/\/evertonfc.cz\/#\/schema\/person\/f7a5daedb2ffee98480bc70e191aaef1\"},\"headline\":\"Preview: Tottenham Hotspur &#8211; Everton\",\"datePublished\":\"2013-04-06T21:05:56+00:00\",\"dateModified\":\"2019-02-15T09:36:58+00:00\",\"mainEntityOfPage\":{\"@id\":\"https:\/\/evertonfc.cz\/index.php\/2013\/04\/06\/preview-tottenham-hotspur-everton-6\/\"},\"wordCount\":681,\"commentCount\":0,\"publisher\":{\"@id\":\"https:\/\/evertonfc.cz\/#organization\"},\"image\":{\"@id\":\"https:\/\/evertonfc.cz\/index.php\/2013\/04\/06\/preview-tottenham-hotspur-everton-6\/#primaryimage\"},\"thumbnailUrl\":\"https:\/\/evertonfc.cz\/wp-content\/uploads\/2019\/01\/preview.jpg\",\"articleSection\":[\"Z\u00e1pasy\"],\"inLanguage\":\"cs\",\"potentialAction\":[{\"@type\":\"CommentAction\",\"name\":\"Comment\",\"target\":[\"https:\/\/evertonfc.cz\/index.php\/2013\/04\/06\/preview-tottenham-hotspur-everton-6\/#respond\"]}]},{\"@type\":\"WebPage\",\"@id\":\"https:\/\/evertonfc.cz\/index.php\/2013\/04\/06\/preview-tottenham-hotspur-everton-6\/\",\"url\":\"https:\/\/evertonfc.cz\/index.php\/2013\/04\/06\/preview-tottenham-hotspur-everton-6\/\",\"name\":\"Preview: Tottenham Hotspur - Everton - Official Czech &amp; Slovak Everton Supporters&#039; Club\",\"isPartOf\":{\"@id\":\"https:\/\/evertonfc.cz\/#website\"},\"primaryImageOfPage\":{\"@id\":\"https:\/\/evertonfc.cz\/index.php\/2013\/04\/06\/preview-tottenham-hotspur-everton-6\/#primaryimage\"},\"image\":{\"@id\":\"https:\/\/evertonfc.cz\/index.php\/2013\/04\/06\/preview-tottenham-hotspur-everton-6\/#primaryimage\"},\"thumbnailUrl\":\"https:\/\/evertonfc.cz\/wp-content\/uploads\/2019\/01\/preview.jpg\",\"datePublished\":\"2013-04-06T21:05:56+00:00\",\"dateModified\":\"2019-02-15T09:36:58+00:00\",\"breadcrumb\":{\"@id\":\"https:\/\/evertonfc.cz\/index.php\/2013\/04\/06\/preview-tottenham-hotspur-everton-6\/#breadcrumb\"},\"inLanguage\":\"cs\",\"potentialAction\":[{\"@type\":\"ReadAction\",\"target\":[\"https:\/\/evertonfc.cz\/index.php\/2013\/04\/06\/preview-tottenham-hotspur-everton-6\/\"]}]},{\"@type\":\"ImageObject\",\"inLanguage\":\"cs\",\"@id\":\"https:\/\/evertonfc.cz\/index.php\/2013\/04\/06\/preview-tottenham-hotspur-everton-6\/#primaryimage\",\"url\":\"https:\/\/evertonfc.cz\/wp-content\/uploads\/2019\/01\/preview.jpg\",\"contentUrl\":\"https:\/\/evertonfc.cz\/wp-content\/uploads\/2019\/01\/preview.jpg\",\"width\":720,\"height\":405},{\"@type\":\"BreadcrumbList\",\"@id\":\"https:\/\/evertonfc.cz\/index.php\/2013\/04\/06\/preview-tottenham-hotspur-everton-6\/#breadcrumb\",\"itemListElement\":[{\"@type\":\"ListItem\",\"position\":1,\"name\":\"Home\",\"item\":\"https:\/\/evertonfc.cz\/\"},{\"@type\":\"ListItem\",\"position\":2,\"name\":\"Preview: Tottenham Hotspur &#8211; Everton\"}]},{\"@type\":\"WebSite\",\"@id\":\"https:\/\/evertonfc.cz\/#website\",\"url\":\"https:\/\/evertonfc.cz\/\",\"name\":\"Official Czech &amp; Slovak Everton Supporters&#039; Club\",\"description\":\"\",\"publisher\":{\"@id\":\"https:\/\/evertonfc.cz\/#organization\"},\"potentialAction\":[{\"@type\":\"SearchAction\",\"target\":{\"@type\":\"EntryPoint\",\"urlTemplate\":\"https:\/\/evertonfc.cz\/?s={search_term_string}\"},\"query-input\":{\"@type\":\"PropertyValueSpecification\",\"valueRequired\":true,\"valueName\":\"search_term_string\"}}],\"inLanguage\":\"cs\"},{\"@type\":\"Organization\",\"@id\":\"https:\/\/evertonfc.cz\/#organization\",\"name\":\"Official Czech & Slovak Everton Supporters' Club\",\"url\":\"https:\/\/evertonfc.cz\/\",\"logo\":{\"@type\":\"ImageObject\",\"inLanguage\":\"cs\",\"@id\":\"https:\/\/evertonfc.cz\/#\/schema\/logo\/image\/\",\"url\":\"https:\/\/evertonfc.cz\/wp-content\/uploads\/2019\/05\/logo.png\",\"contentUrl\":\"https:\/\/evertonfc.cz\/wp-content\/uploads\/2019\/05\/logo.png\",\"width\":112,\"height\":112,\"caption\":\"Official Czech & Slovak Everton Supporters' Club\"},\"image\":{\"@id\":\"https:\/\/evertonfc.cz\/#\/schema\/logo\/image\/\"},\"sameAs\":[\"https:\/\/www.facebook.com\/everton.fans.cz.sk\"]},{\"@type\":\"Person\",\"@id\":\"https:\/\/evertonfc.cz\/#\/schema\/person\/f7a5daedb2ffee98480bc70e191aaef1\",\"name\":\"Ri\u010di\",\"sameAs\":[\"https:\/\/x.com\/rbrejsa\"],\"url\":\"https:\/\/evertonfc.cz\/index.php\/author\/rici\/\"}]}<\/script>\n<!-- \/ Yoast SEO plugin. -->","yoast_head_json":{"title":"Preview: Tottenham Hotspur - Everton - Official Czech &amp; Slovak Everton Supporters&#039; Club","robots":{"index":"index","follow":"follow","max-snippet":"max-snippet:-1","max-image-preview":"max-image-preview:large","max-video-preview":"max-video-preview:-1"},"canonical":"https:\/\/evertonfc.cz\/index.php\/2013\/04\/06\/preview-tottenham-hotspur-everton-6\/","og_locale":"cs_CZ","og_type":"article","og_title":"Preview: Tottenham Hotspur - Everton - Official Czech &amp; Slovak Everton Supporters&#039; Club","og_description":"Duel na White Hart Lane si v boji o evropsk\u00e9 poh\u00e1ry rozhodn\u011b nezaslou\u017e\u00ed p\u0159\u00edvlastek rozhoduj\u00edc\u00ed, p\u0159\u00edpadn\u00e1 v\u00fdhra by v\u0161ak Tottenham,&hellip;","og_url":"https:\/\/evertonfc.cz\/index.php\/2013\/04\/06\/preview-tottenham-hotspur-everton-6\/","og_site_name":"Official Czech &amp; Slovak Everton Supporters&#039; Club","article_publisher":"https:\/\/www.facebook.com\/everton.fans.cz.sk","article_published_time":"2013-04-06T21:05:56+00:00","article_modified_time":"2019-02-15T09:36:58+00:00","og_image":[{"width":720,"height":405,"url":"https:\/\/evertonfc.cz\/wp-content\/uploads\/2019\/01\/preview.jpg","type":"image\/jpeg"}],"author":"Ri\u010di","twitter_card":"summary_large_image","twitter_creator":"@rbrejsa","twitter_misc":{"Napsal(a)":"Ri\u010di","Odhadovan\u00e1 doba \u010dten\u00ed":"3 minuty"},"schema":{"@context":"https:\/\/schema.org","@graph":[{"@type":"Article","@id":"https:\/\/evertonfc.cz\/index.php\/2013\/04\/06\/preview-tottenham-hotspur-everton-6\/#article","isPartOf":{"@id":"https:\/\/evertonfc.cz\/index.php\/2013\/04\/06\/preview-tottenham-hotspur-everton-6\/"},"author":{"name":"Ri\u010di","@id":"https:\/\/evertonfc.cz\/#\/schema\/person\/f7a5daedb2ffee98480bc70e191aaef1"},"headline":"Preview: Tottenham Hotspur &#8211; Everton","datePublished":"2013-04-06T21:05:56+00:00","dateModified":"2019-02-15T09:36:58+00:00","mainEntityOfPage":{"@id":"https:\/\/evertonfc.cz\/index.php\/2013\/04\/06\/preview-tottenham-hotspur-everton-6\/"},"wordCount":681,"commentCount":0,"publisher":{"@id":"https:\/\/evertonfc.cz\/#organization"},"image":{"@id":"https:\/\/evertonfc.cz\/index.php\/2013\/04\/06\/preview-tottenham-hotspur-everton-6\/#primaryimage"},"thumbnailUrl":"https:\/\/evertonfc.cz\/wp-content\/uploads\/2019\/01\/preview.jpg","articleSection":["Z\u00e1pasy"],"inLanguage":"cs","potentialAction":[{"@type":"CommentAction","name":"Comment","target":["https:\/\/evertonfc.cz\/index.php\/2013\/04\/06\/preview-tottenham-hotspur-everton-6\/#respond"]}]},{"@type":"WebPage","@id":"https:\/\/evertonfc.cz\/index.php\/2013\/04\/06\/preview-tottenham-hotspur-everton-6\/","url":"https:\/\/evertonfc.cz\/index.php\/2013\/04\/06\/preview-tottenham-hotspur-everton-6\/","name":"Preview: Tottenham Hotspur - Everton - Official Czech &amp; Slovak Everton Supporters&#039; Club","isPartOf":{"@id":"https:\/\/evertonfc.cz\/#website"},"primaryImageOfPage":{"@id":"https:\/\/evertonfc.cz\/index.php\/2013\/04\/06\/preview-tottenham-hotspur-everton-6\/#primaryimage"},"image":{"@id":"https:\/\/evertonfc.cz\/index.php\/2013\/04\/06\/preview-tottenham-hotspur-everton-6\/#primaryimage"},"thumbnailUrl":"https:\/\/evertonfc.cz\/wp-content\/uploads\/2019\/01\/preview.jpg","datePublished":"2013-04-06T21:05:56+00:00","dateModified":"2019-02-15T09:36:58+00:00","breadcrumb":{"@id":"https:\/\/evertonfc.cz\/index.php\/2013\/04\/06\/preview-tottenham-hotspur-everton-6\/#breadcrumb"},"inLanguage":"cs","potentialAction":[{"@type":"ReadAction","target":["https:\/\/evertonfc.cz\/index.php\/2013\/04\/06\/preview-tottenham-hotspur-everton-6\/"]}]},{"@type":"ImageObject","inLanguage":"cs","@id":"https:\/\/evertonfc.cz\/index.php\/2013\/04\/06\/preview-tottenham-hotspur-everton-6\/#primaryimage","url":"https:\/\/evertonfc.cz\/wp-content\/uploads\/2019\/01\/preview.jpg","contentUrl":"https:\/\/evertonfc.cz\/wp-content\/uploads\/2019\/01\/preview.jpg","width":720,"height":405},{"@type":"BreadcrumbList","@id":"https:\/\/evertonfc.cz\/index.php\/2013\/04\/06\/preview-tottenham-hotspur-everton-6\/#breadcrumb","itemListElement":[{"@type":"ListItem","position":1,"name":"Home","item":"https:\/\/evertonfc.cz\/"},{"@type":"ListItem","position":2,"name":"Preview: Tottenham Hotspur &#8211; Everton"}]},{"@type":"WebSite","@id":"https:\/\/evertonfc.cz\/#website","url":"https:\/\/evertonfc.cz\/","name":"Official Czech &amp; Slovak Everton Supporters&#039; Club","description":"","publisher":{"@id":"https:\/\/evertonfc.cz\/#organization"},"potentialAction":[{"@type":"SearchAction","target":{"@type":"EntryPoint","urlTemplate":"https:\/\/evertonfc.cz\/?s={search_term_string}"},"query-input":{"@type":"PropertyValueSpecification","valueRequired":true,"valueName":"search_term_string"}}],"inLanguage":"cs"},{"@type":"Organization","@id":"https:\/\/evertonfc.cz\/#organization","name":"Official Czech & Slovak Everton Supporters' Club","url":"https:\/\/evertonfc.cz\/","logo":{"@type":"ImageObject","inLanguage":"cs","@id":"https:\/\/evertonfc.cz\/#\/schema\/logo\/image\/","url":"https:\/\/evertonfc.cz\/wp-content\/uploads\/2019\/05\/logo.png","contentUrl":"https:\/\/evertonfc.cz\/wp-content\/uploads\/2019\/05\/logo.png","width":112,"height":112,"caption":"Official Czech & Slovak Everton Supporters' Club"},"image":{"@id":"https:\/\/evertonfc.cz\/#\/schema\/logo\/image\/"},"sameAs":["https:\/\/www.facebook.com\/everton.fans.cz.sk"]},{"@type":"Person","@id":"https:\/\/evertonfc.cz\/#\/schema\/person\/f7a5daedb2ffee98480bc70e191aaef1","name":"Ri\u010di","sameAs":["https:\/\/x.com\/rbrejsa"],"url":"https:\/\/evertonfc.cz\/index.php\/author\/rici\/"}]}},"_links":{"self":[{"href":"https:\/\/evertonfc.cz\/index.php\/wp-json\/wp\/v2\/posts\/5427"}],"collection":[{"href":"https:\/\/evertonfc.cz\/index.php\/wp-json\/wp\/v2\/posts"}],"about":[{"href":"https:\/\/evertonfc.cz\/index.php\/wp-json\/wp\/v2\/types\/post"}],"author":[{"embeddable":true,"href":"https:\/\/evertonfc.cz\/index.php\/wp-json\/wp\/v2\/users\/6"}],"replies":[{"embeddable":true,"href":"https:\/\/evertonfc.cz\/index.php\/wp-json\/wp\/v2\/comments?post=5427"}],"version-history":[{"count":3,"href":"https:\/\/evertonfc.cz\/index.php\/wp-json\/wp\/v2\/posts\/5427\/revisions"}],"predecessor-version":[{"id":5611,"href":"https:\/\/evertonfc.cz\/index.php\/wp-json\/wp\/v2\/posts\/5427\/revisions\/5611"}],"wp:featuredmedia":[{"embeddable":true,"href":"https:\/\/evertonfc.cz\/index.php\/wp-json\/wp\/v2\/media\/1314"}],"wp:attachment":[{"href":"https:\/\/evertonfc.cz\/index.php\/wp-json\/wp\/v2\/media?parent=5427"}],"wp:term":[{"taxonomy":"category","embeddable":true,"href":"https:\/\/evertonfc.cz\/index.php\/wp-json\/wp\/v2\/categories?post=5427"},{"taxonomy":"post_tag","embeddable":true,"href":"https:\/\/evertonfc.cz\/index.php\/wp-json\/wp\/v2\/tags?post=5427"}],"curies":[{"name":"wp","href":"https:\/\/api.w.org\/{rel}","templated":true}]}}