{"id":5623,"date":"2011-08-20T12:21:07","date_gmt":"2011-08-20T10:21:07","guid":{"rendered":"http:\/\/evertonfc.cz\/?p=5623"},"modified":"2019-02-15T12:22:09","modified_gmt":"2019-02-15T11:22:09","slug":"everton-qpr-01","status":"publish","type":"post","link":"https:\/\/evertonfc.cz\/index.php\/2011\/08\/20\/everton-qpr-01\/","title":{"rendered":"Everton &#8211; QPR 0:1"},"content":{"rendered":"<h4>\u010cekal n\u011bkdo v\u016fbec n\u011bco jin\u00e9ho? Everton doma prohr\u00e1l s nov\u00e1\u010dkem a prvn\u00ed z\u00e1pas sezony p\u0159inesl zcela ne\u010dekan\u011b jen zmar a naprost\u00e9 znechucen\u00ed.<\/h4>\n<div id=\"NewsPostDetailContent\">\n<p>Lo\u0148sk\u00e1 sezona jako p\u0159es kop\u00edr\u00e1k? Ten kdo dnes vid\u011bl tragikomedii borc\u016f v modr\u00e9m, jist\u011b v\u00fdrazn\u00e9 podobnosti nemohl p\u0159ehl\u00e9dnout. V\u017edy\u0165 u\u017e je to unavuj\u00edc\u00ed sc\u00e9n\u00e1\u0159 &#8211; dr\u017een\u00ed m\u00ed\u010de, zahozen\u00e9 \u0161ance, chyba obrany vedouc\u00ed ke g\u00f3lu soupe\u0159e a n\u00e1sledn\u00e9 marn\u00e9 dob\u00fdv\u00e1n\u00ed \u0161estn\u00e1ctky. V\u00edtejte v sezon\u011b 2011\/12, v\u0161e z\u016fst\u00e1v\u00e1 p\u0159i star\u00e9m.<\/p>\n<p>Z\u00e1kladn\u00ed jeden\u00e1ctka p\u0159itom p\u0159inesla p\u0159\u00edjemn\u00e9 p\u0159ekvapen\u00ed. Ve\u0161el se do n\u00ed toti\u017e Ross Barkley, a to na \u00fakor Artety, kter\u00fd nejsp\u00ed\u0161 je\u0161t\u011b nen\u00ed fit nastupovat do utk\u00e1n\u00ed od za\u010d\u00e1tku. Jinak ale David Moyes p\u0159ipravil klasiku s Timem Cahillem na podhrotu, p\u0159ed n\u011bj\u017e se postavil Jermaine Beckford.<\/p>\n<p>Everton vstoupil do utk\u00e1n\u00ed aktivn\u011b a brzk\u00e1 snaha mohla p\u0159in\u00e9st ovoce ji\u017e po n\u011bkolika minut\u00e1ch. Jacka Rodwella poslal ve v\u00e1pn\u011b k zemi Matt Connolly, p\u00ed\u0161\u0165alka sud\u00edho ov\u0161em z\u016fstala n\u011bm\u00e1, by\u0165 z\u00e1krok nejsp\u00ed\u0161 na penaltu byl. Dop\u0159edu se Toffees cpali d\u00e1l a zanedlouho na sebe upozornil mladi\u010dk\u00fd Barkley, kdy\u017e si po \u0161ikovn\u00e9m pr\u016fniku vyslou\u017eil p\u0159\u00edm\u00fd voln\u00fd kop z velice slibn\u00e9 pozice. K m\u00ed\u010di se postavil Leighton Baines a zpoza zdi sledoval, jak jeho pokus m\u00ed\u0159\u00ed do b\u0159evna Kennyho br\u00e1ny.<\/p>\n<p>Je\u0161t\u011b v\u011bt\u0161\u00ed \u0161anci Blues zahodili o p\u00e1r okam\u017eik\u016f pozd\u011bji. Beckford\u016fv p\u0159\u00edzemn\u00ed centr dol\u00e9tl ke Cahillovi, ale ten p\u0159edvedl nev\u00eddan\u00e9 &#8211; z dvou metr\u016f hlavou netrefil zcela odkrytou br\u00e1nu. To u\u017e se ale o slovo za\u010dali hl\u00e1sit i host\u00e9 a netrvalo jim dlouho, ne\u017e aktivitu p\u0159\u00edkladn\u011b tu\u017eitkovali. Neschopnosti obrany Evertonu odkopnout m\u00ed\u010d do bezpe\u010d\u00ed a tak\u00e9 mizern\u00e9 pozi\u010dn\u00ed hry vyu\u017eil Smith a m\u00ed\u010d poslal ke vzd\u00e1len\u011bj\u0161\u00ed ty\u010di, kam u\u017e Tim Howard nedos\u00e1hl. Do konce polo\u010dasu je\u0161t\u011b na br\u00e1nu hlavi\u010dkoval Beckford, ov\u0161em nikterak nebezpe\u010dn\u011b.<\/p>\n<p>Druh\u00e9 d\u011bjstv\u00ed m\u011blo na\u0161l\u00e1pnuto k dokonal\u00e9mu startu. V\u017edy\u0165 ub\u011bhlo jen n\u011bkolik vte\u0159in, kdy\u017e se p\u0159ed Rodwellem otev\u0159ela voln\u00e1 br\u00e1na. Jen\u017ee mlad\u00edk zpanika\u0159il a technicky vzato &#8222;malou dom\u016f&#8220; jen pozdravil d\u011bkuj\u00edc\u00edho Paddyho Kennyho. V\u00edce p\u0159\u00edle\u017eitost\u00ed, jak napravit svoje zav\u00e1h\u00e1n\u00ed u\u017e ale Rodwell nedostal, na h\u0159i\u0161t\u011b toti\u017e m\u00edsto n\u011bj vyb\u011bhnul Arteta, kter\u00e9ho zanedlouho n\u00e1sledoval Marouane Fellainiho, za kter\u00e9ho Moyes bizarn\u011b ob\u011btoval jedin\u00e9ho \u00fato\u010dn\u00edka na h\u0159i\u0161ti, Beckforda.<\/p>\n<p>Bez hrotu se tak Blues d\u00e1l sna\u017eili naj\u00edt kl\u00ed\u010d k zam\u010den\u00fdm dve\u0159\u00edm, ale jak \u010das ub\u00edhal, z jejich pokus\u016f vyza\u0159ovala \u010d\u00edm d\u00e1l v\u011bt\u0161\u00ed marnost a zoufalost. Nepomohl ani t\u0159et\u00ed st\u0159\u00eddaj\u00edc\u00ed Louis Saha. Zodpov\u011bdnost tak na sebe cht\u011bl vz\u00edt nejlep\u0161\u00ed hr\u00e1\u010d Evertonu na h\u0159i\u0161ti, Ross Barkley, kdy\u017e jeho st\u0159ela z dvaceti metr\u016f prosvi\u0161t\u011bla t\u011bsn\u011b kolem ty\u010de.<\/p>\n<p>A aby frustruj\u00edc\u00edch devades\u00e1t minut Toffees zavr\u0161ili, prome\u0161kali v nastaven\u00ed posledn\u00ed \u0161anci, jak srovnat &#8211; tentokr\u00e1t do brank\u00e1\u0159ovy n\u00e1ru\u010de po Bainesov\u011b centru hlavi\u010dkoval Fellaini. QPR tak svoje veden\u00ed udr\u017eelo, cel\u00fd Everton m\u00e1 zase p\u0159ed p\u0159\u00ed\u0161t\u00edm z\u00e1pasem hodn\u011b o \u010dem p\u0159em\u00fd\u0161let.<\/p>\n<p><strong>Everton:<\/strong> Howard, Neville, Distin, Jagielka, Baines, Osman, Heitinga (73. Saha), Rodwell (54. Arteta), Barkley, Cahill, Beckford (62. Fellaini)<\/p>\n<p><strong>QPR: <\/strong>Kenny, Orr, Hall, Gabbidon, Connolly, Faurlin, Buzsaky, Taarabt, Derry, Smith (65. Ephraim), Agyemang (55. Bothroyd)<\/p>\n<p><strong>Hodnocen\u00ed hr\u00e1\u010d\u016f: <\/strong>Howard 6, Neville 4, Distin 6, Jagielka 5, Baines 7, Osman 6, Heitinga 6, Rodwell 5, Barkley 8, Cahill 4, Beckford 5, Arteta 5, Fellaini 6, Saha 5<\/p>\n<p><strong>G\u00f3l:<\/strong> 30. Smith<\/p>\n<p><strong>\u017dlut\u00e9 karty:<\/strong> Osman &#8211; Hall<\/p>\n<p><strong>Dr\u017een\u00ed m\u00ed\u010de:<\/strong> 52% &#8211; 48%<\/p>\n<p><strong>St\u0159ely na br\u00e1nu:<\/strong> 7 &#8211; 3<\/p>\n<p><strong>St\u0159ely mimo br\u00e1nu:<\/strong> 7 &#8211; 1<\/p>\n<p><strong>Rohov\u00e9 kopy:<\/strong> 2 &#8211; 1<\/p>\n<p><strong>Fauly:<\/strong> 12 &#8211; 9<\/p>\n<\/div>\n","protected":false},"excerpt":{"rendered":"<p>\u010cekal n\u011bkdo v\u016fbec n\u011bco jin\u00e9ho? Everton doma prohr\u00e1l s nov\u00e1\u010dkem a prvn\u00ed z\u00e1pas sezony p\u0159inesl zcela ne\u010dekan\u011b jen zmar a&hellip;<\/p>\n","protected":false},"author":7,"featured_media":1315,"comment_status":"open","ping_status":"closed","sticky":false,"template":"","format":"standard","meta":{"_eb_attr":"","_monsterinsights_skip_tracking":false,"_monsterinsights_sitenote_active":false,"_monsterinsights_sitenote_note":"","_monsterinsights_sitenote_category":0,"footnotes":""},"categories":[4],"tags":[],"yoast_head":"<!-- This site is optimized with the Yoast SEO plugin v23.4 - https:\/\/yoast.com\/wordpress\/plugins\/seo\/ -->\n<title>Everton - QPR 0:1 - Official Czech &amp; Slovak Everton Supporters&#039; Club<\/title>\n<meta name=\"robots\" content=\"index, follow, max-snippet:-1, max-image-preview:large, max-video-preview:-1\" \/>\n<link rel=\"canonical\" href=\"https:\/\/evertonfc.cz\/index.php\/2011\/08\/20\/everton-qpr-01\/\" \/>\n<meta property=\"og:locale\" content=\"cs_CZ\" \/>\n<meta property=\"og:type\" content=\"article\" \/>\n<meta property=\"og:title\" content=\"Everton - QPR 0:1 - Official Czech &amp; Slovak Everton Supporters&#039; Club\" \/>\n<meta property=\"og:description\" content=\"\u010cekal n\u011bkdo v\u016fbec n\u011bco jin\u00e9ho? Everton doma prohr\u00e1l s nov\u00e1\u010dkem a prvn\u00ed z\u00e1pas sezony p\u0159inesl zcela ne\u010dekan\u011b jen zmar a&hellip;\" \/>\n<meta property=\"og:url\" content=\"https:\/\/evertonfc.cz\/index.php\/2011\/08\/20\/everton-qpr-01\/\" \/>\n<meta property=\"og:site_name\" content=\"Official Czech &amp; Slovak Everton Supporters&#039; Club\" \/>\n<meta property=\"article:publisher\" content=\"https:\/\/www.facebook.com\/everton.fans.cz.sk\" \/>\n<meta property=\"article:published_time\" content=\"2011-08-20T10:21:07+00:00\" \/>\n<meta property=\"article:modified_time\" content=\"2019-02-15T11:22:09+00:00\" \/>\n<meta property=\"og:image\" content=\"https:\/\/evertonfc.cz\/wp-content\/uploads\/2019\/01\/report.jpg\" \/>\n\t<meta property=\"og:image:width\" content=\"720\" \/>\n\t<meta property=\"og:image:height\" content=\"405\" \/>\n\t<meta property=\"og:image:type\" content=\"image\/jpeg\" \/>\n<meta name=\"author\" content=\"Me\u0148a\" \/>\n<meta name=\"twitter:card\" content=\"summary_large_image\" \/>\n<meta name=\"twitter:label1\" content=\"Napsal(a)\" \/>\n\t<meta name=\"twitter:data1\" content=\"Me\u0148a\" \/>\n\t<meta name=\"twitter:label2\" content=\"Odhadovan\u00e1 doba \u010dten\u00ed\" \/>\n\t<meta name=\"twitter:data2\" content=\"3 minuty\" \/>\n<script type=\"application\/ld+json\" class=\"yoast-schema-graph\">{\"@context\":\"https:\/\/schema.org\",\"@graph\":[{\"@type\":\"Article\",\"@id\":\"https:\/\/evertonfc.cz\/index.php\/2011\/08\/20\/everton-qpr-01\/#article\",\"isPartOf\":{\"@id\":\"https:\/\/evertonfc.cz\/index.php\/2011\/08\/20\/everton-qpr-01\/\"},\"author\":{\"name\":\"Me\u0148a\",\"@id\":\"https:\/\/evertonfc.cz\/#\/schema\/person\/cd6328a75577de2add7793fd4b0930c3\"},\"headline\":\"Everton &#8211; QPR 0:1\",\"datePublished\":\"2011-08-20T10:21:07+00:00\",\"dateModified\":\"2019-02-15T11:22:09+00:00\",\"mainEntityOfPage\":{\"@id\":\"https:\/\/evertonfc.cz\/index.php\/2011\/08\/20\/everton-qpr-01\/\"},\"wordCount\":685,\"commentCount\":0,\"publisher\":{\"@id\":\"https:\/\/evertonfc.cz\/#organization\"},\"image\":{\"@id\":\"https:\/\/evertonfc.cz\/index.php\/2011\/08\/20\/everton-qpr-01\/#primaryimage\"},\"thumbnailUrl\":\"https:\/\/evertonfc.cz\/wp-content\/uploads\/2019\/01\/report.jpg\",\"articleSection\":[\"Z\u00e1pasy\"],\"inLanguage\":\"cs\",\"potentialAction\":[{\"@type\":\"CommentAction\",\"name\":\"Comment\",\"target\":[\"https:\/\/evertonfc.cz\/index.php\/2011\/08\/20\/everton-qpr-01\/#respond\"]}]},{\"@type\":\"WebPage\",\"@id\":\"https:\/\/evertonfc.cz\/index.php\/2011\/08\/20\/everton-qpr-01\/\",\"url\":\"https:\/\/evertonfc.cz\/index.php\/2011\/08\/20\/everton-qpr-01\/\",\"name\":\"Everton - QPR 0:1 - Official Czech &amp; Slovak Everton Supporters&#039; Club\",\"isPartOf\":{\"@id\":\"https:\/\/evertonfc.cz\/#website\"},\"primaryImageOfPage\":{\"@id\":\"https:\/\/evertonfc.cz\/index.php\/2011\/08\/20\/everton-qpr-01\/#primaryimage\"},\"image\":{\"@id\":\"https:\/\/evertonfc.cz\/index.php\/2011\/08\/20\/everton-qpr-01\/#primaryimage\"},\"thumbnailUrl\":\"https:\/\/evertonfc.cz\/wp-content\/uploads\/2019\/01\/report.jpg\",\"datePublished\":\"2011-08-20T10:21:07+00:00\",\"dateModified\":\"2019-02-15T11:22:09+00:00\",\"breadcrumb\":{\"@id\":\"https:\/\/evertonfc.cz\/index.php\/2011\/08\/20\/everton-qpr-01\/#breadcrumb\"},\"inLanguage\":\"cs\",\"potentialAction\":[{\"@type\":\"ReadAction\",\"target\":[\"https:\/\/evertonfc.cz\/index.php\/2011\/08\/20\/everton-qpr-01\/\"]}]},{\"@type\":\"ImageObject\",\"inLanguage\":\"cs\",\"@id\":\"https:\/\/evertonfc.cz\/index.php\/2011\/08\/20\/everton-qpr-01\/#primaryimage\",\"url\":\"https:\/\/evertonfc.cz\/wp-content\/uploads\/2019\/01\/report.jpg\",\"contentUrl\":\"https:\/\/evertonfc.cz\/wp-content\/uploads\/2019\/01\/report.jpg\",\"width\":720,\"height\":405},{\"@type\":\"BreadcrumbList\",\"@id\":\"https:\/\/evertonfc.cz\/index.php\/2011\/08\/20\/everton-qpr-01\/#breadcrumb\",\"itemListElement\":[{\"@type\":\"ListItem\",\"position\":1,\"name\":\"Home\",\"item\":\"https:\/\/evertonfc.cz\/\"},{\"@type\":\"ListItem\",\"position\":2,\"name\":\"Everton &#8211; QPR 0:1\"}]},{\"@type\":\"WebSite\",\"@id\":\"https:\/\/evertonfc.cz\/#website\",\"url\":\"https:\/\/evertonfc.cz\/\",\"name\":\"Official Czech &amp; Slovak Everton Supporters&#039; Club\",\"description\":\"\",\"publisher\":{\"@id\":\"https:\/\/evertonfc.cz\/#organization\"},\"potentialAction\":[{\"@type\":\"SearchAction\",\"target\":{\"@type\":\"EntryPoint\",\"urlTemplate\":\"https:\/\/evertonfc.cz\/?s={search_term_string}\"},\"query-input\":{\"@type\":\"PropertyValueSpecification\",\"valueRequired\":true,\"valueName\":\"search_term_string\"}}],\"inLanguage\":\"cs\"},{\"@type\":\"Organization\",\"@id\":\"https:\/\/evertonfc.cz\/#organization\",\"name\":\"Official Czech & Slovak Everton Supporters' Club\",\"url\":\"https:\/\/evertonfc.cz\/\",\"logo\":{\"@type\":\"ImageObject\",\"inLanguage\":\"cs\",\"@id\":\"https:\/\/evertonfc.cz\/#\/schema\/logo\/image\/\",\"url\":\"https:\/\/evertonfc.cz\/wp-content\/uploads\/2019\/05\/logo.png\",\"contentUrl\":\"https:\/\/evertonfc.cz\/wp-content\/uploads\/2019\/05\/logo.png\",\"width\":112,\"height\":112,\"caption\":\"Official Czech & Slovak Everton Supporters' Club\"},\"image\":{\"@id\":\"https:\/\/evertonfc.cz\/#\/schema\/logo\/image\/\"},\"sameAs\":[\"https:\/\/www.facebook.com\/everton.fans.cz.sk\"]},{\"@type\":\"Person\",\"@id\":\"https:\/\/evertonfc.cz\/#\/schema\/person\/cd6328a75577de2add7793fd4b0930c3\",\"name\":\"Me\u0148a\",\"url\":\"https:\/\/evertonfc.cz\/index.php\/author\/mena\/\"}]}<\/script>\n<!-- \/ Yoast SEO plugin. -->","yoast_head_json":{"title":"Everton - QPR 0:1 - Official Czech &amp; Slovak Everton Supporters&#039; Club","robots":{"index":"index","follow":"follow","max-snippet":"max-snippet:-1","max-image-preview":"max-image-preview:large","max-video-preview":"max-video-preview:-1"},"canonical":"https:\/\/evertonfc.cz\/index.php\/2011\/08\/20\/everton-qpr-01\/","og_locale":"cs_CZ","og_type":"article","og_title":"Everton - QPR 0:1 - Official Czech &amp; Slovak Everton Supporters&#039; Club","og_description":"\u010cekal n\u011bkdo v\u016fbec n\u011bco jin\u00e9ho? Everton doma prohr\u00e1l s nov\u00e1\u010dkem a prvn\u00ed z\u00e1pas sezony p\u0159inesl zcela ne\u010dekan\u011b jen zmar a&hellip;","og_url":"https:\/\/evertonfc.cz\/index.php\/2011\/08\/20\/everton-qpr-01\/","og_site_name":"Official Czech &amp; Slovak Everton Supporters&#039; Club","article_publisher":"https:\/\/www.facebook.com\/everton.fans.cz.sk","article_published_time":"2011-08-20T10:21:07+00:00","article_modified_time":"2019-02-15T11:22:09+00:00","og_image":[{"width":720,"height":405,"url":"https:\/\/evertonfc.cz\/wp-content\/uploads\/2019\/01\/report.jpg","type":"image\/jpeg"}],"author":"Me\u0148a","twitter_card":"summary_large_image","twitter_misc":{"Napsal(a)":"Me\u0148a","Odhadovan\u00e1 doba \u010dten\u00ed":"3 minuty"},"schema":{"@context":"https:\/\/schema.org","@graph":[{"@type":"Article","@id":"https:\/\/evertonfc.cz\/index.php\/2011\/08\/20\/everton-qpr-01\/#article","isPartOf":{"@id":"https:\/\/evertonfc.cz\/index.php\/2011\/08\/20\/everton-qpr-01\/"},"author":{"name":"Me\u0148a","@id":"https:\/\/evertonfc.cz\/#\/schema\/person\/cd6328a75577de2add7793fd4b0930c3"},"headline":"Everton &#8211; QPR 0:1","datePublished":"2011-08-20T10:21:07+00:00","dateModified":"2019-02-15T11:22:09+00:00","mainEntityOfPage":{"@id":"https:\/\/evertonfc.cz\/index.php\/2011\/08\/20\/everton-qpr-01\/"},"wordCount":685,"commentCount":0,"publisher":{"@id":"https:\/\/evertonfc.cz\/#organization"},"image":{"@id":"https:\/\/evertonfc.cz\/index.php\/2011\/08\/20\/everton-qpr-01\/#primaryimage"},"thumbnailUrl":"https:\/\/evertonfc.cz\/wp-content\/uploads\/2019\/01\/report.jpg","articleSection":["Z\u00e1pasy"],"inLanguage":"cs","potentialAction":[{"@type":"CommentAction","name":"Comment","target":["https:\/\/evertonfc.cz\/index.php\/2011\/08\/20\/everton-qpr-01\/#respond"]}]},{"@type":"WebPage","@id":"https:\/\/evertonfc.cz\/index.php\/2011\/08\/20\/everton-qpr-01\/","url":"https:\/\/evertonfc.cz\/index.php\/2011\/08\/20\/everton-qpr-01\/","name":"Everton - QPR 0:1 - Official Czech &amp; Slovak Everton Supporters&#039; Club","isPartOf":{"@id":"https:\/\/evertonfc.cz\/#website"},"primaryImageOfPage":{"@id":"https:\/\/evertonfc.cz\/index.php\/2011\/08\/20\/everton-qpr-01\/#primaryimage"},"image":{"@id":"https:\/\/evertonfc.cz\/index.php\/2011\/08\/20\/everton-qpr-01\/#primaryimage"},"thumbnailUrl":"https:\/\/evertonfc.cz\/wp-content\/uploads\/2019\/01\/report.jpg","datePublished":"2011-08-20T10:21:07+00:00","dateModified":"2019-02-15T11:22:09+00:00","breadcrumb":{"@id":"https:\/\/evertonfc.cz\/index.php\/2011\/08\/20\/everton-qpr-01\/#breadcrumb"},"inLanguage":"cs","potentialAction":[{"@type":"ReadAction","target":["https:\/\/evertonfc.cz\/index.php\/2011\/08\/20\/everton-qpr-01\/"]}]},{"@type":"ImageObject","inLanguage":"cs","@id":"https:\/\/evertonfc.cz\/index.php\/2011\/08\/20\/everton-qpr-01\/#primaryimage","url":"https:\/\/evertonfc.cz\/wp-content\/uploads\/2019\/01\/report.jpg","contentUrl":"https:\/\/evertonfc.cz\/wp-content\/uploads\/2019\/01\/report.jpg","width":720,"height":405},{"@type":"BreadcrumbList","@id":"https:\/\/evertonfc.cz\/index.php\/2011\/08\/20\/everton-qpr-01\/#breadcrumb","itemListElement":[{"@type":"ListItem","position":1,"name":"Home","item":"https:\/\/evertonfc.cz\/"},{"@type":"ListItem","position":2,"name":"Everton &#8211; QPR 0:1"}]},{"@type":"WebSite","@id":"https:\/\/evertonfc.cz\/#website","url":"https:\/\/evertonfc.cz\/","name":"Official Czech &amp; Slovak Everton Supporters&#039; Club","description":"","publisher":{"@id":"https:\/\/evertonfc.cz\/#organization"},"potentialAction":[{"@type":"SearchAction","target":{"@type":"EntryPoint","urlTemplate":"https:\/\/evertonfc.cz\/?s={search_term_string}"},"query-input":{"@type":"PropertyValueSpecification","valueRequired":true,"valueName":"search_term_string"}}],"inLanguage":"cs"},{"@type":"Organization","@id":"https:\/\/evertonfc.cz\/#organization","name":"Official Czech & Slovak Everton Supporters' Club","url":"https:\/\/evertonfc.cz\/","logo":{"@type":"ImageObject","inLanguage":"cs","@id":"https:\/\/evertonfc.cz\/#\/schema\/logo\/image\/","url":"https:\/\/evertonfc.cz\/wp-content\/uploads\/2019\/05\/logo.png","contentUrl":"https:\/\/evertonfc.cz\/wp-content\/uploads\/2019\/05\/logo.png","width":112,"height":112,"caption":"Official Czech & Slovak Everton Supporters' Club"},"image":{"@id":"https:\/\/evertonfc.cz\/#\/schema\/logo\/image\/"},"sameAs":["https:\/\/www.facebook.com\/everton.fans.cz.sk"]},{"@type":"Person","@id":"https:\/\/evertonfc.cz\/#\/schema\/person\/cd6328a75577de2add7793fd4b0930c3","name":"Me\u0148a","url":"https:\/\/evertonfc.cz\/index.php\/author\/mena\/"}]}},"_links":{"self":[{"href":"https:\/\/evertonfc.cz\/index.php\/wp-json\/wp\/v2\/posts\/5623"}],"collection":[{"href":"https:\/\/evertonfc.cz\/index.php\/wp-json\/wp\/v2\/posts"}],"about":[{"href":"https:\/\/evertonfc.cz\/index.php\/wp-json\/wp\/v2\/types\/post"}],"author":[{"embeddable":true,"href":"https:\/\/evertonfc.cz\/index.php\/wp-json\/wp\/v2\/users\/7"}],"replies":[{"embeddable":true,"href":"https:\/\/evertonfc.cz\/index.php\/wp-json\/wp\/v2\/comments?post=5623"}],"version-history":[{"count":1,"href":"https:\/\/evertonfc.cz\/index.php\/wp-json\/wp\/v2\/posts\/5623\/revisions"}],"predecessor-version":[{"id":5624,"href":"https:\/\/evertonfc.cz\/index.php\/wp-json\/wp\/v2\/posts\/5623\/revisions\/5624"}],"wp:featuredmedia":[{"embeddable":true,"href":"https:\/\/evertonfc.cz\/index.php\/wp-json\/wp\/v2\/media\/1315"}],"wp:attachment":[{"href":"https:\/\/evertonfc.cz\/index.php\/wp-json\/wp\/v2\/media?parent=5623"}],"wp:term":[{"taxonomy":"category","embeddable":true,"href":"https:\/\/evertonfc.cz\/index.php\/wp-json\/wp\/v2\/categories?post=5623"},{"taxonomy":"post_tag","embeddable":true,"href":"https:\/\/evertonfc.cz\/index.php\/wp-json\/wp\/v2\/tags?post=5623"}],"curies":[{"name":"wp","href":"https:\/\/api.w.org\/{rel}","templated":true}]}}