{"id":5625,"date":"2011-08-21T12:22:18","date_gmt":"2011-08-21T10:22:18","guid":{"rendered":"http:\/\/evertonfc.cz\/?p=5625"},"modified":"2019-02-15T12:29:53","modified_gmt":"2019-02-15T11:29:53","slug":"moyes-ja-rozhodnu-kdo-odejde-ne-banka","status":"publish","type":"post","link":"https:\/\/evertonfc.cz\/index.php\/2011\/08\/21\/moyes-ja-rozhodnu-kdo-odejde-ne-banka\/","title":{"rendered":"Moyes: J\u00e1 rozhodnu, kdo odejde, ne banka"},"content":{"rendered":"<h4>Nad Goodisonem zu\u0159\u00ed bou\u0159e finan\u010dn\u00ed nejistoty, David Moyes nicm\u00e9n\u011b vyvrac\u00ed, \u017ee by jej nep\u0159\u00edzniv\u00e1 situace m\u011bla dohnat k masov\u00e9mu v\u00fdprodeji.<\/h4>\n<div id=\"NewsPostDetailContent\">\n<p>V\u010dera byl na Goodisonu Parku k vid\u011bn\u00ed nejen mizern\u00fd v\u00fdkon dom\u00e1c\u00edch, ale tak\u00e9 zaj\u00edmav\u00fd kontrast. Everton p\u0159iv\u00edtal t\u00fdm, kter\u00fd m\u00e1 odehr\u00e1ny prvn\u00ed dva z\u00e1pasy v Premier League za patn\u00e1ct let, je ov\u0161em nov\u011b p\u0159evzat malajsk\u00fdm miliard\u00e1\u0159em, Tony Fernandesem, zat\u00edmco Blues d\u00e1l marn\u011b hledaj\u00ed cestu ven z finan\u010dn\u00ed sv\u00edzele.<\/p>\n<p>Na po\u0159adu dne by se tak brzy mohly objevit exodusy hr\u00e1\u010d\u016f, by\u0165 v\u011bt\u0161ina z\u00edskan\u00fdch prost\u0159edk\u016f by \u0161la na \u00fa\u010det netrp\u011bliv\u00fdch bankovn\u00edch instituc\u00ed. Doposud Everton prodal pouze Jamese Vaughana, na spadnut\u00ed je ov\u0161em o\u010dek\u00e1van\u00fd odchod Josepha Yoba do Fenerbahce za 2 miliony liber. Moyes v\u0161ak s dal\u0161\u00edmi odchody, tentokr\u00e1t ji\u017e daleko kl\u00ed\u010dov\u011bj\u0161\u00edch hr\u00e1\u010d\u016f, nepo\u010d\u00edt\u00e1 a pop\u00edr\u00e1, \u017ee jej pot\u0159ebn\u00e9 sn\u00ed\u017een\u00ed p\u011bta\u010dty\u0159icetimilionov\u00e9ho dluhu, vystavuje tlaku.<\/p>\n<p><em>&#8222;Nikdy bych klub nedostal do situace, d\u00edky kter\u00fdm by se mohl ocitnout v probl\u00e9mech, kter\u00e9 jsme vid\u011bli u n\u011bkter\u00fdch jin\u00fdch klub\u016f,\u201c<\/em> \u0159ekl Moyes. <em>\u201eNikdy bych to nedopustil. Pokud mi nebude \u0159e\u010deno n\u011bco jin\u00e9ho, tak takov\u00e1 je moment\u00e1ln\u011b na\u0161e situace. Jsme OK. Pokud by se to n\u011bkdy dostalo do takov\u00e9ho bodu, musel bych akceptovat nab\u00eddky, kter\u00e9 by m\u011bly daleko men\u0161\u00ed hodnotu ne\u017e nab\u00eddky, kter\u00e9 za hr\u00e1\u010de dost\u00e1v\u00e1m dnes.<\/em><\/p>\n<p><em>Mysl\u00edm, \u017ee klub nen\u00ed v pozici, kdy mus\u00edm vyb\u00edrat ob\u011bti. Nechci prodat \u017e\u00e1dn\u00e9ho z m\u00fdch top hr\u00e1\u010d\u016f, proto\u017ee chci, abychom v Premier League z\u016fstali konkurenceschopn\u00ed s \u0161anc\u00ed na \u00fasp\u011bch. Pokud p\u0159ijde banka a \u0159ekne: &#8222;Zav\u00edr\u00e1me dve\u0159e&#8220;, pak bych to samoz\u0159ejm\u011b musel ud\u011blat. Jsem tu pouze jako fotbalov\u00fd mana\u017eer, ne jako obchodn\u00ed.<\/em><\/p>\n<p><em>Ale jsem to j\u00e1, kdo tu d\u011bl\u00e1 rozhodnut\u00ed. Nikoliv banka, pakli\u017ee mi nebude \u0159e\u010deno n\u011bco jin\u00e9ho. Na t\u00e9hle \u017eidli bych nesed\u011bl, kdybych nem\u011bl kontrolu. Jsem si v\u011bdom, \u017ee ne ka\u017ed\u00fd mana\u017eer m\u00e1 takov\u00e9 \u0161t\u011bst\u00ed a m\u016f\u017ee utr\u00e1cet miliony. J\u00e1 jedn\u00edm z nich nejsem.\u201c<\/em><\/p>\n<p>I p\u0159es zm\u00edn\u011bn\u00e9 mnohamilionov\u00e9 prodeje, ov\u0161em Moyes odm\u00edt\u00e1 tvrzen\u00ed, \u017ee se z Evertonu stal \u201cprod\u00e1vaj\u00edc\u00ed klub\u201c. Za pravdu mu d\u00e1v\u00e1 p\u0159edchoz\u00ed l\u00e9to, kdy vytrvale odol\u00e1val lukrativn\u00edm nab\u00eddk\u00e1m a koneckonc\u016f i to leto\u0161n\u00ed. Druh\u00e9 l\u00e9to v \u0159ad\u011b, kdy neposiluje, pr\u00fd ale jeho t\u00fdm m\u016f\u017ee oslabit.<\/p>\n<p><em>\u201ePokud v\u00edm, nikdo z hr\u00e1\u010d\u016f neodejde, dokud David Moyes ned\u00e1 svolen\u00ed. Nehodl\u00e1me se st\u00e1t prod\u00e1vaj\u00edc\u00edm klubem. To nen\u00ed moje \u00faloha, tou je vybudov\u00e1n\u00ed dobr\u00e9ho t\u00fdmu. Pokud dostanu nab\u00eddku, kter\u00e1 je spr\u00e1vn\u00e1, prod\u00e1m, ale nikdo zat\u00edm neu\u010dinil nab\u00eddku, nad kterou bych alespo\u0148 chv\u00edli p\u0159em\u00fd\u0161lel.<\/em><\/p>\n<p><em>Chv\u00edlemi je to unavuj\u00edc\u00ed, ale jen proto\u017ee nem\u00e1te \u017e\u00e1dn\u00e9 pen\u00edze neznamen\u00e1, \u017ee se vzd\u00e1te, p\u0159estanete d\u00e1vat 100% nebo p\u0159estanete hr\u00e1\u010de p\u0159ipravovat po\u0159\u00e1dn\u011b. V\u0161echny hr\u00e1\u010de, kter\u00e9 tu m\u00e1m, jsem p\u0159ivedl j\u00e1. M\u016f\u017eeme m\u00edt nov\u00e9ho majitele za m\u011bs\u00edc, m\u016f\u017eeme ho m\u00edt za rok. Kdo v\u00ed? V\u0161echno se m\u016f\u017ee zm\u011bnit, investice mohou p\u0159ij\u00edt.\u201c<\/em><\/p>\n<p>V rozhovoru s Billem Kenwrightem, kter\u00fd skupina Blue Union zve\u0159ejnila bez povolen\u00ed, p\u0159edseda vyjmenoval \u010dty\u0159i neprodejn\u00e9 hr\u00e1\u010de &#8211; Bainese, Jagielku, Fellainiho a Howarda. Moyes nicm\u00e9n\u011b \u0159\u00edk\u00e1, \u017ee svoji cenu bude na trhu m\u00edt ka\u017ed\u00fd hr\u00e1\u010d. Velk\u00fd z\u00e1jem Moyes registruje obzvl\u00e1\u0161\u0165 o Phila Jagielku, kter\u00fd je p\u0159edm\u011btem z\u00e1jmu Arsena Wengera, jen\u017e za slu\u017eby obr\u00e1nce minul\u00fd m\u011bs\u00edc nab\u00edzel 12 milion\u016f.<\/p>\n<p><em>\u201eKa\u017ed\u00fd hr\u00e1\u010d je dostupn\u00fd. Ka\u017ed\u00fd. Ale tak tomu je ve v\u0161ech klubech. Fabregas byl dostupn\u00fd v Arsenalu, Ronaldo byl dostupn\u00fd v Manchesteru United. Mysl\u00edm, \u017ee chairman se jen sna\u017eil vyj\u00e1d\u0159it sv\u016fj postoj. S Jagsem jsem o tom vedl dva nebo t\u0159i rozhovory a dost\u00e1v\u00e1 se k n\u011bmu v\u0161echno, co se ohledn\u011b z\u00e1jmu Arsenalu stane. \u0158ekl mi, \u017ee dokud Everton nechce prodat, nebude t\u00edm, kdo bude podn\u011bcovat nebo na n\u011bco tla\u010dit. Odejde pouze pokud Everton bude cht\u00edt, a j\u00e1 to ur\u010dit\u011b nechci.\u201c<\/em><\/p>\n<p>I p\u0159es napnutou situaci, m\u00e1 ov\u0161em Moyes i dobr\u00e9 zpr\u00e1vy. Poda\u0159ilo se toti\u017e nal\u00e9zt cestu, jak si dovolit odm\u011bnit Marouane Fellainiho novou smlouvou. Ta sou\u010dasn\u00e1 kon\u010di Begli\u010danovi za dva roky. <em>\u201eP\u0159edseda je hodn\u011b bl\u00edzko k nov\u00e9 dohod\u011b s Fellainim,\u201c<\/em> potvrzuje Moyes. <em>\u201eBl\u00ed\u017e\u00edme se k tomu, nem\u016f\u017eu p\u0159esn\u011b \u0159\u00edct, jestli k tomu dojde, ale bylo tu n\u011bkolik rozhovor\u016f a mysl\u00edm, \u017ee jsme bl\u00edzko.\u201c<\/em><\/p>\n<\/div>\n","protected":false},"excerpt":{"rendered":"<p>Nad Goodisonem zu\u0159\u00ed bou\u0159e finan\u010dn\u00ed nejistoty, David Moyes nicm\u00e9n\u011b vyvrac\u00ed, \u017ee by jej nep\u0159\u00edzniv\u00e1 situace m\u011bla dohnat k masov\u00e9mu v\u00fdprodeji.&hellip;<\/p>\n","protected":false},"author":7,"featured_media":1312,"comment_status":"open","ping_status":"closed","sticky":false,"template":"","format":"standard","meta":{"_eb_attr":"","_monsterinsights_skip_tracking":false,"_monsterinsights_sitenote_active":false,"_monsterinsights_sitenote_note":"","_monsterinsights_sitenote_category":0,"footnotes":""},"categories":[1],"tags":[],"yoast_head":"<!-- This site is optimized with the Yoast SEO plugin v23.4 - https:\/\/yoast.com\/wordpress\/plugins\/seo\/ -->\n<title>Moyes: J\u00e1 rozhodnu, kdo odejde, ne banka - Official Czech &amp; Slovak Everton Supporters&#039; Club<\/title>\n<meta name=\"robots\" content=\"index, follow, max-snippet:-1, max-image-preview:large, max-video-preview:-1\" \/>\n<link rel=\"canonical\" href=\"https:\/\/evertonfc.cz\/index.php\/2011\/08\/21\/moyes-ja-rozhodnu-kdo-odejde-ne-banka\/\" \/>\n<meta property=\"og:locale\" content=\"cs_CZ\" \/>\n<meta property=\"og:type\" content=\"article\" \/>\n<meta property=\"og:title\" content=\"Moyes: J\u00e1 rozhodnu, kdo odejde, ne banka - Official Czech &amp; Slovak Everton Supporters&#039; Club\" \/>\n<meta property=\"og:description\" content=\"Nad Goodisonem zu\u0159\u00ed bou\u0159e finan\u010dn\u00ed nejistoty, David Moyes nicm\u00e9n\u011b vyvrac\u00ed, \u017ee by jej nep\u0159\u00edzniv\u00e1 situace m\u011bla dohnat k masov\u00e9mu v\u00fdprodeji.&hellip;\" \/>\n<meta property=\"og:url\" content=\"https:\/\/evertonfc.cz\/index.php\/2011\/08\/21\/moyes-ja-rozhodnu-kdo-odejde-ne-banka\/\" \/>\n<meta property=\"og:site_name\" content=\"Official Czech &amp; Slovak Everton Supporters&#039; Club\" \/>\n<meta property=\"article:publisher\" content=\"https:\/\/www.facebook.com\/everton.fans.cz.sk\" \/>\n<meta property=\"article:published_time\" content=\"2011-08-21T10:22:18+00:00\" \/>\n<meta property=\"article:modified_time\" content=\"2019-02-15T11:29:53+00:00\" \/>\n<meta property=\"og:image\" content=\"https:\/\/evertonfc.cz\/wp-content\/uploads\/2019\/01\/interview.jpg\" \/>\n\t<meta property=\"og:image:width\" content=\"720\" \/>\n\t<meta property=\"og:image:height\" content=\"405\" \/>\n\t<meta property=\"og:image:type\" content=\"image\/jpeg\" \/>\n<meta name=\"author\" content=\"Me\u0148a\" \/>\n<meta name=\"twitter:card\" content=\"summary_large_image\" \/>\n<meta name=\"twitter:label1\" content=\"Napsal(a)\" \/>\n\t<meta name=\"twitter:data1\" content=\"Me\u0148a\" \/>\n\t<meta name=\"twitter:label2\" content=\"Odhadovan\u00e1 doba \u010dten\u00ed\" \/>\n\t<meta name=\"twitter:data2\" content=\"4 minuty\" \/>\n<script type=\"application\/ld+json\" class=\"yoast-schema-graph\">{\"@context\":\"https:\/\/schema.org\",\"@graph\":[{\"@type\":\"Article\",\"@id\":\"https:\/\/evertonfc.cz\/index.php\/2011\/08\/21\/moyes-ja-rozhodnu-kdo-odejde-ne-banka\/#article\",\"isPartOf\":{\"@id\":\"https:\/\/evertonfc.cz\/index.php\/2011\/08\/21\/moyes-ja-rozhodnu-kdo-odejde-ne-banka\/\"},\"author\":{\"name\":\"Me\u0148a\",\"@id\":\"https:\/\/evertonfc.cz\/#\/schema\/person\/cd6328a75577de2add7793fd4b0930c3\"},\"headline\":\"Moyes: J\u00e1 rozhodnu, kdo odejde, ne banka\",\"datePublished\":\"2011-08-21T10:22:18+00:00\",\"dateModified\":\"2019-02-15T11:29:53+00:00\",\"mainEntityOfPage\":{\"@id\":\"https:\/\/evertonfc.cz\/index.php\/2011\/08\/21\/moyes-ja-rozhodnu-kdo-odejde-ne-banka\/\"},\"wordCount\":854,\"commentCount\":0,\"publisher\":{\"@id\":\"https:\/\/evertonfc.cz\/#organization\"},\"image\":{\"@id\":\"https:\/\/evertonfc.cz\/index.php\/2011\/08\/21\/moyes-ja-rozhodnu-kdo-odejde-ne-banka\/#primaryimage\"},\"thumbnailUrl\":\"https:\/\/evertonfc.cz\/wp-content\/uploads\/2019\/01\/interview.jpg\",\"articleSection\":[\"Rozhovory\"],\"inLanguage\":\"cs\",\"potentialAction\":[{\"@type\":\"CommentAction\",\"name\":\"Comment\",\"target\":[\"https:\/\/evertonfc.cz\/index.php\/2011\/08\/21\/moyes-ja-rozhodnu-kdo-odejde-ne-banka\/#respond\"]}]},{\"@type\":\"WebPage\",\"@id\":\"https:\/\/evertonfc.cz\/index.php\/2011\/08\/21\/moyes-ja-rozhodnu-kdo-odejde-ne-banka\/\",\"url\":\"https:\/\/evertonfc.cz\/index.php\/2011\/08\/21\/moyes-ja-rozhodnu-kdo-odejde-ne-banka\/\",\"name\":\"Moyes: J\u00e1 rozhodnu, kdo odejde, ne banka - Official Czech &amp; Slovak Everton Supporters&#039; Club\",\"isPartOf\":{\"@id\":\"https:\/\/evertonfc.cz\/#website\"},\"primaryImageOfPage\":{\"@id\":\"https:\/\/evertonfc.cz\/index.php\/2011\/08\/21\/moyes-ja-rozhodnu-kdo-odejde-ne-banka\/#primaryimage\"},\"image\":{\"@id\":\"https:\/\/evertonfc.cz\/index.php\/2011\/08\/21\/moyes-ja-rozhodnu-kdo-odejde-ne-banka\/#primaryimage\"},\"thumbnailUrl\":\"https:\/\/evertonfc.cz\/wp-content\/uploads\/2019\/01\/interview.jpg\",\"datePublished\":\"2011-08-21T10:22:18+00:00\",\"dateModified\":\"2019-02-15T11:29:53+00:00\",\"breadcrumb\":{\"@id\":\"https:\/\/evertonfc.cz\/index.php\/2011\/08\/21\/moyes-ja-rozhodnu-kdo-odejde-ne-banka\/#breadcrumb\"},\"inLanguage\":\"cs\",\"potentialAction\":[{\"@type\":\"ReadAction\",\"target\":[\"https:\/\/evertonfc.cz\/index.php\/2011\/08\/21\/moyes-ja-rozhodnu-kdo-odejde-ne-banka\/\"]}]},{\"@type\":\"ImageObject\",\"inLanguage\":\"cs\",\"@id\":\"https:\/\/evertonfc.cz\/index.php\/2011\/08\/21\/moyes-ja-rozhodnu-kdo-odejde-ne-banka\/#primaryimage\",\"url\":\"https:\/\/evertonfc.cz\/wp-content\/uploads\/2019\/01\/interview.jpg\",\"contentUrl\":\"https:\/\/evertonfc.cz\/wp-content\/uploads\/2019\/01\/interview.jpg\",\"width\":720,\"height\":405},{\"@type\":\"BreadcrumbList\",\"@id\":\"https:\/\/evertonfc.cz\/index.php\/2011\/08\/21\/moyes-ja-rozhodnu-kdo-odejde-ne-banka\/#breadcrumb\",\"itemListElement\":[{\"@type\":\"ListItem\",\"position\":1,\"name\":\"Home\",\"item\":\"https:\/\/evertonfc.cz\/\"},{\"@type\":\"ListItem\",\"position\":2,\"name\":\"Moyes: J\u00e1 rozhodnu, kdo odejde, ne banka\"}]},{\"@type\":\"WebSite\",\"@id\":\"https:\/\/evertonfc.cz\/#website\",\"url\":\"https:\/\/evertonfc.cz\/\",\"name\":\"Official Czech &amp; Slovak Everton Supporters&#039; Club\",\"description\":\"\",\"publisher\":{\"@id\":\"https:\/\/evertonfc.cz\/#organization\"},\"potentialAction\":[{\"@type\":\"SearchAction\",\"target\":{\"@type\":\"EntryPoint\",\"urlTemplate\":\"https:\/\/evertonfc.cz\/?s={search_term_string}\"},\"query-input\":{\"@type\":\"PropertyValueSpecification\",\"valueRequired\":true,\"valueName\":\"search_term_string\"}}],\"inLanguage\":\"cs\"},{\"@type\":\"Organization\",\"@id\":\"https:\/\/evertonfc.cz\/#organization\",\"name\":\"Official Czech & Slovak Everton Supporters' Club\",\"url\":\"https:\/\/evertonfc.cz\/\",\"logo\":{\"@type\":\"ImageObject\",\"inLanguage\":\"cs\",\"@id\":\"https:\/\/evertonfc.cz\/#\/schema\/logo\/image\/\",\"url\":\"https:\/\/evertonfc.cz\/wp-content\/uploads\/2019\/05\/logo.png\",\"contentUrl\":\"https:\/\/evertonfc.cz\/wp-content\/uploads\/2019\/05\/logo.png\",\"width\":112,\"height\":112,\"caption\":\"Official Czech & Slovak Everton Supporters' Club\"},\"image\":{\"@id\":\"https:\/\/evertonfc.cz\/#\/schema\/logo\/image\/\"},\"sameAs\":[\"https:\/\/www.facebook.com\/everton.fans.cz.sk\"]},{\"@type\":\"Person\",\"@id\":\"https:\/\/evertonfc.cz\/#\/schema\/person\/cd6328a75577de2add7793fd4b0930c3\",\"name\":\"Me\u0148a\",\"url\":\"https:\/\/evertonfc.cz\/index.php\/author\/mena\/\"}]}<\/script>\n<!-- \/ Yoast SEO plugin. -->","yoast_head_json":{"title":"Moyes: J\u00e1 rozhodnu, kdo odejde, ne banka - Official Czech &amp; Slovak Everton Supporters&#039; Club","robots":{"index":"index","follow":"follow","max-snippet":"max-snippet:-1","max-image-preview":"max-image-preview:large","max-video-preview":"max-video-preview:-1"},"canonical":"https:\/\/evertonfc.cz\/index.php\/2011\/08\/21\/moyes-ja-rozhodnu-kdo-odejde-ne-banka\/","og_locale":"cs_CZ","og_type":"article","og_title":"Moyes: J\u00e1 rozhodnu, kdo odejde, ne banka - Official Czech &amp; Slovak Everton Supporters&#039; Club","og_description":"Nad Goodisonem zu\u0159\u00ed bou\u0159e finan\u010dn\u00ed nejistoty, David Moyes nicm\u00e9n\u011b vyvrac\u00ed, \u017ee by jej nep\u0159\u00edzniv\u00e1 situace m\u011bla dohnat k masov\u00e9mu v\u00fdprodeji.&hellip;","og_url":"https:\/\/evertonfc.cz\/index.php\/2011\/08\/21\/moyes-ja-rozhodnu-kdo-odejde-ne-banka\/","og_site_name":"Official Czech &amp; Slovak Everton Supporters&#039; Club","article_publisher":"https:\/\/www.facebook.com\/everton.fans.cz.sk","article_published_time":"2011-08-21T10:22:18+00:00","article_modified_time":"2019-02-15T11:29:53+00:00","og_image":[{"width":720,"height":405,"url":"https:\/\/evertonfc.cz\/wp-content\/uploads\/2019\/01\/interview.jpg","type":"image\/jpeg"}],"author":"Me\u0148a","twitter_card":"summary_large_image","twitter_misc":{"Napsal(a)":"Me\u0148a","Odhadovan\u00e1 doba \u010dten\u00ed":"4 minuty"},"schema":{"@context":"https:\/\/schema.org","@graph":[{"@type":"Article","@id":"https:\/\/evertonfc.cz\/index.php\/2011\/08\/21\/moyes-ja-rozhodnu-kdo-odejde-ne-banka\/#article","isPartOf":{"@id":"https:\/\/evertonfc.cz\/index.php\/2011\/08\/21\/moyes-ja-rozhodnu-kdo-odejde-ne-banka\/"},"author":{"name":"Me\u0148a","@id":"https:\/\/evertonfc.cz\/#\/schema\/person\/cd6328a75577de2add7793fd4b0930c3"},"headline":"Moyes: J\u00e1 rozhodnu, kdo odejde, ne banka","datePublished":"2011-08-21T10:22:18+00:00","dateModified":"2019-02-15T11:29:53+00:00","mainEntityOfPage":{"@id":"https:\/\/evertonfc.cz\/index.php\/2011\/08\/21\/moyes-ja-rozhodnu-kdo-odejde-ne-banka\/"},"wordCount":854,"commentCount":0,"publisher":{"@id":"https:\/\/evertonfc.cz\/#organization"},"image":{"@id":"https:\/\/evertonfc.cz\/index.php\/2011\/08\/21\/moyes-ja-rozhodnu-kdo-odejde-ne-banka\/#primaryimage"},"thumbnailUrl":"https:\/\/evertonfc.cz\/wp-content\/uploads\/2019\/01\/interview.jpg","articleSection":["Rozhovory"],"inLanguage":"cs","potentialAction":[{"@type":"CommentAction","name":"Comment","target":["https:\/\/evertonfc.cz\/index.php\/2011\/08\/21\/moyes-ja-rozhodnu-kdo-odejde-ne-banka\/#respond"]}]},{"@type":"WebPage","@id":"https:\/\/evertonfc.cz\/index.php\/2011\/08\/21\/moyes-ja-rozhodnu-kdo-odejde-ne-banka\/","url":"https:\/\/evertonfc.cz\/index.php\/2011\/08\/21\/moyes-ja-rozhodnu-kdo-odejde-ne-banka\/","name":"Moyes: J\u00e1 rozhodnu, kdo odejde, ne banka - Official Czech &amp; Slovak Everton Supporters&#039; Club","isPartOf":{"@id":"https:\/\/evertonfc.cz\/#website"},"primaryImageOfPage":{"@id":"https:\/\/evertonfc.cz\/index.php\/2011\/08\/21\/moyes-ja-rozhodnu-kdo-odejde-ne-banka\/#primaryimage"},"image":{"@id":"https:\/\/evertonfc.cz\/index.php\/2011\/08\/21\/moyes-ja-rozhodnu-kdo-odejde-ne-banka\/#primaryimage"},"thumbnailUrl":"https:\/\/evertonfc.cz\/wp-content\/uploads\/2019\/01\/interview.jpg","datePublished":"2011-08-21T10:22:18+00:00","dateModified":"2019-02-15T11:29:53+00:00","breadcrumb":{"@id":"https:\/\/evertonfc.cz\/index.php\/2011\/08\/21\/moyes-ja-rozhodnu-kdo-odejde-ne-banka\/#breadcrumb"},"inLanguage":"cs","potentialAction":[{"@type":"ReadAction","target":["https:\/\/evertonfc.cz\/index.php\/2011\/08\/21\/moyes-ja-rozhodnu-kdo-odejde-ne-banka\/"]}]},{"@type":"ImageObject","inLanguage":"cs","@id":"https:\/\/evertonfc.cz\/index.php\/2011\/08\/21\/moyes-ja-rozhodnu-kdo-odejde-ne-banka\/#primaryimage","url":"https:\/\/evertonfc.cz\/wp-content\/uploads\/2019\/01\/interview.jpg","contentUrl":"https:\/\/evertonfc.cz\/wp-content\/uploads\/2019\/01\/interview.jpg","width":720,"height":405},{"@type":"BreadcrumbList","@id":"https:\/\/evertonfc.cz\/index.php\/2011\/08\/21\/moyes-ja-rozhodnu-kdo-odejde-ne-banka\/#breadcrumb","itemListElement":[{"@type":"ListItem","position":1,"name":"Home","item":"https:\/\/evertonfc.cz\/"},{"@type":"ListItem","position":2,"name":"Moyes: J\u00e1 rozhodnu, kdo odejde, ne banka"}]},{"@type":"WebSite","@id":"https:\/\/evertonfc.cz\/#website","url":"https:\/\/evertonfc.cz\/","name":"Official Czech &amp; Slovak Everton Supporters&#039; Club","description":"","publisher":{"@id":"https:\/\/evertonfc.cz\/#organization"},"potentialAction":[{"@type":"SearchAction","target":{"@type":"EntryPoint","urlTemplate":"https:\/\/evertonfc.cz\/?s={search_term_string}"},"query-input":{"@type":"PropertyValueSpecification","valueRequired":true,"valueName":"search_term_string"}}],"inLanguage":"cs"},{"@type":"Organization","@id":"https:\/\/evertonfc.cz\/#organization","name":"Official Czech & Slovak Everton Supporters' Club","url":"https:\/\/evertonfc.cz\/","logo":{"@type":"ImageObject","inLanguage":"cs","@id":"https:\/\/evertonfc.cz\/#\/schema\/logo\/image\/","url":"https:\/\/evertonfc.cz\/wp-content\/uploads\/2019\/05\/logo.png","contentUrl":"https:\/\/evertonfc.cz\/wp-content\/uploads\/2019\/05\/logo.png","width":112,"height":112,"caption":"Official Czech & Slovak Everton Supporters' Club"},"image":{"@id":"https:\/\/evertonfc.cz\/#\/schema\/logo\/image\/"},"sameAs":["https:\/\/www.facebook.com\/everton.fans.cz.sk"]},{"@type":"Person","@id":"https:\/\/evertonfc.cz\/#\/schema\/person\/cd6328a75577de2add7793fd4b0930c3","name":"Me\u0148a","url":"https:\/\/evertonfc.cz\/index.php\/author\/mena\/"}]}},"_links":{"self":[{"href":"https:\/\/evertonfc.cz\/index.php\/wp-json\/wp\/v2\/posts\/5625"}],"collection":[{"href":"https:\/\/evertonfc.cz\/index.php\/wp-json\/wp\/v2\/posts"}],"about":[{"href":"https:\/\/evertonfc.cz\/index.php\/wp-json\/wp\/v2\/types\/post"}],"author":[{"embeddable":true,"href":"https:\/\/evertonfc.cz\/index.php\/wp-json\/wp\/v2\/users\/7"}],"replies":[{"embeddable":true,"href":"https:\/\/evertonfc.cz\/index.php\/wp-json\/wp\/v2\/comments?post=5625"}],"version-history":[{"count":1,"href":"https:\/\/evertonfc.cz\/index.php\/wp-json\/wp\/v2\/posts\/5625\/revisions"}],"predecessor-version":[{"id":5626,"href":"https:\/\/evertonfc.cz\/index.php\/wp-json\/wp\/v2\/posts\/5625\/revisions\/5626"}],"wp:featuredmedia":[{"embeddable":true,"href":"https:\/\/evertonfc.cz\/index.php\/wp-json\/wp\/v2\/media\/1312"}],"wp:attachment":[{"href":"https:\/\/evertonfc.cz\/index.php\/wp-json\/wp\/v2\/media?parent=5625"}],"wp:term":[{"taxonomy":"category","embeddable":true,"href":"https:\/\/evertonfc.cz\/index.php\/wp-json\/wp\/v2\/categories?post=5625"},{"taxonomy":"post_tag","embeddable":true,"href":"https:\/\/evertonfc.cz\/index.php\/wp-json\/wp\/v2\/tags?post=5625"}],"curies":[{"name":"wp","href":"https:\/\/api.w.org\/{rel}","templated":true}]}}