{"id":5629,"date":"2011-08-23T12:31:18","date_gmt":"2011-08-23T10:31:18","guid":{"rendered":"http:\/\/evertonfc.cz\/?p=5629"},"modified":"2019-02-15T12:34:40","modified_gmt":"2019-02-15T11:34:40","slug":"preview-everton-sheffield-united","status":"publish","type":"post","link":"https:\/\/evertonfc.cz\/index.php\/2011\/08\/23\/preview-everton-sheffield-united\/","title":{"rendered":"Preview: Everton &#8211; Sheffield United"},"content":{"rendered":"<h4>Krom ligov\u00e9ho d\u011bn\u00ed vstupuje Everton tak\u00e9 do Carling Cupu. V sout\u011b\u017ei, ve kter\u00e9 se Blues dlouhodob\u011b p\u0159\u00edli\u0161 neda\u0159\u00ed, budou v druh\u00e9m kole doma hostit sheffieldsk\u00e9 United.<\/h4>\n<div id=\"NewsPostDetailContent\">\n<p>Ligov\u00fd poh\u00e1r. Pro Everton to nedobytn\u00e1 sout\u011b\u017e. Pr\u00e1v\u011b tato trofej toti\u017e Toffees jako jedin\u00e1 ve sb\u00edrce anglick\u00fdch fotbalov\u00fdch poh\u00e1r\u016f chyb\u00ed. Co na tom, \u017ee o mlad\u0161\u00edho a daleko m\u00e9n\u011b presti\u017en\u011bj\u0161\u00edho br\u00e1\u0161ku FA Cupu Everton dvakr\u00e1t bojoval ve fin\u00e1le (1977 a 1984), poka\u017ed\u00e9 ztroskotal t\u011bsn\u011b p\u0159ed piedestalem. Nebylo by proto na \u0161kodu \u010dek\u00e1n\u00ed kone\u010dn\u011b prolomit, obzvl\u00e1\u0161t\u011b, kdy\u017e na trofej Blues \u010dekaj\u00ed p\u0159edlouh\u00fdch \u0161estn\u00e1ct let.<\/p>\n<p>Ale co naplat, Carling Cup Evertonu \u0161t\u011bst\u00ed rozhodn\u011b nep\u0159in\u00e1\u0161\u00ed. V\u017edy\u0165 v posledn\u00edch letech byla maximem semifin\u00e1lov\u00e1 \u00fa\u010dast v sezon\u011b 2007\/08. V posledn\u00edch t\u0159ech letech se Toffees ani jednou neprobojovali p\u0159es t\u0159et\u00ed kolo, kdy\u017e jim stopku vystavili Blackburn, Tottenham a posledn\u011b s velkou ostudou t\u0159etiligov\u00fd Brentford. Pr\u00e1v\u011b na celky z League One se zd\u00e1, \u017ee m\u00e1 Everton v League Cupu \u201c\u0161t\u011bst\u00ed\u201c.<\/p>\n<p>V\u017edy\u0165 loni v druh\u00e9m kole p\u0159ijel na Goodison Huddersfield, v dal\u0161\u00ed f\u00e1zi Blues vypadli se zm\u00edn\u011bn\u00fdm Brentfordem a ani leto\u0161n\u00ed kolo nebude z tohoto pohledu v\u00fdjimkou. Na Old Lady m\u00ed\u0159\u00ed Sheffield United, po lo\u0148sk\u00e9m sestupu pozn\u00e1vaj\u00edc\u00ed \u017eivot ve t\u0159et\u00edm pat\u0159e anglick\u00e9ho fotbalu. Vz\u00e1jemn\u00fd duel tak u\u017e nedo\u010dkav\u011b vyhl\u00ed\u017e\u00ed Phil Jagielka. Pot\u00e9, co jej Everton jako teenagera propustil z akademie, zam\u00ed\u0159il Jags pr\u00e1v\u011b do ji\u017en\u00edho Yorkshiru, kde se postupn\u011b vypracoval ve kl\u00ed\u010dovou osobnost Blades a na Bramall Lane se stal, d\u00e1 se \u0159\u00edct, legendou. Na \u010dasy v \u010dervenob\u00edl\u00e9m pruhovan\u00e9m dresu tedy obr\u00e1nce rozhodn\u011b nezapom\u00edn\u00e1.<\/p>\n<p><em>\u201eJe to samoz\u0159ejm\u011b p\u011bkn\u00fd los, proto\u017ee jsem proti nim nehr\u00e1l od t\u00e9 doby, co jsem opustil Bramall Lane. Sheffield United bude nav\u017edy klubem, kter\u00e9 je bl\u00edzk\u00fd m\u00e9mu srdci, proto\u017ee mi dali prvn\u00ed opravdovou \u0161anci ve fotbale. V\u011b\u0159ili ve m\u011b a j\u00e1 to tam miloval.<\/em><\/p>\n<p><em>Po\u0159\u00e1d se zaj\u00edm\u00e1m o jejich v\u00fdsledky, a jak se jim da\u0159\u00ed, tak\u017ee jsem byl hodn\u011b zklaman\u00fd, kdy\u017e minulou sezonu sestoupili. St\u00e1le mluv\u00edm s Nickem Montgomerym a Stevenem Quinnem. Takov\u00e9 v\u011bci se ve fotbale st\u00e1vaj\u00ed, ale je to poh\u00e1rov\u00fd z\u00e1pas a my ho chceme vyhr\u00e1t, proto\u017ee se chceme ve v\u0161ech poh\u00e1rech dostat jak nejd\u00e1le to jen p\u016fjde,\u201c\u00a0 <\/em>\u0159\u00edk\u00e1 Jagielka.<\/p>\n<p>V Sheffieldu to skute\u010dn\u011b s fotbalem jde od des\u00edti k p\u011bti. Ji\u017e loni byl r\u00e1nou sestup Sheffieldu Wednesday, zapomenut\u00e9ho velik\u00e1na anglick\u00e9 kopan\u00e9, do t\u0159et\u00ed ligy. Kdo ov\u0161em mohl tu\u0161it, \u017ee o rok pozd\u011bji sv\u00e9ho velk\u00e9ho rivala budou n\u00e1sledovat i United? T\u00fdmu, kter\u00e9mu kdekdo p\u0159edpov\u00eddal boj o Premier League, se v\u016fbec neda\u0159ilo a nakonec do League One spadl z p\u0159edposledn\u00ed 23. pozice.<\/p>\n<p>Nej\u00fasp\u011b\u0161n\u011bj\u0161\u00ed \u010dasy v klubov\u00e9 historii Blades pro\u017e\u00edvali p\u0159ed d\u00e1vn\u00fdmi lety. Na konci devaten\u00e1ct\u00e9ho stolet\u00ed z\u00edskali sv\u016fj jedin\u00fd prvoligov\u00fd titul, stejn\u011b jako jeden Anglick\u00fd poh\u00e1r, jeho\u017e zisk zopakovali v prvn\u00ed \u010dtvrtin\u011b 20. stolet\u00ed je\u0161t\u011b t\u0159ikr\u00e1t. Sv\u011bt\u00e9lkem nad\u011bje byla \u00fa\u010dast v Premier League v sezon\u011b 2006\/07, Blades se ale tehdy kontroverzn\u011b neudr\u017eeli a by\u0165 si p\u0159ed dv\u011bma lety zahr\u00e1li fin\u00e1le play off, nastal p\u00e1d. Ve t\u0159et\u00ed lize si ale United zat\u00edm po\u010d\u00ednaj\u00ed v\u00fdborn\u011b. Po \u010dty\u0159ech odehran\u00fdch kolech jim s deseti body p\u0159\u00edslu\u0161\u00ed t\u0159et\u00ed p\u0159\u00ed\u010dka.<\/p>\n<p>A posledn\u00ed vz\u00e1jemn\u00fd duel Toffees a Blades? V b\u0159eznu 2007 se na Bramall Lane v Premier League remizovalo 1-1, na Goodisonu pak Everton o n\u011bkolik m\u011bs\u00edc\u016f d\u0159\u00edve vyhr\u00e1l 2-0. V Ligov\u00e9m poh\u00e1ru se oba t\u00fdmy v minulosti setkaly t\u0159ikr\u00e1t. Dvakr\u00e1t vyhr\u00e1li Blues, naposled se v sezon\u011b 1990\/91 po v\u00edt\u011bzstv\u00ed 2-1 radovali Blades a n\u011bco podobn\u00e9ho pl\u00e1nuj\u00ed i tentokr\u00e1t, jak \u0159\u00edk\u00e1 \u00fato\u010dn\u00edk Chris Porter.<\/p>\n<p><em>\u201ePojedeme tam s t\u00edm, \u017ee chceme vyhr\u00e1t, stejn\u011b jako v ka\u017ed\u00e9m z\u00e1pase a v\u011b\u0159\u00edme, \u017ee pokud pod\u00e1me nejlep\u0161\u00ed v\u00fdkon, je to z\u00e1pas, kter\u00fd se d\u00e1 vyhr\u00e1t. V\u00edm, \u017ee se n\u011bkolik kluk\u016f t\u011b\u0161\u00ed, a\u017e si zahraj\u00ed proti Philu Jagielkovi, pro m\u011b to zase bude v\u00fdzva zahr\u00e1t si proti t\u00fdmu pln\u00e9mu prvoligov\u00fdch hr\u00e1\u010d\u016f. Nejsme favorit\u00e9, ale p\u0159ekvapen\u00ed se se v poh\u00e1rech po\u0159\u00e1d d\u011bj\u00ed, tak\u017ee nen\u00ed d\u016fvod, pro\u010d jedno nem\u016f\u017eeme zp\u016fsobit i my,\u201c <\/em>v\u011b\u0159\u00ed letn\u00ed posila United.<\/p>\n<p>P\u0159ed z\u00e1pasem bude muset David Moyes \u0159e\u0161it trable se svoj\u00ed \u00fato\u010dnou osou. Ani jeden z trojice Saha, Beckford, Cahill, toti\u017e nemus\u00ed nastoupit. Sheffieldu United se zase po zran\u011bn\u00ed kotn\u00edku vrac\u00ed z\u00e1lo\u017en\u00edk Kevin McDonald, podkolenn\u00ed \u0161lacha pak mo\u017en\u00e1 na h\u0159i\u0161t\u011b nepust\u00ed Ryana Flynna.<\/p>\n<ul>\n<li><strong>Kdy:<\/strong> 24.8. 21:00 SE\u010c<\/li>\n<li><strong>Kde:<\/strong> Goodison Park<\/li>\n<\/ul>\n<\/div>\n","protected":false},"excerpt":{"rendered":"<p>Krom ligov\u00e9ho d\u011bn\u00ed vstupuje Everton tak\u00e9 do Carling Cupu. V sout\u011b\u017ei, ve kter\u00e9 se Blues dlouhodob\u011b p\u0159\u00edli\u0161 neda\u0159\u00ed, budou v&hellip;<\/p>\n","protected":false},"author":7,"featured_media":1314,"comment_status":"open","ping_status":"closed","sticky":false,"template":"","format":"standard","meta":{"_eb_attr":"","_monsterinsights_skip_tracking":false,"_monsterinsights_sitenote_active":false,"_monsterinsights_sitenote_note":"","_monsterinsights_sitenote_category":0,"footnotes":""},"categories":[4],"tags":[],"yoast_head":"<!-- This site is optimized with the Yoast SEO plugin v23.4 - https:\/\/yoast.com\/wordpress\/plugins\/seo\/ -->\n<title>Preview: Everton - Sheffield United - Official Czech &amp; Slovak Everton Supporters&#039; Club<\/title>\n<meta name=\"robots\" content=\"index, follow, max-snippet:-1, max-image-preview:large, max-video-preview:-1\" \/>\n<link rel=\"canonical\" href=\"https:\/\/evertonfc.cz\/index.php\/2011\/08\/23\/preview-everton-sheffield-united\/\" \/>\n<meta property=\"og:locale\" content=\"cs_CZ\" \/>\n<meta property=\"og:type\" content=\"article\" \/>\n<meta property=\"og:title\" content=\"Preview: Everton - Sheffield United - Official Czech &amp; Slovak Everton Supporters&#039; Club\" \/>\n<meta property=\"og:description\" content=\"Krom ligov\u00e9ho d\u011bn\u00ed vstupuje Everton tak\u00e9 do Carling Cupu. V sout\u011b\u017ei, ve kter\u00e9 se Blues dlouhodob\u011b p\u0159\u00edli\u0161 neda\u0159\u00ed, budou v&hellip;\" \/>\n<meta property=\"og:url\" content=\"https:\/\/evertonfc.cz\/index.php\/2011\/08\/23\/preview-everton-sheffield-united\/\" \/>\n<meta property=\"og:site_name\" content=\"Official Czech &amp; Slovak Everton Supporters&#039; Club\" \/>\n<meta property=\"article:publisher\" content=\"https:\/\/www.facebook.com\/everton.fans.cz.sk\" \/>\n<meta property=\"article:published_time\" content=\"2011-08-23T10:31:18+00:00\" \/>\n<meta property=\"article:modified_time\" content=\"2019-02-15T11:34:40+00:00\" \/>\n<meta property=\"og:image\" content=\"https:\/\/evertonfc.cz\/wp-content\/uploads\/2019\/01\/preview.jpg\" \/>\n\t<meta property=\"og:image:width\" content=\"720\" \/>\n\t<meta property=\"og:image:height\" content=\"405\" \/>\n\t<meta property=\"og:image:type\" content=\"image\/jpeg\" \/>\n<meta name=\"author\" content=\"Me\u0148a\" \/>\n<meta name=\"twitter:card\" content=\"summary_large_image\" \/>\n<meta name=\"twitter:label1\" content=\"Napsal(a)\" \/>\n\t<meta name=\"twitter:data1\" content=\"Me\u0148a\" \/>\n\t<meta name=\"twitter:label2\" content=\"Odhadovan\u00e1 doba \u010dten\u00ed\" \/>\n\t<meta name=\"twitter:data2\" content=\"4 minuty\" \/>\n<script type=\"application\/ld+json\" class=\"yoast-schema-graph\">{\"@context\":\"https:\/\/schema.org\",\"@graph\":[{\"@type\":\"Article\",\"@id\":\"https:\/\/evertonfc.cz\/index.php\/2011\/08\/23\/preview-everton-sheffield-united\/#article\",\"isPartOf\":{\"@id\":\"https:\/\/evertonfc.cz\/index.php\/2011\/08\/23\/preview-everton-sheffield-united\/\"},\"author\":{\"name\":\"Me\u0148a\",\"@id\":\"https:\/\/evertonfc.cz\/#\/schema\/person\/cd6328a75577de2add7793fd4b0930c3\"},\"headline\":\"Preview: Everton &#8211; Sheffield United\",\"datePublished\":\"2011-08-23T10:31:18+00:00\",\"dateModified\":\"2019-02-15T11:34:40+00:00\",\"mainEntityOfPage\":{\"@id\":\"https:\/\/evertonfc.cz\/index.php\/2011\/08\/23\/preview-everton-sheffield-united\/\"},\"wordCount\":875,\"commentCount\":0,\"publisher\":{\"@id\":\"https:\/\/evertonfc.cz\/#organization\"},\"image\":{\"@id\":\"https:\/\/evertonfc.cz\/index.php\/2011\/08\/23\/preview-everton-sheffield-united\/#primaryimage\"},\"thumbnailUrl\":\"https:\/\/evertonfc.cz\/wp-content\/uploads\/2019\/01\/preview.jpg\",\"articleSection\":[\"Z\u00e1pasy\"],\"inLanguage\":\"cs\",\"potentialAction\":[{\"@type\":\"CommentAction\",\"name\":\"Comment\",\"target\":[\"https:\/\/evertonfc.cz\/index.php\/2011\/08\/23\/preview-everton-sheffield-united\/#respond\"]}]},{\"@type\":\"WebPage\",\"@id\":\"https:\/\/evertonfc.cz\/index.php\/2011\/08\/23\/preview-everton-sheffield-united\/\",\"url\":\"https:\/\/evertonfc.cz\/index.php\/2011\/08\/23\/preview-everton-sheffield-united\/\",\"name\":\"Preview: Everton - Sheffield United - Official Czech &amp; Slovak Everton Supporters&#039; Club\",\"isPartOf\":{\"@id\":\"https:\/\/evertonfc.cz\/#website\"},\"primaryImageOfPage\":{\"@id\":\"https:\/\/evertonfc.cz\/index.php\/2011\/08\/23\/preview-everton-sheffield-united\/#primaryimage\"},\"image\":{\"@id\":\"https:\/\/evertonfc.cz\/index.php\/2011\/08\/23\/preview-everton-sheffield-united\/#primaryimage\"},\"thumbnailUrl\":\"https:\/\/evertonfc.cz\/wp-content\/uploads\/2019\/01\/preview.jpg\",\"datePublished\":\"2011-08-23T10:31:18+00:00\",\"dateModified\":\"2019-02-15T11:34:40+00:00\",\"breadcrumb\":{\"@id\":\"https:\/\/evertonfc.cz\/index.php\/2011\/08\/23\/preview-everton-sheffield-united\/#breadcrumb\"},\"inLanguage\":\"cs\",\"potentialAction\":[{\"@type\":\"ReadAction\",\"target\":[\"https:\/\/evertonfc.cz\/index.php\/2011\/08\/23\/preview-everton-sheffield-united\/\"]}]},{\"@type\":\"ImageObject\",\"inLanguage\":\"cs\",\"@id\":\"https:\/\/evertonfc.cz\/index.php\/2011\/08\/23\/preview-everton-sheffield-united\/#primaryimage\",\"url\":\"https:\/\/evertonfc.cz\/wp-content\/uploads\/2019\/01\/preview.jpg\",\"contentUrl\":\"https:\/\/evertonfc.cz\/wp-content\/uploads\/2019\/01\/preview.jpg\",\"width\":720,\"height\":405},{\"@type\":\"BreadcrumbList\",\"@id\":\"https:\/\/evertonfc.cz\/index.php\/2011\/08\/23\/preview-everton-sheffield-united\/#breadcrumb\",\"itemListElement\":[{\"@type\":\"ListItem\",\"position\":1,\"name\":\"Home\",\"item\":\"https:\/\/evertonfc.cz\/\"},{\"@type\":\"ListItem\",\"position\":2,\"name\":\"Preview: Everton &#8211; Sheffield United\"}]},{\"@type\":\"WebSite\",\"@id\":\"https:\/\/evertonfc.cz\/#website\",\"url\":\"https:\/\/evertonfc.cz\/\",\"name\":\"Official Czech &amp; Slovak Everton Supporters&#039; Club\",\"description\":\"\",\"publisher\":{\"@id\":\"https:\/\/evertonfc.cz\/#organization\"},\"potentialAction\":[{\"@type\":\"SearchAction\",\"target\":{\"@type\":\"EntryPoint\",\"urlTemplate\":\"https:\/\/evertonfc.cz\/?s={search_term_string}\"},\"query-input\":{\"@type\":\"PropertyValueSpecification\",\"valueRequired\":true,\"valueName\":\"search_term_string\"}}],\"inLanguage\":\"cs\"},{\"@type\":\"Organization\",\"@id\":\"https:\/\/evertonfc.cz\/#organization\",\"name\":\"Official Czech & Slovak Everton Supporters' Club\",\"url\":\"https:\/\/evertonfc.cz\/\",\"logo\":{\"@type\":\"ImageObject\",\"inLanguage\":\"cs\",\"@id\":\"https:\/\/evertonfc.cz\/#\/schema\/logo\/image\/\",\"url\":\"https:\/\/evertonfc.cz\/wp-content\/uploads\/2019\/05\/logo.png\",\"contentUrl\":\"https:\/\/evertonfc.cz\/wp-content\/uploads\/2019\/05\/logo.png\",\"width\":112,\"height\":112,\"caption\":\"Official Czech & Slovak Everton Supporters' Club\"},\"image\":{\"@id\":\"https:\/\/evertonfc.cz\/#\/schema\/logo\/image\/\"},\"sameAs\":[\"https:\/\/www.facebook.com\/everton.fans.cz.sk\"]},{\"@type\":\"Person\",\"@id\":\"https:\/\/evertonfc.cz\/#\/schema\/person\/cd6328a75577de2add7793fd4b0930c3\",\"name\":\"Me\u0148a\",\"url\":\"https:\/\/evertonfc.cz\/index.php\/author\/mena\/\"}]}<\/script>\n<!-- \/ Yoast SEO plugin. -->","yoast_head_json":{"title":"Preview: Everton - Sheffield United - Official Czech &amp; Slovak Everton Supporters&#039; Club","robots":{"index":"index","follow":"follow","max-snippet":"max-snippet:-1","max-image-preview":"max-image-preview:large","max-video-preview":"max-video-preview:-1"},"canonical":"https:\/\/evertonfc.cz\/index.php\/2011\/08\/23\/preview-everton-sheffield-united\/","og_locale":"cs_CZ","og_type":"article","og_title":"Preview: Everton - Sheffield United - Official Czech &amp; Slovak Everton Supporters&#039; Club","og_description":"Krom ligov\u00e9ho d\u011bn\u00ed vstupuje Everton tak\u00e9 do Carling Cupu. V sout\u011b\u017ei, ve kter\u00e9 se Blues dlouhodob\u011b p\u0159\u00edli\u0161 neda\u0159\u00ed, budou v&hellip;","og_url":"https:\/\/evertonfc.cz\/index.php\/2011\/08\/23\/preview-everton-sheffield-united\/","og_site_name":"Official Czech &amp; Slovak Everton Supporters&#039; Club","article_publisher":"https:\/\/www.facebook.com\/everton.fans.cz.sk","article_published_time":"2011-08-23T10:31:18+00:00","article_modified_time":"2019-02-15T11:34:40+00:00","og_image":[{"width":720,"height":405,"url":"https:\/\/evertonfc.cz\/wp-content\/uploads\/2019\/01\/preview.jpg","type":"image\/jpeg"}],"author":"Me\u0148a","twitter_card":"summary_large_image","twitter_misc":{"Napsal(a)":"Me\u0148a","Odhadovan\u00e1 doba \u010dten\u00ed":"4 minuty"},"schema":{"@context":"https:\/\/schema.org","@graph":[{"@type":"Article","@id":"https:\/\/evertonfc.cz\/index.php\/2011\/08\/23\/preview-everton-sheffield-united\/#article","isPartOf":{"@id":"https:\/\/evertonfc.cz\/index.php\/2011\/08\/23\/preview-everton-sheffield-united\/"},"author":{"name":"Me\u0148a","@id":"https:\/\/evertonfc.cz\/#\/schema\/person\/cd6328a75577de2add7793fd4b0930c3"},"headline":"Preview: Everton &#8211; Sheffield United","datePublished":"2011-08-23T10:31:18+00:00","dateModified":"2019-02-15T11:34:40+00:00","mainEntityOfPage":{"@id":"https:\/\/evertonfc.cz\/index.php\/2011\/08\/23\/preview-everton-sheffield-united\/"},"wordCount":875,"commentCount":0,"publisher":{"@id":"https:\/\/evertonfc.cz\/#organization"},"image":{"@id":"https:\/\/evertonfc.cz\/index.php\/2011\/08\/23\/preview-everton-sheffield-united\/#primaryimage"},"thumbnailUrl":"https:\/\/evertonfc.cz\/wp-content\/uploads\/2019\/01\/preview.jpg","articleSection":["Z\u00e1pasy"],"inLanguage":"cs","potentialAction":[{"@type":"CommentAction","name":"Comment","target":["https:\/\/evertonfc.cz\/index.php\/2011\/08\/23\/preview-everton-sheffield-united\/#respond"]}]},{"@type":"WebPage","@id":"https:\/\/evertonfc.cz\/index.php\/2011\/08\/23\/preview-everton-sheffield-united\/","url":"https:\/\/evertonfc.cz\/index.php\/2011\/08\/23\/preview-everton-sheffield-united\/","name":"Preview: Everton - Sheffield United - Official Czech &amp; Slovak Everton Supporters&#039; Club","isPartOf":{"@id":"https:\/\/evertonfc.cz\/#website"},"primaryImageOfPage":{"@id":"https:\/\/evertonfc.cz\/index.php\/2011\/08\/23\/preview-everton-sheffield-united\/#primaryimage"},"image":{"@id":"https:\/\/evertonfc.cz\/index.php\/2011\/08\/23\/preview-everton-sheffield-united\/#primaryimage"},"thumbnailUrl":"https:\/\/evertonfc.cz\/wp-content\/uploads\/2019\/01\/preview.jpg","datePublished":"2011-08-23T10:31:18+00:00","dateModified":"2019-02-15T11:34:40+00:00","breadcrumb":{"@id":"https:\/\/evertonfc.cz\/index.php\/2011\/08\/23\/preview-everton-sheffield-united\/#breadcrumb"},"inLanguage":"cs","potentialAction":[{"@type":"ReadAction","target":["https:\/\/evertonfc.cz\/index.php\/2011\/08\/23\/preview-everton-sheffield-united\/"]}]},{"@type":"ImageObject","inLanguage":"cs","@id":"https:\/\/evertonfc.cz\/index.php\/2011\/08\/23\/preview-everton-sheffield-united\/#primaryimage","url":"https:\/\/evertonfc.cz\/wp-content\/uploads\/2019\/01\/preview.jpg","contentUrl":"https:\/\/evertonfc.cz\/wp-content\/uploads\/2019\/01\/preview.jpg","width":720,"height":405},{"@type":"BreadcrumbList","@id":"https:\/\/evertonfc.cz\/index.php\/2011\/08\/23\/preview-everton-sheffield-united\/#breadcrumb","itemListElement":[{"@type":"ListItem","position":1,"name":"Home","item":"https:\/\/evertonfc.cz\/"},{"@type":"ListItem","position":2,"name":"Preview: Everton &#8211; Sheffield United"}]},{"@type":"WebSite","@id":"https:\/\/evertonfc.cz\/#website","url":"https:\/\/evertonfc.cz\/","name":"Official Czech &amp; Slovak Everton Supporters&#039; Club","description":"","publisher":{"@id":"https:\/\/evertonfc.cz\/#organization"},"potentialAction":[{"@type":"SearchAction","target":{"@type":"EntryPoint","urlTemplate":"https:\/\/evertonfc.cz\/?s={search_term_string}"},"query-input":{"@type":"PropertyValueSpecification","valueRequired":true,"valueName":"search_term_string"}}],"inLanguage":"cs"},{"@type":"Organization","@id":"https:\/\/evertonfc.cz\/#organization","name":"Official Czech & Slovak Everton Supporters' Club","url":"https:\/\/evertonfc.cz\/","logo":{"@type":"ImageObject","inLanguage":"cs","@id":"https:\/\/evertonfc.cz\/#\/schema\/logo\/image\/","url":"https:\/\/evertonfc.cz\/wp-content\/uploads\/2019\/05\/logo.png","contentUrl":"https:\/\/evertonfc.cz\/wp-content\/uploads\/2019\/05\/logo.png","width":112,"height":112,"caption":"Official Czech & Slovak Everton Supporters' Club"},"image":{"@id":"https:\/\/evertonfc.cz\/#\/schema\/logo\/image\/"},"sameAs":["https:\/\/www.facebook.com\/everton.fans.cz.sk"]},{"@type":"Person","@id":"https:\/\/evertonfc.cz\/#\/schema\/person\/cd6328a75577de2add7793fd4b0930c3","name":"Me\u0148a","url":"https:\/\/evertonfc.cz\/index.php\/author\/mena\/"}]}},"_links":{"self":[{"href":"https:\/\/evertonfc.cz\/index.php\/wp-json\/wp\/v2\/posts\/5629"}],"collection":[{"href":"https:\/\/evertonfc.cz\/index.php\/wp-json\/wp\/v2\/posts"}],"about":[{"href":"https:\/\/evertonfc.cz\/index.php\/wp-json\/wp\/v2\/types\/post"}],"author":[{"embeddable":true,"href":"https:\/\/evertonfc.cz\/index.php\/wp-json\/wp\/v2\/users\/7"}],"replies":[{"embeddable":true,"href":"https:\/\/evertonfc.cz\/index.php\/wp-json\/wp\/v2\/comments?post=5629"}],"version-history":[{"count":1,"href":"https:\/\/evertonfc.cz\/index.php\/wp-json\/wp\/v2\/posts\/5629\/revisions"}],"predecessor-version":[{"id":5630,"href":"https:\/\/evertonfc.cz\/index.php\/wp-json\/wp\/v2\/posts\/5629\/revisions\/5630"}],"wp:featuredmedia":[{"embeddable":true,"href":"https:\/\/evertonfc.cz\/index.php\/wp-json\/wp\/v2\/media\/1314"}],"wp:attachment":[{"href":"https:\/\/evertonfc.cz\/index.php\/wp-json\/wp\/v2\/media?parent=5629"}],"wp:term":[{"taxonomy":"category","embeddable":true,"href":"https:\/\/evertonfc.cz\/index.php\/wp-json\/wp\/v2\/categories?post=5629"},{"taxonomy":"post_tag","embeddable":true,"href":"https:\/\/evertonfc.cz\/index.php\/wp-json\/wp\/v2\/tags?post=5629"}],"curies":[{"name":"wp","href":"https:\/\/api.w.org\/{rel}","templated":true}]}}