{"id":5633,"date":"2011-08-26T12:36:14","date_gmt":"2011-08-26T10:36:14","guid":{"rendered":"http:\/\/evertonfc.cz\/?p=5633"},"modified":"2019-02-15T12:41:04","modified_gmt":"2019-02-15T11:41:04","slug":"preview-blackburn-rovers-everton-3","status":"publish","type":"post","link":"https:\/\/evertonfc.cz\/index.php\/2011\/08\/26\/preview-blackburn-rovers-everton-3\/","title":{"rendered":"Preview: Blackburn Rovers &#8211; Everton"},"content":{"rendered":"<h4>Prvn\u00ed venkovn\u00ed z\u00e1pas v sezon\u011b zavede Everton do Blackburnu, kde z\u00e1rove\u0148 bude usilovat o prvn\u00ed v\u00edt\u011bzstv\u00ed, a tak\u00e9 o znateln\u011b vyda\u0159en\u011bj\u0161\u00ed v\u00fdkon.<\/h4>\n<div id=\"NewsPostDetailContent\">\n<p>Blackburn loni utekl hrobn\u00edkovi z lopaty a\u017e v posledn\u00edm kole sezony a zd\u00e1 se, \u017ee na r\u016f\u017e\u00edch ustl\u00e1no nebudou m\u00edt Rovers ani letos. O lec\u010dems vypov\u00eddaj\u00ed ji\u017e \u00favodn\u00ed dv\u011b kola. V tom prvn\u00edm se opakoval souboj pr\u00e1v\u011b ze z\u00e1v\u011bru p\u0159edchoz\u00edho ro\u010dn\u00edku, kdy Blackburn zv\u00edt\u011bzil na h\u0159i\u0161ti Wolverhamptonu. Tehdy se ov\u0161em vyt\u00e1hli Vlci, kdy\u017e na Ewood Parku vyhr\u00e1li 2-1 a s nepo\u0159\u00edzenou Rovers ode\u0161li i z druh\u00e9ho z\u00e1pasu proti celku z Midlands &#8211; Aston Ville, kter\u00e1 doma zv\u00edt\u011bzila pohodln\u011b 3-1. Rovers tedy pokra\u010duj\u00ed v nez\u00e1vid\u011bn\u00edhodn\u00e9m trendu, kter\u00fd nastolili v minul\u00e9 sezon\u011b &#8211; z \u0161estn\u00e1cti posledn\u00edch utk\u00e1n\u00ed zv\u00edt\u011bzili pouze dvakr\u00e1t a prohr\u00e1li p\u0159itom rovnou polovinu.<\/p>\n<p>V Lancashire proto je co napravovat, by\u0165 si Blackburn \u010d\u00e1ste\u010dn\u011b spravil chu\u0165 v\u00fdhrou nad Sheffield Wednesday ve druh\u00e9m kole Ligov\u00e9ho poh\u00e1ru.<em> \u201eV\u00edme, \u017ee fanou\u0161ci jsou zklam\u00e1ni, proto\u017ee jsme v lize zat\u00edm nehr\u00e1li tak, jak bychom m\u011bli, tak\u017ee je te\u010f ze v\u0161eho nejd\u016fle\u017eit\u011bj\u0161\u00ed z\u00edskat v\u00fdsledek,\u201c<\/em> \u0159\u00edk\u00e1 letn\u00ed \u00fato\u010dn\u00e1 posila Rovers, Ruben Rochina. <em>\u201eJako hr\u00e1\u010di mus\u00edme myslet v\u00edt\u011bzn\u011b a v\u00fdhra nad Wednesday doufejme nastartuje na\u0161i sezonu. Mus\u00edme to v\u00edt\u011bzstv\u00ed zopakovat i proti Evertonu.\u201c<\/em><\/p>\n<p>Everton ve sv\u00e9m opo\u017ed\u011bn\u00e9m \u00favodn\u00edm kole d\u00e1 se \u0159\u00edct ni\u010d\u00edm nep\u0159ekvapil. Nevybo\u010dil toti\u017e ze sv\u00e9ho zab\u011bhnut\u00e9ho zvyku za\u010d\u00e1tkem sezony prohr\u00e1vat, a tak jsme byli sv\u011bdky ji\u017e \u010dtvrt\u00e9 por\u00e1\u017eky v prvn\u00ed kole sezony za sebou a v \u0161ir\u0161\u00edm kontextu dokonce sedm\u00e9 b\u011bhem dev\u00edti posledn\u00edch let. Doma Blues prohr\u00e1li s nov\u00e1\u010dkem z Queens Park Rangers a v mysli se okam\u017eit\u011b vyno\u0159ily vzpom\u00ednky na lo\u0148sk\u00e9 dom\u00e1c\u00ed blam\u00e1\u017ee s Newcastlem \u010di West Bromem. Stejn\u011b jako Blackburn, se pak alespo\u0148 zada\u0159ilo v Ligov\u00e9m poh\u00e1ru, kde Everton ironicky porazil druh\u00fd klub ze Sheffieldu &#8211; United.<\/p>\n<p>P\u0159ed sobotn\u00edm v\u00fdletem do Blackburnu tak Mikel Arteta dob\u0159e v\u00ed, \u017ee dal\u0161\u00ed podobn\u00e9 zav\u00e1h\u00e1n\u00ed u\u017e t\u00fdm nesm\u00ed p\u0159ipustit. <em>\u201ePoka\u017ed\u00e9 se tam hraje t\u011b\u017ece, fyzicky je to velmi siln\u00fd t\u00fdm. Mus\u00edme b\u00fdt pevn\u00ed v obran\u011b, abychom udr\u017eeli \u010dist\u00fd \u0161t\u00edt. Nesm\u00edme zbyte\u010dn\u011b ztr\u00e1cet m\u00ed\u010d a dr\u017eet jej na zemi.\u201c<\/em><\/p>\n<p>Posledn\u00ed vz\u00e1jemn\u00fd z\u00e1pas skon\u010dil v dubnu dom\u00e1c\u00ed v\u00fdhrou Evertonu, kdy\u017e v druh\u00e9m polo\u010dase g\u00f3ly obstarali Leon Osman a Leighton Baines. Na Ewood Parku se ov\u0161em naposled radovali Rovers, Toffees tam v \u00favodn\u00ed den lo\u0148sk\u00e9 sezony prohr\u00e1li 0-1.<em><br \/>\n<\/em><\/p>\n<h4><strong>Historie soupe\u0159e<\/strong><\/h4>\n<p>Blackburn Rovers FC byl zalo\u017een roku 1875 a pat\u0159\u00ed mezi legend\u00e1rn\u00ed dvan\u00e1ctku z\u00e1kl\u00e1daj\u00edc\u00edch \u010dlen\u016f Football League.\u00a0Hned zpo\u010d\u00e1tku se Rovers za\u0159adili mezi elitn\u00ed anglick\u00e9 kluby, co\u017e se brzy projevilo. Roku 1879 do Blackburnu putoval prvn\u00ed FA Cup, kdy\u017e Rovers ve fin\u00e1le porazili Tyne Association FC 5:1. Fin\u00e1lov\u00fd \u00fasp\u011bch byl zopakov\u00e1n o t\u0159i roky pozd\u011bji, kdy Blackburn porazil Old Etonians.<\/p>\n<p>T\u0159et\u00ed Anglick\u00fd poh\u00e1r z\u00edskal klub v roce 1891, to u\u017e se v\u0161ak schylovalo k m\u00e9n\u011b sv\u011btl\u00fdm z\u00edt\u0159k\u016fm. Prvn\u00ed desetilet\u00ed dvac\u00e1t\u00e9ho stolet\u00ed bylo ve znamen\u00ed \u0161patn\u00fdch v\u00fdsledk\u016f, o to v\u00edce byl p\u0159ekvapuj\u00edc\u00ed zisk dvou mistrovsk\u00fdch titul\u016f v letech 1912 a 1914. Jen\u017ee pot\u00e9 Blackburn znovu upadl do \u0161edi st\u0159edu tabulky, a\u017e nakonec v polovin\u011b t\u0159ic\u00e1t\u00fdch let sestoupil. Mnoz\u00ed \u010dekali rychl\u00fd n\u00e1vrat, ale Rovers na tom byli je\u0161t\u011b h\u016f\u0159e, po v\u00e1lce Blackburn putoval do Third Division.<\/p>\n<p>Ze t\u0159et\u00edho patra anglick\u00e9ho fotbalu se klub vyhrabal a\u017e v roce 1975, kdy slavil t\u0159etiligov\u00fd titul. 80. l\u00e9ta nebyla pro klub ni\u010d\u00edm vyj\u00edme\u010dn\u00e1, v\u011bci v\u0161ak nabraly rychl\u00fd sp\u00e1d za\u010d\u00e1tkem posledn\u00edho desetilet\u00ed 20. stolet\u00ed. Klub se postupn\u011b zvedal z popela a posl\u00e9ze \u0161okoval celou Anglii, nebo\u0165 v roce 1995 se Blackburn v \u010dele s \u00fato\u010dnou dvojkou Shearer &#8211; Sutton, stal mistrem Premier League.<\/p>\n<p>Na obrovsk\u00fd \u00fasp\u011bch nicm\u00e9n\u011b nenav\u00e1zali, n\u00e1sleduj\u00edc\u00ed sezonu str\u00e1vili v druh\u00e9 polovin\u011b tabulky. V roce 1997 nep\u0159\u00edzniv\u00e1 situace vyvrcholila sestupem. Na p\u0159elomu tis\u00edcilet\u00ed v\u0161ak byli Rovers zp\u011bt a zanedlouho slavili dal\u0161\u00ed hmotn\u00fd s\u00fa\u011bch &#8211; zisk Ligov\u00e9ho poh\u00e1ru. V roce 2004 se t\u00fdmu ujal Mark Hughes, a postupnou prac\u00ed klub dostal a\u017e do poh\u00e1rov\u00e9 Evropy. Jen\u017ee nic netrvalo v\u011b\u010dn\u011b a Hughese nahradil Sam Allardyce, pod kter\u00fdm Rovers hr\u00e1li st\u0159ed tabulky.<\/p>\n<p>Dal\u0161\u00ed miln\u00edk v\u0161ak na sebe nenechal dlouho \u010dekat. Na podzim roku 2010 p\u0159evzal majoritn\u00ed pod\u00edl v klubu indick\u00e1 spole\u010dnost Venkys, kter\u00e1 m\u00edsto Allardyce dosadila Steva Keana. Ten ale zat\u00edm o\u010dek\u00e1v\u00e1n\u00ed nov\u00fdch ambici\u00f3zn\u00edch majitel\u016f nenapl\u0148uje, a tak Rovers zat\u00edm \u017eij\u00ed v realit\u011b spodku tabulky.<\/p>\n<h4><strong>Z\u00e1pasov\u00e1 fakta<\/strong><\/h4>\n<p>Prvn\u00ed duel mezi Blackburnem a Everton je star\u00fd u\u017e sto\u010dty\u0159iadvacet let &#8211; v listopadu 1888 Rovers je\u0161t\u011b na star\u00e9m Leamington Road zv\u00edt\u011bzili hladce 3-0. Celkov\u011b jsou vz\u00e1jemn\u00e9 ligov\u00e9 souboje vyrovnan\u00e9 &#8211; Toffees vedou s 68 v\u00fdhrami oproti 60 triumf\u016fm Rovers a 33kr\u00e1t se mu\u017estva roze\u0161la sm\u00edrn\u011b. Ov\u0161em na dom\u00e1c\u00ed p\u016fd\u011b nemaj\u00ed Rovers proti Blues kdov\u00edjakou bilanci &#8211; loni Blackburn na Ewood Parku porazil Everton poprv\u00e9 za sedm z\u00e1pas\u016f.<\/p>\n<h4><strong>Blackburn<\/strong><\/h4>\n<p>\u00davodn\u00ed dva z\u00e1pasy sezony prohr\u00e1l pot\u0159et\u00ed od zalo\u017een\u00ed Premier League. V dosavadn\u00edch dvou utk\u00e1n\u00edch nav\u00edc inkasovali ji\u017e p\u011bt g\u00f3l\u016f, co\u017e je v t\u00e9to f\u00e1zi ro\u010dn\u00edku nov\u00fdm klubov\u00fdm rekordem. O nep\u0159esv\u011bd\u010div\u00e9 pr\u00e1ci defenzivy pak sv\u011bd\u010d\u00ed i to, \u017ee v posledn\u00edch deseti ligov\u00fdch z\u00e1pasech Rovers ani jednou neudr\u017eeli nulu. Naposled se jim to poda\u0159ilo v dubnov\u00e9 bezbrankov\u00e9 rem\u00edze na Emirates Stadium.<\/p>\n<h4><strong>Everton<\/strong><\/h4>\n<p>Dal\u0161\u00ed zpackan\u00fd vstup do sezony ji\u017e by zm\u00edn\u011bn, ale ka\u017ed\u00fd Everton douf\u00e1, \u017ee nebude m\u00edt tak fat\u00e1ln\u00ed rozm\u011bry jako ten minul\u00fd. Loni Toffees dok\u00e1zali zv\u00edt\u011bzit v pouh\u00fdch t\u0159ech z\u00e1pasech z \u00favodn\u00edch sedmn\u00e1cti kol.<\/p>\n<h4><strong>Vz\u00e1jemn\u00e1 bilance<\/strong><\/h4>\n<ul>\n<li>Celkov\u011b:\u00a0\u00a0\u00a0\u00a0\u00a0\u00a0\u00a0\u00a0\u00a0\u00a0\u00a0\u00a0\u00a0 \u00a0 60-33-68<\/li>\n<li>V Premier League:\u00a0 14-7-13<\/li>\n<li>Na Ewood Parku:\u00a0\u00a0\u00a0 40-17-20<\/li>\n<\/ul>\n<h4><strong>Absence<\/strong><\/h4>\n<p>Blackburnu se vrac\u00ed kapit\u00e1n Chris Samba, kter\u00fd m\u011bl pot\u00ed\u017ee s t\u0159\u00edsly. Nenastoup\u00ed v\u0161ak mo\u017en\u00e1 jeho kolega ze st\u0159edu obrany Ryan Nelsen, kter\u00e9ho tr\u00e1p\u00ed koleno. Evertonu krom Colemana a Gueyeho nechyb\u00ed nikdo, karetn\u00ed trest nav\u00edc vypr\u0161el Diniyaru Bilyaletdinovovi.<\/p>\n<p><strong>Blackburn:<\/strong> Robinson, Bunn, Salgado, Olsson, Nelsen, Dunn, Pedersen, Nzonzi, Hoilett, Goodwillie, Roberts, Hanley, Petrovic, Formica, Rochina, Blackman, Ribeiro, Lowe<\/p>\n<p><strong>Everton:<\/strong> Howard, Mucha, Hibbert, Neville, Jagielka, Distin, Duffy, Heitinga, Baines, Osman, Barkley, Cahill, Arteta, Fellaini, Bilyaletdinov, Rodwell, Beckford, Anichebe, Vellios<\/p>\n<ul>\n<li><strong>Kdy: <\/strong>27.8. 16:00 SE\u010c<\/li>\n<li><strong>Kde: <\/strong>Ewood Park<\/li>\n<li><strong>Rozhod\u010d\u00ed:<\/strong> Lee Mason<\/li>\n<\/ul>\n<\/div>\n","protected":false},"excerpt":{"rendered":"<p>Prvn\u00ed venkovn\u00ed z\u00e1pas v sezon\u011b zavede Everton do Blackburnu, kde z\u00e1rove\u0148 bude usilovat o prvn\u00ed v\u00edt\u011bzstv\u00ed, a tak\u00e9 o znateln\u011b&hellip;<\/p>\n","protected":false},"author":7,"featured_media":1314,"comment_status":"open","ping_status":"closed","sticky":false,"template":"","format":"standard","meta":{"_eb_attr":"","_monsterinsights_skip_tracking":false,"_monsterinsights_sitenote_active":false,"_monsterinsights_sitenote_note":"","_monsterinsights_sitenote_category":0,"footnotes":""},"categories":[4],"tags":[],"yoast_head":"<!-- This site is optimized with the Yoast SEO plugin v23.4 - https:\/\/yoast.com\/wordpress\/plugins\/seo\/ -->\n<title>Preview: Blackburn Rovers - Everton - Official Czech &amp; Slovak Everton Supporters&#039; Club<\/title>\n<meta name=\"robots\" content=\"index, follow, max-snippet:-1, max-image-preview:large, max-video-preview:-1\" \/>\n<link rel=\"canonical\" href=\"https:\/\/evertonfc.cz\/index.php\/2011\/08\/26\/preview-blackburn-rovers-everton-3\/\" \/>\n<meta property=\"og:locale\" content=\"cs_CZ\" \/>\n<meta property=\"og:type\" content=\"article\" \/>\n<meta property=\"og:title\" content=\"Preview: Blackburn Rovers - Everton - Official Czech &amp; Slovak Everton Supporters&#039; Club\" \/>\n<meta property=\"og:description\" content=\"Prvn\u00ed venkovn\u00ed z\u00e1pas v sezon\u011b zavede Everton do Blackburnu, kde z\u00e1rove\u0148 bude usilovat o prvn\u00ed v\u00edt\u011bzstv\u00ed, a tak\u00e9 o znateln\u011b&hellip;\" \/>\n<meta property=\"og:url\" content=\"https:\/\/evertonfc.cz\/index.php\/2011\/08\/26\/preview-blackburn-rovers-everton-3\/\" \/>\n<meta property=\"og:site_name\" content=\"Official Czech &amp; Slovak Everton Supporters&#039; Club\" \/>\n<meta property=\"article:publisher\" content=\"https:\/\/www.facebook.com\/everton.fans.cz.sk\" \/>\n<meta property=\"article:published_time\" content=\"2011-08-26T10:36:14+00:00\" \/>\n<meta property=\"article:modified_time\" content=\"2019-02-15T11:41:04+00:00\" \/>\n<meta property=\"og:image\" content=\"https:\/\/evertonfc.cz\/wp-content\/uploads\/2019\/01\/preview.jpg\" \/>\n\t<meta property=\"og:image:width\" content=\"720\" \/>\n\t<meta property=\"og:image:height\" content=\"405\" \/>\n\t<meta property=\"og:image:type\" content=\"image\/jpeg\" \/>\n<meta name=\"author\" content=\"Me\u0148a\" \/>\n<meta name=\"twitter:card\" content=\"summary_large_image\" \/>\n<meta name=\"twitter:label1\" content=\"Napsal(a)\" \/>\n\t<meta name=\"twitter:data1\" content=\"Me\u0148a\" \/>\n\t<meta name=\"twitter:label2\" content=\"Odhadovan\u00e1 doba \u010dten\u00ed\" \/>\n\t<meta name=\"twitter:data2\" content=\"6 minut\" \/>\n<script type=\"application\/ld+json\" class=\"yoast-schema-graph\">{\"@context\":\"https:\/\/schema.org\",\"@graph\":[{\"@type\":\"Article\",\"@id\":\"https:\/\/evertonfc.cz\/index.php\/2011\/08\/26\/preview-blackburn-rovers-everton-3\/#article\",\"isPartOf\":{\"@id\":\"https:\/\/evertonfc.cz\/index.php\/2011\/08\/26\/preview-blackburn-rovers-everton-3\/\"},\"author\":{\"name\":\"Me\u0148a\",\"@id\":\"https:\/\/evertonfc.cz\/#\/schema\/person\/cd6328a75577de2add7793fd4b0930c3\"},\"headline\":\"Preview: Blackburn Rovers &#8211; Everton\",\"datePublished\":\"2011-08-26T10:36:14+00:00\",\"dateModified\":\"2019-02-15T11:41:04+00:00\",\"mainEntityOfPage\":{\"@id\":\"https:\/\/evertonfc.cz\/index.php\/2011\/08\/26\/preview-blackburn-rovers-everton-3\/\"},\"wordCount\":1233,\"commentCount\":0,\"publisher\":{\"@id\":\"https:\/\/evertonfc.cz\/#organization\"},\"image\":{\"@id\":\"https:\/\/evertonfc.cz\/index.php\/2011\/08\/26\/preview-blackburn-rovers-everton-3\/#primaryimage\"},\"thumbnailUrl\":\"https:\/\/evertonfc.cz\/wp-content\/uploads\/2019\/01\/preview.jpg\",\"articleSection\":[\"Z\u00e1pasy\"],\"inLanguage\":\"cs\",\"potentialAction\":[{\"@type\":\"CommentAction\",\"name\":\"Comment\",\"target\":[\"https:\/\/evertonfc.cz\/index.php\/2011\/08\/26\/preview-blackburn-rovers-everton-3\/#respond\"]}]},{\"@type\":\"WebPage\",\"@id\":\"https:\/\/evertonfc.cz\/index.php\/2011\/08\/26\/preview-blackburn-rovers-everton-3\/\",\"url\":\"https:\/\/evertonfc.cz\/index.php\/2011\/08\/26\/preview-blackburn-rovers-everton-3\/\",\"name\":\"Preview: Blackburn Rovers - Everton - Official Czech &amp; Slovak Everton Supporters&#039; Club\",\"isPartOf\":{\"@id\":\"https:\/\/evertonfc.cz\/#website\"},\"primaryImageOfPage\":{\"@id\":\"https:\/\/evertonfc.cz\/index.php\/2011\/08\/26\/preview-blackburn-rovers-everton-3\/#primaryimage\"},\"image\":{\"@id\":\"https:\/\/evertonfc.cz\/index.php\/2011\/08\/26\/preview-blackburn-rovers-everton-3\/#primaryimage\"},\"thumbnailUrl\":\"https:\/\/evertonfc.cz\/wp-content\/uploads\/2019\/01\/preview.jpg\",\"datePublished\":\"2011-08-26T10:36:14+00:00\",\"dateModified\":\"2019-02-15T11:41:04+00:00\",\"breadcrumb\":{\"@id\":\"https:\/\/evertonfc.cz\/index.php\/2011\/08\/26\/preview-blackburn-rovers-everton-3\/#breadcrumb\"},\"inLanguage\":\"cs\",\"potentialAction\":[{\"@type\":\"ReadAction\",\"target\":[\"https:\/\/evertonfc.cz\/index.php\/2011\/08\/26\/preview-blackburn-rovers-everton-3\/\"]}]},{\"@type\":\"ImageObject\",\"inLanguage\":\"cs\",\"@id\":\"https:\/\/evertonfc.cz\/index.php\/2011\/08\/26\/preview-blackburn-rovers-everton-3\/#primaryimage\",\"url\":\"https:\/\/evertonfc.cz\/wp-content\/uploads\/2019\/01\/preview.jpg\",\"contentUrl\":\"https:\/\/evertonfc.cz\/wp-content\/uploads\/2019\/01\/preview.jpg\",\"width\":720,\"height\":405},{\"@type\":\"BreadcrumbList\",\"@id\":\"https:\/\/evertonfc.cz\/index.php\/2011\/08\/26\/preview-blackburn-rovers-everton-3\/#breadcrumb\",\"itemListElement\":[{\"@type\":\"ListItem\",\"position\":1,\"name\":\"Home\",\"item\":\"https:\/\/evertonfc.cz\/\"},{\"@type\":\"ListItem\",\"position\":2,\"name\":\"Preview: Blackburn Rovers &#8211; Everton\"}]},{\"@type\":\"WebSite\",\"@id\":\"https:\/\/evertonfc.cz\/#website\",\"url\":\"https:\/\/evertonfc.cz\/\",\"name\":\"Official Czech &amp; Slovak Everton Supporters&#039; Club\",\"description\":\"\",\"publisher\":{\"@id\":\"https:\/\/evertonfc.cz\/#organization\"},\"potentialAction\":[{\"@type\":\"SearchAction\",\"target\":{\"@type\":\"EntryPoint\",\"urlTemplate\":\"https:\/\/evertonfc.cz\/?s={search_term_string}\"},\"query-input\":{\"@type\":\"PropertyValueSpecification\",\"valueRequired\":true,\"valueName\":\"search_term_string\"}}],\"inLanguage\":\"cs\"},{\"@type\":\"Organization\",\"@id\":\"https:\/\/evertonfc.cz\/#organization\",\"name\":\"Official Czech & Slovak Everton Supporters' Club\",\"url\":\"https:\/\/evertonfc.cz\/\",\"logo\":{\"@type\":\"ImageObject\",\"inLanguage\":\"cs\",\"@id\":\"https:\/\/evertonfc.cz\/#\/schema\/logo\/image\/\",\"url\":\"https:\/\/evertonfc.cz\/wp-content\/uploads\/2019\/05\/logo.png\",\"contentUrl\":\"https:\/\/evertonfc.cz\/wp-content\/uploads\/2019\/05\/logo.png\",\"width\":112,\"height\":112,\"caption\":\"Official Czech & Slovak Everton Supporters' Club\"},\"image\":{\"@id\":\"https:\/\/evertonfc.cz\/#\/schema\/logo\/image\/\"},\"sameAs\":[\"https:\/\/www.facebook.com\/everton.fans.cz.sk\"]},{\"@type\":\"Person\",\"@id\":\"https:\/\/evertonfc.cz\/#\/schema\/person\/cd6328a75577de2add7793fd4b0930c3\",\"name\":\"Me\u0148a\",\"url\":\"https:\/\/evertonfc.cz\/index.php\/author\/mena\/\"}]}<\/script>\n<!-- \/ Yoast SEO plugin. -->","yoast_head_json":{"title":"Preview: Blackburn Rovers - Everton - Official Czech &amp; Slovak Everton Supporters&#039; Club","robots":{"index":"index","follow":"follow","max-snippet":"max-snippet:-1","max-image-preview":"max-image-preview:large","max-video-preview":"max-video-preview:-1"},"canonical":"https:\/\/evertonfc.cz\/index.php\/2011\/08\/26\/preview-blackburn-rovers-everton-3\/","og_locale":"cs_CZ","og_type":"article","og_title":"Preview: Blackburn Rovers - Everton - Official Czech &amp; Slovak Everton Supporters&#039; Club","og_description":"Prvn\u00ed venkovn\u00ed z\u00e1pas v sezon\u011b zavede Everton do Blackburnu, kde z\u00e1rove\u0148 bude usilovat o prvn\u00ed v\u00edt\u011bzstv\u00ed, a tak\u00e9 o znateln\u011b&hellip;","og_url":"https:\/\/evertonfc.cz\/index.php\/2011\/08\/26\/preview-blackburn-rovers-everton-3\/","og_site_name":"Official Czech &amp; Slovak Everton Supporters&#039; Club","article_publisher":"https:\/\/www.facebook.com\/everton.fans.cz.sk","article_published_time":"2011-08-26T10:36:14+00:00","article_modified_time":"2019-02-15T11:41:04+00:00","og_image":[{"width":720,"height":405,"url":"https:\/\/evertonfc.cz\/wp-content\/uploads\/2019\/01\/preview.jpg","type":"image\/jpeg"}],"author":"Me\u0148a","twitter_card":"summary_large_image","twitter_misc":{"Napsal(a)":"Me\u0148a","Odhadovan\u00e1 doba \u010dten\u00ed":"6 minut"},"schema":{"@context":"https:\/\/schema.org","@graph":[{"@type":"Article","@id":"https:\/\/evertonfc.cz\/index.php\/2011\/08\/26\/preview-blackburn-rovers-everton-3\/#article","isPartOf":{"@id":"https:\/\/evertonfc.cz\/index.php\/2011\/08\/26\/preview-blackburn-rovers-everton-3\/"},"author":{"name":"Me\u0148a","@id":"https:\/\/evertonfc.cz\/#\/schema\/person\/cd6328a75577de2add7793fd4b0930c3"},"headline":"Preview: Blackburn Rovers &#8211; Everton","datePublished":"2011-08-26T10:36:14+00:00","dateModified":"2019-02-15T11:41:04+00:00","mainEntityOfPage":{"@id":"https:\/\/evertonfc.cz\/index.php\/2011\/08\/26\/preview-blackburn-rovers-everton-3\/"},"wordCount":1233,"commentCount":0,"publisher":{"@id":"https:\/\/evertonfc.cz\/#organization"},"image":{"@id":"https:\/\/evertonfc.cz\/index.php\/2011\/08\/26\/preview-blackburn-rovers-everton-3\/#primaryimage"},"thumbnailUrl":"https:\/\/evertonfc.cz\/wp-content\/uploads\/2019\/01\/preview.jpg","articleSection":["Z\u00e1pasy"],"inLanguage":"cs","potentialAction":[{"@type":"CommentAction","name":"Comment","target":["https:\/\/evertonfc.cz\/index.php\/2011\/08\/26\/preview-blackburn-rovers-everton-3\/#respond"]}]},{"@type":"WebPage","@id":"https:\/\/evertonfc.cz\/index.php\/2011\/08\/26\/preview-blackburn-rovers-everton-3\/","url":"https:\/\/evertonfc.cz\/index.php\/2011\/08\/26\/preview-blackburn-rovers-everton-3\/","name":"Preview: Blackburn Rovers - Everton - Official Czech &amp; Slovak Everton Supporters&#039; Club","isPartOf":{"@id":"https:\/\/evertonfc.cz\/#website"},"primaryImageOfPage":{"@id":"https:\/\/evertonfc.cz\/index.php\/2011\/08\/26\/preview-blackburn-rovers-everton-3\/#primaryimage"},"image":{"@id":"https:\/\/evertonfc.cz\/index.php\/2011\/08\/26\/preview-blackburn-rovers-everton-3\/#primaryimage"},"thumbnailUrl":"https:\/\/evertonfc.cz\/wp-content\/uploads\/2019\/01\/preview.jpg","datePublished":"2011-08-26T10:36:14+00:00","dateModified":"2019-02-15T11:41:04+00:00","breadcrumb":{"@id":"https:\/\/evertonfc.cz\/index.php\/2011\/08\/26\/preview-blackburn-rovers-everton-3\/#breadcrumb"},"inLanguage":"cs","potentialAction":[{"@type":"ReadAction","target":["https:\/\/evertonfc.cz\/index.php\/2011\/08\/26\/preview-blackburn-rovers-everton-3\/"]}]},{"@type":"ImageObject","inLanguage":"cs","@id":"https:\/\/evertonfc.cz\/index.php\/2011\/08\/26\/preview-blackburn-rovers-everton-3\/#primaryimage","url":"https:\/\/evertonfc.cz\/wp-content\/uploads\/2019\/01\/preview.jpg","contentUrl":"https:\/\/evertonfc.cz\/wp-content\/uploads\/2019\/01\/preview.jpg","width":720,"height":405},{"@type":"BreadcrumbList","@id":"https:\/\/evertonfc.cz\/index.php\/2011\/08\/26\/preview-blackburn-rovers-everton-3\/#breadcrumb","itemListElement":[{"@type":"ListItem","position":1,"name":"Home","item":"https:\/\/evertonfc.cz\/"},{"@type":"ListItem","position":2,"name":"Preview: Blackburn Rovers &#8211; Everton"}]},{"@type":"WebSite","@id":"https:\/\/evertonfc.cz\/#website","url":"https:\/\/evertonfc.cz\/","name":"Official Czech &amp; Slovak Everton Supporters&#039; Club","description":"","publisher":{"@id":"https:\/\/evertonfc.cz\/#organization"},"potentialAction":[{"@type":"SearchAction","target":{"@type":"EntryPoint","urlTemplate":"https:\/\/evertonfc.cz\/?s={search_term_string}"},"query-input":{"@type":"PropertyValueSpecification","valueRequired":true,"valueName":"search_term_string"}}],"inLanguage":"cs"},{"@type":"Organization","@id":"https:\/\/evertonfc.cz\/#organization","name":"Official Czech & Slovak Everton Supporters' Club","url":"https:\/\/evertonfc.cz\/","logo":{"@type":"ImageObject","inLanguage":"cs","@id":"https:\/\/evertonfc.cz\/#\/schema\/logo\/image\/","url":"https:\/\/evertonfc.cz\/wp-content\/uploads\/2019\/05\/logo.png","contentUrl":"https:\/\/evertonfc.cz\/wp-content\/uploads\/2019\/05\/logo.png","width":112,"height":112,"caption":"Official Czech & Slovak Everton Supporters' Club"},"image":{"@id":"https:\/\/evertonfc.cz\/#\/schema\/logo\/image\/"},"sameAs":["https:\/\/www.facebook.com\/everton.fans.cz.sk"]},{"@type":"Person","@id":"https:\/\/evertonfc.cz\/#\/schema\/person\/cd6328a75577de2add7793fd4b0930c3","name":"Me\u0148a","url":"https:\/\/evertonfc.cz\/index.php\/author\/mena\/"}]}},"_links":{"self":[{"href":"https:\/\/evertonfc.cz\/index.php\/wp-json\/wp\/v2\/posts\/5633"}],"collection":[{"href":"https:\/\/evertonfc.cz\/index.php\/wp-json\/wp\/v2\/posts"}],"about":[{"href":"https:\/\/evertonfc.cz\/index.php\/wp-json\/wp\/v2\/types\/post"}],"author":[{"embeddable":true,"href":"https:\/\/evertonfc.cz\/index.php\/wp-json\/wp\/v2\/users\/7"}],"replies":[{"embeddable":true,"href":"https:\/\/evertonfc.cz\/index.php\/wp-json\/wp\/v2\/comments?post=5633"}],"version-history":[{"count":1,"href":"https:\/\/evertonfc.cz\/index.php\/wp-json\/wp\/v2\/posts\/5633\/revisions"}],"predecessor-version":[{"id":5634,"href":"https:\/\/evertonfc.cz\/index.php\/wp-json\/wp\/v2\/posts\/5633\/revisions\/5634"}],"wp:featuredmedia":[{"embeddable":true,"href":"https:\/\/evertonfc.cz\/index.php\/wp-json\/wp\/v2\/media\/1314"}],"wp:attachment":[{"href":"https:\/\/evertonfc.cz\/index.php\/wp-json\/wp\/v2\/media?parent=5633"}],"wp:term":[{"taxonomy":"category","embeddable":true,"href":"https:\/\/evertonfc.cz\/index.php\/wp-json\/wp\/v2\/categories?post=5633"},{"taxonomy":"post_tag","embeddable":true,"href":"https:\/\/evertonfc.cz\/index.php\/wp-json\/wp\/v2\/tags?post=5633"}],"curies":[{"name":"wp","href":"https:\/\/api.w.org\/{rel}","templated":true}]}}