{"id":5638,"date":"2011-08-27T12:41:09","date_gmt":"2011-08-27T10:41:09","guid":{"rendered":"http:\/\/evertonfc.cz\/?p=5638"},"modified":"2019-02-15T12:42:09","modified_gmt":"2019-02-15T11:42:09","slug":"blackburn-rovers-everton-01","status":"publish","type":"post","link":"https:\/\/evertonfc.cz\/index.php\/2011\/08\/27\/blackburn-rovers-everton-01\/","title":{"rendered":"Blackburn Rovers &#8211; Everton 0:1"},"content":{"rendered":"<h4>Dnes na Ewood Parku Evertonu do kl\u00edna spadl ranec \u0161t\u011bst\u011bny. V\u017edy\u0165 soupe\u0159 zahodil dv\u011b penalty a s\u00e1m Everton z jedn\u00e9 sk\u00f3roval v posledn\u00edch okam\u017eic\u00edch.<\/h4>\n<div id=\"NewsPostDetailContent\">\n<p>Prakticky p\u0159esn\u011b p\u0159ed rokem ve stejn\u00e9m z\u00e1pase Tim Howard potopil sv\u016fj t\u00fdm hrubkou vedouc\u00ed k jedin\u00e9mu g\u00f3lu z\u00e1pasu. Tentokr\u00e1t je ale americk\u00fd brank\u00e1\u0159 hrdinou. V\u017edy\u0165 Toffees zachr\u00e1nil p\u0159ed prohrou v z\u00e1pase, kter\u00fd host\u00e9 nakonec dokonce vyhr\u00e1li.<\/p>\n<p>Do z\u00e1pasu Everton nevykro\u010dil \u0161patn\u011b, p\u0159esto se ale do prvn\u00ed velk\u00e9 \u0161ance dostali Rovers. Ned\u016fsledn\u00e1 obrana dovolila Davidu Dunnovi protancovat do ide\u00e1ln\u00ed st\u0159eleck\u00e9 pozice, ov\u0161em z\u00e1lo\u017en\u00edk dom\u00e1c\u00edch m\u00ed\u0159il jen do ty\u010de. Jinak ale \u00favodn\u00ed polo\u010das p\u0159\u00edli\u0161 pod\u00edvan\u00e9 nep\u0159inesl. Dal\u0161\u00ed d\u00e1vku sm\u016fly si nav\u00edc Blackburn vybral ve 34. minut\u011b, kdy museli d\u00edky zran\u011bn\u00edm st\u0159\u00eddat Dunn i Morten Gamst Pedersen.<\/p>\n<p>Druh\u00e1 p\u016fle zato za\u010dala podstatn\u011b zaj\u00edmav\u011bji. V 46. minut\u011b Barkley v pokutov\u00e9m \u00fazem\u00ed zastavil Formicu a p\u0159esto\u017ee se Argentinec k zemi z\u0159\u00edtil v\u00edce ne\u017e ochotn\u011b, sud\u00ed Mason m\u011bl jasno &#8211; penalta. K m\u00ed\u010di se postavil Junior Hoilett, jeho\u017e r\u00e1nu ale Howard skv\u011ble vystihnul.<\/p>\n<p>V \u00fatoku Blackburnu se z\u00e1hy objevil st\u0159\u00eddaj\u00edc\u00ed David Goodwillie, a i ten mohl zpytovat sv\u011bdom\u00ed. Tv\u00e1\u0159\u00ed v tv\u00e1\u0159 Howardovi oraz\u00edtkoval b\u0159evno. Zav\u00e1h\u00e1n\u00ed mohl od\u010dinit o p\u00e1r moment\u016f pozd\u011bji, kdy do \u0161ance vyslal Formicu, toho ale bravurn\u00edm z\u00e1krokem Howard zne\u0161kodnil.<\/p>\n<p>\u010c\u00edsla d\u00e1l ukazovaly p\u0159evahu Rovers a dal\u0161\u00ed dokonalou \u0161anci jak aktivitu p\u0159etavit v zaslou\u017een\u00e9 veden\u00ed dostali v 82. minut\u011b, kdy Formicu k zemi ve v\u00e1pn\u011b poslal Phil Jagielka. \u00dato\u010dn\u00edk Blackburnu se rozhodl jeden\u00e1ctku kopnout s\u00e1m a rozhodnut\u00ed to v\u011bru nebylo \u0161\u0165astn\u00e9 &#8211; balon skon\u010dil na ty\u010di a vz\u00e1pet\u00ed se odkut\u00e1lel do z\u00e1mez\u00ed.<\/p>\n<p>Zd\u00e1lo se, \u017ee z\u00e1pas tedy sm\u011b\u0159oval kupodivu k bezbrankov\u00e9 rem\u00edze. Ten, kdo ale p\u0159enos vyp\u00ednal p\u0159ed\u010dasn\u011b mohl litovat. V 92. minut\u011b Mason vid\u011bl pochybn\u00e9 str\u010den\u00ed Samby do Fellainiho a uk\u00e1zal na b\u00edlou zna\u010dku. K m\u00ed\u010di se postavil Mikel Arteta a s p\u0159ehledem vyst\u0159elil Evertonu ne\u010dekan\u00e9 a tak\u00e9 st\u011b\u017e\u00ed zaslou\u017een\u00e9 t\u0159i body.<\/p>\n<p><strong>Everton:<\/strong> Howard, Neville, Jagielka, Distin, Baines, Arteta, Heitinga (84. Beckford), Fellaini, Osman (61. Bilyaletdinov), Barkley (52. Cahill), Anichebe<\/p>\n<p><strong>Blackburn:<\/strong> Robinson, Salgado, Samba, Givet, Olsson, Nzonzi, Emerton, Pedersen (33. Petrovic), Hoilett, Roberts (71. Goodwillie), Dunn (33. Formica)<\/p>\n<p><strong>G\u00f3l:<\/strong> 90. Arteta<\/p>\n<p><strong>Dr\u017een\u00ed m\u00ed\u010de:<\/strong> 51% &#8211; 49%<\/p>\n<p><strong>St\u0159ely na br\u00e1nu:<\/strong> 6 &#8211; 4<\/p>\n<p><strong>St\u0159ely mimo br\u00e1nu:<\/strong> 8 &#8211; 5<\/p>\n<p><strong>Rohov\u00e9 kopy:<\/strong> 5 &#8211; 4<\/p>\n<p><strong>Fauly: <\/strong>17 &#8211; 13<\/p>\n<\/div>\n","protected":false},"excerpt":{"rendered":"<p>Dnes na Ewood Parku Evertonu do kl\u00edna spadl ranec \u0161t\u011bst\u011bny. V\u017edy\u0165 soupe\u0159 zahodil dv\u011b penalty a s\u00e1m Everton z jedn\u00e9&hellip;<\/p>\n","protected":false},"author":7,"featured_media":1315,"comment_status":"open","ping_status":"closed","sticky":false,"template":"","format":"standard","meta":{"_eb_attr":"","_monsterinsights_skip_tracking":false,"_monsterinsights_sitenote_active":false,"_monsterinsights_sitenote_note":"","_monsterinsights_sitenote_category":0,"footnotes":""},"categories":[4],"tags":[],"yoast_head":"<!-- This site is optimized with the Yoast SEO plugin v23.4 - https:\/\/yoast.com\/wordpress\/plugins\/seo\/ -->\n<title>Blackburn Rovers - Everton 0:1 - Official Czech &amp; Slovak Everton Supporters&#039; Club<\/title>\n<meta name=\"robots\" content=\"index, follow, max-snippet:-1, max-image-preview:large, max-video-preview:-1\" \/>\n<link rel=\"canonical\" href=\"https:\/\/evertonfc.cz\/index.php\/2011\/08\/27\/blackburn-rovers-everton-01\/\" \/>\n<meta property=\"og:locale\" content=\"cs_CZ\" \/>\n<meta property=\"og:type\" content=\"article\" \/>\n<meta property=\"og:title\" content=\"Blackburn Rovers - Everton 0:1 - Official Czech &amp; Slovak Everton Supporters&#039; Club\" \/>\n<meta property=\"og:description\" content=\"Dnes na Ewood Parku Evertonu do kl\u00edna spadl ranec \u0161t\u011bst\u011bny. V\u017edy\u0165 soupe\u0159 zahodil dv\u011b penalty a s\u00e1m Everton z jedn\u00e9&hellip;\" \/>\n<meta property=\"og:url\" content=\"https:\/\/evertonfc.cz\/index.php\/2011\/08\/27\/blackburn-rovers-everton-01\/\" \/>\n<meta property=\"og:site_name\" content=\"Official Czech &amp; Slovak Everton Supporters&#039; Club\" \/>\n<meta property=\"article:publisher\" content=\"https:\/\/www.facebook.com\/everton.fans.cz.sk\" \/>\n<meta property=\"article:published_time\" content=\"2011-08-27T10:41:09+00:00\" \/>\n<meta property=\"article:modified_time\" content=\"2019-02-15T11:42:09+00:00\" \/>\n<meta property=\"og:image\" content=\"https:\/\/evertonfc.cz\/wp-content\/uploads\/2019\/01\/report.jpg\" \/>\n\t<meta property=\"og:image:width\" content=\"720\" \/>\n\t<meta property=\"og:image:height\" content=\"405\" \/>\n\t<meta property=\"og:image:type\" content=\"image\/jpeg\" \/>\n<meta name=\"author\" content=\"Me\u0148a\" \/>\n<meta name=\"twitter:card\" content=\"summary_large_image\" \/>\n<meta name=\"twitter:label1\" content=\"Napsal(a)\" \/>\n\t<meta name=\"twitter:data1\" content=\"Me\u0148a\" \/>\n\t<meta name=\"twitter:label2\" content=\"Odhadovan\u00e1 doba \u010dten\u00ed\" \/>\n\t<meta name=\"twitter:data2\" content=\"2 minuty\" \/>\n<script type=\"application\/ld+json\" class=\"yoast-schema-graph\">{\"@context\":\"https:\/\/schema.org\",\"@graph\":[{\"@type\":\"Article\",\"@id\":\"https:\/\/evertonfc.cz\/index.php\/2011\/08\/27\/blackburn-rovers-everton-01\/#article\",\"isPartOf\":{\"@id\":\"https:\/\/evertonfc.cz\/index.php\/2011\/08\/27\/blackburn-rovers-everton-01\/\"},\"author\":{\"name\":\"Me\u0148a\",\"@id\":\"https:\/\/evertonfc.cz\/#\/schema\/person\/cd6328a75577de2add7793fd4b0930c3\"},\"headline\":\"Blackburn Rovers &#8211; Everton 0:1\",\"datePublished\":\"2011-08-27T10:41:09+00:00\",\"dateModified\":\"2019-02-15T11:42:09+00:00\",\"mainEntityOfPage\":{\"@id\":\"https:\/\/evertonfc.cz\/index.php\/2011\/08\/27\/blackburn-rovers-everton-01\/\"},\"wordCount\":468,\"commentCount\":0,\"publisher\":{\"@id\":\"https:\/\/evertonfc.cz\/#organization\"},\"image\":{\"@id\":\"https:\/\/evertonfc.cz\/index.php\/2011\/08\/27\/blackburn-rovers-everton-01\/#primaryimage\"},\"thumbnailUrl\":\"https:\/\/evertonfc.cz\/wp-content\/uploads\/2019\/01\/report.jpg\",\"articleSection\":[\"Z\u00e1pasy\"],\"inLanguage\":\"cs\",\"potentialAction\":[{\"@type\":\"CommentAction\",\"name\":\"Comment\",\"target\":[\"https:\/\/evertonfc.cz\/index.php\/2011\/08\/27\/blackburn-rovers-everton-01\/#respond\"]}]},{\"@type\":\"WebPage\",\"@id\":\"https:\/\/evertonfc.cz\/index.php\/2011\/08\/27\/blackburn-rovers-everton-01\/\",\"url\":\"https:\/\/evertonfc.cz\/index.php\/2011\/08\/27\/blackburn-rovers-everton-01\/\",\"name\":\"Blackburn Rovers - Everton 0:1 - Official Czech &amp; Slovak Everton Supporters&#039; Club\",\"isPartOf\":{\"@id\":\"https:\/\/evertonfc.cz\/#website\"},\"primaryImageOfPage\":{\"@id\":\"https:\/\/evertonfc.cz\/index.php\/2011\/08\/27\/blackburn-rovers-everton-01\/#primaryimage\"},\"image\":{\"@id\":\"https:\/\/evertonfc.cz\/index.php\/2011\/08\/27\/blackburn-rovers-everton-01\/#primaryimage\"},\"thumbnailUrl\":\"https:\/\/evertonfc.cz\/wp-content\/uploads\/2019\/01\/report.jpg\",\"datePublished\":\"2011-08-27T10:41:09+00:00\",\"dateModified\":\"2019-02-15T11:42:09+00:00\",\"breadcrumb\":{\"@id\":\"https:\/\/evertonfc.cz\/index.php\/2011\/08\/27\/blackburn-rovers-everton-01\/#breadcrumb\"},\"inLanguage\":\"cs\",\"potentialAction\":[{\"@type\":\"ReadAction\",\"target\":[\"https:\/\/evertonfc.cz\/index.php\/2011\/08\/27\/blackburn-rovers-everton-01\/\"]}]},{\"@type\":\"ImageObject\",\"inLanguage\":\"cs\",\"@id\":\"https:\/\/evertonfc.cz\/index.php\/2011\/08\/27\/blackburn-rovers-everton-01\/#primaryimage\",\"url\":\"https:\/\/evertonfc.cz\/wp-content\/uploads\/2019\/01\/report.jpg\",\"contentUrl\":\"https:\/\/evertonfc.cz\/wp-content\/uploads\/2019\/01\/report.jpg\",\"width\":720,\"height\":405},{\"@type\":\"BreadcrumbList\",\"@id\":\"https:\/\/evertonfc.cz\/index.php\/2011\/08\/27\/blackburn-rovers-everton-01\/#breadcrumb\",\"itemListElement\":[{\"@type\":\"ListItem\",\"position\":1,\"name\":\"Home\",\"item\":\"https:\/\/evertonfc.cz\/\"},{\"@type\":\"ListItem\",\"position\":2,\"name\":\"Blackburn Rovers &#8211; Everton 0:1\"}]},{\"@type\":\"WebSite\",\"@id\":\"https:\/\/evertonfc.cz\/#website\",\"url\":\"https:\/\/evertonfc.cz\/\",\"name\":\"Official Czech &amp; Slovak Everton Supporters&#039; Club\",\"description\":\"\",\"publisher\":{\"@id\":\"https:\/\/evertonfc.cz\/#organization\"},\"potentialAction\":[{\"@type\":\"SearchAction\",\"target\":{\"@type\":\"EntryPoint\",\"urlTemplate\":\"https:\/\/evertonfc.cz\/?s={search_term_string}\"},\"query-input\":{\"@type\":\"PropertyValueSpecification\",\"valueRequired\":true,\"valueName\":\"search_term_string\"}}],\"inLanguage\":\"cs\"},{\"@type\":\"Organization\",\"@id\":\"https:\/\/evertonfc.cz\/#organization\",\"name\":\"Official Czech & Slovak Everton Supporters' Club\",\"url\":\"https:\/\/evertonfc.cz\/\",\"logo\":{\"@type\":\"ImageObject\",\"inLanguage\":\"cs\",\"@id\":\"https:\/\/evertonfc.cz\/#\/schema\/logo\/image\/\",\"url\":\"https:\/\/evertonfc.cz\/wp-content\/uploads\/2019\/05\/logo.png\",\"contentUrl\":\"https:\/\/evertonfc.cz\/wp-content\/uploads\/2019\/05\/logo.png\",\"width\":112,\"height\":112,\"caption\":\"Official Czech & Slovak Everton Supporters' Club\"},\"image\":{\"@id\":\"https:\/\/evertonfc.cz\/#\/schema\/logo\/image\/\"},\"sameAs\":[\"https:\/\/www.facebook.com\/everton.fans.cz.sk\"]},{\"@type\":\"Person\",\"@id\":\"https:\/\/evertonfc.cz\/#\/schema\/person\/cd6328a75577de2add7793fd4b0930c3\",\"name\":\"Me\u0148a\",\"url\":\"https:\/\/evertonfc.cz\/index.php\/author\/mena\/\"}]}<\/script>\n<!-- \/ Yoast SEO plugin. -->","yoast_head_json":{"title":"Blackburn Rovers - Everton 0:1 - Official Czech &amp; Slovak Everton Supporters&#039; Club","robots":{"index":"index","follow":"follow","max-snippet":"max-snippet:-1","max-image-preview":"max-image-preview:large","max-video-preview":"max-video-preview:-1"},"canonical":"https:\/\/evertonfc.cz\/index.php\/2011\/08\/27\/blackburn-rovers-everton-01\/","og_locale":"cs_CZ","og_type":"article","og_title":"Blackburn Rovers - Everton 0:1 - Official Czech &amp; Slovak Everton Supporters&#039; Club","og_description":"Dnes na Ewood Parku Evertonu do kl\u00edna spadl ranec \u0161t\u011bst\u011bny. V\u017edy\u0165 soupe\u0159 zahodil dv\u011b penalty a s\u00e1m Everton z jedn\u00e9&hellip;","og_url":"https:\/\/evertonfc.cz\/index.php\/2011\/08\/27\/blackburn-rovers-everton-01\/","og_site_name":"Official Czech &amp; Slovak Everton Supporters&#039; Club","article_publisher":"https:\/\/www.facebook.com\/everton.fans.cz.sk","article_published_time":"2011-08-27T10:41:09+00:00","article_modified_time":"2019-02-15T11:42:09+00:00","og_image":[{"width":720,"height":405,"url":"https:\/\/evertonfc.cz\/wp-content\/uploads\/2019\/01\/report.jpg","type":"image\/jpeg"}],"author":"Me\u0148a","twitter_card":"summary_large_image","twitter_misc":{"Napsal(a)":"Me\u0148a","Odhadovan\u00e1 doba \u010dten\u00ed":"2 minuty"},"schema":{"@context":"https:\/\/schema.org","@graph":[{"@type":"Article","@id":"https:\/\/evertonfc.cz\/index.php\/2011\/08\/27\/blackburn-rovers-everton-01\/#article","isPartOf":{"@id":"https:\/\/evertonfc.cz\/index.php\/2011\/08\/27\/blackburn-rovers-everton-01\/"},"author":{"name":"Me\u0148a","@id":"https:\/\/evertonfc.cz\/#\/schema\/person\/cd6328a75577de2add7793fd4b0930c3"},"headline":"Blackburn Rovers &#8211; Everton 0:1","datePublished":"2011-08-27T10:41:09+00:00","dateModified":"2019-02-15T11:42:09+00:00","mainEntityOfPage":{"@id":"https:\/\/evertonfc.cz\/index.php\/2011\/08\/27\/blackburn-rovers-everton-01\/"},"wordCount":468,"commentCount":0,"publisher":{"@id":"https:\/\/evertonfc.cz\/#organization"},"image":{"@id":"https:\/\/evertonfc.cz\/index.php\/2011\/08\/27\/blackburn-rovers-everton-01\/#primaryimage"},"thumbnailUrl":"https:\/\/evertonfc.cz\/wp-content\/uploads\/2019\/01\/report.jpg","articleSection":["Z\u00e1pasy"],"inLanguage":"cs","potentialAction":[{"@type":"CommentAction","name":"Comment","target":["https:\/\/evertonfc.cz\/index.php\/2011\/08\/27\/blackburn-rovers-everton-01\/#respond"]}]},{"@type":"WebPage","@id":"https:\/\/evertonfc.cz\/index.php\/2011\/08\/27\/blackburn-rovers-everton-01\/","url":"https:\/\/evertonfc.cz\/index.php\/2011\/08\/27\/blackburn-rovers-everton-01\/","name":"Blackburn Rovers - Everton 0:1 - Official Czech &amp; Slovak Everton Supporters&#039; Club","isPartOf":{"@id":"https:\/\/evertonfc.cz\/#website"},"primaryImageOfPage":{"@id":"https:\/\/evertonfc.cz\/index.php\/2011\/08\/27\/blackburn-rovers-everton-01\/#primaryimage"},"image":{"@id":"https:\/\/evertonfc.cz\/index.php\/2011\/08\/27\/blackburn-rovers-everton-01\/#primaryimage"},"thumbnailUrl":"https:\/\/evertonfc.cz\/wp-content\/uploads\/2019\/01\/report.jpg","datePublished":"2011-08-27T10:41:09+00:00","dateModified":"2019-02-15T11:42:09+00:00","breadcrumb":{"@id":"https:\/\/evertonfc.cz\/index.php\/2011\/08\/27\/blackburn-rovers-everton-01\/#breadcrumb"},"inLanguage":"cs","potentialAction":[{"@type":"ReadAction","target":["https:\/\/evertonfc.cz\/index.php\/2011\/08\/27\/blackburn-rovers-everton-01\/"]}]},{"@type":"ImageObject","inLanguage":"cs","@id":"https:\/\/evertonfc.cz\/index.php\/2011\/08\/27\/blackburn-rovers-everton-01\/#primaryimage","url":"https:\/\/evertonfc.cz\/wp-content\/uploads\/2019\/01\/report.jpg","contentUrl":"https:\/\/evertonfc.cz\/wp-content\/uploads\/2019\/01\/report.jpg","width":720,"height":405},{"@type":"BreadcrumbList","@id":"https:\/\/evertonfc.cz\/index.php\/2011\/08\/27\/blackburn-rovers-everton-01\/#breadcrumb","itemListElement":[{"@type":"ListItem","position":1,"name":"Home","item":"https:\/\/evertonfc.cz\/"},{"@type":"ListItem","position":2,"name":"Blackburn Rovers &#8211; Everton 0:1"}]},{"@type":"WebSite","@id":"https:\/\/evertonfc.cz\/#website","url":"https:\/\/evertonfc.cz\/","name":"Official Czech &amp; Slovak Everton Supporters&#039; Club","description":"","publisher":{"@id":"https:\/\/evertonfc.cz\/#organization"},"potentialAction":[{"@type":"SearchAction","target":{"@type":"EntryPoint","urlTemplate":"https:\/\/evertonfc.cz\/?s={search_term_string}"},"query-input":{"@type":"PropertyValueSpecification","valueRequired":true,"valueName":"search_term_string"}}],"inLanguage":"cs"},{"@type":"Organization","@id":"https:\/\/evertonfc.cz\/#organization","name":"Official Czech & Slovak Everton Supporters' Club","url":"https:\/\/evertonfc.cz\/","logo":{"@type":"ImageObject","inLanguage":"cs","@id":"https:\/\/evertonfc.cz\/#\/schema\/logo\/image\/","url":"https:\/\/evertonfc.cz\/wp-content\/uploads\/2019\/05\/logo.png","contentUrl":"https:\/\/evertonfc.cz\/wp-content\/uploads\/2019\/05\/logo.png","width":112,"height":112,"caption":"Official Czech & Slovak Everton Supporters' Club"},"image":{"@id":"https:\/\/evertonfc.cz\/#\/schema\/logo\/image\/"},"sameAs":["https:\/\/www.facebook.com\/everton.fans.cz.sk"]},{"@type":"Person","@id":"https:\/\/evertonfc.cz\/#\/schema\/person\/cd6328a75577de2add7793fd4b0930c3","name":"Me\u0148a","url":"https:\/\/evertonfc.cz\/index.php\/author\/mena\/"}]}},"_links":{"self":[{"href":"https:\/\/evertonfc.cz\/index.php\/wp-json\/wp\/v2\/posts\/5638"}],"collection":[{"href":"https:\/\/evertonfc.cz\/index.php\/wp-json\/wp\/v2\/posts"}],"about":[{"href":"https:\/\/evertonfc.cz\/index.php\/wp-json\/wp\/v2\/types\/post"}],"author":[{"embeddable":true,"href":"https:\/\/evertonfc.cz\/index.php\/wp-json\/wp\/v2\/users\/7"}],"replies":[{"embeddable":true,"href":"https:\/\/evertonfc.cz\/index.php\/wp-json\/wp\/v2\/comments?post=5638"}],"version-history":[{"count":1,"href":"https:\/\/evertonfc.cz\/index.php\/wp-json\/wp\/v2\/posts\/5638\/revisions"}],"predecessor-version":[{"id":5639,"href":"https:\/\/evertonfc.cz\/index.php\/wp-json\/wp\/v2\/posts\/5638\/revisions\/5639"}],"wp:featuredmedia":[{"embeddable":true,"href":"https:\/\/evertonfc.cz\/index.php\/wp-json\/wp\/v2\/media\/1315"}],"wp:attachment":[{"href":"https:\/\/evertonfc.cz\/index.php\/wp-json\/wp\/v2\/media?parent=5638"}],"wp:term":[{"taxonomy":"category","embeddable":true,"href":"https:\/\/evertonfc.cz\/index.php\/wp-json\/wp\/v2\/categories?post=5638"},{"taxonomy":"post_tag","embeddable":true,"href":"https:\/\/evertonfc.cz\/index.php\/wp-json\/wp\/v2\/tags?post=5638"}],"curies":[{"name":"wp","href":"https:\/\/api.w.org\/{rel}","templated":true}]}}