{"id":5644,"date":"2013-03-29T12:55:12","date_gmt":"2013-03-29T11:55:12","guid":{"rendered":"http:\/\/evertonfc.cz\/?p=5644"},"modified":"2024-11-02T13:45:45","modified_gmt":"2024-11-02T12:45:45","slug":"preview-everton-stoke-city-6","status":"publish","type":"post","link":"https:\/\/evertonfc.cz\/index.php\/2013\/03\/29\/preview-everton-stoke-city-6\/","title":{"rendered":"Preview: Everton &#8211; Stoke City"},"content":{"rendered":"<h4 id=\"NewsPostDetailSummary\">Po reprezenta\u010dn\u00ed p\u0159est\u00e1vce se o slovo op\u011bt hl\u00e1s\u00ed Premier League, vstupuj\u00edc\u00ed do z\u00e1v\u011bre\u010dn\u00fdch boj\u016f. Toffees p\u0159iv\u00edtaj\u00ed Stoke City a vzhledem k ambic\u00edm EFC se o\u010dek\u00e1v\u00e1 pouze jeho v\u00edt\u011bzstv\u00ed.<\/h4>\n<div id=\"NewsPostDetailContent\">\n<p>David Moyes a Tony Pulis pat\u0159\u00ed v anglick\u00e9m fotbale k uzn\u00e1van\u00fdm mana\u017eer\u016fm. Oba p\u00e1nov\u00e9 vedou sv\u016fj klub ji\u017e n\u011bkolik let a jsou hodnoceni velmi kladn\u011b, p\u0159esto v sobotu budou vstupovat do z\u00e1pasu s rozd\u00edln\u00fdmi o\u010dek\u00e1v\u00e1n\u00edmi. Moyes nemysl\u00ed jist\u011b na nic jin\u00e9ho ne\u017e t\u0159i body, zat\u00edmco strat\u00e9g Pulis by byl r\u00e1d za jak\u00fdkoliv bod z Goodison Parku.<\/p>\n<p>Everton ztr\u00e1c\u00ed na pozici zaru\u010duj\u00edc\u00ed Ligy mistr\u016f \u0161est bod\u016f, p\u0159i\u010dem\u017e m\u00e1 k dobru utk\u00e1n\u00ed s Arsenalem, kter\u00fd se nach\u00e1z\u00ed v tabulce t\u011bsn\u011b nad n\u00edm. Pokud byste David Moyesovi podobn\u00fd sc\u00e9n\u00e1\u0159 sd\u011blili v srpnu lo\u0148sk\u00e9ho roku, jist\u011b by se pousm\u00e1l radost\u00ed. I tak si ale nemohu odpustit men\u0161\u00ed \u0161tiplavou pozn\u00e1mku: mohlo b\u00fdt l\u00e9pe. Mnoz\u00ed Evertonians sice u\u017e vzdali my\u0161lenku na Ligy mistr\u016f, ov\u0161em pro\u010d na n\u00ed nemyslet, kdy\u017e je celkem na dosah\u2026<\/p>\n<p>\u2026 na druhou stranu t\u0159eba z\u00e1rove\u0148 rychle podoktnout, v z\u00e1vodech o m\u00edsto zaru\u010duj\u00edc\u00ed milion\u00e1\u0159skou sout\u011b\u017e Everton nese n\u00e1lepku outsidera. Ve zb\u00fdvaj\u00edc\u00edch \u010dty\u0159ech dom\u00e1c\u00edch z\u00e1pasech bude rozhodn\u011b favorit na v\u00edt\u011bzstv\u00ed v ka\u017ed\u00e9m kole, jen\u017ee pohled na venkovn\u00ed los bud\u00ed respekt \u2013 Chelsea, Tottenham, Arsenal a samoz\u0159ejm\u011b o\u010dek\u00e1van\u00fd v\u00fdjezd na Anfield. P\u0159i tomto rozlosov\u00e1n\u00ed se obl\u00edben\u00fd duel na Sunderlandu jev\u00ed jako poh\u00e1dka.<\/p>\n<p>Toffees se z\u00e1rove\u0148 mus\u00ed d\u00edvat tak\u00e9 pod sebe, t\u00fdmy v \u010dele s rivalem LFC si d\u011blaj\u00ed z\u00e1lusk na jejich pozici.<\/p>\n<p>Jestli\u017ee s nov\u00fdm rokem ztratili Blues formu, u Stoke to plat\u00ed dvojn\u00e1sobn\u011b. Potteries rok 2012 kon\u010dili s\u00e9rii deseti st\u0159etnut\u00ed bez por\u00e1\u017eky, na \u0161est\u00e9 m\u00edsto ztr\u00e1celi \u010dty\u0159i body. Naopak v roce 2013 zv\u00edt\u011bzili jenom jednou a na Aston Villu, okupuj\u00edc\u00ed prvn\u00ed nesestupovou p\u0159\u00ed\u010dku, dr\u017e\u00ed n\u00e1skok \u010dty\u0159 bod\u016f.<\/p>\n<p>Od sez\u00f3ny 2008\/09, co Stoke hraje Premier League, se nikdy netr\u00e1pilo akutn\u00edmi starostmi se sestupem, dostalo se do fin\u00e1le FA Cup a objevilo se v poh\u00e1rov\u00e9 Evrop\u011b. Pulis by proto zcela jist\u011b r\u00e1d i leto\u0161n\u00ed sez\u00f3ny zakon\u010dil dobr\u00fdmi v\u00fdsledky. Proti \u00fasp\u011bchu na Goodison Parku v\u0161ak hovo\u0159\u00ed moment\u00e1ln\u00ed statistika, Stoke zv\u00edt\u011bzilo pouze jednou ze 24 posledn\u00edch venkovn\u00edch v\u00fdjezd\u016f a Everton na Goodison Parku poznal ho\u0159kost por\u00e1\u017eky jednou z posledn\u00edch 19 duel\u016f. Favorit sobotn\u00edho podve\u010dern\u00edho souboje je tedy jasn\u00fd, existuj\u00ed ale vlastn\u011b v Premier League jistoty?<\/p>\n<h4><strong>Z\u00e1pasov\u00e1 fakta<\/strong><\/h4>\n<p>Vz\u00e1jemn\u00e1<\/p>\n<ul>\n<li>Z posledn\u00edch p\u011bti z\u00e1pas\u016f se \u010dty\u0159ikr\u00e1t zrodila rem\u00edza<\/li>\n<li>Everton neporazil Stoke od \u0159\u00edjna 2010<\/li>\n<li>nejvy\u0161\u0161\u00ed v\u00edt\u011bzstv\u00ed Evertonu 8:0 se datuje na listopad 1889.<\/li>\n<\/ul>\n<p>Everton<\/p>\n<ul>\n<li>6. m\u00edsto s 48 body<\/li>\n<li>letos prohr\u00e1l jenom p\u011btkr\u00e1t v lize, v t\u00e9to f\u00e1zi sout\u011b\u017ee jde o nejmen\u0161\u00ed po\u010det por\u00e1\u017eek ze v\u0161ech sez\u00f3n Premier League<\/li>\n<li>v posledn\u00ed kolem proti ManCity udr\u017eel \u010dist\u00e9 konto, povedlo se mu to teprve podruh\u00e9 z posledn\u00edch \u010dtrn\u00e1cti dom\u00e1c\u00edch ligov\u00fdch z\u00e1pas\u016f<\/li>\n<li>v tom sam\u00e9m utk\u00e1n\u00ed se Nikica Jelavi\u0107 sk\u00f3roval v lize po 838 minut\u00e1ch.<\/li>\n<\/ul>\n<p>Stoke<\/p>\n<ul>\n<li>11. m\u00edsto s 34 body<\/li>\n<li>zv\u00edt\u011bzilo v jednom z posledn\u00edch 11 ligov\u00fdch kol<\/li>\n<li>v roce 2013 nast\u0159\u00edlelo v deseti utk\u00e1n\u00edch Premier League \u0161est branek, celkov\u011b vy\u0161lo st\u0159elecky napr\u00e1zdno v leto\u0161n\u00ed Premier League 13x, hor\u0161\u00ed v tomto ohledu nikdo nen\u00ed<\/li>\n<li>spolu s Norwichem nejv\u00edce kr\u00e1t v sez\u00f3n\u011b remizovalo (13x).<\/li>\n<\/ul>\n<h4><strong>T\u00fdmov\u00e9 novinky<\/strong><\/h4>\n<p>Tim Howard a Phil Jagielka se zotavuj\u00ed ze sv\u00fdch zran\u011bn\u00ed a jejich starty nejsou vylou\u010den\u00e9. Marouane Fellaini a Steven Pienaar nenastoup\u00ed pro suspendaci, Tony Hibbert st\u00e1le chyb\u00ed kv\u016fli poran\u011bn\u00e9mu l\u00fdtku.<\/p>\n<p><strong>Everton:<\/strong> Howard, Mucha, Distin, Heitinga, Baines, Coleman, Neville, Oviedo, Naismith, Hitzlsperger, Osman, Jelavic, Anichebe, Vellios, Gibson, Mirallas, Duffy, Barkley.<\/p>\n<p>Robert Huth se vrac\u00ed po t\u0159\u00edz\u00e1pasov\u00e9m trestu, tak\u017ee Tonyho Pulise netr\u00e1p\u00ed \u017e\u00e1dn\u00e1 absence.<\/p>\n<p><strong>Stoke:<\/strong> Begovic, Sorensen, Cameron, Wilkinson, Huth, Shawcross, Whelan, Nzonzi, Walters, Kightly, Etherington, Jones, Whitehead, Crouch, Jerome, Adam, Palacios, Shotton, Shea, Wilson, Owen.<\/p>\n<p><strong>Co:<\/strong>\u00a0Everton FC &#8211; Stoke City FC, 31. kolo Premier League<br \/>\n<strong>Kdy:<\/strong>\u00a030.03.2013 od 18:30 SE\u010c<br \/>\n<strong>Kde:<\/strong>\u00a0Goodison Park, Liverpool (kapacita: 40\u00a0157)<br \/>\n<strong>Rozhod\u010d\u00ed:<\/strong>\u00a0Mike Jones<\/p>\n<\/div>\n","protected":false},"excerpt":{"rendered":"<p>Po reprezenta\u010dn\u00ed p\u0159est\u00e1vce se o slovo op\u011bt hl\u00e1s\u00ed Premier League, vstupuj\u00edc\u00ed do z\u00e1v\u011bre\u010dn\u00fdch boj\u016f. Toffees p\u0159iv\u00edtaj\u00ed Stoke City a vzhledem&hellip;<\/p>\n","protected":false},"author":6,"featured_media":25543,"comment_status":"open","ping_status":"closed","sticky":false,"template":"","format":"standard","meta":{"_eb_attr":"","_monsterinsights_skip_tracking":false,"_monsterinsights_sitenote_active":false,"_monsterinsights_sitenote_note":"","_monsterinsights_sitenote_category":0,"footnotes":""},"categories":[4],"tags":[],"yoast_head":"<!-- This site is optimized with the Yoast SEO plugin v23.4 - https:\/\/yoast.com\/wordpress\/plugins\/seo\/ -->\n<title>Preview: Everton - Stoke City - Official Czech &amp; Slovak Everton Supporters&#039; Club<\/title>\n<meta name=\"robots\" content=\"index, follow, max-snippet:-1, max-image-preview:large, max-video-preview:-1\" \/>\n<link rel=\"canonical\" href=\"https:\/\/evertonfc.cz\/index.php\/2013\/03\/29\/preview-everton-stoke-city-6\/\" \/>\n<meta property=\"og:locale\" content=\"cs_CZ\" \/>\n<meta property=\"og:type\" content=\"article\" \/>\n<meta property=\"og:title\" content=\"Preview: Everton - Stoke City - Official Czech &amp; Slovak Everton Supporters&#039; Club\" \/>\n<meta property=\"og:description\" content=\"Po reprezenta\u010dn\u00ed p\u0159est\u00e1vce se o slovo op\u011bt hl\u00e1s\u00ed Premier League, vstupuj\u00edc\u00ed do z\u00e1v\u011bre\u010dn\u00fdch boj\u016f. Toffees p\u0159iv\u00edtaj\u00ed Stoke City a vzhledem&hellip;\" \/>\n<meta property=\"og:url\" content=\"https:\/\/evertonfc.cz\/index.php\/2013\/03\/29\/preview-everton-stoke-city-6\/\" \/>\n<meta property=\"og:site_name\" content=\"Official Czech &amp; Slovak Everton Supporters&#039; Club\" \/>\n<meta property=\"article:publisher\" content=\"https:\/\/www.facebook.com\/everton.fans.cz.sk\" \/>\n<meta property=\"article:published_time\" content=\"2013-03-29T11:55:12+00:00\" \/>\n<meta property=\"article:modified_time\" content=\"2024-11-02T12:45:45+00:00\" \/>\n<meta property=\"og:image\" content=\"https:\/\/evertonfc.cz\/wp-content\/uploads\/2024\/11\/Everton-VS-Stoke-City.png\" \/>\n\t<meta property=\"og:image:width\" content=\"720\" \/>\n\t<meta property=\"og:image:height\" content=\"405\" \/>\n\t<meta property=\"og:image:type\" content=\"image\/png\" \/>\n<meta name=\"author\" content=\"Ri\u010di\" \/>\n<meta name=\"twitter:card\" content=\"summary_large_image\" \/>\n<meta name=\"twitter:creator\" content=\"@rbrejsa\" \/>\n<meta name=\"twitter:label1\" content=\"Napsal(a)\" \/>\n\t<meta name=\"twitter:data1\" content=\"Ri\u010di\" \/>\n\t<meta name=\"twitter:label2\" content=\"Odhadovan\u00e1 doba \u010dten\u00ed\" \/>\n\t<meta name=\"twitter:data2\" content=\"4 minuty\" \/>\n<script type=\"application\/ld+json\" class=\"yoast-schema-graph\">{\"@context\":\"https:\/\/schema.org\",\"@graph\":[{\"@type\":\"Article\",\"@id\":\"https:\/\/evertonfc.cz\/index.php\/2013\/03\/29\/preview-everton-stoke-city-6\/#article\",\"isPartOf\":{\"@id\":\"https:\/\/evertonfc.cz\/index.php\/2013\/03\/29\/preview-everton-stoke-city-6\/\"},\"author\":{\"name\":\"Ri\u010di\",\"@id\":\"https:\/\/evertonfc.cz\/#\/schema\/person\/f7a5daedb2ffee98480bc70e191aaef1\"},\"headline\":\"Preview: Everton &#8211; Stoke City\",\"datePublished\":\"2013-03-29T11:55:12+00:00\",\"dateModified\":\"2024-11-02T12:45:45+00:00\",\"mainEntityOfPage\":{\"@id\":\"https:\/\/evertonfc.cz\/index.php\/2013\/03\/29\/preview-everton-stoke-city-6\/\"},\"wordCount\":786,\"commentCount\":0,\"publisher\":{\"@id\":\"https:\/\/evertonfc.cz\/#organization\"},\"image\":{\"@id\":\"https:\/\/evertonfc.cz\/index.php\/2013\/03\/29\/preview-everton-stoke-city-6\/#primaryimage\"},\"thumbnailUrl\":\"https:\/\/evertonfc.cz\/wp-content\/uploads\/2024\/11\/Everton-VS-Stoke-City.png\",\"articleSection\":[\"Z\u00e1pasy\"],\"inLanguage\":\"cs\",\"potentialAction\":[{\"@type\":\"CommentAction\",\"name\":\"Comment\",\"target\":[\"https:\/\/evertonfc.cz\/index.php\/2013\/03\/29\/preview-everton-stoke-city-6\/#respond\"]}]},{\"@type\":\"WebPage\",\"@id\":\"https:\/\/evertonfc.cz\/index.php\/2013\/03\/29\/preview-everton-stoke-city-6\/\",\"url\":\"https:\/\/evertonfc.cz\/index.php\/2013\/03\/29\/preview-everton-stoke-city-6\/\",\"name\":\"Preview: Everton - Stoke City - Official Czech &amp; Slovak Everton Supporters&#039; Club\",\"isPartOf\":{\"@id\":\"https:\/\/evertonfc.cz\/#website\"},\"primaryImageOfPage\":{\"@id\":\"https:\/\/evertonfc.cz\/index.php\/2013\/03\/29\/preview-everton-stoke-city-6\/#primaryimage\"},\"image\":{\"@id\":\"https:\/\/evertonfc.cz\/index.php\/2013\/03\/29\/preview-everton-stoke-city-6\/#primaryimage\"},\"thumbnailUrl\":\"https:\/\/evertonfc.cz\/wp-content\/uploads\/2024\/11\/Everton-VS-Stoke-City.png\",\"datePublished\":\"2013-03-29T11:55:12+00:00\",\"dateModified\":\"2024-11-02T12:45:45+00:00\",\"breadcrumb\":{\"@id\":\"https:\/\/evertonfc.cz\/index.php\/2013\/03\/29\/preview-everton-stoke-city-6\/#breadcrumb\"},\"inLanguage\":\"cs\",\"potentialAction\":[{\"@type\":\"ReadAction\",\"target\":[\"https:\/\/evertonfc.cz\/index.php\/2013\/03\/29\/preview-everton-stoke-city-6\/\"]}]},{\"@type\":\"ImageObject\",\"inLanguage\":\"cs\",\"@id\":\"https:\/\/evertonfc.cz\/index.php\/2013\/03\/29\/preview-everton-stoke-city-6\/#primaryimage\",\"url\":\"https:\/\/evertonfc.cz\/wp-content\/uploads\/2024\/11\/Everton-VS-Stoke-City.png\",\"contentUrl\":\"https:\/\/evertonfc.cz\/wp-content\/uploads\/2024\/11\/Everton-VS-Stoke-City.png\",\"width\":720,\"height\":405},{\"@type\":\"BreadcrumbList\",\"@id\":\"https:\/\/evertonfc.cz\/index.php\/2013\/03\/29\/preview-everton-stoke-city-6\/#breadcrumb\",\"itemListElement\":[{\"@type\":\"ListItem\",\"position\":1,\"name\":\"Home\",\"item\":\"https:\/\/evertonfc.cz\/\"},{\"@type\":\"ListItem\",\"position\":2,\"name\":\"Preview: Everton &#8211; Stoke City\"}]},{\"@type\":\"WebSite\",\"@id\":\"https:\/\/evertonfc.cz\/#website\",\"url\":\"https:\/\/evertonfc.cz\/\",\"name\":\"Official Czech &amp; Slovak Everton Supporters&#039; Club\",\"description\":\"\",\"publisher\":{\"@id\":\"https:\/\/evertonfc.cz\/#organization\"},\"potentialAction\":[{\"@type\":\"SearchAction\",\"target\":{\"@type\":\"EntryPoint\",\"urlTemplate\":\"https:\/\/evertonfc.cz\/?s={search_term_string}\"},\"query-input\":{\"@type\":\"PropertyValueSpecification\",\"valueRequired\":true,\"valueName\":\"search_term_string\"}}],\"inLanguage\":\"cs\"},{\"@type\":\"Organization\",\"@id\":\"https:\/\/evertonfc.cz\/#organization\",\"name\":\"Official Czech & Slovak Everton Supporters' Club\",\"url\":\"https:\/\/evertonfc.cz\/\",\"logo\":{\"@type\":\"ImageObject\",\"inLanguage\":\"cs\",\"@id\":\"https:\/\/evertonfc.cz\/#\/schema\/logo\/image\/\",\"url\":\"https:\/\/evertonfc.cz\/wp-content\/uploads\/2019\/05\/logo.png\",\"contentUrl\":\"https:\/\/evertonfc.cz\/wp-content\/uploads\/2019\/05\/logo.png\",\"width\":112,\"height\":112,\"caption\":\"Official Czech & Slovak Everton Supporters' Club\"},\"image\":{\"@id\":\"https:\/\/evertonfc.cz\/#\/schema\/logo\/image\/\"},\"sameAs\":[\"https:\/\/www.facebook.com\/everton.fans.cz.sk\"]},{\"@type\":\"Person\",\"@id\":\"https:\/\/evertonfc.cz\/#\/schema\/person\/f7a5daedb2ffee98480bc70e191aaef1\",\"name\":\"Ri\u010di\",\"sameAs\":[\"https:\/\/x.com\/rbrejsa\"],\"url\":\"https:\/\/evertonfc.cz\/index.php\/author\/rici\/\"}]}<\/script>\n<!-- \/ Yoast SEO plugin. -->","yoast_head_json":{"title":"Preview: Everton - Stoke City - Official Czech &amp; Slovak Everton Supporters&#039; Club","robots":{"index":"index","follow":"follow","max-snippet":"max-snippet:-1","max-image-preview":"max-image-preview:large","max-video-preview":"max-video-preview:-1"},"canonical":"https:\/\/evertonfc.cz\/index.php\/2013\/03\/29\/preview-everton-stoke-city-6\/","og_locale":"cs_CZ","og_type":"article","og_title":"Preview: Everton - Stoke City - Official Czech &amp; Slovak Everton Supporters&#039; Club","og_description":"Po reprezenta\u010dn\u00ed p\u0159est\u00e1vce se o slovo op\u011bt hl\u00e1s\u00ed Premier League, vstupuj\u00edc\u00ed do z\u00e1v\u011bre\u010dn\u00fdch boj\u016f. Toffees p\u0159iv\u00edtaj\u00ed Stoke City a vzhledem&hellip;","og_url":"https:\/\/evertonfc.cz\/index.php\/2013\/03\/29\/preview-everton-stoke-city-6\/","og_site_name":"Official Czech &amp; Slovak Everton Supporters&#039; Club","article_publisher":"https:\/\/www.facebook.com\/everton.fans.cz.sk","article_published_time":"2013-03-29T11:55:12+00:00","article_modified_time":"2024-11-02T12:45:45+00:00","og_image":[{"width":720,"height":405,"url":"https:\/\/evertonfc.cz\/wp-content\/uploads\/2024\/11\/Everton-VS-Stoke-City.png","type":"image\/png"}],"author":"Ri\u010di","twitter_card":"summary_large_image","twitter_creator":"@rbrejsa","twitter_misc":{"Napsal(a)":"Ri\u010di","Odhadovan\u00e1 doba \u010dten\u00ed":"4 minuty"},"schema":{"@context":"https:\/\/schema.org","@graph":[{"@type":"Article","@id":"https:\/\/evertonfc.cz\/index.php\/2013\/03\/29\/preview-everton-stoke-city-6\/#article","isPartOf":{"@id":"https:\/\/evertonfc.cz\/index.php\/2013\/03\/29\/preview-everton-stoke-city-6\/"},"author":{"name":"Ri\u010di","@id":"https:\/\/evertonfc.cz\/#\/schema\/person\/f7a5daedb2ffee98480bc70e191aaef1"},"headline":"Preview: Everton &#8211; Stoke City","datePublished":"2013-03-29T11:55:12+00:00","dateModified":"2024-11-02T12:45:45+00:00","mainEntityOfPage":{"@id":"https:\/\/evertonfc.cz\/index.php\/2013\/03\/29\/preview-everton-stoke-city-6\/"},"wordCount":786,"commentCount":0,"publisher":{"@id":"https:\/\/evertonfc.cz\/#organization"},"image":{"@id":"https:\/\/evertonfc.cz\/index.php\/2013\/03\/29\/preview-everton-stoke-city-6\/#primaryimage"},"thumbnailUrl":"https:\/\/evertonfc.cz\/wp-content\/uploads\/2024\/11\/Everton-VS-Stoke-City.png","articleSection":["Z\u00e1pasy"],"inLanguage":"cs","potentialAction":[{"@type":"CommentAction","name":"Comment","target":["https:\/\/evertonfc.cz\/index.php\/2013\/03\/29\/preview-everton-stoke-city-6\/#respond"]}]},{"@type":"WebPage","@id":"https:\/\/evertonfc.cz\/index.php\/2013\/03\/29\/preview-everton-stoke-city-6\/","url":"https:\/\/evertonfc.cz\/index.php\/2013\/03\/29\/preview-everton-stoke-city-6\/","name":"Preview: Everton - Stoke City - Official Czech &amp; Slovak Everton Supporters&#039; Club","isPartOf":{"@id":"https:\/\/evertonfc.cz\/#website"},"primaryImageOfPage":{"@id":"https:\/\/evertonfc.cz\/index.php\/2013\/03\/29\/preview-everton-stoke-city-6\/#primaryimage"},"image":{"@id":"https:\/\/evertonfc.cz\/index.php\/2013\/03\/29\/preview-everton-stoke-city-6\/#primaryimage"},"thumbnailUrl":"https:\/\/evertonfc.cz\/wp-content\/uploads\/2024\/11\/Everton-VS-Stoke-City.png","datePublished":"2013-03-29T11:55:12+00:00","dateModified":"2024-11-02T12:45:45+00:00","breadcrumb":{"@id":"https:\/\/evertonfc.cz\/index.php\/2013\/03\/29\/preview-everton-stoke-city-6\/#breadcrumb"},"inLanguage":"cs","potentialAction":[{"@type":"ReadAction","target":["https:\/\/evertonfc.cz\/index.php\/2013\/03\/29\/preview-everton-stoke-city-6\/"]}]},{"@type":"ImageObject","inLanguage":"cs","@id":"https:\/\/evertonfc.cz\/index.php\/2013\/03\/29\/preview-everton-stoke-city-6\/#primaryimage","url":"https:\/\/evertonfc.cz\/wp-content\/uploads\/2024\/11\/Everton-VS-Stoke-City.png","contentUrl":"https:\/\/evertonfc.cz\/wp-content\/uploads\/2024\/11\/Everton-VS-Stoke-City.png","width":720,"height":405},{"@type":"BreadcrumbList","@id":"https:\/\/evertonfc.cz\/index.php\/2013\/03\/29\/preview-everton-stoke-city-6\/#breadcrumb","itemListElement":[{"@type":"ListItem","position":1,"name":"Home","item":"https:\/\/evertonfc.cz\/"},{"@type":"ListItem","position":2,"name":"Preview: Everton &#8211; Stoke City"}]},{"@type":"WebSite","@id":"https:\/\/evertonfc.cz\/#website","url":"https:\/\/evertonfc.cz\/","name":"Official Czech &amp; Slovak Everton Supporters&#039; Club","description":"","publisher":{"@id":"https:\/\/evertonfc.cz\/#organization"},"potentialAction":[{"@type":"SearchAction","target":{"@type":"EntryPoint","urlTemplate":"https:\/\/evertonfc.cz\/?s={search_term_string}"},"query-input":{"@type":"PropertyValueSpecification","valueRequired":true,"valueName":"search_term_string"}}],"inLanguage":"cs"},{"@type":"Organization","@id":"https:\/\/evertonfc.cz\/#organization","name":"Official Czech & Slovak Everton Supporters' Club","url":"https:\/\/evertonfc.cz\/","logo":{"@type":"ImageObject","inLanguage":"cs","@id":"https:\/\/evertonfc.cz\/#\/schema\/logo\/image\/","url":"https:\/\/evertonfc.cz\/wp-content\/uploads\/2019\/05\/logo.png","contentUrl":"https:\/\/evertonfc.cz\/wp-content\/uploads\/2019\/05\/logo.png","width":112,"height":112,"caption":"Official Czech & Slovak Everton Supporters' Club"},"image":{"@id":"https:\/\/evertonfc.cz\/#\/schema\/logo\/image\/"},"sameAs":["https:\/\/www.facebook.com\/everton.fans.cz.sk"]},{"@type":"Person","@id":"https:\/\/evertonfc.cz\/#\/schema\/person\/f7a5daedb2ffee98480bc70e191aaef1","name":"Ri\u010di","sameAs":["https:\/\/x.com\/rbrejsa"],"url":"https:\/\/evertonfc.cz\/index.php\/author\/rici\/"}]}},"_links":{"self":[{"href":"https:\/\/evertonfc.cz\/index.php\/wp-json\/wp\/v2\/posts\/5644"}],"collection":[{"href":"https:\/\/evertonfc.cz\/index.php\/wp-json\/wp\/v2\/posts"}],"about":[{"href":"https:\/\/evertonfc.cz\/index.php\/wp-json\/wp\/v2\/types\/post"}],"author":[{"embeddable":true,"href":"https:\/\/evertonfc.cz\/index.php\/wp-json\/wp\/v2\/users\/6"}],"replies":[{"embeddable":true,"href":"https:\/\/evertonfc.cz\/index.php\/wp-json\/wp\/v2\/comments?post=5644"}],"version-history":[{"count":3,"href":"https:\/\/evertonfc.cz\/index.php\/wp-json\/wp\/v2\/posts\/5644\/revisions"}],"predecessor-version":[{"id":5764,"href":"https:\/\/evertonfc.cz\/index.php\/wp-json\/wp\/v2\/posts\/5644\/revisions\/5764"}],"wp:featuredmedia":[{"embeddable":true,"href":"https:\/\/evertonfc.cz\/index.php\/wp-json\/wp\/v2\/media\/25543"}],"wp:attachment":[{"href":"https:\/\/evertonfc.cz\/index.php\/wp-json\/wp\/v2\/media?parent=5644"}],"wp:term":[{"taxonomy":"category","embeddable":true,"href":"https:\/\/evertonfc.cz\/index.php\/wp-json\/wp\/v2\/categories?post=5644"},{"taxonomy":"post_tag","embeddable":true,"href":"https:\/\/evertonfc.cz\/index.php\/wp-json\/wp\/v2\/tags?post=5644"}],"curies":[{"name":"wp","href":"https:\/\/api.w.org\/{rel}","templated":true}]}}