{"id":5646,"date":"2013-03-27T12:56:30","date_gmt":"2013-03-27T11:56:30","guid":{"rendered":"http:\/\/evertonfc.cz\/?p=5646"},"modified":"2019-02-15T15:19:21","modified_gmt":"2019-02-15T14:19:21","slug":"neville-premysli-o-budoucnosti","status":"publish","type":"post","link":"https:\/\/evertonfc.cz\/index.php\/2013\/03\/27\/neville-premysli-o-budoucnosti\/","title":{"rendered":"Neville p\u0159em\u00fd\u0161l\u00ed o budoucnosti"},"content":{"rendered":"<h4 id=\"NewsPostDetailSummary\">Phil Neville si p\u0159ipou\u0161t\u00ed variantu odej\u00edt z Premier League do ni\u017e\u0161\u00ed sout\u011b\u017ee, aby si prodlou\u017eil svou bohatou kari\u00e9ru. Toffees tak v l\u00e9t\u011b mo\u017en\u00e1 ztrat\u00ed kapit\u00e1na.<\/h4>\n<div id=\"NewsPostDetailContent\">\n<p>Nevillovi kon\u010d\u00ed po sez\u00f3n\u011b v Evertonu smlouva, a proto zku\u0161en\u00fd hr\u00e1\u010d zva\u017euje, co d\u00e1le. Jeho v\u016fdcovsk\u00e9 schopnosti mu up\u0159\u00edt rozhodn\u011b nikdo nem\u016f\u017ee, ov\u0161em fotbalov\u00e9 kvality nejsou v posledn\u00edch m\u011bs\u00edc\u00edch \u010dasto na po\u017eadovan\u00e9 \u00farovni pro Premier League, fanou\u0161ci mnohdy nerozum\u00ed, pro\u010d ho David Moyes nasazuje do z\u00e1kladn\u00ed sestavy. Andy van der Meyde dokonce ve sv\u00e9 na autobiografii na jeho adresu uvedl n\u00e1sleduj\u00edc\u00ed slova:\u00a0<em>\u201eByl mazl\u00ed\u010dkem Moyese, z toho d\u016fvodu jsem si na n\u011bj zasednul. Podle m\u011b prozrazoval mana\u017eerovi v\u0161echno, a proto plnil roli kapit\u00e1na, vn\u00edmal jsem ho jako pr\u00e1ska\u010de. P\u0159ijde mi za neuv\u011b\u0159iteln\u011b vtipn\u00e9 jeho 250 start\u016f za Manchester United a skoro 60 za anglickou reprezentaci.\u201c<\/em><\/p>\n<p>\u0160estat\u0159icetilet\u00fd z\u00e1lo\u017en\u00edk p\u0159ed ned\u00e1vnem p\u0159ijal roli tren\u00e9ra v reprezentaci Anglie U21 na \u010dervnov\u00e9m Mistrovstv\u00ed Evropy v Izraeli, p\u0159i\u010dem\u017e debut na lavi\u010dce mlad\u00e9ho v\u00fdb\u011bru Albionu si odbyl p\u0159i v\u00edt\u011bzstv\u00ed 4:0 nad Belgii v \u00fanoru minul\u00e9ho roku. Na novou roli se dr\u017eitel tren\u00e9rsk\u00e9 licence UEFA t\u011b\u0161\u00ed.\u00a0<em>\u201eNaskytla se mi skv\u011bl\u00e1 mo\u017enost pracovat s nejlep\u0161\u00edmi hr\u00e1\u010di ve v\u00fdb\u011bru U21. P\u0159i st\u0159etnut\u00ed proti Belgii jsem si n\u011bco m\u00e1lo vyzkou\u0161el a \u0161lo pravd\u011bpodobn\u011b o nejlep\u0161\u00ed t\u0159i dny. Otev\u0159elo mi to o\u010di.<\/em><\/p>\n<p><em>Ty t\u0159i dny m\u011b p\u0159esv\u011bd\u010dily \u2013 chci tr\u00e9novat. V reprezentaci U21 jsem vid\u011bl v\u00fdborn\u00e9ho t\u00fdmov\u00e9ho ducha u zam\u011bstnanc\u016f a hr\u00e1\u010d\u016f, panovala soudr\u017enost a odhodl\u00e1n\u00ed vyhr\u00e1t ME. Pokud bych se stal jenom malou sou\u010d\u00e1st\u00ed kolektivu a n\u011bco se nau\u010dil, m\u011bl bych velikou radost. B\u011bhem \u0161ampion\u00e1tu vst\u0159eb\u00e1te v\u00edce informac\u00ed. Budete um\u011bt zach\u00e1zet s fotbalisty v odli\u0161n\u00e9 atmosf\u00e9\u0159e, mus\u00edte z nich dostat nejlep\u0161\u00ed v\u00fdkony. B\u011bhem turnaje tren\u00e9\u0159i v\u00edce sleduj\u00ed z\u00e1pasy, analyzuj\u00ed u videa a p\u0159em\u00fd\u0161lej\u00ed o sestav\u011b.<\/em><\/p>\n<p><em>Z\u00fa\u010dastnil jsem se t\u0159\u00ed velk\u00fdch turnaj\u016f, nyn\u00ed se ocitnu na druh\u00e9 stran\u011b, co\u017e pova\u017euji za v\u00fdzvu.\u201c<\/em><\/p>\n<p>Ne\u017e se ale Neville naplno odd\u00e1 tr\u00e9nov\u00e1n\u00ed, \u010dek\u00e1 ho rozhodnut\u00ed, co s fotbalovou kari\u00e9rou. P\u0159\u00edklad by si mohl vz\u00edt z Edgara Davidse, kter\u00fd od minul\u00e9ho roku z pozice hraj\u00edc\u00edho mana\u017eera vede Barnet v League Two.<\/p>\n<p><em>Chci hr\u00e1t, dokud to bude mo\u017en\u00e9. Rozhodn\u011b bych se nestyd\u011bl, kdybych kv\u016fli prodlou\u017een\u00ed kari\u00e9ry nastupoval v ni\u017e\u0161\u00ed sout\u011b\u017ei. I zde si lze podle m\u011b u\u017e\u00edvat fotbalu stejn\u011b jako v Premier League.<\/em><\/p>\n<p><em>Z hlediska zku\u0161enost\u00ed se v\u00e1m \u0161tace v ni\u017e\u0161\u00ed sout\u011b\u017ei m\u016f\u017ee vyplatit. Edgar Davids byl zvykl\u00fd na nejlep\u0161\u00ed servis, b\u011bhem hr\u00e1\u010dsk\u00e9 kari\u00e9ry tr\u00e9noval s dvaceti m\u00ed\u010di, te\u010f jich m\u00e1 k dispozici p\u011bt nebo \u0161est. D\u0159\u00edve kli\u010dkoval mezi ku\u017eely, v sou\u010dasnosti b\u011bh\u00e1 v parku, kde se mu mo\u017en\u00e1 pletou dov\u00e1d\u011bj\u00edc\u00ed psi. Takto se nau\u010d\u00edte \u0159emeslu.\u201c<\/em><\/p>\n<\/div>\n","protected":false},"excerpt":{"rendered":"<p>Phil Neville si p\u0159ipou\u0161t\u00ed variantu odej\u00edt z Premier League do ni\u017e\u0161\u00ed sout\u011b\u017ee, aby si prodlou\u017eil svou bohatou kari\u00e9ru. Toffees tak&hellip;<\/p>\n","protected":false},"author":6,"featured_media":1312,"comment_status":"open","ping_status":"closed","sticky":false,"template":"","format":"standard","meta":{"_eb_attr":"","_monsterinsights_skip_tracking":false,"_monsterinsights_sitenote_active":false,"_monsterinsights_sitenote_note":"","_monsterinsights_sitenote_category":0,"footnotes":""},"categories":[42,1],"tags":[],"yoast_head":"<!-- This site is optimized with the Yoast SEO plugin v23.4 - https:\/\/yoast.com\/wordpress\/plugins\/seo\/ -->\n<title>Neville p\u0159em\u00fd\u0161l\u00ed o budoucnosti - Official Czech &amp; Slovak Everton Supporters&#039; Club<\/title>\n<meta name=\"robots\" content=\"index, follow, max-snippet:-1, max-image-preview:large, max-video-preview:-1\" \/>\n<link rel=\"canonical\" href=\"https:\/\/evertonfc.cz\/index.php\/2013\/03\/27\/neville-premysli-o-budoucnosti\/\" \/>\n<meta property=\"og:locale\" content=\"cs_CZ\" \/>\n<meta property=\"og:type\" content=\"article\" \/>\n<meta property=\"og:title\" content=\"Neville p\u0159em\u00fd\u0161l\u00ed o budoucnosti - Official Czech &amp; Slovak Everton Supporters&#039; Club\" \/>\n<meta property=\"og:description\" content=\"Phil Neville si p\u0159ipou\u0161t\u00ed variantu odej\u00edt z Premier League do ni\u017e\u0161\u00ed sout\u011b\u017ee, aby si prodlou\u017eil svou bohatou kari\u00e9ru. Toffees tak&hellip;\" \/>\n<meta property=\"og:url\" content=\"https:\/\/evertonfc.cz\/index.php\/2013\/03\/27\/neville-premysli-o-budoucnosti\/\" \/>\n<meta property=\"og:site_name\" content=\"Official Czech &amp; Slovak Everton Supporters&#039; Club\" \/>\n<meta property=\"article:publisher\" content=\"https:\/\/www.facebook.com\/everton.fans.cz.sk\" \/>\n<meta property=\"article:published_time\" content=\"2013-03-27T11:56:30+00:00\" \/>\n<meta property=\"article:modified_time\" content=\"2019-02-15T14:19:21+00:00\" \/>\n<meta property=\"og:image\" content=\"https:\/\/evertonfc.cz\/wp-content\/uploads\/2019\/01\/interview.jpg\" \/>\n\t<meta property=\"og:image:width\" content=\"720\" \/>\n\t<meta property=\"og:image:height\" content=\"405\" \/>\n\t<meta property=\"og:image:type\" content=\"image\/jpeg\" \/>\n<meta name=\"author\" content=\"Ri\u010di\" \/>\n<meta name=\"twitter:card\" content=\"summary_large_image\" \/>\n<meta name=\"twitter:creator\" content=\"@rbrejsa\" \/>\n<meta name=\"twitter:label1\" content=\"Napsal(a)\" \/>\n\t<meta name=\"twitter:data1\" content=\"Ri\u010di\" \/>\n\t<meta name=\"twitter:label2\" content=\"Odhadovan\u00e1 doba \u010dten\u00ed\" \/>\n\t<meta name=\"twitter:data2\" content=\"3 minuty\" \/>\n<script type=\"application\/ld+json\" class=\"yoast-schema-graph\">{\"@context\":\"https:\/\/schema.org\",\"@graph\":[{\"@type\":\"Article\",\"@id\":\"https:\/\/evertonfc.cz\/index.php\/2013\/03\/27\/neville-premysli-o-budoucnosti\/#article\",\"isPartOf\":{\"@id\":\"https:\/\/evertonfc.cz\/index.php\/2013\/03\/27\/neville-premysli-o-budoucnosti\/\"},\"author\":{\"name\":\"Ri\u010di\",\"@id\":\"https:\/\/evertonfc.cz\/#\/schema\/person\/f7a5daedb2ffee98480bc70e191aaef1\"},\"headline\":\"Neville p\u0159em\u00fd\u0161l\u00ed o budoucnosti\",\"datePublished\":\"2013-03-27T11:56:30+00:00\",\"dateModified\":\"2019-02-15T14:19:21+00:00\",\"mainEntityOfPage\":{\"@id\":\"https:\/\/evertonfc.cz\/index.php\/2013\/03\/27\/neville-premysli-o-budoucnosti\/\"},\"wordCount\":566,\"commentCount\":0,\"publisher\":{\"@id\":\"https:\/\/evertonfc.cz\/#organization\"},\"image\":{\"@id\":\"https:\/\/evertonfc.cz\/index.php\/2013\/03\/27\/neville-premysli-o-budoucnosti\/#primaryimage\"},\"thumbnailUrl\":\"https:\/\/evertonfc.cz\/wp-content\/uploads\/2019\/01\/interview.jpg\",\"articleSection\":[\"Aktuality\",\"Rozhovory\"],\"inLanguage\":\"cs\",\"potentialAction\":[{\"@type\":\"CommentAction\",\"name\":\"Comment\",\"target\":[\"https:\/\/evertonfc.cz\/index.php\/2013\/03\/27\/neville-premysli-o-budoucnosti\/#respond\"]}]},{\"@type\":\"WebPage\",\"@id\":\"https:\/\/evertonfc.cz\/index.php\/2013\/03\/27\/neville-premysli-o-budoucnosti\/\",\"url\":\"https:\/\/evertonfc.cz\/index.php\/2013\/03\/27\/neville-premysli-o-budoucnosti\/\",\"name\":\"Neville p\u0159em\u00fd\u0161l\u00ed o budoucnosti - Official Czech &amp; Slovak Everton Supporters&#039; Club\",\"isPartOf\":{\"@id\":\"https:\/\/evertonfc.cz\/#website\"},\"primaryImageOfPage\":{\"@id\":\"https:\/\/evertonfc.cz\/index.php\/2013\/03\/27\/neville-premysli-o-budoucnosti\/#primaryimage\"},\"image\":{\"@id\":\"https:\/\/evertonfc.cz\/index.php\/2013\/03\/27\/neville-premysli-o-budoucnosti\/#primaryimage\"},\"thumbnailUrl\":\"https:\/\/evertonfc.cz\/wp-content\/uploads\/2019\/01\/interview.jpg\",\"datePublished\":\"2013-03-27T11:56:30+00:00\",\"dateModified\":\"2019-02-15T14:19:21+00:00\",\"breadcrumb\":{\"@id\":\"https:\/\/evertonfc.cz\/index.php\/2013\/03\/27\/neville-premysli-o-budoucnosti\/#breadcrumb\"},\"inLanguage\":\"cs\",\"potentialAction\":[{\"@type\":\"ReadAction\",\"target\":[\"https:\/\/evertonfc.cz\/index.php\/2013\/03\/27\/neville-premysli-o-budoucnosti\/\"]}]},{\"@type\":\"ImageObject\",\"inLanguage\":\"cs\",\"@id\":\"https:\/\/evertonfc.cz\/index.php\/2013\/03\/27\/neville-premysli-o-budoucnosti\/#primaryimage\",\"url\":\"https:\/\/evertonfc.cz\/wp-content\/uploads\/2019\/01\/interview.jpg\",\"contentUrl\":\"https:\/\/evertonfc.cz\/wp-content\/uploads\/2019\/01\/interview.jpg\",\"width\":720,\"height\":405},{\"@type\":\"BreadcrumbList\",\"@id\":\"https:\/\/evertonfc.cz\/index.php\/2013\/03\/27\/neville-premysli-o-budoucnosti\/#breadcrumb\",\"itemListElement\":[{\"@type\":\"ListItem\",\"position\":1,\"name\":\"Home\",\"item\":\"https:\/\/evertonfc.cz\/\"},{\"@type\":\"ListItem\",\"position\":2,\"name\":\"Neville p\u0159em\u00fd\u0161l\u00ed o budoucnosti\"}]},{\"@type\":\"WebSite\",\"@id\":\"https:\/\/evertonfc.cz\/#website\",\"url\":\"https:\/\/evertonfc.cz\/\",\"name\":\"Official Czech &amp; Slovak Everton Supporters&#039; Club\",\"description\":\"\",\"publisher\":{\"@id\":\"https:\/\/evertonfc.cz\/#organization\"},\"potentialAction\":[{\"@type\":\"SearchAction\",\"target\":{\"@type\":\"EntryPoint\",\"urlTemplate\":\"https:\/\/evertonfc.cz\/?s={search_term_string}\"},\"query-input\":{\"@type\":\"PropertyValueSpecification\",\"valueRequired\":true,\"valueName\":\"search_term_string\"}}],\"inLanguage\":\"cs\"},{\"@type\":\"Organization\",\"@id\":\"https:\/\/evertonfc.cz\/#organization\",\"name\":\"Official Czech & Slovak Everton Supporters' Club\",\"url\":\"https:\/\/evertonfc.cz\/\",\"logo\":{\"@type\":\"ImageObject\",\"inLanguage\":\"cs\",\"@id\":\"https:\/\/evertonfc.cz\/#\/schema\/logo\/image\/\",\"url\":\"https:\/\/evertonfc.cz\/wp-content\/uploads\/2019\/05\/logo.png\",\"contentUrl\":\"https:\/\/evertonfc.cz\/wp-content\/uploads\/2019\/05\/logo.png\",\"width\":112,\"height\":112,\"caption\":\"Official Czech & Slovak Everton Supporters' Club\"},\"image\":{\"@id\":\"https:\/\/evertonfc.cz\/#\/schema\/logo\/image\/\"},\"sameAs\":[\"https:\/\/www.facebook.com\/everton.fans.cz.sk\"]},{\"@type\":\"Person\",\"@id\":\"https:\/\/evertonfc.cz\/#\/schema\/person\/f7a5daedb2ffee98480bc70e191aaef1\",\"name\":\"Ri\u010di\",\"sameAs\":[\"https:\/\/x.com\/rbrejsa\"],\"url\":\"https:\/\/evertonfc.cz\/index.php\/author\/rici\/\"}]}<\/script>\n<!-- \/ Yoast SEO plugin. -->","yoast_head_json":{"title":"Neville p\u0159em\u00fd\u0161l\u00ed o budoucnosti - Official Czech &amp; Slovak Everton Supporters&#039; Club","robots":{"index":"index","follow":"follow","max-snippet":"max-snippet:-1","max-image-preview":"max-image-preview:large","max-video-preview":"max-video-preview:-1"},"canonical":"https:\/\/evertonfc.cz\/index.php\/2013\/03\/27\/neville-premysli-o-budoucnosti\/","og_locale":"cs_CZ","og_type":"article","og_title":"Neville p\u0159em\u00fd\u0161l\u00ed o budoucnosti - Official Czech &amp; Slovak Everton Supporters&#039; Club","og_description":"Phil Neville si p\u0159ipou\u0161t\u00ed variantu odej\u00edt z Premier League do ni\u017e\u0161\u00ed sout\u011b\u017ee, aby si prodlou\u017eil svou bohatou kari\u00e9ru. Toffees tak&hellip;","og_url":"https:\/\/evertonfc.cz\/index.php\/2013\/03\/27\/neville-premysli-o-budoucnosti\/","og_site_name":"Official Czech &amp; Slovak Everton Supporters&#039; Club","article_publisher":"https:\/\/www.facebook.com\/everton.fans.cz.sk","article_published_time":"2013-03-27T11:56:30+00:00","article_modified_time":"2019-02-15T14:19:21+00:00","og_image":[{"width":720,"height":405,"url":"https:\/\/evertonfc.cz\/wp-content\/uploads\/2019\/01\/interview.jpg","type":"image\/jpeg"}],"author":"Ri\u010di","twitter_card":"summary_large_image","twitter_creator":"@rbrejsa","twitter_misc":{"Napsal(a)":"Ri\u010di","Odhadovan\u00e1 doba \u010dten\u00ed":"3 minuty"},"schema":{"@context":"https:\/\/schema.org","@graph":[{"@type":"Article","@id":"https:\/\/evertonfc.cz\/index.php\/2013\/03\/27\/neville-premysli-o-budoucnosti\/#article","isPartOf":{"@id":"https:\/\/evertonfc.cz\/index.php\/2013\/03\/27\/neville-premysli-o-budoucnosti\/"},"author":{"name":"Ri\u010di","@id":"https:\/\/evertonfc.cz\/#\/schema\/person\/f7a5daedb2ffee98480bc70e191aaef1"},"headline":"Neville p\u0159em\u00fd\u0161l\u00ed o budoucnosti","datePublished":"2013-03-27T11:56:30+00:00","dateModified":"2019-02-15T14:19:21+00:00","mainEntityOfPage":{"@id":"https:\/\/evertonfc.cz\/index.php\/2013\/03\/27\/neville-premysli-o-budoucnosti\/"},"wordCount":566,"commentCount":0,"publisher":{"@id":"https:\/\/evertonfc.cz\/#organization"},"image":{"@id":"https:\/\/evertonfc.cz\/index.php\/2013\/03\/27\/neville-premysli-o-budoucnosti\/#primaryimage"},"thumbnailUrl":"https:\/\/evertonfc.cz\/wp-content\/uploads\/2019\/01\/interview.jpg","articleSection":["Aktuality","Rozhovory"],"inLanguage":"cs","potentialAction":[{"@type":"CommentAction","name":"Comment","target":["https:\/\/evertonfc.cz\/index.php\/2013\/03\/27\/neville-premysli-o-budoucnosti\/#respond"]}]},{"@type":"WebPage","@id":"https:\/\/evertonfc.cz\/index.php\/2013\/03\/27\/neville-premysli-o-budoucnosti\/","url":"https:\/\/evertonfc.cz\/index.php\/2013\/03\/27\/neville-premysli-o-budoucnosti\/","name":"Neville p\u0159em\u00fd\u0161l\u00ed o budoucnosti - Official Czech &amp; Slovak Everton Supporters&#039; Club","isPartOf":{"@id":"https:\/\/evertonfc.cz\/#website"},"primaryImageOfPage":{"@id":"https:\/\/evertonfc.cz\/index.php\/2013\/03\/27\/neville-premysli-o-budoucnosti\/#primaryimage"},"image":{"@id":"https:\/\/evertonfc.cz\/index.php\/2013\/03\/27\/neville-premysli-o-budoucnosti\/#primaryimage"},"thumbnailUrl":"https:\/\/evertonfc.cz\/wp-content\/uploads\/2019\/01\/interview.jpg","datePublished":"2013-03-27T11:56:30+00:00","dateModified":"2019-02-15T14:19:21+00:00","breadcrumb":{"@id":"https:\/\/evertonfc.cz\/index.php\/2013\/03\/27\/neville-premysli-o-budoucnosti\/#breadcrumb"},"inLanguage":"cs","potentialAction":[{"@type":"ReadAction","target":["https:\/\/evertonfc.cz\/index.php\/2013\/03\/27\/neville-premysli-o-budoucnosti\/"]}]},{"@type":"ImageObject","inLanguage":"cs","@id":"https:\/\/evertonfc.cz\/index.php\/2013\/03\/27\/neville-premysli-o-budoucnosti\/#primaryimage","url":"https:\/\/evertonfc.cz\/wp-content\/uploads\/2019\/01\/interview.jpg","contentUrl":"https:\/\/evertonfc.cz\/wp-content\/uploads\/2019\/01\/interview.jpg","width":720,"height":405},{"@type":"BreadcrumbList","@id":"https:\/\/evertonfc.cz\/index.php\/2013\/03\/27\/neville-premysli-o-budoucnosti\/#breadcrumb","itemListElement":[{"@type":"ListItem","position":1,"name":"Home","item":"https:\/\/evertonfc.cz\/"},{"@type":"ListItem","position":2,"name":"Neville p\u0159em\u00fd\u0161l\u00ed o budoucnosti"}]},{"@type":"WebSite","@id":"https:\/\/evertonfc.cz\/#website","url":"https:\/\/evertonfc.cz\/","name":"Official Czech &amp; Slovak Everton Supporters&#039; Club","description":"","publisher":{"@id":"https:\/\/evertonfc.cz\/#organization"},"potentialAction":[{"@type":"SearchAction","target":{"@type":"EntryPoint","urlTemplate":"https:\/\/evertonfc.cz\/?s={search_term_string}"},"query-input":{"@type":"PropertyValueSpecification","valueRequired":true,"valueName":"search_term_string"}}],"inLanguage":"cs"},{"@type":"Organization","@id":"https:\/\/evertonfc.cz\/#organization","name":"Official Czech & Slovak Everton Supporters' Club","url":"https:\/\/evertonfc.cz\/","logo":{"@type":"ImageObject","inLanguage":"cs","@id":"https:\/\/evertonfc.cz\/#\/schema\/logo\/image\/","url":"https:\/\/evertonfc.cz\/wp-content\/uploads\/2019\/05\/logo.png","contentUrl":"https:\/\/evertonfc.cz\/wp-content\/uploads\/2019\/05\/logo.png","width":112,"height":112,"caption":"Official Czech & Slovak Everton Supporters' Club"},"image":{"@id":"https:\/\/evertonfc.cz\/#\/schema\/logo\/image\/"},"sameAs":["https:\/\/www.facebook.com\/everton.fans.cz.sk"]},{"@type":"Person","@id":"https:\/\/evertonfc.cz\/#\/schema\/person\/f7a5daedb2ffee98480bc70e191aaef1","name":"Ri\u010di","sameAs":["https:\/\/x.com\/rbrejsa"],"url":"https:\/\/evertonfc.cz\/index.php\/author\/rici\/"}]}},"_links":{"self":[{"href":"https:\/\/evertonfc.cz\/index.php\/wp-json\/wp\/v2\/posts\/5646"}],"collection":[{"href":"https:\/\/evertonfc.cz\/index.php\/wp-json\/wp\/v2\/posts"}],"about":[{"href":"https:\/\/evertonfc.cz\/index.php\/wp-json\/wp\/v2\/types\/post"}],"author":[{"embeddable":true,"href":"https:\/\/evertonfc.cz\/index.php\/wp-json\/wp\/v2\/users\/6"}],"replies":[{"embeddable":true,"href":"https:\/\/evertonfc.cz\/index.php\/wp-json\/wp\/v2\/comments?post=5646"}],"version-history":[{"count":3,"href":"https:\/\/evertonfc.cz\/index.php\/wp-json\/wp\/v2\/posts\/5646\/revisions"}],"predecessor-version":[{"id":5766,"href":"https:\/\/evertonfc.cz\/index.php\/wp-json\/wp\/v2\/posts\/5646\/revisions\/5766"}],"wp:featuredmedia":[{"embeddable":true,"href":"https:\/\/evertonfc.cz\/index.php\/wp-json\/wp\/v2\/media\/1312"}],"wp:attachment":[{"href":"https:\/\/evertonfc.cz\/index.php\/wp-json\/wp\/v2\/media?parent=5646"}],"wp:term":[{"taxonomy":"category","embeddable":true,"href":"https:\/\/evertonfc.cz\/index.php\/wp-json\/wp\/v2\/categories?post=5646"},{"taxonomy":"post_tag","embeddable":true,"href":"https:\/\/evertonfc.cz\/index.php\/wp-json\/wp\/v2\/tags?post=5646"}],"curies":[{"name":"wp","href":"https:\/\/api.w.org\/{rel}","templated":true}]}}