{"id":5648,"date":"2013-03-17T12:57:21","date_gmt":"2013-03-17T11:57:21","guid":{"rendered":"http:\/\/evertonfc.cz\/?p=5648"},"modified":"2019-02-15T15:19:40","modified_gmt":"2019-02-15T14:19:40","slug":"everton-manchester-city-20","status":"publish","type":"post","link":"https:\/\/evertonfc.cz\/index.php\/2013\/03\/17\/everton-manchester-city-20\/","title":{"rendered":"Everton &#8211; Manchester City 2:0"},"content":{"rendered":"<h4 id=\"NewsPostDetailSummary\">I v po\u010detn\u00ed nev\u00fdhod\u011b Everton znovu dok\u00e1zal skalpovat Manchester City. Dv\u011bma kr\u00e1sn\u00fdmi trefami se o v\u00fdhru zaslou\u017eil Leon Osman a Nikica Jelavi\u0107.<\/h4>\n<div id=\"NewsPostDetailContent\">\n<p>Dominantn\u00ed v\u00fdkon dom\u00e1c\u00edch se v g\u00f3lov\u00e9 radosti odrazil ji\u017e po dvan\u00e1cti minut\u00e1ch, kdy pohotov\u011b zav\u011bsil Kevin Mirallas, jen\u017ee d\u00edky \u00fadajn\u00e9mu ofsajdu se sk\u00f3re nezm\u011bnilo. O n\u00e1pravu se ov\u0161em v 32. minut\u011b postaral n\u00e1dhernou st\u0159elou z 25 metr\u016f Leon Osman.<\/p>\n<p>Toffees z\u00e1pas kontrolovali i po p\u0159est\u00e1vce, v\u011bt\u0161inu druh\u00e9ho polo\u010dasu v\u0161ak museli dohr\u00e1vat v deseti hr\u00e1\u010d\u00edch, proto\u017ee p\u0159ed\u010dasn\u011b po dvou \u017elut\u00fdch kart\u00e1ch ze h\u0159i\u0161t\u011b odkr\u00e1\u010del Steven Pienaar. Everton veden\u00ed p\u0159esto obh\u00e1jil a z brejku na konci nastaven\u00e9ho \u010dasu je\u0161t\u011b p\u0159idal druh\u00fd g\u00f3l Nikica Jelavi\u0107.<\/p>\n<p>Highlighty ke zhl\u00e9dnut\u00ed\u00a0<a href=\"http:\/\/www.footytube.com\/video\/Everton-vs-Manchester-City-165309?ref=lchan_results\" target=\"_blank\" rel=\"noopener\">zde<\/a>.<\/p>\n<p><strong>Everton:<\/strong>\u00a0Mucha, Coleman, Heitinga, Distin, Baines, Mirallas (70. Naismith), Gibson, Osman, Fellaini, Pienaar, Anichebe (90. Jelavi\u0107)<\/p>\n<p><strong>Manchester City:\u00a0<\/strong>Hart, Zabaleta, K. Toure, Nastasic, Kolarov, Milner (83. Clichy), Garcia, Barry (70. Nasri), Silva, D\u017eeko, Tevez<\/p>\n<p><strong>G\u00f3ly:\u00a0<\/strong>32. Osman, 90. Jelavi\u0107<\/p>\n<p><strong>\u017dlut\u00e9 karty:\u00a0<\/strong>Osman, Pienaar, Fellaini, Jelavi\u0107 &#8211; Kolarov, Silva, D\u017eeko<\/p>\n<p><strong>\u010cerven\u00e1 karta:<\/strong>\u00a0Pienaar<\/p>\n<\/div>\n","protected":false},"excerpt":{"rendered":"<p>I v po\u010detn\u00ed nev\u00fdhod\u011b Everton znovu dok\u00e1zal skalpovat Manchester City. Dv\u011bma kr\u00e1sn\u00fdmi trefami se o v\u00fdhru zaslou\u017eil Leon Osman a&hellip;<\/p>\n","protected":false},"author":7,"featured_media":1315,"comment_status":"open","ping_status":"closed","sticky":false,"template":"","format":"standard","meta":{"_eb_attr":"","_monsterinsights_skip_tracking":false,"_monsterinsights_sitenote_active":false,"_monsterinsights_sitenote_note":"","_monsterinsights_sitenote_category":0,"footnotes":""},"categories":[4],"tags":[],"yoast_head":"<!-- This site is optimized with the Yoast SEO plugin v23.4 - https:\/\/yoast.com\/wordpress\/plugins\/seo\/ -->\n<title>Everton - Manchester City 2:0 - Official Czech &amp; Slovak Everton Supporters&#039; Club<\/title>\n<meta name=\"robots\" content=\"index, follow, max-snippet:-1, max-image-preview:large, max-video-preview:-1\" \/>\n<link rel=\"canonical\" href=\"https:\/\/evertonfc.cz\/index.php\/2013\/03\/17\/everton-manchester-city-20\/\" \/>\n<meta property=\"og:locale\" content=\"cs_CZ\" \/>\n<meta property=\"og:type\" content=\"article\" \/>\n<meta property=\"og:title\" content=\"Everton - Manchester City 2:0 - Official Czech &amp; Slovak Everton Supporters&#039; Club\" \/>\n<meta property=\"og:description\" content=\"I v po\u010detn\u00ed nev\u00fdhod\u011b Everton znovu dok\u00e1zal skalpovat Manchester City. Dv\u011bma kr\u00e1sn\u00fdmi trefami se o v\u00fdhru zaslou\u017eil Leon Osman a&hellip;\" \/>\n<meta property=\"og:url\" content=\"https:\/\/evertonfc.cz\/index.php\/2013\/03\/17\/everton-manchester-city-20\/\" \/>\n<meta property=\"og:site_name\" content=\"Official Czech &amp; Slovak Everton Supporters&#039; Club\" \/>\n<meta property=\"article:publisher\" content=\"https:\/\/www.facebook.com\/everton.fans.cz.sk\" \/>\n<meta property=\"article:published_time\" content=\"2013-03-17T11:57:21+00:00\" \/>\n<meta property=\"article:modified_time\" content=\"2019-02-15T14:19:40+00:00\" \/>\n<meta property=\"og:image\" content=\"https:\/\/evertonfc.cz\/wp-content\/uploads\/2019\/01\/report.jpg\" \/>\n\t<meta property=\"og:image:width\" content=\"720\" \/>\n\t<meta property=\"og:image:height\" content=\"405\" \/>\n\t<meta property=\"og:image:type\" content=\"image\/jpeg\" \/>\n<meta name=\"author\" content=\"Me\u0148a\" \/>\n<meta name=\"twitter:card\" content=\"summary_large_image\" \/>\n<meta name=\"twitter:label1\" content=\"Napsal(a)\" \/>\n\t<meta name=\"twitter:data1\" content=\"Me\u0148a\" \/>\n\t<meta name=\"twitter:label2\" content=\"Odhadovan\u00e1 doba \u010dten\u00ed\" \/>\n\t<meta name=\"twitter:data2\" content=\"1 minuta\" \/>\n<script type=\"application\/ld+json\" class=\"yoast-schema-graph\">{\"@context\":\"https:\/\/schema.org\",\"@graph\":[{\"@type\":\"Article\",\"@id\":\"https:\/\/evertonfc.cz\/index.php\/2013\/03\/17\/everton-manchester-city-20\/#article\",\"isPartOf\":{\"@id\":\"https:\/\/evertonfc.cz\/index.php\/2013\/03\/17\/everton-manchester-city-20\/\"},\"author\":{\"name\":\"Me\u0148a\",\"@id\":\"https:\/\/evertonfc.cz\/#\/schema\/person\/cd6328a75577de2add7793fd4b0930c3\"},\"headline\":\"Everton &#8211; Manchester City 2:0\",\"datePublished\":\"2013-03-17T11:57:21+00:00\",\"dateModified\":\"2019-02-15T14:19:40+00:00\",\"mainEntityOfPage\":{\"@id\":\"https:\/\/evertonfc.cz\/index.php\/2013\/03\/17\/everton-manchester-city-20\/\"},\"wordCount\":208,\"commentCount\":0,\"publisher\":{\"@id\":\"https:\/\/evertonfc.cz\/#organization\"},\"image\":{\"@id\":\"https:\/\/evertonfc.cz\/index.php\/2013\/03\/17\/everton-manchester-city-20\/#primaryimage\"},\"thumbnailUrl\":\"https:\/\/evertonfc.cz\/wp-content\/uploads\/2019\/01\/report.jpg\",\"articleSection\":[\"Z\u00e1pasy\"],\"inLanguage\":\"cs\",\"potentialAction\":[{\"@type\":\"CommentAction\",\"name\":\"Comment\",\"target\":[\"https:\/\/evertonfc.cz\/index.php\/2013\/03\/17\/everton-manchester-city-20\/#respond\"]}]},{\"@type\":\"WebPage\",\"@id\":\"https:\/\/evertonfc.cz\/index.php\/2013\/03\/17\/everton-manchester-city-20\/\",\"url\":\"https:\/\/evertonfc.cz\/index.php\/2013\/03\/17\/everton-manchester-city-20\/\",\"name\":\"Everton - Manchester City 2:0 - Official Czech &amp; Slovak Everton Supporters&#039; Club\",\"isPartOf\":{\"@id\":\"https:\/\/evertonfc.cz\/#website\"},\"primaryImageOfPage\":{\"@id\":\"https:\/\/evertonfc.cz\/index.php\/2013\/03\/17\/everton-manchester-city-20\/#primaryimage\"},\"image\":{\"@id\":\"https:\/\/evertonfc.cz\/index.php\/2013\/03\/17\/everton-manchester-city-20\/#primaryimage\"},\"thumbnailUrl\":\"https:\/\/evertonfc.cz\/wp-content\/uploads\/2019\/01\/report.jpg\",\"datePublished\":\"2013-03-17T11:57:21+00:00\",\"dateModified\":\"2019-02-15T14:19:40+00:00\",\"breadcrumb\":{\"@id\":\"https:\/\/evertonfc.cz\/index.php\/2013\/03\/17\/everton-manchester-city-20\/#breadcrumb\"},\"inLanguage\":\"cs\",\"potentialAction\":[{\"@type\":\"ReadAction\",\"target\":[\"https:\/\/evertonfc.cz\/index.php\/2013\/03\/17\/everton-manchester-city-20\/\"]}]},{\"@type\":\"ImageObject\",\"inLanguage\":\"cs\",\"@id\":\"https:\/\/evertonfc.cz\/index.php\/2013\/03\/17\/everton-manchester-city-20\/#primaryimage\",\"url\":\"https:\/\/evertonfc.cz\/wp-content\/uploads\/2019\/01\/report.jpg\",\"contentUrl\":\"https:\/\/evertonfc.cz\/wp-content\/uploads\/2019\/01\/report.jpg\",\"width\":720,\"height\":405},{\"@type\":\"BreadcrumbList\",\"@id\":\"https:\/\/evertonfc.cz\/index.php\/2013\/03\/17\/everton-manchester-city-20\/#breadcrumb\",\"itemListElement\":[{\"@type\":\"ListItem\",\"position\":1,\"name\":\"Home\",\"item\":\"https:\/\/evertonfc.cz\/\"},{\"@type\":\"ListItem\",\"position\":2,\"name\":\"Everton &#8211; Manchester City 2:0\"}]},{\"@type\":\"WebSite\",\"@id\":\"https:\/\/evertonfc.cz\/#website\",\"url\":\"https:\/\/evertonfc.cz\/\",\"name\":\"Official Czech &amp; Slovak Everton Supporters&#039; Club\",\"description\":\"\",\"publisher\":{\"@id\":\"https:\/\/evertonfc.cz\/#organization\"},\"potentialAction\":[{\"@type\":\"SearchAction\",\"target\":{\"@type\":\"EntryPoint\",\"urlTemplate\":\"https:\/\/evertonfc.cz\/?s={search_term_string}\"},\"query-input\":{\"@type\":\"PropertyValueSpecification\",\"valueRequired\":true,\"valueName\":\"search_term_string\"}}],\"inLanguage\":\"cs\"},{\"@type\":\"Organization\",\"@id\":\"https:\/\/evertonfc.cz\/#organization\",\"name\":\"Official Czech & Slovak Everton Supporters' Club\",\"url\":\"https:\/\/evertonfc.cz\/\",\"logo\":{\"@type\":\"ImageObject\",\"inLanguage\":\"cs\",\"@id\":\"https:\/\/evertonfc.cz\/#\/schema\/logo\/image\/\",\"url\":\"https:\/\/evertonfc.cz\/wp-content\/uploads\/2019\/05\/logo.png\",\"contentUrl\":\"https:\/\/evertonfc.cz\/wp-content\/uploads\/2019\/05\/logo.png\",\"width\":112,\"height\":112,\"caption\":\"Official Czech & Slovak Everton Supporters' Club\"},\"image\":{\"@id\":\"https:\/\/evertonfc.cz\/#\/schema\/logo\/image\/\"},\"sameAs\":[\"https:\/\/www.facebook.com\/everton.fans.cz.sk\"]},{\"@type\":\"Person\",\"@id\":\"https:\/\/evertonfc.cz\/#\/schema\/person\/cd6328a75577de2add7793fd4b0930c3\",\"name\":\"Me\u0148a\",\"url\":\"https:\/\/evertonfc.cz\/index.php\/author\/mena\/\"}]}<\/script>\n<!-- \/ Yoast SEO plugin. -->","yoast_head_json":{"title":"Everton - Manchester City 2:0 - Official Czech &amp; Slovak Everton Supporters&#039; Club","robots":{"index":"index","follow":"follow","max-snippet":"max-snippet:-1","max-image-preview":"max-image-preview:large","max-video-preview":"max-video-preview:-1"},"canonical":"https:\/\/evertonfc.cz\/index.php\/2013\/03\/17\/everton-manchester-city-20\/","og_locale":"cs_CZ","og_type":"article","og_title":"Everton - Manchester City 2:0 - Official Czech &amp; Slovak Everton Supporters&#039; Club","og_description":"I v po\u010detn\u00ed nev\u00fdhod\u011b Everton znovu dok\u00e1zal skalpovat Manchester City. Dv\u011bma kr\u00e1sn\u00fdmi trefami se o v\u00fdhru zaslou\u017eil Leon Osman a&hellip;","og_url":"https:\/\/evertonfc.cz\/index.php\/2013\/03\/17\/everton-manchester-city-20\/","og_site_name":"Official Czech &amp; Slovak Everton Supporters&#039; Club","article_publisher":"https:\/\/www.facebook.com\/everton.fans.cz.sk","article_published_time":"2013-03-17T11:57:21+00:00","article_modified_time":"2019-02-15T14:19:40+00:00","og_image":[{"width":720,"height":405,"url":"https:\/\/evertonfc.cz\/wp-content\/uploads\/2019\/01\/report.jpg","type":"image\/jpeg"}],"author":"Me\u0148a","twitter_card":"summary_large_image","twitter_misc":{"Napsal(a)":"Me\u0148a","Odhadovan\u00e1 doba \u010dten\u00ed":"1 minuta"},"schema":{"@context":"https:\/\/schema.org","@graph":[{"@type":"Article","@id":"https:\/\/evertonfc.cz\/index.php\/2013\/03\/17\/everton-manchester-city-20\/#article","isPartOf":{"@id":"https:\/\/evertonfc.cz\/index.php\/2013\/03\/17\/everton-manchester-city-20\/"},"author":{"name":"Me\u0148a","@id":"https:\/\/evertonfc.cz\/#\/schema\/person\/cd6328a75577de2add7793fd4b0930c3"},"headline":"Everton &#8211; Manchester City 2:0","datePublished":"2013-03-17T11:57:21+00:00","dateModified":"2019-02-15T14:19:40+00:00","mainEntityOfPage":{"@id":"https:\/\/evertonfc.cz\/index.php\/2013\/03\/17\/everton-manchester-city-20\/"},"wordCount":208,"commentCount":0,"publisher":{"@id":"https:\/\/evertonfc.cz\/#organization"},"image":{"@id":"https:\/\/evertonfc.cz\/index.php\/2013\/03\/17\/everton-manchester-city-20\/#primaryimage"},"thumbnailUrl":"https:\/\/evertonfc.cz\/wp-content\/uploads\/2019\/01\/report.jpg","articleSection":["Z\u00e1pasy"],"inLanguage":"cs","potentialAction":[{"@type":"CommentAction","name":"Comment","target":["https:\/\/evertonfc.cz\/index.php\/2013\/03\/17\/everton-manchester-city-20\/#respond"]}]},{"@type":"WebPage","@id":"https:\/\/evertonfc.cz\/index.php\/2013\/03\/17\/everton-manchester-city-20\/","url":"https:\/\/evertonfc.cz\/index.php\/2013\/03\/17\/everton-manchester-city-20\/","name":"Everton - Manchester City 2:0 - Official Czech &amp; Slovak Everton Supporters&#039; Club","isPartOf":{"@id":"https:\/\/evertonfc.cz\/#website"},"primaryImageOfPage":{"@id":"https:\/\/evertonfc.cz\/index.php\/2013\/03\/17\/everton-manchester-city-20\/#primaryimage"},"image":{"@id":"https:\/\/evertonfc.cz\/index.php\/2013\/03\/17\/everton-manchester-city-20\/#primaryimage"},"thumbnailUrl":"https:\/\/evertonfc.cz\/wp-content\/uploads\/2019\/01\/report.jpg","datePublished":"2013-03-17T11:57:21+00:00","dateModified":"2019-02-15T14:19:40+00:00","breadcrumb":{"@id":"https:\/\/evertonfc.cz\/index.php\/2013\/03\/17\/everton-manchester-city-20\/#breadcrumb"},"inLanguage":"cs","potentialAction":[{"@type":"ReadAction","target":["https:\/\/evertonfc.cz\/index.php\/2013\/03\/17\/everton-manchester-city-20\/"]}]},{"@type":"ImageObject","inLanguage":"cs","@id":"https:\/\/evertonfc.cz\/index.php\/2013\/03\/17\/everton-manchester-city-20\/#primaryimage","url":"https:\/\/evertonfc.cz\/wp-content\/uploads\/2019\/01\/report.jpg","contentUrl":"https:\/\/evertonfc.cz\/wp-content\/uploads\/2019\/01\/report.jpg","width":720,"height":405},{"@type":"BreadcrumbList","@id":"https:\/\/evertonfc.cz\/index.php\/2013\/03\/17\/everton-manchester-city-20\/#breadcrumb","itemListElement":[{"@type":"ListItem","position":1,"name":"Home","item":"https:\/\/evertonfc.cz\/"},{"@type":"ListItem","position":2,"name":"Everton &#8211; Manchester City 2:0"}]},{"@type":"WebSite","@id":"https:\/\/evertonfc.cz\/#website","url":"https:\/\/evertonfc.cz\/","name":"Official Czech &amp; Slovak Everton Supporters&#039; Club","description":"","publisher":{"@id":"https:\/\/evertonfc.cz\/#organization"},"potentialAction":[{"@type":"SearchAction","target":{"@type":"EntryPoint","urlTemplate":"https:\/\/evertonfc.cz\/?s={search_term_string}"},"query-input":{"@type":"PropertyValueSpecification","valueRequired":true,"valueName":"search_term_string"}}],"inLanguage":"cs"},{"@type":"Organization","@id":"https:\/\/evertonfc.cz\/#organization","name":"Official Czech & Slovak Everton Supporters' Club","url":"https:\/\/evertonfc.cz\/","logo":{"@type":"ImageObject","inLanguage":"cs","@id":"https:\/\/evertonfc.cz\/#\/schema\/logo\/image\/","url":"https:\/\/evertonfc.cz\/wp-content\/uploads\/2019\/05\/logo.png","contentUrl":"https:\/\/evertonfc.cz\/wp-content\/uploads\/2019\/05\/logo.png","width":112,"height":112,"caption":"Official Czech & Slovak Everton Supporters' Club"},"image":{"@id":"https:\/\/evertonfc.cz\/#\/schema\/logo\/image\/"},"sameAs":["https:\/\/www.facebook.com\/everton.fans.cz.sk"]},{"@type":"Person","@id":"https:\/\/evertonfc.cz\/#\/schema\/person\/cd6328a75577de2add7793fd4b0930c3","name":"Me\u0148a","url":"https:\/\/evertonfc.cz\/index.php\/author\/mena\/"}]}},"_links":{"self":[{"href":"https:\/\/evertonfc.cz\/index.php\/wp-json\/wp\/v2\/posts\/5648"}],"collection":[{"href":"https:\/\/evertonfc.cz\/index.php\/wp-json\/wp\/v2\/posts"}],"about":[{"href":"https:\/\/evertonfc.cz\/index.php\/wp-json\/wp\/v2\/types\/post"}],"author":[{"embeddable":true,"href":"https:\/\/evertonfc.cz\/index.php\/wp-json\/wp\/v2\/users\/7"}],"replies":[{"embeddable":true,"href":"https:\/\/evertonfc.cz\/index.php\/wp-json\/wp\/v2\/comments?post=5648"}],"version-history":[{"count":3,"href":"https:\/\/evertonfc.cz\/index.php\/wp-json\/wp\/v2\/posts\/5648\/revisions"}],"predecessor-version":[{"id":5768,"href":"https:\/\/evertonfc.cz\/index.php\/wp-json\/wp\/v2\/posts\/5648\/revisions\/5768"}],"wp:featuredmedia":[{"embeddable":true,"href":"https:\/\/evertonfc.cz\/index.php\/wp-json\/wp\/v2\/media\/1315"}],"wp:attachment":[{"href":"https:\/\/evertonfc.cz\/index.php\/wp-json\/wp\/v2\/media?parent=5648"}],"wp:term":[{"taxonomy":"category","embeddable":true,"href":"https:\/\/evertonfc.cz\/index.php\/wp-json\/wp\/v2\/categories?post=5648"},{"taxonomy":"post_tag","embeddable":true,"href":"https:\/\/evertonfc.cz\/index.php\/wp-json\/wp\/v2\/tags?post=5648"}],"curies":[{"name":"wp","href":"https:\/\/api.w.org\/{rel}","templated":true}]}}