{"id":5650,"date":"2013-03-15T12:58:36","date_gmt":"2013-03-15T11:58:36","guid":{"rendered":"http:\/\/evertonfc.cz\/?p=5650"},"modified":"2021-02-17T16:01:54","modified_gmt":"2021-02-17T15:01:54","slug":"preview-everton-manchester-city-8","status":"publish","type":"post","link":"https:\/\/evertonfc.cz\/index.php\/2013\/03\/15\/preview-everton-manchester-city-8\/","title":{"rendered":"Preview: Everton &#8211; Manchester City"},"content":{"rendered":"<h4 id=\"NewsPostDetailSummary\">Po vy\u0159azen\u00ed z Anglick\u00e9ho poh\u00e1ru Evertonu zb\u00fdvaj\u00ed jen ligov\u00e9 boje a pokud to s evropsk\u00fdmi poh\u00e1ry mysl\u00ed v\u00e1\u017en\u011b, mus\u00ed za\u010d\u00edt vyhr\u00e1vat. A hned zkraje se o to pokus\u00ed proti \u00fa\u0159aduj\u00edc\u00edm \u0161ampion\u016fm.<\/h4>\n<div id=\"NewsPostDetailContent\">\n<p>Rad\u011bji hned zapomenout. To si po poh\u00e1rov\u00e9 proh\u0159e s Wiganem p\u0159ej\u00ed nejen Evertonians, alei cel\u00fd t\u00fdm. Toffees museli zkousnout ostudnou por\u00e1\u017eku, kter\u00e1 je st\u00e1la dal\u0161\u00ed v\u00fdlet do Wembley a nezb\u00fdv\u00e1 jim nic jin\u00e9ho, ne\u017e soust\u0159edit zbytek sv\u00fdch sil na Premier League, kter\u00e1 pomalu sp\u011bje do sv\u00e9 fin\u00e1ln\u00ed etapy.<\/p>\n<p>David Moyes, kter\u00fd nech\u00e1v\u00e1 v\u0161echny v nejistot\u011b a nap\u011bt\u00ed, zda v\u016fbec bude mana\u017eerem Evertonu i v p\u0159\u00ed\u0161t\u00ed sezon\u011b, tedy sv\u00e9 jeden\u00e1ct\u00e9 v\u00fdro\u010d\u00ed na lavi\u010dce Blues za zvuku fanf\u00e1r rozhodn\u011b neoslavil. Ostatn\u011b k n\u011bjak\u00e9 velk\u00e9 radosti v Evertonu posledn\u00ed dobou nem\u00e1 nikdo \u017e\u00e1dn\u00fd d\u016fvod. Skv\u011bl\u00fd start do sezony je d\u00e1vno zapomenut, vysn\u011bn\u00e1 Liga Mistr\u016f je v nedohlednu a je\u0161t\u011b k tomu Everton spadl na sedmou p\u0159\u00ed\u010dku, p\u0159i\u010dem\u017e jej p\u0159edb\u011bhl Liverpool, kter\u00fd se p\u0159itom pov\u011bt\u0161inu sezony zd\u00e1nliv\u011b pohyboval v tak bezpe\u010dn\u00e9 vzd\u00e1lenosti&#8230;<\/p>\n<p>Vysvobozen\u00ed z blb\u00e9 n\u00e1lady, nebo tak\u00e9 jej\u00ed prohlouben\u00ed, m\u016f\u017ee p\u0159in\u00e9st pr\u00e1v\u011b sobotn\u00ed duel proti Citizens. Ti moc dob\u0159e v\u011bd\u00ed, \u017ee ani proti z formy hraj\u00edc\u00edmu Evertonu to na Goodison Parku nebude \u017e\u00e1dn\u00fd med, o \u010dem\u017e se na vlastn\u00ed k\u016f\u017ei pravideln\u011b p\u0159esv\u011bd\u010duj\u00ed. Manciniho City si z Goodisonu v posledn\u00edch t\u0159ech z\u00e1pasech neodvezlo ani bod. Celkov\u011b nav\u00edc z dostupn\u00fdch jednadvaceti bod\u016f dok\u00e1zal Mancini v utk\u00e1n\u00edch proti Toffees z\u00edskat jen prachb\u00eddn\u00e9 \u010dty\u0159i.<\/p>\n<p>Everton tak bude doufat, \u017ee jeho schopnost ob\u00edrat Manchester City o body se nezadrhne, proto\u017ee na rozd\u00edl od n\u011bj nemaj\u00ed manchester\u0161t\u00ed se solidn\u00ed v\u00fdkonnost\u00ed v\u00fdrazn\u011bj\u0161\u00ed probl\u00e9my. Od p\u0159ekvapiv\u00e9 prohry se Southamptonem se Citizens dali dohromady a v\u00fdhrami nad Chelsea a Aston Villou si upevnili druhou p\u0159\u00ed\u010dku v tabulce.<\/p>\n<h4><strong>Z\u00e1pasov\u00e1 fakta<\/strong><\/h4>\n<p>Jedin\u00e1 v\u00fdhra Manchesteru City nad Evertonem v posledn\u00edch sedmi ligov\u00fdch z\u00e1pasech, je star\u00e1 rok a p\u016fl, kdy Citizens doma Toffees porazili 2-0. V dom\u00e1c\u00edm prost\u0159ed\u00ed Everton vyhr\u00e1l posledn\u00ed t\u0159i vz\u00e1jemn\u00e9 z\u00e1pasy a pokud vyhraje po\u010dtvrt\u00e9, bylo by to poprv\u00e9 po 92 letech, kdy na Goodison Parku porazil Citizens \u010dty\u0159ikr\u00e1t v \u0159ad\u011b.<\/p>\n<h4><strong>Everton<\/strong><\/h4>\n<ul>\n<li>Prohra s Wiganem byla teprve druhou dom\u00e1c\u00ed prohrou z posledn\u00edch sedmn\u00e1cti z\u00e1pas\u016f.<\/li>\n<li>G\u00f3l se mu nepoda\u0159ilo vst\u0159elit jen ve \u010dty\u0159ech z dosavadn\u00edch 28 z\u00e1pas\u016f. T\u0159i z t\u011bchto utk\u00e1n\u00ed v\u0161ak p\u0159i\u0161ly v posledn\u00edch sedmi z\u00e1pasech.<\/li>\n<li>O titul rem\u00edzov\u00e9ho kr\u00e1le se s dvan\u00e1cti nerozhodn\u00fdmi v\u00fdsledky d\u011bl\u00ed se Stoke City a Norwcich City.<\/li>\n<\/ul>\n<h4><strong>Manchester City<\/strong><\/h4>\n<ul>\n<li>V\u00edt\u011bzstv\u00ed by bylo jeho jubilejn\u00edm 1800. v ligov\u00e9m fotbale.<\/li>\n<li>V \u0161esti z p\u0159edchoz\u00edch osmi z\u00e1pas\u016f udr\u017eel \u010dist\u00e9 konto a celkov\u011b g\u00f3l nedostal ve t\u0159in\u00e1cti ligov\u00fdch z\u00e1pasech.<\/li>\n<li>Z v\u00edt\u011bzn\u011b rozehran\u00fdch utk\u00e1n\u00ed Citizens ztratili pouh\u00e9 \u010dty\u0159i body, p\u0159i\u010dem\u017e jich vyhr\u00e1li 14 a remizovali ve dvou.<\/li>\n<\/ul>\n<h4><strong>Absence<\/strong><\/h4>\n<p>Everton bude s velkou pravd\u011bpodobnost\u00ed nad\u00e1le bez Phila Jagielky (kotn\u00edk) a Tima Howarda (z\u00e1da). Citizens by se mohl vr\u00e1tit Sergio Aguero, kter\u00fd dol\u00e9\u010duje zran\u011bn\u00ed kolene, chyb\u011bt v\u0161ak bude Jack Rodwell, Micah Richards a Carlos Tevez.<\/p>\n<p><strong>Kdy:\u00a0<\/strong>16.3. 13:45 SE\u010c<br \/>\n<strong>Kde:\u00a0<\/strong>Goodison Park<br \/>\n<strong>Rozhod\u010d\u00ed:\u00a0<\/strong>Lee Probert<\/p>\n<\/div>\n","protected":false},"excerpt":{"rendered":"<p>Po vy\u0159azen\u00ed z Anglick\u00e9ho poh\u00e1ru Evertonu zb\u00fdvaj\u00ed jen ligov\u00e9 boje a pokud to s evropsk\u00fdmi poh\u00e1ry mysl\u00ed v\u00e1\u017en\u011b, mus\u00ed za\u010d\u00edt vyhr\u00e1vat. A hned zkraje se o to pokus\u00ed proti \u00fa\u0159aduj\u00edc\u00edm \u0161ampion\u016fm.<\/p>\n","protected":false},"author":7,"featured_media":13482,"comment_status":"open","ping_status":"closed","sticky":false,"template":"","format":"standard","meta":{"_eb_attr":"","_monsterinsights_skip_tracking":false,"_monsterinsights_sitenote_active":false,"_monsterinsights_sitenote_note":"","_monsterinsights_sitenote_category":0,"footnotes":""},"categories":[4],"tags":[],"yoast_head":"<!-- This site is optimized with the Yoast SEO plugin v23.4 - https:\/\/yoast.com\/wordpress\/plugins\/seo\/ -->\n<title>Preview: Everton - Manchester City - Official Czech &amp; Slovak Everton Supporters&#039; Club<\/title>\n<meta name=\"robots\" content=\"index, follow, max-snippet:-1, max-image-preview:large, max-video-preview:-1\" \/>\n<link rel=\"canonical\" href=\"https:\/\/evertonfc.cz\/index.php\/2013\/03\/15\/preview-everton-manchester-city-8\/\" \/>\n<meta property=\"og:locale\" content=\"cs_CZ\" \/>\n<meta property=\"og:type\" content=\"article\" \/>\n<meta property=\"og:title\" content=\"Preview: Everton - Manchester City - Official Czech &amp; Slovak Everton Supporters&#039; Club\" \/>\n<meta property=\"og:description\" content=\"Po vy\u0159azen\u00ed z Anglick\u00e9ho poh\u00e1ru Evertonu zb\u00fdvaj\u00ed jen ligov\u00e9 boje a pokud to s evropsk\u00fdmi poh\u00e1ry mysl\u00ed v\u00e1\u017en\u011b, mus\u00ed za\u010d\u00edt vyhr\u00e1vat. A hned zkraje se o to pokus\u00ed proti \u00fa\u0159aduj\u00edc\u00edm \u0161ampion\u016fm.\" \/>\n<meta property=\"og:url\" content=\"https:\/\/evertonfc.cz\/index.php\/2013\/03\/15\/preview-everton-manchester-city-8\/\" \/>\n<meta property=\"og:site_name\" content=\"Official Czech &amp; Slovak Everton Supporters&#039; Club\" \/>\n<meta property=\"article:publisher\" content=\"https:\/\/www.facebook.com\/everton.fans.cz.sk\" \/>\n<meta property=\"article:published_time\" content=\"2013-03-15T11:58:36+00:00\" \/>\n<meta property=\"article:modified_time\" content=\"2021-02-17T15:01:54+00:00\" \/>\n<meta property=\"og:image\" content=\"https:\/\/evertonfc.cz\/wp-content\/uploads\/2021\/01\/Everton-VS-Manchester-City.jpg\" \/>\n\t<meta property=\"og:image:width\" content=\"720\" \/>\n\t<meta property=\"og:image:height\" content=\"405\" \/>\n\t<meta property=\"og:image:type\" content=\"image\/jpeg\" \/>\n<meta name=\"author\" content=\"Me\u0148a\" \/>\n<meta name=\"twitter:card\" content=\"summary_large_image\" \/>\n<meta name=\"twitter:label1\" content=\"Napsal(a)\" \/>\n\t<meta name=\"twitter:data1\" content=\"Me\u0148a\" \/>\n\t<meta name=\"twitter:label2\" content=\"Odhadovan\u00e1 doba \u010dten\u00ed\" \/>\n\t<meta name=\"twitter:data2\" content=\"3 minuty\" \/>\n<script type=\"application\/ld+json\" class=\"yoast-schema-graph\">{\"@context\":\"https:\/\/schema.org\",\"@graph\":[{\"@type\":\"Article\",\"@id\":\"https:\/\/evertonfc.cz\/index.php\/2013\/03\/15\/preview-everton-manchester-city-8\/#article\",\"isPartOf\":{\"@id\":\"https:\/\/evertonfc.cz\/index.php\/2013\/03\/15\/preview-everton-manchester-city-8\/\"},\"author\":{\"name\":\"Me\u0148a\",\"@id\":\"https:\/\/evertonfc.cz\/#\/schema\/person\/cd6328a75577de2add7793fd4b0930c3\"},\"headline\":\"Preview: Everton &#8211; Manchester City\",\"datePublished\":\"2013-03-15T11:58:36+00:00\",\"dateModified\":\"2021-02-17T15:01:54+00:00\",\"mainEntityOfPage\":{\"@id\":\"https:\/\/evertonfc.cz\/index.php\/2013\/03\/15\/preview-everton-manchester-city-8\/\"},\"wordCount\":630,\"commentCount\":0,\"publisher\":{\"@id\":\"https:\/\/evertonfc.cz\/#organization\"},\"image\":{\"@id\":\"https:\/\/evertonfc.cz\/index.php\/2013\/03\/15\/preview-everton-manchester-city-8\/#primaryimage\"},\"thumbnailUrl\":\"https:\/\/evertonfc.cz\/wp-content\/uploads\/2021\/01\/Everton-VS-Manchester-City.jpg\",\"articleSection\":[\"Z\u00e1pasy\"],\"inLanguage\":\"cs\",\"potentialAction\":[{\"@type\":\"CommentAction\",\"name\":\"Comment\",\"target\":[\"https:\/\/evertonfc.cz\/index.php\/2013\/03\/15\/preview-everton-manchester-city-8\/#respond\"]}]},{\"@type\":\"WebPage\",\"@id\":\"https:\/\/evertonfc.cz\/index.php\/2013\/03\/15\/preview-everton-manchester-city-8\/\",\"url\":\"https:\/\/evertonfc.cz\/index.php\/2013\/03\/15\/preview-everton-manchester-city-8\/\",\"name\":\"Preview: Everton - Manchester City - Official Czech &amp; Slovak Everton Supporters&#039; Club\",\"isPartOf\":{\"@id\":\"https:\/\/evertonfc.cz\/#website\"},\"primaryImageOfPage\":{\"@id\":\"https:\/\/evertonfc.cz\/index.php\/2013\/03\/15\/preview-everton-manchester-city-8\/#primaryimage\"},\"image\":{\"@id\":\"https:\/\/evertonfc.cz\/index.php\/2013\/03\/15\/preview-everton-manchester-city-8\/#primaryimage\"},\"thumbnailUrl\":\"https:\/\/evertonfc.cz\/wp-content\/uploads\/2021\/01\/Everton-VS-Manchester-City.jpg\",\"datePublished\":\"2013-03-15T11:58:36+00:00\",\"dateModified\":\"2021-02-17T15:01:54+00:00\",\"breadcrumb\":{\"@id\":\"https:\/\/evertonfc.cz\/index.php\/2013\/03\/15\/preview-everton-manchester-city-8\/#breadcrumb\"},\"inLanguage\":\"cs\",\"potentialAction\":[{\"@type\":\"ReadAction\",\"target\":[\"https:\/\/evertonfc.cz\/index.php\/2013\/03\/15\/preview-everton-manchester-city-8\/\"]}]},{\"@type\":\"ImageObject\",\"inLanguage\":\"cs\",\"@id\":\"https:\/\/evertonfc.cz\/index.php\/2013\/03\/15\/preview-everton-manchester-city-8\/#primaryimage\",\"url\":\"https:\/\/evertonfc.cz\/wp-content\/uploads\/2021\/01\/Everton-VS-Manchester-City.jpg\",\"contentUrl\":\"https:\/\/evertonfc.cz\/wp-content\/uploads\/2021\/01\/Everton-VS-Manchester-City.jpg\",\"width\":720,\"height\":405},{\"@type\":\"BreadcrumbList\",\"@id\":\"https:\/\/evertonfc.cz\/index.php\/2013\/03\/15\/preview-everton-manchester-city-8\/#breadcrumb\",\"itemListElement\":[{\"@type\":\"ListItem\",\"position\":1,\"name\":\"Home\",\"item\":\"https:\/\/evertonfc.cz\/\"},{\"@type\":\"ListItem\",\"position\":2,\"name\":\"Preview: Everton &#8211; Manchester City\"}]},{\"@type\":\"WebSite\",\"@id\":\"https:\/\/evertonfc.cz\/#website\",\"url\":\"https:\/\/evertonfc.cz\/\",\"name\":\"Official Czech &amp; Slovak Everton Supporters&#039; Club\",\"description\":\"\",\"publisher\":{\"@id\":\"https:\/\/evertonfc.cz\/#organization\"},\"potentialAction\":[{\"@type\":\"SearchAction\",\"target\":{\"@type\":\"EntryPoint\",\"urlTemplate\":\"https:\/\/evertonfc.cz\/?s={search_term_string}\"},\"query-input\":{\"@type\":\"PropertyValueSpecification\",\"valueRequired\":true,\"valueName\":\"search_term_string\"}}],\"inLanguage\":\"cs\"},{\"@type\":\"Organization\",\"@id\":\"https:\/\/evertonfc.cz\/#organization\",\"name\":\"Official Czech & Slovak Everton Supporters' Club\",\"url\":\"https:\/\/evertonfc.cz\/\",\"logo\":{\"@type\":\"ImageObject\",\"inLanguage\":\"cs\",\"@id\":\"https:\/\/evertonfc.cz\/#\/schema\/logo\/image\/\",\"url\":\"https:\/\/evertonfc.cz\/wp-content\/uploads\/2019\/05\/logo.png\",\"contentUrl\":\"https:\/\/evertonfc.cz\/wp-content\/uploads\/2019\/05\/logo.png\",\"width\":112,\"height\":112,\"caption\":\"Official Czech & Slovak Everton Supporters' Club\"},\"image\":{\"@id\":\"https:\/\/evertonfc.cz\/#\/schema\/logo\/image\/\"},\"sameAs\":[\"https:\/\/www.facebook.com\/everton.fans.cz.sk\"]},{\"@type\":\"Person\",\"@id\":\"https:\/\/evertonfc.cz\/#\/schema\/person\/cd6328a75577de2add7793fd4b0930c3\",\"name\":\"Me\u0148a\",\"url\":\"https:\/\/evertonfc.cz\/index.php\/author\/mena\/\"}]}<\/script>\n<!-- \/ Yoast SEO plugin. -->","yoast_head_json":{"title":"Preview: Everton - Manchester City - Official Czech &amp; Slovak Everton Supporters&#039; Club","robots":{"index":"index","follow":"follow","max-snippet":"max-snippet:-1","max-image-preview":"max-image-preview:large","max-video-preview":"max-video-preview:-1"},"canonical":"https:\/\/evertonfc.cz\/index.php\/2013\/03\/15\/preview-everton-manchester-city-8\/","og_locale":"cs_CZ","og_type":"article","og_title":"Preview: Everton - Manchester City - Official Czech &amp; Slovak Everton Supporters&#039; Club","og_description":"Po vy\u0159azen\u00ed z Anglick\u00e9ho poh\u00e1ru Evertonu zb\u00fdvaj\u00ed jen ligov\u00e9 boje a pokud to s evropsk\u00fdmi poh\u00e1ry mysl\u00ed v\u00e1\u017en\u011b, mus\u00ed za\u010d\u00edt vyhr\u00e1vat. A hned zkraje se o to pokus\u00ed proti \u00fa\u0159aduj\u00edc\u00edm \u0161ampion\u016fm.","og_url":"https:\/\/evertonfc.cz\/index.php\/2013\/03\/15\/preview-everton-manchester-city-8\/","og_site_name":"Official Czech &amp; Slovak Everton Supporters&#039; Club","article_publisher":"https:\/\/www.facebook.com\/everton.fans.cz.sk","article_published_time":"2013-03-15T11:58:36+00:00","article_modified_time":"2021-02-17T15:01:54+00:00","og_image":[{"width":720,"height":405,"url":"https:\/\/evertonfc.cz\/wp-content\/uploads\/2021\/01\/Everton-VS-Manchester-City.jpg","type":"image\/jpeg"}],"author":"Me\u0148a","twitter_card":"summary_large_image","twitter_misc":{"Napsal(a)":"Me\u0148a","Odhadovan\u00e1 doba \u010dten\u00ed":"3 minuty"},"schema":{"@context":"https:\/\/schema.org","@graph":[{"@type":"Article","@id":"https:\/\/evertonfc.cz\/index.php\/2013\/03\/15\/preview-everton-manchester-city-8\/#article","isPartOf":{"@id":"https:\/\/evertonfc.cz\/index.php\/2013\/03\/15\/preview-everton-manchester-city-8\/"},"author":{"name":"Me\u0148a","@id":"https:\/\/evertonfc.cz\/#\/schema\/person\/cd6328a75577de2add7793fd4b0930c3"},"headline":"Preview: Everton &#8211; Manchester City","datePublished":"2013-03-15T11:58:36+00:00","dateModified":"2021-02-17T15:01:54+00:00","mainEntityOfPage":{"@id":"https:\/\/evertonfc.cz\/index.php\/2013\/03\/15\/preview-everton-manchester-city-8\/"},"wordCount":630,"commentCount":0,"publisher":{"@id":"https:\/\/evertonfc.cz\/#organization"},"image":{"@id":"https:\/\/evertonfc.cz\/index.php\/2013\/03\/15\/preview-everton-manchester-city-8\/#primaryimage"},"thumbnailUrl":"https:\/\/evertonfc.cz\/wp-content\/uploads\/2021\/01\/Everton-VS-Manchester-City.jpg","articleSection":["Z\u00e1pasy"],"inLanguage":"cs","potentialAction":[{"@type":"CommentAction","name":"Comment","target":["https:\/\/evertonfc.cz\/index.php\/2013\/03\/15\/preview-everton-manchester-city-8\/#respond"]}]},{"@type":"WebPage","@id":"https:\/\/evertonfc.cz\/index.php\/2013\/03\/15\/preview-everton-manchester-city-8\/","url":"https:\/\/evertonfc.cz\/index.php\/2013\/03\/15\/preview-everton-manchester-city-8\/","name":"Preview: Everton - Manchester City - Official Czech &amp; Slovak Everton Supporters&#039; Club","isPartOf":{"@id":"https:\/\/evertonfc.cz\/#website"},"primaryImageOfPage":{"@id":"https:\/\/evertonfc.cz\/index.php\/2013\/03\/15\/preview-everton-manchester-city-8\/#primaryimage"},"image":{"@id":"https:\/\/evertonfc.cz\/index.php\/2013\/03\/15\/preview-everton-manchester-city-8\/#primaryimage"},"thumbnailUrl":"https:\/\/evertonfc.cz\/wp-content\/uploads\/2021\/01\/Everton-VS-Manchester-City.jpg","datePublished":"2013-03-15T11:58:36+00:00","dateModified":"2021-02-17T15:01:54+00:00","breadcrumb":{"@id":"https:\/\/evertonfc.cz\/index.php\/2013\/03\/15\/preview-everton-manchester-city-8\/#breadcrumb"},"inLanguage":"cs","potentialAction":[{"@type":"ReadAction","target":["https:\/\/evertonfc.cz\/index.php\/2013\/03\/15\/preview-everton-manchester-city-8\/"]}]},{"@type":"ImageObject","inLanguage":"cs","@id":"https:\/\/evertonfc.cz\/index.php\/2013\/03\/15\/preview-everton-manchester-city-8\/#primaryimage","url":"https:\/\/evertonfc.cz\/wp-content\/uploads\/2021\/01\/Everton-VS-Manchester-City.jpg","contentUrl":"https:\/\/evertonfc.cz\/wp-content\/uploads\/2021\/01\/Everton-VS-Manchester-City.jpg","width":720,"height":405},{"@type":"BreadcrumbList","@id":"https:\/\/evertonfc.cz\/index.php\/2013\/03\/15\/preview-everton-manchester-city-8\/#breadcrumb","itemListElement":[{"@type":"ListItem","position":1,"name":"Home","item":"https:\/\/evertonfc.cz\/"},{"@type":"ListItem","position":2,"name":"Preview: Everton &#8211; Manchester City"}]},{"@type":"WebSite","@id":"https:\/\/evertonfc.cz\/#website","url":"https:\/\/evertonfc.cz\/","name":"Official Czech &amp; Slovak Everton Supporters&#039; Club","description":"","publisher":{"@id":"https:\/\/evertonfc.cz\/#organization"},"potentialAction":[{"@type":"SearchAction","target":{"@type":"EntryPoint","urlTemplate":"https:\/\/evertonfc.cz\/?s={search_term_string}"},"query-input":{"@type":"PropertyValueSpecification","valueRequired":true,"valueName":"search_term_string"}}],"inLanguage":"cs"},{"@type":"Organization","@id":"https:\/\/evertonfc.cz\/#organization","name":"Official Czech & Slovak Everton Supporters' Club","url":"https:\/\/evertonfc.cz\/","logo":{"@type":"ImageObject","inLanguage":"cs","@id":"https:\/\/evertonfc.cz\/#\/schema\/logo\/image\/","url":"https:\/\/evertonfc.cz\/wp-content\/uploads\/2019\/05\/logo.png","contentUrl":"https:\/\/evertonfc.cz\/wp-content\/uploads\/2019\/05\/logo.png","width":112,"height":112,"caption":"Official Czech & Slovak Everton Supporters' Club"},"image":{"@id":"https:\/\/evertonfc.cz\/#\/schema\/logo\/image\/"},"sameAs":["https:\/\/www.facebook.com\/everton.fans.cz.sk"]},{"@type":"Person","@id":"https:\/\/evertonfc.cz\/#\/schema\/person\/cd6328a75577de2add7793fd4b0930c3","name":"Me\u0148a","url":"https:\/\/evertonfc.cz\/index.php\/author\/mena\/"}]}},"_links":{"self":[{"href":"https:\/\/evertonfc.cz\/index.php\/wp-json\/wp\/v2\/posts\/5650"}],"collection":[{"href":"https:\/\/evertonfc.cz\/index.php\/wp-json\/wp\/v2\/posts"}],"about":[{"href":"https:\/\/evertonfc.cz\/index.php\/wp-json\/wp\/v2\/types\/post"}],"author":[{"embeddable":true,"href":"https:\/\/evertonfc.cz\/index.php\/wp-json\/wp\/v2\/users\/7"}],"replies":[{"embeddable":true,"href":"https:\/\/evertonfc.cz\/index.php\/wp-json\/wp\/v2\/comments?post=5650"}],"version-history":[{"count":4,"href":"https:\/\/evertonfc.cz\/index.php\/wp-json\/wp\/v2\/posts\/5650\/revisions"}],"predecessor-version":[{"id":14198,"href":"https:\/\/evertonfc.cz\/index.php\/wp-json\/wp\/v2\/posts\/5650\/revisions\/14198"}],"wp:featuredmedia":[{"embeddable":true,"href":"https:\/\/evertonfc.cz\/index.php\/wp-json\/wp\/v2\/media\/13482"}],"wp:attachment":[{"href":"https:\/\/evertonfc.cz\/index.php\/wp-json\/wp\/v2\/media?parent=5650"}],"wp:term":[{"taxonomy":"category","embeddable":true,"href":"https:\/\/evertonfc.cz\/index.php\/wp-json\/wp\/v2\/categories?post=5650"},{"taxonomy":"post_tag","embeddable":true,"href":"https:\/\/evertonfc.cz\/index.php\/wp-json\/wp\/v2\/tags?post=5650"}],"curies":[{"name":"wp","href":"https:\/\/api.w.org\/{rel}","templated":true}]}}