{"id":5652,"date":"2013-03-12T12:59:24","date_gmt":"2013-03-12T11:59:24","guid":{"rendered":"http:\/\/evertonfc.cz\/?p=5652"},"modified":"2019-02-15T15:21:19","modified_gmt":"2019-02-15T14:21:19","slug":"reid-na-blogu","status":"publish","type":"post","link":"https:\/\/evertonfc.cz\/index.php\/2013\/03\/12\/reid-na-blogu\/","title":{"rendered":"Reid na blogu"},"content":{"rendered":"<h4 id=\"NewsPostDetailSummary\">Peter Reid, klubov\u00e1 legenda z \u00fasp\u011b\u0161n\u00fdch osmdes\u00e1t\u00fdch let, ve sv\u00e9m blogu promluvil o nadch\u00e1zej\u00edc\u00edm ligov\u00e9m kolem s Manchesterem City, pozici J\u00e1na Muchy, \u010di z\u00e1chran\u00e1\u0159sk\u00fdch boj\u00edch.<\/h4>\n<div id=\"NewsPostDetailContent\">\n<h4><strong>Je t\u0159eba vzchopit se<\/strong><\/h4>\n<p>P\u0159ed sobotn\u00edm z\u00e1pasem v\u0161ichni sr\u0161eli optimismem a v\u00edrou, zvl\u00e1\u0161\u0165 kdy\u017e los p\u0159id\u011blil dom\u00e1c\u00ed prost\u0159ed\u00ed. V\u00fdkon proti Wiganu byl ale zklam\u00e1n\u00edm. Wigan si po\u010d\u00ednal v kombinaci l\u00e9pe ne\u017e Everton, bohu\u017eel. P\u0159eju mu hodn\u011b \u0161t\u011bst\u00ed a Toffees se te\u010f jednodu\u0161e mus\u00ed p\u0159eorientovat na souboj s Manchesterem City.<\/p>\n<p>V lize je ve h\u0159e st\u00e1le dost bod\u016f, pokud by Everton dok\u00e1zal o v\u00edkendu zv\u00edt\u011bzit, zcela jist\u011b by se mu\u017estvu vr\u00e1til impuls. P\u0159ijede siln\u00fd soupe\u0159, posledn\u00ed mistr, co\u017e oce\u0148uji. V\u0161ichni budou na Manchester City p\u0159ipraven\u00ed.<\/p>\n<p>V pond\u011bl\u00ed jsem se setkal na charitativn\u00ed akci v kriketov\u00e9m klubu v Lanchashire County s Philem Nevillem. L\u00ed\u010dil mi, jak jsou hr\u00e1\u010di zklaman\u00ed a cht\u011bj\u00ed se revan\u0161ovat. Mluvil mi p\u0159\u00edmo z du\u0161e. Jestli\u017ee v\u00e1s, a\u0165 u\u017e ve fotbale nebo v \u017eivot\u011b, zasko\u010d\u00ed nezdar, vzchop\u00edte se a bude bojovat.<\/p>\n<p>Pamatuji si na na\u0161i mistrovskou sez\u00f3nu 1984\/85. V Ligov\u00e9m poh\u00e1ru proti Grimsby jsme vyho\u0159eli, prohr\u00e1li jsme 0:1. Vyst\u0159elili jsme na br\u00e1nu snad t\u0159icetkr\u00e1t, av\u0161ak g\u00f3lman protivn\u00edka Nigel Batch chytal skv\u011ble. Na\u0161t\u011bst\u00ed jsme se po kolapsu postavili zp\u00e1tky na nohy. A o to ve fotbale jde. Everton \u010dek\u00e1 t\u011b\u017ek\u00e9 utk\u00e1n\u00ed proti Manchesteru City. Na druhou stranu v\u00fdborn\u00e1 vz\u00e1jemn\u00e1 bilance a fanou\u0161ci na Goodison Parku, kte\u0159\u00ed jsou fantasti\u010dt\u00ed, mu\u017estvo podr\u017e\u00ed, jsem si jist.<\/p>\n<h4><strong>Obh\u00e1jit titul nen\u00ed lehk\u00e9<\/strong><\/h4>\n<p>V\u017edy se t\u011b\u017ece opakuje zisk mistrovsk\u00e9ho triumfu. Kdy\u017e jsme se v letech 1985 a 1987 stali mistry, n\u00e1sleduj\u00edc\u00ed ro\u010dn\u00edky n\u00e1m p\u0159i\u0161ly obt\u00ed\u017en\u00e9. Pochopiteln\u011b cht\u011bl toti\u017e ka\u017ed\u00fd poko\u0159it mistra. Manchester City se aktu\u00e1ln\u011b nach\u00e1z\u00ed na druh\u00e9 p\u0159\u00ed\u010dce a jeho p\u0159\u00edznivci v\u00e1m jist\u011b potvrd\u00ed hor\u0161\u00ed ofenzivn\u00ed \u010dinnost a m\u00e9n\u011b vst\u0159elen\u00fdch branek v porovn\u00e1n\u00ed s minulou sez\u00f3nou.<\/p>\n<p>Postihlo je n\u011bkolik zran\u011bn\u00ed \u2013 chyb\u011bl Vincent Kompany, dostavily se tresty a p\u00e1r hr\u00e1\u010d\u016f odjelo na Africk\u00fd poh\u00e1r n\u00e1rod\u016f. Ztr\u00e1ta d\u016fle\u017eit\u00fdch jmen bol\u00ed, ov\u0161em v sou\u010dasnosti se Manchester City dostal do v\u00fdborn\u00e9 formy.<\/p>\n<h4><strong>Mucha bude t\u011b\u017eit z odehran\u00fdch minut<\/strong><\/h4>\n<p>Nasko\u010dit do rozjet\u00e9ho vlaku nen\u00ed z\u00e1vid\u011bn\u00e1 situace. J\u00e1na Muchu nyn\u00ed \u010dek\u00e1 pravideln\u00e1 porce z\u00e1pas\u016f potom, co Tim Howard bude kv\u016fli zran\u011bn\u00ed absentovat p\u00e1r t\u00fddn\u016f. Po n\u011bkolika odchytan\u00fdch utk\u00e1n\u00edch, douf\u00e1m tedy, Mucha z\u00edsk\u00e1 sebed\u016fv\u011bru. V\u00a0sez\u00f3n\u011b1985\/86 vypadl pro pot\u00ed\u017ee s kotn\u00edkem Neville Southall, na\u0161e stabiln\u00ed branka\u0159sk\u00e1 jedni\u010dka. Bobby Mimms ho zasko\u010dil a vedl si dob\u0159e.<\/p>\n<p>Ka\u017ed\u00e9mu fotbalistovi \u2013 a zvl\u00e1\u0161\u0165 branka\u0159\u016fm \u2013 odehran\u00e1 st\u0159etnut\u00ed bez pochyb pom\u00e1haj\u00ed. Nesm\u00edme zapomenout, \u017ee Mucha pat\u0159il do slovensk\u00e9 reprezentace a p\u0159edstavil se na Mistrovstv\u00ed sv\u011bta.<\/p>\n<h4><strong>Posledn\u00ed dva m\u011bs\u00edce rozhodnou<\/strong><\/h4>\n<p>Zat\u00edmco Everton bojuje o kvalifikaci do evropsk\u00fdch poh\u00e1r\u016f, na opa\u010dn\u00e9m konci tabulky Premier League zu\u0159\u00ed boj o z\u00e1chranu. QPR bych d\u0159\u00edve ozna\u010dil za jasn\u00e9ho sestupuj\u00edc\u00edho, jen\u017ee nyn\u00ed Harry Houdini vykouzlil nad\u011bjn\u00e9 v\u00fdsledky. Situace se m\u011bn\u00ed po t\u00fddnu, jen telepat by p\u0159edpov\u011bd\u011bl, kdo poputuje o patro n\u00ed\u017ee.<\/p>\n<p>Reading si protrp\u011bl s\u00e9rii \u0161patn\u00fdch duel\u016f, z \u010deho\u017e vze\u0161lo rozhodnut\u00ed propustit Briana McDermotta. V osud\u00ed \u010d\u00edh\u00e1 st\u00e1le spousta zvrat\u016f. O v\u00edkendu se v d\u016fle\u017eit\u00e9 bitv\u011b utk\u00e1 Aston Villa s QPR. Jak\u00fd p\u0159\u00edvlastek si zaslou\u017e\u00ed tento z\u00e1pas?<\/p>\n<p>Ruku na srdce, nedok\u00e1\u017ei tipnout sestupuj\u00edc\u00ed. Jsem si jist\u00fd pouze jednou v\u011bc\u00ed, rozhodne se a\u017e v posledn\u00edm kole, proto\u017ee rozd\u00edly jsou zanedbateln\u00e9.<\/p>\n<\/div>\n","protected":false},"excerpt":{"rendered":"<p>Peter Reid, klubov\u00e1 legenda z \u00fasp\u011b\u0161n\u00fdch osmdes\u00e1t\u00fdch let, ve sv\u00e9m blogu promluvil o nadch\u00e1zej\u00edc\u00edm ligov\u00e9m kolem s Manchesterem City, pozici&hellip;<\/p>\n","protected":false},"author":6,"featured_media":1310,"comment_status":"open","ping_status":"closed","sticky":false,"template":"","format":"standard","meta":{"_eb_attr":"","_monsterinsights_skip_tracking":false,"_monsterinsights_sitenote_active":false,"_monsterinsights_sitenote_note":"","_monsterinsights_sitenote_category":0,"footnotes":""},"categories":[39],"tags":[],"yoast_head":"<!-- This site is optimized with the Yoast SEO plugin v23.4 - https:\/\/yoast.com\/wordpress\/plugins\/seo\/ -->\n<title>Reid na blogu - Official Czech &amp; Slovak Everton Supporters&#039; Club<\/title>\n<meta name=\"robots\" content=\"index, follow, max-snippet:-1, max-image-preview:large, max-video-preview:-1\" \/>\n<link rel=\"canonical\" href=\"https:\/\/evertonfc.cz\/index.php\/2013\/03\/12\/reid-na-blogu\/\" \/>\n<meta property=\"og:locale\" content=\"cs_CZ\" \/>\n<meta property=\"og:type\" content=\"article\" \/>\n<meta property=\"og:title\" content=\"Reid na blogu - Official Czech &amp; Slovak Everton Supporters&#039; Club\" \/>\n<meta property=\"og:description\" content=\"Peter Reid, klubov\u00e1 legenda z \u00fasp\u011b\u0161n\u00fdch osmdes\u00e1t\u00fdch let, ve sv\u00e9m blogu promluvil o nadch\u00e1zej\u00edc\u00edm ligov\u00e9m kolem s Manchesterem City, pozici&hellip;\" \/>\n<meta property=\"og:url\" content=\"https:\/\/evertonfc.cz\/index.php\/2013\/03\/12\/reid-na-blogu\/\" \/>\n<meta property=\"og:site_name\" content=\"Official Czech &amp; Slovak Everton Supporters&#039; Club\" \/>\n<meta property=\"article:publisher\" content=\"https:\/\/www.facebook.com\/everton.fans.cz.sk\" \/>\n<meta property=\"article:published_time\" content=\"2013-03-12T11:59:24+00:00\" \/>\n<meta property=\"article:modified_time\" content=\"2019-02-15T14:21:19+00:00\" \/>\n<meta property=\"og:image\" content=\"https:\/\/evertonfc.cz\/wp-content\/uploads\/2019\/01\/blog.jpg\" \/>\n\t<meta property=\"og:image:width\" content=\"720\" \/>\n\t<meta property=\"og:image:height\" content=\"405\" \/>\n\t<meta property=\"og:image:type\" content=\"image\/jpeg\" \/>\n<meta name=\"author\" content=\"Ri\u010di\" \/>\n<meta name=\"twitter:card\" content=\"summary_large_image\" \/>\n<meta name=\"twitter:creator\" content=\"@rbrejsa\" \/>\n<meta name=\"twitter:label1\" content=\"Napsal(a)\" \/>\n\t<meta name=\"twitter:data1\" content=\"Ri\u010di\" \/>\n\t<meta name=\"twitter:label2\" content=\"Odhadovan\u00e1 doba \u010dten\u00ed\" \/>\n\t<meta name=\"twitter:data2\" content=\"4 minuty\" \/>\n<script type=\"application\/ld+json\" class=\"yoast-schema-graph\">{\"@context\":\"https:\/\/schema.org\",\"@graph\":[{\"@type\":\"Article\",\"@id\":\"https:\/\/evertonfc.cz\/index.php\/2013\/03\/12\/reid-na-blogu\/#article\",\"isPartOf\":{\"@id\":\"https:\/\/evertonfc.cz\/index.php\/2013\/03\/12\/reid-na-blogu\/\"},\"author\":{\"name\":\"Ri\u010di\",\"@id\":\"https:\/\/evertonfc.cz\/#\/schema\/person\/f7a5daedb2ffee98480bc70e191aaef1\"},\"headline\":\"Reid na blogu\",\"datePublished\":\"2013-03-12T11:59:24+00:00\",\"dateModified\":\"2019-02-15T14:21:19+00:00\",\"mainEntityOfPage\":{\"@id\":\"https:\/\/evertonfc.cz\/index.php\/2013\/03\/12\/reid-na-blogu\/\"},\"wordCount\":704,\"commentCount\":0,\"publisher\":{\"@id\":\"https:\/\/evertonfc.cz\/#organization\"},\"image\":{\"@id\":\"https:\/\/evertonfc.cz\/index.php\/2013\/03\/12\/reid-na-blogu\/#primaryimage\"},\"thumbnailUrl\":\"https:\/\/evertonfc.cz\/wp-content\/uploads\/2019\/01\/blog.jpg\",\"articleSection\":[\"Blog\"],\"inLanguage\":\"cs\",\"potentialAction\":[{\"@type\":\"CommentAction\",\"name\":\"Comment\",\"target\":[\"https:\/\/evertonfc.cz\/index.php\/2013\/03\/12\/reid-na-blogu\/#respond\"]}]},{\"@type\":\"WebPage\",\"@id\":\"https:\/\/evertonfc.cz\/index.php\/2013\/03\/12\/reid-na-blogu\/\",\"url\":\"https:\/\/evertonfc.cz\/index.php\/2013\/03\/12\/reid-na-blogu\/\",\"name\":\"Reid na blogu - Official Czech &amp; Slovak Everton Supporters&#039; Club\",\"isPartOf\":{\"@id\":\"https:\/\/evertonfc.cz\/#website\"},\"primaryImageOfPage\":{\"@id\":\"https:\/\/evertonfc.cz\/index.php\/2013\/03\/12\/reid-na-blogu\/#primaryimage\"},\"image\":{\"@id\":\"https:\/\/evertonfc.cz\/index.php\/2013\/03\/12\/reid-na-blogu\/#primaryimage\"},\"thumbnailUrl\":\"https:\/\/evertonfc.cz\/wp-content\/uploads\/2019\/01\/blog.jpg\",\"datePublished\":\"2013-03-12T11:59:24+00:00\",\"dateModified\":\"2019-02-15T14:21:19+00:00\",\"breadcrumb\":{\"@id\":\"https:\/\/evertonfc.cz\/index.php\/2013\/03\/12\/reid-na-blogu\/#breadcrumb\"},\"inLanguage\":\"cs\",\"potentialAction\":[{\"@type\":\"ReadAction\",\"target\":[\"https:\/\/evertonfc.cz\/index.php\/2013\/03\/12\/reid-na-blogu\/\"]}]},{\"@type\":\"ImageObject\",\"inLanguage\":\"cs\",\"@id\":\"https:\/\/evertonfc.cz\/index.php\/2013\/03\/12\/reid-na-blogu\/#primaryimage\",\"url\":\"https:\/\/evertonfc.cz\/wp-content\/uploads\/2019\/01\/blog.jpg\",\"contentUrl\":\"https:\/\/evertonfc.cz\/wp-content\/uploads\/2019\/01\/blog.jpg\",\"width\":720,\"height\":405},{\"@type\":\"BreadcrumbList\",\"@id\":\"https:\/\/evertonfc.cz\/index.php\/2013\/03\/12\/reid-na-blogu\/#breadcrumb\",\"itemListElement\":[{\"@type\":\"ListItem\",\"position\":1,\"name\":\"Home\",\"item\":\"https:\/\/evertonfc.cz\/\"},{\"@type\":\"ListItem\",\"position\":2,\"name\":\"Reid na blogu\"}]},{\"@type\":\"WebSite\",\"@id\":\"https:\/\/evertonfc.cz\/#website\",\"url\":\"https:\/\/evertonfc.cz\/\",\"name\":\"Official Czech &amp; Slovak Everton Supporters&#039; Club\",\"description\":\"\",\"publisher\":{\"@id\":\"https:\/\/evertonfc.cz\/#organization\"},\"potentialAction\":[{\"@type\":\"SearchAction\",\"target\":{\"@type\":\"EntryPoint\",\"urlTemplate\":\"https:\/\/evertonfc.cz\/?s={search_term_string}\"},\"query-input\":{\"@type\":\"PropertyValueSpecification\",\"valueRequired\":true,\"valueName\":\"search_term_string\"}}],\"inLanguage\":\"cs\"},{\"@type\":\"Organization\",\"@id\":\"https:\/\/evertonfc.cz\/#organization\",\"name\":\"Official Czech & Slovak Everton Supporters' Club\",\"url\":\"https:\/\/evertonfc.cz\/\",\"logo\":{\"@type\":\"ImageObject\",\"inLanguage\":\"cs\",\"@id\":\"https:\/\/evertonfc.cz\/#\/schema\/logo\/image\/\",\"url\":\"https:\/\/evertonfc.cz\/wp-content\/uploads\/2019\/05\/logo.png\",\"contentUrl\":\"https:\/\/evertonfc.cz\/wp-content\/uploads\/2019\/05\/logo.png\",\"width\":112,\"height\":112,\"caption\":\"Official Czech & Slovak Everton Supporters' Club\"},\"image\":{\"@id\":\"https:\/\/evertonfc.cz\/#\/schema\/logo\/image\/\"},\"sameAs\":[\"https:\/\/www.facebook.com\/everton.fans.cz.sk\"]},{\"@type\":\"Person\",\"@id\":\"https:\/\/evertonfc.cz\/#\/schema\/person\/f7a5daedb2ffee98480bc70e191aaef1\",\"name\":\"Ri\u010di\",\"sameAs\":[\"https:\/\/x.com\/rbrejsa\"],\"url\":\"https:\/\/evertonfc.cz\/index.php\/author\/rici\/\"}]}<\/script>\n<!-- \/ Yoast SEO plugin. -->","yoast_head_json":{"title":"Reid na blogu - Official Czech &amp; Slovak Everton Supporters&#039; Club","robots":{"index":"index","follow":"follow","max-snippet":"max-snippet:-1","max-image-preview":"max-image-preview:large","max-video-preview":"max-video-preview:-1"},"canonical":"https:\/\/evertonfc.cz\/index.php\/2013\/03\/12\/reid-na-blogu\/","og_locale":"cs_CZ","og_type":"article","og_title":"Reid na blogu - Official Czech &amp; Slovak Everton Supporters&#039; Club","og_description":"Peter Reid, klubov\u00e1 legenda z \u00fasp\u011b\u0161n\u00fdch osmdes\u00e1t\u00fdch let, ve sv\u00e9m blogu promluvil o nadch\u00e1zej\u00edc\u00edm ligov\u00e9m kolem s Manchesterem City, pozici&hellip;","og_url":"https:\/\/evertonfc.cz\/index.php\/2013\/03\/12\/reid-na-blogu\/","og_site_name":"Official Czech &amp; Slovak Everton Supporters&#039; Club","article_publisher":"https:\/\/www.facebook.com\/everton.fans.cz.sk","article_published_time":"2013-03-12T11:59:24+00:00","article_modified_time":"2019-02-15T14:21:19+00:00","og_image":[{"width":720,"height":405,"url":"https:\/\/evertonfc.cz\/wp-content\/uploads\/2019\/01\/blog.jpg","type":"image\/jpeg"}],"author":"Ri\u010di","twitter_card":"summary_large_image","twitter_creator":"@rbrejsa","twitter_misc":{"Napsal(a)":"Ri\u010di","Odhadovan\u00e1 doba \u010dten\u00ed":"4 minuty"},"schema":{"@context":"https:\/\/schema.org","@graph":[{"@type":"Article","@id":"https:\/\/evertonfc.cz\/index.php\/2013\/03\/12\/reid-na-blogu\/#article","isPartOf":{"@id":"https:\/\/evertonfc.cz\/index.php\/2013\/03\/12\/reid-na-blogu\/"},"author":{"name":"Ri\u010di","@id":"https:\/\/evertonfc.cz\/#\/schema\/person\/f7a5daedb2ffee98480bc70e191aaef1"},"headline":"Reid na blogu","datePublished":"2013-03-12T11:59:24+00:00","dateModified":"2019-02-15T14:21:19+00:00","mainEntityOfPage":{"@id":"https:\/\/evertonfc.cz\/index.php\/2013\/03\/12\/reid-na-blogu\/"},"wordCount":704,"commentCount":0,"publisher":{"@id":"https:\/\/evertonfc.cz\/#organization"},"image":{"@id":"https:\/\/evertonfc.cz\/index.php\/2013\/03\/12\/reid-na-blogu\/#primaryimage"},"thumbnailUrl":"https:\/\/evertonfc.cz\/wp-content\/uploads\/2019\/01\/blog.jpg","articleSection":["Blog"],"inLanguage":"cs","potentialAction":[{"@type":"CommentAction","name":"Comment","target":["https:\/\/evertonfc.cz\/index.php\/2013\/03\/12\/reid-na-blogu\/#respond"]}]},{"@type":"WebPage","@id":"https:\/\/evertonfc.cz\/index.php\/2013\/03\/12\/reid-na-blogu\/","url":"https:\/\/evertonfc.cz\/index.php\/2013\/03\/12\/reid-na-blogu\/","name":"Reid na blogu - Official Czech &amp; Slovak Everton Supporters&#039; Club","isPartOf":{"@id":"https:\/\/evertonfc.cz\/#website"},"primaryImageOfPage":{"@id":"https:\/\/evertonfc.cz\/index.php\/2013\/03\/12\/reid-na-blogu\/#primaryimage"},"image":{"@id":"https:\/\/evertonfc.cz\/index.php\/2013\/03\/12\/reid-na-blogu\/#primaryimage"},"thumbnailUrl":"https:\/\/evertonfc.cz\/wp-content\/uploads\/2019\/01\/blog.jpg","datePublished":"2013-03-12T11:59:24+00:00","dateModified":"2019-02-15T14:21:19+00:00","breadcrumb":{"@id":"https:\/\/evertonfc.cz\/index.php\/2013\/03\/12\/reid-na-blogu\/#breadcrumb"},"inLanguage":"cs","potentialAction":[{"@type":"ReadAction","target":["https:\/\/evertonfc.cz\/index.php\/2013\/03\/12\/reid-na-blogu\/"]}]},{"@type":"ImageObject","inLanguage":"cs","@id":"https:\/\/evertonfc.cz\/index.php\/2013\/03\/12\/reid-na-blogu\/#primaryimage","url":"https:\/\/evertonfc.cz\/wp-content\/uploads\/2019\/01\/blog.jpg","contentUrl":"https:\/\/evertonfc.cz\/wp-content\/uploads\/2019\/01\/blog.jpg","width":720,"height":405},{"@type":"BreadcrumbList","@id":"https:\/\/evertonfc.cz\/index.php\/2013\/03\/12\/reid-na-blogu\/#breadcrumb","itemListElement":[{"@type":"ListItem","position":1,"name":"Home","item":"https:\/\/evertonfc.cz\/"},{"@type":"ListItem","position":2,"name":"Reid na blogu"}]},{"@type":"WebSite","@id":"https:\/\/evertonfc.cz\/#website","url":"https:\/\/evertonfc.cz\/","name":"Official Czech &amp; Slovak Everton Supporters&#039; Club","description":"","publisher":{"@id":"https:\/\/evertonfc.cz\/#organization"},"potentialAction":[{"@type":"SearchAction","target":{"@type":"EntryPoint","urlTemplate":"https:\/\/evertonfc.cz\/?s={search_term_string}"},"query-input":{"@type":"PropertyValueSpecification","valueRequired":true,"valueName":"search_term_string"}}],"inLanguage":"cs"},{"@type":"Organization","@id":"https:\/\/evertonfc.cz\/#organization","name":"Official Czech & Slovak Everton Supporters' Club","url":"https:\/\/evertonfc.cz\/","logo":{"@type":"ImageObject","inLanguage":"cs","@id":"https:\/\/evertonfc.cz\/#\/schema\/logo\/image\/","url":"https:\/\/evertonfc.cz\/wp-content\/uploads\/2019\/05\/logo.png","contentUrl":"https:\/\/evertonfc.cz\/wp-content\/uploads\/2019\/05\/logo.png","width":112,"height":112,"caption":"Official Czech & Slovak Everton Supporters' Club"},"image":{"@id":"https:\/\/evertonfc.cz\/#\/schema\/logo\/image\/"},"sameAs":["https:\/\/www.facebook.com\/everton.fans.cz.sk"]},{"@type":"Person","@id":"https:\/\/evertonfc.cz\/#\/schema\/person\/f7a5daedb2ffee98480bc70e191aaef1","name":"Ri\u010di","sameAs":["https:\/\/x.com\/rbrejsa"],"url":"https:\/\/evertonfc.cz\/index.php\/author\/rici\/"}]}},"_links":{"self":[{"href":"https:\/\/evertonfc.cz\/index.php\/wp-json\/wp\/v2\/posts\/5652"}],"collection":[{"href":"https:\/\/evertonfc.cz\/index.php\/wp-json\/wp\/v2\/posts"}],"about":[{"href":"https:\/\/evertonfc.cz\/index.php\/wp-json\/wp\/v2\/types\/post"}],"author":[{"embeddable":true,"href":"https:\/\/evertonfc.cz\/index.php\/wp-json\/wp\/v2\/users\/6"}],"replies":[{"embeddable":true,"href":"https:\/\/evertonfc.cz\/index.php\/wp-json\/wp\/v2\/comments?post=5652"}],"version-history":[{"count":3,"href":"https:\/\/evertonfc.cz\/index.php\/wp-json\/wp\/v2\/posts\/5652\/revisions"}],"predecessor-version":[{"id":5772,"href":"https:\/\/evertonfc.cz\/index.php\/wp-json\/wp\/v2\/posts\/5652\/revisions\/5772"}],"wp:featuredmedia":[{"embeddable":true,"href":"https:\/\/evertonfc.cz\/index.php\/wp-json\/wp\/v2\/media\/1310"}],"wp:attachment":[{"href":"https:\/\/evertonfc.cz\/index.php\/wp-json\/wp\/v2\/media?parent=5652"}],"wp:term":[{"taxonomy":"category","embeddable":true,"href":"https:\/\/evertonfc.cz\/index.php\/wp-json\/wp\/v2\/categories?post=5652"},{"taxonomy":"post_tag","embeddable":true,"href":"https:\/\/evertonfc.cz\/index.php\/wp-json\/wp\/v2\/tags?post=5652"}],"curies":[{"name":"wp","href":"https:\/\/api.w.org\/{rel}","templated":true}]}}