{"id":5659,"date":"2011-09-01T13:08:27","date_gmt":"2011-09-01T11:08:27","guid":{"rendered":"http:\/\/evertonfc.cz\/?p=5659"},"modified":"2019-02-15T13:10:48","modified_gmt":"2019-02-15T12:10:48","slug":"prvni-posila-je-z-argentiny","status":"publish","type":"post","link":"https:\/\/evertonfc.cz\/index.php\/2011\/09\/01\/prvni-posila-je-z-argentiny\/","title":{"rendered":"Prvn\u00ed posila je z Argentiny"},"content":{"rendered":"<h4>Cel\u00e9 l\u00e9to bylo na Goodison Parku po posil\u00e1ch ticho, posledn\u00ed den p\u0159estupov\u00e9ho obdob\u00ed se v\u0161ak v\u0161e zm\u011bnilo. Jako prvn\u00ed p\u0159ich\u00e1z\u00ed na hostov\u00e1n\u00ed argentinsk\u00fd \u00fato\u010dn\u00edk Denis Stracqualursi.<\/h4>\n<p>T\u0159iadvacetilet\u00fd st\u0159elec za\u010dal svou kari\u00e9ru v roce 2007, kdy\u017e hr\u00e1l t\u0159et\u00ed argentinskou ligu za Uni\u00f3n de Sunchales. Po \u00fasp\u011b\u0161n\u00fdch z\u00e1pasech n\u00e1sledoval p\u0159esun do Gimnasia y Esgrima de La Plata, kde ale tak\u00e9 dlouho nepobyl.<\/p>\n<p>Na sez\u00f3nu 2010\/11 ode\u0161el hostovat do Tigre, \u00fa\u010dastn\u00edka prvn\u00ed argentinsk\u00e9 ligy. V ro\u010dn\u00edku zvan\u00e9m Apertura sk\u00f3roval v 19 z\u00e1pasech 11x, co\u017e mu vyneslo korunu pro nejlep\u0161\u00edho st\u0159elce.<\/p>\n<p>V brankov\u00fdch hodech pokra\u010doval i na ja\u0159e, hattrick se mu poda\u0159ilo vs\u00edtit proti slavn\u00e9 Boce Juniors, to u\u017e ho ale Tigre vykoupilo a stal se jeho kmenov\u00fdch hr\u00e1\u010dem.<\/p>\n<p>Do Anglie se st\u011bhuje s vizitkou 27 g\u00f3l\u016f ve 84 duelech v Ji\u017en\u00ed Americe, a tak\u00e9 s p\u0159ezd\u00edvkou El Traca, kter\u00e1 bude pro fanou\u0161ky Evertonu daleko l\u00e9pe vysloviteln\u00e1, ne\u017e jeho jm\u00e9no. El Traca mimochodem znamen\u00e1 raketa.<\/p>\n","protected":false},"excerpt":{"rendered":"<p>Cel\u00e9 l\u00e9to bylo na Goodison Parku po posil\u00e1ch ticho, posledn\u00ed den p\u0159estupov\u00e9ho obdob\u00ed se v\u0161ak v\u0161e zm\u011bnilo. Jako prvn\u00ed p\u0159ich\u00e1z\u00ed&hellip;<\/p>\n","protected":false},"author":6,"featured_media":1316,"comment_status":"open","ping_status":"closed","sticky":false,"template":"","format":"standard","meta":{"_eb_attr":"","_monsterinsights_skip_tracking":false,"_monsterinsights_sitenote_active":false,"_monsterinsights_sitenote_note":"","_monsterinsights_sitenote_category":0,"footnotes":""},"categories":[41],"tags":[],"yoast_head":"<!-- This site is optimized with the Yoast SEO plugin v23.4 - https:\/\/yoast.com\/wordpress\/plugins\/seo\/ -->\n<title>Prvn\u00ed posila je z Argentiny - Official Czech &amp; Slovak Everton Supporters&#039; Club<\/title>\n<meta name=\"robots\" content=\"index, follow, max-snippet:-1, max-image-preview:large, max-video-preview:-1\" \/>\n<link rel=\"canonical\" href=\"https:\/\/evertonfc.cz\/index.php\/2011\/09\/01\/prvni-posila-je-z-argentiny\/\" \/>\n<meta property=\"og:locale\" content=\"cs_CZ\" \/>\n<meta property=\"og:type\" content=\"article\" \/>\n<meta property=\"og:title\" content=\"Prvn\u00ed posila je z Argentiny - Official Czech &amp; Slovak Everton Supporters&#039; Club\" \/>\n<meta property=\"og:description\" content=\"Cel\u00e9 l\u00e9to bylo na Goodison Parku po posil\u00e1ch ticho, posledn\u00ed den p\u0159estupov\u00e9ho obdob\u00ed se v\u0161ak v\u0161e zm\u011bnilo. Jako prvn\u00ed p\u0159ich\u00e1z\u00ed&hellip;\" \/>\n<meta property=\"og:url\" content=\"https:\/\/evertonfc.cz\/index.php\/2011\/09\/01\/prvni-posila-je-z-argentiny\/\" \/>\n<meta property=\"og:site_name\" content=\"Official Czech &amp; Slovak Everton Supporters&#039; Club\" \/>\n<meta property=\"article:publisher\" content=\"https:\/\/www.facebook.com\/everton.fans.cz.sk\" \/>\n<meta property=\"article:published_time\" content=\"2011-09-01T11:08:27+00:00\" \/>\n<meta property=\"article:modified_time\" content=\"2019-02-15T12:10:48+00:00\" \/>\n<meta property=\"og:image\" content=\"https:\/\/evertonfc.cz\/wp-content\/uploads\/2019\/01\/transfer.jpg\" \/>\n\t<meta property=\"og:image:width\" content=\"720\" \/>\n\t<meta property=\"og:image:height\" content=\"405\" \/>\n\t<meta property=\"og:image:type\" content=\"image\/jpeg\" \/>\n<meta name=\"author\" content=\"Ri\u010di\" \/>\n<meta name=\"twitter:card\" content=\"summary_large_image\" \/>\n<meta name=\"twitter:creator\" content=\"@rbrejsa\" \/>\n<meta name=\"twitter:label1\" content=\"Napsal(a)\" \/>\n\t<meta name=\"twitter:data1\" content=\"Ri\u010di\" \/>\n\t<meta name=\"twitter:label2\" content=\"Odhadovan\u00e1 doba \u010dten\u00ed\" \/>\n\t<meta name=\"twitter:data2\" content=\"1 minuta\" \/>\n<script type=\"application\/ld+json\" class=\"yoast-schema-graph\">{\"@context\":\"https:\/\/schema.org\",\"@graph\":[{\"@type\":\"Article\",\"@id\":\"https:\/\/evertonfc.cz\/index.php\/2011\/09\/01\/prvni-posila-je-z-argentiny\/#article\",\"isPartOf\":{\"@id\":\"https:\/\/evertonfc.cz\/index.php\/2011\/09\/01\/prvni-posila-je-z-argentiny\/\"},\"author\":{\"name\":\"Ri\u010di\",\"@id\":\"https:\/\/evertonfc.cz\/#\/schema\/person\/f7a5daedb2ffee98480bc70e191aaef1\"},\"headline\":\"Prvn\u00ed posila je z Argentiny\",\"datePublished\":\"2011-09-01T11:08:27+00:00\",\"dateModified\":\"2019-02-15T12:10:48+00:00\",\"mainEntityOfPage\":{\"@id\":\"https:\/\/evertonfc.cz\/index.php\/2011\/09\/01\/prvni-posila-je-z-argentiny\/\"},\"wordCount\":200,\"commentCount\":0,\"publisher\":{\"@id\":\"https:\/\/evertonfc.cz\/#organization\"},\"image\":{\"@id\":\"https:\/\/evertonfc.cz\/index.php\/2011\/09\/01\/prvni-posila-je-z-argentiny\/#primaryimage\"},\"thumbnailUrl\":\"https:\/\/evertonfc.cz\/wp-content\/uploads\/2019\/01\/transfer.jpg\",\"articleSection\":[\"P\u0159estupy\"],\"inLanguage\":\"cs\",\"potentialAction\":[{\"@type\":\"CommentAction\",\"name\":\"Comment\",\"target\":[\"https:\/\/evertonfc.cz\/index.php\/2011\/09\/01\/prvni-posila-je-z-argentiny\/#respond\"]}]},{\"@type\":\"WebPage\",\"@id\":\"https:\/\/evertonfc.cz\/index.php\/2011\/09\/01\/prvni-posila-je-z-argentiny\/\",\"url\":\"https:\/\/evertonfc.cz\/index.php\/2011\/09\/01\/prvni-posila-je-z-argentiny\/\",\"name\":\"Prvn\u00ed posila je z Argentiny - Official Czech &amp; Slovak Everton Supporters&#039; Club\",\"isPartOf\":{\"@id\":\"https:\/\/evertonfc.cz\/#website\"},\"primaryImageOfPage\":{\"@id\":\"https:\/\/evertonfc.cz\/index.php\/2011\/09\/01\/prvni-posila-je-z-argentiny\/#primaryimage\"},\"image\":{\"@id\":\"https:\/\/evertonfc.cz\/index.php\/2011\/09\/01\/prvni-posila-je-z-argentiny\/#primaryimage\"},\"thumbnailUrl\":\"https:\/\/evertonfc.cz\/wp-content\/uploads\/2019\/01\/transfer.jpg\",\"datePublished\":\"2011-09-01T11:08:27+00:00\",\"dateModified\":\"2019-02-15T12:10:48+00:00\",\"breadcrumb\":{\"@id\":\"https:\/\/evertonfc.cz\/index.php\/2011\/09\/01\/prvni-posila-je-z-argentiny\/#breadcrumb\"},\"inLanguage\":\"cs\",\"potentialAction\":[{\"@type\":\"ReadAction\",\"target\":[\"https:\/\/evertonfc.cz\/index.php\/2011\/09\/01\/prvni-posila-je-z-argentiny\/\"]}]},{\"@type\":\"ImageObject\",\"inLanguage\":\"cs\",\"@id\":\"https:\/\/evertonfc.cz\/index.php\/2011\/09\/01\/prvni-posila-je-z-argentiny\/#primaryimage\",\"url\":\"https:\/\/evertonfc.cz\/wp-content\/uploads\/2019\/01\/transfer.jpg\",\"contentUrl\":\"https:\/\/evertonfc.cz\/wp-content\/uploads\/2019\/01\/transfer.jpg\",\"width\":720,\"height\":405},{\"@type\":\"BreadcrumbList\",\"@id\":\"https:\/\/evertonfc.cz\/index.php\/2011\/09\/01\/prvni-posila-je-z-argentiny\/#breadcrumb\",\"itemListElement\":[{\"@type\":\"ListItem\",\"position\":1,\"name\":\"Home\",\"item\":\"https:\/\/evertonfc.cz\/\"},{\"@type\":\"ListItem\",\"position\":2,\"name\":\"Prvn\u00ed posila je z Argentiny\"}]},{\"@type\":\"WebSite\",\"@id\":\"https:\/\/evertonfc.cz\/#website\",\"url\":\"https:\/\/evertonfc.cz\/\",\"name\":\"Official Czech &amp; Slovak Everton Supporters&#039; Club\",\"description\":\"\",\"publisher\":{\"@id\":\"https:\/\/evertonfc.cz\/#organization\"},\"potentialAction\":[{\"@type\":\"SearchAction\",\"target\":{\"@type\":\"EntryPoint\",\"urlTemplate\":\"https:\/\/evertonfc.cz\/?s={search_term_string}\"},\"query-input\":{\"@type\":\"PropertyValueSpecification\",\"valueRequired\":true,\"valueName\":\"search_term_string\"}}],\"inLanguage\":\"cs\"},{\"@type\":\"Organization\",\"@id\":\"https:\/\/evertonfc.cz\/#organization\",\"name\":\"Official Czech & Slovak Everton Supporters' Club\",\"url\":\"https:\/\/evertonfc.cz\/\",\"logo\":{\"@type\":\"ImageObject\",\"inLanguage\":\"cs\",\"@id\":\"https:\/\/evertonfc.cz\/#\/schema\/logo\/image\/\",\"url\":\"https:\/\/evertonfc.cz\/wp-content\/uploads\/2019\/05\/logo.png\",\"contentUrl\":\"https:\/\/evertonfc.cz\/wp-content\/uploads\/2019\/05\/logo.png\",\"width\":112,\"height\":112,\"caption\":\"Official Czech & Slovak Everton Supporters' Club\"},\"image\":{\"@id\":\"https:\/\/evertonfc.cz\/#\/schema\/logo\/image\/\"},\"sameAs\":[\"https:\/\/www.facebook.com\/everton.fans.cz.sk\"]},{\"@type\":\"Person\",\"@id\":\"https:\/\/evertonfc.cz\/#\/schema\/person\/f7a5daedb2ffee98480bc70e191aaef1\",\"name\":\"Ri\u010di\",\"sameAs\":[\"https:\/\/x.com\/rbrejsa\"],\"url\":\"https:\/\/evertonfc.cz\/index.php\/author\/rici\/\"}]}<\/script>\n<!-- \/ Yoast SEO plugin. -->","yoast_head_json":{"title":"Prvn\u00ed posila je z Argentiny - Official Czech &amp; Slovak Everton Supporters&#039; Club","robots":{"index":"index","follow":"follow","max-snippet":"max-snippet:-1","max-image-preview":"max-image-preview:large","max-video-preview":"max-video-preview:-1"},"canonical":"https:\/\/evertonfc.cz\/index.php\/2011\/09\/01\/prvni-posila-je-z-argentiny\/","og_locale":"cs_CZ","og_type":"article","og_title":"Prvn\u00ed posila je z Argentiny - Official Czech &amp; Slovak Everton Supporters&#039; Club","og_description":"Cel\u00e9 l\u00e9to bylo na Goodison Parku po posil\u00e1ch ticho, posledn\u00ed den p\u0159estupov\u00e9ho obdob\u00ed se v\u0161ak v\u0161e zm\u011bnilo. Jako prvn\u00ed p\u0159ich\u00e1z\u00ed&hellip;","og_url":"https:\/\/evertonfc.cz\/index.php\/2011\/09\/01\/prvni-posila-je-z-argentiny\/","og_site_name":"Official Czech &amp; Slovak Everton Supporters&#039; Club","article_publisher":"https:\/\/www.facebook.com\/everton.fans.cz.sk","article_published_time":"2011-09-01T11:08:27+00:00","article_modified_time":"2019-02-15T12:10:48+00:00","og_image":[{"width":720,"height":405,"url":"https:\/\/evertonfc.cz\/wp-content\/uploads\/2019\/01\/transfer.jpg","type":"image\/jpeg"}],"author":"Ri\u010di","twitter_card":"summary_large_image","twitter_creator":"@rbrejsa","twitter_misc":{"Napsal(a)":"Ri\u010di","Odhadovan\u00e1 doba \u010dten\u00ed":"1 minuta"},"schema":{"@context":"https:\/\/schema.org","@graph":[{"@type":"Article","@id":"https:\/\/evertonfc.cz\/index.php\/2011\/09\/01\/prvni-posila-je-z-argentiny\/#article","isPartOf":{"@id":"https:\/\/evertonfc.cz\/index.php\/2011\/09\/01\/prvni-posila-je-z-argentiny\/"},"author":{"name":"Ri\u010di","@id":"https:\/\/evertonfc.cz\/#\/schema\/person\/f7a5daedb2ffee98480bc70e191aaef1"},"headline":"Prvn\u00ed posila je z Argentiny","datePublished":"2011-09-01T11:08:27+00:00","dateModified":"2019-02-15T12:10:48+00:00","mainEntityOfPage":{"@id":"https:\/\/evertonfc.cz\/index.php\/2011\/09\/01\/prvni-posila-je-z-argentiny\/"},"wordCount":200,"commentCount":0,"publisher":{"@id":"https:\/\/evertonfc.cz\/#organization"},"image":{"@id":"https:\/\/evertonfc.cz\/index.php\/2011\/09\/01\/prvni-posila-je-z-argentiny\/#primaryimage"},"thumbnailUrl":"https:\/\/evertonfc.cz\/wp-content\/uploads\/2019\/01\/transfer.jpg","articleSection":["P\u0159estupy"],"inLanguage":"cs","potentialAction":[{"@type":"CommentAction","name":"Comment","target":["https:\/\/evertonfc.cz\/index.php\/2011\/09\/01\/prvni-posila-je-z-argentiny\/#respond"]}]},{"@type":"WebPage","@id":"https:\/\/evertonfc.cz\/index.php\/2011\/09\/01\/prvni-posila-je-z-argentiny\/","url":"https:\/\/evertonfc.cz\/index.php\/2011\/09\/01\/prvni-posila-je-z-argentiny\/","name":"Prvn\u00ed posila je z Argentiny - Official Czech &amp; Slovak Everton Supporters&#039; Club","isPartOf":{"@id":"https:\/\/evertonfc.cz\/#website"},"primaryImageOfPage":{"@id":"https:\/\/evertonfc.cz\/index.php\/2011\/09\/01\/prvni-posila-je-z-argentiny\/#primaryimage"},"image":{"@id":"https:\/\/evertonfc.cz\/index.php\/2011\/09\/01\/prvni-posila-je-z-argentiny\/#primaryimage"},"thumbnailUrl":"https:\/\/evertonfc.cz\/wp-content\/uploads\/2019\/01\/transfer.jpg","datePublished":"2011-09-01T11:08:27+00:00","dateModified":"2019-02-15T12:10:48+00:00","breadcrumb":{"@id":"https:\/\/evertonfc.cz\/index.php\/2011\/09\/01\/prvni-posila-je-z-argentiny\/#breadcrumb"},"inLanguage":"cs","potentialAction":[{"@type":"ReadAction","target":["https:\/\/evertonfc.cz\/index.php\/2011\/09\/01\/prvni-posila-je-z-argentiny\/"]}]},{"@type":"ImageObject","inLanguage":"cs","@id":"https:\/\/evertonfc.cz\/index.php\/2011\/09\/01\/prvni-posila-je-z-argentiny\/#primaryimage","url":"https:\/\/evertonfc.cz\/wp-content\/uploads\/2019\/01\/transfer.jpg","contentUrl":"https:\/\/evertonfc.cz\/wp-content\/uploads\/2019\/01\/transfer.jpg","width":720,"height":405},{"@type":"BreadcrumbList","@id":"https:\/\/evertonfc.cz\/index.php\/2011\/09\/01\/prvni-posila-je-z-argentiny\/#breadcrumb","itemListElement":[{"@type":"ListItem","position":1,"name":"Home","item":"https:\/\/evertonfc.cz\/"},{"@type":"ListItem","position":2,"name":"Prvn\u00ed posila je z Argentiny"}]},{"@type":"WebSite","@id":"https:\/\/evertonfc.cz\/#website","url":"https:\/\/evertonfc.cz\/","name":"Official Czech &amp; Slovak Everton Supporters&#039; Club","description":"","publisher":{"@id":"https:\/\/evertonfc.cz\/#organization"},"potentialAction":[{"@type":"SearchAction","target":{"@type":"EntryPoint","urlTemplate":"https:\/\/evertonfc.cz\/?s={search_term_string}"},"query-input":{"@type":"PropertyValueSpecification","valueRequired":true,"valueName":"search_term_string"}}],"inLanguage":"cs"},{"@type":"Organization","@id":"https:\/\/evertonfc.cz\/#organization","name":"Official Czech & Slovak Everton Supporters' Club","url":"https:\/\/evertonfc.cz\/","logo":{"@type":"ImageObject","inLanguage":"cs","@id":"https:\/\/evertonfc.cz\/#\/schema\/logo\/image\/","url":"https:\/\/evertonfc.cz\/wp-content\/uploads\/2019\/05\/logo.png","contentUrl":"https:\/\/evertonfc.cz\/wp-content\/uploads\/2019\/05\/logo.png","width":112,"height":112,"caption":"Official Czech & Slovak Everton Supporters' Club"},"image":{"@id":"https:\/\/evertonfc.cz\/#\/schema\/logo\/image\/"},"sameAs":["https:\/\/www.facebook.com\/everton.fans.cz.sk"]},{"@type":"Person","@id":"https:\/\/evertonfc.cz\/#\/schema\/person\/f7a5daedb2ffee98480bc70e191aaef1","name":"Ri\u010di","sameAs":["https:\/\/x.com\/rbrejsa"],"url":"https:\/\/evertonfc.cz\/index.php\/author\/rici\/"}]}},"_links":{"self":[{"href":"https:\/\/evertonfc.cz\/index.php\/wp-json\/wp\/v2\/posts\/5659"}],"collection":[{"href":"https:\/\/evertonfc.cz\/index.php\/wp-json\/wp\/v2\/posts"}],"about":[{"href":"https:\/\/evertonfc.cz\/index.php\/wp-json\/wp\/v2\/types\/post"}],"author":[{"embeddable":true,"href":"https:\/\/evertonfc.cz\/index.php\/wp-json\/wp\/v2\/users\/6"}],"replies":[{"embeddable":true,"href":"https:\/\/evertonfc.cz\/index.php\/wp-json\/wp\/v2\/comments?post=5659"}],"version-history":[{"count":1,"href":"https:\/\/evertonfc.cz\/index.php\/wp-json\/wp\/v2\/posts\/5659\/revisions"}],"predecessor-version":[{"id":5660,"href":"https:\/\/evertonfc.cz\/index.php\/wp-json\/wp\/v2\/posts\/5659\/revisions\/5660"}],"wp:featuredmedia":[{"embeddable":true,"href":"https:\/\/evertonfc.cz\/index.php\/wp-json\/wp\/v2\/media\/1316"}],"wp:attachment":[{"href":"https:\/\/evertonfc.cz\/index.php\/wp-json\/wp\/v2\/media?parent=5659"}],"wp:term":[{"taxonomy":"category","embeddable":true,"href":"https:\/\/evertonfc.cz\/index.php\/wp-json\/wp\/v2\/categories?post=5659"},{"taxonomy":"post_tag","embeddable":true,"href":"https:\/\/evertonfc.cz\/index.php\/wp-json\/wp\/v2\/tags?post=5659"}],"curies":[{"name":"wp","href":"https:\/\/api.w.org\/{rel}","templated":true}]}}