{"id":5661,"date":"2011-09-01T13:10:57","date_gmt":"2011-09-01T11:10:57","guid":{"rendered":"http:\/\/evertonfc.cz\/?p=5661"},"modified":"2019-02-15T13:12:14","modified_gmt":"2019-02-15T12:12:14","slug":"yakubu-hracem-blackburnu","status":"publish","type":"post","link":"https:\/\/evertonfc.cz\/index.php\/2011\/09\/01\/yakubu-hracem-blackburnu\/","title":{"rendered":"Yakubu hr\u00e1\u010dem Blackburnu"},"content":{"rendered":"<h4>\u017d\u00e1dn\u00fd Leicester City, ale nakonec Blackburn. Yakubu, pot\u00e9 co ztratil z\u00e1jem pokra\u010dovat v Evertonu, p\u0159estupuje rok p\u0159ed koncem smlouvy k Rovers.<\/h4>\n<p>28let\u00fd \u00fato\u010dn\u00edk st\u00e1l Blackburn Rovers p\u0159ibli\u017en\u011b jeden a p\u016fl milionu liber. Kdy\u017e to porovn\u00e1me se sumou, za n\u00ed\u017e do Evertonu p\u0159i\u0161el, dostaneme desetkr\u00e1t men\u0161\u00ed hodnotu, av\u0161ak je t\u0159eba v potaz br\u00e1t hol\u00fd fakt &#8211; Yakubu na Goodisonu u\u017e budoucnost nem\u011bl a jeho sou\u010dasn\u00fd odchod je lep\u0161\u00ed, ne\u017e kdyby rok bral desetitis\u00edce liber a hr\u00e1l za rezervu, aby pak po sezon\u011b ode\u0161el jako voln\u00fd hr\u00e1\u010d zdarma.<\/p>\n<p>Yak se stal nej\u00fasp\u011b\u0161n\u011bj\u0161\u00edm st\u0159elcem Evertonu od roku 1992, kdy dal Peter Beardsley 20 branek za sezonu. Yakubu jich dok\u00e1zal d\u00e1t 21. Svou profi kari\u00e9ru za\u010dal v izraelsk\u00e9m Maccabi Haifa. Tam dvakr\u00e1t vyhr\u00e1l tamn\u00ed ligu a p\u0159ekonal st\u0159eleck\u00fd rekord klubu. Pot\u00e9 p\u0159i\u0161lo celkem poveden\u00e9 hostov\u00e1n\u00ed v Hapoel Kfar Saba, dal\u0161\u00edm izraelsk\u00e9m klubu. Roku 2000 \u0161el Yak zkusit poprv\u00e9 \u0161t\u011bst\u00ed do Anglie, i kdy\u017e v Portsmouthu jen hostoval. Ale po prvn\u00ed sezon\u011b u Pompey se Yak na Fratton Park st\u011bhoval natrvalo a sv\u016fj g\u00f3lov\u00fd \u00fa\u010det na jihu Anglie uzav\u0159el na \u010d\u00edsle 26. Dal\u0161\u00edm anglick\u00fdm anga\u017em\u00e1 bylo v roce 2005 Middlesbrough. Ani tam Yakubu st\u0159elecky nezaost\u00e1val, i kdy\u017e 15 branek za dv\u011b sezony, nen\u00ed nic \u010d\u00edm by se mohl \u0161pi\u010dkov\u00fd \u00fato\u010dn\u00edk chlubit.<\/p>\n<p>I p\u0159esto se o mohutn\u00e9ho Afri\u010dana v l\u00e9t\u011b 2007 za\u010dal zaj\u00edmat Everton, kter\u00e9mu se nakonec poda\u0159ilo p\u0159estup dokon\u010dit za rekordn\u00ed \u010d\u00e1stku v historii klubu &#8211; 11.25 milionu liber. Prvn\u00ed branky se do\u010dkal hned ve sv\u00e9m prvn\u00edm z\u00e1pase a to proti Boltonu. Pak u\u017e se g\u00f3lov\u00e1 ma\u0161ina jm\u00e9nem Yakubu s men\u0161\u00edmi p\u0159est\u00e1vkami nezastavila do konce sezony. Za zm\u00ednku stoj\u00ed, \u017ee Yak vst\u0159elil v sezon\u011b 2007\/08 dva hattricky. Jeden do s\u00edt\u011b Fulhamu a druh\u00fd norsk\u00e9mu SK Brann, ve t\u0159et\u00edm kole poh\u00e1ru UEFA.<\/p>\n<p>V prvn\u00ed p\u016fli sezony 2008\/09 jej tr\u00e1pil nedostatek formy, v\u017edy\u0165 do konce listopadu vs\u00edtil jen \u010dty\u0159i branky. G\u00f3lovou statistiku ji\u017e nesta\u010dil vylep\u0161it, nebo\u0165 pr\u00e1v\u011b na podzim si v\u00e1\u017en\u011b poranil achilovku, kter\u00e1 jej vy\u0159adila z ve\u0161ker\u00e9ho d\u011bn\u00ed v sezon\u011b. Vr\u00e1til se a\u017e v z\u00e1\u0159\u00ed 2009, zpo\u010d\u00e1tku nehr\u00e1l v\u016fbec dob\u0159e, a\u010d dost\u00e1val dostatek \u0161anc\u00ed. Ke konci sez\u00f3ny 2009\/10 ale p\u00e1r g\u00f3l\u016f zaznamenal a dok\u00e1zal, \u017ee snad branky st\u0159\u00edlet um\u00ed.<\/p>\n<p>V dal\u0161\u00edm ro\u010dn\u00edk v\u0161ak spojen\u00ed Yakubu a Premier League k sob\u011b moc nepasovalo. Nigerijec se st\u00e1le nedok\u00e1zal vr\u00e1tit do sv\u00e9 d\u0159\u00edv\u011bj\u0161\u00ed formy a za Everton sk\u00f3roval jedinkr\u00e1t, le\u010d na druhou stranu \u010dast\u011bji sed\u011bl na lavici. Na ja\u0159e sice pook\u0159\u00e1l na hostov\u00e1n\u00ed v Leicesteru, na Goodison Parku mu v\u0161ak ji\u017e p\u0161enka nekvetla.<\/p>\n","protected":false},"excerpt":{"rendered":"<p>\u017d\u00e1dn\u00fd Leicester City, ale nakonec Blackburn. Yakubu, pot\u00e9 co ztratil z\u00e1jem pokra\u010dovat v Evertonu, p\u0159estupuje rok p\u0159ed koncem smlouvy k&hellip;<\/p>\n","protected":false},"author":6,"featured_media":1316,"comment_status":"open","ping_status":"closed","sticky":false,"template":"","format":"standard","meta":{"_eb_attr":"","_monsterinsights_skip_tracking":false,"_monsterinsights_sitenote_active":false,"_monsterinsights_sitenote_note":"","_monsterinsights_sitenote_category":0,"footnotes":""},"categories":[41],"tags":[],"yoast_head":"<!-- This site is optimized with the Yoast SEO plugin v23.4 - https:\/\/yoast.com\/wordpress\/plugins\/seo\/ -->\n<title>Yakubu hr\u00e1\u010dem Blackburnu - Official Czech &amp; Slovak Everton Supporters&#039; Club<\/title>\n<meta name=\"robots\" content=\"index, follow, max-snippet:-1, max-image-preview:large, max-video-preview:-1\" \/>\n<link rel=\"canonical\" href=\"https:\/\/evertonfc.cz\/index.php\/2011\/09\/01\/yakubu-hracem-blackburnu\/\" \/>\n<meta property=\"og:locale\" content=\"cs_CZ\" \/>\n<meta property=\"og:type\" content=\"article\" \/>\n<meta property=\"og:title\" content=\"Yakubu hr\u00e1\u010dem Blackburnu - Official Czech &amp; Slovak Everton Supporters&#039; Club\" \/>\n<meta property=\"og:description\" content=\"\u017d\u00e1dn\u00fd Leicester City, ale nakonec Blackburn. Yakubu, pot\u00e9 co ztratil z\u00e1jem pokra\u010dovat v Evertonu, p\u0159estupuje rok p\u0159ed koncem smlouvy k&hellip;\" \/>\n<meta property=\"og:url\" content=\"https:\/\/evertonfc.cz\/index.php\/2011\/09\/01\/yakubu-hracem-blackburnu\/\" \/>\n<meta property=\"og:site_name\" content=\"Official Czech &amp; Slovak Everton Supporters&#039; Club\" \/>\n<meta property=\"article:publisher\" content=\"https:\/\/www.facebook.com\/everton.fans.cz.sk\" \/>\n<meta property=\"article:published_time\" content=\"2011-09-01T11:10:57+00:00\" \/>\n<meta property=\"article:modified_time\" content=\"2019-02-15T12:12:14+00:00\" \/>\n<meta property=\"og:image\" content=\"https:\/\/evertonfc.cz\/wp-content\/uploads\/2019\/01\/transfer.jpg\" \/>\n\t<meta property=\"og:image:width\" content=\"720\" \/>\n\t<meta property=\"og:image:height\" content=\"405\" \/>\n\t<meta property=\"og:image:type\" content=\"image\/jpeg\" \/>\n<meta name=\"author\" content=\"Ri\u010di\" \/>\n<meta name=\"twitter:card\" content=\"summary_large_image\" \/>\n<meta name=\"twitter:creator\" content=\"@rbrejsa\" \/>\n<meta name=\"twitter:label1\" content=\"Napsal(a)\" \/>\n\t<meta name=\"twitter:data1\" content=\"Ri\u010di\" \/>\n\t<meta name=\"twitter:label2\" content=\"Odhadovan\u00e1 doba \u010dten\u00ed\" \/>\n\t<meta name=\"twitter:data2\" content=\"3 minuty\" \/>\n<script type=\"application\/ld+json\" class=\"yoast-schema-graph\">{\"@context\":\"https:\/\/schema.org\",\"@graph\":[{\"@type\":\"Article\",\"@id\":\"https:\/\/evertonfc.cz\/index.php\/2011\/09\/01\/yakubu-hracem-blackburnu\/#article\",\"isPartOf\":{\"@id\":\"https:\/\/evertonfc.cz\/index.php\/2011\/09\/01\/yakubu-hracem-blackburnu\/\"},\"author\":{\"name\":\"Ri\u010di\",\"@id\":\"https:\/\/evertonfc.cz\/#\/schema\/person\/f7a5daedb2ffee98480bc70e191aaef1\"},\"headline\":\"Yakubu hr\u00e1\u010dem Blackburnu\",\"datePublished\":\"2011-09-01T11:10:57+00:00\",\"dateModified\":\"2019-02-15T12:12:14+00:00\",\"mainEntityOfPage\":{\"@id\":\"https:\/\/evertonfc.cz\/index.php\/2011\/09\/01\/yakubu-hracem-blackburnu\/\"},\"wordCount\":519,\"commentCount\":0,\"publisher\":{\"@id\":\"https:\/\/evertonfc.cz\/#organization\"},\"image\":{\"@id\":\"https:\/\/evertonfc.cz\/index.php\/2011\/09\/01\/yakubu-hracem-blackburnu\/#primaryimage\"},\"thumbnailUrl\":\"https:\/\/evertonfc.cz\/wp-content\/uploads\/2019\/01\/transfer.jpg\",\"articleSection\":[\"P\u0159estupy\"],\"inLanguage\":\"cs\",\"potentialAction\":[{\"@type\":\"CommentAction\",\"name\":\"Comment\",\"target\":[\"https:\/\/evertonfc.cz\/index.php\/2011\/09\/01\/yakubu-hracem-blackburnu\/#respond\"]}]},{\"@type\":\"WebPage\",\"@id\":\"https:\/\/evertonfc.cz\/index.php\/2011\/09\/01\/yakubu-hracem-blackburnu\/\",\"url\":\"https:\/\/evertonfc.cz\/index.php\/2011\/09\/01\/yakubu-hracem-blackburnu\/\",\"name\":\"Yakubu hr\u00e1\u010dem Blackburnu - Official Czech &amp; Slovak Everton Supporters&#039; Club\",\"isPartOf\":{\"@id\":\"https:\/\/evertonfc.cz\/#website\"},\"primaryImageOfPage\":{\"@id\":\"https:\/\/evertonfc.cz\/index.php\/2011\/09\/01\/yakubu-hracem-blackburnu\/#primaryimage\"},\"image\":{\"@id\":\"https:\/\/evertonfc.cz\/index.php\/2011\/09\/01\/yakubu-hracem-blackburnu\/#primaryimage\"},\"thumbnailUrl\":\"https:\/\/evertonfc.cz\/wp-content\/uploads\/2019\/01\/transfer.jpg\",\"datePublished\":\"2011-09-01T11:10:57+00:00\",\"dateModified\":\"2019-02-15T12:12:14+00:00\",\"breadcrumb\":{\"@id\":\"https:\/\/evertonfc.cz\/index.php\/2011\/09\/01\/yakubu-hracem-blackburnu\/#breadcrumb\"},\"inLanguage\":\"cs\",\"potentialAction\":[{\"@type\":\"ReadAction\",\"target\":[\"https:\/\/evertonfc.cz\/index.php\/2011\/09\/01\/yakubu-hracem-blackburnu\/\"]}]},{\"@type\":\"ImageObject\",\"inLanguage\":\"cs\",\"@id\":\"https:\/\/evertonfc.cz\/index.php\/2011\/09\/01\/yakubu-hracem-blackburnu\/#primaryimage\",\"url\":\"https:\/\/evertonfc.cz\/wp-content\/uploads\/2019\/01\/transfer.jpg\",\"contentUrl\":\"https:\/\/evertonfc.cz\/wp-content\/uploads\/2019\/01\/transfer.jpg\",\"width\":720,\"height\":405},{\"@type\":\"BreadcrumbList\",\"@id\":\"https:\/\/evertonfc.cz\/index.php\/2011\/09\/01\/yakubu-hracem-blackburnu\/#breadcrumb\",\"itemListElement\":[{\"@type\":\"ListItem\",\"position\":1,\"name\":\"Home\",\"item\":\"https:\/\/evertonfc.cz\/\"},{\"@type\":\"ListItem\",\"position\":2,\"name\":\"Yakubu hr\u00e1\u010dem Blackburnu\"}]},{\"@type\":\"WebSite\",\"@id\":\"https:\/\/evertonfc.cz\/#website\",\"url\":\"https:\/\/evertonfc.cz\/\",\"name\":\"Official Czech &amp; Slovak Everton Supporters&#039; Club\",\"description\":\"\",\"publisher\":{\"@id\":\"https:\/\/evertonfc.cz\/#organization\"},\"potentialAction\":[{\"@type\":\"SearchAction\",\"target\":{\"@type\":\"EntryPoint\",\"urlTemplate\":\"https:\/\/evertonfc.cz\/?s={search_term_string}\"},\"query-input\":{\"@type\":\"PropertyValueSpecification\",\"valueRequired\":true,\"valueName\":\"search_term_string\"}}],\"inLanguage\":\"cs\"},{\"@type\":\"Organization\",\"@id\":\"https:\/\/evertonfc.cz\/#organization\",\"name\":\"Official Czech & Slovak Everton Supporters' Club\",\"url\":\"https:\/\/evertonfc.cz\/\",\"logo\":{\"@type\":\"ImageObject\",\"inLanguage\":\"cs\",\"@id\":\"https:\/\/evertonfc.cz\/#\/schema\/logo\/image\/\",\"url\":\"https:\/\/evertonfc.cz\/wp-content\/uploads\/2019\/05\/logo.png\",\"contentUrl\":\"https:\/\/evertonfc.cz\/wp-content\/uploads\/2019\/05\/logo.png\",\"width\":112,\"height\":112,\"caption\":\"Official Czech & Slovak Everton Supporters' Club\"},\"image\":{\"@id\":\"https:\/\/evertonfc.cz\/#\/schema\/logo\/image\/\"},\"sameAs\":[\"https:\/\/www.facebook.com\/everton.fans.cz.sk\"]},{\"@type\":\"Person\",\"@id\":\"https:\/\/evertonfc.cz\/#\/schema\/person\/f7a5daedb2ffee98480bc70e191aaef1\",\"name\":\"Ri\u010di\",\"sameAs\":[\"https:\/\/x.com\/rbrejsa\"],\"url\":\"https:\/\/evertonfc.cz\/index.php\/author\/rici\/\"}]}<\/script>\n<!-- \/ Yoast SEO plugin. -->","yoast_head_json":{"title":"Yakubu hr\u00e1\u010dem Blackburnu - Official Czech &amp; Slovak Everton Supporters&#039; Club","robots":{"index":"index","follow":"follow","max-snippet":"max-snippet:-1","max-image-preview":"max-image-preview:large","max-video-preview":"max-video-preview:-1"},"canonical":"https:\/\/evertonfc.cz\/index.php\/2011\/09\/01\/yakubu-hracem-blackburnu\/","og_locale":"cs_CZ","og_type":"article","og_title":"Yakubu hr\u00e1\u010dem Blackburnu - Official Czech &amp; Slovak Everton Supporters&#039; Club","og_description":"\u017d\u00e1dn\u00fd Leicester City, ale nakonec Blackburn. Yakubu, pot\u00e9 co ztratil z\u00e1jem pokra\u010dovat v Evertonu, p\u0159estupuje rok p\u0159ed koncem smlouvy k&hellip;","og_url":"https:\/\/evertonfc.cz\/index.php\/2011\/09\/01\/yakubu-hracem-blackburnu\/","og_site_name":"Official Czech &amp; Slovak Everton Supporters&#039; Club","article_publisher":"https:\/\/www.facebook.com\/everton.fans.cz.sk","article_published_time":"2011-09-01T11:10:57+00:00","article_modified_time":"2019-02-15T12:12:14+00:00","og_image":[{"width":720,"height":405,"url":"https:\/\/evertonfc.cz\/wp-content\/uploads\/2019\/01\/transfer.jpg","type":"image\/jpeg"}],"author":"Ri\u010di","twitter_card":"summary_large_image","twitter_creator":"@rbrejsa","twitter_misc":{"Napsal(a)":"Ri\u010di","Odhadovan\u00e1 doba \u010dten\u00ed":"3 minuty"},"schema":{"@context":"https:\/\/schema.org","@graph":[{"@type":"Article","@id":"https:\/\/evertonfc.cz\/index.php\/2011\/09\/01\/yakubu-hracem-blackburnu\/#article","isPartOf":{"@id":"https:\/\/evertonfc.cz\/index.php\/2011\/09\/01\/yakubu-hracem-blackburnu\/"},"author":{"name":"Ri\u010di","@id":"https:\/\/evertonfc.cz\/#\/schema\/person\/f7a5daedb2ffee98480bc70e191aaef1"},"headline":"Yakubu hr\u00e1\u010dem Blackburnu","datePublished":"2011-09-01T11:10:57+00:00","dateModified":"2019-02-15T12:12:14+00:00","mainEntityOfPage":{"@id":"https:\/\/evertonfc.cz\/index.php\/2011\/09\/01\/yakubu-hracem-blackburnu\/"},"wordCount":519,"commentCount":0,"publisher":{"@id":"https:\/\/evertonfc.cz\/#organization"},"image":{"@id":"https:\/\/evertonfc.cz\/index.php\/2011\/09\/01\/yakubu-hracem-blackburnu\/#primaryimage"},"thumbnailUrl":"https:\/\/evertonfc.cz\/wp-content\/uploads\/2019\/01\/transfer.jpg","articleSection":["P\u0159estupy"],"inLanguage":"cs","potentialAction":[{"@type":"CommentAction","name":"Comment","target":["https:\/\/evertonfc.cz\/index.php\/2011\/09\/01\/yakubu-hracem-blackburnu\/#respond"]}]},{"@type":"WebPage","@id":"https:\/\/evertonfc.cz\/index.php\/2011\/09\/01\/yakubu-hracem-blackburnu\/","url":"https:\/\/evertonfc.cz\/index.php\/2011\/09\/01\/yakubu-hracem-blackburnu\/","name":"Yakubu hr\u00e1\u010dem Blackburnu - Official Czech &amp; Slovak Everton Supporters&#039; Club","isPartOf":{"@id":"https:\/\/evertonfc.cz\/#website"},"primaryImageOfPage":{"@id":"https:\/\/evertonfc.cz\/index.php\/2011\/09\/01\/yakubu-hracem-blackburnu\/#primaryimage"},"image":{"@id":"https:\/\/evertonfc.cz\/index.php\/2011\/09\/01\/yakubu-hracem-blackburnu\/#primaryimage"},"thumbnailUrl":"https:\/\/evertonfc.cz\/wp-content\/uploads\/2019\/01\/transfer.jpg","datePublished":"2011-09-01T11:10:57+00:00","dateModified":"2019-02-15T12:12:14+00:00","breadcrumb":{"@id":"https:\/\/evertonfc.cz\/index.php\/2011\/09\/01\/yakubu-hracem-blackburnu\/#breadcrumb"},"inLanguage":"cs","potentialAction":[{"@type":"ReadAction","target":["https:\/\/evertonfc.cz\/index.php\/2011\/09\/01\/yakubu-hracem-blackburnu\/"]}]},{"@type":"ImageObject","inLanguage":"cs","@id":"https:\/\/evertonfc.cz\/index.php\/2011\/09\/01\/yakubu-hracem-blackburnu\/#primaryimage","url":"https:\/\/evertonfc.cz\/wp-content\/uploads\/2019\/01\/transfer.jpg","contentUrl":"https:\/\/evertonfc.cz\/wp-content\/uploads\/2019\/01\/transfer.jpg","width":720,"height":405},{"@type":"BreadcrumbList","@id":"https:\/\/evertonfc.cz\/index.php\/2011\/09\/01\/yakubu-hracem-blackburnu\/#breadcrumb","itemListElement":[{"@type":"ListItem","position":1,"name":"Home","item":"https:\/\/evertonfc.cz\/"},{"@type":"ListItem","position":2,"name":"Yakubu hr\u00e1\u010dem Blackburnu"}]},{"@type":"WebSite","@id":"https:\/\/evertonfc.cz\/#website","url":"https:\/\/evertonfc.cz\/","name":"Official Czech &amp; Slovak Everton Supporters&#039; Club","description":"","publisher":{"@id":"https:\/\/evertonfc.cz\/#organization"},"potentialAction":[{"@type":"SearchAction","target":{"@type":"EntryPoint","urlTemplate":"https:\/\/evertonfc.cz\/?s={search_term_string}"},"query-input":{"@type":"PropertyValueSpecification","valueRequired":true,"valueName":"search_term_string"}}],"inLanguage":"cs"},{"@type":"Organization","@id":"https:\/\/evertonfc.cz\/#organization","name":"Official Czech & Slovak Everton Supporters' Club","url":"https:\/\/evertonfc.cz\/","logo":{"@type":"ImageObject","inLanguage":"cs","@id":"https:\/\/evertonfc.cz\/#\/schema\/logo\/image\/","url":"https:\/\/evertonfc.cz\/wp-content\/uploads\/2019\/05\/logo.png","contentUrl":"https:\/\/evertonfc.cz\/wp-content\/uploads\/2019\/05\/logo.png","width":112,"height":112,"caption":"Official Czech & Slovak Everton Supporters' Club"},"image":{"@id":"https:\/\/evertonfc.cz\/#\/schema\/logo\/image\/"},"sameAs":["https:\/\/www.facebook.com\/everton.fans.cz.sk"]},{"@type":"Person","@id":"https:\/\/evertonfc.cz\/#\/schema\/person\/f7a5daedb2ffee98480bc70e191aaef1","name":"Ri\u010di","sameAs":["https:\/\/x.com\/rbrejsa"],"url":"https:\/\/evertonfc.cz\/index.php\/author\/rici\/"}]}},"_links":{"self":[{"href":"https:\/\/evertonfc.cz\/index.php\/wp-json\/wp\/v2\/posts\/5661"}],"collection":[{"href":"https:\/\/evertonfc.cz\/index.php\/wp-json\/wp\/v2\/posts"}],"about":[{"href":"https:\/\/evertonfc.cz\/index.php\/wp-json\/wp\/v2\/types\/post"}],"author":[{"embeddable":true,"href":"https:\/\/evertonfc.cz\/index.php\/wp-json\/wp\/v2\/users\/6"}],"replies":[{"embeddable":true,"href":"https:\/\/evertonfc.cz\/index.php\/wp-json\/wp\/v2\/comments?post=5661"}],"version-history":[{"count":1,"href":"https:\/\/evertonfc.cz\/index.php\/wp-json\/wp\/v2\/posts\/5661\/revisions"}],"predecessor-version":[{"id":5662,"href":"https:\/\/evertonfc.cz\/index.php\/wp-json\/wp\/v2\/posts\/5661\/revisions\/5662"}],"wp:featuredmedia":[{"embeddable":true,"href":"https:\/\/evertonfc.cz\/index.php\/wp-json\/wp\/v2\/media\/1316"}],"wp:attachment":[{"href":"https:\/\/evertonfc.cz\/index.php\/wp-json\/wp\/v2\/media?parent=5661"}],"wp:term":[{"taxonomy":"category","embeddable":true,"href":"https:\/\/evertonfc.cz\/index.php\/wp-json\/wp\/v2\/categories?post=5661"},{"taxonomy":"post_tag","embeddable":true,"href":"https:\/\/evertonfc.cz\/index.php\/wp-json\/wp\/v2\/tags?post=5661"}],"curies":[{"name":"wp","href":"https:\/\/api.w.org\/{rel}","templated":true}]}}