{"id":5663,"date":"2011-09-01T13:12:31","date_gmt":"2011-09-01T11:12:31","guid":{"rendered":"http:\/\/evertonfc.cz\/?p=5663"},"modified":"2019-02-15T13:16:55","modified_gmt":"2019-02-15T12:16:55","slug":"arteta-odchazi-do-arsenalu","status":"publish","type":"post","link":"https:\/\/evertonfc.cz\/index.php\/2011\/09\/01\/arteta-odchazi-do-arsenalu\/","title":{"rendered":"Arteta odch\u00e1z\u00ed do Arsenalu"},"content":{"rendered":"<h4>Velmi ne\u010dekan\u00fd a pro mnoh\u00e9 Evertonians bolestn\u00fd p\u0159estup p\u0159inesl Deadline Day. Mikel Arteta se za deset mili\u00f3n\u016f liber st\u011bhuje do lond\u00fdnsk\u00e9ho Arsenalu.<\/h4>\n<p>The Gunners hledali n\u00e1hradu za Cesca Fabregase, kter\u00fd se stal fotbalistou Barcelony. V posledn\u00ed den p\u0159estupov\u00e9ho obdob\u00ed zam\u011b\u0159il Arsen\u00e9 Wenger na Artetu. Po\u010d\u00e1te\u010dn\u00ed nab\u00eddky byly ze strany Evertonu odm\u00edtnuty, ov\u0161em po \u017e\u00e1dosti samotn\u00e9ho hr\u00e1\u010de o p\u0159estup, David Moyes vyhov\u011bl a svou oporu prodal.<\/p>\n<p>Skotsk\u00fd mana\u017eer prozradil: <em>\u201eMikel mi nep\u0159\u00edmo nazna\u010dil, \u017ee chce p\u0159estoupit do Arsenalu, pokud o n\u011bj bude z\u00e1jem. Jsem stra\u0161n\u011b zklam\u00e1n jeho ztr\u00e1tou, ov\u0161em z\u00e1pasy Ligy mistr\u016f bylo jednodu\u0161e n\u011bco, co jsem mu nemohl sl\u00edbit a dop\u0159\u00e1t.\u201c<\/em><\/p>\n<p>Mil\u00e1\u010dek fanou\u0161k\u016f na Goodison Parku za\u010dal v\u00e1\u017en\u011bji s fotbalem v B t\u00fdmu slavn\u00e9 Barcelony. To bylo Mikelovi 15 let. V roce 2000 se probojoval do prvn\u00edho t\u00fdmu ale tam si nezahr\u00e1l ani jeden z\u00e1pas. Klub ho rad\u011bji poslal do hostov\u00e1n\u00ed do Paris Saint-Germain. Tam pobyl dva roky a zahr\u00e1l si ve v\u00edce ne\u017e 30 z\u00e1pasech. V roce 2002 p\u0159i\u0161el p\u0159esun do dal\u0161\u00edho v\u011bhlasn\u00e9ho klubu &#8211; do skotsk\u00fdch Rangers FC.<\/p>\n<p>Tam za\u017eil Mikel to co p\u0159edt\u00edm nikdy. Fotbalov\u011b se mu da\u0159ilo v\u00edce ne\u017e dob\u0159e, za dva roky nast\u0159\u00e1dal 50 z\u00e1pas\u016f a 12 branek a fanou\u0161ci Gers si ho brzy obl\u00edbili. V roce 2003 vyhr\u00e1l s t\u00fdmem skotskou ligu a ve stejn\u00e9m roce putoval na Ibrox Park i Skotsk\u00fd poh\u00e1r. Druh\u00e1 sezona u\u017e byla kv\u016fli zran\u011bn\u00edm trochu slab\u0161\u00ed a centr\u00e1ln\u00ed nebo i k\u0159\u00eddeln\u00ed z\u00e1lo\u017en\u00edk se st\u011bhoval do rodn\u00e9ho \u0160pan\u011blska, konkr\u00e9tn\u011b do Realu Sociedad.<\/p>\n<p>Tam pobyl jen p\u016fl roku, proto\u017ee v lednu 2005 p\u0159i\u0161la druh\u00e1 nab\u00eddka z britsk\u00fdch ostrov\u016f a Mikel m\u00ed\u0159il na hostov\u00e1n\u00ed, sm\u011br Merseyside. V \u010dervenci toho roku u\u017e d\u00edky dobr\u00fdm v\u00fdkon\u016f podepsanou p\u011btiletou smlouvu. V sezon\u011b 2005\/06 za\u017eil Mikel nev\u00eddanou sezonu, ve kter\u00e9 byl jak fanou\u0161ky, tak spoluhr\u00e1\u010di zvolen hr\u00e1\u010dem roku. Skv\u011blou formu si uschoval i pro dal\u0161\u00ed ro\u010dn\u00edk, na konci kter\u00e9ho z\u00edskal op\u011bt cenu pro hr\u00e1\u010de sezony. Dle \u010dten\u00e1\u0159\u016f Skysports.com stal dokonce stal nejlep\u0161\u00edm z\u00e1lo\u017en\u00edkem cel\u00e9 ligy.<\/p>\n<p>P\u0159ed za\u010d\u00e1tkem sezony 2007\/08 podepsal nepostradateln\u00fd z\u00e1lo\u017en\u00edk dal\u0161\u00ed smlouvu na 5 let. Na konci \u0159\u00edjna oslavil dosa\u017een\u00ed mal\u00e9ho jubilea &#8211; st\u00e9ho z\u00e1pasu za Everton. Ani v t\u00e9to sez\u00f3n\u011b nezklamal, i kdy\u017e na perfektn\u00ed v\u00fdkony z p\u0159edchoz\u00edch dvou let u\u017e nedok\u00e1zal nav\u00e1zat. Dobr\u00e9 v\u00fdkony st\u0159\u00eddal s nev\u00fdrazn\u00fdmi ale i tak z\u016fst\u00e1v\u00e1 kl\u00ed\u010dov\u00fdm z\u00e1lo\u017en\u00edkem a mil\u00e1\u010dkem fanou\u0161k\u016f. Do dal\u0161\u00ed sez\u00f3ny si zm\u011bnil dres s \u010d\u00edslem, \u0161estku vyst\u0159\u00eddala des\u00edtka, kter\u00e1 p\u0159inesla v\u011bt\u0161\u00ed o\u010dek\u00e1v\u00e1n\u00ed v podob\u011b dobr\u00fdch v\u00fdkon\u016f. A ty se dostavili, \u0160pan\u011bl se stal jedn\u00edm z nejl\u00e9pe hodnocen\u00fdch hr\u00e1\u010d\u016f ligy, jen\u017ee p\u0159i\u0161el \u00fanorov\u00fd z\u00e1pas na p\u016fd\u011b Newcastle, v n\u011bm\u017e si Mikel p\u0159ivodil zran\u011bn\u00ed kolenn\u00edch vaz\u016f a pro zbytek sez\u00f3ny se tak u\u017e na h\u0159i\u0161t\u011b nepod\u00edval.<\/p>\n<p>Na n\u00e1vrat si Bask musel i d\u00edky n\u011bkolika neo\u010dek\u00e1van\u00fdm komplikac\u00edm po\u010dkat bezm\u00e1la cel\u00fd rok. I proto mnoh\u00e9 p\u0159ekvapilo, v jak\u00e9 se z\u00e1lo\u017en\u00edk dok\u00e1zal vr\u00e1tit form\u011b. Od zimn\u00edho n\u00e1vratu sta\u010dil Evertonu n\u011bkolika g\u00f3ly i par\u00e1dn\u00edmi z\u00e1pasy pomoci ve st\u00edhac\u00ed j\u00edzd\u011b tabulkou.<\/p>\n<p>Na svou fam\u00f3zn\u00ed formu ale v dal\u0161\u00ed sez\u00f3n\u011b Arteta zdaleka nenav\u00e1zal, naopak z\u016fstal propastn\u011b za o\u010dek\u00e1v\u00e1n\u00edm. Mozek hry t\u00fdmu se v\u011bt\u0161inu sezony hledal a mu\u017estvo jeho n\u00e1pady a p\u0159\u00edmo\u010dar\u00e9 my\u0161len\u00ed hodn\u011b postr\u00e1dalo. Typick\u00fdm obr\u00e1zkem Artety byly p\u0159ihr\u00e1vky do stran a k obr\u00e1nc\u016fm, kter\u00e9 nevedly k ni\u010demu jin\u00e9mu, ne\u017e neefektivn\u00edmu obl\u00e9h\u00e1n\u00ed v\u00e1pna. A kdy\u017e se po p\u0159esunu na levou stranu z\u00e1lohy koncem zimy kone\u010dn\u011b za\u010dal rozehr\u00e1vat, p\u0159i\u0161lo dal\u0161\u00ed zran\u011bn\u00ed.<\/p>\n<p>P\u0159ed leto\u0161n\u00ed sez\u00f3nou nic nenapov\u00eddalo tomu, \u017ee by m\u011bl Everton opustit. N\u011bkolikr\u00e1t v rozhovorech mluvil, jak bude d\u016fle\u017eit\u00e9, aby opory klubu neodch\u00e1zeli. Nakonec ho v\u0161ak samotn\u00e9ho zl\u00e1kal Arsenal a v 29 letech p\u0159ed n\u00edm stoj\u00ed nejv\u011bt\u0161\u00ed v\u00fdzva fotbalov\u00e9ho \u017eivota.<\/p>\n<p>Toffees opustila novodob\u00e1 legenda.<\/p>\n","protected":false},"excerpt":{"rendered":"<p>Velmi ne\u010dekan\u00fd a pro mnoh\u00e9 Evertonians bolestn\u00fd p\u0159estup p\u0159inesl Deadline Day. Mikel Arteta se za deset mili\u00f3n\u016f liber st\u011bhuje do&hellip;<\/p>\n","protected":false},"author":6,"featured_media":1316,"comment_status":"open","ping_status":"closed","sticky":false,"template":"","format":"standard","meta":{"_eb_attr":"","_monsterinsights_skip_tracking":false,"_monsterinsights_sitenote_active":false,"_monsterinsights_sitenote_note":"","_monsterinsights_sitenote_category":0,"footnotes":""},"categories":[41],"tags":[],"yoast_head":"<!-- This site is optimized with the Yoast SEO plugin v23.4 - https:\/\/yoast.com\/wordpress\/plugins\/seo\/ -->\n<title>Arteta odch\u00e1z\u00ed do Arsenalu - Official Czech &amp; Slovak Everton Supporters&#039; Club<\/title>\n<meta name=\"robots\" content=\"index, follow, max-snippet:-1, max-image-preview:large, max-video-preview:-1\" \/>\n<link rel=\"canonical\" href=\"https:\/\/evertonfc.cz\/index.php\/2011\/09\/01\/arteta-odchazi-do-arsenalu\/\" \/>\n<meta property=\"og:locale\" content=\"cs_CZ\" \/>\n<meta property=\"og:type\" content=\"article\" \/>\n<meta property=\"og:title\" content=\"Arteta odch\u00e1z\u00ed do Arsenalu - Official Czech &amp; Slovak Everton Supporters&#039; Club\" \/>\n<meta property=\"og:description\" content=\"Velmi ne\u010dekan\u00fd a pro mnoh\u00e9 Evertonians bolestn\u00fd p\u0159estup p\u0159inesl Deadline Day. Mikel Arteta se za deset mili\u00f3n\u016f liber st\u011bhuje do&hellip;\" \/>\n<meta property=\"og:url\" content=\"https:\/\/evertonfc.cz\/index.php\/2011\/09\/01\/arteta-odchazi-do-arsenalu\/\" \/>\n<meta property=\"og:site_name\" content=\"Official Czech &amp; Slovak Everton Supporters&#039; Club\" \/>\n<meta property=\"article:publisher\" content=\"https:\/\/www.facebook.com\/everton.fans.cz.sk\" \/>\n<meta property=\"article:published_time\" content=\"2011-09-01T11:12:31+00:00\" \/>\n<meta property=\"article:modified_time\" content=\"2019-02-15T12:16:55+00:00\" \/>\n<meta property=\"og:image\" content=\"https:\/\/evertonfc.cz\/wp-content\/uploads\/2019\/01\/transfer.jpg\" \/>\n\t<meta property=\"og:image:width\" content=\"720\" \/>\n\t<meta property=\"og:image:height\" content=\"405\" \/>\n\t<meta property=\"og:image:type\" content=\"image\/jpeg\" \/>\n<meta name=\"author\" content=\"Ri\u010di\" \/>\n<meta name=\"twitter:card\" content=\"summary_large_image\" \/>\n<meta name=\"twitter:creator\" content=\"@rbrejsa\" \/>\n<meta name=\"twitter:label1\" content=\"Napsal(a)\" \/>\n\t<meta name=\"twitter:data1\" content=\"Ri\u010di\" \/>\n\t<meta name=\"twitter:label2\" content=\"Odhadovan\u00e1 doba \u010dten\u00ed\" \/>\n\t<meta name=\"twitter:data2\" content=\"4 minuty\" \/>\n<script type=\"application\/ld+json\" class=\"yoast-schema-graph\">{\"@context\":\"https:\/\/schema.org\",\"@graph\":[{\"@type\":\"Article\",\"@id\":\"https:\/\/evertonfc.cz\/index.php\/2011\/09\/01\/arteta-odchazi-do-arsenalu\/#article\",\"isPartOf\":{\"@id\":\"https:\/\/evertonfc.cz\/index.php\/2011\/09\/01\/arteta-odchazi-do-arsenalu\/\"},\"author\":{\"name\":\"Ri\u010di\",\"@id\":\"https:\/\/evertonfc.cz\/#\/schema\/person\/f7a5daedb2ffee98480bc70e191aaef1\"},\"headline\":\"Arteta odch\u00e1z\u00ed do Arsenalu\",\"datePublished\":\"2011-09-01T11:12:31+00:00\",\"dateModified\":\"2019-02-15T12:16:55+00:00\",\"mainEntityOfPage\":{\"@id\":\"https:\/\/evertonfc.cz\/index.php\/2011\/09\/01\/arteta-odchazi-do-arsenalu\/\"},\"wordCount\":825,\"commentCount\":0,\"publisher\":{\"@id\":\"https:\/\/evertonfc.cz\/#organization\"},\"image\":{\"@id\":\"https:\/\/evertonfc.cz\/index.php\/2011\/09\/01\/arteta-odchazi-do-arsenalu\/#primaryimage\"},\"thumbnailUrl\":\"https:\/\/evertonfc.cz\/wp-content\/uploads\/2019\/01\/transfer.jpg\",\"articleSection\":[\"P\u0159estupy\"],\"inLanguage\":\"cs\",\"potentialAction\":[{\"@type\":\"CommentAction\",\"name\":\"Comment\",\"target\":[\"https:\/\/evertonfc.cz\/index.php\/2011\/09\/01\/arteta-odchazi-do-arsenalu\/#respond\"]}]},{\"@type\":\"WebPage\",\"@id\":\"https:\/\/evertonfc.cz\/index.php\/2011\/09\/01\/arteta-odchazi-do-arsenalu\/\",\"url\":\"https:\/\/evertonfc.cz\/index.php\/2011\/09\/01\/arteta-odchazi-do-arsenalu\/\",\"name\":\"Arteta odch\u00e1z\u00ed do Arsenalu - Official Czech &amp; Slovak Everton Supporters&#039; Club\",\"isPartOf\":{\"@id\":\"https:\/\/evertonfc.cz\/#website\"},\"primaryImageOfPage\":{\"@id\":\"https:\/\/evertonfc.cz\/index.php\/2011\/09\/01\/arteta-odchazi-do-arsenalu\/#primaryimage\"},\"image\":{\"@id\":\"https:\/\/evertonfc.cz\/index.php\/2011\/09\/01\/arteta-odchazi-do-arsenalu\/#primaryimage\"},\"thumbnailUrl\":\"https:\/\/evertonfc.cz\/wp-content\/uploads\/2019\/01\/transfer.jpg\",\"datePublished\":\"2011-09-01T11:12:31+00:00\",\"dateModified\":\"2019-02-15T12:16:55+00:00\",\"breadcrumb\":{\"@id\":\"https:\/\/evertonfc.cz\/index.php\/2011\/09\/01\/arteta-odchazi-do-arsenalu\/#breadcrumb\"},\"inLanguage\":\"cs\",\"potentialAction\":[{\"@type\":\"ReadAction\",\"target\":[\"https:\/\/evertonfc.cz\/index.php\/2011\/09\/01\/arteta-odchazi-do-arsenalu\/\"]}]},{\"@type\":\"ImageObject\",\"inLanguage\":\"cs\",\"@id\":\"https:\/\/evertonfc.cz\/index.php\/2011\/09\/01\/arteta-odchazi-do-arsenalu\/#primaryimage\",\"url\":\"https:\/\/evertonfc.cz\/wp-content\/uploads\/2019\/01\/transfer.jpg\",\"contentUrl\":\"https:\/\/evertonfc.cz\/wp-content\/uploads\/2019\/01\/transfer.jpg\",\"width\":720,\"height\":405},{\"@type\":\"BreadcrumbList\",\"@id\":\"https:\/\/evertonfc.cz\/index.php\/2011\/09\/01\/arteta-odchazi-do-arsenalu\/#breadcrumb\",\"itemListElement\":[{\"@type\":\"ListItem\",\"position\":1,\"name\":\"Home\",\"item\":\"https:\/\/evertonfc.cz\/\"},{\"@type\":\"ListItem\",\"position\":2,\"name\":\"Arteta odch\u00e1z\u00ed do Arsenalu\"}]},{\"@type\":\"WebSite\",\"@id\":\"https:\/\/evertonfc.cz\/#website\",\"url\":\"https:\/\/evertonfc.cz\/\",\"name\":\"Official Czech &amp; Slovak Everton Supporters&#039; Club\",\"description\":\"\",\"publisher\":{\"@id\":\"https:\/\/evertonfc.cz\/#organization\"},\"potentialAction\":[{\"@type\":\"SearchAction\",\"target\":{\"@type\":\"EntryPoint\",\"urlTemplate\":\"https:\/\/evertonfc.cz\/?s={search_term_string}\"},\"query-input\":{\"@type\":\"PropertyValueSpecification\",\"valueRequired\":true,\"valueName\":\"search_term_string\"}}],\"inLanguage\":\"cs\"},{\"@type\":\"Organization\",\"@id\":\"https:\/\/evertonfc.cz\/#organization\",\"name\":\"Official Czech & Slovak Everton Supporters' Club\",\"url\":\"https:\/\/evertonfc.cz\/\",\"logo\":{\"@type\":\"ImageObject\",\"inLanguage\":\"cs\",\"@id\":\"https:\/\/evertonfc.cz\/#\/schema\/logo\/image\/\",\"url\":\"https:\/\/evertonfc.cz\/wp-content\/uploads\/2019\/05\/logo.png\",\"contentUrl\":\"https:\/\/evertonfc.cz\/wp-content\/uploads\/2019\/05\/logo.png\",\"width\":112,\"height\":112,\"caption\":\"Official Czech & Slovak Everton Supporters' Club\"},\"image\":{\"@id\":\"https:\/\/evertonfc.cz\/#\/schema\/logo\/image\/\"},\"sameAs\":[\"https:\/\/www.facebook.com\/everton.fans.cz.sk\"]},{\"@type\":\"Person\",\"@id\":\"https:\/\/evertonfc.cz\/#\/schema\/person\/f7a5daedb2ffee98480bc70e191aaef1\",\"name\":\"Ri\u010di\",\"sameAs\":[\"https:\/\/x.com\/rbrejsa\"],\"url\":\"https:\/\/evertonfc.cz\/index.php\/author\/rici\/\"}]}<\/script>\n<!-- \/ Yoast SEO plugin. -->","yoast_head_json":{"title":"Arteta odch\u00e1z\u00ed do Arsenalu - Official Czech &amp; Slovak Everton Supporters&#039; Club","robots":{"index":"index","follow":"follow","max-snippet":"max-snippet:-1","max-image-preview":"max-image-preview:large","max-video-preview":"max-video-preview:-1"},"canonical":"https:\/\/evertonfc.cz\/index.php\/2011\/09\/01\/arteta-odchazi-do-arsenalu\/","og_locale":"cs_CZ","og_type":"article","og_title":"Arteta odch\u00e1z\u00ed do Arsenalu - Official Czech &amp; Slovak Everton Supporters&#039; Club","og_description":"Velmi ne\u010dekan\u00fd a pro mnoh\u00e9 Evertonians bolestn\u00fd p\u0159estup p\u0159inesl Deadline Day. Mikel Arteta se za deset mili\u00f3n\u016f liber st\u011bhuje do&hellip;","og_url":"https:\/\/evertonfc.cz\/index.php\/2011\/09\/01\/arteta-odchazi-do-arsenalu\/","og_site_name":"Official Czech &amp; Slovak Everton Supporters&#039; Club","article_publisher":"https:\/\/www.facebook.com\/everton.fans.cz.sk","article_published_time":"2011-09-01T11:12:31+00:00","article_modified_time":"2019-02-15T12:16:55+00:00","og_image":[{"width":720,"height":405,"url":"https:\/\/evertonfc.cz\/wp-content\/uploads\/2019\/01\/transfer.jpg","type":"image\/jpeg"}],"author":"Ri\u010di","twitter_card":"summary_large_image","twitter_creator":"@rbrejsa","twitter_misc":{"Napsal(a)":"Ri\u010di","Odhadovan\u00e1 doba \u010dten\u00ed":"4 minuty"},"schema":{"@context":"https:\/\/schema.org","@graph":[{"@type":"Article","@id":"https:\/\/evertonfc.cz\/index.php\/2011\/09\/01\/arteta-odchazi-do-arsenalu\/#article","isPartOf":{"@id":"https:\/\/evertonfc.cz\/index.php\/2011\/09\/01\/arteta-odchazi-do-arsenalu\/"},"author":{"name":"Ri\u010di","@id":"https:\/\/evertonfc.cz\/#\/schema\/person\/f7a5daedb2ffee98480bc70e191aaef1"},"headline":"Arteta odch\u00e1z\u00ed do Arsenalu","datePublished":"2011-09-01T11:12:31+00:00","dateModified":"2019-02-15T12:16:55+00:00","mainEntityOfPage":{"@id":"https:\/\/evertonfc.cz\/index.php\/2011\/09\/01\/arteta-odchazi-do-arsenalu\/"},"wordCount":825,"commentCount":0,"publisher":{"@id":"https:\/\/evertonfc.cz\/#organization"},"image":{"@id":"https:\/\/evertonfc.cz\/index.php\/2011\/09\/01\/arteta-odchazi-do-arsenalu\/#primaryimage"},"thumbnailUrl":"https:\/\/evertonfc.cz\/wp-content\/uploads\/2019\/01\/transfer.jpg","articleSection":["P\u0159estupy"],"inLanguage":"cs","potentialAction":[{"@type":"CommentAction","name":"Comment","target":["https:\/\/evertonfc.cz\/index.php\/2011\/09\/01\/arteta-odchazi-do-arsenalu\/#respond"]}]},{"@type":"WebPage","@id":"https:\/\/evertonfc.cz\/index.php\/2011\/09\/01\/arteta-odchazi-do-arsenalu\/","url":"https:\/\/evertonfc.cz\/index.php\/2011\/09\/01\/arteta-odchazi-do-arsenalu\/","name":"Arteta odch\u00e1z\u00ed do Arsenalu - Official Czech &amp; Slovak Everton Supporters&#039; Club","isPartOf":{"@id":"https:\/\/evertonfc.cz\/#website"},"primaryImageOfPage":{"@id":"https:\/\/evertonfc.cz\/index.php\/2011\/09\/01\/arteta-odchazi-do-arsenalu\/#primaryimage"},"image":{"@id":"https:\/\/evertonfc.cz\/index.php\/2011\/09\/01\/arteta-odchazi-do-arsenalu\/#primaryimage"},"thumbnailUrl":"https:\/\/evertonfc.cz\/wp-content\/uploads\/2019\/01\/transfer.jpg","datePublished":"2011-09-01T11:12:31+00:00","dateModified":"2019-02-15T12:16:55+00:00","breadcrumb":{"@id":"https:\/\/evertonfc.cz\/index.php\/2011\/09\/01\/arteta-odchazi-do-arsenalu\/#breadcrumb"},"inLanguage":"cs","potentialAction":[{"@type":"ReadAction","target":["https:\/\/evertonfc.cz\/index.php\/2011\/09\/01\/arteta-odchazi-do-arsenalu\/"]}]},{"@type":"ImageObject","inLanguage":"cs","@id":"https:\/\/evertonfc.cz\/index.php\/2011\/09\/01\/arteta-odchazi-do-arsenalu\/#primaryimage","url":"https:\/\/evertonfc.cz\/wp-content\/uploads\/2019\/01\/transfer.jpg","contentUrl":"https:\/\/evertonfc.cz\/wp-content\/uploads\/2019\/01\/transfer.jpg","width":720,"height":405},{"@type":"BreadcrumbList","@id":"https:\/\/evertonfc.cz\/index.php\/2011\/09\/01\/arteta-odchazi-do-arsenalu\/#breadcrumb","itemListElement":[{"@type":"ListItem","position":1,"name":"Home","item":"https:\/\/evertonfc.cz\/"},{"@type":"ListItem","position":2,"name":"Arteta odch\u00e1z\u00ed do Arsenalu"}]},{"@type":"WebSite","@id":"https:\/\/evertonfc.cz\/#website","url":"https:\/\/evertonfc.cz\/","name":"Official Czech &amp; Slovak Everton Supporters&#039; Club","description":"","publisher":{"@id":"https:\/\/evertonfc.cz\/#organization"},"potentialAction":[{"@type":"SearchAction","target":{"@type":"EntryPoint","urlTemplate":"https:\/\/evertonfc.cz\/?s={search_term_string}"},"query-input":{"@type":"PropertyValueSpecification","valueRequired":true,"valueName":"search_term_string"}}],"inLanguage":"cs"},{"@type":"Organization","@id":"https:\/\/evertonfc.cz\/#organization","name":"Official Czech & Slovak Everton Supporters' Club","url":"https:\/\/evertonfc.cz\/","logo":{"@type":"ImageObject","inLanguage":"cs","@id":"https:\/\/evertonfc.cz\/#\/schema\/logo\/image\/","url":"https:\/\/evertonfc.cz\/wp-content\/uploads\/2019\/05\/logo.png","contentUrl":"https:\/\/evertonfc.cz\/wp-content\/uploads\/2019\/05\/logo.png","width":112,"height":112,"caption":"Official Czech & Slovak Everton Supporters' Club"},"image":{"@id":"https:\/\/evertonfc.cz\/#\/schema\/logo\/image\/"},"sameAs":["https:\/\/www.facebook.com\/everton.fans.cz.sk"]},{"@type":"Person","@id":"https:\/\/evertonfc.cz\/#\/schema\/person\/f7a5daedb2ffee98480bc70e191aaef1","name":"Ri\u010di","sameAs":["https:\/\/x.com\/rbrejsa"],"url":"https:\/\/evertonfc.cz\/index.php\/author\/rici\/"}]}},"_links":{"self":[{"href":"https:\/\/evertonfc.cz\/index.php\/wp-json\/wp\/v2\/posts\/5663"}],"collection":[{"href":"https:\/\/evertonfc.cz\/index.php\/wp-json\/wp\/v2\/posts"}],"about":[{"href":"https:\/\/evertonfc.cz\/index.php\/wp-json\/wp\/v2\/types\/post"}],"author":[{"embeddable":true,"href":"https:\/\/evertonfc.cz\/index.php\/wp-json\/wp\/v2\/users\/6"}],"replies":[{"embeddable":true,"href":"https:\/\/evertonfc.cz\/index.php\/wp-json\/wp\/v2\/comments?post=5663"}],"version-history":[{"count":1,"href":"https:\/\/evertonfc.cz\/index.php\/wp-json\/wp\/v2\/posts\/5663\/revisions"}],"predecessor-version":[{"id":5665,"href":"https:\/\/evertonfc.cz\/index.php\/wp-json\/wp\/v2\/posts\/5663\/revisions\/5665"}],"wp:featuredmedia":[{"embeddable":true,"href":"https:\/\/evertonfc.cz\/index.php\/wp-json\/wp\/v2\/media\/1316"}],"wp:attachment":[{"href":"https:\/\/evertonfc.cz\/index.php\/wp-json\/wp\/v2\/media?parent=5663"}],"wp:term":[{"taxonomy":"category","embeddable":true,"href":"https:\/\/evertonfc.cz\/index.php\/wp-json\/wp\/v2\/categories?post=5663"},{"taxonomy":"post_tag","embeddable":true,"href":"https:\/\/evertonfc.cz\/index.php\/wp-json\/wp\/v2\/tags?post=5663"}],"curies":[{"name":"wp","href":"https:\/\/api.w.org\/{rel}","templated":true}]}}