{"id":5667,"date":"2011-09-01T13:17:03","date_gmt":"2011-09-01T11:17:03","guid":{"rendered":"http:\/\/evertonfc.cz\/?p=5667"},"modified":"2019-02-15T13:18:22","modified_gmt":"2019-02-15T12:18:22","slug":"na-hostovani-i-drenthe","status":"publish","type":"post","link":"https:\/\/evertonfc.cz\/index.php\/2011\/09\/01\/na-hostovani-i-drenthe\/","title":{"rendered":"Na hostov\u00e1n\u00ed i Drenthe"},"content":{"rendered":"<h4>V Realu Madrid zbyte\u010dn\u00fd, levonoh\u00fd obr\u00e1nce \u010di z\u00e1lo\u017en\u00edk Royston Drenthe bude cht\u00edt v Everton b\u011bhem celosez\u00f3nn\u00edho hostov\u00e1n\u00ed dok\u00e1zat, \u017ee um\u00ed hr\u00e1t fotbal.<\/h4>\n<p>Drenthe, jemu\u017e je 24 let, bude u\u017e druhou sez\u00f3nu po sob\u011b hostovat v jin\u00e9m klubu. Minul\u00fd ro\u010dn\u00edk pobyl v Herculesu, kde odehr\u00e1l 17 z\u00e1pas\u016f.<\/p>\n<p>A\u010dkoliv jde pouze o sez\u00f3nn\u00ed hostov\u00e1n\u00ed, jeho n\u00e1vrat do Realu Madrid nen\u00ed pravd\u011bpodobn\u00fd. Lev\u00fd k\u0159\u00eddeln\u00edk \u010di obr\u00e1nce m\u00e1 toti\u017e na Bernabeu platn\u00fd kontrakt jen do p\u0159\u00ed\u0161t\u00ed l\u00e9ta.<\/p>\n<p>Svou profesion\u00e1ln\u00ed kari\u00e9ru za\u010dal rychl\u00edk z Holandska v rodn\u00e9m Rotterdamu ve m\u00edstn\u00edm Feyenoordu. B\u011bhem let 2005-07 velmi zaujal scouty po cel\u00e9m sv\u011bt\u011b, a\u0165 u\u017e hr\u00e1l jako lev\u00fd z\u00e1lo\u017en\u00edk \u010di obr\u00e1nce.<\/p>\n<p>Po zisku titulu Mistra Evropy v roce 2007 s Nizozemskou U21 p\u0159estoupil za \u20ac14 milion\u016f do Realu Madrid. Prvn\u00ed dv\u011b sez\u00f3ny ve slavn\u00e9m \u0161pan\u011blsk\u00e9m klubu sp\u00ed\u0161e pab\u011brkoval, nedok\u00e1zal se natrvalo prosadit do z\u00e1kladn\u00ed sestavy, co\u017e d\u00e1val n\u011bkdy a\u017e p\u0159\u00edli\u0161 emotivn\u011b najevo.<\/p>\n<p>Proto pro sez\u00f3nu 2010\/2011 ode\u0161el hostovat do nov\u00e1\u010dka La Ligy, Herculesu. Zde se mu celkem da\u0159ilo, \u0161pan\u011blsk\u00fd tisk ho chv\u00e1lil. Po zimn\u00ed p\u0159est\u00e1vce se v\u0161ak rozhodl bojkovat tr\u00e9ninky, proto\u017ee ztratil d\u016fv\u011bru ve veden\u00ed, kter\u00e9 v\u010das nepos\u00edlalo v\u00fdplaty. Po \u010dase se ov\u0161em udob\u0159il a sez\u00f3nu v Herculesu dohr\u00e1l.<\/p>\n<p>V l\u00e9t\u011b 2011 se stal pro tren\u00e9ra Realu Jos\u00e9ho Mourinha nadbyte\u010dn\u00fdm, a tak byl jeho odchod ot\u00e1zka \u010dasu. Nakonec v posledn\u00ed den p\u0159estupov\u00e9ho obdob\u00ed zvolil hostov\u00e1n\u00ed v Evertonu.<\/p>\n","protected":false},"excerpt":{"rendered":"<p>V Realu Madrid zbyte\u010dn\u00fd, levonoh\u00fd obr\u00e1nce \u010di z\u00e1lo\u017en\u00edk Royston Drenthe bude cht\u00edt v Everton b\u011bhem celosez\u00f3nn\u00edho hostov\u00e1n\u00ed dok\u00e1zat, \u017ee um\u00ed&hellip;<\/p>\n","protected":false},"author":6,"featured_media":1316,"comment_status":"open","ping_status":"closed","sticky":false,"template":"","format":"standard","meta":{"_eb_attr":"","_monsterinsights_skip_tracking":false,"_monsterinsights_sitenote_active":false,"_monsterinsights_sitenote_note":"","_monsterinsights_sitenote_category":0,"footnotes":""},"categories":[41],"tags":[],"yoast_head":"<!-- This site is optimized with the Yoast SEO plugin v23.4 - https:\/\/yoast.com\/wordpress\/plugins\/seo\/ -->\n<title>Na hostov\u00e1n\u00ed i Drenthe - Official Czech &amp; Slovak Everton Supporters&#039; Club<\/title>\n<meta name=\"robots\" content=\"index, follow, max-snippet:-1, max-image-preview:large, max-video-preview:-1\" \/>\n<link rel=\"canonical\" href=\"https:\/\/evertonfc.cz\/index.php\/2011\/09\/01\/na-hostovani-i-drenthe\/\" \/>\n<meta property=\"og:locale\" content=\"cs_CZ\" \/>\n<meta property=\"og:type\" content=\"article\" \/>\n<meta property=\"og:title\" content=\"Na hostov\u00e1n\u00ed i Drenthe - Official Czech &amp; Slovak Everton Supporters&#039; Club\" \/>\n<meta property=\"og:description\" content=\"V Realu Madrid zbyte\u010dn\u00fd, levonoh\u00fd obr\u00e1nce \u010di z\u00e1lo\u017en\u00edk Royston Drenthe bude cht\u00edt v Everton b\u011bhem celosez\u00f3nn\u00edho hostov\u00e1n\u00ed dok\u00e1zat, \u017ee um\u00ed&hellip;\" \/>\n<meta property=\"og:url\" content=\"https:\/\/evertonfc.cz\/index.php\/2011\/09\/01\/na-hostovani-i-drenthe\/\" \/>\n<meta property=\"og:site_name\" content=\"Official Czech &amp; Slovak Everton Supporters&#039; Club\" \/>\n<meta property=\"article:publisher\" content=\"https:\/\/www.facebook.com\/everton.fans.cz.sk\" \/>\n<meta property=\"article:published_time\" content=\"2011-09-01T11:17:03+00:00\" \/>\n<meta property=\"article:modified_time\" content=\"2019-02-15T12:18:22+00:00\" \/>\n<meta property=\"og:image\" content=\"https:\/\/evertonfc.cz\/wp-content\/uploads\/2019\/01\/transfer.jpg\" \/>\n\t<meta property=\"og:image:width\" content=\"720\" \/>\n\t<meta property=\"og:image:height\" content=\"405\" \/>\n\t<meta property=\"og:image:type\" content=\"image\/jpeg\" \/>\n<meta name=\"author\" content=\"Ri\u010di\" \/>\n<meta name=\"twitter:card\" content=\"summary_large_image\" \/>\n<meta name=\"twitter:creator\" content=\"@rbrejsa\" \/>\n<meta name=\"twitter:label1\" content=\"Napsal(a)\" \/>\n\t<meta name=\"twitter:data1\" content=\"Ri\u010di\" \/>\n\t<meta name=\"twitter:label2\" content=\"Odhadovan\u00e1 doba \u010dten\u00ed\" \/>\n\t<meta name=\"twitter:data2\" content=\"1 minuta\" \/>\n<script type=\"application\/ld+json\" class=\"yoast-schema-graph\">{\"@context\":\"https:\/\/schema.org\",\"@graph\":[{\"@type\":\"Article\",\"@id\":\"https:\/\/evertonfc.cz\/index.php\/2011\/09\/01\/na-hostovani-i-drenthe\/#article\",\"isPartOf\":{\"@id\":\"https:\/\/evertonfc.cz\/index.php\/2011\/09\/01\/na-hostovani-i-drenthe\/\"},\"author\":{\"name\":\"Ri\u010di\",\"@id\":\"https:\/\/evertonfc.cz\/#\/schema\/person\/f7a5daedb2ffee98480bc70e191aaef1\"},\"headline\":\"Na hostov\u00e1n\u00ed i Drenthe\",\"datePublished\":\"2011-09-01T11:17:03+00:00\",\"dateModified\":\"2019-02-15T12:18:22+00:00\",\"mainEntityOfPage\":{\"@id\":\"https:\/\/evertonfc.cz\/index.php\/2011\/09\/01\/na-hostovani-i-drenthe\/\"},\"wordCount\":302,\"commentCount\":0,\"publisher\":{\"@id\":\"https:\/\/evertonfc.cz\/#organization\"},\"image\":{\"@id\":\"https:\/\/evertonfc.cz\/index.php\/2011\/09\/01\/na-hostovani-i-drenthe\/#primaryimage\"},\"thumbnailUrl\":\"https:\/\/evertonfc.cz\/wp-content\/uploads\/2019\/01\/transfer.jpg\",\"articleSection\":[\"P\u0159estupy\"],\"inLanguage\":\"cs\",\"potentialAction\":[{\"@type\":\"CommentAction\",\"name\":\"Comment\",\"target\":[\"https:\/\/evertonfc.cz\/index.php\/2011\/09\/01\/na-hostovani-i-drenthe\/#respond\"]}]},{\"@type\":\"WebPage\",\"@id\":\"https:\/\/evertonfc.cz\/index.php\/2011\/09\/01\/na-hostovani-i-drenthe\/\",\"url\":\"https:\/\/evertonfc.cz\/index.php\/2011\/09\/01\/na-hostovani-i-drenthe\/\",\"name\":\"Na hostov\u00e1n\u00ed i Drenthe - Official Czech &amp; Slovak Everton Supporters&#039; Club\",\"isPartOf\":{\"@id\":\"https:\/\/evertonfc.cz\/#website\"},\"primaryImageOfPage\":{\"@id\":\"https:\/\/evertonfc.cz\/index.php\/2011\/09\/01\/na-hostovani-i-drenthe\/#primaryimage\"},\"image\":{\"@id\":\"https:\/\/evertonfc.cz\/index.php\/2011\/09\/01\/na-hostovani-i-drenthe\/#primaryimage\"},\"thumbnailUrl\":\"https:\/\/evertonfc.cz\/wp-content\/uploads\/2019\/01\/transfer.jpg\",\"datePublished\":\"2011-09-01T11:17:03+00:00\",\"dateModified\":\"2019-02-15T12:18:22+00:00\",\"breadcrumb\":{\"@id\":\"https:\/\/evertonfc.cz\/index.php\/2011\/09\/01\/na-hostovani-i-drenthe\/#breadcrumb\"},\"inLanguage\":\"cs\",\"potentialAction\":[{\"@type\":\"ReadAction\",\"target\":[\"https:\/\/evertonfc.cz\/index.php\/2011\/09\/01\/na-hostovani-i-drenthe\/\"]}]},{\"@type\":\"ImageObject\",\"inLanguage\":\"cs\",\"@id\":\"https:\/\/evertonfc.cz\/index.php\/2011\/09\/01\/na-hostovani-i-drenthe\/#primaryimage\",\"url\":\"https:\/\/evertonfc.cz\/wp-content\/uploads\/2019\/01\/transfer.jpg\",\"contentUrl\":\"https:\/\/evertonfc.cz\/wp-content\/uploads\/2019\/01\/transfer.jpg\",\"width\":720,\"height\":405},{\"@type\":\"BreadcrumbList\",\"@id\":\"https:\/\/evertonfc.cz\/index.php\/2011\/09\/01\/na-hostovani-i-drenthe\/#breadcrumb\",\"itemListElement\":[{\"@type\":\"ListItem\",\"position\":1,\"name\":\"Home\",\"item\":\"https:\/\/evertonfc.cz\/\"},{\"@type\":\"ListItem\",\"position\":2,\"name\":\"Na hostov\u00e1n\u00ed i Drenthe\"}]},{\"@type\":\"WebSite\",\"@id\":\"https:\/\/evertonfc.cz\/#website\",\"url\":\"https:\/\/evertonfc.cz\/\",\"name\":\"Official Czech &amp; Slovak Everton Supporters&#039; Club\",\"description\":\"\",\"publisher\":{\"@id\":\"https:\/\/evertonfc.cz\/#organization\"},\"potentialAction\":[{\"@type\":\"SearchAction\",\"target\":{\"@type\":\"EntryPoint\",\"urlTemplate\":\"https:\/\/evertonfc.cz\/?s={search_term_string}\"},\"query-input\":{\"@type\":\"PropertyValueSpecification\",\"valueRequired\":true,\"valueName\":\"search_term_string\"}}],\"inLanguage\":\"cs\"},{\"@type\":\"Organization\",\"@id\":\"https:\/\/evertonfc.cz\/#organization\",\"name\":\"Official Czech & Slovak Everton Supporters' Club\",\"url\":\"https:\/\/evertonfc.cz\/\",\"logo\":{\"@type\":\"ImageObject\",\"inLanguage\":\"cs\",\"@id\":\"https:\/\/evertonfc.cz\/#\/schema\/logo\/image\/\",\"url\":\"https:\/\/evertonfc.cz\/wp-content\/uploads\/2019\/05\/logo.png\",\"contentUrl\":\"https:\/\/evertonfc.cz\/wp-content\/uploads\/2019\/05\/logo.png\",\"width\":112,\"height\":112,\"caption\":\"Official Czech & Slovak Everton Supporters' Club\"},\"image\":{\"@id\":\"https:\/\/evertonfc.cz\/#\/schema\/logo\/image\/\"},\"sameAs\":[\"https:\/\/www.facebook.com\/everton.fans.cz.sk\"]},{\"@type\":\"Person\",\"@id\":\"https:\/\/evertonfc.cz\/#\/schema\/person\/f7a5daedb2ffee98480bc70e191aaef1\",\"name\":\"Ri\u010di\",\"sameAs\":[\"https:\/\/x.com\/rbrejsa\"],\"url\":\"https:\/\/evertonfc.cz\/index.php\/author\/rici\/\"}]}<\/script>\n<!-- \/ Yoast SEO plugin. -->","yoast_head_json":{"title":"Na hostov\u00e1n\u00ed i Drenthe - Official Czech &amp; Slovak Everton Supporters&#039; Club","robots":{"index":"index","follow":"follow","max-snippet":"max-snippet:-1","max-image-preview":"max-image-preview:large","max-video-preview":"max-video-preview:-1"},"canonical":"https:\/\/evertonfc.cz\/index.php\/2011\/09\/01\/na-hostovani-i-drenthe\/","og_locale":"cs_CZ","og_type":"article","og_title":"Na hostov\u00e1n\u00ed i Drenthe - Official Czech &amp; Slovak Everton Supporters&#039; Club","og_description":"V Realu Madrid zbyte\u010dn\u00fd, levonoh\u00fd obr\u00e1nce \u010di z\u00e1lo\u017en\u00edk Royston Drenthe bude cht\u00edt v Everton b\u011bhem celosez\u00f3nn\u00edho hostov\u00e1n\u00ed dok\u00e1zat, \u017ee um\u00ed&hellip;","og_url":"https:\/\/evertonfc.cz\/index.php\/2011\/09\/01\/na-hostovani-i-drenthe\/","og_site_name":"Official Czech &amp; Slovak Everton Supporters&#039; Club","article_publisher":"https:\/\/www.facebook.com\/everton.fans.cz.sk","article_published_time":"2011-09-01T11:17:03+00:00","article_modified_time":"2019-02-15T12:18:22+00:00","og_image":[{"width":720,"height":405,"url":"https:\/\/evertonfc.cz\/wp-content\/uploads\/2019\/01\/transfer.jpg","type":"image\/jpeg"}],"author":"Ri\u010di","twitter_card":"summary_large_image","twitter_creator":"@rbrejsa","twitter_misc":{"Napsal(a)":"Ri\u010di","Odhadovan\u00e1 doba \u010dten\u00ed":"1 minuta"},"schema":{"@context":"https:\/\/schema.org","@graph":[{"@type":"Article","@id":"https:\/\/evertonfc.cz\/index.php\/2011\/09\/01\/na-hostovani-i-drenthe\/#article","isPartOf":{"@id":"https:\/\/evertonfc.cz\/index.php\/2011\/09\/01\/na-hostovani-i-drenthe\/"},"author":{"name":"Ri\u010di","@id":"https:\/\/evertonfc.cz\/#\/schema\/person\/f7a5daedb2ffee98480bc70e191aaef1"},"headline":"Na hostov\u00e1n\u00ed i Drenthe","datePublished":"2011-09-01T11:17:03+00:00","dateModified":"2019-02-15T12:18:22+00:00","mainEntityOfPage":{"@id":"https:\/\/evertonfc.cz\/index.php\/2011\/09\/01\/na-hostovani-i-drenthe\/"},"wordCount":302,"commentCount":0,"publisher":{"@id":"https:\/\/evertonfc.cz\/#organization"},"image":{"@id":"https:\/\/evertonfc.cz\/index.php\/2011\/09\/01\/na-hostovani-i-drenthe\/#primaryimage"},"thumbnailUrl":"https:\/\/evertonfc.cz\/wp-content\/uploads\/2019\/01\/transfer.jpg","articleSection":["P\u0159estupy"],"inLanguage":"cs","potentialAction":[{"@type":"CommentAction","name":"Comment","target":["https:\/\/evertonfc.cz\/index.php\/2011\/09\/01\/na-hostovani-i-drenthe\/#respond"]}]},{"@type":"WebPage","@id":"https:\/\/evertonfc.cz\/index.php\/2011\/09\/01\/na-hostovani-i-drenthe\/","url":"https:\/\/evertonfc.cz\/index.php\/2011\/09\/01\/na-hostovani-i-drenthe\/","name":"Na hostov\u00e1n\u00ed i Drenthe - Official Czech &amp; Slovak Everton Supporters&#039; Club","isPartOf":{"@id":"https:\/\/evertonfc.cz\/#website"},"primaryImageOfPage":{"@id":"https:\/\/evertonfc.cz\/index.php\/2011\/09\/01\/na-hostovani-i-drenthe\/#primaryimage"},"image":{"@id":"https:\/\/evertonfc.cz\/index.php\/2011\/09\/01\/na-hostovani-i-drenthe\/#primaryimage"},"thumbnailUrl":"https:\/\/evertonfc.cz\/wp-content\/uploads\/2019\/01\/transfer.jpg","datePublished":"2011-09-01T11:17:03+00:00","dateModified":"2019-02-15T12:18:22+00:00","breadcrumb":{"@id":"https:\/\/evertonfc.cz\/index.php\/2011\/09\/01\/na-hostovani-i-drenthe\/#breadcrumb"},"inLanguage":"cs","potentialAction":[{"@type":"ReadAction","target":["https:\/\/evertonfc.cz\/index.php\/2011\/09\/01\/na-hostovani-i-drenthe\/"]}]},{"@type":"ImageObject","inLanguage":"cs","@id":"https:\/\/evertonfc.cz\/index.php\/2011\/09\/01\/na-hostovani-i-drenthe\/#primaryimage","url":"https:\/\/evertonfc.cz\/wp-content\/uploads\/2019\/01\/transfer.jpg","contentUrl":"https:\/\/evertonfc.cz\/wp-content\/uploads\/2019\/01\/transfer.jpg","width":720,"height":405},{"@type":"BreadcrumbList","@id":"https:\/\/evertonfc.cz\/index.php\/2011\/09\/01\/na-hostovani-i-drenthe\/#breadcrumb","itemListElement":[{"@type":"ListItem","position":1,"name":"Home","item":"https:\/\/evertonfc.cz\/"},{"@type":"ListItem","position":2,"name":"Na hostov\u00e1n\u00ed i Drenthe"}]},{"@type":"WebSite","@id":"https:\/\/evertonfc.cz\/#website","url":"https:\/\/evertonfc.cz\/","name":"Official Czech &amp; Slovak Everton Supporters&#039; Club","description":"","publisher":{"@id":"https:\/\/evertonfc.cz\/#organization"},"potentialAction":[{"@type":"SearchAction","target":{"@type":"EntryPoint","urlTemplate":"https:\/\/evertonfc.cz\/?s={search_term_string}"},"query-input":{"@type":"PropertyValueSpecification","valueRequired":true,"valueName":"search_term_string"}}],"inLanguage":"cs"},{"@type":"Organization","@id":"https:\/\/evertonfc.cz\/#organization","name":"Official Czech & Slovak Everton Supporters' Club","url":"https:\/\/evertonfc.cz\/","logo":{"@type":"ImageObject","inLanguage":"cs","@id":"https:\/\/evertonfc.cz\/#\/schema\/logo\/image\/","url":"https:\/\/evertonfc.cz\/wp-content\/uploads\/2019\/05\/logo.png","contentUrl":"https:\/\/evertonfc.cz\/wp-content\/uploads\/2019\/05\/logo.png","width":112,"height":112,"caption":"Official Czech & Slovak Everton Supporters' Club"},"image":{"@id":"https:\/\/evertonfc.cz\/#\/schema\/logo\/image\/"},"sameAs":["https:\/\/www.facebook.com\/everton.fans.cz.sk"]},{"@type":"Person","@id":"https:\/\/evertonfc.cz\/#\/schema\/person\/f7a5daedb2ffee98480bc70e191aaef1","name":"Ri\u010di","sameAs":["https:\/\/x.com\/rbrejsa"],"url":"https:\/\/evertonfc.cz\/index.php\/author\/rici\/"}]}},"_links":{"self":[{"href":"https:\/\/evertonfc.cz\/index.php\/wp-json\/wp\/v2\/posts\/5667"}],"collection":[{"href":"https:\/\/evertonfc.cz\/index.php\/wp-json\/wp\/v2\/posts"}],"about":[{"href":"https:\/\/evertonfc.cz\/index.php\/wp-json\/wp\/v2\/types\/post"}],"author":[{"embeddable":true,"href":"https:\/\/evertonfc.cz\/index.php\/wp-json\/wp\/v2\/users\/6"}],"replies":[{"embeddable":true,"href":"https:\/\/evertonfc.cz\/index.php\/wp-json\/wp\/v2\/comments?post=5667"}],"version-history":[{"count":1,"href":"https:\/\/evertonfc.cz\/index.php\/wp-json\/wp\/v2\/posts\/5667\/revisions"}],"predecessor-version":[{"id":5669,"href":"https:\/\/evertonfc.cz\/index.php\/wp-json\/wp\/v2\/posts\/5667\/revisions\/5669"}],"wp:featuredmedia":[{"embeddable":true,"href":"https:\/\/evertonfc.cz\/index.php\/wp-json\/wp\/v2\/media\/1316"}],"wp:attachment":[{"href":"https:\/\/evertonfc.cz\/index.php\/wp-json\/wp\/v2\/media?parent=5667"}],"wp:term":[{"taxonomy":"category","embeddable":true,"href":"https:\/\/evertonfc.cz\/index.php\/wp-json\/wp\/v2\/categories?post=5667"},{"taxonomy":"post_tag","embeddable":true,"href":"https:\/\/evertonfc.cz\/index.php\/wp-json\/wp\/v2\/tags?post=5667"}],"curies":[{"name":"wp","href":"https:\/\/api.w.org\/{rel}","templated":true}]}}