{"id":5675,"date":"2011-09-01T13:20:30","date_gmt":"2011-09-01T11:20:30","guid":{"rendered":"http:\/\/evertonfc.cz\/?p=5675"},"modified":"2019-02-15T13:21:52","modified_gmt":"2019-02-15T12:21:52","slug":"smutny-konec-leta-na-goodisonu","status":"publish","type":"post","link":"https:\/\/evertonfc.cz\/index.php\/2011\/09\/01\/smutny-konec-leta-na-goodisonu\/","title":{"rendered":"Smutn\u00fd konec l\u00e9ta na Goodisonu"},"content":{"rendered":"<h4>Letn\u00ed p\u0159estupov\u00e9 okno je za n\u00e1mi. Zd\u00e1lo se, \u017ee Everton \u017e\u00e1dn\u00fdm zp\u016fsobem neovlivn\u00ed, jeho z\u00e1v\u011bre\u010dn\u00e9 hodiny ale p\u0159inesly ne\u010dekan\u00e9, ba p\u0159\u00edmo \u0161okuj\u00edc\u00ed zvraty.<\/h4>\n<div id=\"NewsPostDetailContent\">\n<p>Dlouh\u00e9 t\u00fddny se Everton na p\u0159estupov\u00e9 front\u011b tradi\u010dn\u011b schov\u00e1val v pozad\u00ed a nic nenasv\u011bd\u010dovalo tomu, \u017ee by se m\u011bla na klub \u010dekat vydatn\u00e1 transferov\u00e1 ro\u0161\u00e1da. Dokonce ani jednotv\u00e1rn\u00fdch p\u0159estupov\u00fdch spekulac\u00ed, kter\u00fdch se obvykle v souvislosti s Blues objevuje mo\u0159e, se tentokr\u00e1t neno\u0159ilo snad po stovk\u00e1ch, jak tomu zpravidla b\u00fdv\u00e1 zvykem. Jen\u017ee ale p\u0159i\u0161lo vyvrcholen\u00ed letn\u00edho p\u0159estupov\u00e9ho sna\u017een\u00ed a mezi Evertonians po n\u011bm p\u0159evl\u00e1d\u00e1 \u0161ok, zmaten\u00ed, zoufalost a kdov\u00edkolik dal\u0161\u00edch stav\u016f mysli.<\/p>\n<p>Koncem minul\u00e9 sezony se tak trochu o\u010dek\u00e1valo, \u017ee pakli\u017ee se Toffees rozhodnou b\u00fdt na trhu pro zm\u011bnu aktivn\u00edmi, ob\u011btn\u00ed volba padne na takov\u00e9 jako Fellaini, Rodwell \u010di Baines. David Moyes ale znovu dal p\u0159ed pot\u0159ebnou reorganizac\u00ed sv\u00e9ho t\u00fdmu p\u0159ednost jeho udr\u017een\u00ed. M\u00e1lokdo u\u017e to \u010dekal, jen\u017ee ani to se mu nakonec nepoda\u0159ilo. A p\u0159ekvapen\u00ed je o to v\u011bt\u0161\u00ed, \u017ee ode\u0161li tac\u00ed, u kter\u00fdch se to \u010dekalo mo\u017en\u00e1 nejm\u00e9n\u011b. V kr\u00e1lovsky modr\u00e9m dresu u\u017e tak neuvid\u00edme dlouholetou oporu Mikela Artetu, \u010di v prvn\u00ed lize p\u0159\u00edjemn\u011b p\u0159ekvapuj\u00edc\u00edho Jermaine Beckforda. To, co ale zar\u00e1\u017e\u00ed nejv\u00edce? Je j\u00edm nepochopiteln\u00e9 na\u010dasov\u00e1n\u00ed.<\/p>\n<p>Everton nechal zm\u00edn\u011bnou dvojici plus ji\u017e d\u00e1vno necht\u011bn\u00e9ho Yakubua odej\u00edt doslova jen n\u011bkolik minut p\u0159ed p\u016flnoc\u00ed, bez v\u00fdrazn\u011bj\u0161\u00ed \u0161ance p\u0159iv\u00e9st za obdr\u017een\u00fd obnos nov\u00e9 tv\u00e1\u0159e. To m\u00e1 ke standardn\u00edmu postupu na m\u00edle daleko a nest\u00e1l o to ur\u010dit\u011b ani Moyes.<\/p>\n<p>Ale rad\u011bji ke sportovn\u00ed str\u00e1nce v\u011bci. Nejv\u00edc zarazil odchod Jermaina Beckforda. B\u00fdval\u00fd kanon\u00fdr Leedsu se v prvn\u00ed lize prosadil, sv\u011bd\u010dila o tom dvojm\u00edstn\u00e1 cifra nast\u0159\u00edlen\u00fdch g\u00f3l\u016f v minul\u00e9 sezon\u011b. Od vyt\u00e1hl\u00e9ho \u00fato\u010dn\u00edka se je\u0161t\u011b lep\u0161\u00ed statistiky o\u010dek\u00e1valy i v nov\u00e9 sezon\u011b, u\u017e se ale o n\u011b bude sna\u017eit v druholigov\u00e9m Leicesteru. V klubu daleko ambici\u00f3zn\u011bj\u0161\u00edm, ne\u017e samotn\u00fd Everton. Jak ale Beckford\u016fv odchod ovlivn\u00ed ji\u017e tak chatrnou \u00fato\u010dnou formaci Blues? Zn\u00e1t jednozna\u010dn\u011b bude, Beckford m\u011bl svoje hern\u00ed nedostatky, ale ve v\u00e1pn\u011b nen\u00ed co \u0159e\u0161it. Prok\u00e1zal to a\u0165 u\u017e na h\u0159i\u0161t\u00edch celk\u016f z League One, nebo Premier League. Pro\u010d ale Everton Beckforda neprodal d\u0159\u00edv? Pokud se nepletu, Foxes se o n\u011bj uch\u00e1zeli ji\u017e p\u0159ed dv\u011bma t\u00fddny, kdy nab\u00edzeli stejnou sumu, za jakou nyn\u00ed ode\u0161el. Trochu to odporuje Moyesovu ned\u00e1vn\u00e9mu tvrzen\u00ed, \u017ee za \u017e\u00e1dn\u00e9ho hr\u00e1\u010de neobdr\u017eel nab\u00eddku, kter\u00e1 by se bl\u00ed\u017eila jeho vlastn\u00edm stanoven\u00fdm cen\u00e1m.<\/p>\n<p>V\u00fdsledkem je v ka\u017ed\u00e9m p\u0159\u00edpad\u011b pap\u00edrov\u011b slab\u0161\u00ed \u00fatok, ne\u017e p\u0159ed p\u00e1r dny, tedy pokud je\u0161t\u011b v\u016fbec slab\u0161\u00ed m\u016f\u017ee b\u00fdt. Na v\u011bt\u0161\u00ed porci z\u00e1pas\u016f se tak m\u016f\u017ee t\u011b\u0161it Victor Anichebe, kter\u00e9ho g\u00f3lov\u00fdm sou\u010dtem za Everton zakr\u00e1tko p\u0159ed\u010dil t\u0159eba i obr\u00e1nce Leighton Baines. Na st\u00e1rnouc\u00edho a k\u0159ehk\u00e9ho Louise Sahu se pochopiteln\u011b spol\u00e9hat ned\u00e1 a velkou nezn\u00e1mou je jedna z vyp\u016fj\u010den\u00fdch posil &#8211; argentinsk\u00fd \u00fato\u010dn\u00edk Denis Stracqualursi. Na svoji \u0161anci pak je\u0161t\u011b \u010dek\u00e1 talentovan\u00fd, ale nezku\u0161en\u00fd Apostolos Vellios.<\/p>\n<p>Daleko hloub\u011bji ale Evertonians zas\u00e1hlo lou\u010den\u00ed se s tak\u0159ka nedomysliteln\u00fdm klubov\u00fdm talismanem, Mikelem Artetou. Z\u00e1lo\u017en\u00edk slou\u017eil Evertonu \u0161est a p\u016fl roku a v\u011brn\u011b se p\u0159i n\u011bm rozhodl st\u00e1t t\u0159eba loni, kdy se o jeho slu\u017eby strhl z\u00e1jem mezi \u0159\u00e1dkou klub\u016f. Nade\u0161el konec jedn\u00e9 \u00e9ry, kter\u00fd p\u0159i\u0161el v\u00edcem\u00e9n\u011b ze dne a den a to v\u00edc bol\u00ed. Asi nebudu s\u00e1m, kdy\u017e \u0159eknu, \u017ee jsem o\u010dek\u00e1val odchod Fellainiho, nebo Rodwella, ale rozhodn\u011b ne Artety. Obzvl\u00e1\u0161\u0165 po lo\u0148sk\u00e9m l\u00e9t\u011b, kdy se zd\u00e1lo, \u017ee Bask skute\u010dn\u011b na Goodisonu hodl\u00e1 str\u00e1vit zbytek kari\u00e9ry.<\/p>\n<p>O mizern\u00e9m timingu p\u0159estupu ji\u017e nen\u00ed t\u0159eba v\u00e9st \u0159e\u010d, z pohledu hr\u00e1\u010de se ale nen\u00ed \u010demu divit. Everton je v \u00fapadku, s mizivou \u0161anc\u00ed zahr\u00e1t si v dohledn\u00e9 dob\u011b evropsk\u00e9 poh\u00e1ry a pr\u00e1v\u011b o to Aretovi \u0161lo nejv\u00edc. Dokonce p\u0159istoupil i na \u00fadajn\u00e9 sn\u00ed\u017een\u00ed platu, jen aby si mohl zahr\u00e1t vysn\u011bnou Champions League, co\u017e je v porovn\u00e1n\u00ed s nena\u017eran\u00fdm Lescottem minim\u00e1ln\u011b hodno respektu. A pokud bude p\u0159\u00e1t \u0161t\u011bst\u00ed, nad hlavu m\u016f\u017ee pozvednout i n\u011bjak\u00fd ten poh\u00e1r. Ambice zkr\u00e1tka Arteta m\u00e1 a t\u011b\u017eko mu jeho volbu vy\u010d\u00edtat. Za ta l\u00e9ta, kter\u00e1 Mikel Evertonu v\u011bnoval, si zaslou\u017e\u00ed kopat za klub form\u00e1tu Arsenalu a zaslou\u017e\u00ed si v\u0161echen \u00fasp\u011bch, kter\u00fd se mu v dresu Gunners doufejme, dostane.<\/p>\n<p>Co m\u011b p\u0159ekvapilo, byly pom\u011brn\u011b \u010dast\u00e9 n\u00e1zory fand\u016f na f\u00f3rech, podle kter\u00fdch nebude ztr\u00e1ta Artety oslaben\u00ed. V\u00e1\u017en\u011b? Lo\u0148skou sezonu se sice Arteta tr\u00e1pil jako nikdy p\u0159edt\u00edm, ale nehledal bych za t\u00edm nic v\u00edc, ne\u017e zcela b\u011b\u017en\u00fd v\u00fdpadek formy. Arteta je v nejlep\u0161\u00edch fotbalov\u00fdch letech, nov\u00e9 anga\u017em\u00e1 bude v\u00edtan\u00fdm impulsem. Zd\u00e1 se, jako by n\u011bkte\u0159\u00ed Evertonians zapomn\u011bli, \u017ee ve sv\u00e9 nejlep\u0161\u00ed form\u011b u\u017e v Premier League moc lep\u0161\u00edch z\u00e1lo\u017en\u00edk\u016f ne\u017e Arteta nen\u00ed.<\/p>\n<p>I bez milovan\u00e9ho Artety ale jedeme d\u00e1l. Kdysi tolik hrd\u00fd Everton klesaj\u00edc\u00ed n\u00ed\u017e a n\u00ed\u017e, si ale zaslou\u017e\u00ed lep\u0161\u00ed \u010dasy. A pokud m\u00e1m mluvit za sebe, jako Evertonian si moment\u00e1ln\u011b sah\u00e1m na to nejhlub\u0161\u00ed dno&#8230;<\/p>\n<\/div>\n","protected":false},"excerpt":{"rendered":"<p>Letn\u00ed p\u0159estupov\u00e9 okno je za n\u00e1mi. Zd\u00e1lo se, \u017ee Everton \u017e\u00e1dn\u00fdm zp\u016fsobem neovlivn\u00ed, jeho z\u00e1v\u011bre\u010dn\u00e9 hodiny ale p\u0159inesly ne\u010dekan\u00e9, ba&hellip;<\/p>\n","protected":false},"author":7,"featured_media":1310,"comment_status":"open","ping_status":"closed","sticky":false,"template":"","format":"standard","meta":{"_eb_attr":"","_monsterinsights_skip_tracking":false,"_monsterinsights_sitenote_active":false,"_monsterinsights_sitenote_note":"","_monsterinsights_sitenote_category":0,"footnotes":""},"categories":[39,41],"tags":[],"yoast_head":"<!-- This site is optimized with the Yoast SEO plugin v23.4 - https:\/\/yoast.com\/wordpress\/plugins\/seo\/ -->\n<title>Smutn\u00fd konec l\u00e9ta na Goodisonu - Official Czech &amp; Slovak Everton Supporters&#039; Club<\/title>\n<meta name=\"robots\" content=\"index, follow, max-snippet:-1, max-image-preview:large, max-video-preview:-1\" \/>\n<link rel=\"canonical\" href=\"https:\/\/evertonfc.cz\/index.php\/2011\/09\/01\/smutny-konec-leta-na-goodisonu\/\" \/>\n<meta property=\"og:locale\" content=\"cs_CZ\" \/>\n<meta property=\"og:type\" content=\"article\" \/>\n<meta property=\"og:title\" content=\"Smutn\u00fd konec l\u00e9ta na Goodisonu - Official Czech &amp; Slovak Everton Supporters&#039; Club\" \/>\n<meta property=\"og:description\" content=\"Letn\u00ed p\u0159estupov\u00e9 okno je za n\u00e1mi. Zd\u00e1lo se, \u017ee Everton \u017e\u00e1dn\u00fdm zp\u016fsobem neovlivn\u00ed, jeho z\u00e1v\u011bre\u010dn\u00e9 hodiny ale p\u0159inesly ne\u010dekan\u00e9, ba&hellip;\" \/>\n<meta property=\"og:url\" content=\"https:\/\/evertonfc.cz\/index.php\/2011\/09\/01\/smutny-konec-leta-na-goodisonu\/\" \/>\n<meta property=\"og:site_name\" content=\"Official Czech &amp; Slovak Everton Supporters&#039; Club\" \/>\n<meta property=\"article:publisher\" content=\"https:\/\/www.facebook.com\/everton.fans.cz.sk\" \/>\n<meta property=\"article:published_time\" content=\"2011-09-01T11:20:30+00:00\" \/>\n<meta property=\"article:modified_time\" content=\"2019-02-15T12:21:52+00:00\" \/>\n<meta property=\"og:image\" content=\"https:\/\/evertonfc.cz\/wp-content\/uploads\/2019\/01\/blog.jpg\" \/>\n\t<meta property=\"og:image:width\" content=\"720\" \/>\n\t<meta property=\"og:image:height\" content=\"405\" \/>\n\t<meta property=\"og:image:type\" content=\"image\/jpeg\" \/>\n<meta name=\"author\" content=\"Me\u0148a\" \/>\n<meta name=\"twitter:card\" content=\"summary_large_image\" \/>\n<meta name=\"twitter:label1\" content=\"Napsal(a)\" \/>\n\t<meta name=\"twitter:data1\" content=\"Me\u0148a\" \/>\n\t<meta name=\"twitter:label2\" content=\"Odhadovan\u00e1 doba \u010dten\u00ed\" \/>\n\t<meta name=\"twitter:data2\" content=\"5 minut\" \/>\n<script type=\"application\/ld+json\" class=\"yoast-schema-graph\">{\"@context\":\"https:\/\/schema.org\",\"@graph\":[{\"@type\":\"Article\",\"@id\":\"https:\/\/evertonfc.cz\/index.php\/2011\/09\/01\/smutny-konec-leta-na-goodisonu\/#article\",\"isPartOf\":{\"@id\":\"https:\/\/evertonfc.cz\/index.php\/2011\/09\/01\/smutny-konec-leta-na-goodisonu\/\"},\"author\":{\"name\":\"Me\u0148a\",\"@id\":\"https:\/\/evertonfc.cz\/#\/schema\/person\/cd6328a75577de2add7793fd4b0930c3\"},\"headline\":\"Smutn\u00fd konec l\u00e9ta na Goodisonu\",\"datePublished\":\"2011-09-01T11:20:30+00:00\",\"dateModified\":\"2019-02-15T12:21:52+00:00\",\"mainEntityOfPage\":{\"@id\":\"https:\/\/evertonfc.cz\/index.php\/2011\/09\/01\/smutny-konec-leta-na-goodisonu\/\"},\"wordCount\":1039,\"commentCount\":0,\"publisher\":{\"@id\":\"https:\/\/evertonfc.cz\/#organization\"},\"image\":{\"@id\":\"https:\/\/evertonfc.cz\/index.php\/2011\/09\/01\/smutny-konec-leta-na-goodisonu\/#primaryimage\"},\"thumbnailUrl\":\"https:\/\/evertonfc.cz\/wp-content\/uploads\/2019\/01\/blog.jpg\",\"articleSection\":[\"Blog\",\"P\u0159estupy\"],\"inLanguage\":\"cs\",\"potentialAction\":[{\"@type\":\"CommentAction\",\"name\":\"Comment\",\"target\":[\"https:\/\/evertonfc.cz\/index.php\/2011\/09\/01\/smutny-konec-leta-na-goodisonu\/#respond\"]}]},{\"@type\":\"WebPage\",\"@id\":\"https:\/\/evertonfc.cz\/index.php\/2011\/09\/01\/smutny-konec-leta-na-goodisonu\/\",\"url\":\"https:\/\/evertonfc.cz\/index.php\/2011\/09\/01\/smutny-konec-leta-na-goodisonu\/\",\"name\":\"Smutn\u00fd konec l\u00e9ta na Goodisonu - Official Czech &amp; Slovak Everton Supporters&#039; Club\",\"isPartOf\":{\"@id\":\"https:\/\/evertonfc.cz\/#website\"},\"primaryImageOfPage\":{\"@id\":\"https:\/\/evertonfc.cz\/index.php\/2011\/09\/01\/smutny-konec-leta-na-goodisonu\/#primaryimage\"},\"image\":{\"@id\":\"https:\/\/evertonfc.cz\/index.php\/2011\/09\/01\/smutny-konec-leta-na-goodisonu\/#primaryimage\"},\"thumbnailUrl\":\"https:\/\/evertonfc.cz\/wp-content\/uploads\/2019\/01\/blog.jpg\",\"datePublished\":\"2011-09-01T11:20:30+00:00\",\"dateModified\":\"2019-02-15T12:21:52+00:00\",\"breadcrumb\":{\"@id\":\"https:\/\/evertonfc.cz\/index.php\/2011\/09\/01\/smutny-konec-leta-na-goodisonu\/#breadcrumb\"},\"inLanguage\":\"cs\",\"potentialAction\":[{\"@type\":\"ReadAction\",\"target\":[\"https:\/\/evertonfc.cz\/index.php\/2011\/09\/01\/smutny-konec-leta-na-goodisonu\/\"]}]},{\"@type\":\"ImageObject\",\"inLanguage\":\"cs\",\"@id\":\"https:\/\/evertonfc.cz\/index.php\/2011\/09\/01\/smutny-konec-leta-na-goodisonu\/#primaryimage\",\"url\":\"https:\/\/evertonfc.cz\/wp-content\/uploads\/2019\/01\/blog.jpg\",\"contentUrl\":\"https:\/\/evertonfc.cz\/wp-content\/uploads\/2019\/01\/blog.jpg\",\"width\":720,\"height\":405},{\"@type\":\"BreadcrumbList\",\"@id\":\"https:\/\/evertonfc.cz\/index.php\/2011\/09\/01\/smutny-konec-leta-na-goodisonu\/#breadcrumb\",\"itemListElement\":[{\"@type\":\"ListItem\",\"position\":1,\"name\":\"Home\",\"item\":\"https:\/\/evertonfc.cz\/\"},{\"@type\":\"ListItem\",\"position\":2,\"name\":\"Smutn\u00fd konec l\u00e9ta na Goodisonu\"}]},{\"@type\":\"WebSite\",\"@id\":\"https:\/\/evertonfc.cz\/#website\",\"url\":\"https:\/\/evertonfc.cz\/\",\"name\":\"Official Czech &amp; Slovak Everton Supporters&#039; Club\",\"description\":\"\",\"publisher\":{\"@id\":\"https:\/\/evertonfc.cz\/#organization\"},\"potentialAction\":[{\"@type\":\"SearchAction\",\"target\":{\"@type\":\"EntryPoint\",\"urlTemplate\":\"https:\/\/evertonfc.cz\/?s={search_term_string}\"},\"query-input\":{\"@type\":\"PropertyValueSpecification\",\"valueRequired\":true,\"valueName\":\"search_term_string\"}}],\"inLanguage\":\"cs\"},{\"@type\":\"Organization\",\"@id\":\"https:\/\/evertonfc.cz\/#organization\",\"name\":\"Official Czech & Slovak Everton Supporters' Club\",\"url\":\"https:\/\/evertonfc.cz\/\",\"logo\":{\"@type\":\"ImageObject\",\"inLanguage\":\"cs\",\"@id\":\"https:\/\/evertonfc.cz\/#\/schema\/logo\/image\/\",\"url\":\"https:\/\/evertonfc.cz\/wp-content\/uploads\/2019\/05\/logo.png\",\"contentUrl\":\"https:\/\/evertonfc.cz\/wp-content\/uploads\/2019\/05\/logo.png\",\"width\":112,\"height\":112,\"caption\":\"Official Czech & Slovak Everton Supporters' Club\"},\"image\":{\"@id\":\"https:\/\/evertonfc.cz\/#\/schema\/logo\/image\/\"},\"sameAs\":[\"https:\/\/www.facebook.com\/everton.fans.cz.sk\"]},{\"@type\":\"Person\",\"@id\":\"https:\/\/evertonfc.cz\/#\/schema\/person\/cd6328a75577de2add7793fd4b0930c3\",\"name\":\"Me\u0148a\",\"url\":\"https:\/\/evertonfc.cz\/index.php\/author\/mena\/\"}]}<\/script>\n<!-- \/ Yoast SEO plugin. -->","yoast_head_json":{"title":"Smutn\u00fd konec l\u00e9ta na Goodisonu - Official Czech &amp; Slovak Everton Supporters&#039; Club","robots":{"index":"index","follow":"follow","max-snippet":"max-snippet:-1","max-image-preview":"max-image-preview:large","max-video-preview":"max-video-preview:-1"},"canonical":"https:\/\/evertonfc.cz\/index.php\/2011\/09\/01\/smutny-konec-leta-na-goodisonu\/","og_locale":"cs_CZ","og_type":"article","og_title":"Smutn\u00fd konec l\u00e9ta na Goodisonu - Official Czech &amp; Slovak Everton Supporters&#039; Club","og_description":"Letn\u00ed p\u0159estupov\u00e9 okno je za n\u00e1mi. Zd\u00e1lo se, \u017ee Everton \u017e\u00e1dn\u00fdm zp\u016fsobem neovlivn\u00ed, jeho z\u00e1v\u011bre\u010dn\u00e9 hodiny ale p\u0159inesly ne\u010dekan\u00e9, ba&hellip;","og_url":"https:\/\/evertonfc.cz\/index.php\/2011\/09\/01\/smutny-konec-leta-na-goodisonu\/","og_site_name":"Official Czech &amp; Slovak Everton Supporters&#039; Club","article_publisher":"https:\/\/www.facebook.com\/everton.fans.cz.sk","article_published_time":"2011-09-01T11:20:30+00:00","article_modified_time":"2019-02-15T12:21:52+00:00","og_image":[{"width":720,"height":405,"url":"https:\/\/evertonfc.cz\/wp-content\/uploads\/2019\/01\/blog.jpg","type":"image\/jpeg"}],"author":"Me\u0148a","twitter_card":"summary_large_image","twitter_misc":{"Napsal(a)":"Me\u0148a","Odhadovan\u00e1 doba \u010dten\u00ed":"5 minut"},"schema":{"@context":"https:\/\/schema.org","@graph":[{"@type":"Article","@id":"https:\/\/evertonfc.cz\/index.php\/2011\/09\/01\/smutny-konec-leta-na-goodisonu\/#article","isPartOf":{"@id":"https:\/\/evertonfc.cz\/index.php\/2011\/09\/01\/smutny-konec-leta-na-goodisonu\/"},"author":{"name":"Me\u0148a","@id":"https:\/\/evertonfc.cz\/#\/schema\/person\/cd6328a75577de2add7793fd4b0930c3"},"headline":"Smutn\u00fd konec l\u00e9ta na Goodisonu","datePublished":"2011-09-01T11:20:30+00:00","dateModified":"2019-02-15T12:21:52+00:00","mainEntityOfPage":{"@id":"https:\/\/evertonfc.cz\/index.php\/2011\/09\/01\/smutny-konec-leta-na-goodisonu\/"},"wordCount":1039,"commentCount":0,"publisher":{"@id":"https:\/\/evertonfc.cz\/#organization"},"image":{"@id":"https:\/\/evertonfc.cz\/index.php\/2011\/09\/01\/smutny-konec-leta-na-goodisonu\/#primaryimage"},"thumbnailUrl":"https:\/\/evertonfc.cz\/wp-content\/uploads\/2019\/01\/blog.jpg","articleSection":["Blog","P\u0159estupy"],"inLanguage":"cs","potentialAction":[{"@type":"CommentAction","name":"Comment","target":["https:\/\/evertonfc.cz\/index.php\/2011\/09\/01\/smutny-konec-leta-na-goodisonu\/#respond"]}]},{"@type":"WebPage","@id":"https:\/\/evertonfc.cz\/index.php\/2011\/09\/01\/smutny-konec-leta-na-goodisonu\/","url":"https:\/\/evertonfc.cz\/index.php\/2011\/09\/01\/smutny-konec-leta-na-goodisonu\/","name":"Smutn\u00fd konec l\u00e9ta na Goodisonu - Official Czech &amp; Slovak Everton Supporters&#039; Club","isPartOf":{"@id":"https:\/\/evertonfc.cz\/#website"},"primaryImageOfPage":{"@id":"https:\/\/evertonfc.cz\/index.php\/2011\/09\/01\/smutny-konec-leta-na-goodisonu\/#primaryimage"},"image":{"@id":"https:\/\/evertonfc.cz\/index.php\/2011\/09\/01\/smutny-konec-leta-na-goodisonu\/#primaryimage"},"thumbnailUrl":"https:\/\/evertonfc.cz\/wp-content\/uploads\/2019\/01\/blog.jpg","datePublished":"2011-09-01T11:20:30+00:00","dateModified":"2019-02-15T12:21:52+00:00","breadcrumb":{"@id":"https:\/\/evertonfc.cz\/index.php\/2011\/09\/01\/smutny-konec-leta-na-goodisonu\/#breadcrumb"},"inLanguage":"cs","potentialAction":[{"@type":"ReadAction","target":["https:\/\/evertonfc.cz\/index.php\/2011\/09\/01\/smutny-konec-leta-na-goodisonu\/"]}]},{"@type":"ImageObject","inLanguage":"cs","@id":"https:\/\/evertonfc.cz\/index.php\/2011\/09\/01\/smutny-konec-leta-na-goodisonu\/#primaryimage","url":"https:\/\/evertonfc.cz\/wp-content\/uploads\/2019\/01\/blog.jpg","contentUrl":"https:\/\/evertonfc.cz\/wp-content\/uploads\/2019\/01\/blog.jpg","width":720,"height":405},{"@type":"BreadcrumbList","@id":"https:\/\/evertonfc.cz\/index.php\/2011\/09\/01\/smutny-konec-leta-na-goodisonu\/#breadcrumb","itemListElement":[{"@type":"ListItem","position":1,"name":"Home","item":"https:\/\/evertonfc.cz\/"},{"@type":"ListItem","position":2,"name":"Smutn\u00fd konec l\u00e9ta na Goodisonu"}]},{"@type":"WebSite","@id":"https:\/\/evertonfc.cz\/#website","url":"https:\/\/evertonfc.cz\/","name":"Official Czech &amp; Slovak Everton Supporters&#039; Club","description":"","publisher":{"@id":"https:\/\/evertonfc.cz\/#organization"},"potentialAction":[{"@type":"SearchAction","target":{"@type":"EntryPoint","urlTemplate":"https:\/\/evertonfc.cz\/?s={search_term_string}"},"query-input":{"@type":"PropertyValueSpecification","valueRequired":true,"valueName":"search_term_string"}}],"inLanguage":"cs"},{"@type":"Organization","@id":"https:\/\/evertonfc.cz\/#organization","name":"Official Czech & Slovak Everton Supporters' Club","url":"https:\/\/evertonfc.cz\/","logo":{"@type":"ImageObject","inLanguage":"cs","@id":"https:\/\/evertonfc.cz\/#\/schema\/logo\/image\/","url":"https:\/\/evertonfc.cz\/wp-content\/uploads\/2019\/05\/logo.png","contentUrl":"https:\/\/evertonfc.cz\/wp-content\/uploads\/2019\/05\/logo.png","width":112,"height":112,"caption":"Official Czech & Slovak Everton Supporters' Club"},"image":{"@id":"https:\/\/evertonfc.cz\/#\/schema\/logo\/image\/"},"sameAs":["https:\/\/www.facebook.com\/everton.fans.cz.sk"]},{"@type":"Person","@id":"https:\/\/evertonfc.cz\/#\/schema\/person\/cd6328a75577de2add7793fd4b0930c3","name":"Me\u0148a","url":"https:\/\/evertonfc.cz\/index.php\/author\/mena\/"}]}},"_links":{"self":[{"href":"https:\/\/evertonfc.cz\/index.php\/wp-json\/wp\/v2\/posts\/5675"}],"collection":[{"href":"https:\/\/evertonfc.cz\/index.php\/wp-json\/wp\/v2\/posts"}],"about":[{"href":"https:\/\/evertonfc.cz\/index.php\/wp-json\/wp\/v2\/types\/post"}],"author":[{"embeddable":true,"href":"https:\/\/evertonfc.cz\/index.php\/wp-json\/wp\/v2\/users\/7"}],"replies":[{"embeddable":true,"href":"https:\/\/evertonfc.cz\/index.php\/wp-json\/wp\/v2\/comments?post=5675"}],"version-history":[{"count":1,"href":"https:\/\/evertonfc.cz\/index.php\/wp-json\/wp\/v2\/posts\/5675\/revisions"}],"predecessor-version":[{"id":5678,"href":"https:\/\/evertonfc.cz\/index.php\/wp-json\/wp\/v2\/posts\/5675\/revisions\/5678"}],"wp:featuredmedia":[{"embeddable":true,"href":"https:\/\/evertonfc.cz\/index.php\/wp-json\/wp\/v2\/media\/1310"}],"wp:attachment":[{"href":"https:\/\/evertonfc.cz\/index.php\/wp-json\/wp\/v2\/media?parent=5675"}],"wp:term":[{"taxonomy":"category","embeddable":true,"href":"https:\/\/evertonfc.cz\/index.php\/wp-json\/wp\/v2\/categories?post=5675"},{"taxonomy":"post_tag","embeddable":true,"href":"https:\/\/evertonfc.cz\/index.php\/wp-json\/wp\/v2\/tags?post=5675"}],"curies":[{"name":"wp","href":"https:\/\/api.w.org\/{rel}","templated":true}]}}