{"id":5682,"date":"2013-02-23T13:22:56","date_gmt":"2013-02-23T12:22:56","guid":{"rendered":"http:\/\/evertonfc.cz\/?p=5682"},"modified":"2019-02-15T13:23:36","modified_gmt":"2019-02-15T12:23:36","slug":"norwich-city-everton-21","status":"publish","type":"post","link":"https:\/\/evertonfc.cz\/index.php\/2013\/02\/23\/norwich-city-everton-21\/","title":{"rendered":"Norwich City &#8211; Everton 2:1"},"content":{"rendered":"<h4 id=\"NewsPostDetailSummary\">I kdy\u017e je\u0161t\u011b \u0161est minut p\u0159ed koncem z\u00e1pasu Everton vedl 1:0, z Carrow Road nakonec odj\u00ed\u017ed\u00ed s pr\u00e1zdnou. Tot\u00e1ln\u011b nezvladnut\u00fd z\u00e1v\u011br ze strany Toffees.<\/h4>\n<div id=\"NewsPostDetailContent\">\n<p>Do z\u00e1kladn\u00ed sestavy se vr\u00e1til po zran\u011bn\u00ed Seamus Coleman, p\u0159ed n\u00edm se v z\u00e1loze po del\u0161\u00ed dob\u011b od za\u010d\u00e1tku objevil Steven Naismith. Na hrotu \u00fatoku nastoupil Nikica Jelavi\u0107, jeliko\u017e Vic Anichebe vypadl kv\u016fli men\u0161\u00edmu zran\u011bn\u00ed. Phil Neville a Kevin Mirallas za\u010dali na lavi\u010dce.<\/p>\n<p>Jako prvn\u00ed zahrozili dom\u00e1c\u00ed, Snodgrass pohodln\u011b p\u0159ebral p\u0159ihr\u00e1vku na hranici v\u00e1pna, jeho st\u0159elu ale na posledn\u00ed chv\u00edli zablokoval Distin. Zku\u0161en\u00fd stoper po chv\u00edli poslal dlouh\u00fd pas za obranu, Jelavi\u0107 si ho ve v\u00e1pn\u011b ide\u00e1ln\u011b zpracoval hrud\u00ed, ov\u0161em v zakon\u010den\u00ed trefil pouze branka\u0159e Bunna. To b\u011b\u017eela 8. minuta.<\/p>\n<p>Everton se tla\u010dil do zakon\u010den\u00ed, ve 21. minut\u011b po centru Naismithe Jelavi\u0107 perfektn\u011b sklepnul na Fellainiho, jeho\u017e pokus ale ob\u011btav\u00fdm z\u00e1krokem zma\u0159il Turner. Toffees si z\u00e1rove\u0148 museli d\u00e1vat pozor na z\u00e1dn\u00ed vr\u00e1tka, v nad\u011bjn\u00e9 pozici nakonec Howard nem\u011bl p\u0159\u00edli\u0161 pr\u00e1ce se st\u0159elou Holta.<\/p>\n<p>Z p\u0159evahy se urodil g\u00f3l ve 39. minut\u011b, Baines poslal p\u0159ed Bunna ide\u00e1ln\u00ed centr, jen\u017e uklidil hlavou do s\u00edt\u011b Leon Osman &#8211;\u00a0<strong>0:1<\/strong>. EFC v prvn\u00ed p\u016fli nep\u0159edv\u00e1d\u011bl atraktivn\u00ed fotbal, ale \u00fa\u010dinnou p\u0159evahou se dostal do veden\u00ed.<\/p>\n<p>Host\u00e9 se i od za\u010d\u00e1tku druh\u00e9 p\u016fli tla\u010dili v\u00edce do zakon\u010den\u00ed, paradoxn\u011b v\u0161ak mohla p\u0159ij\u00edt vyrovn\u00e1vac\u00ed branka, v 60. minut\u011b st\u0159\u00eddaj\u00edc\u00ed Kamara ranou z akrobatick\u00e9 polohy prot\u00e1hl Howarda. Tent\u00fd\u017e hr\u00e1\u010d za osm minut op\u011bt zahrozil, tentokr\u00e1t hlavi\u010dkoval t\u011bsn\u011b vedle br\u00e1ny.<\/p>\n<p>Na druh\u00e9 stran\u011b po odvr\u00e1cen\u00ed rohu a n\u00e1sledn\u00e9 p\u0159ihr\u00e1vce Distina st\u0159\u00edlel z prvn\u00edho doteku t\u011bsn\u011b nad br\u00e1nu Darron Gibson.<\/p>\n<p>V 79. minut\u011b se na h\u0159i\u0161t\u011b dostal Kevin Mirallas, kter\u00fd pravd\u011bpodobn\u011b nen\u00ed je\u0161t\u011b dostate\u010dn\u011b fit, aby odehr\u00e1l v\u011bt\u0161\u00ed porci minut. Belgi\u010dan vyst\u0159\u00eddal Jelavi\u0107e.<\/p>\n<p>A\u010dkoliv to vypadalo, \u017ee m\u00e1 Everton z\u00e1pas pod kontrolou, Canaries vyrovnali. V 84. minut\u011b Kamara po rohu p\u0159edsko\u010dil Fellaniho a nekompromisn\u00ed hlavi\u010dkou sk\u00f3roval &#8211;\u00a0<strong>1:1<\/strong>.<\/p>\n<p>V nastaven\u00ed se poprv\u00e9 p\u0159edstavil Mirallas, jeho st\u0159ela m\u00ed\u0159ila p\u0159\u00edmo na Bunna. Norwich kontroval ihned, Distin na posledn\u00ed chv\u00edli zablokoval v g\u00f3lovce Holtovi. L\u00eddr Norwiche si v\u0161ak to nejlep\u0161\u00ed nechal na konec. U\u017e po vypr\u0161en\u00ed t\u0159\u00edminutov\u00e9ho nastaven\u00ed zbl\u00edzka uklidil m\u00ed\u010d do s\u00edt\u011b &#8211;\u00a0<strong>2:1<\/strong>.<\/p>\n<p><strong>Branky:<\/strong>\u00a084. Kei Kamara, 90. Grant Holt &#8211; 39. Leon Osman<br \/>\n<strong>\u017dK:<\/strong>\u00a054. Grant Holt &#8211; 43. Leighton Baines<br \/>\n<strong>Norwich City:<\/strong>\u00a0Mark Bunn, Russell Martin, Michael Turner, Javier Garrido, S\u00e9bastien Bassong, Wes Hoolahan (73. Anthony Pilkington), Bradley Johnson, Robert Snodgrass, Jonathan Howson, Grant Holt, Luciano Becchio (58. Kei Kamara)<br \/>\n<strong>Everton FC:<\/strong>\u00a0Tim Howard, Leighton Baines, Phil Jagielka, Seamus Coleman, Sylvain Distin, Darron Gibson, Leon Osman, Steven Pienaar (86. Bryan Oviedo), Marouane Fellaini, Nikica Jelavi\u0107 (78. Kevin Mirallas), Steven Naismith<br \/>\n<strong>Rozhod\u010d\u00ed:<\/strong>\u00a0Lee Mason<br \/>\n<strong>Div\u00e1ci:<\/strong>\u00a026 828<\/p>\n<\/div>\n","protected":false},"excerpt":{"rendered":"<p>I kdy\u017e je\u0161t\u011b \u0161est minut p\u0159ed koncem z\u00e1pasu Everton vedl 1:0, z Carrow Road nakonec odj\u00ed\u017ed\u00ed s pr\u00e1zdnou. Tot\u00e1ln\u011b nezvladnut\u00fd&hellip;<\/p>\n","protected":false},"author":6,"featured_media":1315,"comment_status":"open","ping_status":"closed","sticky":false,"template":"","format":"standard","meta":{"_eb_attr":"","_monsterinsights_skip_tracking":false,"_monsterinsights_sitenote_active":false,"_monsterinsights_sitenote_note":"","_monsterinsights_sitenote_category":0,"footnotes":""},"categories":[4],"tags":[],"yoast_head":"<!-- This site is optimized with the Yoast SEO plugin v23.4 - https:\/\/yoast.com\/wordpress\/plugins\/seo\/ -->\n<title>Norwich City - Everton 2:1 - Official Czech &amp; Slovak Everton Supporters&#039; Club<\/title>\n<meta name=\"robots\" content=\"index, follow, max-snippet:-1, max-image-preview:large, max-video-preview:-1\" \/>\n<link rel=\"canonical\" href=\"https:\/\/evertonfc.cz\/index.php\/2013\/02\/23\/norwich-city-everton-21\/\" \/>\n<meta property=\"og:locale\" content=\"cs_CZ\" \/>\n<meta property=\"og:type\" content=\"article\" \/>\n<meta property=\"og:title\" content=\"Norwich City - Everton 2:1 - Official Czech &amp; Slovak Everton Supporters&#039; Club\" \/>\n<meta property=\"og:description\" content=\"I kdy\u017e je\u0161t\u011b \u0161est minut p\u0159ed koncem z\u00e1pasu Everton vedl 1:0, z Carrow Road nakonec odj\u00ed\u017ed\u00ed s pr\u00e1zdnou. Tot\u00e1ln\u011b nezvladnut\u00fd&hellip;\" \/>\n<meta property=\"og:url\" content=\"https:\/\/evertonfc.cz\/index.php\/2013\/02\/23\/norwich-city-everton-21\/\" \/>\n<meta property=\"og:site_name\" content=\"Official Czech &amp; Slovak Everton Supporters&#039; Club\" \/>\n<meta property=\"article:publisher\" content=\"https:\/\/www.facebook.com\/everton.fans.cz.sk\" \/>\n<meta property=\"article:published_time\" content=\"2013-02-23T12:22:56+00:00\" \/>\n<meta property=\"article:modified_time\" content=\"2019-02-15T12:23:36+00:00\" \/>\n<meta property=\"og:image\" content=\"https:\/\/evertonfc.cz\/wp-content\/uploads\/2019\/01\/report.jpg\" \/>\n\t<meta property=\"og:image:width\" content=\"720\" \/>\n\t<meta property=\"og:image:height\" content=\"405\" \/>\n\t<meta property=\"og:image:type\" content=\"image\/jpeg\" \/>\n<meta name=\"author\" content=\"Ri\u010di\" \/>\n<meta name=\"twitter:card\" content=\"summary_large_image\" \/>\n<meta name=\"twitter:creator\" content=\"@rbrejsa\" \/>\n<meta name=\"twitter:label1\" content=\"Napsal(a)\" \/>\n\t<meta name=\"twitter:data1\" content=\"Ri\u010di\" \/>\n\t<meta name=\"twitter:label2\" content=\"Odhadovan\u00e1 doba \u010dten\u00ed\" \/>\n\t<meta name=\"twitter:data2\" content=\"3 minuty\" \/>\n<script type=\"application\/ld+json\" class=\"yoast-schema-graph\">{\"@context\":\"https:\/\/schema.org\",\"@graph\":[{\"@type\":\"Article\",\"@id\":\"https:\/\/evertonfc.cz\/index.php\/2013\/02\/23\/norwich-city-everton-21\/#article\",\"isPartOf\":{\"@id\":\"https:\/\/evertonfc.cz\/index.php\/2013\/02\/23\/norwich-city-everton-21\/\"},\"author\":{\"name\":\"Ri\u010di\",\"@id\":\"https:\/\/evertonfc.cz\/#\/schema\/person\/f7a5daedb2ffee98480bc70e191aaef1\"},\"headline\":\"Norwich City &#8211; Everton 2:1\",\"datePublished\":\"2013-02-23T12:22:56+00:00\",\"dateModified\":\"2019-02-15T12:23:36+00:00\",\"mainEntityOfPage\":{\"@id\":\"https:\/\/evertonfc.cz\/index.php\/2013\/02\/23\/norwich-city-everton-21\/\"},\"wordCount\":529,\"commentCount\":0,\"publisher\":{\"@id\":\"https:\/\/evertonfc.cz\/#organization\"},\"image\":{\"@id\":\"https:\/\/evertonfc.cz\/index.php\/2013\/02\/23\/norwich-city-everton-21\/#primaryimage\"},\"thumbnailUrl\":\"https:\/\/evertonfc.cz\/wp-content\/uploads\/2019\/01\/report.jpg\",\"articleSection\":[\"Z\u00e1pasy\"],\"inLanguage\":\"cs\",\"potentialAction\":[{\"@type\":\"CommentAction\",\"name\":\"Comment\",\"target\":[\"https:\/\/evertonfc.cz\/index.php\/2013\/02\/23\/norwich-city-everton-21\/#respond\"]}]},{\"@type\":\"WebPage\",\"@id\":\"https:\/\/evertonfc.cz\/index.php\/2013\/02\/23\/norwich-city-everton-21\/\",\"url\":\"https:\/\/evertonfc.cz\/index.php\/2013\/02\/23\/norwich-city-everton-21\/\",\"name\":\"Norwich City - Everton 2:1 - Official Czech &amp; Slovak Everton Supporters&#039; Club\",\"isPartOf\":{\"@id\":\"https:\/\/evertonfc.cz\/#website\"},\"primaryImageOfPage\":{\"@id\":\"https:\/\/evertonfc.cz\/index.php\/2013\/02\/23\/norwich-city-everton-21\/#primaryimage\"},\"image\":{\"@id\":\"https:\/\/evertonfc.cz\/index.php\/2013\/02\/23\/norwich-city-everton-21\/#primaryimage\"},\"thumbnailUrl\":\"https:\/\/evertonfc.cz\/wp-content\/uploads\/2019\/01\/report.jpg\",\"datePublished\":\"2013-02-23T12:22:56+00:00\",\"dateModified\":\"2019-02-15T12:23:36+00:00\",\"breadcrumb\":{\"@id\":\"https:\/\/evertonfc.cz\/index.php\/2013\/02\/23\/norwich-city-everton-21\/#breadcrumb\"},\"inLanguage\":\"cs\",\"potentialAction\":[{\"@type\":\"ReadAction\",\"target\":[\"https:\/\/evertonfc.cz\/index.php\/2013\/02\/23\/norwich-city-everton-21\/\"]}]},{\"@type\":\"ImageObject\",\"inLanguage\":\"cs\",\"@id\":\"https:\/\/evertonfc.cz\/index.php\/2013\/02\/23\/norwich-city-everton-21\/#primaryimage\",\"url\":\"https:\/\/evertonfc.cz\/wp-content\/uploads\/2019\/01\/report.jpg\",\"contentUrl\":\"https:\/\/evertonfc.cz\/wp-content\/uploads\/2019\/01\/report.jpg\",\"width\":720,\"height\":405},{\"@type\":\"BreadcrumbList\",\"@id\":\"https:\/\/evertonfc.cz\/index.php\/2013\/02\/23\/norwich-city-everton-21\/#breadcrumb\",\"itemListElement\":[{\"@type\":\"ListItem\",\"position\":1,\"name\":\"Home\",\"item\":\"https:\/\/evertonfc.cz\/\"},{\"@type\":\"ListItem\",\"position\":2,\"name\":\"Norwich City &#8211; Everton 2:1\"}]},{\"@type\":\"WebSite\",\"@id\":\"https:\/\/evertonfc.cz\/#website\",\"url\":\"https:\/\/evertonfc.cz\/\",\"name\":\"Official Czech &amp; Slovak Everton Supporters&#039; Club\",\"description\":\"\",\"publisher\":{\"@id\":\"https:\/\/evertonfc.cz\/#organization\"},\"potentialAction\":[{\"@type\":\"SearchAction\",\"target\":{\"@type\":\"EntryPoint\",\"urlTemplate\":\"https:\/\/evertonfc.cz\/?s={search_term_string}\"},\"query-input\":{\"@type\":\"PropertyValueSpecification\",\"valueRequired\":true,\"valueName\":\"search_term_string\"}}],\"inLanguage\":\"cs\"},{\"@type\":\"Organization\",\"@id\":\"https:\/\/evertonfc.cz\/#organization\",\"name\":\"Official Czech & Slovak Everton Supporters' Club\",\"url\":\"https:\/\/evertonfc.cz\/\",\"logo\":{\"@type\":\"ImageObject\",\"inLanguage\":\"cs\",\"@id\":\"https:\/\/evertonfc.cz\/#\/schema\/logo\/image\/\",\"url\":\"https:\/\/evertonfc.cz\/wp-content\/uploads\/2019\/05\/logo.png\",\"contentUrl\":\"https:\/\/evertonfc.cz\/wp-content\/uploads\/2019\/05\/logo.png\",\"width\":112,\"height\":112,\"caption\":\"Official Czech & Slovak Everton Supporters' Club\"},\"image\":{\"@id\":\"https:\/\/evertonfc.cz\/#\/schema\/logo\/image\/\"},\"sameAs\":[\"https:\/\/www.facebook.com\/everton.fans.cz.sk\"]},{\"@type\":\"Person\",\"@id\":\"https:\/\/evertonfc.cz\/#\/schema\/person\/f7a5daedb2ffee98480bc70e191aaef1\",\"name\":\"Ri\u010di\",\"sameAs\":[\"https:\/\/x.com\/rbrejsa\"],\"url\":\"https:\/\/evertonfc.cz\/index.php\/author\/rici\/\"}]}<\/script>\n<!-- \/ Yoast SEO plugin. -->","yoast_head_json":{"title":"Norwich City - Everton 2:1 - Official Czech &amp; Slovak Everton Supporters&#039; Club","robots":{"index":"index","follow":"follow","max-snippet":"max-snippet:-1","max-image-preview":"max-image-preview:large","max-video-preview":"max-video-preview:-1"},"canonical":"https:\/\/evertonfc.cz\/index.php\/2013\/02\/23\/norwich-city-everton-21\/","og_locale":"cs_CZ","og_type":"article","og_title":"Norwich City - Everton 2:1 - Official Czech &amp; Slovak Everton Supporters&#039; Club","og_description":"I kdy\u017e je\u0161t\u011b \u0161est minut p\u0159ed koncem z\u00e1pasu Everton vedl 1:0, z Carrow Road nakonec odj\u00ed\u017ed\u00ed s pr\u00e1zdnou. Tot\u00e1ln\u011b nezvladnut\u00fd&hellip;","og_url":"https:\/\/evertonfc.cz\/index.php\/2013\/02\/23\/norwich-city-everton-21\/","og_site_name":"Official Czech &amp; Slovak Everton Supporters&#039; Club","article_publisher":"https:\/\/www.facebook.com\/everton.fans.cz.sk","article_published_time":"2013-02-23T12:22:56+00:00","article_modified_time":"2019-02-15T12:23:36+00:00","og_image":[{"width":720,"height":405,"url":"https:\/\/evertonfc.cz\/wp-content\/uploads\/2019\/01\/report.jpg","type":"image\/jpeg"}],"author":"Ri\u010di","twitter_card":"summary_large_image","twitter_creator":"@rbrejsa","twitter_misc":{"Napsal(a)":"Ri\u010di","Odhadovan\u00e1 doba \u010dten\u00ed":"3 minuty"},"schema":{"@context":"https:\/\/schema.org","@graph":[{"@type":"Article","@id":"https:\/\/evertonfc.cz\/index.php\/2013\/02\/23\/norwich-city-everton-21\/#article","isPartOf":{"@id":"https:\/\/evertonfc.cz\/index.php\/2013\/02\/23\/norwich-city-everton-21\/"},"author":{"name":"Ri\u010di","@id":"https:\/\/evertonfc.cz\/#\/schema\/person\/f7a5daedb2ffee98480bc70e191aaef1"},"headline":"Norwich City &#8211; Everton 2:1","datePublished":"2013-02-23T12:22:56+00:00","dateModified":"2019-02-15T12:23:36+00:00","mainEntityOfPage":{"@id":"https:\/\/evertonfc.cz\/index.php\/2013\/02\/23\/norwich-city-everton-21\/"},"wordCount":529,"commentCount":0,"publisher":{"@id":"https:\/\/evertonfc.cz\/#organization"},"image":{"@id":"https:\/\/evertonfc.cz\/index.php\/2013\/02\/23\/norwich-city-everton-21\/#primaryimage"},"thumbnailUrl":"https:\/\/evertonfc.cz\/wp-content\/uploads\/2019\/01\/report.jpg","articleSection":["Z\u00e1pasy"],"inLanguage":"cs","potentialAction":[{"@type":"CommentAction","name":"Comment","target":["https:\/\/evertonfc.cz\/index.php\/2013\/02\/23\/norwich-city-everton-21\/#respond"]}]},{"@type":"WebPage","@id":"https:\/\/evertonfc.cz\/index.php\/2013\/02\/23\/norwich-city-everton-21\/","url":"https:\/\/evertonfc.cz\/index.php\/2013\/02\/23\/norwich-city-everton-21\/","name":"Norwich City - Everton 2:1 - Official Czech &amp; Slovak Everton Supporters&#039; Club","isPartOf":{"@id":"https:\/\/evertonfc.cz\/#website"},"primaryImageOfPage":{"@id":"https:\/\/evertonfc.cz\/index.php\/2013\/02\/23\/norwich-city-everton-21\/#primaryimage"},"image":{"@id":"https:\/\/evertonfc.cz\/index.php\/2013\/02\/23\/norwich-city-everton-21\/#primaryimage"},"thumbnailUrl":"https:\/\/evertonfc.cz\/wp-content\/uploads\/2019\/01\/report.jpg","datePublished":"2013-02-23T12:22:56+00:00","dateModified":"2019-02-15T12:23:36+00:00","breadcrumb":{"@id":"https:\/\/evertonfc.cz\/index.php\/2013\/02\/23\/norwich-city-everton-21\/#breadcrumb"},"inLanguage":"cs","potentialAction":[{"@type":"ReadAction","target":["https:\/\/evertonfc.cz\/index.php\/2013\/02\/23\/norwich-city-everton-21\/"]}]},{"@type":"ImageObject","inLanguage":"cs","@id":"https:\/\/evertonfc.cz\/index.php\/2013\/02\/23\/norwich-city-everton-21\/#primaryimage","url":"https:\/\/evertonfc.cz\/wp-content\/uploads\/2019\/01\/report.jpg","contentUrl":"https:\/\/evertonfc.cz\/wp-content\/uploads\/2019\/01\/report.jpg","width":720,"height":405},{"@type":"BreadcrumbList","@id":"https:\/\/evertonfc.cz\/index.php\/2013\/02\/23\/norwich-city-everton-21\/#breadcrumb","itemListElement":[{"@type":"ListItem","position":1,"name":"Home","item":"https:\/\/evertonfc.cz\/"},{"@type":"ListItem","position":2,"name":"Norwich City &#8211; Everton 2:1"}]},{"@type":"WebSite","@id":"https:\/\/evertonfc.cz\/#website","url":"https:\/\/evertonfc.cz\/","name":"Official Czech &amp; Slovak Everton Supporters&#039; Club","description":"","publisher":{"@id":"https:\/\/evertonfc.cz\/#organization"},"potentialAction":[{"@type":"SearchAction","target":{"@type":"EntryPoint","urlTemplate":"https:\/\/evertonfc.cz\/?s={search_term_string}"},"query-input":{"@type":"PropertyValueSpecification","valueRequired":true,"valueName":"search_term_string"}}],"inLanguage":"cs"},{"@type":"Organization","@id":"https:\/\/evertonfc.cz\/#organization","name":"Official Czech & Slovak Everton Supporters' Club","url":"https:\/\/evertonfc.cz\/","logo":{"@type":"ImageObject","inLanguage":"cs","@id":"https:\/\/evertonfc.cz\/#\/schema\/logo\/image\/","url":"https:\/\/evertonfc.cz\/wp-content\/uploads\/2019\/05\/logo.png","contentUrl":"https:\/\/evertonfc.cz\/wp-content\/uploads\/2019\/05\/logo.png","width":112,"height":112,"caption":"Official Czech & Slovak Everton Supporters' Club"},"image":{"@id":"https:\/\/evertonfc.cz\/#\/schema\/logo\/image\/"},"sameAs":["https:\/\/www.facebook.com\/everton.fans.cz.sk"]},{"@type":"Person","@id":"https:\/\/evertonfc.cz\/#\/schema\/person\/f7a5daedb2ffee98480bc70e191aaef1","name":"Ri\u010di","sameAs":["https:\/\/x.com\/rbrejsa"],"url":"https:\/\/evertonfc.cz\/index.php\/author\/rici\/"}]}},"_links":{"self":[{"href":"https:\/\/evertonfc.cz\/index.php\/wp-json\/wp\/v2\/posts\/5682"}],"collection":[{"href":"https:\/\/evertonfc.cz\/index.php\/wp-json\/wp\/v2\/posts"}],"about":[{"href":"https:\/\/evertonfc.cz\/index.php\/wp-json\/wp\/v2\/types\/post"}],"author":[{"embeddable":true,"href":"https:\/\/evertonfc.cz\/index.php\/wp-json\/wp\/v2\/users\/6"}],"replies":[{"embeddable":true,"href":"https:\/\/evertonfc.cz\/index.php\/wp-json\/wp\/v2\/comments?post=5682"}],"version-history":[{"count":1,"href":"https:\/\/evertonfc.cz\/index.php\/wp-json\/wp\/v2\/posts\/5682\/revisions"}],"predecessor-version":[{"id":5684,"href":"https:\/\/evertonfc.cz\/index.php\/wp-json\/wp\/v2\/posts\/5682\/revisions\/5684"}],"wp:featuredmedia":[{"embeddable":true,"href":"https:\/\/evertonfc.cz\/index.php\/wp-json\/wp\/v2\/media\/1315"}],"wp:attachment":[{"href":"https:\/\/evertonfc.cz\/index.php\/wp-json\/wp\/v2\/media?parent=5682"}],"wp:term":[{"taxonomy":"category","embeddable":true,"href":"https:\/\/evertonfc.cz\/index.php\/wp-json\/wp\/v2\/categories?post=5682"},{"taxonomy":"post_tag","embeddable":true,"href":"https:\/\/evertonfc.cz\/index.php\/wp-json\/wp\/v2\/tags?post=5682"}],"curies":[{"name":"wp","href":"https:\/\/api.w.org\/{rel}","templated":true}]}}