{"id":5683,"date":"2011-09-02T13:23:02","date_gmt":"2011-09-02T11:23:02","guid":{"rendered":"http:\/\/evertonfc.cz\/?p=5683"},"modified":"2019-02-15T13:24:35","modified_gmt":"2019-02-15T12:24:35","slug":"financni-pohled-na-prestupy","status":"publish","type":"post","link":"https:\/\/evertonfc.cz\/index.php\/2011\/09\/02\/financni-pohled-na-prestupy\/","title":{"rendered":"Finan\u010dn\u00ed pohled na p\u0159estupy"},"content":{"rendered":"<h4>P\u0159estupy mo\u017en\u00e1 nedopadly \u00fapln\u011b nejl\u00e9pe, co se t\u00fd\u010de hr\u00e1\u010dsk\u00e9ho k\u00e1dru, na druhou stranu ale dopadly pozitivn\u011b z finan\u010dn\u00edho hlediska, tedy alespo\u0148 podle m\u00e9ho n\u00e1zoru. Jak ovlivnilo posledn\u00ed d\u011bn\u00ed v Evertonu klubov\u00e9 finance a jak by mohla vypadat finan\u010dn\u00ed budoucnost?<\/h4>\n<p>Nebudu dlouho ob\u00edhat kolem hork\u00e9 ka\u0161e. Pojdm\u011b rovnou k v\u011bci. Je nutno zm\u00ednit, \u017ee celkov\u011b byl Everton za sezonu 2009\/10 ve ztr\u00e1t\u011b \u00a35 mil., kdy\u017e p\u0159ijmu, \u017ee v\u0161echny pen\u00edze obdr\u017een\u00e9 za Lescotta byly reinvestov\u00e1ny zp\u00e1tky do k\u00e1dru &#8211; dalo by se tedy \u0159\u00edci, \u017ee je ztr\u00e1tov\u00fdm klubem. \u00da\u010detnictv\u00ed jasn\u011b uk\u00e1zalo, \u017ee nejvy\u0161\u0161\u00ed v\u00fddaje klub vyd\u00e1v\u00e1 na platy, co\u017e mo\u017en\u00e1 nen\u00ed zas takov\u00e9 p\u0159ekvapen\u00ed. Proto\u017ee n\u011bkte\u0159\u00ed hr\u00e1\u010di v tomto p\u0159estupov\u00e9m obdob\u00ed ode\u0161li a p\u0159i\u0161li, platy se v Evertonu ur\u010dit\u011b zm\u011bnili a to i celkov\u011b ovlivnilo v\u00fddaje klubu. J\u00e1 se na to v tomto \u010dl\u00e1nku sna\u017e\u00edm m\u00fdm uva\u017eov\u00e1n\u00edm, by\u0165 uzn\u00e1v\u00e1m nep\u0159\u00edli\u0161 propracovan\u011b, p\u0159ij\u00edt.<\/p>\n<p>Nejd\u0159\u00edve si ale poj\u010fme odhadnout platy hr\u00e1\u010d\u016f, kte\u0159\u00ed z Evertonu ode\u0161li od minul\u00e9ho l\u00e9ta, jeliko\u017e do t\u00e9 doby se datuj\u00ed posledn\u00ed zve\u0159ejn\u011bn\u00e9 v\u00fdsledky hospoda\u0159en\u00ed. Z\u00e1m\u011brn\u011b tak\u00e9 ignoruji Beckforda, kter\u00fd ji\u017e ode\u0161el a pro v\u00fdsledn\u00fd v\u00fdsledek tak nen\u00ed v\u00fdznamn\u00fd:<\/p>\n<p>Arteta &#8211; \u00a385,000<br \/>\nYakubu &#8211; \u00a350,000<br \/>\nPienaar &#8211; \u00a335,000<br \/>\nGosling &#8211; \u00a320,000<br \/>\nVaughan &#8211; \u00a320,000<br \/>\nDal\u0161\u00ed hr\u00e1\u010di, kte\u0159\u00ed byli prod\u00e1ni nebo uvoln\u011bni &#8211; \u00a320,000<br \/>\nCelkov\u011b &#8211; \u00a3230,000 t\u00fddn\u011b = \u00a312 mil. ro\u010dn\u011b<\/p>\n<p>A odhady plat\u016f p\u0159\u00edchoz\u00edch hr\u00e1\u010d\u016f:<br \/>\nDrenthe &#8211; \u00a340,000<br \/>\nGueye &#8211; \u00a315,000<br \/>\nStracqualuisi &#8211; \u00a315,000<br \/>\nVellios &#8211; \u00a310,000<br \/>\nSilva &#8211; \u00a310,000<br \/>\nDal\u0161\u00ed hr\u00e1\u010di, kte\u0159\u00ed byli koupeni &#8211; \u00a310,000<br \/>\nCelkov\u011b &#8211; \u00a3100,000 t\u00fddn\u011b = \u00a35 mil. ro\u010dn\u011b<\/p>\n<p>Celkov\u011b u\u0161et\u0159eno \u00a3150,000 t\u00fddn\u011b, nebo-li cca \u00a37 mil. ro\u010dn\u011b.<\/p>\n<p>Nav\u00edc se je\u0161t\u011b d\u00e1 v t\u00e9to sezon\u011b o\u010dek\u00e1vat odchod Yoba do n\u011bkter\u00e9 zem\u011b, kde je\u0161t\u011b neskon\u010dilo p\u0159estupov\u00e9 obdob\u00ed, to by mohly b\u00fdt dal\u0161\u00ed 2 miliony do kasy a \u00a355,000 liber u\u0161et\u0159en\u00fdch z plat\u016f. S Yobem Everton jak je zn\u00e1mo do budoucna nepo\u010d\u00edt\u00e1, alespo\u0148 v\u0161e tomu na konci srpna v\u0161e nasv\u011bd\u010dovalo.<\/p>\n<p>D\u00edky p\u0159estup\u016fm klub tedy u\u0161et\u0159il v\u00fdznamn\u00e9 prost\u0159edky ve sv\u00e9m platov\u00e9m rozpo\u010dtu. Na konci sez\u00f3ny, pokud \u010dist\u011b hypoteticky v zimn\u00edm p\u0159estupov\u00e9m okn\u011b Everton neprovede \u017e\u00e1dn\u00e9 n\u00e1kupy, by se Everton pak mohl dostat do m\u00edrn\u00e9ho zisku, tedy pokud budu ignorovat celkov\u00fd objem p\u0159\u00edjm\u016f za prodeje jednotliv\u00fdch hr\u00e1\u010d\u016f. Nav\u00edc, s koncem sezony je spojena dal\u0161\u00ed velk\u00e1 polo\u017eka &#8211; spl\u00e1tky za Fellainiho kon\u010d\u00ed v \u010dervenci 2012, celkov\u011b to d\u011bl\u00e1 \u00a34 mil. ro\u010dn\u011b.<\/p>\n<p>Pokud bych m\u011bl shrnout pohyb hr\u00e1\u010d\u016f v k\u00e1dru a \u010d\u00e1stky za n\u011b obdr\u017een\u00e9, nejd\u0159\u00edve tedy op\u011bt odchody:<br \/>\nArteta &#8211; \u00a310 mil.<br \/>\nBeckford &#8211; \u00a33.5 mil.<br \/>\nPienaar &#8211; \u00a33.5 mil.<br \/>\nYakubu &#8211; \u00a32.5 mil.<br \/>\nVaughan &#8211; \u00a32.5 mil.<br \/>\nNsiala &#8211; \u00a32 mil.<br \/>\nYobo &#8211; \u00a31 mil.<br \/>\nRuddy &#8211; \u00a31 mil.<br \/>\nJutkiewicz &#8211; \u00a31 mil.<br \/>\nCelkov\u011b &#8211; \u00a327 mil.<\/p>\n<p>A p\u0159\u00edchody (i s odhadovan\u00fdmi poplatky za agenty a podpisov\u00e9 bonusy):<br \/>\nGueye &#8211; \u00a31.5 mil.<br \/>\nBeckford &#8211; \u00a31 mil.<br \/>\nDrenthe &#8211; \u00a31 mil.<br \/>\nMucha &#8211; \u00a31 mil.<br \/>\nStracqualuisi &#8211; \u00a30.5 mil.<br \/>\nVellios &#8211; \u00a30.5 mil.<br \/>\nSilva &#8211; \u00a30.5 mil.<br \/>\nDal\u0161\u00ed poplatky za ostatn\u00ed hr\u00e1\u010de + nov\u00e9 smlouvy &#8211; \u00a33 mil.<br \/>\nCelkov\u011b &#8211; \u00a39 mil.<\/p>\n<p>Celkov\u011b tedy na p\u0159estupech do t\u00e9to sezony vyd\u011bl\u00e1no \u00a318 mil.<\/p>\n<p>Sou\u010dasn\u00fd dluh Evertonu je p\u0159ibli\u017en\u011b \u00a348 mil., pokud bych v tuto chv\u00edli porovnal dluh s finan\u010dn\u00edm ziskem z p\u0159estup\u016f, Everton by se dostal na dluh \u00a330 mil., tedy dluh, kter\u00fd vypad\u00e1 o n\u011bco p\u0159ijateln\u011bji, nejen pro samotn\u00fd klub, ale vsad\u00edm se, \u017ee i pro banku, potenci\u00e1ln\u00ed kupce a v neposledn\u00ed \u0159ad\u011b i pro samotn\u00e9 fanou\u0161ky. Samoz\u0159ejm\u011b ot\u00e1zka je, jestli budou v\u0161echny pen\u00edze pou\u017eity na zakryt\u00ed dluhu i ve skute\u010dnosti, ale mo\u017en\u00e9 je v p\u0159\u00edpad\u011b na\u0161eho klubu nakonec v\u0161echno. A to \u017ee pen\u00edze p\u016fjdou na platy p\u0159edev\u0161\u00edm.<\/p>\n<p>Pokud bych pak situaci vzal \u010dist\u011b &#8222;vidl\u00e1cky&#8220;, Everton v tuto chv\u00edli d\u00e1v\u00e1 podle m\u00fdch propo\u010dt\u016f o dost m\u00e9n\u011b pen\u011bz na platy, co\u017e znamen\u00e1, \u017ee se mu zna\u010dn\u011b sn\u00ed\u017e\u00ed svoje celkov\u00e9 v\u00fddaje v t\u00e9to sezon\u011b. Te\u010f trochu \u0159e\u010d \u010d\u00edsel. Pokud zachov\u00e1m ostatn\u00ed p\u0159\u00edjmy a n\u00e1klady na \u00farovni sezony 2009\/2010 a budu ignorovat zisk z p\u0159estup\u016f, Everton by byl na konci sezony v zisku \u00a32 mil. A to opravdu velmi jednodu\u0161e, jen d\u00edky u\u0161et\u0159en\u00fdm pen\u011bz\u016fm na v\u00fdplatn\u00ed p\u00e1sce. P\u0159\u00ed\u0161t\u00ed rok nav\u00edc ubyde dal\u0161\u00ed v\u00fdznamn\u00fd v\u00fddaj a to ji\u017e zm\u00edn\u011bn\u00e9 spl\u00e1tky za n\u00e1kup Fellainiho a pokud bych k tomu p\u0159ipo\u010detl u\u0161et\u0159en\u00e9 pen\u00edze z prodeje Yoba, dostal by se Everton dokonce na plus \u00a39 mil. ro\u010dn\u011b. Samoz\u0159ejm\u011b, pouze za p\u0159edpokladu, \u017ee hypoteticky neprob\u011bhnou \u017e\u00e1dn\u00e9 n\u00e1kupy.<\/p>\n<p>Podle m\u00e9ho n\u00e1zoru z t\u011bchto v\u00fdsledk\u016f vypl\u00fdv\u00e1, \u017ee si Everton z finan\u010dn\u00edho hlediska Artetu a jin\u00e9 dob\u0159e placen\u00e9 hr\u00e1\u010de nemohl a nem\u016f\u017ee dovolit. Everton jako klub bez movit\u00e9ho majitele mus\u00ed vych\u00e1zet ze ziskov\u00e9ho rozpo\u010dtu a toho z\u00e1konit\u011b dos\u00e1hne jen pokud nebude vynakl\u00e1dat p\u0159ehnan\u00e9 \u010d\u00e1stky za platy sv\u00fdch hr\u00e1\u010d\u016f a zam\u011bstnanc\u016f. Samoz\u0159ejm\u011b s v\u00fdsledn\u00fdm ziskem 9 mil. ro\u010dn\u011b se asi operovat nebude, proto\u017ee n\u011bkdo si troufnu tvrdit ur\u010dit\u011b u\u017e v zim\u011b klub pos\u00edl\u00ed. Ka\u017edop\u00e1dn\u011b ale u\u017e p\u0159\u00ed\u0161t\u00ed l\u00e9to by si kone\u010dn\u011b Everton tak\u00e9 jednou mohl dovolit n\u011bjak\u00e9ho hr\u00e1\u010de koupit ne jen d\u00edky prodeji vlastn\u00edch hr\u00e1\u010d\u016f a pak zvl\u00e1\u0161t\u011b i l\u00e9to 2013, kdy se d\u00e1 o\u010dek\u00e1vat mo\u017en\u00fd konec v Evertonu pro Nevilla, Distina a Sahu. To bude znamenat, \u017ee Everton bude m\u00edt dal\u0161\u00edch skoro \u00a38 mil. ro\u010dn\u011b z plat\u016f pry\u010d, co\u017e ve v\u00fdsledku znamen\u00e1, \u017ee Everton bude m\u00edt \u00a38 mil. na nov\u00e9ho hr\u00e1\u010de &#8211; celkov\u011b, nejen na jeho p\u0159estupovou \u010d\u00e1stku, ale i na jeho plat.<\/p>\n<p>Podle m\u00e9ho n\u00e1zoru je extr\u00e9mn\u011b d\u016fle\u017eit\u00e9 si uv\u011bdomit \u010d\u00e1stku p\u0159estupu, kter\u00e1 se navenek uv\u00e1d\u00ed, a skute\u010dnou cenu, kterou jak\u00fdkoli klasick\u00fd p\u0159estup stoj\u00ed. A tak\u00e9 je podle m\u00e9ho n\u00e1zoru d\u016fle\u017eit\u00e9 do budoucna uva\u017eovat a vych\u00e1zet z toho, \u017ee platov\u00e9 v\u00fddaje jsou velik\u00fdm rozd\u00edlem mezi t\u00edm, jestli klub je ziskov\u00fdm nebo ztr\u00e1tov\u00fdm a jak\u00e9 hr\u00e1\u010de si m\u016f\u017ee dovolit. A to byl pr\u00e1v\u011b p\u0159\u00edpad Artety, podle m\u00e9ho n\u00e1zoru si Everton jeho plat (\u00a375,000 v prvn\u00ed a \u00a385,000 v dal\u0161\u00edch 4 letech) sezon\u00e1ch nemohl dovolit. To \u017ee Arteta st\u00e1l jen \u00a32 mil. je zn\u00e1m\u00e9. Ale to, \u017ee jeho p\u016fvodn\u00ed nov\u00e1 smlouva v Evertonu, podepsan\u00e1 v l\u00e9t\u011b 2010 m\u011bla celkov\u00fd objem \u00a322 mil. + dal\u0161\u00ed bonusy za podpis a pro agenta, to u\u017e si mnoho lid\u00ed pravd\u011bdodobn\u011b neuv\u011bdom\u00ed. Skute\u010dn\u011b toti\u017e m\u011bl pro Everton Arteta cenu \u00a34.5 mil. za plat? Skute\u010dn\u011b se nevyplatilo Evertonu u\u0161et\u0159it na prodeji Artety celkov\u011b skoro \u00a328 mil.? Podle m\u00e9ho n\u00e1zoru byla smlouva pro Artetu opravdu poh\u00e1dkov\u00e1, nad pom\u011bry podm\u00ednek Evertonu, kter\u00e1 se nem\u011bla nikdy uskute\u010dnit. Pro dal\u0161\u00ed fungov\u00e1n\u00ed Evertonu je d\u016fle\u017eit\u00e9, aby si zachoval rozumn\u00e9 v\u00fddaje na platy, co\u017e by nejen\u017ee umo\u017enilo Evertonu uskute\u010d\u0148ovat p\u0159estupy, ale tak\u00e9 by mu to umo\u017enilo, aby se ji\u017e d\u00e1le nezadlu\u017eoval, co\u017e je podle m\u011b hlavn\u00ed d\u016fvod, pro\u010d Everton nem\u016f\u017ee naj\u00edt nov\u00e9ho kupce, nebo alespo\u0148 v to v\u011b\u0159\u00edm. Everton si tak\u00e9 mus\u00ed p\u0159iznat, \u017ee nen\u00ed velik\u00fdm klubem, mus\u00ed se p\u0159izp\u016fsobit tomu, \u017ee podle finan\u010dn\u00edho hospoda\u0159en\u00ed je klubem st\u0159edu tabulky, proto\u017ee si nem\u016f\u017ee \u017e\u00edt nad pom\u011bry, vzhledem k absenci movit\u00e9ho majitele. Pokud to ale klub nedok\u00e1\u017ee sn\u00ed\u017eit platy z\u00e1rove\u0148 s uchov\u00e1n\u00edm kvality k\u00e1dru, m\u016f\u017ee mu to b\u011bhem n\u011bkolika sezon p\u0159in\u00e9st i sestup do ni\u017e\u0161\u00ed ligy. Pokud ale do sni\u017eov\u00e1n\u00ed platov\u00fdch n\u00e1klad\u016f neprob\u011bhne v\u016fbec, m\u016f\u017eeme o\u010dek\u00e1vat dal\u0161\u00ed podobn\u00e9 p\u0159estupov\u00e1 l\u00e9ta, kdy si nebudeme moci dovolit jedinou posilu. Nebo snad se tato tabulka n\u011bkomu zamlouv\u00e1?<\/p>\n<p style=\"text-align: center;\"><img loading=\"lazy\" decoding=\"async\" class=\"alignnone size-full wp-image-5680\" src=\"http:\/\/evertonfc.cz\/wp-content\/uploads\/2019\/02\/prestupy-2.jpg\" alt=\"\" width=\"308\" height=\"558\" srcset=\"https:\/\/evertonfc.cz\/wp-content\/uploads\/2019\/02\/prestupy-2.jpg 308w, https:\/\/evertonfc.cz\/wp-content\/uploads\/2019\/02\/prestupy-2-166x300.jpg 166w\" sizes=\"(max-width: 308px) 100vw, 308px\" \/><\/p>\n","protected":false},"excerpt":{"rendered":"<p>P\u0159estupy mo\u017en\u00e1 nedopadly \u00fapln\u011b nejl\u00e9pe, co se t\u00fd\u010de hr\u00e1\u010dsk\u00e9ho k\u00e1dru, na druhou stranu ale dopadly pozitivn\u011b z finan\u010dn\u00edho hlediska, tedy&hellip;<\/p>\n","protected":false},"author":13,"featured_media":1310,"comment_status":"open","ping_status":"closed","sticky":false,"template":"","format":"standard","meta":{"_eb_attr":"","_monsterinsights_skip_tracking":false,"_monsterinsights_sitenote_active":false,"_monsterinsights_sitenote_note":"","_monsterinsights_sitenote_category":0,"footnotes":""},"categories":[39,41],"tags":[],"yoast_head":"<!-- This site is optimized with the Yoast SEO plugin v23.4 - https:\/\/yoast.com\/wordpress\/plugins\/seo\/ -->\n<title>Finan\u010dn\u00ed pohled na p\u0159estupy - Official Czech &amp; Slovak Everton Supporters&#039; Club<\/title>\n<meta name=\"robots\" content=\"index, follow, max-snippet:-1, max-image-preview:large, max-video-preview:-1\" \/>\n<link rel=\"canonical\" href=\"https:\/\/evertonfc.cz\/index.php\/2011\/09\/02\/financni-pohled-na-prestupy\/\" \/>\n<meta property=\"og:locale\" content=\"cs_CZ\" \/>\n<meta property=\"og:type\" content=\"article\" \/>\n<meta property=\"og:title\" content=\"Finan\u010dn\u00ed pohled na p\u0159estupy - Official Czech &amp; Slovak Everton Supporters&#039; Club\" \/>\n<meta property=\"og:description\" content=\"P\u0159estupy mo\u017en\u00e1 nedopadly \u00fapln\u011b nejl\u00e9pe, co se t\u00fd\u010de hr\u00e1\u010dsk\u00e9ho k\u00e1dru, na druhou stranu ale dopadly pozitivn\u011b z finan\u010dn\u00edho hlediska, tedy&hellip;\" \/>\n<meta property=\"og:url\" content=\"https:\/\/evertonfc.cz\/index.php\/2011\/09\/02\/financni-pohled-na-prestupy\/\" \/>\n<meta property=\"og:site_name\" content=\"Official Czech &amp; Slovak Everton Supporters&#039; Club\" \/>\n<meta property=\"article:publisher\" content=\"https:\/\/www.facebook.com\/everton.fans.cz.sk\" \/>\n<meta property=\"article:published_time\" content=\"2011-09-02T11:23:02+00:00\" \/>\n<meta property=\"article:modified_time\" content=\"2019-02-15T12:24:35+00:00\" \/>\n<meta property=\"og:image\" content=\"https:\/\/evertonfc.cz\/wp-content\/uploads\/2019\/01\/blog.jpg\" \/>\n\t<meta property=\"og:image:width\" content=\"720\" \/>\n\t<meta property=\"og:image:height\" content=\"405\" \/>\n\t<meta property=\"og:image:type\" content=\"image\/jpeg\" \/>\n<meta name=\"author\" content=\"Zaschrona\" \/>\n<meta name=\"twitter:card\" content=\"summary_large_image\" \/>\n<meta name=\"twitter:label1\" content=\"Napsal(a)\" \/>\n\t<meta name=\"twitter:data1\" content=\"Zaschrona\" \/>\n\t<meta name=\"twitter:label2\" content=\"Odhadovan\u00e1 doba \u010dten\u00ed\" \/>\n\t<meta name=\"twitter:data2\" content=\"7 minut\" \/>\n<script type=\"application\/ld+json\" class=\"yoast-schema-graph\">{\"@context\":\"https:\/\/schema.org\",\"@graph\":[{\"@type\":\"Article\",\"@id\":\"https:\/\/evertonfc.cz\/index.php\/2011\/09\/02\/financni-pohled-na-prestupy\/#article\",\"isPartOf\":{\"@id\":\"https:\/\/evertonfc.cz\/index.php\/2011\/09\/02\/financni-pohled-na-prestupy\/\"},\"author\":{\"name\":\"Zaschrona\",\"@id\":\"https:\/\/evertonfc.cz\/#\/schema\/person\/255585c2926c8c27a4eb6c74f4ecd704\"},\"headline\":\"Finan\u010dn\u00ed pohled na p\u0159estupy\",\"datePublished\":\"2011-09-02T11:23:02+00:00\",\"dateModified\":\"2019-02-15T12:24:35+00:00\",\"mainEntityOfPage\":{\"@id\":\"https:\/\/evertonfc.cz\/index.php\/2011\/09\/02\/financni-pohled-na-prestupy\/\"},\"wordCount\":1449,\"commentCount\":0,\"publisher\":{\"@id\":\"https:\/\/evertonfc.cz\/#organization\"},\"image\":{\"@id\":\"https:\/\/evertonfc.cz\/index.php\/2011\/09\/02\/financni-pohled-na-prestupy\/#primaryimage\"},\"thumbnailUrl\":\"https:\/\/evertonfc.cz\/wp-content\/uploads\/2019\/01\/blog.jpg\",\"articleSection\":[\"Blog\",\"P\u0159estupy\"],\"inLanguage\":\"cs\",\"potentialAction\":[{\"@type\":\"CommentAction\",\"name\":\"Comment\",\"target\":[\"https:\/\/evertonfc.cz\/index.php\/2011\/09\/02\/financni-pohled-na-prestupy\/#respond\"]}]},{\"@type\":\"WebPage\",\"@id\":\"https:\/\/evertonfc.cz\/index.php\/2011\/09\/02\/financni-pohled-na-prestupy\/\",\"url\":\"https:\/\/evertonfc.cz\/index.php\/2011\/09\/02\/financni-pohled-na-prestupy\/\",\"name\":\"Finan\u010dn\u00ed pohled na p\u0159estupy - Official Czech &amp; Slovak Everton Supporters&#039; Club\",\"isPartOf\":{\"@id\":\"https:\/\/evertonfc.cz\/#website\"},\"primaryImageOfPage\":{\"@id\":\"https:\/\/evertonfc.cz\/index.php\/2011\/09\/02\/financni-pohled-na-prestupy\/#primaryimage\"},\"image\":{\"@id\":\"https:\/\/evertonfc.cz\/index.php\/2011\/09\/02\/financni-pohled-na-prestupy\/#primaryimage\"},\"thumbnailUrl\":\"https:\/\/evertonfc.cz\/wp-content\/uploads\/2019\/01\/blog.jpg\",\"datePublished\":\"2011-09-02T11:23:02+00:00\",\"dateModified\":\"2019-02-15T12:24:35+00:00\",\"breadcrumb\":{\"@id\":\"https:\/\/evertonfc.cz\/index.php\/2011\/09\/02\/financni-pohled-na-prestupy\/#breadcrumb\"},\"inLanguage\":\"cs\",\"potentialAction\":[{\"@type\":\"ReadAction\",\"target\":[\"https:\/\/evertonfc.cz\/index.php\/2011\/09\/02\/financni-pohled-na-prestupy\/\"]}]},{\"@type\":\"ImageObject\",\"inLanguage\":\"cs\",\"@id\":\"https:\/\/evertonfc.cz\/index.php\/2011\/09\/02\/financni-pohled-na-prestupy\/#primaryimage\",\"url\":\"https:\/\/evertonfc.cz\/wp-content\/uploads\/2019\/01\/blog.jpg\",\"contentUrl\":\"https:\/\/evertonfc.cz\/wp-content\/uploads\/2019\/01\/blog.jpg\",\"width\":720,\"height\":405},{\"@type\":\"BreadcrumbList\",\"@id\":\"https:\/\/evertonfc.cz\/index.php\/2011\/09\/02\/financni-pohled-na-prestupy\/#breadcrumb\",\"itemListElement\":[{\"@type\":\"ListItem\",\"position\":1,\"name\":\"Home\",\"item\":\"https:\/\/evertonfc.cz\/\"},{\"@type\":\"ListItem\",\"position\":2,\"name\":\"Finan\u010dn\u00ed pohled na p\u0159estupy\"}]},{\"@type\":\"WebSite\",\"@id\":\"https:\/\/evertonfc.cz\/#website\",\"url\":\"https:\/\/evertonfc.cz\/\",\"name\":\"Official Czech &amp; Slovak Everton Supporters&#039; Club\",\"description\":\"\",\"publisher\":{\"@id\":\"https:\/\/evertonfc.cz\/#organization\"},\"potentialAction\":[{\"@type\":\"SearchAction\",\"target\":{\"@type\":\"EntryPoint\",\"urlTemplate\":\"https:\/\/evertonfc.cz\/?s={search_term_string}\"},\"query-input\":{\"@type\":\"PropertyValueSpecification\",\"valueRequired\":true,\"valueName\":\"search_term_string\"}}],\"inLanguage\":\"cs\"},{\"@type\":\"Organization\",\"@id\":\"https:\/\/evertonfc.cz\/#organization\",\"name\":\"Official Czech & Slovak Everton Supporters' Club\",\"url\":\"https:\/\/evertonfc.cz\/\",\"logo\":{\"@type\":\"ImageObject\",\"inLanguage\":\"cs\",\"@id\":\"https:\/\/evertonfc.cz\/#\/schema\/logo\/image\/\",\"url\":\"https:\/\/evertonfc.cz\/wp-content\/uploads\/2019\/05\/logo.png\",\"contentUrl\":\"https:\/\/evertonfc.cz\/wp-content\/uploads\/2019\/05\/logo.png\",\"width\":112,\"height\":112,\"caption\":\"Official Czech & Slovak Everton Supporters' Club\"},\"image\":{\"@id\":\"https:\/\/evertonfc.cz\/#\/schema\/logo\/image\/\"},\"sameAs\":[\"https:\/\/www.facebook.com\/everton.fans.cz.sk\"]},{\"@type\":\"Person\",\"@id\":\"https:\/\/evertonfc.cz\/#\/schema\/person\/255585c2926c8c27a4eb6c74f4ecd704\",\"name\":\"Zaschrona\",\"url\":\"https:\/\/evertonfc.cz\/index.php\/author\/zaschrona\/\"}]}<\/script>\n<!-- \/ Yoast SEO plugin. -->","yoast_head_json":{"title":"Finan\u010dn\u00ed pohled na p\u0159estupy - Official Czech &amp; Slovak Everton Supporters&#039; Club","robots":{"index":"index","follow":"follow","max-snippet":"max-snippet:-1","max-image-preview":"max-image-preview:large","max-video-preview":"max-video-preview:-1"},"canonical":"https:\/\/evertonfc.cz\/index.php\/2011\/09\/02\/financni-pohled-na-prestupy\/","og_locale":"cs_CZ","og_type":"article","og_title":"Finan\u010dn\u00ed pohled na p\u0159estupy - Official Czech &amp; Slovak Everton Supporters&#039; Club","og_description":"P\u0159estupy mo\u017en\u00e1 nedopadly \u00fapln\u011b nejl\u00e9pe, co se t\u00fd\u010de hr\u00e1\u010dsk\u00e9ho k\u00e1dru, na druhou stranu ale dopadly pozitivn\u011b z finan\u010dn\u00edho hlediska, tedy&hellip;","og_url":"https:\/\/evertonfc.cz\/index.php\/2011\/09\/02\/financni-pohled-na-prestupy\/","og_site_name":"Official Czech &amp; Slovak Everton Supporters&#039; Club","article_publisher":"https:\/\/www.facebook.com\/everton.fans.cz.sk","article_published_time":"2011-09-02T11:23:02+00:00","article_modified_time":"2019-02-15T12:24:35+00:00","og_image":[{"width":720,"height":405,"url":"https:\/\/evertonfc.cz\/wp-content\/uploads\/2019\/01\/blog.jpg","type":"image\/jpeg"}],"author":"Zaschrona","twitter_card":"summary_large_image","twitter_misc":{"Napsal(a)":"Zaschrona","Odhadovan\u00e1 doba \u010dten\u00ed":"7 minut"},"schema":{"@context":"https:\/\/schema.org","@graph":[{"@type":"Article","@id":"https:\/\/evertonfc.cz\/index.php\/2011\/09\/02\/financni-pohled-na-prestupy\/#article","isPartOf":{"@id":"https:\/\/evertonfc.cz\/index.php\/2011\/09\/02\/financni-pohled-na-prestupy\/"},"author":{"name":"Zaschrona","@id":"https:\/\/evertonfc.cz\/#\/schema\/person\/255585c2926c8c27a4eb6c74f4ecd704"},"headline":"Finan\u010dn\u00ed pohled na p\u0159estupy","datePublished":"2011-09-02T11:23:02+00:00","dateModified":"2019-02-15T12:24:35+00:00","mainEntityOfPage":{"@id":"https:\/\/evertonfc.cz\/index.php\/2011\/09\/02\/financni-pohled-na-prestupy\/"},"wordCount":1449,"commentCount":0,"publisher":{"@id":"https:\/\/evertonfc.cz\/#organization"},"image":{"@id":"https:\/\/evertonfc.cz\/index.php\/2011\/09\/02\/financni-pohled-na-prestupy\/#primaryimage"},"thumbnailUrl":"https:\/\/evertonfc.cz\/wp-content\/uploads\/2019\/01\/blog.jpg","articleSection":["Blog","P\u0159estupy"],"inLanguage":"cs","potentialAction":[{"@type":"CommentAction","name":"Comment","target":["https:\/\/evertonfc.cz\/index.php\/2011\/09\/02\/financni-pohled-na-prestupy\/#respond"]}]},{"@type":"WebPage","@id":"https:\/\/evertonfc.cz\/index.php\/2011\/09\/02\/financni-pohled-na-prestupy\/","url":"https:\/\/evertonfc.cz\/index.php\/2011\/09\/02\/financni-pohled-na-prestupy\/","name":"Finan\u010dn\u00ed pohled na p\u0159estupy - Official Czech &amp; Slovak Everton Supporters&#039; Club","isPartOf":{"@id":"https:\/\/evertonfc.cz\/#website"},"primaryImageOfPage":{"@id":"https:\/\/evertonfc.cz\/index.php\/2011\/09\/02\/financni-pohled-na-prestupy\/#primaryimage"},"image":{"@id":"https:\/\/evertonfc.cz\/index.php\/2011\/09\/02\/financni-pohled-na-prestupy\/#primaryimage"},"thumbnailUrl":"https:\/\/evertonfc.cz\/wp-content\/uploads\/2019\/01\/blog.jpg","datePublished":"2011-09-02T11:23:02+00:00","dateModified":"2019-02-15T12:24:35+00:00","breadcrumb":{"@id":"https:\/\/evertonfc.cz\/index.php\/2011\/09\/02\/financni-pohled-na-prestupy\/#breadcrumb"},"inLanguage":"cs","potentialAction":[{"@type":"ReadAction","target":["https:\/\/evertonfc.cz\/index.php\/2011\/09\/02\/financni-pohled-na-prestupy\/"]}]},{"@type":"ImageObject","inLanguage":"cs","@id":"https:\/\/evertonfc.cz\/index.php\/2011\/09\/02\/financni-pohled-na-prestupy\/#primaryimage","url":"https:\/\/evertonfc.cz\/wp-content\/uploads\/2019\/01\/blog.jpg","contentUrl":"https:\/\/evertonfc.cz\/wp-content\/uploads\/2019\/01\/blog.jpg","width":720,"height":405},{"@type":"BreadcrumbList","@id":"https:\/\/evertonfc.cz\/index.php\/2011\/09\/02\/financni-pohled-na-prestupy\/#breadcrumb","itemListElement":[{"@type":"ListItem","position":1,"name":"Home","item":"https:\/\/evertonfc.cz\/"},{"@type":"ListItem","position":2,"name":"Finan\u010dn\u00ed pohled na p\u0159estupy"}]},{"@type":"WebSite","@id":"https:\/\/evertonfc.cz\/#website","url":"https:\/\/evertonfc.cz\/","name":"Official Czech &amp; Slovak Everton Supporters&#039; Club","description":"","publisher":{"@id":"https:\/\/evertonfc.cz\/#organization"},"potentialAction":[{"@type":"SearchAction","target":{"@type":"EntryPoint","urlTemplate":"https:\/\/evertonfc.cz\/?s={search_term_string}"},"query-input":{"@type":"PropertyValueSpecification","valueRequired":true,"valueName":"search_term_string"}}],"inLanguage":"cs"},{"@type":"Organization","@id":"https:\/\/evertonfc.cz\/#organization","name":"Official Czech & Slovak Everton Supporters' Club","url":"https:\/\/evertonfc.cz\/","logo":{"@type":"ImageObject","inLanguage":"cs","@id":"https:\/\/evertonfc.cz\/#\/schema\/logo\/image\/","url":"https:\/\/evertonfc.cz\/wp-content\/uploads\/2019\/05\/logo.png","contentUrl":"https:\/\/evertonfc.cz\/wp-content\/uploads\/2019\/05\/logo.png","width":112,"height":112,"caption":"Official Czech & Slovak Everton Supporters' Club"},"image":{"@id":"https:\/\/evertonfc.cz\/#\/schema\/logo\/image\/"},"sameAs":["https:\/\/www.facebook.com\/everton.fans.cz.sk"]},{"@type":"Person","@id":"https:\/\/evertonfc.cz\/#\/schema\/person\/255585c2926c8c27a4eb6c74f4ecd704","name":"Zaschrona","url":"https:\/\/evertonfc.cz\/index.php\/author\/zaschrona\/"}]}},"_links":{"self":[{"href":"https:\/\/evertonfc.cz\/index.php\/wp-json\/wp\/v2\/posts\/5683"}],"collection":[{"href":"https:\/\/evertonfc.cz\/index.php\/wp-json\/wp\/v2\/posts"}],"about":[{"href":"https:\/\/evertonfc.cz\/index.php\/wp-json\/wp\/v2\/types\/post"}],"author":[{"embeddable":true,"href":"https:\/\/evertonfc.cz\/index.php\/wp-json\/wp\/v2\/users\/13"}],"replies":[{"embeddable":true,"href":"https:\/\/evertonfc.cz\/index.php\/wp-json\/wp\/v2\/comments?post=5683"}],"version-history":[{"count":1,"href":"https:\/\/evertonfc.cz\/index.php\/wp-json\/wp\/v2\/posts\/5683\/revisions"}],"predecessor-version":[{"id":5686,"href":"https:\/\/evertonfc.cz\/index.php\/wp-json\/wp\/v2\/posts\/5683\/revisions\/5686"}],"wp:featuredmedia":[{"embeddable":true,"href":"https:\/\/evertonfc.cz\/index.php\/wp-json\/wp\/v2\/media\/1310"}],"wp:attachment":[{"href":"https:\/\/evertonfc.cz\/index.php\/wp-json\/wp\/v2\/media?parent=5683"}],"wp:term":[{"taxonomy":"category","embeddable":true,"href":"https:\/\/evertonfc.cz\/index.php\/wp-json\/wp\/v2\/categories?post=5683"},{"taxonomy":"post_tag","embeddable":true,"href":"https:\/\/evertonfc.cz\/index.php\/wp-json\/wp\/v2\/tags?post=5683"}],"curies":[{"name":"wp","href":"https:\/\/api.w.org\/{rel}","templated":true}]}}