{"id":5688,"date":"2011-09-04T13:25:07","date_gmt":"2011-09-04T11:25:07","guid":{"rendered":"http:\/\/evertonfc.cz\/?p=5688"},"modified":"2019-02-15T13:26:28","modified_gmt":"2019-02-15T12:26:28","slug":"artetova-slova-na-rozloucenou","status":"publish","type":"post","link":"https:\/\/evertonfc.cz\/index.php\/2011\/09\/04\/artetova-slova-na-rozloucenou\/","title":{"rendered":"Artetova slova na rozlou\u010denou"},"content":{"rendered":"<h4>Mikel Arteta sice p\u0159estoupil do Arsenalu, z Goodisonu se mu v\u0161ak podle vlastn\u00edch slov odch\u00e1zelo velmi t\u011b\u017ece, o \u010dem sv\u011bd\u010d\u00ed i prohl\u00e1\u0161en\u00ed: <em>\u201eEverton budu m\u00edt nav\u017edy ve sv\u00e9m srdci.\u201c<\/em><\/h4>\n<div id=\"NewsPostDetailContent\">\n<p>\u0160pan\u011blsk\u00fd tv\u016frce hry, kter\u00fd \u0161el na Emirates Stadium s platem v\u00fdrazn\u011b dol\u016f, oproti Evertonu si pohor\u0161il o \u00a320 000, bude tedy br\u00e1t plat \u00a355 000 t\u00fddn\u011b, zkompletoval transfer za 10 milion\u016f liber do Arsenalu na posledn\u00ed chv\u00edli Deadline Day. Transfer, kter\u00fd vyvolal v lep\u0161\u00ed \u010d\u00e1sti Merseyside velk\u00e9 zklam\u00e1n\u00ed.<\/p>\n<p>Dev\u011btadvacetilet\u00fd Arteta m\u00e1 po p\u0159esunu sm\u00ed\u0161en\u00e9 pocity, l\u00e1kav\u00e1 nab\u00eddka zahr\u00e1t si Ligu mistr\u016f ho sice t\u011b\u0161\u00ed, ov\u0161em Everton mu za \u0161est let p\u0159irostl k srdci: <em>\u201eJedna \u010d\u00e1st m\u011b je velmi \u0161\u0165astn\u00e1 s p\u0159estupem do velk\u00e9ho klubu jako Arsenal, druh\u00e1 to v\u0161ak nese hodn\u011b t\u011b\u017ece.<\/em><\/p>\n<p><em>Posledn\u00edch 24 hodin od podpisu smlouvu pro m\u011b znamenalo lou\u010den\u00ed se v\u0161emi v Evertonu, s nimi\u017e jsem za\u017eil skv\u011bl\u00e9 chv\u00edle. Odchod pro m\u011b nen\u00ed lehk\u00fd, Everton pat\u0159il do m\u00e9 rodiny. A podle reakc\u00ed na moje rozhodnut\u00ed mus\u00edm dodat &#8211; do poveden\u00e9 rodiny. A\u0165 u\u017e m\u00e1m na mysli \u010dleny recepce, kustody, mas\u00e9ry, prost\u011b v\u0161echny. Te\u010f nemluv\u00edm ve fotbalov\u00e9 rovin\u011b ale v osobn\u00ed.<\/em><\/p>\n<p><em>Ka\u017ed\u00fd mi pop\u0159\u00e1l jen to nejlep\u0161\u00ed. Chci tak\u00e9 pod\u011bkovat m\u00fdm spoluhr\u00e1\u010d\u016fm, ka\u017ed\u00fd z nich se ke mn\u011b po cel\u00e9 roky choval perfektn\u011b.<\/em><\/p>\n<p><em>Nesm\u00edm zapomenout ani na fanou\u0161ky. N\u011bkte\u0159\u00ed si mo\u017en\u00e1 o mn\u011b mysl\u00ed, \u017ee jsem neprojevil k Evertonu loajalitu. Na to mohu odpov\u011bd\u011bt pouze takto: Everton se mi dostal do srdce, neode\u0161el jsem, abych vyd\u011bl\u00e1val v\u00edce pen\u011bz. Podle m\u00e9ho nastal jednodu\u0161e spr\u00e1vn\u00fd \u010das j\u00edt d\u00e1l.<\/em><\/p>\n<p><em>N\u011bkolik p\u0159\u00edznivc\u016f bude na m\u011b roz\u010d\u00edlen\u00fdch, j\u00e1 jsem v\u0161ak Evertonu odevzd\u00e1val v\u0161echno. <\/em><em>V\u0161echno. To je jedin\u00e9, \u010d\u00edm mohu argumentovat. <\/em><em>Ob\u010das jsem hr\u00e1l l\u00e9pe, ob\u010das h\u016f\u0159e, v\u017edy jsem se ale ze sebe sna\u017eil vydat jen to nejlep\u0161\u00ed pro dobro klubu. D\u011bkuji milionkr\u00e1t za l\u00e1sku a podporu, jak\u00e9 se m\u011b a moj\u00ed rodin\u011b dost\u00e1valo.\u201c<\/em><\/p>\n<p>Arteta, kter\u00fd bude v Arsenalu nosit dres s \u010d\u00edslem deset, se neob\u00e1v\u00e1 po sv\u00e9m odchodu ztr\u00e1ty kreativity ze strany Evertonu. <em>\u201eNa Goodison Parku panuje v\u00fdborn\u00e1 atmosf\u00e9ra v \u0161atn\u011b a \u0161\u00e9fuje tomu \u00fa\u017easn\u00fd mana\u017eer. V\u017edy se n\u011bjak poda\u0159\u00ed dostat do horn\u00ed poloviny tabulky. David Moyes poka\u017ed\u00e9 najde cestu, jak dostat z hr\u00e1\u010d\u016f jejich maximum. Snad se jim bude da\u0159it.&#8220;<\/em><\/p>\n<p>Mikel\u016fv p\u0159estup se sice ud\u00e1l a\u017e na posledn\u00ed chv\u00edli p\u0159estupov\u00e9ho obdob\u00ed, podle samotn\u00e9ho hr\u00e1\u010de v\u0161ak Arsenal projevil z\u00e1jem u\u017e p\u00e1r dn\u00ed p\u0159ed 1. z\u00e1\u0159\u00edm: <em>\u201eGunners se n\u011b m\u011b vypt\u00e1vali ji\u017e n\u011bkolik dn\u00ed, o tom jsme v\u011bd\u011bli. Jen\u017ee v\u0161e se dokon\u010dilo a\u017e na posledn\u00ed chv\u00edli.<\/em><\/p>\n<p><em>Sednul jsem s mana\u017eerem a b\u011bhem p\u011bti minut jsem mu vyl\u00ed\u010dil moji touhu hr\u00e1t v Lize mistr\u016f. A mysl\u00edm si, i \u017ee Evertonu pot\u0159eboval n\u011bkoho prodat.<\/em><\/p>\n<p><em>David mou prosbu respektoval. \u0158ekl mi: Miky, nechci t\u011b ztratit a oce\u0148uji v\u0161e, co si pro m\u011b ud\u011blal. Nemohu t\u011b ale zastavit v odchodu.<\/em><\/p>\n<p><em>Cht\u011bl bych se tak\u00e9 zastat p\u0159edsedy, svou pr\u00e1ci d\u011bl\u00e1 dob\u0159e. Nem\u011bl v \u00famyslu prodat nikoho, ani m\u011b. Je velk\u00fdm fanou\u0161kem klubu, sna\u017e\u00ed se dostat Everton kup\u0159edu, proto je smutn\u00e9, jak je v sou\u010dasnosti vn\u00edm\u00e1n.<\/em><\/p>\n<p><em>Za m\u016fj p\u0159estup lid\u00e9 nemohou vinit mana\u017eera ani p\u0159edsedu. Arsenal podal nab\u00eddku, kter\u00e1 byla pro v\u0161echny p\u0159ijateln\u00e1, t\u00edm jsem si sto procentn\u011b jist\u00fd. N\u011bkte\u0159\u00ed se mnou nebudou souhlasit, ov\u0161em j\u00e1 jsem o tom p\u0159esv\u011bd\u010den.\u201c<\/em><\/div>\n","protected":false},"excerpt":{"rendered":"<p>Mikel Arteta sice p\u0159estoupil do Arsenalu, z Goodisonu se mu v\u0161ak podle vlastn\u00edch slov odch\u00e1zelo velmi t\u011b\u017ece, o \u010dem sv\u011bd\u010d\u00ed&hellip;<\/p>\n","protected":false},"author":6,"featured_media":0,"comment_status":"open","ping_status":"closed","sticky":false,"template":"","format":"standard","meta":{"_eb_attr":"","_monsterinsights_skip_tracking":false,"_monsterinsights_sitenote_active":false,"_monsterinsights_sitenote_note":"","_monsterinsights_sitenote_category":0,"footnotes":""},"categories":[1],"tags":[],"yoast_head":"<!-- This site is optimized with the Yoast SEO plugin v23.4 - https:\/\/yoast.com\/wordpress\/plugins\/seo\/ -->\n<title>Artetova slova na rozlou\u010denou - Official Czech &amp; Slovak Everton Supporters&#039; Club<\/title>\n<meta name=\"robots\" content=\"index, follow, max-snippet:-1, max-image-preview:large, max-video-preview:-1\" \/>\n<link rel=\"canonical\" href=\"https:\/\/evertonfc.cz\/index.php\/2011\/09\/04\/artetova-slova-na-rozloucenou\/\" \/>\n<meta property=\"og:locale\" content=\"cs_CZ\" \/>\n<meta property=\"og:type\" content=\"article\" \/>\n<meta property=\"og:title\" content=\"Artetova slova na rozlou\u010denou - Official Czech &amp; Slovak Everton Supporters&#039; Club\" \/>\n<meta property=\"og:description\" content=\"Mikel Arteta sice p\u0159estoupil do Arsenalu, z Goodisonu se mu v\u0161ak podle vlastn\u00edch slov odch\u00e1zelo velmi t\u011b\u017ece, o \u010dem sv\u011bd\u010d\u00ed&hellip;\" \/>\n<meta property=\"og:url\" content=\"https:\/\/evertonfc.cz\/index.php\/2011\/09\/04\/artetova-slova-na-rozloucenou\/\" \/>\n<meta property=\"og:site_name\" content=\"Official Czech &amp; Slovak Everton Supporters&#039; Club\" \/>\n<meta property=\"article:publisher\" content=\"https:\/\/www.facebook.com\/everton.fans.cz.sk\" \/>\n<meta property=\"article:published_time\" content=\"2011-09-04T11:25:07+00:00\" \/>\n<meta property=\"article:modified_time\" content=\"2019-02-15T12:26:28+00:00\" \/>\n<meta name=\"author\" content=\"Ri\u010di\" \/>\n<meta name=\"twitter:card\" content=\"summary_large_image\" \/>\n<meta name=\"twitter:creator\" content=\"@rbrejsa\" \/>\n<meta name=\"twitter:label1\" content=\"Napsal(a)\" \/>\n\t<meta name=\"twitter:data1\" content=\"Ri\u010di\" \/>\n\t<meta name=\"twitter:label2\" content=\"Odhadovan\u00e1 doba \u010dten\u00ed\" \/>\n\t<meta name=\"twitter:data2\" content=\"3 minuty\" \/>\n<script type=\"application\/ld+json\" class=\"yoast-schema-graph\">{\"@context\":\"https:\/\/schema.org\",\"@graph\":[{\"@type\":\"Article\",\"@id\":\"https:\/\/evertonfc.cz\/index.php\/2011\/09\/04\/artetova-slova-na-rozloucenou\/#article\",\"isPartOf\":{\"@id\":\"https:\/\/evertonfc.cz\/index.php\/2011\/09\/04\/artetova-slova-na-rozloucenou\/\"},\"author\":{\"name\":\"Ri\u010di\",\"@id\":\"https:\/\/evertonfc.cz\/#\/schema\/person\/f7a5daedb2ffee98480bc70e191aaef1\"},\"headline\":\"Artetova slova na rozlou\u010denou\",\"datePublished\":\"2011-09-04T11:25:07+00:00\",\"dateModified\":\"2019-02-15T12:26:28+00:00\",\"mainEntityOfPage\":{\"@id\":\"https:\/\/evertonfc.cz\/index.php\/2011\/09\/04\/artetova-slova-na-rozloucenou\/\"},\"wordCount\":667,\"commentCount\":0,\"publisher\":{\"@id\":\"https:\/\/evertonfc.cz\/#organization\"},\"articleSection\":[\"Rozhovory\"],\"inLanguage\":\"cs\",\"potentialAction\":[{\"@type\":\"CommentAction\",\"name\":\"Comment\",\"target\":[\"https:\/\/evertonfc.cz\/index.php\/2011\/09\/04\/artetova-slova-na-rozloucenou\/#respond\"]}]},{\"@type\":\"WebPage\",\"@id\":\"https:\/\/evertonfc.cz\/index.php\/2011\/09\/04\/artetova-slova-na-rozloucenou\/\",\"url\":\"https:\/\/evertonfc.cz\/index.php\/2011\/09\/04\/artetova-slova-na-rozloucenou\/\",\"name\":\"Artetova slova na rozlou\u010denou - Official Czech &amp; Slovak Everton Supporters&#039; Club\",\"isPartOf\":{\"@id\":\"https:\/\/evertonfc.cz\/#website\"},\"datePublished\":\"2011-09-04T11:25:07+00:00\",\"dateModified\":\"2019-02-15T12:26:28+00:00\",\"breadcrumb\":{\"@id\":\"https:\/\/evertonfc.cz\/index.php\/2011\/09\/04\/artetova-slova-na-rozloucenou\/#breadcrumb\"},\"inLanguage\":\"cs\",\"potentialAction\":[{\"@type\":\"ReadAction\",\"target\":[\"https:\/\/evertonfc.cz\/index.php\/2011\/09\/04\/artetova-slova-na-rozloucenou\/\"]}]},{\"@type\":\"BreadcrumbList\",\"@id\":\"https:\/\/evertonfc.cz\/index.php\/2011\/09\/04\/artetova-slova-na-rozloucenou\/#breadcrumb\",\"itemListElement\":[{\"@type\":\"ListItem\",\"position\":1,\"name\":\"Home\",\"item\":\"https:\/\/evertonfc.cz\/\"},{\"@type\":\"ListItem\",\"position\":2,\"name\":\"Artetova slova na rozlou\u010denou\"}]},{\"@type\":\"WebSite\",\"@id\":\"https:\/\/evertonfc.cz\/#website\",\"url\":\"https:\/\/evertonfc.cz\/\",\"name\":\"Official Czech &amp; Slovak Everton Supporters&#039; Club\",\"description\":\"\",\"publisher\":{\"@id\":\"https:\/\/evertonfc.cz\/#organization\"},\"potentialAction\":[{\"@type\":\"SearchAction\",\"target\":{\"@type\":\"EntryPoint\",\"urlTemplate\":\"https:\/\/evertonfc.cz\/?s={search_term_string}\"},\"query-input\":{\"@type\":\"PropertyValueSpecification\",\"valueRequired\":true,\"valueName\":\"search_term_string\"}}],\"inLanguage\":\"cs\"},{\"@type\":\"Organization\",\"@id\":\"https:\/\/evertonfc.cz\/#organization\",\"name\":\"Official Czech & Slovak Everton Supporters' Club\",\"url\":\"https:\/\/evertonfc.cz\/\",\"logo\":{\"@type\":\"ImageObject\",\"inLanguage\":\"cs\",\"@id\":\"https:\/\/evertonfc.cz\/#\/schema\/logo\/image\/\",\"url\":\"https:\/\/evertonfc.cz\/wp-content\/uploads\/2019\/05\/logo.png\",\"contentUrl\":\"https:\/\/evertonfc.cz\/wp-content\/uploads\/2019\/05\/logo.png\",\"width\":112,\"height\":112,\"caption\":\"Official Czech & Slovak Everton Supporters' Club\"},\"image\":{\"@id\":\"https:\/\/evertonfc.cz\/#\/schema\/logo\/image\/\"},\"sameAs\":[\"https:\/\/www.facebook.com\/everton.fans.cz.sk\"]},{\"@type\":\"Person\",\"@id\":\"https:\/\/evertonfc.cz\/#\/schema\/person\/f7a5daedb2ffee98480bc70e191aaef1\",\"name\":\"Ri\u010di\",\"sameAs\":[\"https:\/\/x.com\/rbrejsa\"],\"url\":\"https:\/\/evertonfc.cz\/index.php\/author\/rici\/\"}]}<\/script>\n<!-- \/ Yoast SEO plugin. -->","yoast_head_json":{"title":"Artetova slova na rozlou\u010denou - Official Czech &amp; Slovak Everton Supporters&#039; Club","robots":{"index":"index","follow":"follow","max-snippet":"max-snippet:-1","max-image-preview":"max-image-preview:large","max-video-preview":"max-video-preview:-1"},"canonical":"https:\/\/evertonfc.cz\/index.php\/2011\/09\/04\/artetova-slova-na-rozloucenou\/","og_locale":"cs_CZ","og_type":"article","og_title":"Artetova slova na rozlou\u010denou - Official Czech &amp; Slovak Everton Supporters&#039; Club","og_description":"Mikel Arteta sice p\u0159estoupil do Arsenalu, z Goodisonu se mu v\u0161ak podle vlastn\u00edch slov odch\u00e1zelo velmi t\u011b\u017ece, o \u010dem sv\u011bd\u010d\u00ed&hellip;","og_url":"https:\/\/evertonfc.cz\/index.php\/2011\/09\/04\/artetova-slova-na-rozloucenou\/","og_site_name":"Official Czech &amp; Slovak Everton Supporters&#039; Club","article_publisher":"https:\/\/www.facebook.com\/everton.fans.cz.sk","article_published_time":"2011-09-04T11:25:07+00:00","article_modified_time":"2019-02-15T12:26:28+00:00","author":"Ri\u010di","twitter_card":"summary_large_image","twitter_creator":"@rbrejsa","twitter_misc":{"Napsal(a)":"Ri\u010di","Odhadovan\u00e1 doba \u010dten\u00ed":"3 minuty"},"schema":{"@context":"https:\/\/schema.org","@graph":[{"@type":"Article","@id":"https:\/\/evertonfc.cz\/index.php\/2011\/09\/04\/artetova-slova-na-rozloucenou\/#article","isPartOf":{"@id":"https:\/\/evertonfc.cz\/index.php\/2011\/09\/04\/artetova-slova-na-rozloucenou\/"},"author":{"name":"Ri\u010di","@id":"https:\/\/evertonfc.cz\/#\/schema\/person\/f7a5daedb2ffee98480bc70e191aaef1"},"headline":"Artetova slova na rozlou\u010denou","datePublished":"2011-09-04T11:25:07+00:00","dateModified":"2019-02-15T12:26:28+00:00","mainEntityOfPage":{"@id":"https:\/\/evertonfc.cz\/index.php\/2011\/09\/04\/artetova-slova-na-rozloucenou\/"},"wordCount":667,"commentCount":0,"publisher":{"@id":"https:\/\/evertonfc.cz\/#organization"},"articleSection":["Rozhovory"],"inLanguage":"cs","potentialAction":[{"@type":"CommentAction","name":"Comment","target":["https:\/\/evertonfc.cz\/index.php\/2011\/09\/04\/artetova-slova-na-rozloucenou\/#respond"]}]},{"@type":"WebPage","@id":"https:\/\/evertonfc.cz\/index.php\/2011\/09\/04\/artetova-slova-na-rozloucenou\/","url":"https:\/\/evertonfc.cz\/index.php\/2011\/09\/04\/artetova-slova-na-rozloucenou\/","name":"Artetova slova na rozlou\u010denou - Official Czech &amp; Slovak Everton Supporters&#039; Club","isPartOf":{"@id":"https:\/\/evertonfc.cz\/#website"},"datePublished":"2011-09-04T11:25:07+00:00","dateModified":"2019-02-15T12:26:28+00:00","breadcrumb":{"@id":"https:\/\/evertonfc.cz\/index.php\/2011\/09\/04\/artetova-slova-na-rozloucenou\/#breadcrumb"},"inLanguage":"cs","potentialAction":[{"@type":"ReadAction","target":["https:\/\/evertonfc.cz\/index.php\/2011\/09\/04\/artetova-slova-na-rozloucenou\/"]}]},{"@type":"BreadcrumbList","@id":"https:\/\/evertonfc.cz\/index.php\/2011\/09\/04\/artetova-slova-na-rozloucenou\/#breadcrumb","itemListElement":[{"@type":"ListItem","position":1,"name":"Home","item":"https:\/\/evertonfc.cz\/"},{"@type":"ListItem","position":2,"name":"Artetova slova na rozlou\u010denou"}]},{"@type":"WebSite","@id":"https:\/\/evertonfc.cz\/#website","url":"https:\/\/evertonfc.cz\/","name":"Official Czech &amp; Slovak Everton Supporters&#039; Club","description":"","publisher":{"@id":"https:\/\/evertonfc.cz\/#organization"},"potentialAction":[{"@type":"SearchAction","target":{"@type":"EntryPoint","urlTemplate":"https:\/\/evertonfc.cz\/?s={search_term_string}"},"query-input":{"@type":"PropertyValueSpecification","valueRequired":true,"valueName":"search_term_string"}}],"inLanguage":"cs"},{"@type":"Organization","@id":"https:\/\/evertonfc.cz\/#organization","name":"Official Czech & Slovak Everton Supporters' Club","url":"https:\/\/evertonfc.cz\/","logo":{"@type":"ImageObject","inLanguage":"cs","@id":"https:\/\/evertonfc.cz\/#\/schema\/logo\/image\/","url":"https:\/\/evertonfc.cz\/wp-content\/uploads\/2019\/05\/logo.png","contentUrl":"https:\/\/evertonfc.cz\/wp-content\/uploads\/2019\/05\/logo.png","width":112,"height":112,"caption":"Official Czech & Slovak Everton Supporters' Club"},"image":{"@id":"https:\/\/evertonfc.cz\/#\/schema\/logo\/image\/"},"sameAs":["https:\/\/www.facebook.com\/everton.fans.cz.sk"]},{"@type":"Person","@id":"https:\/\/evertonfc.cz\/#\/schema\/person\/f7a5daedb2ffee98480bc70e191aaef1","name":"Ri\u010di","sameAs":["https:\/\/x.com\/rbrejsa"],"url":"https:\/\/evertonfc.cz\/index.php\/author\/rici\/"}]}},"_links":{"self":[{"href":"https:\/\/evertonfc.cz\/index.php\/wp-json\/wp\/v2\/posts\/5688"}],"collection":[{"href":"https:\/\/evertonfc.cz\/index.php\/wp-json\/wp\/v2\/posts"}],"about":[{"href":"https:\/\/evertonfc.cz\/index.php\/wp-json\/wp\/v2\/types\/post"}],"author":[{"embeddable":true,"href":"https:\/\/evertonfc.cz\/index.php\/wp-json\/wp\/v2\/users\/6"}],"replies":[{"embeddable":true,"href":"https:\/\/evertonfc.cz\/index.php\/wp-json\/wp\/v2\/comments?post=5688"}],"version-history":[{"count":1,"href":"https:\/\/evertonfc.cz\/index.php\/wp-json\/wp\/v2\/posts\/5688\/revisions"}],"predecessor-version":[{"id":5689,"href":"https:\/\/evertonfc.cz\/index.php\/wp-json\/wp\/v2\/posts\/5688\/revisions\/5689"}],"wp:attachment":[{"href":"https:\/\/evertonfc.cz\/index.php\/wp-json\/wp\/v2\/media?parent=5688"}],"wp:term":[{"taxonomy":"category","embeddable":true,"href":"https:\/\/evertonfc.cz\/index.php\/wp-json\/wp\/v2\/categories?post=5688"},{"taxonomy":"post_tag","embeddable":true,"href":"https:\/\/evertonfc.cz\/index.php\/wp-json\/wp\/v2\/tags?post=5688"}],"curies":[{"name":"wp","href":"https:\/\/api.w.org\/{rel}","templated":true}]}}