{"id":5712,"date":"2013-02-16T14:08:13","date_gmt":"2013-02-16T13:08:13","guid":{"rendered":"http:\/\/evertonfc.cz\/?p=5712"},"modified":"2019-02-15T14:09:05","modified_gmt":"2019-02-15T13:09:05","slug":"fa-cup-oldham-athletic-everton-22","status":"publish","type":"post","link":"https:\/\/evertonfc.cz\/index.php\/2013\/02\/16\/fa-cup-oldham-athletic-everton-22\/","title":{"rendered":"FA Cup: Oldham Athletic &#8211; Everton 2:2"},"content":{"rendered":"<h4 id=\"NewsPostDetailSummary\">5. kolo mezi Oldhamem a Evertonem se rozhodne a\u017e v opakovan\u00e9m duelu na Goodison Parku. Latics toti\u017e vyu\u017eili slab\u0161\u00edho v\u00fdkon Blues a v sam\u00e9m z\u00e1v\u011bru utk\u00e1n\u00ed vyrovnali.<\/h4>\n<div id=\"NewsPostDetailContent\">\n<p>Everton nasadil do utk\u00e1n\u00ed skoro nejsiln\u011bj\u0161\u00ed mo\u017enou sestavu, na hrot \u00fatoku se postavila dvojice Anichebe a Jelavi\u0107. Mirallas za\u010dal na lavi\u010dce. V dresu dom\u00e1c\u00edch od \u00favodn\u00ed minuty nastoupil Jose Baxter.<\/p>\n<p>Toffees okam\u017eit\u011b p\u0159evzali taktovku utk\u00e1n\u00ed, Baines se zast\u0159eloval z trestn\u00e9ho kopu. Ve 14. minut\u011b v\u0161ak Oldham ne\u010dekan\u011b zasko\u010dil sv\u00e9ho soupe\u0159e. Lee Croft na p\u016flce p\u0159etla\u010dil Osmana a z brejku uh\u00e1n\u011bl spolu s Obitou proti stejn\u00e9 po\u010detn\u00e9 p\u0159esile. Croft na hranici v\u00e1pna k\u0159i\u017enou p\u0159ihr\u00e1vkou na\u0161el Obitu, kter\u00fd bez probl\u00e9m\u016f zakon\u010dil do odkryt\u00e9 br\u00e1ny &#8211;\u00a0<strong>1:0<\/strong>.<\/p>\n<p>Vyrovnat se poda\u0159ilo u\u017e ve 24. minut\u011b, dlouh\u00fd n\u00e1kop Jelavi\u0107 prodlou\u017eil na Anichebeho, ten si odstavil t\u011blem M&#8217;Vota a nekompromisn\u00ed ranou sk\u00f3roval &#8211;\u00a0<strong>1:1<\/strong>. Minutu po g\u00f3lu Latics kontrovali, Obita po skrum\u00e1\u017ei ve v\u00e1pn\u011b trefil te\u010dovanou st\u0159elou ty\u010d.<\/p>\n<p>V posledn\u00ed \u010dtvrthodin\u011b m\u011bl Everton p\u0159evahu, p\u0159esto\u017ee jeho hra trochu sk\u0159\u00edpala, jen\u017ee Fellaini i Pienaar m\u00ed\u0159ili nad br\u00e1nu, Jelavi\u0107 zase \u0161patn\u011b zpracoval m\u00ed\u010d, a tak s\u00e1m na branka\u0159e nepostupoval.<\/p>\n<p>V polo\u010dase provedl David Moyes jednu zm\u011bnu, Anichebeho nahradil Kevin Mirallas. A Belgi\u010dan si po t\u0159ech minut\u00e1ch p\u0159ipsal asistenci, z jeho rohu se hlavi\u010dkou prosadil Phil Jagielka &#8211;\u00a0<strong>1:2<\/strong>.<\/p>\n<p>V 52. minut\u011b si vzal m\u00ed\u010d Pienaar, narazil si s Fellainim a prokli\u010dkoval se do v\u00e1pna, jeho n\u00e1sledn\u00e9 st\u0159ele ale chyb\u011bla razance.<\/p>\n<p>Oldham se hnal k vyrovn\u00e1n\u00ed, z mno\u017estv\u00ed z\u00e1var\u016f zahrozil p\u0159edev\u0161\u00edm Matt Smith, s jeho\u017e pokusem si skv\u011ble poradil Howard. Na druh\u00e9 stran\u011b Gibson p\u0159edlo\u017eil ide\u00e1ln\u00ed pas Jelavi\u0107ovi, kter\u00fd s\u00e1m v rychlosti proti g\u00f3lmanovi p\u0159est\u0159elil.<\/p>\n<p>V z\u00e1v\u011bru t\u0159etiligista siln\u011b tla\u010dil, nejd\u0159\u00edve Bernardovu st\u0159elu te\u010doval Jagielka t\u011bsn\u011b vedle. N\u00e1sledn\u011b Simpson s\u00e1m proti Howardovi neusp\u011bl, Ameri\u010dan op\u011bt exceloval. V 95. minut\u011b v sam\u00e9m z\u00e1v\u011bru se dom\u00e1c\u00ed do\u010dkali, z rohov\u00e9ho kopu hlavi\u010dkou vyrovnal Smith &#8211;\u00a0<strong>2:2<\/strong>.<\/p>\n<p><strong>Branky:<\/strong>\u00a013. Jordan Obita, 90+5. Matt Smith &#8211; 24. Victor Anichebe, 48. Phil Jagielka<br \/>\n<strong>\u017dK:<\/strong>\u00a055. Phil Neville<br \/>\n<strong>Oldham Athletic:<\/strong>\u00a0Dean Bouzanis, Connor Brown, Jonathan Grounds, Jean-Yves Mvoto, James Wesolowski (66. Dean Furman), James Tarkowski, Lee Croft, Chris Iwelumo (61. Matt Smith), Jose Baxter, Jordan Obita (77. Robbie Simpson), Lee Barnard<br \/>\n<strong>Everton FC:<\/strong>\u00a0Tim Howard, Leighton Baines, Phil Jagielka, Sylvain Distin, Phil Neville, Darron Gibson, Leon Osman, Steven Pienaar (79. Bryan Oviedo), Marouane Fellaini, Nikica Jelavi\u0107 (90. Shane Duffy), Victor Anichebe (46. Kevin Mirallas)<br \/>\n<strong>Rozhod\u010d\u00ed:<\/strong>\u00a0Phil Dowd<br \/>\n<strong>Div\u00e1ci:<\/strong>\u00a09 473<\/p>\n<\/div>\n","protected":false},"excerpt":{"rendered":"<p>5. kolo mezi Oldhamem a Evertonem se rozhodne a\u017e v opakovan\u00e9m duelu na Goodison Parku. Latics toti\u017e vyu\u017eili slab\u0161\u00edho v\u00fdkon&hellip;<\/p>\n","protected":false},"author":6,"featured_media":1315,"comment_status":"open","ping_status":"closed","sticky":false,"template":"","format":"standard","meta":{"_eb_attr":"","_monsterinsights_skip_tracking":false,"_monsterinsights_sitenote_active":false,"_monsterinsights_sitenote_note":"","_monsterinsights_sitenote_category":0,"footnotes":""},"categories":[4],"tags":[],"yoast_head":"<!-- This site is optimized with the Yoast SEO plugin v23.4 - https:\/\/yoast.com\/wordpress\/plugins\/seo\/ -->\n<title>FA Cup: Oldham Athletic - Everton 2:2 - Official Czech &amp; Slovak Everton Supporters&#039; Club<\/title>\n<meta name=\"robots\" content=\"index, follow, max-snippet:-1, max-image-preview:large, max-video-preview:-1\" \/>\n<link rel=\"canonical\" href=\"https:\/\/evertonfc.cz\/index.php\/2013\/02\/16\/fa-cup-oldham-athletic-everton-22\/\" \/>\n<meta property=\"og:locale\" content=\"cs_CZ\" \/>\n<meta property=\"og:type\" content=\"article\" \/>\n<meta property=\"og:title\" content=\"FA Cup: Oldham Athletic - Everton 2:2 - Official Czech &amp; Slovak Everton Supporters&#039; Club\" \/>\n<meta property=\"og:description\" content=\"5. kolo mezi Oldhamem a Evertonem se rozhodne a\u017e v opakovan\u00e9m duelu na Goodison Parku. Latics toti\u017e vyu\u017eili slab\u0161\u00edho v\u00fdkon&hellip;\" \/>\n<meta property=\"og:url\" content=\"https:\/\/evertonfc.cz\/index.php\/2013\/02\/16\/fa-cup-oldham-athletic-everton-22\/\" \/>\n<meta property=\"og:site_name\" content=\"Official Czech &amp; Slovak Everton Supporters&#039; Club\" \/>\n<meta property=\"article:publisher\" content=\"https:\/\/www.facebook.com\/everton.fans.cz.sk\" \/>\n<meta property=\"article:published_time\" content=\"2013-02-16T13:08:13+00:00\" \/>\n<meta property=\"article:modified_time\" content=\"2019-02-15T13:09:05+00:00\" \/>\n<meta property=\"og:image\" content=\"https:\/\/evertonfc.cz\/wp-content\/uploads\/2019\/01\/report.jpg\" \/>\n\t<meta property=\"og:image:width\" content=\"720\" \/>\n\t<meta property=\"og:image:height\" content=\"405\" \/>\n\t<meta property=\"og:image:type\" content=\"image\/jpeg\" \/>\n<meta name=\"author\" content=\"Ri\u010di\" \/>\n<meta name=\"twitter:card\" content=\"summary_large_image\" \/>\n<meta name=\"twitter:creator\" content=\"@rbrejsa\" \/>\n<meta name=\"twitter:label1\" content=\"Napsal(a)\" \/>\n\t<meta name=\"twitter:data1\" content=\"Ri\u010di\" \/>\n\t<meta name=\"twitter:label2\" content=\"Odhadovan\u00e1 doba \u010dten\u00ed\" \/>\n\t<meta name=\"twitter:data2\" content=\"2 minuty\" \/>\n<script type=\"application\/ld+json\" class=\"yoast-schema-graph\">{\"@context\":\"https:\/\/schema.org\",\"@graph\":[{\"@type\":\"Article\",\"@id\":\"https:\/\/evertonfc.cz\/index.php\/2013\/02\/16\/fa-cup-oldham-athletic-everton-22\/#article\",\"isPartOf\":{\"@id\":\"https:\/\/evertonfc.cz\/index.php\/2013\/02\/16\/fa-cup-oldham-athletic-everton-22\/\"},\"author\":{\"name\":\"Ri\u010di\",\"@id\":\"https:\/\/evertonfc.cz\/#\/schema\/person\/f7a5daedb2ffee98480bc70e191aaef1\"},\"headline\":\"FA Cup: Oldham Athletic &#8211; Everton 2:2\",\"datePublished\":\"2013-02-16T13:08:13+00:00\",\"dateModified\":\"2019-02-15T13:09:05+00:00\",\"mainEntityOfPage\":{\"@id\":\"https:\/\/evertonfc.cz\/index.php\/2013\/02\/16\/fa-cup-oldham-athletic-everton-22\/\"},\"wordCount\":483,\"commentCount\":0,\"publisher\":{\"@id\":\"https:\/\/evertonfc.cz\/#organization\"},\"image\":{\"@id\":\"https:\/\/evertonfc.cz\/index.php\/2013\/02\/16\/fa-cup-oldham-athletic-everton-22\/#primaryimage\"},\"thumbnailUrl\":\"https:\/\/evertonfc.cz\/wp-content\/uploads\/2019\/01\/report.jpg\",\"articleSection\":[\"Z\u00e1pasy\"],\"inLanguage\":\"cs\",\"potentialAction\":[{\"@type\":\"CommentAction\",\"name\":\"Comment\",\"target\":[\"https:\/\/evertonfc.cz\/index.php\/2013\/02\/16\/fa-cup-oldham-athletic-everton-22\/#respond\"]}]},{\"@type\":\"WebPage\",\"@id\":\"https:\/\/evertonfc.cz\/index.php\/2013\/02\/16\/fa-cup-oldham-athletic-everton-22\/\",\"url\":\"https:\/\/evertonfc.cz\/index.php\/2013\/02\/16\/fa-cup-oldham-athletic-everton-22\/\",\"name\":\"FA Cup: Oldham Athletic - Everton 2:2 - Official Czech &amp; Slovak Everton Supporters&#039; Club\",\"isPartOf\":{\"@id\":\"https:\/\/evertonfc.cz\/#website\"},\"primaryImageOfPage\":{\"@id\":\"https:\/\/evertonfc.cz\/index.php\/2013\/02\/16\/fa-cup-oldham-athletic-everton-22\/#primaryimage\"},\"image\":{\"@id\":\"https:\/\/evertonfc.cz\/index.php\/2013\/02\/16\/fa-cup-oldham-athletic-everton-22\/#primaryimage\"},\"thumbnailUrl\":\"https:\/\/evertonfc.cz\/wp-content\/uploads\/2019\/01\/report.jpg\",\"datePublished\":\"2013-02-16T13:08:13+00:00\",\"dateModified\":\"2019-02-15T13:09:05+00:00\",\"breadcrumb\":{\"@id\":\"https:\/\/evertonfc.cz\/index.php\/2013\/02\/16\/fa-cup-oldham-athletic-everton-22\/#breadcrumb\"},\"inLanguage\":\"cs\",\"potentialAction\":[{\"@type\":\"ReadAction\",\"target\":[\"https:\/\/evertonfc.cz\/index.php\/2013\/02\/16\/fa-cup-oldham-athletic-everton-22\/\"]}]},{\"@type\":\"ImageObject\",\"inLanguage\":\"cs\",\"@id\":\"https:\/\/evertonfc.cz\/index.php\/2013\/02\/16\/fa-cup-oldham-athletic-everton-22\/#primaryimage\",\"url\":\"https:\/\/evertonfc.cz\/wp-content\/uploads\/2019\/01\/report.jpg\",\"contentUrl\":\"https:\/\/evertonfc.cz\/wp-content\/uploads\/2019\/01\/report.jpg\",\"width\":720,\"height\":405},{\"@type\":\"BreadcrumbList\",\"@id\":\"https:\/\/evertonfc.cz\/index.php\/2013\/02\/16\/fa-cup-oldham-athletic-everton-22\/#breadcrumb\",\"itemListElement\":[{\"@type\":\"ListItem\",\"position\":1,\"name\":\"Home\",\"item\":\"https:\/\/evertonfc.cz\/\"},{\"@type\":\"ListItem\",\"position\":2,\"name\":\"FA Cup: Oldham Athletic &#8211; Everton 2:2\"}]},{\"@type\":\"WebSite\",\"@id\":\"https:\/\/evertonfc.cz\/#website\",\"url\":\"https:\/\/evertonfc.cz\/\",\"name\":\"Official Czech &amp; Slovak Everton Supporters&#039; Club\",\"description\":\"\",\"publisher\":{\"@id\":\"https:\/\/evertonfc.cz\/#organization\"},\"potentialAction\":[{\"@type\":\"SearchAction\",\"target\":{\"@type\":\"EntryPoint\",\"urlTemplate\":\"https:\/\/evertonfc.cz\/?s={search_term_string}\"},\"query-input\":{\"@type\":\"PropertyValueSpecification\",\"valueRequired\":true,\"valueName\":\"search_term_string\"}}],\"inLanguage\":\"cs\"},{\"@type\":\"Organization\",\"@id\":\"https:\/\/evertonfc.cz\/#organization\",\"name\":\"Official Czech & Slovak Everton Supporters' Club\",\"url\":\"https:\/\/evertonfc.cz\/\",\"logo\":{\"@type\":\"ImageObject\",\"inLanguage\":\"cs\",\"@id\":\"https:\/\/evertonfc.cz\/#\/schema\/logo\/image\/\",\"url\":\"https:\/\/evertonfc.cz\/wp-content\/uploads\/2019\/05\/logo.png\",\"contentUrl\":\"https:\/\/evertonfc.cz\/wp-content\/uploads\/2019\/05\/logo.png\",\"width\":112,\"height\":112,\"caption\":\"Official Czech & Slovak Everton Supporters' Club\"},\"image\":{\"@id\":\"https:\/\/evertonfc.cz\/#\/schema\/logo\/image\/\"},\"sameAs\":[\"https:\/\/www.facebook.com\/everton.fans.cz.sk\"]},{\"@type\":\"Person\",\"@id\":\"https:\/\/evertonfc.cz\/#\/schema\/person\/f7a5daedb2ffee98480bc70e191aaef1\",\"name\":\"Ri\u010di\",\"sameAs\":[\"https:\/\/x.com\/rbrejsa\"],\"url\":\"https:\/\/evertonfc.cz\/index.php\/author\/rici\/\"}]}<\/script>\n<!-- \/ Yoast SEO plugin. -->","yoast_head_json":{"title":"FA Cup: Oldham Athletic - Everton 2:2 - Official Czech &amp; Slovak Everton Supporters&#039; Club","robots":{"index":"index","follow":"follow","max-snippet":"max-snippet:-1","max-image-preview":"max-image-preview:large","max-video-preview":"max-video-preview:-1"},"canonical":"https:\/\/evertonfc.cz\/index.php\/2013\/02\/16\/fa-cup-oldham-athletic-everton-22\/","og_locale":"cs_CZ","og_type":"article","og_title":"FA Cup: Oldham Athletic - Everton 2:2 - Official Czech &amp; Slovak Everton Supporters&#039; Club","og_description":"5. kolo mezi Oldhamem a Evertonem se rozhodne a\u017e v opakovan\u00e9m duelu na Goodison Parku. Latics toti\u017e vyu\u017eili slab\u0161\u00edho v\u00fdkon&hellip;","og_url":"https:\/\/evertonfc.cz\/index.php\/2013\/02\/16\/fa-cup-oldham-athletic-everton-22\/","og_site_name":"Official Czech &amp; Slovak Everton Supporters&#039; Club","article_publisher":"https:\/\/www.facebook.com\/everton.fans.cz.sk","article_published_time":"2013-02-16T13:08:13+00:00","article_modified_time":"2019-02-15T13:09:05+00:00","og_image":[{"width":720,"height":405,"url":"https:\/\/evertonfc.cz\/wp-content\/uploads\/2019\/01\/report.jpg","type":"image\/jpeg"}],"author":"Ri\u010di","twitter_card":"summary_large_image","twitter_creator":"@rbrejsa","twitter_misc":{"Napsal(a)":"Ri\u010di","Odhadovan\u00e1 doba \u010dten\u00ed":"2 minuty"},"schema":{"@context":"https:\/\/schema.org","@graph":[{"@type":"Article","@id":"https:\/\/evertonfc.cz\/index.php\/2013\/02\/16\/fa-cup-oldham-athletic-everton-22\/#article","isPartOf":{"@id":"https:\/\/evertonfc.cz\/index.php\/2013\/02\/16\/fa-cup-oldham-athletic-everton-22\/"},"author":{"name":"Ri\u010di","@id":"https:\/\/evertonfc.cz\/#\/schema\/person\/f7a5daedb2ffee98480bc70e191aaef1"},"headline":"FA Cup: Oldham Athletic &#8211; Everton 2:2","datePublished":"2013-02-16T13:08:13+00:00","dateModified":"2019-02-15T13:09:05+00:00","mainEntityOfPage":{"@id":"https:\/\/evertonfc.cz\/index.php\/2013\/02\/16\/fa-cup-oldham-athletic-everton-22\/"},"wordCount":483,"commentCount":0,"publisher":{"@id":"https:\/\/evertonfc.cz\/#organization"},"image":{"@id":"https:\/\/evertonfc.cz\/index.php\/2013\/02\/16\/fa-cup-oldham-athletic-everton-22\/#primaryimage"},"thumbnailUrl":"https:\/\/evertonfc.cz\/wp-content\/uploads\/2019\/01\/report.jpg","articleSection":["Z\u00e1pasy"],"inLanguage":"cs","potentialAction":[{"@type":"CommentAction","name":"Comment","target":["https:\/\/evertonfc.cz\/index.php\/2013\/02\/16\/fa-cup-oldham-athletic-everton-22\/#respond"]}]},{"@type":"WebPage","@id":"https:\/\/evertonfc.cz\/index.php\/2013\/02\/16\/fa-cup-oldham-athletic-everton-22\/","url":"https:\/\/evertonfc.cz\/index.php\/2013\/02\/16\/fa-cup-oldham-athletic-everton-22\/","name":"FA Cup: Oldham Athletic - Everton 2:2 - Official Czech &amp; Slovak Everton Supporters&#039; Club","isPartOf":{"@id":"https:\/\/evertonfc.cz\/#website"},"primaryImageOfPage":{"@id":"https:\/\/evertonfc.cz\/index.php\/2013\/02\/16\/fa-cup-oldham-athletic-everton-22\/#primaryimage"},"image":{"@id":"https:\/\/evertonfc.cz\/index.php\/2013\/02\/16\/fa-cup-oldham-athletic-everton-22\/#primaryimage"},"thumbnailUrl":"https:\/\/evertonfc.cz\/wp-content\/uploads\/2019\/01\/report.jpg","datePublished":"2013-02-16T13:08:13+00:00","dateModified":"2019-02-15T13:09:05+00:00","breadcrumb":{"@id":"https:\/\/evertonfc.cz\/index.php\/2013\/02\/16\/fa-cup-oldham-athletic-everton-22\/#breadcrumb"},"inLanguage":"cs","potentialAction":[{"@type":"ReadAction","target":["https:\/\/evertonfc.cz\/index.php\/2013\/02\/16\/fa-cup-oldham-athletic-everton-22\/"]}]},{"@type":"ImageObject","inLanguage":"cs","@id":"https:\/\/evertonfc.cz\/index.php\/2013\/02\/16\/fa-cup-oldham-athletic-everton-22\/#primaryimage","url":"https:\/\/evertonfc.cz\/wp-content\/uploads\/2019\/01\/report.jpg","contentUrl":"https:\/\/evertonfc.cz\/wp-content\/uploads\/2019\/01\/report.jpg","width":720,"height":405},{"@type":"BreadcrumbList","@id":"https:\/\/evertonfc.cz\/index.php\/2013\/02\/16\/fa-cup-oldham-athletic-everton-22\/#breadcrumb","itemListElement":[{"@type":"ListItem","position":1,"name":"Home","item":"https:\/\/evertonfc.cz\/"},{"@type":"ListItem","position":2,"name":"FA Cup: Oldham Athletic &#8211; Everton 2:2"}]},{"@type":"WebSite","@id":"https:\/\/evertonfc.cz\/#website","url":"https:\/\/evertonfc.cz\/","name":"Official Czech &amp; Slovak Everton Supporters&#039; Club","description":"","publisher":{"@id":"https:\/\/evertonfc.cz\/#organization"},"potentialAction":[{"@type":"SearchAction","target":{"@type":"EntryPoint","urlTemplate":"https:\/\/evertonfc.cz\/?s={search_term_string}"},"query-input":{"@type":"PropertyValueSpecification","valueRequired":true,"valueName":"search_term_string"}}],"inLanguage":"cs"},{"@type":"Organization","@id":"https:\/\/evertonfc.cz\/#organization","name":"Official Czech & Slovak Everton Supporters' Club","url":"https:\/\/evertonfc.cz\/","logo":{"@type":"ImageObject","inLanguage":"cs","@id":"https:\/\/evertonfc.cz\/#\/schema\/logo\/image\/","url":"https:\/\/evertonfc.cz\/wp-content\/uploads\/2019\/05\/logo.png","contentUrl":"https:\/\/evertonfc.cz\/wp-content\/uploads\/2019\/05\/logo.png","width":112,"height":112,"caption":"Official Czech & Slovak Everton Supporters' Club"},"image":{"@id":"https:\/\/evertonfc.cz\/#\/schema\/logo\/image\/"},"sameAs":["https:\/\/www.facebook.com\/everton.fans.cz.sk"]},{"@type":"Person","@id":"https:\/\/evertonfc.cz\/#\/schema\/person\/f7a5daedb2ffee98480bc70e191aaef1","name":"Ri\u010di","sameAs":["https:\/\/x.com\/rbrejsa"],"url":"https:\/\/evertonfc.cz\/index.php\/author\/rici\/"}]}},"_links":{"self":[{"href":"https:\/\/evertonfc.cz\/index.php\/wp-json\/wp\/v2\/posts\/5712"}],"collection":[{"href":"https:\/\/evertonfc.cz\/index.php\/wp-json\/wp\/v2\/posts"}],"about":[{"href":"https:\/\/evertonfc.cz\/index.php\/wp-json\/wp\/v2\/types\/post"}],"author":[{"embeddable":true,"href":"https:\/\/evertonfc.cz\/index.php\/wp-json\/wp\/v2\/users\/6"}],"replies":[{"embeddable":true,"href":"https:\/\/evertonfc.cz\/index.php\/wp-json\/wp\/v2\/comments?post=5712"}],"version-history":[{"count":1,"href":"https:\/\/evertonfc.cz\/index.php\/wp-json\/wp\/v2\/posts\/5712\/revisions"}],"predecessor-version":[{"id":5713,"href":"https:\/\/evertonfc.cz\/index.php\/wp-json\/wp\/v2\/posts\/5712\/revisions\/5713"}],"wp:featuredmedia":[{"embeddable":true,"href":"https:\/\/evertonfc.cz\/index.php\/wp-json\/wp\/v2\/media\/1315"}],"wp:attachment":[{"href":"https:\/\/evertonfc.cz\/index.php\/wp-json\/wp\/v2\/media?parent=5712"}],"wp:term":[{"taxonomy":"category","embeddable":true,"href":"https:\/\/evertonfc.cz\/index.php\/wp-json\/wp\/v2\/categories?post=5712"},{"taxonomy":"post_tag","embeddable":true,"href":"https:\/\/evertonfc.cz\/index.php\/wp-json\/wp\/v2\/tags?post=5712"}],"curies":[{"name":"wp","href":"https:\/\/api.w.org\/{rel}","templated":true}]}}