{"id":5714,"date":"2013-02-16T14:05:10","date_gmt":"2013-02-16T13:05:10","guid":{"rendered":"http:\/\/evertonfc.cz\/?p=5714"},"modified":"2019-02-15T15:28:47","modified_gmt":"2019-02-15T14:28:47","slug":"fa-cup-preview-oldham-athletic-everton","status":"publish","type":"post","link":"https:\/\/evertonfc.cz\/index.php\/2013\/02\/16\/fa-cup-preview-oldham-athletic-everton\/","title":{"rendered":"FA Cup Preview: Oldham Athletic &#8211; Everton"},"content":{"rendered":"<h4 id=\"NewsPostDetailSummary\">Premier League op\u011bt ustoup\u00ed magick\u00e9mu FA Cupu, v jeho 5. kole Everton cestuje na p\u016fdu t\u0159etiligov\u00e9ho Oldhamu. Favorit st\u0159etnut\u00ed je tedy jasn\u00fd.<\/h4>\n<div id=\"NewsPostDetailContent\">\n<p>Jedn\u00edm dechem v\u0161ak t\u0159eba dodat zn\u00e1m\u00e9 ale. V desetitis\u00edcov\u00e9m Boundary Park si ve 4. kole FA Cupu vyl\u00e1mal zuby m\u011bstsk\u00fd rival Toffees, LFC si odvezl prohru 2:3. Postup p\u0159es Reds byl ov\u0161em z hlediska Oldhamu jedna z m\u00e1la pozitivn\u00edch v\u011bc\u00ed posledn\u00ed doby. Latics se neda\u0159\u00ed v League One, kde jim moment\u00e1ln\u011b pat\u0159\u00ed prvn\u00ed sestupov\u00e9 m\u00edsto, konkr\u00e9tn\u011b 21. \u0160patnou formu odnesl mana\u017eer Paul Dickov, kter\u00fd 3. \u00fanora rezignoval. \u00dasp\u011bch v poh\u00e1ru je kr\u00e1sn\u00fd, udr\u017een\u00ed v League One ov\u0161em d\u016fle\u017eit\u011bj\u0161\u00ed. Dickova nahradil Tony Philliskirk, pro n\u011bho\u017e to znamen\u00e1 prvn\u00ed mana\u017eerskou \u0161taci.<\/p>\n<p>Everton si hodl\u00e1 FA Cupem spravit chu\u0165 z posledn\u00edch dn\u016f. Proti Aston Ville a Manchesteru United vybojoval pouze bod, propadl se na \u0161est\u00e9 m\u00edsto a dob\u0159e si za\u010d\u00edn\u00e1 uv\u011bdomovat, \u017ee \u010dtvrt\u00e9 m\u00edsto zaru\u010duj\u00edc\u00ed Ligu mistr\u016f bude t\u011b\u017ek\u00e9 urvat.<\/p>\n<p>David Moyes nebude hr\u00e1\u010de rozhodn\u011b \u0161et\u0159it. Zran\u011bn\u00ed Sylvain Distin se ji\u017e uzdravil, a tak bez formy hraj\u00edc\u00ed Johny Heitinga snad poputuje na st\u0159\u00edda\u010dku. Bylo na \u010dase. V \u00fatoku se po n\u011bkolika z\u00e1pasech nejsp\u00ed\u0161e objev\u00ed Nikica Jelavi\u0107, Chorvat n\u011bkolik posledn\u00edch utk\u00e1n\u00ed za\u010d\u00ednal na lavi\u010dce n\u00e1hradn\u00edk\u016f, p\u0159ednost dost\u00e1val Anichebe. Ten v\u0161ak si z Old Traffordu odnesl leh\u010d\u00ed \u0161r\u00e1m. Z hostov\u00e1n\u00ed v Leedsu se vr\u00e1til Ross Barkley, dostane prostor?<\/p>\n<p>Oldham a Everton &#8211; to je \u017eivot jednoho \u010dlov\u011bka, Joe Royle mana\u017eeroval oba kluby. S Toffees dokonce vyhr\u00e1l v roce 1995 FA Cupu, co\u017e je pro Blues zat\u00edm posledn\u00ed z\u00edskan\u00e1 trofej.<\/p>\n<p><strong>Co:<\/strong>\u00a0Oldham Athletic AFC &#8211; Everton FC, 5. kolo FA Cupu<br \/>\n<strong>Kdy:<\/strong>\u00a016.02.2013 od 19:00 SE\u010c<br \/>\n<strong>Kde:<\/strong>\u00a0Boundary Park, Oldham<br \/>\n<strong>Rozhod\u010d\u00ed:<\/strong>\u00a0Philip Dowd<\/p>\n<\/div>\n","protected":false},"excerpt":{"rendered":"<p>Premier League op\u011bt ustoup\u00ed magick\u00e9mu FA Cupu, v jeho 5. kole Everton cestuje na p\u016fdu t\u0159etiligov\u00e9ho Oldhamu. Favorit st\u0159etnut\u00ed je&hellip;<\/p>\n","protected":false},"author":6,"featured_media":1314,"comment_status":"open","ping_status":"closed","sticky":false,"template":"","format":"standard","meta":{"_eb_attr":"","_monsterinsights_skip_tracking":false,"_monsterinsights_sitenote_active":false,"_monsterinsights_sitenote_note":"","_monsterinsights_sitenote_category":0,"footnotes":""},"categories":[4],"tags":[],"yoast_head":"<!-- This site is optimized with the Yoast SEO plugin v23.4 - https:\/\/yoast.com\/wordpress\/plugins\/seo\/ -->\n<title>FA Cup Preview: Oldham Athletic - Everton - Official Czech &amp; Slovak Everton Supporters&#039; Club<\/title>\n<meta name=\"robots\" content=\"index, follow, max-snippet:-1, max-image-preview:large, max-video-preview:-1\" \/>\n<link rel=\"canonical\" href=\"https:\/\/evertonfc.cz\/index.php\/2013\/02\/16\/fa-cup-preview-oldham-athletic-everton\/\" \/>\n<meta property=\"og:locale\" content=\"cs_CZ\" \/>\n<meta property=\"og:type\" content=\"article\" \/>\n<meta property=\"og:title\" content=\"FA Cup Preview: Oldham Athletic - Everton - Official Czech &amp; Slovak Everton Supporters&#039; Club\" \/>\n<meta property=\"og:description\" content=\"Premier League op\u011bt ustoup\u00ed magick\u00e9mu FA Cupu, v jeho 5. kole Everton cestuje na p\u016fdu t\u0159etiligov\u00e9ho Oldhamu. Favorit st\u0159etnut\u00ed je&hellip;\" \/>\n<meta property=\"og:url\" content=\"https:\/\/evertonfc.cz\/index.php\/2013\/02\/16\/fa-cup-preview-oldham-athletic-everton\/\" \/>\n<meta property=\"og:site_name\" content=\"Official Czech &amp; Slovak Everton Supporters&#039; Club\" \/>\n<meta property=\"article:publisher\" content=\"https:\/\/www.facebook.com\/everton.fans.cz.sk\" \/>\n<meta property=\"article:published_time\" content=\"2013-02-16T13:05:10+00:00\" \/>\n<meta property=\"article:modified_time\" content=\"2019-02-15T14:28:47+00:00\" \/>\n<meta property=\"og:image\" content=\"https:\/\/evertonfc.cz\/wp-content\/uploads\/2019\/01\/preview.jpg\" \/>\n\t<meta property=\"og:image:width\" content=\"720\" \/>\n\t<meta property=\"og:image:height\" content=\"405\" \/>\n\t<meta property=\"og:image:type\" content=\"image\/jpeg\" \/>\n<meta name=\"author\" content=\"Ri\u010di\" \/>\n<meta name=\"twitter:card\" content=\"summary_large_image\" \/>\n<meta name=\"twitter:creator\" content=\"@rbrejsa\" \/>\n<meta name=\"twitter:label1\" content=\"Napsal(a)\" \/>\n\t<meta name=\"twitter:data1\" content=\"Ri\u010di\" \/>\n\t<meta name=\"twitter:label2\" content=\"Odhadovan\u00e1 doba \u010dten\u00ed\" \/>\n\t<meta name=\"twitter:data2\" content=\"2 minuty\" \/>\n<script type=\"application\/ld+json\" class=\"yoast-schema-graph\">{\"@context\":\"https:\/\/schema.org\",\"@graph\":[{\"@type\":\"Article\",\"@id\":\"https:\/\/evertonfc.cz\/index.php\/2013\/02\/16\/fa-cup-preview-oldham-athletic-everton\/#article\",\"isPartOf\":{\"@id\":\"https:\/\/evertonfc.cz\/index.php\/2013\/02\/16\/fa-cup-preview-oldham-athletic-everton\/\"},\"author\":{\"name\":\"Ri\u010di\",\"@id\":\"https:\/\/evertonfc.cz\/#\/schema\/person\/f7a5daedb2ffee98480bc70e191aaef1\"},\"headline\":\"FA Cup Preview: Oldham Athletic &#8211; Everton\",\"datePublished\":\"2013-02-16T13:05:10+00:00\",\"dateModified\":\"2019-02-15T14:28:47+00:00\",\"mainEntityOfPage\":{\"@id\":\"https:\/\/evertonfc.cz\/index.php\/2013\/02\/16\/fa-cup-preview-oldham-athletic-everton\/\"},\"wordCount\":336,\"commentCount\":0,\"publisher\":{\"@id\":\"https:\/\/evertonfc.cz\/#organization\"},\"image\":{\"@id\":\"https:\/\/evertonfc.cz\/index.php\/2013\/02\/16\/fa-cup-preview-oldham-athletic-everton\/#primaryimage\"},\"thumbnailUrl\":\"https:\/\/evertonfc.cz\/wp-content\/uploads\/2019\/01\/preview.jpg\",\"articleSection\":[\"Z\u00e1pasy\"],\"inLanguage\":\"cs\",\"potentialAction\":[{\"@type\":\"CommentAction\",\"name\":\"Comment\",\"target\":[\"https:\/\/evertonfc.cz\/index.php\/2013\/02\/16\/fa-cup-preview-oldham-athletic-everton\/#respond\"]}]},{\"@type\":\"WebPage\",\"@id\":\"https:\/\/evertonfc.cz\/index.php\/2013\/02\/16\/fa-cup-preview-oldham-athletic-everton\/\",\"url\":\"https:\/\/evertonfc.cz\/index.php\/2013\/02\/16\/fa-cup-preview-oldham-athletic-everton\/\",\"name\":\"FA Cup Preview: Oldham Athletic - Everton - Official Czech &amp; Slovak Everton Supporters&#039; Club\",\"isPartOf\":{\"@id\":\"https:\/\/evertonfc.cz\/#website\"},\"primaryImageOfPage\":{\"@id\":\"https:\/\/evertonfc.cz\/index.php\/2013\/02\/16\/fa-cup-preview-oldham-athletic-everton\/#primaryimage\"},\"image\":{\"@id\":\"https:\/\/evertonfc.cz\/index.php\/2013\/02\/16\/fa-cup-preview-oldham-athletic-everton\/#primaryimage\"},\"thumbnailUrl\":\"https:\/\/evertonfc.cz\/wp-content\/uploads\/2019\/01\/preview.jpg\",\"datePublished\":\"2013-02-16T13:05:10+00:00\",\"dateModified\":\"2019-02-15T14:28:47+00:00\",\"breadcrumb\":{\"@id\":\"https:\/\/evertonfc.cz\/index.php\/2013\/02\/16\/fa-cup-preview-oldham-athletic-everton\/#breadcrumb\"},\"inLanguage\":\"cs\",\"potentialAction\":[{\"@type\":\"ReadAction\",\"target\":[\"https:\/\/evertonfc.cz\/index.php\/2013\/02\/16\/fa-cup-preview-oldham-athletic-everton\/\"]}]},{\"@type\":\"ImageObject\",\"inLanguage\":\"cs\",\"@id\":\"https:\/\/evertonfc.cz\/index.php\/2013\/02\/16\/fa-cup-preview-oldham-athletic-everton\/#primaryimage\",\"url\":\"https:\/\/evertonfc.cz\/wp-content\/uploads\/2019\/01\/preview.jpg\",\"contentUrl\":\"https:\/\/evertonfc.cz\/wp-content\/uploads\/2019\/01\/preview.jpg\",\"width\":720,\"height\":405},{\"@type\":\"BreadcrumbList\",\"@id\":\"https:\/\/evertonfc.cz\/index.php\/2013\/02\/16\/fa-cup-preview-oldham-athletic-everton\/#breadcrumb\",\"itemListElement\":[{\"@type\":\"ListItem\",\"position\":1,\"name\":\"Home\",\"item\":\"https:\/\/evertonfc.cz\/\"},{\"@type\":\"ListItem\",\"position\":2,\"name\":\"FA Cup Preview: Oldham Athletic &#8211; Everton\"}]},{\"@type\":\"WebSite\",\"@id\":\"https:\/\/evertonfc.cz\/#website\",\"url\":\"https:\/\/evertonfc.cz\/\",\"name\":\"Official Czech &amp; Slovak Everton Supporters&#039; Club\",\"description\":\"\",\"publisher\":{\"@id\":\"https:\/\/evertonfc.cz\/#organization\"},\"potentialAction\":[{\"@type\":\"SearchAction\",\"target\":{\"@type\":\"EntryPoint\",\"urlTemplate\":\"https:\/\/evertonfc.cz\/?s={search_term_string}\"},\"query-input\":{\"@type\":\"PropertyValueSpecification\",\"valueRequired\":true,\"valueName\":\"search_term_string\"}}],\"inLanguage\":\"cs\"},{\"@type\":\"Organization\",\"@id\":\"https:\/\/evertonfc.cz\/#organization\",\"name\":\"Official Czech & Slovak Everton Supporters' Club\",\"url\":\"https:\/\/evertonfc.cz\/\",\"logo\":{\"@type\":\"ImageObject\",\"inLanguage\":\"cs\",\"@id\":\"https:\/\/evertonfc.cz\/#\/schema\/logo\/image\/\",\"url\":\"https:\/\/evertonfc.cz\/wp-content\/uploads\/2019\/05\/logo.png\",\"contentUrl\":\"https:\/\/evertonfc.cz\/wp-content\/uploads\/2019\/05\/logo.png\",\"width\":112,\"height\":112,\"caption\":\"Official Czech & Slovak Everton Supporters' Club\"},\"image\":{\"@id\":\"https:\/\/evertonfc.cz\/#\/schema\/logo\/image\/\"},\"sameAs\":[\"https:\/\/www.facebook.com\/everton.fans.cz.sk\"]},{\"@type\":\"Person\",\"@id\":\"https:\/\/evertonfc.cz\/#\/schema\/person\/f7a5daedb2ffee98480bc70e191aaef1\",\"name\":\"Ri\u010di\",\"sameAs\":[\"https:\/\/x.com\/rbrejsa\"],\"url\":\"https:\/\/evertonfc.cz\/index.php\/author\/rici\/\"}]}<\/script>\n<!-- \/ Yoast SEO plugin. -->","yoast_head_json":{"title":"FA Cup Preview: Oldham Athletic - Everton - Official Czech &amp; Slovak Everton Supporters&#039; Club","robots":{"index":"index","follow":"follow","max-snippet":"max-snippet:-1","max-image-preview":"max-image-preview:large","max-video-preview":"max-video-preview:-1"},"canonical":"https:\/\/evertonfc.cz\/index.php\/2013\/02\/16\/fa-cup-preview-oldham-athletic-everton\/","og_locale":"cs_CZ","og_type":"article","og_title":"FA Cup Preview: Oldham Athletic - Everton - Official Czech &amp; Slovak Everton Supporters&#039; Club","og_description":"Premier League op\u011bt ustoup\u00ed magick\u00e9mu FA Cupu, v jeho 5. kole Everton cestuje na p\u016fdu t\u0159etiligov\u00e9ho Oldhamu. Favorit st\u0159etnut\u00ed je&hellip;","og_url":"https:\/\/evertonfc.cz\/index.php\/2013\/02\/16\/fa-cup-preview-oldham-athletic-everton\/","og_site_name":"Official Czech &amp; Slovak Everton Supporters&#039; Club","article_publisher":"https:\/\/www.facebook.com\/everton.fans.cz.sk","article_published_time":"2013-02-16T13:05:10+00:00","article_modified_time":"2019-02-15T14:28:47+00:00","og_image":[{"width":720,"height":405,"url":"https:\/\/evertonfc.cz\/wp-content\/uploads\/2019\/01\/preview.jpg","type":"image\/jpeg"}],"author":"Ri\u010di","twitter_card":"summary_large_image","twitter_creator":"@rbrejsa","twitter_misc":{"Napsal(a)":"Ri\u010di","Odhadovan\u00e1 doba \u010dten\u00ed":"2 minuty"},"schema":{"@context":"https:\/\/schema.org","@graph":[{"@type":"Article","@id":"https:\/\/evertonfc.cz\/index.php\/2013\/02\/16\/fa-cup-preview-oldham-athletic-everton\/#article","isPartOf":{"@id":"https:\/\/evertonfc.cz\/index.php\/2013\/02\/16\/fa-cup-preview-oldham-athletic-everton\/"},"author":{"name":"Ri\u010di","@id":"https:\/\/evertonfc.cz\/#\/schema\/person\/f7a5daedb2ffee98480bc70e191aaef1"},"headline":"FA Cup Preview: Oldham Athletic &#8211; Everton","datePublished":"2013-02-16T13:05:10+00:00","dateModified":"2019-02-15T14:28:47+00:00","mainEntityOfPage":{"@id":"https:\/\/evertonfc.cz\/index.php\/2013\/02\/16\/fa-cup-preview-oldham-athletic-everton\/"},"wordCount":336,"commentCount":0,"publisher":{"@id":"https:\/\/evertonfc.cz\/#organization"},"image":{"@id":"https:\/\/evertonfc.cz\/index.php\/2013\/02\/16\/fa-cup-preview-oldham-athletic-everton\/#primaryimage"},"thumbnailUrl":"https:\/\/evertonfc.cz\/wp-content\/uploads\/2019\/01\/preview.jpg","articleSection":["Z\u00e1pasy"],"inLanguage":"cs","potentialAction":[{"@type":"CommentAction","name":"Comment","target":["https:\/\/evertonfc.cz\/index.php\/2013\/02\/16\/fa-cup-preview-oldham-athletic-everton\/#respond"]}]},{"@type":"WebPage","@id":"https:\/\/evertonfc.cz\/index.php\/2013\/02\/16\/fa-cup-preview-oldham-athletic-everton\/","url":"https:\/\/evertonfc.cz\/index.php\/2013\/02\/16\/fa-cup-preview-oldham-athletic-everton\/","name":"FA Cup Preview: Oldham Athletic - Everton - Official Czech &amp; Slovak Everton Supporters&#039; Club","isPartOf":{"@id":"https:\/\/evertonfc.cz\/#website"},"primaryImageOfPage":{"@id":"https:\/\/evertonfc.cz\/index.php\/2013\/02\/16\/fa-cup-preview-oldham-athletic-everton\/#primaryimage"},"image":{"@id":"https:\/\/evertonfc.cz\/index.php\/2013\/02\/16\/fa-cup-preview-oldham-athletic-everton\/#primaryimage"},"thumbnailUrl":"https:\/\/evertonfc.cz\/wp-content\/uploads\/2019\/01\/preview.jpg","datePublished":"2013-02-16T13:05:10+00:00","dateModified":"2019-02-15T14:28:47+00:00","breadcrumb":{"@id":"https:\/\/evertonfc.cz\/index.php\/2013\/02\/16\/fa-cup-preview-oldham-athletic-everton\/#breadcrumb"},"inLanguage":"cs","potentialAction":[{"@type":"ReadAction","target":["https:\/\/evertonfc.cz\/index.php\/2013\/02\/16\/fa-cup-preview-oldham-athletic-everton\/"]}]},{"@type":"ImageObject","inLanguage":"cs","@id":"https:\/\/evertonfc.cz\/index.php\/2013\/02\/16\/fa-cup-preview-oldham-athletic-everton\/#primaryimage","url":"https:\/\/evertonfc.cz\/wp-content\/uploads\/2019\/01\/preview.jpg","contentUrl":"https:\/\/evertonfc.cz\/wp-content\/uploads\/2019\/01\/preview.jpg","width":720,"height":405},{"@type":"BreadcrumbList","@id":"https:\/\/evertonfc.cz\/index.php\/2013\/02\/16\/fa-cup-preview-oldham-athletic-everton\/#breadcrumb","itemListElement":[{"@type":"ListItem","position":1,"name":"Home","item":"https:\/\/evertonfc.cz\/"},{"@type":"ListItem","position":2,"name":"FA Cup Preview: Oldham Athletic &#8211; Everton"}]},{"@type":"WebSite","@id":"https:\/\/evertonfc.cz\/#website","url":"https:\/\/evertonfc.cz\/","name":"Official Czech &amp; Slovak Everton Supporters&#039; Club","description":"","publisher":{"@id":"https:\/\/evertonfc.cz\/#organization"},"potentialAction":[{"@type":"SearchAction","target":{"@type":"EntryPoint","urlTemplate":"https:\/\/evertonfc.cz\/?s={search_term_string}"},"query-input":{"@type":"PropertyValueSpecification","valueRequired":true,"valueName":"search_term_string"}}],"inLanguage":"cs"},{"@type":"Organization","@id":"https:\/\/evertonfc.cz\/#organization","name":"Official Czech & Slovak Everton Supporters' Club","url":"https:\/\/evertonfc.cz\/","logo":{"@type":"ImageObject","inLanguage":"cs","@id":"https:\/\/evertonfc.cz\/#\/schema\/logo\/image\/","url":"https:\/\/evertonfc.cz\/wp-content\/uploads\/2019\/05\/logo.png","contentUrl":"https:\/\/evertonfc.cz\/wp-content\/uploads\/2019\/05\/logo.png","width":112,"height":112,"caption":"Official Czech & Slovak Everton Supporters' Club"},"image":{"@id":"https:\/\/evertonfc.cz\/#\/schema\/logo\/image\/"},"sameAs":["https:\/\/www.facebook.com\/everton.fans.cz.sk"]},{"@type":"Person","@id":"https:\/\/evertonfc.cz\/#\/schema\/person\/f7a5daedb2ffee98480bc70e191aaef1","name":"Ri\u010di","sameAs":["https:\/\/x.com\/rbrejsa"],"url":"https:\/\/evertonfc.cz\/index.php\/author\/rici\/"}]}},"_links":{"self":[{"href":"https:\/\/evertonfc.cz\/index.php\/wp-json\/wp\/v2\/posts\/5714"}],"collection":[{"href":"https:\/\/evertonfc.cz\/index.php\/wp-json\/wp\/v2\/posts"}],"about":[{"href":"https:\/\/evertonfc.cz\/index.php\/wp-json\/wp\/v2\/types\/post"}],"author":[{"embeddable":true,"href":"https:\/\/evertonfc.cz\/index.php\/wp-json\/wp\/v2\/users\/6"}],"replies":[{"embeddable":true,"href":"https:\/\/evertonfc.cz\/index.php\/wp-json\/wp\/v2\/comments?post=5714"}],"version-history":[{"count":3,"href":"https:\/\/evertonfc.cz\/index.php\/wp-json\/wp\/v2\/posts\/5714\/revisions"}],"predecessor-version":[{"id":5786,"href":"https:\/\/evertonfc.cz\/index.php\/wp-json\/wp\/v2\/posts\/5714\/revisions\/5786"}],"wp:featuredmedia":[{"embeddable":true,"href":"https:\/\/evertonfc.cz\/index.php\/wp-json\/wp\/v2\/media\/1314"}],"wp:attachment":[{"href":"https:\/\/evertonfc.cz\/index.php\/wp-json\/wp\/v2\/media?parent=5714"}],"wp:term":[{"taxonomy":"category","embeddable":true,"href":"https:\/\/evertonfc.cz\/index.php\/wp-json\/wp\/v2\/categories?post=5714"},{"taxonomy":"post_tag","embeddable":true,"href":"https:\/\/evertonfc.cz\/index.php\/wp-json\/wp\/v2\/tags?post=5714"}],"curies":[{"name":"wp","href":"https:\/\/api.w.org\/{rel}","templated":true}]}}