{"id":5718,"date":"2013-02-03T14:11:16","date_gmt":"2013-02-03T13:11:16","guid":{"rendered":"http:\/\/evertonfc.cz\/?p=5718"},"modified":"2019-02-15T15:30:10","modified_gmt":"2019-02-15T14:30:10","slug":"everton-aston-villa-33","status":"publish","type":"post","link":"https:\/\/evertonfc.cz\/index.php\/2013\/02\/03\/everton-aston-villa-33\/","title":{"rendered":"Everton &#8211; Aston Villa 3:3"},"content":{"rendered":"<h4 id=\"NewsPostDetailSummary\">Everton nepotvrdil roli favorita, p\u0159esto si mus\u00ed rem\u00edzy s Villans cenit. Dvoubrankov\u00e9 manko toti\u017e a\u017e v nastaven\u00ed smazal g\u00f3lem Marouane Fellani.<\/h4>\n<p>Sest\u0159ih z\u00a0Match of the Day najdete\u00a0<a href=\"http:\/\/www.footytube.com\/video\/everton-vs-aston-villa-3-3-motd-156505?ref=search\" target=\"_blank\" rel=\"noopener\">zde<\/a>.<\/p>\n<p><strong>Branky:<\/strong>\u00a021. Victor Anichebe, 69. a 90+3. Marouane Fellaini &#8211; 2. a 61. Christian Benteke, 24. Gabriel Agbonlahor<br \/>\n<strong>\u017dK:<\/strong>\u00a089. Leon Osman &#8211; 45+1. Christian Benteke, 64. Matthew Lowton, 88. Gabriel Agbonlahor, 90+6. Yacouba Sylla<br \/>\n<strong>Everton FC:<\/strong>\u00a0Tim Howard, Leighton Baines, John Heitinga (65. Bryan Oviedo), Phil Jagielka, Sylvain Distin, Darron Gibson (90. Steven Naismith), Leon Osman, Steven Pienaar, Marouane Fellaini, Kevin Mirallas (65. Nikica Jelavi\u0107), Victor Anichebe<br \/>\n<strong>Aston Villa:<\/strong>\u00a0Brad Guzan, Ron Vlaar, Joe Bennett, Matthew Lowton, Ciaran Clark, Karim El Ahmadi (83. Brett Holman), Charles N&#8217;Zogbia (79. Yacouba Sylla), Ashley Westwood, Andreas Weimann, Gabriel Agbonlahor (90. Nathan Baker), Christian Benteke<br \/>\n<strong>Rozhod\u010d\u00ed:<\/strong>\u00a0Mike Jones<br \/>\n<strong>Div\u00e1ci:<\/strong>\u00a038 121<\/p>\n","protected":false},"excerpt":{"rendered":"<p>Everton nepotvrdil roli favorita, p\u0159esto si mus\u00ed rem\u00edzy s Villans cenit. Dvoubrankov\u00e9 manko toti\u017e a\u017e v nastaven\u00ed smazal g\u00f3lem Marouane&hellip;<\/p>\n","protected":false},"author":6,"featured_media":1315,"comment_status":"open","ping_status":"closed","sticky":false,"template":"","format":"standard","meta":{"_eb_attr":"","_monsterinsights_skip_tracking":false,"_monsterinsights_sitenote_active":false,"_monsterinsights_sitenote_note":"","_monsterinsights_sitenote_category":0,"footnotes":""},"categories":[4],"tags":[],"yoast_head":"<!-- This site is optimized with the Yoast SEO plugin v23.4 - https:\/\/yoast.com\/wordpress\/plugins\/seo\/ -->\n<title>Everton - Aston Villa 3:3 - Official Czech &amp; Slovak Everton Supporters&#039; Club<\/title>\n<meta name=\"robots\" content=\"index, follow, max-snippet:-1, max-image-preview:large, max-video-preview:-1\" \/>\n<link rel=\"canonical\" href=\"https:\/\/evertonfc.cz\/index.php\/2013\/02\/03\/everton-aston-villa-33\/\" \/>\n<meta property=\"og:locale\" content=\"cs_CZ\" \/>\n<meta property=\"og:type\" content=\"article\" \/>\n<meta property=\"og:title\" content=\"Everton - Aston Villa 3:3 - Official Czech &amp; Slovak Everton Supporters&#039; Club\" \/>\n<meta property=\"og:description\" content=\"Everton nepotvrdil roli favorita, p\u0159esto si mus\u00ed rem\u00edzy s Villans cenit. Dvoubrankov\u00e9 manko toti\u017e a\u017e v nastaven\u00ed smazal g\u00f3lem Marouane&hellip;\" \/>\n<meta property=\"og:url\" content=\"https:\/\/evertonfc.cz\/index.php\/2013\/02\/03\/everton-aston-villa-33\/\" \/>\n<meta property=\"og:site_name\" content=\"Official Czech &amp; Slovak Everton Supporters&#039; Club\" \/>\n<meta property=\"article:publisher\" content=\"https:\/\/www.facebook.com\/everton.fans.cz.sk\" \/>\n<meta property=\"article:published_time\" content=\"2013-02-03T13:11:16+00:00\" \/>\n<meta property=\"article:modified_time\" content=\"2019-02-15T14:30:10+00:00\" \/>\n<meta property=\"og:image\" content=\"https:\/\/evertonfc.cz\/wp-content\/uploads\/2019\/01\/report.jpg\" \/>\n\t<meta property=\"og:image:width\" content=\"720\" \/>\n\t<meta property=\"og:image:height\" content=\"405\" \/>\n\t<meta property=\"og:image:type\" content=\"image\/jpeg\" \/>\n<meta name=\"author\" content=\"Ri\u010di\" \/>\n<meta name=\"twitter:card\" content=\"summary_large_image\" \/>\n<meta name=\"twitter:creator\" content=\"@rbrejsa\" \/>\n<meta name=\"twitter:label1\" content=\"Napsal(a)\" \/>\n\t<meta name=\"twitter:data1\" content=\"Ri\u010di\" \/>\n\t<meta name=\"twitter:label2\" content=\"Odhadovan\u00e1 doba \u010dten\u00ed\" \/>\n\t<meta name=\"twitter:data2\" content=\"1 minuta\" \/>\n<script type=\"application\/ld+json\" class=\"yoast-schema-graph\">{\"@context\":\"https:\/\/schema.org\",\"@graph\":[{\"@type\":\"Article\",\"@id\":\"https:\/\/evertonfc.cz\/index.php\/2013\/02\/03\/everton-aston-villa-33\/#article\",\"isPartOf\":{\"@id\":\"https:\/\/evertonfc.cz\/index.php\/2013\/02\/03\/everton-aston-villa-33\/\"},\"author\":{\"name\":\"Ri\u010di\",\"@id\":\"https:\/\/evertonfc.cz\/#\/schema\/person\/f7a5daedb2ffee98480bc70e191aaef1\"},\"headline\":\"Everton &#8211; Aston Villa 3:3\",\"datePublished\":\"2013-02-03T13:11:16+00:00\",\"dateModified\":\"2019-02-15T14:30:10+00:00\",\"mainEntityOfPage\":{\"@id\":\"https:\/\/evertonfc.cz\/index.php\/2013\/02\/03\/everton-aston-villa-33\/\"},\"wordCount\":127,\"commentCount\":0,\"publisher\":{\"@id\":\"https:\/\/evertonfc.cz\/#organization\"},\"image\":{\"@id\":\"https:\/\/evertonfc.cz\/index.php\/2013\/02\/03\/everton-aston-villa-33\/#primaryimage\"},\"thumbnailUrl\":\"https:\/\/evertonfc.cz\/wp-content\/uploads\/2019\/01\/report.jpg\",\"articleSection\":[\"Z\u00e1pasy\"],\"inLanguage\":\"cs\",\"potentialAction\":[{\"@type\":\"CommentAction\",\"name\":\"Comment\",\"target\":[\"https:\/\/evertonfc.cz\/index.php\/2013\/02\/03\/everton-aston-villa-33\/#respond\"]}]},{\"@type\":\"WebPage\",\"@id\":\"https:\/\/evertonfc.cz\/index.php\/2013\/02\/03\/everton-aston-villa-33\/\",\"url\":\"https:\/\/evertonfc.cz\/index.php\/2013\/02\/03\/everton-aston-villa-33\/\",\"name\":\"Everton - Aston Villa 3:3 - Official Czech &amp; Slovak Everton Supporters&#039; Club\",\"isPartOf\":{\"@id\":\"https:\/\/evertonfc.cz\/#website\"},\"primaryImageOfPage\":{\"@id\":\"https:\/\/evertonfc.cz\/index.php\/2013\/02\/03\/everton-aston-villa-33\/#primaryimage\"},\"image\":{\"@id\":\"https:\/\/evertonfc.cz\/index.php\/2013\/02\/03\/everton-aston-villa-33\/#primaryimage\"},\"thumbnailUrl\":\"https:\/\/evertonfc.cz\/wp-content\/uploads\/2019\/01\/report.jpg\",\"datePublished\":\"2013-02-03T13:11:16+00:00\",\"dateModified\":\"2019-02-15T14:30:10+00:00\",\"breadcrumb\":{\"@id\":\"https:\/\/evertonfc.cz\/index.php\/2013\/02\/03\/everton-aston-villa-33\/#breadcrumb\"},\"inLanguage\":\"cs\",\"potentialAction\":[{\"@type\":\"ReadAction\",\"target\":[\"https:\/\/evertonfc.cz\/index.php\/2013\/02\/03\/everton-aston-villa-33\/\"]}]},{\"@type\":\"ImageObject\",\"inLanguage\":\"cs\",\"@id\":\"https:\/\/evertonfc.cz\/index.php\/2013\/02\/03\/everton-aston-villa-33\/#primaryimage\",\"url\":\"https:\/\/evertonfc.cz\/wp-content\/uploads\/2019\/01\/report.jpg\",\"contentUrl\":\"https:\/\/evertonfc.cz\/wp-content\/uploads\/2019\/01\/report.jpg\",\"width\":720,\"height\":405},{\"@type\":\"BreadcrumbList\",\"@id\":\"https:\/\/evertonfc.cz\/index.php\/2013\/02\/03\/everton-aston-villa-33\/#breadcrumb\",\"itemListElement\":[{\"@type\":\"ListItem\",\"position\":1,\"name\":\"Home\",\"item\":\"https:\/\/evertonfc.cz\/\"},{\"@type\":\"ListItem\",\"position\":2,\"name\":\"Everton &#8211; Aston Villa 3:3\"}]},{\"@type\":\"WebSite\",\"@id\":\"https:\/\/evertonfc.cz\/#website\",\"url\":\"https:\/\/evertonfc.cz\/\",\"name\":\"Official Czech &amp; Slovak Everton Supporters&#039; Club\",\"description\":\"\",\"publisher\":{\"@id\":\"https:\/\/evertonfc.cz\/#organization\"},\"potentialAction\":[{\"@type\":\"SearchAction\",\"target\":{\"@type\":\"EntryPoint\",\"urlTemplate\":\"https:\/\/evertonfc.cz\/?s={search_term_string}\"},\"query-input\":{\"@type\":\"PropertyValueSpecification\",\"valueRequired\":true,\"valueName\":\"search_term_string\"}}],\"inLanguage\":\"cs\"},{\"@type\":\"Organization\",\"@id\":\"https:\/\/evertonfc.cz\/#organization\",\"name\":\"Official Czech & Slovak Everton Supporters' Club\",\"url\":\"https:\/\/evertonfc.cz\/\",\"logo\":{\"@type\":\"ImageObject\",\"inLanguage\":\"cs\",\"@id\":\"https:\/\/evertonfc.cz\/#\/schema\/logo\/image\/\",\"url\":\"https:\/\/evertonfc.cz\/wp-content\/uploads\/2019\/05\/logo.png\",\"contentUrl\":\"https:\/\/evertonfc.cz\/wp-content\/uploads\/2019\/05\/logo.png\",\"width\":112,\"height\":112,\"caption\":\"Official Czech & Slovak Everton Supporters' Club\"},\"image\":{\"@id\":\"https:\/\/evertonfc.cz\/#\/schema\/logo\/image\/\"},\"sameAs\":[\"https:\/\/www.facebook.com\/everton.fans.cz.sk\"]},{\"@type\":\"Person\",\"@id\":\"https:\/\/evertonfc.cz\/#\/schema\/person\/f7a5daedb2ffee98480bc70e191aaef1\",\"name\":\"Ri\u010di\",\"sameAs\":[\"https:\/\/x.com\/rbrejsa\"],\"url\":\"https:\/\/evertonfc.cz\/index.php\/author\/rici\/\"}]}<\/script>\n<!-- \/ Yoast SEO plugin. -->","yoast_head_json":{"title":"Everton - Aston Villa 3:3 - Official Czech &amp; Slovak Everton Supporters&#039; Club","robots":{"index":"index","follow":"follow","max-snippet":"max-snippet:-1","max-image-preview":"max-image-preview:large","max-video-preview":"max-video-preview:-1"},"canonical":"https:\/\/evertonfc.cz\/index.php\/2013\/02\/03\/everton-aston-villa-33\/","og_locale":"cs_CZ","og_type":"article","og_title":"Everton - Aston Villa 3:3 - Official Czech &amp; Slovak Everton Supporters&#039; Club","og_description":"Everton nepotvrdil roli favorita, p\u0159esto si mus\u00ed rem\u00edzy s Villans cenit. Dvoubrankov\u00e9 manko toti\u017e a\u017e v nastaven\u00ed smazal g\u00f3lem Marouane&hellip;","og_url":"https:\/\/evertonfc.cz\/index.php\/2013\/02\/03\/everton-aston-villa-33\/","og_site_name":"Official Czech &amp; Slovak Everton Supporters&#039; Club","article_publisher":"https:\/\/www.facebook.com\/everton.fans.cz.sk","article_published_time":"2013-02-03T13:11:16+00:00","article_modified_time":"2019-02-15T14:30:10+00:00","og_image":[{"width":720,"height":405,"url":"https:\/\/evertonfc.cz\/wp-content\/uploads\/2019\/01\/report.jpg","type":"image\/jpeg"}],"author":"Ri\u010di","twitter_card":"summary_large_image","twitter_creator":"@rbrejsa","twitter_misc":{"Napsal(a)":"Ri\u010di","Odhadovan\u00e1 doba \u010dten\u00ed":"1 minuta"},"schema":{"@context":"https:\/\/schema.org","@graph":[{"@type":"Article","@id":"https:\/\/evertonfc.cz\/index.php\/2013\/02\/03\/everton-aston-villa-33\/#article","isPartOf":{"@id":"https:\/\/evertonfc.cz\/index.php\/2013\/02\/03\/everton-aston-villa-33\/"},"author":{"name":"Ri\u010di","@id":"https:\/\/evertonfc.cz\/#\/schema\/person\/f7a5daedb2ffee98480bc70e191aaef1"},"headline":"Everton &#8211; Aston Villa 3:3","datePublished":"2013-02-03T13:11:16+00:00","dateModified":"2019-02-15T14:30:10+00:00","mainEntityOfPage":{"@id":"https:\/\/evertonfc.cz\/index.php\/2013\/02\/03\/everton-aston-villa-33\/"},"wordCount":127,"commentCount":0,"publisher":{"@id":"https:\/\/evertonfc.cz\/#organization"},"image":{"@id":"https:\/\/evertonfc.cz\/index.php\/2013\/02\/03\/everton-aston-villa-33\/#primaryimage"},"thumbnailUrl":"https:\/\/evertonfc.cz\/wp-content\/uploads\/2019\/01\/report.jpg","articleSection":["Z\u00e1pasy"],"inLanguage":"cs","potentialAction":[{"@type":"CommentAction","name":"Comment","target":["https:\/\/evertonfc.cz\/index.php\/2013\/02\/03\/everton-aston-villa-33\/#respond"]}]},{"@type":"WebPage","@id":"https:\/\/evertonfc.cz\/index.php\/2013\/02\/03\/everton-aston-villa-33\/","url":"https:\/\/evertonfc.cz\/index.php\/2013\/02\/03\/everton-aston-villa-33\/","name":"Everton - Aston Villa 3:3 - Official Czech &amp; Slovak Everton Supporters&#039; Club","isPartOf":{"@id":"https:\/\/evertonfc.cz\/#website"},"primaryImageOfPage":{"@id":"https:\/\/evertonfc.cz\/index.php\/2013\/02\/03\/everton-aston-villa-33\/#primaryimage"},"image":{"@id":"https:\/\/evertonfc.cz\/index.php\/2013\/02\/03\/everton-aston-villa-33\/#primaryimage"},"thumbnailUrl":"https:\/\/evertonfc.cz\/wp-content\/uploads\/2019\/01\/report.jpg","datePublished":"2013-02-03T13:11:16+00:00","dateModified":"2019-02-15T14:30:10+00:00","breadcrumb":{"@id":"https:\/\/evertonfc.cz\/index.php\/2013\/02\/03\/everton-aston-villa-33\/#breadcrumb"},"inLanguage":"cs","potentialAction":[{"@type":"ReadAction","target":["https:\/\/evertonfc.cz\/index.php\/2013\/02\/03\/everton-aston-villa-33\/"]}]},{"@type":"ImageObject","inLanguage":"cs","@id":"https:\/\/evertonfc.cz\/index.php\/2013\/02\/03\/everton-aston-villa-33\/#primaryimage","url":"https:\/\/evertonfc.cz\/wp-content\/uploads\/2019\/01\/report.jpg","contentUrl":"https:\/\/evertonfc.cz\/wp-content\/uploads\/2019\/01\/report.jpg","width":720,"height":405},{"@type":"BreadcrumbList","@id":"https:\/\/evertonfc.cz\/index.php\/2013\/02\/03\/everton-aston-villa-33\/#breadcrumb","itemListElement":[{"@type":"ListItem","position":1,"name":"Home","item":"https:\/\/evertonfc.cz\/"},{"@type":"ListItem","position":2,"name":"Everton &#8211; Aston Villa 3:3"}]},{"@type":"WebSite","@id":"https:\/\/evertonfc.cz\/#website","url":"https:\/\/evertonfc.cz\/","name":"Official Czech &amp; Slovak Everton Supporters&#039; Club","description":"","publisher":{"@id":"https:\/\/evertonfc.cz\/#organization"},"potentialAction":[{"@type":"SearchAction","target":{"@type":"EntryPoint","urlTemplate":"https:\/\/evertonfc.cz\/?s={search_term_string}"},"query-input":{"@type":"PropertyValueSpecification","valueRequired":true,"valueName":"search_term_string"}}],"inLanguage":"cs"},{"@type":"Organization","@id":"https:\/\/evertonfc.cz\/#organization","name":"Official Czech & Slovak Everton Supporters' Club","url":"https:\/\/evertonfc.cz\/","logo":{"@type":"ImageObject","inLanguage":"cs","@id":"https:\/\/evertonfc.cz\/#\/schema\/logo\/image\/","url":"https:\/\/evertonfc.cz\/wp-content\/uploads\/2019\/05\/logo.png","contentUrl":"https:\/\/evertonfc.cz\/wp-content\/uploads\/2019\/05\/logo.png","width":112,"height":112,"caption":"Official Czech & Slovak Everton Supporters' Club"},"image":{"@id":"https:\/\/evertonfc.cz\/#\/schema\/logo\/image\/"},"sameAs":["https:\/\/www.facebook.com\/everton.fans.cz.sk"]},{"@type":"Person","@id":"https:\/\/evertonfc.cz\/#\/schema\/person\/f7a5daedb2ffee98480bc70e191aaef1","name":"Ri\u010di","sameAs":["https:\/\/x.com\/rbrejsa"],"url":"https:\/\/evertonfc.cz\/index.php\/author\/rici\/"}]}},"_links":{"self":[{"href":"https:\/\/evertonfc.cz\/index.php\/wp-json\/wp\/v2\/posts\/5718"}],"collection":[{"href":"https:\/\/evertonfc.cz\/index.php\/wp-json\/wp\/v2\/posts"}],"about":[{"href":"https:\/\/evertonfc.cz\/index.php\/wp-json\/wp\/v2\/types\/post"}],"author":[{"embeddable":true,"href":"https:\/\/evertonfc.cz\/index.php\/wp-json\/wp\/v2\/users\/6"}],"replies":[{"embeddable":true,"href":"https:\/\/evertonfc.cz\/index.php\/wp-json\/wp\/v2\/comments?post=5718"}],"version-history":[{"count":3,"href":"https:\/\/evertonfc.cz\/index.php\/wp-json\/wp\/v2\/posts\/5718\/revisions"}],"predecessor-version":[{"id":5790,"href":"https:\/\/evertonfc.cz\/index.php\/wp-json\/wp\/v2\/posts\/5718\/revisions\/5790"}],"wp:featuredmedia":[{"embeddable":true,"href":"https:\/\/evertonfc.cz\/index.php\/wp-json\/wp\/v2\/media\/1315"}],"wp:attachment":[{"href":"https:\/\/evertonfc.cz\/index.php\/wp-json\/wp\/v2\/media?parent=5718"}],"wp:term":[{"taxonomy":"category","embeddable":true,"href":"https:\/\/evertonfc.cz\/index.php\/wp-json\/wp\/v2\/categories?post=5718"},{"taxonomy":"post_tag","embeddable":true,"href":"https:\/\/evertonfc.cz\/index.php\/wp-json\/wp\/v2\/tags?post=5718"}],"curies":[{"name":"wp","href":"https:\/\/api.w.org\/{rel}","templated":true}]}}