{"id":5724,"date":"2013-01-30T14:14:18","date_gmt":"2013-01-30T13:14:18","guid":{"rendered":"http:\/\/evertonfc.cz\/?p=5724"},"modified":"2019-02-15T15:33:07","modified_gmt":"2019-02-15T14:33:07","slug":"everton-west-bromwich-albion-21","status":"publish","type":"post","link":"https:\/\/evertonfc.cz\/index.php\/2013\/01\/30\/everton-west-bromwich-albion-21\/","title":{"rendered":"Everton &#8211; West Bromwich Albion 2:1"},"content":{"rendered":"<h4 id=\"NewsPostDetailSummary\">P\u0159esto\u017ee Toffees po polo\u010dase dr\u017eeli pohodln\u00e9 dvoubrankov\u00e9 veden\u00ed z\u00e1sluhou v\u00fdborn\u00e9ho Bainese, hlavn\u011b kv\u016fli individu\u00e1ln\u00edm chyb\u00e1m Heitingy a Osmana se strachovali o v\u00fdhru. T\u0159i body v\u0161ak nakonec na Goodison Parku z\u016fstaly.<\/h4>\n<div id=\"NewsPostDetailContent\">\n<p>David Moyes op\u011bt trochu zam\u00edchal z\u00e1kladn\u00ed sestavou. Na lavi\u010dku posadil z formy hraj\u00edc\u00edho Jelavi\u0107e, na hrotu \u00fatoku ho nahradil Anichebe. V z\u00e1kladn\u00ed sestav\u011b se objevil rovn\u011b\u017e Kevin Mirallas a Johny Heitinga, tak\u017ee Jagielka se posunul ze st\u0159edu obrany na prav\u00fd kraj. Na st\u0159\u00edda\u010dce byl u\u017e uzdraven\u00fd Darron Gibson.<\/p>\n<p>Everton se od \u00favodn\u00ed minuty sna\u017eil naj\u00edt skulinku v obran\u011b soupe\u0159e, p\u0159i\u010dem\u017e si musel d\u00e1vat pozor na jeho proti\u00fatoku. V 10. minut\u011b se zast\u0159eloval Kevin Mirallas, br\u00e1nu minul. O p\u011bt minut se dostal do zakon\u010den\u00ed jin\u00fd Belgi\u010dan, po Distinov\u011b p\u0159i\u0165uknut\u00ed hlavou trefil Fellaini ty\u010d.<\/p>\n<p>Kdy\u017e to vypadalo, \u017ee se West Brom dost\u00e1v\u00e1 do hry, Blues ude\u0159ili. Osman vysunul Bainese, kter\u00fd n\u00e1dhernou st\u0159elou otev\u0159el sk\u00f3re utk\u00e1n\u00ed &#8211;\u00a0<strong>1:0<\/strong>. Po prvn\u00ed brance se hr\u00e1l celkem nez\u00e1\u017eivn\u00fd fotbal, p\u0159i\u010dem\u017e Everton ovl\u00e1dal d\u011bj st\u0159etnut\u00ed.<\/p>\n<p>V nastaven\u00ed prvn\u00edho polo\u010dasu Yacob fauloval ve v\u00e1pn\u011b Anichebeho, rozhod\u010d\u00ed Oliver na\u0159\u00eddil pokutov\u00fd kop. K n\u011bmu se postavil Leighton Baines a bezpe\u010dn\u011b p\u0159idal druh\u00fd g\u00f3l &#8211;\u00a0<strong>2:0<\/strong>.<\/p>\n<p>Druhou p\u016fli odstartoval Lukaku svou ranou z prvn\u00edho doteku vysoko nad br\u00e1nu. West Brom za\u010dal v\u00edce dr\u017eet m\u00ed\u010d na kopa\u010dk\u00e1ch, p\u0159esto zahrozil Mirallas, Foster jeho p\u0159\u00edzemn\u00ed pokus vyrazil. Dom\u00e1c\u00ed p\u016fsobili a\u017e zbyte\u010dn\u011b pasivn\u011b, co\u017e se jim vymstilo. Lukaku obe\u0161el vyb\u011bhnut\u00e9ho Howarda a nasm\u011broval bal\u00f3n do br\u00e1ny, na brankov\u00e9 \u010d\u00e1\u0159e ho zastavil Heitinga, ov\u0161em velmi \u0161patn\u011b, tak\u017ee dob\u00edhaj\u00edc\u00ed Long bez probl\u00e9m\u016f hlavi\u010dkou sn\u00ed\u017eil &#8211;\u00a0<strong>2:1<\/strong>.<\/p>\n<p>V 68. minut\u011b byl West Brom bl\u00edzko vyrovn\u00e1n\u00ed, Dorrans z trestn\u00e9ho kopu oraz\u00edtkoval b\u0159evno. Na druh\u00e9 stran\u011b Osman v dobr\u00e9 pozici p\u0159est\u0159elil. Podobn\u011b si v zakon\u010den\u00ed po\u010d\u00ednal po dobr\u00e9 kombinaci Pienaara Fellaini.<\/p>\n<p>V 81. minut\u011b Pienaar p\u0159ekvapil, kdy\u017e trestn\u00fd kop ze strany sm\u011b\u0159oval rovnou do br\u00e1ny, Fostera v\u0161ak nezasko\u010dil. Jihoafri\u010dan za okam\u017eik trefil ty\u010d, n\u00e1slednou dor\u00e1\u017eku Osman z mal\u00e9ho v\u00e1pna neuklidil do s\u00edt\u011b, ale trestuhodn\u011b p\u0159est\u0159elil! V z\u00e1v\u011bru si Baggies \u017e\u00e1dn\u00e9 mo\u017enosti na vyrovn\u00e1n\u00ed nep\u0159ipravili, a tak se z\u00a0v\u00edt\u011bzstv\u00ed raduje EFC.<\/p>\n<p><strong>Branky:<\/strong>\u00a029. a 45+1. Leighton Baines (pen.) &#8211; 65. Shane Long<br \/>\n<strong>\u017dK:<\/strong>\u00a061. Claudio Yacob, 80. Graham Dorrans<br \/>\n<strong>Everton FC:<\/strong>\u00a0Tim Howard, Phil Neville, Phil Jagielka, Sylvain Distin, Leighton Baines, Kevin Mirallas (66. Darron Gibson), John Heitinga, Leon Osman, Steven Pienaar, Marouane Fellaini, Victor Anichebe (84. Nikica Jelavi\u0107)<br \/>\n<strong>West Bromwich Albion:<\/strong>\u00a0Ben Foster, Billy Jones, Gareth McAuley, Jonas Olsson, Goran Popov, George Thorne (43. Claudio Yacob), Chris Brunt, Graham Dorrans, James Morrison (62. Shane Long), Jerome Thomas (77. Markus Rosenberg), Romelu Lukaku<br \/>\n<strong>Rozhod\u010d\u00ed:<\/strong>\u00a0Michael Oliver<br \/>\n<strong>Div\u00e1ci:<\/strong>\u00a031 376<\/p>\n<\/div>\n","protected":false},"excerpt":{"rendered":"<p>P\u0159esto\u017ee Toffees po polo\u010dase dr\u017eeli pohodln\u00e9 dvoubrankov\u00e9 veden\u00ed z\u00e1sluhou v\u00fdborn\u00e9ho Bainese, hlavn\u011b kv\u016fli individu\u00e1ln\u00edm chyb\u00e1m Heitingy a Osmana se strachovali&hellip;<\/p>\n","protected":false},"author":6,"featured_media":1315,"comment_status":"open","ping_status":"closed","sticky":false,"template":"","format":"standard","meta":{"_eb_attr":"","_monsterinsights_skip_tracking":false,"_monsterinsights_sitenote_active":false,"_monsterinsights_sitenote_note":"","_monsterinsights_sitenote_category":0,"footnotes":""},"categories":[4],"tags":[],"yoast_head":"<!-- This site is optimized with the Yoast SEO plugin v23.4 - https:\/\/yoast.com\/wordpress\/plugins\/seo\/ -->\n<title>Everton - West Bromwich Albion 2:1 - Official Czech &amp; Slovak Everton Supporters&#039; Club<\/title>\n<meta name=\"robots\" content=\"index, follow, max-snippet:-1, max-image-preview:large, max-video-preview:-1\" \/>\n<link rel=\"canonical\" href=\"https:\/\/evertonfc.cz\/index.php\/2013\/01\/30\/everton-west-bromwich-albion-21\/\" \/>\n<meta property=\"og:locale\" content=\"cs_CZ\" \/>\n<meta property=\"og:type\" content=\"article\" \/>\n<meta property=\"og:title\" content=\"Everton - West Bromwich Albion 2:1 - Official Czech &amp; Slovak Everton Supporters&#039; Club\" \/>\n<meta property=\"og:description\" content=\"P\u0159esto\u017ee Toffees po polo\u010dase dr\u017eeli pohodln\u00e9 dvoubrankov\u00e9 veden\u00ed z\u00e1sluhou v\u00fdborn\u00e9ho Bainese, hlavn\u011b kv\u016fli individu\u00e1ln\u00edm chyb\u00e1m Heitingy a Osmana se strachovali&hellip;\" \/>\n<meta property=\"og:url\" content=\"https:\/\/evertonfc.cz\/index.php\/2013\/01\/30\/everton-west-bromwich-albion-21\/\" \/>\n<meta property=\"og:site_name\" content=\"Official Czech &amp; Slovak Everton Supporters&#039; Club\" \/>\n<meta property=\"article:publisher\" content=\"https:\/\/www.facebook.com\/everton.fans.cz.sk\" \/>\n<meta property=\"article:published_time\" content=\"2013-01-30T13:14:18+00:00\" \/>\n<meta property=\"article:modified_time\" content=\"2019-02-15T14:33:07+00:00\" \/>\n<meta property=\"og:image\" content=\"https:\/\/evertonfc.cz\/wp-content\/uploads\/2019\/01\/report.jpg\" \/>\n\t<meta property=\"og:image:width\" content=\"720\" \/>\n\t<meta property=\"og:image:height\" content=\"405\" \/>\n\t<meta property=\"og:image:type\" content=\"image\/jpeg\" \/>\n<meta name=\"author\" content=\"Ri\u010di\" \/>\n<meta name=\"twitter:card\" content=\"summary_large_image\" \/>\n<meta name=\"twitter:creator\" content=\"@rbrejsa\" \/>\n<meta name=\"twitter:label1\" content=\"Napsal(a)\" \/>\n\t<meta name=\"twitter:data1\" content=\"Ri\u010di\" \/>\n\t<meta name=\"twitter:label2\" content=\"Odhadovan\u00e1 doba \u010dten\u00ed\" \/>\n\t<meta name=\"twitter:data2\" content=\"3 minuty\" \/>\n<script type=\"application\/ld+json\" class=\"yoast-schema-graph\">{\"@context\":\"https:\/\/schema.org\",\"@graph\":[{\"@type\":\"Article\",\"@id\":\"https:\/\/evertonfc.cz\/index.php\/2013\/01\/30\/everton-west-bromwich-albion-21\/#article\",\"isPartOf\":{\"@id\":\"https:\/\/evertonfc.cz\/index.php\/2013\/01\/30\/everton-west-bromwich-albion-21\/\"},\"author\":{\"name\":\"Ri\u010di\",\"@id\":\"https:\/\/evertonfc.cz\/#\/schema\/person\/f7a5daedb2ffee98480bc70e191aaef1\"},\"headline\":\"Everton &#8211; West Bromwich Albion 2:1\",\"datePublished\":\"2013-01-30T13:14:18+00:00\",\"dateModified\":\"2019-02-15T14:33:07+00:00\",\"mainEntityOfPage\":{\"@id\":\"https:\/\/evertonfc.cz\/index.php\/2013\/01\/30\/everton-west-bromwich-albion-21\/\"},\"wordCount\":526,\"commentCount\":0,\"publisher\":{\"@id\":\"https:\/\/evertonfc.cz\/#organization\"},\"image\":{\"@id\":\"https:\/\/evertonfc.cz\/index.php\/2013\/01\/30\/everton-west-bromwich-albion-21\/#primaryimage\"},\"thumbnailUrl\":\"https:\/\/evertonfc.cz\/wp-content\/uploads\/2019\/01\/report.jpg\",\"articleSection\":[\"Z\u00e1pasy\"],\"inLanguage\":\"cs\",\"potentialAction\":[{\"@type\":\"CommentAction\",\"name\":\"Comment\",\"target\":[\"https:\/\/evertonfc.cz\/index.php\/2013\/01\/30\/everton-west-bromwich-albion-21\/#respond\"]}]},{\"@type\":\"WebPage\",\"@id\":\"https:\/\/evertonfc.cz\/index.php\/2013\/01\/30\/everton-west-bromwich-albion-21\/\",\"url\":\"https:\/\/evertonfc.cz\/index.php\/2013\/01\/30\/everton-west-bromwich-albion-21\/\",\"name\":\"Everton - West Bromwich Albion 2:1 - Official Czech &amp; Slovak Everton Supporters&#039; Club\",\"isPartOf\":{\"@id\":\"https:\/\/evertonfc.cz\/#website\"},\"primaryImageOfPage\":{\"@id\":\"https:\/\/evertonfc.cz\/index.php\/2013\/01\/30\/everton-west-bromwich-albion-21\/#primaryimage\"},\"image\":{\"@id\":\"https:\/\/evertonfc.cz\/index.php\/2013\/01\/30\/everton-west-bromwich-albion-21\/#primaryimage\"},\"thumbnailUrl\":\"https:\/\/evertonfc.cz\/wp-content\/uploads\/2019\/01\/report.jpg\",\"datePublished\":\"2013-01-30T13:14:18+00:00\",\"dateModified\":\"2019-02-15T14:33:07+00:00\",\"breadcrumb\":{\"@id\":\"https:\/\/evertonfc.cz\/index.php\/2013\/01\/30\/everton-west-bromwich-albion-21\/#breadcrumb\"},\"inLanguage\":\"cs\",\"potentialAction\":[{\"@type\":\"ReadAction\",\"target\":[\"https:\/\/evertonfc.cz\/index.php\/2013\/01\/30\/everton-west-bromwich-albion-21\/\"]}]},{\"@type\":\"ImageObject\",\"inLanguage\":\"cs\",\"@id\":\"https:\/\/evertonfc.cz\/index.php\/2013\/01\/30\/everton-west-bromwich-albion-21\/#primaryimage\",\"url\":\"https:\/\/evertonfc.cz\/wp-content\/uploads\/2019\/01\/report.jpg\",\"contentUrl\":\"https:\/\/evertonfc.cz\/wp-content\/uploads\/2019\/01\/report.jpg\",\"width\":720,\"height\":405},{\"@type\":\"BreadcrumbList\",\"@id\":\"https:\/\/evertonfc.cz\/index.php\/2013\/01\/30\/everton-west-bromwich-albion-21\/#breadcrumb\",\"itemListElement\":[{\"@type\":\"ListItem\",\"position\":1,\"name\":\"Home\",\"item\":\"https:\/\/evertonfc.cz\/\"},{\"@type\":\"ListItem\",\"position\":2,\"name\":\"Everton &#8211; West Bromwich Albion 2:1\"}]},{\"@type\":\"WebSite\",\"@id\":\"https:\/\/evertonfc.cz\/#website\",\"url\":\"https:\/\/evertonfc.cz\/\",\"name\":\"Official Czech &amp; Slovak Everton Supporters&#039; Club\",\"description\":\"\",\"publisher\":{\"@id\":\"https:\/\/evertonfc.cz\/#organization\"},\"potentialAction\":[{\"@type\":\"SearchAction\",\"target\":{\"@type\":\"EntryPoint\",\"urlTemplate\":\"https:\/\/evertonfc.cz\/?s={search_term_string}\"},\"query-input\":{\"@type\":\"PropertyValueSpecification\",\"valueRequired\":true,\"valueName\":\"search_term_string\"}}],\"inLanguage\":\"cs\"},{\"@type\":\"Organization\",\"@id\":\"https:\/\/evertonfc.cz\/#organization\",\"name\":\"Official Czech & Slovak Everton Supporters' Club\",\"url\":\"https:\/\/evertonfc.cz\/\",\"logo\":{\"@type\":\"ImageObject\",\"inLanguage\":\"cs\",\"@id\":\"https:\/\/evertonfc.cz\/#\/schema\/logo\/image\/\",\"url\":\"https:\/\/evertonfc.cz\/wp-content\/uploads\/2019\/05\/logo.png\",\"contentUrl\":\"https:\/\/evertonfc.cz\/wp-content\/uploads\/2019\/05\/logo.png\",\"width\":112,\"height\":112,\"caption\":\"Official Czech & Slovak Everton Supporters' Club\"},\"image\":{\"@id\":\"https:\/\/evertonfc.cz\/#\/schema\/logo\/image\/\"},\"sameAs\":[\"https:\/\/www.facebook.com\/everton.fans.cz.sk\"]},{\"@type\":\"Person\",\"@id\":\"https:\/\/evertonfc.cz\/#\/schema\/person\/f7a5daedb2ffee98480bc70e191aaef1\",\"name\":\"Ri\u010di\",\"sameAs\":[\"https:\/\/x.com\/rbrejsa\"],\"url\":\"https:\/\/evertonfc.cz\/index.php\/author\/rici\/\"}]}<\/script>\n<!-- \/ Yoast SEO plugin. -->","yoast_head_json":{"title":"Everton - West Bromwich Albion 2:1 - Official Czech &amp; Slovak Everton Supporters&#039; Club","robots":{"index":"index","follow":"follow","max-snippet":"max-snippet:-1","max-image-preview":"max-image-preview:large","max-video-preview":"max-video-preview:-1"},"canonical":"https:\/\/evertonfc.cz\/index.php\/2013\/01\/30\/everton-west-bromwich-albion-21\/","og_locale":"cs_CZ","og_type":"article","og_title":"Everton - West Bromwich Albion 2:1 - Official Czech &amp; Slovak Everton Supporters&#039; Club","og_description":"P\u0159esto\u017ee Toffees po polo\u010dase dr\u017eeli pohodln\u00e9 dvoubrankov\u00e9 veden\u00ed z\u00e1sluhou v\u00fdborn\u00e9ho Bainese, hlavn\u011b kv\u016fli individu\u00e1ln\u00edm chyb\u00e1m Heitingy a Osmana se strachovali&hellip;","og_url":"https:\/\/evertonfc.cz\/index.php\/2013\/01\/30\/everton-west-bromwich-albion-21\/","og_site_name":"Official Czech &amp; Slovak Everton Supporters&#039; Club","article_publisher":"https:\/\/www.facebook.com\/everton.fans.cz.sk","article_published_time":"2013-01-30T13:14:18+00:00","article_modified_time":"2019-02-15T14:33:07+00:00","og_image":[{"width":720,"height":405,"url":"https:\/\/evertonfc.cz\/wp-content\/uploads\/2019\/01\/report.jpg","type":"image\/jpeg"}],"author":"Ri\u010di","twitter_card":"summary_large_image","twitter_creator":"@rbrejsa","twitter_misc":{"Napsal(a)":"Ri\u010di","Odhadovan\u00e1 doba \u010dten\u00ed":"3 minuty"},"schema":{"@context":"https:\/\/schema.org","@graph":[{"@type":"Article","@id":"https:\/\/evertonfc.cz\/index.php\/2013\/01\/30\/everton-west-bromwich-albion-21\/#article","isPartOf":{"@id":"https:\/\/evertonfc.cz\/index.php\/2013\/01\/30\/everton-west-bromwich-albion-21\/"},"author":{"name":"Ri\u010di","@id":"https:\/\/evertonfc.cz\/#\/schema\/person\/f7a5daedb2ffee98480bc70e191aaef1"},"headline":"Everton &#8211; West Bromwich Albion 2:1","datePublished":"2013-01-30T13:14:18+00:00","dateModified":"2019-02-15T14:33:07+00:00","mainEntityOfPage":{"@id":"https:\/\/evertonfc.cz\/index.php\/2013\/01\/30\/everton-west-bromwich-albion-21\/"},"wordCount":526,"commentCount":0,"publisher":{"@id":"https:\/\/evertonfc.cz\/#organization"},"image":{"@id":"https:\/\/evertonfc.cz\/index.php\/2013\/01\/30\/everton-west-bromwich-albion-21\/#primaryimage"},"thumbnailUrl":"https:\/\/evertonfc.cz\/wp-content\/uploads\/2019\/01\/report.jpg","articleSection":["Z\u00e1pasy"],"inLanguage":"cs","potentialAction":[{"@type":"CommentAction","name":"Comment","target":["https:\/\/evertonfc.cz\/index.php\/2013\/01\/30\/everton-west-bromwich-albion-21\/#respond"]}]},{"@type":"WebPage","@id":"https:\/\/evertonfc.cz\/index.php\/2013\/01\/30\/everton-west-bromwich-albion-21\/","url":"https:\/\/evertonfc.cz\/index.php\/2013\/01\/30\/everton-west-bromwich-albion-21\/","name":"Everton - West Bromwich Albion 2:1 - Official Czech &amp; Slovak Everton Supporters&#039; Club","isPartOf":{"@id":"https:\/\/evertonfc.cz\/#website"},"primaryImageOfPage":{"@id":"https:\/\/evertonfc.cz\/index.php\/2013\/01\/30\/everton-west-bromwich-albion-21\/#primaryimage"},"image":{"@id":"https:\/\/evertonfc.cz\/index.php\/2013\/01\/30\/everton-west-bromwich-albion-21\/#primaryimage"},"thumbnailUrl":"https:\/\/evertonfc.cz\/wp-content\/uploads\/2019\/01\/report.jpg","datePublished":"2013-01-30T13:14:18+00:00","dateModified":"2019-02-15T14:33:07+00:00","breadcrumb":{"@id":"https:\/\/evertonfc.cz\/index.php\/2013\/01\/30\/everton-west-bromwich-albion-21\/#breadcrumb"},"inLanguage":"cs","potentialAction":[{"@type":"ReadAction","target":["https:\/\/evertonfc.cz\/index.php\/2013\/01\/30\/everton-west-bromwich-albion-21\/"]}]},{"@type":"ImageObject","inLanguage":"cs","@id":"https:\/\/evertonfc.cz\/index.php\/2013\/01\/30\/everton-west-bromwich-albion-21\/#primaryimage","url":"https:\/\/evertonfc.cz\/wp-content\/uploads\/2019\/01\/report.jpg","contentUrl":"https:\/\/evertonfc.cz\/wp-content\/uploads\/2019\/01\/report.jpg","width":720,"height":405},{"@type":"BreadcrumbList","@id":"https:\/\/evertonfc.cz\/index.php\/2013\/01\/30\/everton-west-bromwich-albion-21\/#breadcrumb","itemListElement":[{"@type":"ListItem","position":1,"name":"Home","item":"https:\/\/evertonfc.cz\/"},{"@type":"ListItem","position":2,"name":"Everton &#8211; West Bromwich Albion 2:1"}]},{"@type":"WebSite","@id":"https:\/\/evertonfc.cz\/#website","url":"https:\/\/evertonfc.cz\/","name":"Official Czech &amp; Slovak Everton Supporters&#039; Club","description":"","publisher":{"@id":"https:\/\/evertonfc.cz\/#organization"},"potentialAction":[{"@type":"SearchAction","target":{"@type":"EntryPoint","urlTemplate":"https:\/\/evertonfc.cz\/?s={search_term_string}"},"query-input":{"@type":"PropertyValueSpecification","valueRequired":true,"valueName":"search_term_string"}}],"inLanguage":"cs"},{"@type":"Organization","@id":"https:\/\/evertonfc.cz\/#organization","name":"Official Czech & Slovak Everton Supporters' Club","url":"https:\/\/evertonfc.cz\/","logo":{"@type":"ImageObject","inLanguage":"cs","@id":"https:\/\/evertonfc.cz\/#\/schema\/logo\/image\/","url":"https:\/\/evertonfc.cz\/wp-content\/uploads\/2019\/05\/logo.png","contentUrl":"https:\/\/evertonfc.cz\/wp-content\/uploads\/2019\/05\/logo.png","width":112,"height":112,"caption":"Official Czech & Slovak Everton Supporters' Club"},"image":{"@id":"https:\/\/evertonfc.cz\/#\/schema\/logo\/image\/"},"sameAs":["https:\/\/www.facebook.com\/everton.fans.cz.sk"]},{"@type":"Person","@id":"https:\/\/evertonfc.cz\/#\/schema\/person\/f7a5daedb2ffee98480bc70e191aaef1","name":"Ri\u010di","sameAs":["https:\/\/x.com\/rbrejsa"],"url":"https:\/\/evertonfc.cz\/index.php\/author\/rici\/"}]}},"_links":{"self":[{"href":"https:\/\/evertonfc.cz\/index.php\/wp-json\/wp\/v2\/posts\/5724"}],"collection":[{"href":"https:\/\/evertonfc.cz\/index.php\/wp-json\/wp\/v2\/posts"}],"about":[{"href":"https:\/\/evertonfc.cz\/index.php\/wp-json\/wp\/v2\/types\/post"}],"author":[{"embeddable":true,"href":"https:\/\/evertonfc.cz\/index.php\/wp-json\/wp\/v2\/users\/6"}],"replies":[{"embeddable":true,"href":"https:\/\/evertonfc.cz\/index.php\/wp-json\/wp\/v2\/comments?post=5724"}],"version-history":[{"count":1,"href":"https:\/\/evertonfc.cz\/index.php\/wp-json\/wp\/v2\/posts\/5724\/revisions"}],"predecessor-version":[{"id":5725,"href":"https:\/\/evertonfc.cz\/index.php\/wp-json\/wp\/v2\/posts\/5724\/revisions\/5725"}],"wp:featuredmedia":[{"embeddable":true,"href":"https:\/\/evertonfc.cz\/index.php\/wp-json\/wp\/v2\/media\/1315"}],"wp:attachment":[{"href":"https:\/\/evertonfc.cz\/index.php\/wp-json\/wp\/v2\/media?parent=5724"}],"wp:term":[{"taxonomy":"category","embeddable":true,"href":"https:\/\/evertonfc.cz\/index.php\/wp-json\/wp\/v2\/categories?post=5724"},{"taxonomy":"post_tag","embeddable":true,"href":"https:\/\/evertonfc.cz\/index.php\/wp-json\/wp\/v2\/tags?post=5724"}],"curies":[{"name":"wp","href":"https:\/\/api.w.org\/{rel}","templated":true}]}}