{"id":5728,"date":"2013-01-29T14:16:02","date_gmt":"2013-01-29T13:16:02","guid":{"rendered":"http:\/\/evertonfc.cz\/?p=5728"},"modified":"2020-09-23T20:23:12","modified_gmt":"2020-09-23T18:23:12","slug":"preview-everton-west-bromwich-albion-7","status":"publish","type":"post","link":"https:\/\/evertonfc.cz\/index.php\/2013\/01\/29\/preview-everton-west-bromwich-albion-7\/","title":{"rendered":"Preview: Everton &#8211; West Bromwich Albion"},"content":{"rendered":"<h4 id=\"NewsPostDetailSummary\">Ve\u010dern\u00ed z\u00e1pasy na Goodison Parku posledn\u00ed dobou p\u0159in\u00e1\u0161ej\u00ed Evertonu radost. A proti West Bromu se pl\u00e1nuje dal\u0161\u00ed p\u011bkn\u00fd fotbalov\u00fd ve\u010der zakon\u010den\u00fd t\u0159emi body pro Toffees.<\/h4>\n<div id=\"NewsPostDetailContent\">\n<p>Obvykle na konci zimn\u00edho p\u0159estupov\u00e9ho okna Everton uzav\u00edr\u00e1 hor\u0161\u00ed polovinu sez\u00f3ny, aby se v t\u00e9 druh\u00e9 za\u0159adil mezi nejlep\u0161\u00ed celky Premier League. Letos je situace pon\u011bkud odli\u0161n\u00e1 a daleko radostn\u011bj\u0161\u00ed, patn\u00e1ct kol p\u0159ed koncem ligy se mu\u017estvo Davida Moyese nach\u00e1z\u00ed na o p\u011bt m\u00edst lep\u0161\u00edm um\u00edst\u011bn\u00edm a nasb\u00edralo o dev\u011bt bod\u016f v\u00edce ne\u017e ve stejn\u00e9m obdob\u00ed p\u0159ed rokem. Mo\u017enost kvalifikovat se do evropsk\u00fdch poh\u00e1r\u016f st\u00e1le \u017eije.<\/p>\n<p>P\u0159ed dvan\u00e1cti m\u011bs\u00edci Moyes a spol. v lednu t\u00fdm opravdu pos\u00edlili. P\u0159\u00edchody Nikici Jelavi\u0107e, Stevena Pienaara, Darrona Gibsona a kr\u00e1tkodob\u00e9 hostov\u00e1n\u00ed Landona Donovana p\u0159isp\u011bly ke zlep\u0161en\u00fdm v\u00fdkon\u016fm, Everton v posledn\u00edch \u0161estn\u00e1cti kol lo\u0148sk\u00e9 sez\u00f3ny prohr\u00e1l pouze dvakr\u00e1t. Leto\u0161n\u00ed lednov\u00e9 p\u0159estupov\u00e9 okno nabralo ne\u010dekan\u011b tak\u00e9 na pozitivn\u00edch obr\u00e1tk\u00e1ch, i kdy\u017e&#8230; Holandsk\u00fd reprezentant Leroy Fer m\u011bl p\u016fvodn\u011b podepsat smlouvu je\u0161t\u011b p\u0159ed soubojem s West Bromem, vyrojily se ale spekulace o ne\u00fasp\u011b\u0161n\u00e9 zdravotn\u00ed prohl\u00eddce. Mimo Fera (kter\u00fd snad p\u0159ijde) Greg O\u00b4Keeffe, novin\u00e1\u0159 Liverpool Echo se zam\u011b\u0159en\u00edm na pravdiv\u00e9 informace z Goodison Parku, p\u0159edpov\u00edd\u00e1 je\u0161t\u011b jeden hr\u00e1\u010dsk\u00fd n\u00e1kup v hodnot\u011b 1,5-2m liber, \u010di hostov\u00e1n\u00ed. Jedn\u00e1 se pr\u00fd o posiln\u011bn\u00ed \u00fatoku.<\/p>\n<p>Optimismus v\u0161ak t\u0159eba p\u0159ev\u00e9st na h\u0159i\u0161t\u011b, kde to sice nen\u00ed propad\u00e1k, ale posledn\u00ed dv\u011b bezbrankov\u00e9 rem\u00edzy jsou na ambice Evertonu trochu m\u00e1lo. Nyn\u00ed se nask\u00fdt\u00e1 ide\u00e1ln\u00ed \u0161ance dohnat ztr\u00e1tu, nejbli\u017e\u0161\u00ed dv\u011b kola toti\u017e Blues \u010dekaj\u00ed na dom\u00e1c\u00edm h\u0159i\u0161ti rozhodn\u011b poraziteln\u00ed soupe\u0159i z Midlands.<\/p>\n<p>Ne\u017e p\u0159ijede do Merseyside tr\u00e1p\u00edc\u00ed se Aston Villa, napr\u00e1zdno z Liverpoolu ur\u010dit\u011b nebudou cht\u00edt odjet Baggies. P\u0159ekvapen\u00ed sez\u00f3ny se pomalu za\u010d\u00edn\u00e1 propad do pr\u016fm\u011bru, co\u017e v\u0161ak tak\u00e9 nen\u00ed pro Clarkovi sv\u011b\u0159ence nelichotiv\u00e1 pozice. Starosti na Hawthorns d\u011bl\u00e1 hlavn\u011b Peter Odemwingie, o n\u011bho\u017e jev\u00ed z\u00e1jem Queens Park Rangers. Nigerijec po p\u0159estupu tou\u017e\u00ed, jen\u017ee West Brom nehodl\u00e1 sv\u00e9ho \u00fato\u010dn\u00edka pustit.<\/p>\n<h4><strong>Z\u00e1pasov\u00e1 fakta<\/strong><\/h4>\n<p>Vz\u00e1jemn\u00e1<\/p>\n<ul>\n<li>West Brom zv\u00edt\u011bzil na Goodisonu v posledn\u00edch t\u0159in\u00e1cti ligov\u00fdch utk\u00e1n\u00edch jednou, v listopadu 2010 debaklem 4:1<\/li>\n<li>The Baggies porazili letos Everton doma 2:0, double nad st\u0159ede\u010dn\u00edm protivn\u00edkem se jim povedl pouze v sez\u00f3n\u011b 2010\/11.<\/li>\n<\/ul>\n<p>Everton<\/p>\n<ul>\n<li>5. m\u00edsto s 38 body<\/li>\n<li>po 23 kolech nasb\u00edral nejv\u00edce bod\u016f v ro\u010dn\u00edku 2007\/08 (42), tehdy skon\u010dil v kone\u010dn\u00e9m z\u00fa\u010dtov\u00e1n\u00ed p\u00e1t\u00fd<\/li>\n<li>prohr\u00e1l jednou z posledn\u00edch 11 ligov\u00fdch z\u00e1pas\u016f a t\u0159ikr\u00e1t z posledn\u00edch 32 od b\u0159ezna 2012<\/li>\n<li>t\u0159ikr\u00e1t po sob\u011b nesk\u00f3roval naposledy p\u0159ed sedmi lety<\/li>\n<li>David Moyes provedl v leto\u0161n\u00ed Premier League 55 st\u0159\u00edd\u00e1n\u00ed, co\u017e je m\u00e9n\u011b ne\u017e kdokoliv jin\u00fd<\/li>\n<li>Skot poslal do ligy tak\u00e9 n\u00edzk\u00fd po\u010det hr\u00e1\u010d\u016f, 22.<\/li>\n<\/ul>\n<p>West Brom<\/p>\n<ul>\n<li>9. m\u00edsto s 34 body<\/li>\n<li>34 bod\u016f z 23 kol znamen\u00e1 nejv\u00edce od sez\u00f3ny 1980\/81<\/li>\n<li>av\u0161ak nevyhr\u00e1l v posledn\u00edch \u010dty\u0159ech ligov\u00fdch kl\u00e1n\u00edch a z t\u0159\u00edbodov\u00e9ho zisku se z posledn\u00edch deseti kol radoval dvakr\u00e1t<\/li>\n<li>s Readingem je jedin\u00fd, kdo doposud neudr\u017eel \u010dist\u00e9 konto na venkovn\u00edch tr\u00e1vn\u00edc\u00edch.<\/li>\n<\/ul>\n<h4><strong>T\u00fdmov\u00e9 novinky<\/strong><\/h4>\n<p>Kevin Mirallas se o v\u00edkendu vr\u00e1til do z\u00e1kladn\u00ed sestavy, bohu\u017eel po 18 minut\u00e1ch st\u0159\u00eddal op\u011bt kv\u016fli svalov\u00fdm pot\u00ed\u017e\u00edm. Tentokr\u00e1t se na\u0161t\u011bst\u00ed nejedn\u00e1 o nic v\u00e1\u017en\u00e9ho a Belgi\u010dan by se mohl objevit na lavi\u010dce n\u00e1hradn\u00edk\u016f. Seamus Coleman vypadne kv\u016fli poran\u011bn\u00e9mu stehnu na \u010dty\u0159i t\u00fddny, na marodce tak dopln\u00ed jin\u00e9ho prav\u00e9ho obr\u00e1nce \u2013 Tonyho Hibberta. Z listiny zran\u011bn\u00fdch naopak brzy vypadne Darron Gibson, o v\u00edkendu se \u010dek\u00e1 jeho nominace k z\u00e1pasu.<\/p>\n<p><strong>Everton:<\/strong> Howard, Jagielka, Distin, Heitinga, Baines, Oviedo, Naismith, Hitzlsperger, Osman, Pienaar, Fellaini, Jelavi\u0107, Mucha, Duffy, Neville, Anichebe, Vellios, Gueye, Mirallas (?).<\/p>\n<p>Clarke bude muset po\u010dkat na zdravotn\u00ed stav kvarteta Marc-Antoine Fortone, Cladio Yacob, Shane Long a Steven Reid. Youssouf Mulumbu se vrac\u00ed z Africk\u00e9ho poh\u00e1ru n\u00e1rod\u016f, ov\u0161em nejsp\u00ed\u0161e stihne a\u017e v\u00edkendov\u00fd program. Dlouhodob\u011b mimo je kv\u016fli poran\u011bn\u00e9mu kolenu Zoltan Gera.<\/p>\n<p><strong>West Brom:<\/strong> Foster, Myhill, Daniels, Reid, Jones, Olsson, McAuley, Tamas, Popov, Ridgewell, Dorrans, Yacob, Thorne, Brunt, Morrison, Thomas, Odemwingie, Long, Lukaku, Fortune, Rosenberg, El Ghanassy, Nabi.<\/p>\n<p><strong>Co:<\/strong>\u00a0Everton FC &#8211; West Bromwich Albion FC, 24. kolo Premier League<br \/>\n<strong>Kdy:<\/strong>\u00a030.01.2013 od 20:45 SE\u010c<br \/>\n<strong>Kde:<\/strong>\u00a0Goodison Park, Liverpool<br \/>\n<strong>Rozhod\u010d\u00ed:<\/strong>\u00a0Michael Oliver<\/p>\n<\/div>\n","protected":false},"excerpt":{"rendered":"<p>Ve\u010dern\u00ed z\u00e1pasy na Goodison Parku posledn\u00ed dobou p\u0159in\u00e1\u0161ej\u00ed Evertonu radost. A proti West Bromu se pl\u00e1nuje dal\u0161\u00ed p\u011bkn\u00fd fotbalov\u00fd ve\u010der&hellip;<\/p>\n","protected":false},"author":6,"featured_media":12056,"comment_status":"open","ping_status":"closed","sticky":false,"template":"","format":"standard","meta":{"_eb_attr":"","_monsterinsights_skip_tracking":false,"_monsterinsights_sitenote_active":false,"_monsterinsights_sitenote_note":"","_monsterinsights_sitenote_category":0,"footnotes":""},"categories":[4],"tags":[],"yoast_head":"<!-- This site is optimized with the Yoast SEO plugin v23.4 - https:\/\/yoast.com\/wordpress\/plugins\/seo\/ -->\n<title>Preview: Everton - West Bromwich Albion - Official Czech &amp; Slovak Everton Supporters&#039; Club<\/title>\n<meta name=\"robots\" content=\"index, follow, max-snippet:-1, max-image-preview:large, max-video-preview:-1\" \/>\n<link rel=\"canonical\" href=\"https:\/\/evertonfc.cz\/index.php\/2013\/01\/29\/preview-everton-west-bromwich-albion-7\/\" \/>\n<meta property=\"og:locale\" content=\"cs_CZ\" \/>\n<meta property=\"og:type\" content=\"article\" \/>\n<meta property=\"og:title\" content=\"Preview: Everton - West Bromwich Albion - Official Czech &amp; Slovak Everton Supporters&#039; Club\" \/>\n<meta property=\"og:description\" content=\"Ve\u010dern\u00ed z\u00e1pasy na Goodison Parku posledn\u00ed dobou p\u0159in\u00e1\u0161ej\u00ed Evertonu radost. A proti West Bromu se pl\u00e1nuje dal\u0161\u00ed p\u011bkn\u00fd fotbalov\u00fd ve\u010der&hellip;\" \/>\n<meta property=\"og:url\" content=\"https:\/\/evertonfc.cz\/index.php\/2013\/01\/29\/preview-everton-west-bromwich-albion-7\/\" \/>\n<meta property=\"og:site_name\" content=\"Official Czech &amp; Slovak Everton Supporters&#039; Club\" \/>\n<meta property=\"article:publisher\" content=\"https:\/\/www.facebook.com\/everton.fans.cz.sk\" \/>\n<meta property=\"article:published_time\" content=\"2013-01-29T13:16:02+00:00\" \/>\n<meta property=\"article:modified_time\" content=\"2020-09-23T18:23:12+00:00\" \/>\n<meta property=\"og:image\" content=\"https:\/\/evertonfc.cz\/wp-content\/uploads\/2020\/09\/Everton-West-Bromwich-18-9-2020.jpg\" \/>\n\t<meta property=\"og:image:width\" content=\"720\" \/>\n\t<meta property=\"og:image:height\" content=\"405\" \/>\n\t<meta property=\"og:image:type\" content=\"image\/jpeg\" \/>\n<meta name=\"author\" content=\"Ri\u010di\" \/>\n<meta name=\"twitter:card\" content=\"summary_large_image\" \/>\n<meta name=\"twitter:creator\" content=\"@rbrejsa\" \/>\n<meta name=\"twitter:label1\" content=\"Napsal(a)\" \/>\n\t<meta name=\"twitter:data1\" content=\"Ri\u010di\" \/>\n\t<meta name=\"twitter:label2\" content=\"Odhadovan\u00e1 doba \u010dten\u00ed\" \/>\n\t<meta name=\"twitter:data2\" content=\"4 minuty\" \/>\n<script type=\"application\/ld+json\" class=\"yoast-schema-graph\">{\"@context\":\"https:\/\/schema.org\",\"@graph\":[{\"@type\":\"Article\",\"@id\":\"https:\/\/evertonfc.cz\/index.php\/2013\/01\/29\/preview-everton-west-bromwich-albion-7\/#article\",\"isPartOf\":{\"@id\":\"https:\/\/evertonfc.cz\/index.php\/2013\/01\/29\/preview-everton-west-bromwich-albion-7\/\"},\"author\":{\"name\":\"Ri\u010di\",\"@id\":\"https:\/\/evertonfc.cz\/#\/schema\/person\/f7a5daedb2ffee98480bc70e191aaef1\"},\"headline\":\"Preview: Everton &#8211; West Bromwich Albion\",\"datePublished\":\"2013-01-29T13:16:02+00:00\",\"dateModified\":\"2020-09-23T18:23:12+00:00\",\"mainEntityOfPage\":{\"@id\":\"https:\/\/evertonfc.cz\/index.php\/2013\/01\/29\/preview-everton-west-bromwich-albion-7\/\"},\"wordCount\":840,\"commentCount\":0,\"publisher\":{\"@id\":\"https:\/\/evertonfc.cz\/#organization\"},\"image\":{\"@id\":\"https:\/\/evertonfc.cz\/index.php\/2013\/01\/29\/preview-everton-west-bromwich-albion-7\/#primaryimage\"},\"thumbnailUrl\":\"https:\/\/evertonfc.cz\/wp-content\/uploads\/2020\/09\/Everton-West-Bromwich-18-9-2020.jpg\",\"articleSection\":[\"Z\u00e1pasy\"],\"inLanguage\":\"cs\",\"potentialAction\":[{\"@type\":\"CommentAction\",\"name\":\"Comment\",\"target\":[\"https:\/\/evertonfc.cz\/index.php\/2013\/01\/29\/preview-everton-west-bromwich-albion-7\/#respond\"]}]},{\"@type\":\"WebPage\",\"@id\":\"https:\/\/evertonfc.cz\/index.php\/2013\/01\/29\/preview-everton-west-bromwich-albion-7\/\",\"url\":\"https:\/\/evertonfc.cz\/index.php\/2013\/01\/29\/preview-everton-west-bromwich-albion-7\/\",\"name\":\"Preview: Everton - West Bromwich Albion - Official Czech &amp; Slovak Everton Supporters&#039; Club\",\"isPartOf\":{\"@id\":\"https:\/\/evertonfc.cz\/#website\"},\"primaryImageOfPage\":{\"@id\":\"https:\/\/evertonfc.cz\/index.php\/2013\/01\/29\/preview-everton-west-bromwich-albion-7\/#primaryimage\"},\"image\":{\"@id\":\"https:\/\/evertonfc.cz\/index.php\/2013\/01\/29\/preview-everton-west-bromwich-albion-7\/#primaryimage\"},\"thumbnailUrl\":\"https:\/\/evertonfc.cz\/wp-content\/uploads\/2020\/09\/Everton-West-Bromwich-18-9-2020.jpg\",\"datePublished\":\"2013-01-29T13:16:02+00:00\",\"dateModified\":\"2020-09-23T18:23:12+00:00\",\"breadcrumb\":{\"@id\":\"https:\/\/evertonfc.cz\/index.php\/2013\/01\/29\/preview-everton-west-bromwich-albion-7\/#breadcrumb\"},\"inLanguage\":\"cs\",\"potentialAction\":[{\"@type\":\"ReadAction\",\"target\":[\"https:\/\/evertonfc.cz\/index.php\/2013\/01\/29\/preview-everton-west-bromwich-albion-7\/\"]}]},{\"@type\":\"ImageObject\",\"inLanguage\":\"cs\",\"@id\":\"https:\/\/evertonfc.cz\/index.php\/2013\/01\/29\/preview-everton-west-bromwich-albion-7\/#primaryimage\",\"url\":\"https:\/\/evertonfc.cz\/wp-content\/uploads\/2020\/09\/Everton-West-Bromwich-18-9-2020.jpg\",\"contentUrl\":\"https:\/\/evertonfc.cz\/wp-content\/uploads\/2020\/09\/Everton-West-Bromwich-18-9-2020.jpg\",\"width\":720,\"height\":405},{\"@type\":\"BreadcrumbList\",\"@id\":\"https:\/\/evertonfc.cz\/index.php\/2013\/01\/29\/preview-everton-west-bromwich-albion-7\/#breadcrumb\",\"itemListElement\":[{\"@type\":\"ListItem\",\"position\":1,\"name\":\"Home\",\"item\":\"https:\/\/evertonfc.cz\/\"},{\"@type\":\"ListItem\",\"position\":2,\"name\":\"Preview: Everton &#8211; West Bromwich Albion\"}]},{\"@type\":\"WebSite\",\"@id\":\"https:\/\/evertonfc.cz\/#website\",\"url\":\"https:\/\/evertonfc.cz\/\",\"name\":\"Official Czech &amp; Slovak Everton Supporters&#039; Club\",\"description\":\"\",\"publisher\":{\"@id\":\"https:\/\/evertonfc.cz\/#organization\"},\"potentialAction\":[{\"@type\":\"SearchAction\",\"target\":{\"@type\":\"EntryPoint\",\"urlTemplate\":\"https:\/\/evertonfc.cz\/?s={search_term_string}\"},\"query-input\":{\"@type\":\"PropertyValueSpecification\",\"valueRequired\":true,\"valueName\":\"search_term_string\"}}],\"inLanguage\":\"cs\"},{\"@type\":\"Organization\",\"@id\":\"https:\/\/evertonfc.cz\/#organization\",\"name\":\"Official Czech & Slovak Everton Supporters' Club\",\"url\":\"https:\/\/evertonfc.cz\/\",\"logo\":{\"@type\":\"ImageObject\",\"inLanguage\":\"cs\",\"@id\":\"https:\/\/evertonfc.cz\/#\/schema\/logo\/image\/\",\"url\":\"https:\/\/evertonfc.cz\/wp-content\/uploads\/2019\/05\/logo.png\",\"contentUrl\":\"https:\/\/evertonfc.cz\/wp-content\/uploads\/2019\/05\/logo.png\",\"width\":112,\"height\":112,\"caption\":\"Official Czech & Slovak Everton Supporters' Club\"},\"image\":{\"@id\":\"https:\/\/evertonfc.cz\/#\/schema\/logo\/image\/\"},\"sameAs\":[\"https:\/\/www.facebook.com\/everton.fans.cz.sk\"]},{\"@type\":\"Person\",\"@id\":\"https:\/\/evertonfc.cz\/#\/schema\/person\/f7a5daedb2ffee98480bc70e191aaef1\",\"name\":\"Ri\u010di\",\"sameAs\":[\"https:\/\/x.com\/rbrejsa\"],\"url\":\"https:\/\/evertonfc.cz\/index.php\/author\/rici\/\"}]}<\/script>\n<!-- \/ Yoast SEO plugin. -->","yoast_head_json":{"title":"Preview: Everton - West Bromwich Albion - Official Czech &amp; Slovak Everton Supporters&#039; Club","robots":{"index":"index","follow":"follow","max-snippet":"max-snippet:-1","max-image-preview":"max-image-preview:large","max-video-preview":"max-video-preview:-1"},"canonical":"https:\/\/evertonfc.cz\/index.php\/2013\/01\/29\/preview-everton-west-bromwich-albion-7\/","og_locale":"cs_CZ","og_type":"article","og_title":"Preview: Everton - West Bromwich Albion - Official Czech &amp; Slovak Everton Supporters&#039; Club","og_description":"Ve\u010dern\u00ed z\u00e1pasy na Goodison Parku posledn\u00ed dobou p\u0159in\u00e1\u0161ej\u00ed Evertonu radost. A proti West Bromu se pl\u00e1nuje dal\u0161\u00ed p\u011bkn\u00fd fotbalov\u00fd ve\u010der&hellip;","og_url":"https:\/\/evertonfc.cz\/index.php\/2013\/01\/29\/preview-everton-west-bromwich-albion-7\/","og_site_name":"Official Czech &amp; Slovak Everton Supporters&#039; Club","article_publisher":"https:\/\/www.facebook.com\/everton.fans.cz.sk","article_published_time":"2013-01-29T13:16:02+00:00","article_modified_time":"2020-09-23T18:23:12+00:00","og_image":[{"width":720,"height":405,"url":"https:\/\/evertonfc.cz\/wp-content\/uploads\/2020\/09\/Everton-West-Bromwich-18-9-2020.jpg","type":"image\/jpeg"}],"author":"Ri\u010di","twitter_card":"summary_large_image","twitter_creator":"@rbrejsa","twitter_misc":{"Napsal(a)":"Ri\u010di","Odhadovan\u00e1 doba \u010dten\u00ed":"4 minuty"},"schema":{"@context":"https:\/\/schema.org","@graph":[{"@type":"Article","@id":"https:\/\/evertonfc.cz\/index.php\/2013\/01\/29\/preview-everton-west-bromwich-albion-7\/#article","isPartOf":{"@id":"https:\/\/evertonfc.cz\/index.php\/2013\/01\/29\/preview-everton-west-bromwich-albion-7\/"},"author":{"name":"Ri\u010di","@id":"https:\/\/evertonfc.cz\/#\/schema\/person\/f7a5daedb2ffee98480bc70e191aaef1"},"headline":"Preview: Everton &#8211; West Bromwich Albion","datePublished":"2013-01-29T13:16:02+00:00","dateModified":"2020-09-23T18:23:12+00:00","mainEntityOfPage":{"@id":"https:\/\/evertonfc.cz\/index.php\/2013\/01\/29\/preview-everton-west-bromwich-albion-7\/"},"wordCount":840,"commentCount":0,"publisher":{"@id":"https:\/\/evertonfc.cz\/#organization"},"image":{"@id":"https:\/\/evertonfc.cz\/index.php\/2013\/01\/29\/preview-everton-west-bromwich-albion-7\/#primaryimage"},"thumbnailUrl":"https:\/\/evertonfc.cz\/wp-content\/uploads\/2020\/09\/Everton-West-Bromwich-18-9-2020.jpg","articleSection":["Z\u00e1pasy"],"inLanguage":"cs","potentialAction":[{"@type":"CommentAction","name":"Comment","target":["https:\/\/evertonfc.cz\/index.php\/2013\/01\/29\/preview-everton-west-bromwich-albion-7\/#respond"]}]},{"@type":"WebPage","@id":"https:\/\/evertonfc.cz\/index.php\/2013\/01\/29\/preview-everton-west-bromwich-albion-7\/","url":"https:\/\/evertonfc.cz\/index.php\/2013\/01\/29\/preview-everton-west-bromwich-albion-7\/","name":"Preview: Everton - West Bromwich Albion - Official Czech &amp; Slovak Everton Supporters&#039; Club","isPartOf":{"@id":"https:\/\/evertonfc.cz\/#website"},"primaryImageOfPage":{"@id":"https:\/\/evertonfc.cz\/index.php\/2013\/01\/29\/preview-everton-west-bromwich-albion-7\/#primaryimage"},"image":{"@id":"https:\/\/evertonfc.cz\/index.php\/2013\/01\/29\/preview-everton-west-bromwich-albion-7\/#primaryimage"},"thumbnailUrl":"https:\/\/evertonfc.cz\/wp-content\/uploads\/2020\/09\/Everton-West-Bromwich-18-9-2020.jpg","datePublished":"2013-01-29T13:16:02+00:00","dateModified":"2020-09-23T18:23:12+00:00","breadcrumb":{"@id":"https:\/\/evertonfc.cz\/index.php\/2013\/01\/29\/preview-everton-west-bromwich-albion-7\/#breadcrumb"},"inLanguage":"cs","potentialAction":[{"@type":"ReadAction","target":["https:\/\/evertonfc.cz\/index.php\/2013\/01\/29\/preview-everton-west-bromwich-albion-7\/"]}]},{"@type":"ImageObject","inLanguage":"cs","@id":"https:\/\/evertonfc.cz\/index.php\/2013\/01\/29\/preview-everton-west-bromwich-albion-7\/#primaryimage","url":"https:\/\/evertonfc.cz\/wp-content\/uploads\/2020\/09\/Everton-West-Bromwich-18-9-2020.jpg","contentUrl":"https:\/\/evertonfc.cz\/wp-content\/uploads\/2020\/09\/Everton-West-Bromwich-18-9-2020.jpg","width":720,"height":405},{"@type":"BreadcrumbList","@id":"https:\/\/evertonfc.cz\/index.php\/2013\/01\/29\/preview-everton-west-bromwich-albion-7\/#breadcrumb","itemListElement":[{"@type":"ListItem","position":1,"name":"Home","item":"https:\/\/evertonfc.cz\/"},{"@type":"ListItem","position":2,"name":"Preview: Everton &#8211; West Bromwich Albion"}]},{"@type":"WebSite","@id":"https:\/\/evertonfc.cz\/#website","url":"https:\/\/evertonfc.cz\/","name":"Official Czech &amp; Slovak Everton Supporters&#039; Club","description":"","publisher":{"@id":"https:\/\/evertonfc.cz\/#organization"},"potentialAction":[{"@type":"SearchAction","target":{"@type":"EntryPoint","urlTemplate":"https:\/\/evertonfc.cz\/?s={search_term_string}"},"query-input":{"@type":"PropertyValueSpecification","valueRequired":true,"valueName":"search_term_string"}}],"inLanguage":"cs"},{"@type":"Organization","@id":"https:\/\/evertonfc.cz\/#organization","name":"Official Czech & Slovak Everton Supporters' Club","url":"https:\/\/evertonfc.cz\/","logo":{"@type":"ImageObject","inLanguage":"cs","@id":"https:\/\/evertonfc.cz\/#\/schema\/logo\/image\/","url":"https:\/\/evertonfc.cz\/wp-content\/uploads\/2019\/05\/logo.png","contentUrl":"https:\/\/evertonfc.cz\/wp-content\/uploads\/2019\/05\/logo.png","width":112,"height":112,"caption":"Official Czech & Slovak Everton Supporters' Club"},"image":{"@id":"https:\/\/evertonfc.cz\/#\/schema\/logo\/image\/"},"sameAs":["https:\/\/www.facebook.com\/everton.fans.cz.sk"]},{"@type":"Person","@id":"https:\/\/evertonfc.cz\/#\/schema\/person\/f7a5daedb2ffee98480bc70e191aaef1","name":"Ri\u010di","sameAs":["https:\/\/x.com\/rbrejsa"],"url":"https:\/\/evertonfc.cz\/index.php\/author\/rici\/"}]}},"_links":{"self":[{"href":"https:\/\/evertonfc.cz\/index.php\/wp-json\/wp\/v2\/posts\/5728"}],"collection":[{"href":"https:\/\/evertonfc.cz\/index.php\/wp-json\/wp\/v2\/posts"}],"about":[{"href":"https:\/\/evertonfc.cz\/index.php\/wp-json\/wp\/v2\/types\/post"}],"author":[{"embeddable":true,"href":"https:\/\/evertonfc.cz\/index.php\/wp-json\/wp\/v2\/users\/6"}],"replies":[{"embeddable":true,"href":"https:\/\/evertonfc.cz\/index.php\/wp-json\/wp\/v2\/comments?post=5728"}],"version-history":[{"count":3,"href":"https:\/\/evertonfc.cz\/index.php\/wp-json\/wp\/v2\/posts\/5728\/revisions"}],"predecessor-version":[{"id":5797,"href":"https:\/\/evertonfc.cz\/index.php\/wp-json\/wp\/v2\/posts\/5728\/revisions\/5797"}],"wp:featuredmedia":[{"embeddable":true,"href":"https:\/\/evertonfc.cz\/index.php\/wp-json\/wp\/v2\/media\/12056"}],"wp:attachment":[{"href":"https:\/\/evertonfc.cz\/index.php\/wp-json\/wp\/v2\/media?parent=5728"}],"wp:term":[{"taxonomy":"category","embeddable":true,"href":"https:\/\/evertonfc.cz\/index.php\/wp-json\/wp\/v2\/categories?post=5728"},{"taxonomy":"post_tag","embeddable":true,"href":"https:\/\/evertonfc.cz\/index.php\/wp-json\/wp\/v2\/tags?post=5728"}],"curies":[{"name":"wp","href":"https:\/\/api.w.org\/{rel}","templated":true}]}}