{"id":5732,"date":"2013-01-28T14:18:19","date_gmt":"2013-01-28T13:18:19","guid":{"rendered":"http:\/\/evertonfc.cz\/?p=5732"},"modified":"2019-02-15T15:34:53","modified_gmt":"2019-02-15T14:34:53","slug":"heitinga-neodchazi-naopak-chce-do-sestavy","status":"publish","type":"post","link":"https:\/\/evertonfc.cz\/index.php\/2013\/01\/28\/heitinga-neodchazi-naopak-chce-do-sestavy\/","title":{"rendered":"Heitinga neodch\u00e1z\u00ed, naopak chce do sestavy"},"content":{"rendered":"<h4 id=\"NewsPostDetailSummary\">Johny Heitinga si o v\u00edkend u\u017eil moment sl\u00e1vy, kdy\u017e rozhodl o postupu v FA Cupu. Na v\u00edt\u011bzn\u00fd g\u00f3l tou\u017e\u00ed nav\u00e1zat a zabojovat o m\u00edsto v z\u00e1kladn\u00ed sestav\u011b.<\/h4>\n<div id=\"NewsPostDetailContent\">\n<p>Holan\u010fan v sobotu vst\u0159elil v nastaven\u00ed branku na 2:1, kter\u00e1 zajistila v\u00fdhru nad Boltonem a postup mezi \u0161estn\u00e1ct nejlep\u0161\u00edch t\u00fdm\u016f FA Cupu. Jinak ale neza\u017e\u00edv\u00e1 nejlep\u0161\u00ed obdob\u00ed, ve stopersk\u00e9 dvojici dost\u00e1vaj\u00ed p\u0159ednost Jagielka s Distinem, a tak na Heitingu v leto\u0161n\u00ed sez\u00f3n\u011b \u010dasto zb\u00fdv\u00e1 pouze m\u00edsto na lavi\u010dce n\u00e1hradn\u00edk\u016f. Nav\u00edc v minul\u00e9 sezon\u011b nejlep\u0161\u00ed klubov\u00fd hr\u00e1\u010d, pokud u\u017e se objev\u00ed na h\u0159i\u0161ti, nep\u0159edv\u00e1d\u00ed oslniv\u00e9 v\u00fdkony. Proto se cel\u00fd leden spekuluje o jeho odchodu z Goodison Parku. Co na tom s\u00e1m fotbalista?<\/p>\n<p><em>\u201eD\u0159u tvrd\u011b, abych se dostal zp\u011bt do z\u00e1kladn\u00ed jeden\u00e1ctky. Jsem bojovn\u00edk, nevzd\u00e1m se. Jestli\u017ee se mana\u017eer rozhodn\u011b m\u011b nepostavit, je to jeho rozhodnut\u00ed a j\u00e1 se mohu pouze soust\u0159edit na chv\u00edle, kdy \u0161anci dostanu. Snad v\u0161em uk\u00e1\u017ei, \u017ee jsem st\u00e1le stejn\u00e1 osoba jako minulou sez\u00f3nu.<\/em><\/p>\n<p><em>Pro hr\u00e1\u010de je nejd\u016fle\u017eit\u011bj\u0161\u00ed, aby v\u011b\u0159il ve sv\u00e9 schopnosti a odevzd\u00e1val maximum, to mus\u00ed b\u00fdt na prvn\u00edm m\u00edst\u011b. Na\u0161e mu\u017estvo p\u0159edv\u00e1d\u00ed v leto\u0161n\u00ed sez\u00f3n\u011b dobr\u00e9 v\u00fdkony, ov\u0161em hr\u00e1\u010d pot\u0159ebuje nastupovat pravideln\u011b, jenom tehdy uk\u00e1\u017ee sv\u016fj potenci\u00e1l. Mluvil jsem s mana\u017eerem \u2013 on je spokojen\u00fd se mnou a j\u00e1 jsem spokojen\u00fd v Evertonu.<\/em><\/p>\n<p><em>Jsem nad\u0161en\u00fd v\u00edt\u011bznou brankou, je\u017e jsem vst\u0159elil p\u0159\u00edmo p\u0159ed na\u0161imi fanou\u0161ky. Chovali se skv\u011ble. Dle m\u00e9ho kdyby Bolton Wanderers mohl prodat Evertonians v\u0161echny l\u00edstky, zaplnili by cel\u00fd stadion.\u201c<\/em><\/p>\n<p>Branka z 91. minuty nese po\u0159adov\u00e9 \u010d\u00edslo \u010dty\u0159i, co se t\u00fd\u010de p\u016fsoben\u00ed Heitingy u Toffees. Dev\u011btadvacetilet\u00fd obr\u00e1nce samoz\u0159ejm\u011b pokukuje po dal\u0161\u00edch g\u00f3lech.\u00a0<em>\u201eZa mou kari\u00e9ru jsem n\u011bkolikr\u00e1t sk\u00f3roval, bohu\u017eel v Evertonu se p\u0159\u00edli\u0161 g\u00f3lov\u011b neprosazuji, proto m\u011b sobotn\u00ed trefa t\u011b\u0161\u00ed. Jakmile jsem kopnul do m\u00ed\u010de, tu\u0161il jsem u\u017e g\u00f3l.<\/em><\/p>\n<p><em>Utk\u00e1n\u00ed jsme za\u010dali dob\u0159e, av\u0161ak Bolton n\u00e1s postupem \u010dasu za\u010dal p\u0159ehr\u00e1vat. Nen\u00ed lehk\u00e9 hr\u00e1t v FA Cupu na venkovn\u00edch h\u0159i\u0161t\u00edch. Po\u010d\u00edt\u00e1 se ale hlavn\u011b v\u00edt\u011bzstv\u00ed, na\u0161t\u011bst\u00ed nemus\u00edme st\u0159etnut\u00ed opakovat. Bolton si zaslou\u017e\u00ed uzn\u00e1n\u00ed, p\u0159i pr\u00e1ci s m\u00ed\u010dem vypadal solidn\u011b. N\u011bkdy pot\u0159ebujete trochu \u0161t\u011bst\u00ed a to n\u00e1s v sobotu potkalo. \u0160li jsme mu v\u0161ak naproti.<\/em><\/p>\n<p><em>V Anglii se hraje mnoho z\u00e1pas\u016f, proto jsme se r\u00e1di vyhnuli opakovan\u00e9mu duelu. Sna\u017e\u00edme se kvalifikovat p\u0159ed ligu do evropsk\u00fdch poh\u00e1r\u016f, chceme tak\u00e9 usp\u011bt v FA Cupu, z\u00a0n\u011bho\u017e vede cesta do Evropy t\u00e9\u017e. St\u00e1le v n\u011bm m\u016f\u017eeme usp\u011bt, p\u0159ejeme si doj\u00edt d\u00e1le ne\u017e minul\u00fd rok.\u201c<\/em><\/p>\n<p>David Moyes vylou\u010dil odchod Heitinga zcela razantn\u00edm prohl\u00e1\u0161en\u00edm:<em>\u00a0\u201eNebudu se zbavovat Heitingy, proto\u017ee nejsme ve st\u0159edu obranu p\u0159\u00edli\u0161 zabezpe\u010deni. Jeho prodej by nebyl rozumn\u00fd.\u201c <\/em>Skot si dob\u0159e uv\u011bdomuje situaci. S \u00fazk\u00fdm k\u00e1drem bojuje o p\u0159edn\u00ed p\u0159\u00ed\u010dky Premier League a oslabovat rozhodn\u011b nehodl\u00e1.<\/p>\n<\/div>\n","protected":false},"excerpt":{"rendered":"<p>Johny Heitinga si o v\u00edkend u\u017eil moment sl\u00e1vy, kdy\u017e rozhodl o postupu v FA Cupu. Na v\u00edt\u011bzn\u00fd g\u00f3l tou\u017e\u00ed nav\u00e1zat&hellip;<\/p>\n","protected":false},"author":6,"featured_media":1313,"comment_status":"open","ping_status":"closed","sticky":false,"template":"","format":"standard","meta":{"_eb_attr":"","_monsterinsights_skip_tracking":false,"_monsterinsights_sitenote_active":false,"_monsterinsights_sitenote_note":"","_monsterinsights_sitenote_category":0,"footnotes":""},"categories":[42,1],"tags":[],"yoast_head":"<!-- This site is optimized with the Yoast SEO plugin v23.4 - https:\/\/yoast.com\/wordpress\/plugins\/seo\/ -->\n<title>Heitinga neodch\u00e1z\u00ed, naopak chce do sestavy - Official Czech &amp; Slovak Everton Supporters&#039; Club<\/title>\n<meta name=\"robots\" content=\"index, follow, max-snippet:-1, max-image-preview:large, max-video-preview:-1\" \/>\n<link rel=\"canonical\" href=\"https:\/\/evertonfc.cz\/index.php\/2013\/01\/28\/heitinga-neodchazi-naopak-chce-do-sestavy\/\" \/>\n<meta property=\"og:locale\" content=\"cs_CZ\" \/>\n<meta property=\"og:type\" content=\"article\" \/>\n<meta property=\"og:title\" content=\"Heitinga neodch\u00e1z\u00ed, naopak chce do sestavy - Official Czech &amp; Slovak Everton Supporters&#039; Club\" \/>\n<meta property=\"og:description\" content=\"Johny Heitinga si o v\u00edkend u\u017eil moment sl\u00e1vy, kdy\u017e rozhodl o postupu v FA Cupu. Na v\u00edt\u011bzn\u00fd g\u00f3l tou\u017e\u00ed nav\u00e1zat&hellip;\" \/>\n<meta property=\"og:url\" content=\"https:\/\/evertonfc.cz\/index.php\/2013\/01\/28\/heitinga-neodchazi-naopak-chce-do-sestavy\/\" \/>\n<meta property=\"og:site_name\" content=\"Official Czech &amp; Slovak Everton Supporters&#039; Club\" \/>\n<meta property=\"article:publisher\" content=\"https:\/\/www.facebook.com\/everton.fans.cz.sk\" \/>\n<meta property=\"article:published_time\" content=\"2013-01-28T13:18:19+00:00\" \/>\n<meta property=\"article:modified_time\" content=\"2019-02-15T14:34:53+00:00\" \/>\n<meta property=\"og:image\" content=\"https:\/\/evertonfc.cz\/wp-content\/uploads\/2019\/01\/news.jpg\" \/>\n\t<meta property=\"og:image:width\" content=\"720\" \/>\n\t<meta property=\"og:image:height\" content=\"405\" \/>\n\t<meta property=\"og:image:type\" content=\"image\/jpeg\" \/>\n<meta name=\"author\" content=\"Ri\u010di\" \/>\n<meta name=\"twitter:card\" content=\"summary_large_image\" \/>\n<meta name=\"twitter:creator\" content=\"@rbrejsa\" \/>\n<meta name=\"twitter:label1\" content=\"Napsal(a)\" \/>\n\t<meta name=\"twitter:data1\" content=\"Ri\u010di\" \/>\n\t<meta name=\"twitter:label2\" content=\"Odhadovan\u00e1 doba \u010dten\u00ed\" \/>\n\t<meta name=\"twitter:data2\" content=\"3 minuty\" \/>\n<script type=\"application\/ld+json\" class=\"yoast-schema-graph\">{\"@context\":\"https:\/\/schema.org\",\"@graph\":[{\"@type\":\"Article\",\"@id\":\"https:\/\/evertonfc.cz\/index.php\/2013\/01\/28\/heitinga-neodchazi-naopak-chce-do-sestavy\/#article\",\"isPartOf\":{\"@id\":\"https:\/\/evertonfc.cz\/index.php\/2013\/01\/28\/heitinga-neodchazi-naopak-chce-do-sestavy\/\"},\"author\":{\"name\":\"Ri\u010di\",\"@id\":\"https:\/\/evertonfc.cz\/#\/schema\/person\/f7a5daedb2ffee98480bc70e191aaef1\"},\"headline\":\"Heitinga neodch\u00e1z\u00ed, naopak chce do sestavy\",\"datePublished\":\"2013-01-28T13:18:19+00:00\",\"dateModified\":\"2019-02-15T14:34:53+00:00\",\"mainEntityOfPage\":{\"@id\":\"https:\/\/evertonfc.cz\/index.php\/2013\/01\/28\/heitinga-neodchazi-naopak-chce-do-sestavy\/\"},\"wordCount\":586,\"commentCount\":0,\"publisher\":{\"@id\":\"https:\/\/evertonfc.cz\/#organization\"},\"image\":{\"@id\":\"https:\/\/evertonfc.cz\/index.php\/2013\/01\/28\/heitinga-neodchazi-naopak-chce-do-sestavy\/#primaryimage\"},\"thumbnailUrl\":\"https:\/\/evertonfc.cz\/wp-content\/uploads\/2019\/01\/news.jpg\",\"articleSection\":[\"Aktuality\",\"Rozhovory\"],\"inLanguage\":\"cs\",\"potentialAction\":[{\"@type\":\"CommentAction\",\"name\":\"Comment\",\"target\":[\"https:\/\/evertonfc.cz\/index.php\/2013\/01\/28\/heitinga-neodchazi-naopak-chce-do-sestavy\/#respond\"]}]},{\"@type\":\"WebPage\",\"@id\":\"https:\/\/evertonfc.cz\/index.php\/2013\/01\/28\/heitinga-neodchazi-naopak-chce-do-sestavy\/\",\"url\":\"https:\/\/evertonfc.cz\/index.php\/2013\/01\/28\/heitinga-neodchazi-naopak-chce-do-sestavy\/\",\"name\":\"Heitinga neodch\u00e1z\u00ed, naopak chce do sestavy - Official Czech &amp; Slovak Everton Supporters&#039; Club\",\"isPartOf\":{\"@id\":\"https:\/\/evertonfc.cz\/#website\"},\"primaryImageOfPage\":{\"@id\":\"https:\/\/evertonfc.cz\/index.php\/2013\/01\/28\/heitinga-neodchazi-naopak-chce-do-sestavy\/#primaryimage\"},\"image\":{\"@id\":\"https:\/\/evertonfc.cz\/index.php\/2013\/01\/28\/heitinga-neodchazi-naopak-chce-do-sestavy\/#primaryimage\"},\"thumbnailUrl\":\"https:\/\/evertonfc.cz\/wp-content\/uploads\/2019\/01\/news.jpg\",\"datePublished\":\"2013-01-28T13:18:19+00:00\",\"dateModified\":\"2019-02-15T14:34:53+00:00\",\"breadcrumb\":{\"@id\":\"https:\/\/evertonfc.cz\/index.php\/2013\/01\/28\/heitinga-neodchazi-naopak-chce-do-sestavy\/#breadcrumb\"},\"inLanguage\":\"cs\",\"potentialAction\":[{\"@type\":\"ReadAction\",\"target\":[\"https:\/\/evertonfc.cz\/index.php\/2013\/01\/28\/heitinga-neodchazi-naopak-chce-do-sestavy\/\"]}]},{\"@type\":\"ImageObject\",\"inLanguage\":\"cs\",\"@id\":\"https:\/\/evertonfc.cz\/index.php\/2013\/01\/28\/heitinga-neodchazi-naopak-chce-do-sestavy\/#primaryimage\",\"url\":\"https:\/\/evertonfc.cz\/wp-content\/uploads\/2019\/01\/news.jpg\",\"contentUrl\":\"https:\/\/evertonfc.cz\/wp-content\/uploads\/2019\/01\/news.jpg\",\"width\":720,\"height\":405},{\"@type\":\"BreadcrumbList\",\"@id\":\"https:\/\/evertonfc.cz\/index.php\/2013\/01\/28\/heitinga-neodchazi-naopak-chce-do-sestavy\/#breadcrumb\",\"itemListElement\":[{\"@type\":\"ListItem\",\"position\":1,\"name\":\"Home\",\"item\":\"https:\/\/evertonfc.cz\/\"},{\"@type\":\"ListItem\",\"position\":2,\"name\":\"Heitinga neodch\u00e1z\u00ed, naopak chce do sestavy\"}]},{\"@type\":\"WebSite\",\"@id\":\"https:\/\/evertonfc.cz\/#website\",\"url\":\"https:\/\/evertonfc.cz\/\",\"name\":\"Official Czech &amp; Slovak Everton Supporters&#039; Club\",\"description\":\"\",\"publisher\":{\"@id\":\"https:\/\/evertonfc.cz\/#organization\"},\"potentialAction\":[{\"@type\":\"SearchAction\",\"target\":{\"@type\":\"EntryPoint\",\"urlTemplate\":\"https:\/\/evertonfc.cz\/?s={search_term_string}\"},\"query-input\":{\"@type\":\"PropertyValueSpecification\",\"valueRequired\":true,\"valueName\":\"search_term_string\"}}],\"inLanguage\":\"cs\"},{\"@type\":\"Organization\",\"@id\":\"https:\/\/evertonfc.cz\/#organization\",\"name\":\"Official Czech & Slovak Everton Supporters' Club\",\"url\":\"https:\/\/evertonfc.cz\/\",\"logo\":{\"@type\":\"ImageObject\",\"inLanguage\":\"cs\",\"@id\":\"https:\/\/evertonfc.cz\/#\/schema\/logo\/image\/\",\"url\":\"https:\/\/evertonfc.cz\/wp-content\/uploads\/2019\/05\/logo.png\",\"contentUrl\":\"https:\/\/evertonfc.cz\/wp-content\/uploads\/2019\/05\/logo.png\",\"width\":112,\"height\":112,\"caption\":\"Official Czech & Slovak Everton Supporters' Club\"},\"image\":{\"@id\":\"https:\/\/evertonfc.cz\/#\/schema\/logo\/image\/\"},\"sameAs\":[\"https:\/\/www.facebook.com\/everton.fans.cz.sk\"]},{\"@type\":\"Person\",\"@id\":\"https:\/\/evertonfc.cz\/#\/schema\/person\/f7a5daedb2ffee98480bc70e191aaef1\",\"name\":\"Ri\u010di\",\"sameAs\":[\"https:\/\/x.com\/rbrejsa\"],\"url\":\"https:\/\/evertonfc.cz\/index.php\/author\/rici\/\"}]}<\/script>\n<!-- \/ Yoast SEO plugin. -->","yoast_head_json":{"title":"Heitinga neodch\u00e1z\u00ed, naopak chce do sestavy - Official Czech &amp; Slovak Everton Supporters&#039; Club","robots":{"index":"index","follow":"follow","max-snippet":"max-snippet:-1","max-image-preview":"max-image-preview:large","max-video-preview":"max-video-preview:-1"},"canonical":"https:\/\/evertonfc.cz\/index.php\/2013\/01\/28\/heitinga-neodchazi-naopak-chce-do-sestavy\/","og_locale":"cs_CZ","og_type":"article","og_title":"Heitinga neodch\u00e1z\u00ed, naopak chce do sestavy - Official Czech &amp; Slovak Everton Supporters&#039; Club","og_description":"Johny Heitinga si o v\u00edkend u\u017eil moment sl\u00e1vy, kdy\u017e rozhodl o postupu v FA Cupu. Na v\u00edt\u011bzn\u00fd g\u00f3l tou\u017e\u00ed nav\u00e1zat&hellip;","og_url":"https:\/\/evertonfc.cz\/index.php\/2013\/01\/28\/heitinga-neodchazi-naopak-chce-do-sestavy\/","og_site_name":"Official Czech &amp; Slovak Everton Supporters&#039; Club","article_publisher":"https:\/\/www.facebook.com\/everton.fans.cz.sk","article_published_time":"2013-01-28T13:18:19+00:00","article_modified_time":"2019-02-15T14:34:53+00:00","og_image":[{"width":720,"height":405,"url":"https:\/\/evertonfc.cz\/wp-content\/uploads\/2019\/01\/news.jpg","type":"image\/jpeg"}],"author":"Ri\u010di","twitter_card":"summary_large_image","twitter_creator":"@rbrejsa","twitter_misc":{"Napsal(a)":"Ri\u010di","Odhadovan\u00e1 doba \u010dten\u00ed":"3 minuty"},"schema":{"@context":"https:\/\/schema.org","@graph":[{"@type":"Article","@id":"https:\/\/evertonfc.cz\/index.php\/2013\/01\/28\/heitinga-neodchazi-naopak-chce-do-sestavy\/#article","isPartOf":{"@id":"https:\/\/evertonfc.cz\/index.php\/2013\/01\/28\/heitinga-neodchazi-naopak-chce-do-sestavy\/"},"author":{"name":"Ri\u010di","@id":"https:\/\/evertonfc.cz\/#\/schema\/person\/f7a5daedb2ffee98480bc70e191aaef1"},"headline":"Heitinga neodch\u00e1z\u00ed, naopak chce do sestavy","datePublished":"2013-01-28T13:18:19+00:00","dateModified":"2019-02-15T14:34:53+00:00","mainEntityOfPage":{"@id":"https:\/\/evertonfc.cz\/index.php\/2013\/01\/28\/heitinga-neodchazi-naopak-chce-do-sestavy\/"},"wordCount":586,"commentCount":0,"publisher":{"@id":"https:\/\/evertonfc.cz\/#organization"},"image":{"@id":"https:\/\/evertonfc.cz\/index.php\/2013\/01\/28\/heitinga-neodchazi-naopak-chce-do-sestavy\/#primaryimage"},"thumbnailUrl":"https:\/\/evertonfc.cz\/wp-content\/uploads\/2019\/01\/news.jpg","articleSection":["Aktuality","Rozhovory"],"inLanguage":"cs","potentialAction":[{"@type":"CommentAction","name":"Comment","target":["https:\/\/evertonfc.cz\/index.php\/2013\/01\/28\/heitinga-neodchazi-naopak-chce-do-sestavy\/#respond"]}]},{"@type":"WebPage","@id":"https:\/\/evertonfc.cz\/index.php\/2013\/01\/28\/heitinga-neodchazi-naopak-chce-do-sestavy\/","url":"https:\/\/evertonfc.cz\/index.php\/2013\/01\/28\/heitinga-neodchazi-naopak-chce-do-sestavy\/","name":"Heitinga neodch\u00e1z\u00ed, naopak chce do sestavy - Official Czech &amp; Slovak Everton Supporters&#039; Club","isPartOf":{"@id":"https:\/\/evertonfc.cz\/#website"},"primaryImageOfPage":{"@id":"https:\/\/evertonfc.cz\/index.php\/2013\/01\/28\/heitinga-neodchazi-naopak-chce-do-sestavy\/#primaryimage"},"image":{"@id":"https:\/\/evertonfc.cz\/index.php\/2013\/01\/28\/heitinga-neodchazi-naopak-chce-do-sestavy\/#primaryimage"},"thumbnailUrl":"https:\/\/evertonfc.cz\/wp-content\/uploads\/2019\/01\/news.jpg","datePublished":"2013-01-28T13:18:19+00:00","dateModified":"2019-02-15T14:34:53+00:00","breadcrumb":{"@id":"https:\/\/evertonfc.cz\/index.php\/2013\/01\/28\/heitinga-neodchazi-naopak-chce-do-sestavy\/#breadcrumb"},"inLanguage":"cs","potentialAction":[{"@type":"ReadAction","target":["https:\/\/evertonfc.cz\/index.php\/2013\/01\/28\/heitinga-neodchazi-naopak-chce-do-sestavy\/"]}]},{"@type":"ImageObject","inLanguage":"cs","@id":"https:\/\/evertonfc.cz\/index.php\/2013\/01\/28\/heitinga-neodchazi-naopak-chce-do-sestavy\/#primaryimage","url":"https:\/\/evertonfc.cz\/wp-content\/uploads\/2019\/01\/news.jpg","contentUrl":"https:\/\/evertonfc.cz\/wp-content\/uploads\/2019\/01\/news.jpg","width":720,"height":405},{"@type":"BreadcrumbList","@id":"https:\/\/evertonfc.cz\/index.php\/2013\/01\/28\/heitinga-neodchazi-naopak-chce-do-sestavy\/#breadcrumb","itemListElement":[{"@type":"ListItem","position":1,"name":"Home","item":"https:\/\/evertonfc.cz\/"},{"@type":"ListItem","position":2,"name":"Heitinga neodch\u00e1z\u00ed, naopak chce do sestavy"}]},{"@type":"WebSite","@id":"https:\/\/evertonfc.cz\/#website","url":"https:\/\/evertonfc.cz\/","name":"Official Czech &amp; Slovak Everton Supporters&#039; Club","description":"","publisher":{"@id":"https:\/\/evertonfc.cz\/#organization"},"potentialAction":[{"@type":"SearchAction","target":{"@type":"EntryPoint","urlTemplate":"https:\/\/evertonfc.cz\/?s={search_term_string}"},"query-input":{"@type":"PropertyValueSpecification","valueRequired":true,"valueName":"search_term_string"}}],"inLanguage":"cs"},{"@type":"Organization","@id":"https:\/\/evertonfc.cz\/#organization","name":"Official Czech & Slovak Everton Supporters' Club","url":"https:\/\/evertonfc.cz\/","logo":{"@type":"ImageObject","inLanguage":"cs","@id":"https:\/\/evertonfc.cz\/#\/schema\/logo\/image\/","url":"https:\/\/evertonfc.cz\/wp-content\/uploads\/2019\/05\/logo.png","contentUrl":"https:\/\/evertonfc.cz\/wp-content\/uploads\/2019\/05\/logo.png","width":112,"height":112,"caption":"Official Czech & Slovak Everton Supporters' Club"},"image":{"@id":"https:\/\/evertonfc.cz\/#\/schema\/logo\/image\/"},"sameAs":["https:\/\/www.facebook.com\/everton.fans.cz.sk"]},{"@type":"Person","@id":"https:\/\/evertonfc.cz\/#\/schema\/person\/f7a5daedb2ffee98480bc70e191aaef1","name":"Ri\u010di","sameAs":["https:\/\/x.com\/rbrejsa"],"url":"https:\/\/evertonfc.cz\/index.php\/author\/rici\/"}]}},"_links":{"self":[{"href":"https:\/\/evertonfc.cz\/index.php\/wp-json\/wp\/v2\/posts\/5732"}],"collection":[{"href":"https:\/\/evertonfc.cz\/index.php\/wp-json\/wp\/v2\/posts"}],"about":[{"href":"https:\/\/evertonfc.cz\/index.php\/wp-json\/wp\/v2\/types\/post"}],"author":[{"embeddable":true,"href":"https:\/\/evertonfc.cz\/index.php\/wp-json\/wp\/v2\/users\/6"}],"replies":[{"embeddable":true,"href":"https:\/\/evertonfc.cz\/index.php\/wp-json\/wp\/v2\/comments?post=5732"}],"version-history":[{"count":3,"href":"https:\/\/evertonfc.cz\/index.php\/wp-json\/wp\/v2\/posts\/5732\/revisions"}],"predecessor-version":[{"id":5799,"href":"https:\/\/evertonfc.cz\/index.php\/wp-json\/wp\/v2\/posts\/5732\/revisions\/5799"}],"wp:featuredmedia":[{"embeddable":true,"href":"https:\/\/evertonfc.cz\/index.php\/wp-json\/wp\/v2\/media\/1313"}],"wp:attachment":[{"href":"https:\/\/evertonfc.cz\/index.php\/wp-json\/wp\/v2\/media?parent=5732"}],"wp:term":[{"taxonomy":"category","embeddable":true,"href":"https:\/\/evertonfc.cz\/index.php\/wp-json\/wp\/v2\/categories?post=5732"},{"taxonomy":"post_tag","embeddable":true,"href":"https:\/\/evertonfc.cz\/index.php\/wp-json\/wp\/v2\/tags?post=5732"}],"curies":[{"name":"wp","href":"https:\/\/api.w.org\/{rel}","templated":true}]}}