{"id":5806,"date":"2011-10-28T17:08:33","date_gmt":"2011-10-28T15:08:33","guid":{"rendered":"http:\/\/evertonfc.cz\/?p=5806"},"modified":"2020-11-06T12:37:45","modified_gmt":"2020-11-06T11:37:45","slug":"preview-everton-manchester-united-8","status":"publish","type":"post","link":"https:\/\/evertonfc.cz\/index.php\/2011\/10\/28\/preview-everton-manchester-united-8\/","title":{"rendered":"Preview: Everton &#8211; Manchester United"},"content":{"rendered":"<h4 id=\"NewsPostDetailSummary\">Na Goodison Park po sobotn\u00edm ob\u011bd\u011b zav\u00edtaj\u00ed \u00fa\u0159aduj\u00edc\u00ed ligov\u00ed \u0161ampioni a setk\u00e1n\u00ed to zajist\u00e9 bude pro ob\u011b strany pln\u00e9 motivace.<\/h4>\n<div id=\"NewsPostDetailContent\">\n<p>Minul\u00e9 kolo p\u0159ineslo ob\u011bma t\u00fdm\u016fm v\u00fdsledky, kter\u00e9 jen m\u00e1lokdo \u010dekal. Zat\u00edmco Everton p\u0159\u00edjemn\u011b p\u0159ekvapil u \u0159eky Tem\u017ee, Manchester United pro\u017eil nejtrapn\u011bj\u0161\u00ed chvilky za dlouh\u00e1 desetilet\u00ed. Jak se posledn\u00ed v\u00fdsledky celk\u016f projev\u00ed v sobotn\u00edm vz\u00e1jemn\u00e9m setk\u00e1n\u00ed?<\/p>\n<p>Viditeln\u00fd propad tabulkou, kter\u00fd zap\u0159\u00ed\u010dinily t\u0159i prohry ve vz\u00e1jemn\u00e9m sledu Everton v minul\u00e9m kole kone\u010dn\u011b zastavil a vyhoupl se bl\u00ed\u017ee st\u0159edu. Na Craven Cottage ale p\u0159i n\u011bm st\u00e1li v\u0161ichni svat\u00ed, neb\u00fdt toti\u017e neuv\u011b\u0159iteln\u00e9ho selh\u00e1n\u00ed Bobbyho Zamory, \u017e\u00e1dn\u00e9 v\u00edt\u011bzstv\u00ed by se nekonalo. Pak nav\u00edc za\u00fa\u0159adovala leto\u0161n\u00ed, zd\u00e1 se, nejsiln\u011bj\u0161\u00ed zbra\u0148 Moyesova t\u00fdmu &#8211; branky ze z\u00e1v\u011bru z\u00e1pas\u016f.<\/p>\n<p>Letos u\u017e v posledn\u00ed desetiminutovce Blues v lize nast\u0159\u00edleli \u0161est g\u00f3l\u016f z celkov\u00fdch deseti, a z toho \u010dty\u0159i padly v nastaven\u00ed, co\u017e byl p\u0159\u00edpad i minul\u00fd v\u00edkend, kdy Evertonu uko\u0159istil v\u0161echny body Louis Saha, jeho\u017e v\u00edt\u011bznou trefu je\u0161t\u011b o minutu pozd\u011bji pojistil Jack Rodwell. Rad\u011bji ale nepomyslet, v jak\u00e9 situaci by na tom Toffees neb\u00fdt siln\u00fdch fini\u0161\u016f byli. V tabulce by jim nejsp\u00ed\u0161 n\u00e1le\u017eelo beznad\u011bjn\u011b posledn\u00ed m\u00edsto s p\u0159inejlep\u0161\u00edm \u010dty\u0159mi body.<\/p>\n<p>Pozd\u011b ov\u0161em Everton g\u00f3l nevst\u0159elil posledn\u011b jen Fulhamu, ale tak\u00e9 ve \u010dtvrt\u00e9m kole Carling Cupu, proti Chelsea, by\u0165 tentokr\u00e1t Sahova trefa znamenala p\u0159\u00edchod p\u016flhodinov\u00e9ho prodlou\u017een\u00ed. Everton jej smoln\u011b nezvl\u00e1dnul, a v noh\u00e1ch m\u00e1 n\u00e1ro\u010dn\u00fdch 120 minut. V tom, co m\u00e1 za sebou Manchester United, nav\u00edc nevid\u00ed David Moyes kdov\u00edjakou v\u00fdhodu. <em>\u201eB\u011b\u017en\u011b byste si pomysleli skv\u011bl\u00e9, asi nep\u0159ijdou s velk\u00fdm sebev\u011bdom\u00edm a nemohou na tom b\u00fdt dob\u0159e, ale tady mluv\u00edme o Manchesteru United a Siru Alexi Fergusonovi. Rozum\u00edme tomu, \u017ee se budou cht\u00edt vr\u00e1tit na v\u00edt\u011bznou vlnu, ale mus\u00edme se pokusit o to, aby se tak nestalo.\u201c<\/em><\/p>\n<p>Kdy\u017e takov\u00e1 persona jako Alex Ferguson \u0159ekne, \u017ee jde o nejhor\u0161\u00ed z\u00e1pas jeho kari\u00e9ry, pak u\u017e to mus\u00ed n\u011bco znamenat. P\u0159edstavte si z\u00e1pas, ve kter\u00e9m Everton na Anfield Road vyhraje 6-1. Tak p\u0159esn\u011b podobn\u00e9 nepopsateln\u00e9 pocity pro\u017e\u00edvaj\u00ed fanou\u0161ci Manchesteru City, p\u0159i\u010dem\u017e Anfield samo o sob\u011b v tomto p\u0159\u00edpad\u011b nahrazuje Old Trafford<em>.\u00a0<\/em>Bude tak zaj\u00edmav\u00e9 sledovat, v jak\u00e9m rozpolo\u017een\u00ed Red Devils na Goodison p\u0159ijedou, by\u0165 je v\u00edcem\u00e9n\u011b jasn\u00e9, \u017ee s dal\u0161\u00edm hroz\u00edc\u00edm pov\u011bstn\u00fdm Fergusonov\u00fdm f\u00e9nem, se budou \u010derven\u00ed dost \u010dinit.<\/p>\n<p>A\u017e do minul\u00fdch dn\u00ed ale p\u0159\u00edznivci \u010derven\u00fdch \u010f\u00e1bl\u016f, jak u\u017e tomu zpravidla b\u00fdv\u00e1, m\u011bli k lamentov\u00e1n\u00ed jen minimum d\u016fvod\u016f. United se sv\u00fdm omlazen\u00fdm t\u00fdmem okupuj\u00ed vrchol tabulky, a\u010dkoliv mamut\u00ed prohra v derby znamen\u00e1, \u017ee na vedouc\u00ed Citizens ztr\u00e1c\u00ed ji\u017e p\u011bt bod\u016f. I v \u0161ir\u0161\u00edm kontextu m\u00e1 nav\u00edc forma t\u00fdmu sp\u00ed\u0161e sestupnou tendenci, v\u017edy\u0165 z v posledn\u00edch \u010dty\u0159ech ligov\u00fdch z\u00e1pasech Manchester United vyzr\u00e1l jen na Norwich a zbyl\u00e9 dva z\u00e1pasy se Stoke City a Liverpoolem remizoval. P\u0159ekvap\u00ed i skute\u010dnost, \u017ee obvykle sk\u00e1lopevn\u00e1 defenziva, nev\u00eddan\u011b sk\u0159\u00edpe. United dokonce v\u00e9vod\u00ed pomysln\u00e9 tabulce inkasovan\u00fdch st\u0159el &#8211; v pr\u016fm\u011bru za z\u00e1pas jde o \u010d\u00edslo 19, zat\u00edmco Everton dovol\u00ed soupe\u0159i pr\u016fm\u011brn\u011b vyst\u0159elit t\u0159in\u00e1ctkr\u00e1t.<\/p>\n<p>V rud\u00e9m t\u00e1bo\u0159e se tak soust\u0159ed\u00ed jen na jedno jedin\u00e9 &#8211; vyho\u0159en\u00ed v derby hodit za hlavu a znovu za\u010d\u00edt vyhr\u00e1vat.<em> \u201eMus\u00edme se soust\u0159edit a uk\u00e1zat, \u017ee z\u00e1pas se City n\u00e1s neovlivnil,\u201c\u00a0<\/em>\u0159\u00edk\u00e1 Ji-Sung Park. <em>\u201eV\u0161echno mus\u00edme na h\u0159i\u0161ti napravit. Everton je pro n\u00e1s d\u016fle\u017eit\u00fd z\u00e1pas a mus\u00edme tam jet bojovat o t\u0159i body. Ale na Goodison Parku je to poka\u017ed\u00e9 t\u011b\u017ek\u00e9. Jen si vzpome\u0148te na lo\u0148skou sezonu, kdy jsme na tam vedli 3-1, a v nastaven\u00ed n\u00e1m vst\u0159elili dva g\u00f3ly.\u201c<\/em><\/p>\n<h4><strong>Z\u00e1pasov\u00e1 fakta<\/strong><\/h4>\n<p>Co se vz\u00e1jem\u00fdch souboj\u016f t\u00fdk\u00e1, o \u017e\u00e1dn\u00e9 sl\u00e1v\u011b se rozhodn\u011b hovo\u0159it ned\u00e1. Od zalo\u017een\u00ed Premier League v roce 1992 Toffees manchestersk\u00e9ho rivala zdolali v\u0161ehov\u0161udy \u010dty\u0159ikr\u00e1t a \u0161estkr\u00e1t vybojovali alespo\u0148 rem\u00edzu. Celkov\u011b p\u016fjde o 186. kl\u00e1n\u00ed. Red Devils ve statistice p\u0159eva\u017euj\u00ed se 80 v\u00fdhrami, oproti 64 triumf\u016fm Blues. Ve jedna\u010dty\u0159iceti p\u0159\u00edpadech se body d\u011blily. Ze v\u0161ech dosavadn\u00edch 19 vz\u00e1jemn\u00fdch dom\u00e1c\u00edch z\u00e1pas\u016f v Premier League, Everton vyhr\u00e1l jen ve t\u0159ech, p\u0159i\u010dem\u017e United hned 13kr\u00e1t s 38 nast\u0159\u00edlen\u00fdmi g\u00f3ly.<\/p>\n<p>St\u0159elecky se ov\u0161em Evertonu proti Manchesteru United posledn\u00ed dobou da\u0159\u00ed. Ve dvou p\u0159edchoz\u00edch sezon\u00e1ch Toffees v obou dom\u00e1c\u00edch z\u00e1pasech vst\u0159elili United t\u0159i branky, co\u017e se p\u0159ihodilo poprv\u00e9 od sezon 1985\/86 a 1986\/87. U\u017e dlouho p\u0159edlouho v\u0161ak Blues ve vz\u00e1jemn\u00e9m kl\u00e1n\u00ed \u010dekaj\u00ed na pokutov\u00fd kop. Naposled penaltu kopal Joe Royle v dom\u00e1c\u00edm z\u00e1pase ze z\u00e1\u0159\u00ed 1972. Historicky nejlep\u0161\u00edm klubov\u00fdm st\u0159elcem proti Red Devils, je pak Graeme Sharp s 12 g\u00f3ly.<\/p>\n<h4><strong>Everton<\/strong><\/h4>\n<p>N\u00e1le\u017e\u00ed mu osm\u00e1 nejlep\u0161\u00ed dom\u00e1c\u00ed v\u00fdkonnost v lize, ov\u0161em celkovou formu proti t\u00fdm\u016fm z horn\u00ed poloviny tabulky m\u00e1 nejhor\u0161\u00ed z cel\u00e9 sout\u011b\u017ee. Z\u00e1sluhu na tom z\u010d\u00e1sti m\u00e1 i nejist\u00e1 obrana, kter\u00e1 ani v jednom z\u00e1pase ze v\u0161ech sout\u011b\u017e\u00ed, zat\u00edm nebyla schopna udr\u017eet \u010dist\u00fd \u0161t\u00edt. V\u00fdkony jako v minul\u00fdch sezon\u00e1ch nepod\u00e1v\u00e1 ani tradi\u010dn\u00ed opora Leighton Baines. Zat\u00edmco loni m\u011bl prsty v 16 ligov\u00fdch g\u00f3lech (p\u011bt g\u00f3l\u016f, 11 asistenc\u00ed), letos je\u0161t\u011b ani na jednu trefu nep\u0159ihr\u00e1l.<\/p>\n<h4><strong>Manchester United<\/strong><\/h4>\n<p>Do z\u00e1pasu p\u016fjde po utrpen\u00ed svoj\u00ed nejt\u011b\u017e\u0161\u00ed por\u00e1\u017eky v Premier League. Dv\u011b prohry v \u0159ad\u011b nicm\u00e9n\u011b Red Devils nepoznali ji\u017e v 31 z\u00e1pasech, by\u0165 Fergusonovo mu\u017estvo zv\u00edt\u011bzilo pouze ve dvou z posledn\u00edch \u0161esti z\u00e1pas\u016f. Vedouc\u00ed t\u00fdmov\u00fd st\u0159elec, Wayne Rooney, pak nedal g\u00f3l v p\u0159edchoz\u00edch \u010dty\u0159ech ligov\u00fdch utk\u00e1n\u00edch, p\u0159i\u010dem\u017e jeho posledn\u00ed branka se datuje k 19. z\u00e1\u0159\u00ed.<\/p>\n<h4><strong>Vz\u00e1jemn\u00e1 bilance<\/strong><\/h4>\n<ul>\n<li>Celkov\u011b:\u00a0\u00a0\u00a0\u00a0\u00a0\u00a0\u00a0\u00a0\u00a0\u00a0\u00a0\u00a0\u00a0\u00a0\u00a0\u00a0\u00a0 64-41-80<\/li>\n<li>Na Goodison Parku:\u00a0 42-19-28<\/li>\n<li>V Premier League:\u00a0\u00a0\u00a0 4-6-28<\/li>\n<\/ul>\n<h4><strong>Absence<\/strong><\/h4>\n<p>Z\u00e1pas by mohli vynechat Tim Cahill s Philem Nevilem, kte\u0159\u00ed si oba z poh\u00e1rov\u00e9ho z\u00e1pasu proti Chelsea odnesli leh\u010d\u00ed zran\u011bn\u00ed. Najisto bude chyb\u011bt Victor Anichebe a Royston Drenthe, kter\u00fd si bude odpyk\u00e1vat z\u00e1pasov\u00fd distanc. Za Manchester United mo\u017en\u00e1 nenastoup\u00ed Ashley Young, do nomiance se ov\u0161em vrac\u00ed Nemanja Vidi\u0107 i Tom Cleverley.<\/p>\n<p><strong>Everton:\u00a0<\/strong>Howard, Hahnemann, Hibbert, Neville, Distin, Jagielka, Baines, Barkley, Fellaini, Osman, Coleman, Gueye, Rodwell, Cahill, Stracqualursi, Saha, Bilyaletdinov, Vellios<\/p>\n<p><strong>Manchester United:\u00a0<\/strong>De Gea, Lindegaard, Evra, Ferdinand, Vidi\u0107, Jones, Fabio, Smalling, Anderson, Nani, Young, Park Ji-Sung, Valencia, Fletcher, Rooney, Welbeck, Berbatov, Hernandez<\/p>\n<ul>\n<li><strong>Kdy:\u00a0<\/strong>29.10. 13:00 SE\u010c<strong><br \/>\n<\/strong><\/li>\n<li><strong>Kde:\u00a0<\/strong>Goodison Park<strong><br \/>\n<\/strong><\/li>\n<li><strong>Rozhod\u010d\u00ed:<\/strong>\u00a0Mark Halsey<\/li>\n<\/ul>\n<\/div>\n","protected":false},"excerpt":{"rendered":"<p>Na Goodison Park po sobotn\u00edm ob\u011bd\u011b zav\u00edtaj\u00ed \u00fa\u0159aduj\u00edc\u00ed ligov\u00ed \u0161ampioni a setk\u00e1n\u00ed to zajist\u00e9 bude pro ob\u011b strany pln\u00e9 motivace.&hellip;<\/p>\n","protected":false},"author":7,"featured_media":12849,"comment_status":"open","ping_status":"closed","sticky":false,"template":"","format":"standard","meta":{"_eb_attr":"","_monsterinsights_skip_tracking":false,"_monsterinsights_sitenote_active":false,"_monsterinsights_sitenote_note":"","_monsterinsights_sitenote_category":0,"footnotes":""},"categories":[4],"tags":[],"yoast_head":"<!-- This site is optimized with the Yoast SEO plugin v23.4 - https:\/\/yoast.com\/wordpress\/plugins\/seo\/ -->\n<title>Preview: Everton - Manchester United - Official Czech &amp; Slovak Everton Supporters&#039; Club<\/title>\n<meta name=\"robots\" content=\"index, follow, max-snippet:-1, max-image-preview:large, max-video-preview:-1\" \/>\n<link rel=\"canonical\" href=\"https:\/\/evertonfc.cz\/index.php\/2011\/10\/28\/preview-everton-manchester-united-8\/\" \/>\n<meta property=\"og:locale\" content=\"cs_CZ\" \/>\n<meta property=\"og:type\" content=\"article\" \/>\n<meta property=\"og:title\" content=\"Preview: Everton - Manchester United - Official Czech &amp; Slovak Everton Supporters&#039; Club\" \/>\n<meta property=\"og:description\" content=\"Na Goodison Park po sobotn\u00edm ob\u011bd\u011b zav\u00edtaj\u00ed \u00fa\u0159aduj\u00edc\u00ed ligov\u00ed \u0161ampioni a setk\u00e1n\u00ed to zajist\u00e9 bude pro ob\u011b strany pln\u00e9 motivace.&hellip;\" \/>\n<meta property=\"og:url\" content=\"https:\/\/evertonfc.cz\/index.php\/2011\/10\/28\/preview-everton-manchester-united-8\/\" \/>\n<meta property=\"og:site_name\" content=\"Official Czech &amp; Slovak Everton Supporters&#039; Club\" \/>\n<meta property=\"article:publisher\" content=\"https:\/\/www.facebook.com\/everton.fans.cz.sk\" \/>\n<meta property=\"article:published_time\" content=\"2011-10-28T15:08:33+00:00\" \/>\n<meta property=\"article:modified_time\" content=\"2020-11-06T11:37:45+00:00\" \/>\n<meta property=\"og:image\" content=\"https:\/\/evertonfc.cz\/wp-content\/uploads\/2020\/11\/Everton-VS-Manchester-United-7-11-2020.jpg.jpg\" \/>\n\t<meta property=\"og:image:width\" content=\"720\" \/>\n\t<meta property=\"og:image:height\" content=\"405\" \/>\n\t<meta property=\"og:image:type\" content=\"image\/jpeg\" \/>\n<meta name=\"author\" content=\"Me\u0148a\" \/>\n<meta name=\"twitter:card\" content=\"summary_large_image\" \/>\n<meta name=\"twitter:label1\" content=\"Napsal(a)\" \/>\n\t<meta name=\"twitter:data1\" content=\"Me\u0148a\" \/>\n\t<meta name=\"twitter:label2\" content=\"Odhadovan\u00e1 doba \u010dten\u00ed\" \/>\n\t<meta name=\"twitter:data2\" content=\"6 minut\" \/>\n<script type=\"application\/ld+json\" class=\"yoast-schema-graph\">{\"@context\":\"https:\/\/schema.org\",\"@graph\":[{\"@type\":\"Article\",\"@id\":\"https:\/\/evertonfc.cz\/index.php\/2011\/10\/28\/preview-everton-manchester-united-8\/#article\",\"isPartOf\":{\"@id\":\"https:\/\/evertonfc.cz\/index.php\/2011\/10\/28\/preview-everton-manchester-united-8\/\"},\"author\":{\"name\":\"Me\u0148a\",\"@id\":\"https:\/\/evertonfc.cz\/#\/schema\/person\/cd6328a75577de2add7793fd4b0930c3\"},\"headline\":\"Preview: Everton &#8211; Manchester United\",\"datePublished\":\"2011-10-28T15:08:33+00:00\",\"dateModified\":\"2020-11-06T11:37:45+00:00\",\"mainEntityOfPage\":{\"@id\":\"https:\/\/evertonfc.cz\/index.php\/2011\/10\/28\/preview-everton-manchester-united-8\/\"},\"wordCount\":1251,\"commentCount\":0,\"publisher\":{\"@id\":\"https:\/\/evertonfc.cz\/#organization\"},\"image\":{\"@id\":\"https:\/\/evertonfc.cz\/index.php\/2011\/10\/28\/preview-everton-manchester-united-8\/#primaryimage\"},\"thumbnailUrl\":\"https:\/\/evertonfc.cz\/wp-content\/uploads\/2020\/11\/Everton-VS-Manchester-United-7-11-2020.jpg.jpg\",\"articleSection\":[\"Z\u00e1pasy\"],\"inLanguage\":\"cs\",\"potentialAction\":[{\"@type\":\"CommentAction\",\"name\":\"Comment\",\"target\":[\"https:\/\/evertonfc.cz\/index.php\/2011\/10\/28\/preview-everton-manchester-united-8\/#respond\"]}]},{\"@type\":\"WebPage\",\"@id\":\"https:\/\/evertonfc.cz\/index.php\/2011\/10\/28\/preview-everton-manchester-united-8\/\",\"url\":\"https:\/\/evertonfc.cz\/index.php\/2011\/10\/28\/preview-everton-manchester-united-8\/\",\"name\":\"Preview: Everton - Manchester United - Official Czech &amp; Slovak Everton Supporters&#039; Club\",\"isPartOf\":{\"@id\":\"https:\/\/evertonfc.cz\/#website\"},\"primaryImageOfPage\":{\"@id\":\"https:\/\/evertonfc.cz\/index.php\/2011\/10\/28\/preview-everton-manchester-united-8\/#primaryimage\"},\"image\":{\"@id\":\"https:\/\/evertonfc.cz\/index.php\/2011\/10\/28\/preview-everton-manchester-united-8\/#primaryimage\"},\"thumbnailUrl\":\"https:\/\/evertonfc.cz\/wp-content\/uploads\/2020\/11\/Everton-VS-Manchester-United-7-11-2020.jpg.jpg\",\"datePublished\":\"2011-10-28T15:08:33+00:00\",\"dateModified\":\"2020-11-06T11:37:45+00:00\",\"breadcrumb\":{\"@id\":\"https:\/\/evertonfc.cz\/index.php\/2011\/10\/28\/preview-everton-manchester-united-8\/#breadcrumb\"},\"inLanguage\":\"cs\",\"potentialAction\":[{\"@type\":\"ReadAction\",\"target\":[\"https:\/\/evertonfc.cz\/index.php\/2011\/10\/28\/preview-everton-manchester-united-8\/\"]}]},{\"@type\":\"ImageObject\",\"inLanguage\":\"cs\",\"@id\":\"https:\/\/evertonfc.cz\/index.php\/2011\/10\/28\/preview-everton-manchester-united-8\/#primaryimage\",\"url\":\"https:\/\/evertonfc.cz\/wp-content\/uploads\/2020\/11\/Everton-VS-Manchester-United-7-11-2020.jpg.jpg\",\"contentUrl\":\"https:\/\/evertonfc.cz\/wp-content\/uploads\/2020\/11\/Everton-VS-Manchester-United-7-11-2020.jpg.jpg\",\"width\":720,\"height\":405},{\"@type\":\"BreadcrumbList\",\"@id\":\"https:\/\/evertonfc.cz\/index.php\/2011\/10\/28\/preview-everton-manchester-united-8\/#breadcrumb\",\"itemListElement\":[{\"@type\":\"ListItem\",\"position\":1,\"name\":\"Home\",\"item\":\"https:\/\/evertonfc.cz\/\"},{\"@type\":\"ListItem\",\"position\":2,\"name\":\"Preview: Everton &#8211; Manchester United\"}]},{\"@type\":\"WebSite\",\"@id\":\"https:\/\/evertonfc.cz\/#website\",\"url\":\"https:\/\/evertonfc.cz\/\",\"name\":\"Official Czech &amp; Slovak Everton Supporters&#039; Club\",\"description\":\"\",\"publisher\":{\"@id\":\"https:\/\/evertonfc.cz\/#organization\"},\"potentialAction\":[{\"@type\":\"SearchAction\",\"target\":{\"@type\":\"EntryPoint\",\"urlTemplate\":\"https:\/\/evertonfc.cz\/?s={search_term_string}\"},\"query-input\":{\"@type\":\"PropertyValueSpecification\",\"valueRequired\":true,\"valueName\":\"search_term_string\"}}],\"inLanguage\":\"cs\"},{\"@type\":\"Organization\",\"@id\":\"https:\/\/evertonfc.cz\/#organization\",\"name\":\"Official Czech & Slovak Everton Supporters' Club\",\"url\":\"https:\/\/evertonfc.cz\/\",\"logo\":{\"@type\":\"ImageObject\",\"inLanguage\":\"cs\",\"@id\":\"https:\/\/evertonfc.cz\/#\/schema\/logo\/image\/\",\"url\":\"https:\/\/evertonfc.cz\/wp-content\/uploads\/2019\/05\/logo.png\",\"contentUrl\":\"https:\/\/evertonfc.cz\/wp-content\/uploads\/2019\/05\/logo.png\",\"width\":112,\"height\":112,\"caption\":\"Official Czech & Slovak Everton Supporters' Club\"},\"image\":{\"@id\":\"https:\/\/evertonfc.cz\/#\/schema\/logo\/image\/\"},\"sameAs\":[\"https:\/\/www.facebook.com\/everton.fans.cz.sk\"]},{\"@type\":\"Person\",\"@id\":\"https:\/\/evertonfc.cz\/#\/schema\/person\/cd6328a75577de2add7793fd4b0930c3\",\"name\":\"Me\u0148a\",\"url\":\"https:\/\/evertonfc.cz\/index.php\/author\/mena\/\"}]}<\/script>\n<!-- \/ Yoast SEO plugin. -->","yoast_head_json":{"title":"Preview: Everton - Manchester United - Official Czech &amp; Slovak Everton Supporters&#039; Club","robots":{"index":"index","follow":"follow","max-snippet":"max-snippet:-1","max-image-preview":"max-image-preview:large","max-video-preview":"max-video-preview:-1"},"canonical":"https:\/\/evertonfc.cz\/index.php\/2011\/10\/28\/preview-everton-manchester-united-8\/","og_locale":"cs_CZ","og_type":"article","og_title":"Preview: Everton - Manchester United - Official Czech &amp; Slovak Everton Supporters&#039; Club","og_description":"Na Goodison Park po sobotn\u00edm ob\u011bd\u011b zav\u00edtaj\u00ed \u00fa\u0159aduj\u00edc\u00ed ligov\u00ed \u0161ampioni a setk\u00e1n\u00ed to zajist\u00e9 bude pro ob\u011b strany pln\u00e9 motivace.&hellip;","og_url":"https:\/\/evertonfc.cz\/index.php\/2011\/10\/28\/preview-everton-manchester-united-8\/","og_site_name":"Official Czech &amp; Slovak Everton Supporters&#039; Club","article_publisher":"https:\/\/www.facebook.com\/everton.fans.cz.sk","article_published_time":"2011-10-28T15:08:33+00:00","article_modified_time":"2020-11-06T11:37:45+00:00","og_image":[{"width":720,"height":405,"url":"https:\/\/evertonfc.cz\/wp-content\/uploads\/2020\/11\/Everton-VS-Manchester-United-7-11-2020.jpg.jpg","type":"image\/jpeg"}],"author":"Me\u0148a","twitter_card":"summary_large_image","twitter_misc":{"Napsal(a)":"Me\u0148a","Odhadovan\u00e1 doba \u010dten\u00ed":"6 minut"},"schema":{"@context":"https:\/\/schema.org","@graph":[{"@type":"Article","@id":"https:\/\/evertonfc.cz\/index.php\/2011\/10\/28\/preview-everton-manchester-united-8\/#article","isPartOf":{"@id":"https:\/\/evertonfc.cz\/index.php\/2011\/10\/28\/preview-everton-manchester-united-8\/"},"author":{"name":"Me\u0148a","@id":"https:\/\/evertonfc.cz\/#\/schema\/person\/cd6328a75577de2add7793fd4b0930c3"},"headline":"Preview: Everton &#8211; Manchester United","datePublished":"2011-10-28T15:08:33+00:00","dateModified":"2020-11-06T11:37:45+00:00","mainEntityOfPage":{"@id":"https:\/\/evertonfc.cz\/index.php\/2011\/10\/28\/preview-everton-manchester-united-8\/"},"wordCount":1251,"commentCount":0,"publisher":{"@id":"https:\/\/evertonfc.cz\/#organization"},"image":{"@id":"https:\/\/evertonfc.cz\/index.php\/2011\/10\/28\/preview-everton-manchester-united-8\/#primaryimage"},"thumbnailUrl":"https:\/\/evertonfc.cz\/wp-content\/uploads\/2020\/11\/Everton-VS-Manchester-United-7-11-2020.jpg.jpg","articleSection":["Z\u00e1pasy"],"inLanguage":"cs","potentialAction":[{"@type":"CommentAction","name":"Comment","target":["https:\/\/evertonfc.cz\/index.php\/2011\/10\/28\/preview-everton-manchester-united-8\/#respond"]}]},{"@type":"WebPage","@id":"https:\/\/evertonfc.cz\/index.php\/2011\/10\/28\/preview-everton-manchester-united-8\/","url":"https:\/\/evertonfc.cz\/index.php\/2011\/10\/28\/preview-everton-manchester-united-8\/","name":"Preview: Everton - Manchester United - Official Czech &amp; Slovak Everton Supporters&#039; Club","isPartOf":{"@id":"https:\/\/evertonfc.cz\/#website"},"primaryImageOfPage":{"@id":"https:\/\/evertonfc.cz\/index.php\/2011\/10\/28\/preview-everton-manchester-united-8\/#primaryimage"},"image":{"@id":"https:\/\/evertonfc.cz\/index.php\/2011\/10\/28\/preview-everton-manchester-united-8\/#primaryimage"},"thumbnailUrl":"https:\/\/evertonfc.cz\/wp-content\/uploads\/2020\/11\/Everton-VS-Manchester-United-7-11-2020.jpg.jpg","datePublished":"2011-10-28T15:08:33+00:00","dateModified":"2020-11-06T11:37:45+00:00","breadcrumb":{"@id":"https:\/\/evertonfc.cz\/index.php\/2011\/10\/28\/preview-everton-manchester-united-8\/#breadcrumb"},"inLanguage":"cs","potentialAction":[{"@type":"ReadAction","target":["https:\/\/evertonfc.cz\/index.php\/2011\/10\/28\/preview-everton-manchester-united-8\/"]}]},{"@type":"ImageObject","inLanguage":"cs","@id":"https:\/\/evertonfc.cz\/index.php\/2011\/10\/28\/preview-everton-manchester-united-8\/#primaryimage","url":"https:\/\/evertonfc.cz\/wp-content\/uploads\/2020\/11\/Everton-VS-Manchester-United-7-11-2020.jpg.jpg","contentUrl":"https:\/\/evertonfc.cz\/wp-content\/uploads\/2020\/11\/Everton-VS-Manchester-United-7-11-2020.jpg.jpg","width":720,"height":405},{"@type":"BreadcrumbList","@id":"https:\/\/evertonfc.cz\/index.php\/2011\/10\/28\/preview-everton-manchester-united-8\/#breadcrumb","itemListElement":[{"@type":"ListItem","position":1,"name":"Home","item":"https:\/\/evertonfc.cz\/"},{"@type":"ListItem","position":2,"name":"Preview: Everton &#8211; Manchester United"}]},{"@type":"WebSite","@id":"https:\/\/evertonfc.cz\/#website","url":"https:\/\/evertonfc.cz\/","name":"Official Czech &amp; Slovak Everton Supporters&#039; Club","description":"","publisher":{"@id":"https:\/\/evertonfc.cz\/#organization"},"potentialAction":[{"@type":"SearchAction","target":{"@type":"EntryPoint","urlTemplate":"https:\/\/evertonfc.cz\/?s={search_term_string}"},"query-input":{"@type":"PropertyValueSpecification","valueRequired":true,"valueName":"search_term_string"}}],"inLanguage":"cs"},{"@type":"Organization","@id":"https:\/\/evertonfc.cz\/#organization","name":"Official Czech & Slovak Everton Supporters' Club","url":"https:\/\/evertonfc.cz\/","logo":{"@type":"ImageObject","inLanguage":"cs","@id":"https:\/\/evertonfc.cz\/#\/schema\/logo\/image\/","url":"https:\/\/evertonfc.cz\/wp-content\/uploads\/2019\/05\/logo.png","contentUrl":"https:\/\/evertonfc.cz\/wp-content\/uploads\/2019\/05\/logo.png","width":112,"height":112,"caption":"Official Czech & Slovak Everton Supporters' Club"},"image":{"@id":"https:\/\/evertonfc.cz\/#\/schema\/logo\/image\/"},"sameAs":["https:\/\/www.facebook.com\/everton.fans.cz.sk"]},{"@type":"Person","@id":"https:\/\/evertonfc.cz\/#\/schema\/person\/cd6328a75577de2add7793fd4b0930c3","name":"Me\u0148a","url":"https:\/\/evertonfc.cz\/index.php\/author\/mena\/"}]}},"_links":{"self":[{"href":"https:\/\/evertonfc.cz\/index.php\/wp-json\/wp\/v2\/posts\/5806"}],"collection":[{"href":"https:\/\/evertonfc.cz\/index.php\/wp-json\/wp\/v2\/posts"}],"about":[{"href":"https:\/\/evertonfc.cz\/index.php\/wp-json\/wp\/v2\/types\/post"}],"author":[{"embeddable":true,"href":"https:\/\/evertonfc.cz\/index.php\/wp-json\/wp\/v2\/users\/7"}],"replies":[{"embeddable":true,"href":"https:\/\/evertonfc.cz\/index.php\/wp-json\/wp\/v2\/comments?post=5806"}],"version-history":[{"count":1,"href":"https:\/\/evertonfc.cz\/index.php\/wp-json\/wp\/v2\/posts\/5806\/revisions"}],"predecessor-version":[{"id":5807,"href":"https:\/\/evertonfc.cz\/index.php\/wp-json\/wp\/v2\/posts\/5806\/revisions\/5807"}],"wp:featuredmedia":[{"embeddable":true,"href":"https:\/\/evertonfc.cz\/index.php\/wp-json\/wp\/v2\/media\/12849"}],"wp:attachment":[{"href":"https:\/\/evertonfc.cz\/index.php\/wp-json\/wp\/v2\/media?parent=5806"}],"wp:term":[{"taxonomy":"category","embeddable":true,"href":"https:\/\/evertonfc.cz\/index.php\/wp-json\/wp\/v2\/categories?post=5806"},{"taxonomy":"post_tag","embeddable":true,"href":"https:\/\/evertonfc.cz\/index.php\/wp-json\/wp\/v2\/tags?post=5806"}],"curies":[{"name":"wp","href":"https:\/\/api.w.org\/{rel}","templated":true}]}}