{"id":5852,"date":"2011-11-09T09:07:45","date_gmt":"2011-11-09T08:07:45","guid":{"rendered":"http:\/\/evertonfc.cz\/?p=5852"},"modified":"2019-02-16T09:09:41","modified_gmt":"2019-02-16T08:09:41","slug":"martyn-na-chatu","status":"publish","type":"post","link":"https:\/\/evertonfc.cz\/index.php\/2011\/11\/09\/martyn-na-chatu\/","title":{"rendered":"Martyn na chatu"},"content":{"rendered":"<h4>B\u00fdval\u00fd obl\u00edben\u00fd a hlavn\u011b \u00fasp\u011b\u0161n\u00fd str\u00e1\u017ece svatyn\u011b Evertonu, Nigel Martyn, odpov\u00eddal pro ofici\u00e1ln\u00ed web na ot\u00e1zky od fanou\u0161k\u016f.<\/h4>\n<p>Nigel Martyn p\u0159estoupil na Goodison Park v roce 2003, aby se za t\u0159i sez\u00f3ny napo\u0159\u00e1d zapsal do pam\u011bt\u00ed Evertonians. Za Toffees odchytal p\u0159es sto duel\u016f, z\u00edskal p\u0159ezd\u00edvku Superman, v sez\u00f3n\u011b 2004\/05 v\u00fdborn\u00fdmi v\u00fdkony p\u0159isp\u011bl ke \u010dtvrt\u00e9mu m\u00edstu v lize. V roce 2006 musel ukon\u010dit kari\u00e9ru kv\u016fli pot\u00ed\u017e\u00edm s kotn\u00edkem, p\u0159esto tehdy David Moyes ozna\u010dil jeho p\u0159\u00edchod jako za sv\u016fj nejlep\u0161\u00ed. Mimochodem pozd\u011bji skotsk\u00fd mana\u017eer zvolil m\u00edsto Martyna Tima Cahilla.<\/p>\n<p><b>Keiron-Teilo O&#8217;Shea: Jsi pravd\u011bpodobn\u011b nejlep\u0161\u00edm branka\u0159em, jak\u00e9ho jsem kdy vid\u011bl v dresu Evertonu. Je mi ale jenom osmn\u00e1ct let, tak\u017ee jsem neza\u017eil Southalla. Ot\u00e1zka na tebe &#8211; kter\u00e9ho hr\u00e1\u010de, s nim\u017e\u00a0si tr\u00e9noval, pova\u017euje\u0161 za nejlep\u0161\u00edho?<\/b><br \/>\nNigel Martyn: Za nejlep\u0161\u00edho beru Gazzu, potk\u00e1val jsem ho v anglick\u00e9m n\u00e1rodn\u00edm mu\u017estvu. Z p\u016fsoben\u00ed v Evertonu vol\u00edm Tommyho Gravesena.<\/p>\n<p><strong>jimithon: Pamatuje\u0161 si na z\u00e1pas FA Cupu proti Chelsea z roku 2006? Tv\u016fj z\u00e1krok proti Crespovi hodnot\u00edm jako nej\u00fa\u017easn\u011bj\u0161\u00ed, co jsem na Goodisonu vid\u011bl.<\/strong><br \/>\nNigel Martyn: Toto bylo zrovna m\u00e9 posledn\u00ed utk\u00e1n\u00ed! Asi jsem do n\u011bj ale ani nem\u011bl nastoupit, jeliko\u017e jsem trp\u011bl \u00fanavovou zlomeninou kotn\u00edku. Zvl\u00e1\u0161\u0165 p\u0159i odkopech jsem poci\u0165oval bolest. Se zran\u011bn\u00edm jsem vlastn\u011b hr\u00e1l t\u0159i m\u011bs\u00edce, ani\u017e bych o tom v\u011bd\u011bl.<\/p>\n<p><strong>Michael Watson: Co bys z\u00a0pozice mana\u017eera Evertonu zm\u011bnil?<\/strong><br \/>\nNigel Martyn: David odv\u00e1d\u00ed nejlep\u0161\u00ed pr\u00e1ci, v\u017edy dostane z hr\u00e1\u010d\u016f jejich maximum. Kdy\u017e vezmu v\u00a0potaz s\u00a0\u010d\u00edm pracuje, je to t\u011b\u017ek\u00e1 ot\u00e1zka.<\/p>\n<p><strong>Samuel Phillips: Ahoj, hraju m\u011bstkou sout\u011b\u017e v Cornwallu za Perranwell a na\u0161el jsem star\u00fd program ze st\u0159etnut\u00ed s Bugle FC, na n\u011bm\u017e bylo tv\u00e9 jm\u00e9no. Jak hodnot\u00ed\u0161 anga\u017em\u00e1 v tomto klubu a si s n\u00edm st\u00e1le v kontaktu?<\/strong><br \/>\nNigel Martyn: Za Bugle jsem nastupoval v sez\u00f3n\u011b 1985\/86 a miloval jsem fotbal v Cornwallu. Nav\u00edc odtud s man\u017eelkou poch\u00e1z\u00edme a moje cel\u00e1 rodina v Cornwallu bydl\u00ed. Vyr\u016fstal jsem mezi m\u00edstn\u00edmi mu\u017ei, co\u017e m\u011b nau\u010dilo se o sebe s\u00e1m postarat. Jsem za to r\u00e1d, nic bych na tom nem\u011bnil.<\/p>\n<p><strong>jonesy870: Dok\u00e1\u017ee\u0161 \u0159\u00edct sv\u016fj obl\u00edben\u00fd z\u00e1pas za Everton?<\/strong><br \/>\nNigel Martyn: Vyberu jich v\u00edc. Moje prvn\u00ed derby na Anfieldu, remizovali jsme 0:0. V Evertonu jsem tehdy byl jen chv\u00edli, st\u0159etnut\u00ed se mi celkem povedlo a pomohlo mi nav\u00e1zat s fanou\u0161ky dobr\u00e9 vztahy. Mus\u00edm zm\u00ednit tak\u00e9 derby, kter\u00e9 rozhodl Lee Carsley. Vyhr\u00e1li jsme a udr\u017eel jsem \u010dist\u00e9 konto. A v neposledn\u00ed \u0159ad\u011b dom\u00e1c\u00ed duel s Manchesterem United, kdy\u017e Big Dunc brankou rozhodl o na\u0161em v\u00edt\u011bzstv\u00ed 1:0. Utk\u00e1n\u00ed s lep\u0161\u00edm atmosf\u00e9rou v Premier League jsem neza\u017eil.<\/p>\n<p><strong>Kate Weller: Nemohu uv\u011b\u0159it, \u017ee s tebou mluv\u00edm. Je to \u00fa\u017easn\u00e9. Co d\u011bl\u00e1\u0161 od konce fotbalov\u00e9 kari\u00e9ry?<\/strong><br \/>\nNigel Martyn: Ihned po odchodu jsem se musel dostat ze sv\u00fdch zdravotn\u00edch probl\u00e9m\u016f, tak\u017ee jsem podstoupil t\u0159i operace. Trval\u00e9 n\u00e1sledky se v\u0161ak odstranit nedaly, tak\u017ee u\u017e nikdy nemohu naplno b\u011bhat \u010di kopat do m\u00ed\u010de.<\/p>\n<p>Pot\u00e9 jsem trochu d\u011blal tren\u00e9ra v Bratfordu. Co jsem doma, tr\u00e1v\u00edm hodn\u011b \u010dasu s rodinou. D\u011bti m\u011b zam\u011bstn\u00e1vaj\u00ed jako taxik\u00e1\u0159e. Kluk m\u00e1 devaten\u00e1ct let a dcera t\u0159in\u00e1ct, hodn\u011b se tedy najezd\u00edm.<\/p>\n<p><strong>Dean Draper: Na co si nejrad\u011bji z p\u016fsoben\u00ed v EFC vzpomene\u0161?<\/strong><br \/>\nNigel Martyn: Vyhran\u00e1 derby se nikdy neomrz\u00ed. Zvl\u00e1\u0161\u0165 to, kter\u00e9 rozhodl jedin\u00fdm g\u00f3lem Lee Carsley. \u0160lo o dvoust\u00e9 derby a nav\u00edc v\u00e1no\u010dn\u00ed party po z\u00e1pase tak\u00e9 st\u00e1la za to.<\/p>\n<p><strong>Michael Quayle: Na co si ze sv\u00e9 kari\u00e9ry nejpy\u0161n\u011bj\u0161\u00ed?<br \/>\n<\/strong>Nigel Martyn: Reprezentace. Hr\u00e1n\u00ed v Albionu se nedok\u00e1\u017eete naba\u017eit, mimo\u0159\u00e1dn\u00fd moment.<\/p>\n<p><strong>ChrisMatthews14: Nejvtipn\u011bj\u0161\u00ed Toffees historka?<\/strong><br \/>\nNigel Martyn: Cokoliv s Tommym Gravesen, on se choval jako naprost\u00fd cvok, \u0161\u00edlenec. Bohu\u017eel \u017e\u00e1dn\u00e9 jeho p\u0159\u00edb\u011bhu nejsou zde publikovateln\u00e9!<\/p>\n<p><strong>Hayee: R\u00e1d bych t\u011b vid\u011bla v n\u011bjak\u00e9 funkci na Goodison Parku. Vr\u00e1t\u00ed\u0161 se v budoucnu?<\/strong><br \/>\nNigel Marty: Cht\u011bl bych. Tr\u00e9novat by pro m\u011b ov\u0161em bylo obt\u00ed\u017en\u00e9, proto\u017ee kv\u016fli zran\u011bn\u00edm nemohu po\u0159\u00e1dn\u011b kopat do m\u00ed\u010de. T\u0159eba vyjde n\u011bco jin\u00e9ho.<\/p>\n<p><strong>Craig Khammari: Jedna rychl\u00e1 ot\u00e1zka, jakou nejlep\u0161\u00ed radu si dostal?<br \/>\n<\/strong>Nigel Martyn: Tvrd\u011b na sob\u011b pracovat. Kdy\u017e jsem poprv\u00e9 p\u0159i\u0161el do Bristolu Rovers, Roy Dolling m\u011b tak\u00e9 nau\u010dil, \u017ee ka\u017ed\u00fd den je t\u0159eba b\u00fdt nominov\u00e1n, jenom potom se budete zlep\u0161ovat.<\/p>\n<p><strong>Hayee: Vzhl\u00ed\u017eel si k n\u011bmu v d\u011btstv\u00ed?<\/strong><br \/>\nNigel Martyn: \u017d\u00e1dn\u00fd skute\u010dn\u00fd idol mi hlavu nemotal. V\u017edy jsem cht\u011bl chytat, proto jsem sledoval brank\u00e1\u0159e jak Southall, Shilton a dal\u0161\u00ed.<\/p>\n<p><strong>Hayee: Kter\u00e9mu t\u00fdmu fand\u00ed\u0161?<\/strong><br \/>\nNigel Martyn: V d\u011btstv\u00ed jsem podporoval Plymouth Argyle, proto ho zvol\u00edm i te\u010f. Sleduju ale v\u0161echny moje b\u00fdval\u00e9 kluby a p\u0159eji jim v\u0161e dobr\u00e9.<\/p>\n<p><strong>Phil Armand: S jak\u00fdm a proti kter\u00e9mu nejd\u016frazn\u011bj\u0161\u00edmu fotbalistovi si hr\u00e1l?<\/strong><br \/>\nNigel Martyn: Beru to z pozice branka\u0159e. Spoluhr\u00e1\u010d: Big Dunc, soupe\u0159: Shearer. Abych se p\u0159iznal, postavit se Duncanu Fergusonovi mi nah\u00e1n\u011blo strach.<\/p>\n<p><strong>Knowlesey: Koho pova\u017euje\u0161 za nejlep\u0161\u00ed sou\u010dasn\u00e9ho g\u00f3lmana?<\/strong><br \/>\nNigel Martyn: Z na\u0161\u00ed ligy zm\u00edn\u00edm Brada Friedela, je st\u00e1le skv\u011bl\u00fd. I v jeho v\u011bku se d\u00e1 obst\u00e1t v Premier League. Do budoucna se mus\u00ed po\u010d\u00edtat s Joem Hartem.<\/p>\n","protected":false},"excerpt":{"rendered":"<p>B\u00fdval\u00fd obl\u00edben\u00fd a hlavn\u011b \u00fasp\u011b\u0161n\u00fd str\u00e1\u017ece svatyn\u011b Evertonu, Nigel Martyn, odpov\u00eddal pro ofici\u00e1ln\u00ed web na ot\u00e1zky od fanou\u0161k\u016f. Nigel Martyn&hellip;<\/p>\n","protected":false},"author":6,"featured_media":1312,"comment_status":"open","ping_status":"closed","sticky":false,"template":"","format":"standard","meta":{"_eb_attr":"","_monsterinsights_skip_tracking":false,"_monsterinsights_sitenote_active":false,"_monsterinsights_sitenote_note":"","_monsterinsights_sitenote_category":0,"footnotes":""},"categories":[1],"tags":[],"yoast_head":"<!-- This site is optimized with the Yoast SEO plugin v23.4 - https:\/\/yoast.com\/wordpress\/plugins\/seo\/ -->\n<title>Martyn na chatu - Official Czech &amp; Slovak Everton Supporters&#039; Club<\/title>\n<meta name=\"robots\" content=\"index, follow, max-snippet:-1, max-image-preview:large, max-video-preview:-1\" \/>\n<link rel=\"canonical\" href=\"https:\/\/evertonfc.cz\/index.php\/2011\/11\/09\/martyn-na-chatu\/\" \/>\n<meta property=\"og:locale\" content=\"cs_CZ\" \/>\n<meta property=\"og:type\" content=\"article\" \/>\n<meta property=\"og:title\" content=\"Martyn na chatu - Official Czech &amp; Slovak Everton Supporters&#039; Club\" \/>\n<meta property=\"og:description\" content=\"B\u00fdval\u00fd obl\u00edben\u00fd a hlavn\u011b \u00fasp\u011b\u0161n\u00fd str\u00e1\u017ece svatyn\u011b Evertonu, Nigel Martyn, odpov\u00eddal pro ofici\u00e1ln\u00ed web na ot\u00e1zky od fanou\u0161k\u016f. Nigel Martyn&hellip;\" \/>\n<meta property=\"og:url\" content=\"https:\/\/evertonfc.cz\/index.php\/2011\/11\/09\/martyn-na-chatu\/\" \/>\n<meta property=\"og:site_name\" content=\"Official Czech &amp; Slovak Everton Supporters&#039; Club\" \/>\n<meta property=\"article:publisher\" content=\"https:\/\/www.facebook.com\/everton.fans.cz.sk\" \/>\n<meta property=\"article:published_time\" content=\"2011-11-09T08:07:45+00:00\" \/>\n<meta property=\"article:modified_time\" content=\"2019-02-16T08:09:41+00:00\" \/>\n<meta property=\"og:image\" content=\"https:\/\/evertonfc.cz\/wp-content\/uploads\/2019\/01\/interview.jpg\" \/>\n\t<meta property=\"og:image:width\" content=\"720\" \/>\n\t<meta property=\"og:image:height\" content=\"405\" \/>\n\t<meta property=\"og:image:type\" content=\"image\/jpeg\" \/>\n<meta name=\"author\" content=\"Ri\u010di\" \/>\n<meta name=\"twitter:card\" content=\"summary_large_image\" \/>\n<meta name=\"twitter:creator\" content=\"@rbrejsa\" \/>\n<meta name=\"twitter:label1\" content=\"Napsal(a)\" \/>\n\t<meta name=\"twitter:data1\" content=\"Ri\u010di\" \/>\n\t<meta name=\"twitter:label2\" content=\"Odhadovan\u00e1 doba \u010dten\u00ed\" \/>\n\t<meta name=\"twitter:data2\" content=\"5 minut\" \/>\n<script type=\"application\/ld+json\" class=\"yoast-schema-graph\">{\"@context\":\"https:\/\/schema.org\",\"@graph\":[{\"@type\":\"Article\",\"@id\":\"https:\/\/evertonfc.cz\/index.php\/2011\/11\/09\/martyn-na-chatu\/#article\",\"isPartOf\":{\"@id\":\"https:\/\/evertonfc.cz\/index.php\/2011\/11\/09\/martyn-na-chatu\/\"},\"author\":{\"name\":\"Ri\u010di\",\"@id\":\"https:\/\/evertonfc.cz\/#\/schema\/person\/f7a5daedb2ffee98480bc70e191aaef1\"},\"headline\":\"Martyn na chatu\",\"datePublished\":\"2011-11-09T08:07:45+00:00\",\"dateModified\":\"2019-02-16T08:09:41+00:00\",\"mainEntityOfPage\":{\"@id\":\"https:\/\/evertonfc.cz\/index.php\/2011\/11\/09\/martyn-na-chatu\/\"},\"wordCount\":1012,\"commentCount\":0,\"publisher\":{\"@id\":\"https:\/\/evertonfc.cz\/#organization\"},\"image\":{\"@id\":\"https:\/\/evertonfc.cz\/index.php\/2011\/11\/09\/martyn-na-chatu\/#primaryimage\"},\"thumbnailUrl\":\"https:\/\/evertonfc.cz\/wp-content\/uploads\/2019\/01\/interview.jpg\",\"articleSection\":[\"Rozhovory\"],\"inLanguage\":\"cs\",\"potentialAction\":[{\"@type\":\"CommentAction\",\"name\":\"Comment\",\"target\":[\"https:\/\/evertonfc.cz\/index.php\/2011\/11\/09\/martyn-na-chatu\/#respond\"]}]},{\"@type\":\"WebPage\",\"@id\":\"https:\/\/evertonfc.cz\/index.php\/2011\/11\/09\/martyn-na-chatu\/\",\"url\":\"https:\/\/evertonfc.cz\/index.php\/2011\/11\/09\/martyn-na-chatu\/\",\"name\":\"Martyn na chatu - Official Czech &amp; Slovak Everton Supporters&#039; Club\",\"isPartOf\":{\"@id\":\"https:\/\/evertonfc.cz\/#website\"},\"primaryImageOfPage\":{\"@id\":\"https:\/\/evertonfc.cz\/index.php\/2011\/11\/09\/martyn-na-chatu\/#primaryimage\"},\"image\":{\"@id\":\"https:\/\/evertonfc.cz\/index.php\/2011\/11\/09\/martyn-na-chatu\/#primaryimage\"},\"thumbnailUrl\":\"https:\/\/evertonfc.cz\/wp-content\/uploads\/2019\/01\/interview.jpg\",\"datePublished\":\"2011-11-09T08:07:45+00:00\",\"dateModified\":\"2019-02-16T08:09:41+00:00\",\"breadcrumb\":{\"@id\":\"https:\/\/evertonfc.cz\/index.php\/2011\/11\/09\/martyn-na-chatu\/#breadcrumb\"},\"inLanguage\":\"cs\",\"potentialAction\":[{\"@type\":\"ReadAction\",\"target\":[\"https:\/\/evertonfc.cz\/index.php\/2011\/11\/09\/martyn-na-chatu\/\"]}]},{\"@type\":\"ImageObject\",\"inLanguage\":\"cs\",\"@id\":\"https:\/\/evertonfc.cz\/index.php\/2011\/11\/09\/martyn-na-chatu\/#primaryimage\",\"url\":\"https:\/\/evertonfc.cz\/wp-content\/uploads\/2019\/01\/interview.jpg\",\"contentUrl\":\"https:\/\/evertonfc.cz\/wp-content\/uploads\/2019\/01\/interview.jpg\",\"width\":720,\"height\":405},{\"@type\":\"BreadcrumbList\",\"@id\":\"https:\/\/evertonfc.cz\/index.php\/2011\/11\/09\/martyn-na-chatu\/#breadcrumb\",\"itemListElement\":[{\"@type\":\"ListItem\",\"position\":1,\"name\":\"Home\",\"item\":\"https:\/\/evertonfc.cz\/\"},{\"@type\":\"ListItem\",\"position\":2,\"name\":\"Martyn na chatu\"}]},{\"@type\":\"WebSite\",\"@id\":\"https:\/\/evertonfc.cz\/#website\",\"url\":\"https:\/\/evertonfc.cz\/\",\"name\":\"Official Czech &amp; Slovak Everton Supporters&#039; Club\",\"description\":\"\",\"publisher\":{\"@id\":\"https:\/\/evertonfc.cz\/#organization\"},\"potentialAction\":[{\"@type\":\"SearchAction\",\"target\":{\"@type\":\"EntryPoint\",\"urlTemplate\":\"https:\/\/evertonfc.cz\/?s={search_term_string}\"},\"query-input\":{\"@type\":\"PropertyValueSpecification\",\"valueRequired\":true,\"valueName\":\"search_term_string\"}}],\"inLanguage\":\"cs\"},{\"@type\":\"Organization\",\"@id\":\"https:\/\/evertonfc.cz\/#organization\",\"name\":\"Official Czech & Slovak Everton Supporters' Club\",\"url\":\"https:\/\/evertonfc.cz\/\",\"logo\":{\"@type\":\"ImageObject\",\"inLanguage\":\"cs\",\"@id\":\"https:\/\/evertonfc.cz\/#\/schema\/logo\/image\/\",\"url\":\"https:\/\/evertonfc.cz\/wp-content\/uploads\/2019\/05\/logo.png\",\"contentUrl\":\"https:\/\/evertonfc.cz\/wp-content\/uploads\/2019\/05\/logo.png\",\"width\":112,\"height\":112,\"caption\":\"Official Czech & Slovak Everton Supporters' Club\"},\"image\":{\"@id\":\"https:\/\/evertonfc.cz\/#\/schema\/logo\/image\/\"},\"sameAs\":[\"https:\/\/www.facebook.com\/everton.fans.cz.sk\"]},{\"@type\":\"Person\",\"@id\":\"https:\/\/evertonfc.cz\/#\/schema\/person\/f7a5daedb2ffee98480bc70e191aaef1\",\"name\":\"Ri\u010di\",\"sameAs\":[\"https:\/\/x.com\/rbrejsa\"],\"url\":\"https:\/\/evertonfc.cz\/index.php\/author\/rici\/\"}]}<\/script>\n<!-- \/ Yoast SEO plugin. -->","yoast_head_json":{"title":"Martyn na chatu - Official Czech &amp; Slovak Everton Supporters&#039; Club","robots":{"index":"index","follow":"follow","max-snippet":"max-snippet:-1","max-image-preview":"max-image-preview:large","max-video-preview":"max-video-preview:-1"},"canonical":"https:\/\/evertonfc.cz\/index.php\/2011\/11\/09\/martyn-na-chatu\/","og_locale":"cs_CZ","og_type":"article","og_title":"Martyn na chatu - Official Czech &amp; Slovak Everton Supporters&#039; Club","og_description":"B\u00fdval\u00fd obl\u00edben\u00fd a hlavn\u011b \u00fasp\u011b\u0161n\u00fd str\u00e1\u017ece svatyn\u011b Evertonu, Nigel Martyn, odpov\u00eddal pro ofici\u00e1ln\u00ed web na ot\u00e1zky od fanou\u0161k\u016f. Nigel Martyn&hellip;","og_url":"https:\/\/evertonfc.cz\/index.php\/2011\/11\/09\/martyn-na-chatu\/","og_site_name":"Official Czech &amp; Slovak Everton Supporters&#039; Club","article_publisher":"https:\/\/www.facebook.com\/everton.fans.cz.sk","article_published_time":"2011-11-09T08:07:45+00:00","article_modified_time":"2019-02-16T08:09:41+00:00","og_image":[{"width":720,"height":405,"url":"https:\/\/evertonfc.cz\/wp-content\/uploads\/2019\/01\/interview.jpg","type":"image\/jpeg"}],"author":"Ri\u010di","twitter_card":"summary_large_image","twitter_creator":"@rbrejsa","twitter_misc":{"Napsal(a)":"Ri\u010di","Odhadovan\u00e1 doba \u010dten\u00ed":"5 minut"},"schema":{"@context":"https:\/\/schema.org","@graph":[{"@type":"Article","@id":"https:\/\/evertonfc.cz\/index.php\/2011\/11\/09\/martyn-na-chatu\/#article","isPartOf":{"@id":"https:\/\/evertonfc.cz\/index.php\/2011\/11\/09\/martyn-na-chatu\/"},"author":{"name":"Ri\u010di","@id":"https:\/\/evertonfc.cz\/#\/schema\/person\/f7a5daedb2ffee98480bc70e191aaef1"},"headline":"Martyn na chatu","datePublished":"2011-11-09T08:07:45+00:00","dateModified":"2019-02-16T08:09:41+00:00","mainEntityOfPage":{"@id":"https:\/\/evertonfc.cz\/index.php\/2011\/11\/09\/martyn-na-chatu\/"},"wordCount":1012,"commentCount":0,"publisher":{"@id":"https:\/\/evertonfc.cz\/#organization"},"image":{"@id":"https:\/\/evertonfc.cz\/index.php\/2011\/11\/09\/martyn-na-chatu\/#primaryimage"},"thumbnailUrl":"https:\/\/evertonfc.cz\/wp-content\/uploads\/2019\/01\/interview.jpg","articleSection":["Rozhovory"],"inLanguage":"cs","potentialAction":[{"@type":"CommentAction","name":"Comment","target":["https:\/\/evertonfc.cz\/index.php\/2011\/11\/09\/martyn-na-chatu\/#respond"]}]},{"@type":"WebPage","@id":"https:\/\/evertonfc.cz\/index.php\/2011\/11\/09\/martyn-na-chatu\/","url":"https:\/\/evertonfc.cz\/index.php\/2011\/11\/09\/martyn-na-chatu\/","name":"Martyn na chatu - Official Czech &amp; Slovak Everton Supporters&#039; Club","isPartOf":{"@id":"https:\/\/evertonfc.cz\/#website"},"primaryImageOfPage":{"@id":"https:\/\/evertonfc.cz\/index.php\/2011\/11\/09\/martyn-na-chatu\/#primaryimage"},"image":{"@id":"https:\/\/evertonfc.cz\/index.php\/2011\/11\/09\/martyn-na-chatu\/#primaryimage"},"thumbnailUrl":"https:\/\/evertonfc.cz\/wp-content\/uploads\/2019\/01\/interview.jpg","datePublished":"2011-11-09T08:07:45+00:00","dateModified":"2019-02-16T08:09:41+00:00","breadcrumb":{"@id":"https:\/\/evertonfc.cz\/index.php\/2011\/11\/09\/martyn-na-chatu\/#breadcrumb"},"inLanguage":"cs","potentialAction":[{"@type":"ReadAction","target":["https:\/\/evertonfc.cz\/index.php\/2011\/11\/09\/martyn-na-chatu\/"]}]},{"@type":"ImageObject","inLanguage":"cs","@id":"https:\/\/evertonfc.cz\/index.php\/2011\/11\/09\/martyn-na-chatu\/#primaryimage","url":"https:\/\/evertonfc.cz\/wp-content\/uploads\/2019\/01\/interview.jpg","contentUrl":"https:\/\/evertonfc.cz\/wp-content\/uploads\/2019\/01\/interview.jpg","width":720,"height":405},{"@type":"BreadcrumbList","@id":"https:\/\/evertonfc.cz\/index.php\/2011\/11\/09\/martyn-na-chatu\/#breadcrumb","itemListElement":[{"@type":"ListItem","position":1,"name":"Home","item":"https:\/\/evertonfc.cz\/"},{"@type":"ListItem","position":2,"name":"Martyn na chatu"}]},{"@type":"WebSite","@id":"https:\/\/evertonfc.cz\/#website","url":"https:\/\/evertonfc.cz\/","name":"Official Czech &amp; Slovak Everton Supporters&#039; Club","description":"","publisher":{"@id":"https:\/\/evertonfc.cz\/#organization"},"potentialAction":[{"@type":"SearchAction","target":{"@type":"EntryPoint","urlTemplate":"https:\/\/evertonfc.cz\/?s={search_term_string}"},"query-input":{"@type":"PropertyValueSpecification","valueRequired":true,"valueName":"search_term_string"}}],"inLanguage":"cs"},{"@type":"Organization","@id":"https:\/\/evertonfc.cz\/#organization","name":"Official Czech & Slovak Everton Supporters' Club","url":"https:\/\/evertonfc.cz\/","logo":{"@type":"ImageObject","inLanguage":"cs","@id":"https:\/\/evertonfc.cz\/#\/schema\/logo\/image\/","url":"https:\/\/evertonfc.cz\/wp-content\/uploads\/2019\/05\/logo.png","contentUrl":"https:\/\/evertonfc.cz\/wp-content\/uploads\/2019\/05\/logo.png","width":112,"height":112,"caption":"Official Czech & Slovak Everton Supporters' Club"},"image":{"@id":"https:\/\/evertonfc.cz\/#\/schema\/logo\/image\/"},"sameAs":["https:\/\/www.facebook.com\/everton.fans.cz.sk"]},{"@type":"Person","@id":"https:\/\/evertonfc.cz\/#\/schema\/person\/f7a5daedb2ffee98480bc70e191aaef1","name":"Ri\u010di","sameAs":["https:\/\/x.com\/rbrejsa"],"url":"https:\/\/evertonfc.cz\/index.php\/author\/rici\/"}]}},"_links":{"self":[{"href":"https:\/\/evertonfc.cz\/index.php\/wp-json\/wp\/v2\/posts\/5852"}],"collection":[{"href":"https:\/\/evertonfc.cz\/index.php\/wp-json\/wp\/v2\/posts"}],"about":[{"href":"https:\/\/evertonfc.cz\/index.php\/wp-json\/wp\/v2\/types\/post"}],"author":[{"embeddable":true,"href":"https:\/\/evertonfc.cz\/index.php\/wp-json\/wp\/v2\/users\/6"}],"replies":[{"embeddable":true,"href":"https:\/\/evertonfc.cz\/index.php\/wp-json\/wp\/v2\/comments?post=5852"}],"version-history":[{"count":1,"href":"https:\/\/evertonfc.cz\/index.php\/wp-json\/wp\/v2\/posts\/5852\/revisions"}],"predecessor-version":[{"id":5853,"href":"https:\/\/evertonfc.cz\/index.php\/wp-json\/wp\/v2\/posts\/5852\/revisions\/5853"}],"wp:featuredmedia":[{"embeddable":true,"href":"https:\/\/evertonfc.cz\/index.php\/wp-json\/wp\/v2\/media\/1312"}],"wp:attachment":[{"href":"https:\/\/evertonfc.cz\/index.php\/wp-json\/wp\/v2\/media?parent=5852"}],"wp:term":[{"taxonomy":"category","embeddable":true,"href":"https:\/\/evertonfc.cz\/index.php\/wp-json\/wp\/v2\/categories?post=5852"},{"taxonomy":"post_tag","embeddable":true,"href":"https:\/\/evertonfc.cz\/index.php\/wp-json\/wp\/v2\/tags?post=5852"}],"curies":[{"name":"wp","href":"https:\/\/api.w.org\/{rel}","templated":true}]}}