{"id":5854,"date":"2011-11-11T09:09:57","date_gmt":"2011-11-11T08:09:57","guid":{"rendered":"http:\/\/evertonfc.cz\/?p=5854"},"modified":"2019-02-16T09:11:42","modified_gmt":"2019-02-16T08:11:42","slug":"elstone-jednani-o-prodeji-probihaji","status":"publish","type":"post","link":"https:\/\/evertonfc.cz\/index.php\/2011\/11\/11\/elstone-jednani-o-prodeji-probihaji\/","title":{"rendered":"Elstone: Jedn\u00e1n\u00ed o prodeji prob\u00edhaj\u00ed"},"content":{"rendered":"<h4>Robert Elstone z pozice gener\u00e1ln\u00edho mana\u017eera Evertonu prohl\u00e1sil, \u017ee s potencion\u00e1ln\u00edmi z\u00e1jemci na p\u0159evzet\u00ed klubu opravdu debatuje.<\/h4>\n<p>Naposledy se ve spojitosti ohledn\u011b prodeje Evertonu zmi\u0148ovalo jm\u00e9no indick\u00e9 spole\u010dnosti Jain, kter\u00e1 obchoduje v oblastech nemovitost\u00ed, maloobchodu a ocel\u00e1\u0159sk\u00e9m pr\u016fmyslu. A\u0165 u\u017e byl z\u00e1jem Ind\u016f re\u00e1ln\u00fd \u010di ne, ur\u010dit\u011b nebyli v posledn\u00edm roce jedin\u00fdm vypt\u00e1vaj\u00edc\u00ed se na klub z Goodison Parku, co\u017e potvrzuje i Elstone:\u00a0<em>\u201eO Everton neust\u00e1le trv\u00e1 z\u00e1jem, jsme v rovin\u011b dialog\u016f.<\/em><\/p>\n<p><em>\u201eCel\u00e1 \u0159ada jednotlivc\u016f, skupin nebo spole\u010dnost\u00ed je ve v\u011bci Evertonu zainteresov\u00e1na. Vedeme seri\u00f3zn\u00ed rozpravy na t\u00e9ma nov\u00e9ho vlastn\u00edka a investic\u00ed do budoucna. EFC je v\u017edy otev\u0159en, vn\u00edmav\u00fd a profesion\u00e1ln\u00ed, tak\u017ee respektujeme ob\u011b strany, co se t\u00fd\u010de odhalen\u00ed identit potencion\u00e1ln\u00edch z\u00e1jemc\u016f.\u201c<\/em><\/p>\n<p>Se sou\u010dasnou situac\u00ed u Toffees mnoho fanou\u0161k\u016f nesouhlas\u00ed, proto v Liverpoolu vznikla skupina p\u0159\u00edznivc\u016f\u00a0<a href=\"http:\/\/www.theblueunion.com\/\" target=\"_blank\" rel=\"noopener\">The Blue Union<\/a>. A p\u0159ed sobotn\u00edm dom\u00e1c\u00edm z\u00e1pasem s Wolves, ohl\u00e1sila zorganizovat protestn\u00ed pochod.<\/p>\n<p>Robert Elstone na to prozradil:\u00a0<em>\u201eSamoz\u0159ejm\u011b pln\u011b ch\u00e1peme na\u0161e fanou\u0161ky, kte\u0159\u00ed se cht\u011bj\u00ed dozv\u011bd\u011bt, jak na\u0161e jedn\u00e1n\u00ed skon\u010d\u00ed \u00fasp\u011b\u0161n\u011b. To ale zaru\u010dit nemohu, jeliko\u017e jedn\u00e1n\u00ed jsou teprve v ran\u00e9 f\u00e1zi.<\/em><\/p>\n<p><em>Jako prvn\u00ed n\u00e1m nejsou pokl\u00e1d\u00e1ny ot\u00e1zky \u201cza kolik\u201c ale \u201cjak\u00e9 jsou va\u0161e pl\u00e1ny a z\u00e1m\u011bry s Evertonem do budoucnosti?\u201c. Nebav\u00ed m\u011b opakovat se, ale Everton FC je v\u00e1\u017en\u011b k prodeji. Prodeji, jen\u017e nesel\u017ee na bodech o velk\u00e9 cen\u011b nebo \u0161patn\u00fdch podm\u00ednk\u00e1ch.<\/em><\/p>\n<p><em>Up\u0159\u00edmn\u011b douf\u00e1m ve spr\u00e1vn\u00e9ho kupce s dobr\u00fdmi \u00famysly. O z\u00e1vazc\u00edch k Evertonu s mo\u017en\u00fdmi investory tak\u00e9 mluv\u00edme.\u201c<\/em><\/p>\n<p>The Blue Union nepo\u0159\u00e1d\u00e1 prvn\u00ed protestn\u00ed akci, \u010dinila se ji\u017e p\u0159ed soubojem s Aston Villou v z\u00e1\u0159\u00ed. C\u00edlem spolku rozhodn\u011b nen\u00ed vyhnat sou\u010dasn\u00e9ho p\u0159edsedu Billa Kenwrighta, ale doc\u00edlit zm\u011bny, kter\u00e1 Evertonu zabezpe\u010d\u00ed finan\u010dn\u00ed prost\u0159edky pot\u0159ebn\u00e9 v konkurenceschopnosti Premier League. V sou\u010dasn\u00e9 chv\u00edli se sv\u011b\u0159enci Davida Moyese nach\u00e1z\u00ed na 16. m\u00edst\u011b tabulky, p\u0159i\u010dem\u017e v posledn\u00edch \u0161esti ligov\u00fdch kolech vyhr\u00e1li jen jednou.<\/p>\n","protected":false},"excerpt":{"rendered":"<p>Robert Elstone z pozice gener\u00e1ln\u00edho mana\u017eera Evertonu prohl\u00e1sil, \u017ee s potencion\u00e1ln\u00edmi z\u00e1jemci na p\u0159evzet\u00ed klubu opravdu debatuje. Naposledy se ve&hellip;<\/p>\n","protected":false},"author":6,"featured_media":1312,"comment_status":"open","ping_status":"closed","sticky":false,"template":"","format":"standard","meta":{"_eb_attr":"","_monsterinsights_skip_tracking":false,"_monsterinsights_sitenote_active":false,"_monsterinsights_sitenote_note":"","_monsterinsights_sitenote_category":0,"footnotes":""},"categories":[42,1],"tags":[],"yoast_head":"<!-- This site is optimized with the Yoast SEO plugin v23.4 - https:\/\/yoast.com\/wordpress\/plugins\/seo\/ -->\n<title>Elstone: Jedn\u00e1n\u00ed o prodeji prob\u00edhaj\u00ed - Official Czech &amp; Slovak Everton Supporters&#039; Club<\/title>\n<meta name=\"robots\" content=\"index, follow, max-snippet:-1, max-image-preview:large, max-video-preview:-1\" \/>\n<link rel=\"canonical\" href=\"https:\/\/evertonfc.cz\/index.php\/2011\/11\/11\/elstone-jednani-o-prodeji-probihaji\/\" \/>\n<meta property=\"og:locale\" content=\"cs_CZ\" \/>\n<meta property=\"og:type\" content=\"article\" \/>\n<meta property=\"og:title\" content=\"Elstone: Jedn\u00e1n\u00ed o prodeji prob\u00edhaj\u00ed - Official Czech &amp; Slovak Everton Supporters&#039; Club\" \/>\n<meta property=\"og:description\" content=\"Robert Elstone z pozice gener\u00e1ln\u00edho mana\u017eera Evertonu prohl\u00e1sil, \u017ee s potencion\u00e1ln\u00edmi z\u00e1jemci na p\u0159evzet\u00ed klubu opravdu debatuje. Naposledy se ve&hellip;\" \/>\n<meta property=\"og:url\" content=\"https:\/\/evertonfc.cz\/index.php\/2011\/11\/11\/elstone-jednani-o-prodeji-probihaji\/\" \/>\n<meta property=\"og:site_name\" content=\"Official Czech &amp; Slovak Everton Supporters&#039; Club\" \/>\n<meta property=\"article:publisher\" content=\"https:\/\/www.facebook.com\/everton.fans.cz.sk\" \/>\n<meta property=\"article:published_time\" content=\"2011-11-11T08:09:57+00:00\" \/>\n<meta property=\"article:modified_time\" content=\"2019-02-16T08:11:42+00:00\" \/>\n<meta property=\"og:image\" content=\"https:\/\/evertonfc.cz\/wp-content\/uploads\/2019\/01\/interview.jpg\" \/>\n\t<meta property=\"og:image:width\" content=\"720\" \/>\n\t<meta property=\"og:image:height\" content=\"405\" \/>\n\t<meta property=\"og:image:type\" content=\"image\/jpeg\" \/>\n<meta name=\"author\" content=\"Ri\u010di\" \/>\n<meta name=\"twitter:card\" content=\"summary_large_image\" \/>\n<meta name=\"twitter:creator\" content=\"@rbrejsa\" \/>\n<meta name=\"twitter:label1\" content=\"Napsal(a)\" \/>\n\t<meta name=\"twitter:data1\" content=\"Ri\u010di\" \/>\n\t<meta name=\"twitter:label2\" content=\"Odhadovan\u00e1 doba \u010dten\u00ed\" \/>\n\t<meta name=\"twitter:data2\" content=\"2 minuty\" \/>\n<script type=\"application\/ld+json\" class=\"yoast-schema-graph\">{\"@context\":\"https:\/\/schema.org\",\"@graph\":[{\"@type\":\"Article\",\"@id\":\"https:\/\/evertonfc.cz\/index.php\/2011\/11\/11\/elstone-jednani-o-prodeji-probihaji\/#article\",\"isPartOf\":{\"@id\":\"https:\/\/evertonfc.cz\/index.php\/2011\/11\/11\/elstone-jednani-o-prodeji-probihaji\/\"},\"author\":{\"name\":\"Ri\u010di\",\"@id\":\"https:\/\/evertonfc.cz\/#\/schema\/person\/f7a5daedb2ffee98480bc70e191aaef1\"},\"headline\":\"Elstone: Jedn\u00e1n\u00ed o prodeji prob\u00edhaj\u00ed\",\"datePublished\":\"2011-11-11T08:09:57+00:00\",\"dateModified\":\"2019-02-16T08:11:42+00:00\",\"mainEntityOfPage\":{\"@id\":\"https:\/\/evertonfc.cz\/index.php\/2011\/11\/11\/elstone-jednani-o-prodeji-probihaji\/\"},\"wordCount\":399,\"commentCount\":0,\"publisher\":{\"@id\":\"https:\/\/evertonfc.cz\/#organization\"},\"image\":{\"@id\":\"https:\/\/evertonfc.cz\/index.php\/2011\/11\/11\/elstone-jednani-o-prodeji-probihaji\/#primaryimage\"},\"thumbnailUrl\":\"https:\/\/evertonfc.cz\/wp-content\/uploads\/2019\/01\/interview.jpg\",\"articleSection\":[\"Aktuality\",\"Rozhovory\"],\"inLanguage\":\"cs\",\"potentialAction\":[{\"@type\":\"CommentAction\",\"name\":\"Comment\",\"target\":[\"https:\/\/evertonfc.cz\/index.php\/2011\/11\/11\/elstone-jednani-o-prodeji-probihaji\/#respond\"]}]},{\"@type\":\"WebPage\",\"@id\":\"https:\/\/evertonfc.cz\/index.php\/2011\/11\/11\/elstone-jednani-o-prodeji-probihaji\/\",\"url\":\"https:\/\/evertonfc.cz\/index.php\/2011\/11\/11\/elstone-jednani-o-prodeji-probihaji\/\",\"name\":\"Elstone: Jedn\u00e1n\u00ed o prodeji prob\u00edhaj\u00ed - Official Czech &amp; Slovak Everton Supporters&#039; Club\",\"isPartOf\":{\"@id\":\"https:\/\/evertonfc.cz\/#website\"},\"primaryImageOfPage\":{\"@id\":\"https:\/\/evertonfc.cz\/index.php\/2011\/11\/11\/elstone-jednani-o-prodeji-probihaji\/#primaryimage\"},\"image\":{\"@id\":\"https:\/\/evertonfc.cz\/index.php\/2011\/11\/11\/elstone-jednani-o-prodeji-probihaji\/#primaryimage\"},\"thumbnailUrl\":\"https:\/\/evertonfc.cz\/wp-content\/uploads\/2019\/01\/interview.jpg\",\"datePublished\":\"2011-11-11T08:09:57+00:00\",\"dateModified\":\"2019-02-16T08:11:42+00:00\",\"breadcrumb\":{\"@id\":\"https:\/\/evertonfc.cz\/index.php\/2011\/11\/11\/elstone-jednani-o-prodeji-probihaji\/#breadcrumb\"},\"inLanguage\":\"cs\",\"potentialAction\":[{\"@type\":\"ReadAction\",\"target\":[\"https:\/\/evertonfc.cz\/index.php\/2011\/11\/11\/elstone-jednani-o-prodeji-probihaji\/\"]}]},{\"@type\":\"ImageObject\",\"inLanguage\":\"cs\",\"@id\":\"https:\/\/evertonfc.cz\/index.php\/2011\/11\/11\/elstone-jednani-o-prodeji-probihaji\/#primaryimage\",\"url\":\"https:\/\/evertonfc.cz\/wp-content\/uploads\/2019\/01\/interview.jpg\",\"contentUrl\":\"https:\/\/evertonfc.cz\/wp-content\/uploads\/2019\/01\/interview.jpg\",\"width\":720,\"height\":405},{\"@type\":\"BreadcrumbList\",\"@id\":\"https:\/\/evertonfc.cz\/index.php\/2011\/11\/11\/elstone-jednani-o-prodeji-probihaji\/#breadcrumb\",\"itemListElement\":[{\"@type\":\"ListItem\",\"position\":1,\"name\":\"Home\",\"item\":\"https:\/\/evertonfc.cz\/\"},{\"@type\":\"ListItem\",\"position\":2,\"name\":\"Elstone: Jedn\u00e1n\u00ed o prodeji prob\u00edhaj\u00ed\"}]},{\"@type\":\"WebSite\",\"@id\":\"https:\/\/evertonfc.cz\/#website\",\"url\":\"https:\/\/evertonfc.cz\/\",\"name\":\"Official Czech &amp; Slovak Everton Supporters&#039; Club\",\"description\":\"\",\"publisher\":{\"@id\":\"https:\/\/evertonfc.cz\/#organization\"},\"potentialAction\":[{\"@type\":\"SearchAction\",\"target\":{\"@type\":\"EntryPoint\",\"urlTemplate\":\"https:\/\/evertonfc.cz\/?s={search_term_string}\"},\"query-input\":{\"@type\":\"PropertyValueSpecification\",\"valueRequired\":true,\"valueName\":\"search_term_string\"}}],\"inLanguage\":\"cs\"},{\"@type\":\"Organization\",\"@id\":\"https:\/\/evertonfc.cz\/#organization\",\"name\":\"Official Czech & Slovak Everton Supporters' Club\",\"url\":\"https:\/\/evertonfc.cz\/\",\"logo\":{\"@type\":\"ImageObject\",\"inLanguage\":\"cs\",\"@id\":\"https:\/\/evertonfc.cz\/#\/schema\/logo\/image\/\",\"url\":\"https:\/\/evertonfc.cz\/wp-content\/uploads\/2019\/05\/logo.png\",\"contentUrl\":\"https:\/\/evertonfc.cz\/wp-content\/uploads\/2019\/05\/logo.png\",\"width\":112,\"height\":112,\"caption\":\"Official Czech & Slovak Everton Supporters' Club\"},\"image\":{\"@id\":\"https:\/\/evertonfc.cz\/#\/schema\/logo\/image\/\"},\"sameAs\":[\"https:\/\/www.facebook.com\/everton.fans.cz.sk\"]},{\"@type\":\"Person\",\"@id\":\"https:\/\/evertonfc.cz\/#\/schema\/person\/f7a5daedb2ffee98480bc70e191aaef1\",\"name\":\"Ri\u010di\",\"sameAs\":[\"https:\/\/x.com\/rbrejsa\"],\"url\":\"https:\/\/evertonfc.cz\/index.php\/author\/rici\/\"}]}<\/script>\n<!-- \/ Yoast SEO plugin. -->","yoast_head_json":{"title":"Elstone: Jedn\u00e1n\u00ed o prodeji prob\u00edhaj\u00ed - Official Czech &amp; Slovak Everton Supporters&#039; Club","robots":{"index":"index","follow":"follow","max-snippet":"max-snippet:-1","max-image-preview":"max-image-preview:large","max-video-preview":"max-video-preview:-1"},"canonical":"https:\/\/evertonfc.cz\/index.php\/2011\/11\/11\/elstone-jednani-o-prodeji-probihaji\/","og_locale":"cs_CZ","og_type":"article","og_title":"Elstone: Jedn\u00e1n\u00ed o prodeji prob\u00edhaj\u00ed - Official Czech &amp; Slovak Everton Supporters&#039; Club","og_description":"Robert Elstone z pozice gener\u00e1ln\u00edho mana\u017eera Evertonu prohl\u00e1sil, \u017ee s potencion\u00e1ln\u00edmi z\u00e1jemci na p\u0159evzet\u00ed klubu opravdu debatuje. Naposledy se ve&hellip;","og_url":"https:\/\/evertonfc.cz\/index.php\/2011\/11\/11\/elstone-jednani-o-prodeji-probihaji\/","og_site_name":"Official Czech &amp; Slovak Everton Supporters&#039; Club","article_publisher":"https:\/\/www.facebook.com\/everton.fans.cz.sk","article_published_time":"2011-11-11T08:09:57+00:00","article_modified_time":"2019-02-16T08:11:42+00:00","og_image":[{"width":720,"height":405,"url":"https:\/\/evertonfc.cz\/wp-content\/uploads\/2019\/01\/interview.jpg","type":"image\/jpeg"}],"author":"Ri\u010di","twitter_card":"summary_large_image","twitter_creator":"@rbrejsa","twitter_misc":{"Napsal(a)":"Ri\u010di","Odhadovan\u00e1 doba \u010dten\u00ed":"2 minuty"},"schema":{"@context":"https:\/\/schema.org","@graph":[{"@type":"Article","@id":"https:\/\/evertonfc.cz\/index.php\/2011\/11\/11\/elstone-jednani-o-prodeji-probihaji\/#article","isPartOf":{"@id":"https:\/\/evertonfc.cz\/index.php\/2011\/11\/11\/elstone-jednani-o-prodeji-probihaji\/"},"author":{"name":"Ri\u010di","@id":"https:\/\/evertonfc.cz\/#\/schema\/person\/f7a5daedb2ffee98480bc70e191aaef1"},"headline":"Elstone: Jedn\u00e1n\u00ed o prodeji prob\u00edhaj\u00ed","datePublished":"2011-11-11T08:09:57+00:00","dateModified":"2019-02-16T08:11:42+00:00","mainEntityOfPage":{"@id":"https:\/\/evertonfc.cz\/index.php\/2011\/11\/11\/elstone-jednani-o-prodeji-probihaji\/"},"wordCount":399,"commentCount":0,"publisher":{"@id":"https:\/\/evertonfc.cz\/#organization"},"image":{"@id":"https:\/\/evertonfc.cz\/index.php\/2011\/11\/11\/elstone-jednani-o-prodeji-probihaji\/#primaryimage"},"thumbnailUrl":"https:\/\/evertonfc.cz\/wp-content\/uploads\/2019\/01\/interview.jpg","articleSection":["Aktuality","Rozhovory"],"inLanguage":"cs","potentialAction":[{"@type":"CommentAction","name":"Comment","target":["https:\/\/evertonfc.cz\/index.php\/2011\/11\/11\/elstone-jednani-o-prodeji-probihaji\/#respond"]}]},{"@type":"WebPage","@id":"https:\/\/evertonfc.cz\/index.php\/2011\/11\/11\/elstone-jednani-o-prodeji-probihaji\/","url":"https:\/\/evertonfc.cz\/index.php\/2011\/11\/11\/elstone-jednani-o-prodeji-probihaji\/","name":"Elstone: Jedn\u00e1n\u00ed o prodeji prob\u00edhaj\u00ed - Official Czech &amp; Slovak Everton Supporters&#039; Club","isPartOf":{"@id":"https:\/\/evertonfc.cz\/#website"},"primaryImageOfPage":{"@id":"https:\/\/evertonfc.cz\/index.php\/2011\/11\/11\/elstone-jednani-o-prodeji-probihaji\/#primaryimage"},"image":{"@id":"https:\/\/evertonfc.cz\/index.php\/2011\/11\/11\/elstone-jednani-o-prodeji-probihaji\/#primaryimage"},"thumbnailUrl":"https:\/\/evertonfc.cz\/wp-content\/uploads\/2019\/01\/interview.jpg","datePublished":"2011-11-11T08:09:57+00:00","dateModified":"2019-02-16T08:11:42+00:00","breadcrumb":{"@id":"https:\/\/evertonfc.cz\/index.php\/2011\/11\/11\/elstone-jednani-o-prodeji-probihaji\/#breadcrumb"},"inLanguage":"cs","potentialAction":[{"@type":"ReadAction","target":["https:\/\/evertonfc.cz\/index.php\/2011\/11\/11\/elstone-jednani-o-prodeji-probihaji\/"]}]},{"@type":"ImageObject","inLanguage":"cs","@id":"https:\/\/evertonfc.cz\/index.php\/2011\/11\/11\/elstone-jednani-o-prodeji-probihaji\/#primaryimage","url":"https:\/\/evertonfc.cz\/wp-content\/uploads\/2019\/01\/interview.jpg","contentUrl":"https:\/\/evertonfc.cz\/wp-content\/uploads\/2019\/01\/interview.jpg","width":720,"height":405},{"@type":"BreadcrumbList","@id":"https:\/\/evertonfc.cz\/index.php\/2011\/11\/11\/elstone-jednani-o-prodeji-probihaji\/#breadcrumb","itemListElement":[{"@type":"ListItem","position":1,"name":"Home","item":"https:\/\/evertonfc.cz\/"},{"@type":"ListItem","position":2,"name":"Elstone: Jedn\u00e1n\u00ed o prodeji prob\u00edhaj\u00ed"}]},{"@type":"WebSite","@id":"https:\/\/evertonfc.cz\/#website","url":"https:\/\/evertonfc.cz\/","name":"Official Czech &amp; Slovak Everton Supporters&#039; Club","description":"","publisher":{"@id":"https:\/\/evertonfc.cz\/#organization"},"potentialAction":[{"@type":"SearchAction","target":{"@type":"EntryPoint","urlTemplate":"https:\/\/evertonfc.cz\/?s={search_term_string}"},"query-input":{"@type":"PropertyValueSpecification","valueRequired":true,"valueName":"search_term_string"}}],"inLanguage":"cs"},{"@type":"Organization","@id":"https:\/\/evertonfc.cz\/#organization","name":"Official Czech & Slovak Everton Supporters' Club","url":"https:\/\/evertonfc.cz\/","logo":{"@type":"ImageObject","inLanguage":"cs","@id":"https:\/\/evertonfc.cz\/#\/schema\/logo\/image\/","url":"https:\/\/evertonfc.cz\/wp-content\/uploads\/2019\/05\/logo.png","contentUrl":"https:\/\/evertonfc.cz\/wp-content\/uploads\/2019\/05\/logo.png","width":112,"height":112,"caption":"Official Czech & Slovak Everton Supporters' Club"},"image":{"@id":"https:\/\/evertonfc.cz\/#\/schema\/logo\/image\/"},"sameAs":["https:\/\/www.facebook.com\/everton.fans.cz.sk"]},{"@type":"Person","@id":"https:\/\/evertonfc.cz\/#\/schema\/person\/f7a5daedb2ffee98480bc70e191aaef1","name":"Ri\u010di","sameAs":["https:\/\/x.com\/rbrejsa"],"url":"https:\/\/evertonfc.cz\/index.php\/author\/rici\/"}]}},"_links":{"self":[{"href":"https:\/\/evertonfc.cz\/index.php\/wp-json\/wp\/v2\/posts\/5854"}],"collection":[{"href":"https:\/\/evertonfc.cz\/index.php\/wp-json\/wp\/v2\/posts"}],"about":[{"href":"https:\/\/evertonfc.cz\/index.php\/wp-json\/wp\/v2\/types\/post"}],"author":[{"embeddable":true,"href":"https:\/\/evertonfc.cz\/index.php\/wp-json\/wp\/v2\/users\/6"}],"replies":[{"embeddable":true,"href":"https:\/\/evertonfc.cz\/index.php\/wp-json\/wp\/v2\/comments?post=5854"}],"version-history":[{"count":1,"href":"https:\/\/evertonfc.cz\/index.php\/wp-json\/wp\/v2\/posts\/5854\/revisions"}],"predecessor-version":[{"id":5855,"href":"https:\/\/evertonfc.cz\/index.php\/wp-json\/wp\/v2\/posts\/5854\/revisions\/5855"}],"wp:featuredmedia":[{"embeddable":true,"href":"https:\/\/evertonfc.cz\/index.php\/wp-json\/wp\/v2\/media\/1312"}],"wp:attachment":[{"href":"https:\/\/evertonfc.cz\/index.php\/wp-json\/wp\/v2\/media?parent=5854"}],"wp:term":[{"taxonomy":"category","embeddable":true,"href":"https:\/\/evertonfc.cz\/index.php\/wp-json\/wp\/v2\/categories?post=5854"},{"taxonomy":"post_tag","embeddable":true,"href":"https:\/\/evertonfc.cz\/index.php\/wp-json\/wp\/v2\/tags?post=5854"}],"curies":[{"name":"wp","href":"https:\/\/api.w.org\/{rel}","templated":true}]}}