{"id":5866,"date":"2011-11-23T09:23:04","date_gmt":"2011-11-23T08:23:04","guid":{"rendered":"http:\/\/evertonfc.cz\/?p=5866"},"modified":"2019-02-16T09:24:32","modified_gmt":"2019-02-16T08:24:32","slug":"drenthe-leighton-patri-k-nejlepsim","status":"publish","type":"post","link":"https:\/\/evertonfc.cz\/index.php\/2011\/11\/23\/drenthe-leighton-patri-k-nejlepsim\/","title":{"rendered":"Drenthe: Leighton pat\u0159\u00ed k nejlep\u0161\u00edm"},"content":{"rendered":"<h4>Royston Drenthe douf\u00e1 v \u00fasp\u011b\u0161nou spolupr\u00e1ci v\u00a0r\u00e1mci lev\u00e9 stran\u011b h\u0159i\u0161t\u011b, kde operuje jako z\u00e1lo\u017en\u00edk p\u0159ed Leightonem Bainesem, a z\u00e1rove\u0148 sv\u00e9ho kolegu vyzdvihuje.<\/h4>\n<p>Holan\u010fan se od sv\u00e9ho letn\u00edho p\u0159\u00edchodu z Realu Madrid na celosez\u00f3nn\u00ed hostov\u00e1n\u00ed objevuje na obou kraj\u00edch st\u0159edov\u00e9 \u0159ady, ov\u0161em p\u0159eci jenom v\u00edce ho v\u00edd\u00e1me jako lev\u00e9ho k\u0159\u00eddeln\u00edka, k \u010demu\u017e m\u00e1 jako levonoh\u00fd fotbalista pochopiteln\u011b bl\u00ed\u017ee. Na tomto postu mu kryje z\u00e1da Leighton Baines, s\u00a0n\u00edm\u017e by cht\u011bl Drenthe \u00fasp\u011b\u0161n\u011b spolupracovat a nav\u00e1zat t\u0159eba na jednoho ze sv\u00fdch p\u0159edch\u016fdc\u016f, Stevena Pienaara, kter\u00fd se s\u00a0Bainesem v\u00fdborn\u011b dopl\u0148oval.<\/p>\n<p><em>\u201eAktu\u00e1ln\u011b hraji s jedn\u00edm z nejlep\u0161\u00edch lev\u00fdch obr\u00e1nc\u016f na sv\u011bt\u011b. Leighton opravdu nepostr\u00e1d\u00e1 kvalitu.\u00a0<\/em><em>M\u00e1me dobr\u00fd vztah u\u017e od za\u010d\u00e1tku, co\u017e je velmi d\u016fle\u017eit\u00e9. On m\u011b ch\u00e1pe a j\u00e1 zase rozum\u00edm jemu, jsem \u0161\u0165astn\u00fd, \u017ee nastupuji\u00a0po boku n\u011bkoho takov\u00e9ho,\u201c\u00a0<\/em>prozradil Drenthe.<\/p>\n<p>Produkt akademie nizozemsk\u00e9ho Feyenoordu byl p\u0159ed sobotn\u00ed utk\u00e1n\u00edm s Wolves po\u017e\u00e1d\u00e1n od Davida Moyese, aby s Bainesem v\u00edce spolupracoval:\u00a0<em>\u201eNa h\u0159i\u0161ti bojuju pro t\u00fdm a mana\u017eer mi dal pokyny, abych pom\u00e1hal Bainesymu. V samotn\u00e9m utk\u00e1n\u00ed jsem p\u0159edvedl solidn\u00ed v\u00fdkon, mohu se ale je\u0161t\u011b prezentovat l\u00e9pe a b\u00fdt pro mu\u017estvo v\u00edce p\u0159\u00ednosn\u00fd. Nejsem po duelu s Wolves se sebou zklaman\u00fd. Vyhr\u00e1li jsme a z osobn\u00edho hlediska u sebe c\u00edt\u00edm ur\u010dit\u00e9 rezervy.<\/em><\/p>\n<p><em>S Leightonem jsem se u\u017e v\u00a0minulosti na h\u0159i\u0161ti potkal, v\u00a0roli soupe\u0159e b\u011bhem semifin\u00e1le mistrovstv\u00ed Evropy U21. St\u0159etnut\u00ed se rozhodlo a\u017e po dvaceti \u0161esti penalt\u00e1ch, tak\u017ee proto si na n\u011bj velmi dob\u0159e vzpom\u00edn\u00e1m stejn\u011b jako on na m\u011b.&#8220;<\/em><\/p>\n<p>V\u00edt\u011bzstv\u00edm nad Wolverhamptonem si Toffees aspo\u0148 trochu vylep\u0161ili hr\u016fzostra\u0161nou bilanci z\u00a0posledn\u00edch t\u00fddn\u016f, a i proto rychl\u00edk ze zem\u011b tulip\u00e1n\u016f v\u011b\u0159\u00ed v lep\u0161\u00ed z\u00edt\u0159ky:\u00a0<em>\u201eProti Wolves \u0161lo o hodn\u011b d\u016fle\u017eitou v\u00fdhru. Kolo p\u0159edt\u00edm na p\u016fd\u011b Newcastlu nebylo jednoduch\u00e9, prohr\u00e1li jsme si ho av\u0161ak sami v\u00a0prvn\u00edch dvaceti minut\u00e1ch. A kv\u016fli reprezenta\u010dn\u00ed pauze jsme pak museli \u010dekat \u010dtrn\u00e1ct dn\u00ed, abychom se revan\u0161ovali.<\/em><\/p>\n<p><em>Lid\u00e9 od n\u00e1s v posledn\u00edm duelu o\u010dek\u00e1vali t\u0159i body. Vlci se uk\u00e1zali v dobr\u00e9m sv\u011btle, n\u00e1m na\u0161t\u011bst\u00ed pomohlo pot\u0159ebn\u00e9 \u0161test\u00ed\u010dko.\u00a0<\/em><em>Po v\u00fdh\u0159e\u00a0se v\u00e1m vr\u00e1t\u00ed sebev\u011bdom\u00ed, my hr\u00e1\u010di to ur\u010dit\u011b poci\u0165ujeme. N\u011bkte\u0159\u00ed z n\u00e1s pot\u0159ebuj\u00ed v\u00edce sebev\u011bdom\u00ed, v kone\u010dn\u00e9m d\u016fsledku je ale t\u0159eba hr\u00e1t jako jeden mu\u017e. Proti Wolverhamptonu se n\u00e1m to poda\u0159ilo, snad to p\u0159eneseme i do dal\u0161\u00edho utk\u00e1n\u00ed a op\u011bt usp\u011bjeme. Budeme sb\u00edrat v\u00edce bod\u016f, jsme siln\u00fdm t\u00fdmem.\u201c<\/em><\/p>\n","protected":false},"excerpt":{"rendered":"<p>Royston Drenthe douf\u00e1 v \u00fasp\u011b\u0161nou spolupr\u00e1ci v\u00a0r\u00e1mci lev\u00e9 stran\u011b h\u0159i\u0161t\u011b, kde operuje jako z\u00e1lo\u017en\u00edk p\u0159ed Leightonem Bainesem, a z\u00e1rove\u0148 sv\u00e9ho&hellip;<\/p>\n","protected":false},"author":6,"featured_media":1312,"comment_status":"open","ping_status":"closed","sticky":false,"template":"","format":"standard","meta":{"_eb_attr":"","_monsterinsights_skip_tracking":false,"_monsterinsights_sitenote_active":false,"_monsterinsights_sitenote_note":"","_monsterinsights_sitenote_category":0,"footnotes":""},"categories":[1],"tags":[],"yoast_head":"<!-- This site is optimized with the Yoast SEO plugin v23.4 - https:\/\/yoast.com\/wordpress\/plugins\/seo\/ -->\n<title>Drenthe: Leighton pat\u0159\u00ed k nejlep\u0161\u00edm - Official Czech &amp; Slovak Everton Supporters&#039; Club<\/title>\n<meta name=\"robots\" content=\"index, follow, max-snippet:-1, max-image-preview:large, max-video-preview:-1\" \/>\n<link rel=\"canonical\" href=\"https:\/\/evertonfc.cz\/index.php\/2011\/11\/23\/drenthe-leighton-patri-k-nejlepsim\/\" \/>\n<meta property=\"og:locale\" content=\"cs_CZ\" \/>\n<meta property=\"og:type\" content=\"article\" \/>\n<meta property=\"og:title\" content=\"Drenthe: Leighton pat\u0159\u00ed k nejlep\u0161\u00edm - Official Czech &amp; Slovak Everton Supporters&#039; Club\" \/>\n<meta property=\"og:description\" content=\"Royston Drenthe douf\u00e1 v \u00fasp\u011b\u0161nou spolupr\u00e1ci v\u00a0r\u00e1mci lev\u00e9 stran\u011b h\u0159i\u0161t\u011b, kde operuje jako z\u00e1lo\u017en\u00edk p\u0159ed Leightonem Bainesem, a z\u00e1rove\u0148 sv\u00e9ho&hellip;\" \/>\n<meta property=\"og:url\" content=\"https:\/\/evertonfc.cz\/index.php\/2011\/11\/23\/drenthe-leighton-patri-k-nejlepsim\/\" \/>\n<meta property=\"og:site_name\" content=\"Official Czech &amp; Slovak Everton Supporters&#039; Club\" \/>\n<meta property=\"article:publisher\" content=\"https:\/\/www.facebook.com\/everton.fans.cz.sk\" \/>\n<meta property=\"article:published_time\" content=\"2011-11-23T08:23:04+00:00\" \/>\n<meta property=\"article:modified_time\" content=\"2019-02-16T08:24:32+00:00\" \/>\n<meta property=\"og:image\" content=\"https:\/\/evertonfc.cz\/wp-content\/uploads\/2019\/01\/interview.jpg\" \/>\n\t<meta property=\"og:image:width\" content=\"720\" \/>\n\t<meta property=\"og:image:height\" content=\"405\" \/>\n\t<meta property=\"og:image:type\" content=\"image\/jpeg\" \/>\n<meta name=\"author\" content=\"Ri\u010di\" \/>\n<meta name=\"twitter:card\" content=\"summary_large_image\" \/>\n<meta name=\"twitter:creator\" content=\"@rbrejsa\" \/>\n<meta name=\"twitter:label1\" content=\"Napsal(a)\" \/>\n\t<meta name=\"twitter:data1\" content=\"Ri\u010di\" \/>\n\t<meta name=\"twitter:label2\" content=\"Odhadovan\u00e1 doba \u010dten\u00ed\" \/>\n\t<meta name=\"twitter:data2\" content=\"3 minuty\" \/>\n<script type=\"application\/ld+json\" class=\"yoast-schema-graph\">{\"@context\":\"https:\/\/schema.org\",\"@graph\":[{\"@type\":\"Article\",\"@id\":\"https:\/\/evertonfc.cz\/index.php\/2011\/11\/23\/drenthe-leighton-patri-k-nejlepsim\/#article\",\"isPartOf\":{\"@id\":\"https:\/\/evertonfc.cz\/index.php\/2011\/11\/23\/drenthe-leighton-patri-k-nejlepsim\/\"},\"author\":{\"name\":\"Ri\u010di\",\"@id\":\"https:\/\/evertonfc.cz\/#\/schema\/person\/f7a5daedb2ffee98480bc70e191aaef1\"},\"headline\":\"Drenthe: Leighton pat\u0159\u00ed k nejlep\u0161\u00edm\",\"datePublished\":\"2011-11-23T08:23:04+00:00\",\"dateModified\":\"2019-02-16T08:24:32+00:00\",\"mainEntityOfPage\":{\"@id\":\"https:\/\/evertonfc.cz\/index.php\/2011\/11\/23\/drenthe-leighton-patri-k-nejlepsim\/\"},\"wordCount\":538,\"commentCount\":0,\"publisher\":{\"@id\":\"https:\/\/evertonfc.cz\/#organization\"},\"image\":{\"@id\":\"https:\/\/evertonfc.cz\/index.php\/2011\/11\/23\/drenthe-leighton-patri-k-nejlepsim\/#primaryimage\"},\"thumbnailUrl\":\"https:\/\/evertonfc.cz\/wp-content\/uploads\/2019\/01\/interview.jpg\",\"articleSection\":[\"Rozhovory\"],\"inLanguage\":\"cs\",\"potentialAction\":[{\"@type\":\"CommentAction\",\"name\":\"Comment\",\"target\":[\"https:\/\/evertonfc.cz\/index.php\/2011\/11\/23\/drenthe-leighton-patri-k-nejlepsim\/#respond\"]}]},{\"@type\":\"WebPage\",\"@id\":\"https:\/\/evertonfc.cz\/index.php\/2011\/11\/23\/drenthe-leighton-patri-k-nejlepsim\/\",\"url\":\"https:\/\/evertonfc.cz\/index.php\/2011\/11\/23\/drenthe-leighton-patri-k-nejlepsim\/\",\"name\":\"Drenthe: Leighton pat\u0159\u00ed k nejlep\u0161\u00edm - Official Czech &amp; Slovak Everton Supporters&#039; Club\",\"isPartOf\":{\"@id\":\"https:\/\/evertonfc.cz\/#website\"},\"primaryImageOfPage\":{\"@id\":\"https:\/\/evertonfc.cz\/index.php\/2011\/11\/23\/drenthe-leighton-patri-k-nejlepsim\/#primaryimage\"},\"image\":{\"@id\":\"https:\/\/evertonfc.cz\/index.php\/2011\/11\/23\/drenthe-leighton-patri-k-nejlepsim\/#primaryimage\"},\"thumbnailUrl\":\"https:\/\/evertonfc.cz\/wp-content\/uploads\/2019\/01\/interview.jpg\",\"datePublished\":\"2011-11-23T08:23:04+00:00\",\"dateModified\":\"2019-02-16T08:24:32+00:00\",\"breadcrumb\":{\"@id\":\"https:\/\/evertonfc.cz\/index.php\/2011\/11\/23\/drenthe-leighton-patri-k-nejlepsim\/#breadcrumb\"},\"inLanguage\":\"cs\",\"potentialAction\":[{\"@type\":\"ReadAction\",\"target\":[\"https:\/\/evertonfc.cz\/index.php\/2011\/11\/23\/drenthe-leighton-patri-k-nejlepsim\/\"]}]},{\"@type\":\"ImageObject\",\"inLanguage\":\"cs\",\"@id\":\"https:\/\/evertonfc.cz\/index.php\/2011\/11\/23\/drenthe-leighton-patri-k-nejlepsim\/#primaryimage\",\"url\":\"https:\/\/evertonfc.cz\/wp-content\/uploads\/2019\/01\/interview.jpg\",\"contentUrl\":\"https:\/\/evertonfc.cz\/wp-content\/uploads\/2019\/01\/interview.jpg\",\"width\":720,\"height\":405},{\"@type\":\"BreadcrumbList\",\"@id\":\"https:\/\/evertonfc.cz\/index.php\/2011\/11\/23\/drenthe-leighton-patri-k-nejlepsim\/#breadcrumb\",\"itemListElement\":[{\"@type\":\"ListItem\",\"position\":1,\"name\":\"Home\",\"item\":\"https:\/\/evertonfc.cz\/\"},{\"@type\":\"ListItem\",\"position\":2,\"name\":\"Drenthe: Leighton pat\u0159\u00ed k nejlep\u0161\u00edm\"}]},{\"@type\":\"WebSite\",\"@id\":\"https:\/\/evertonfc.cz\/#website\",\"url\":\"https:\/\/evertonfc.cz\/\",\"name\":\"Official Czech &amp; Slovak Everton Supporters&#039; Club\",\"description\":\"\",\"publisher\":{\"@id\":\"https:\/\/evertonfc.cz\/#organization\"},\"potentialAction\":[{\"@type\":\"SearchAction\",\"target\":{\"@type\":\"EntryPoint\",\"urlTemplate\":\"https:\/\/evertonfc.cz\/?s={search_term_string}\"},\"query-input\":{\"@type\":\"PropertyValueSpecification\",\"valueRequired\":true,\"valueName\":\"search_term_string\"}}],\"inLanguage\":\"cs\"},{\"@type\":\"Organization\",\"@id\":\"https:\/\/evertonfc.cz\/#organization\",\"name\":\"Official Czech & Slovak Everton Supporters' Club\",\"url\":\"https:\/\/evertonfc.cz\/\",\"logo\":{\"@type\":\"ImageObject\",\"inLanguage\":\"cs\",\"@id\":\"https:\/\/evertonfc.cz\/#\/schema\/logo\/image\/\",\"url\":\"https:\/\/evertonfc.cz\/wp-content\/uploads\/2019\/05\/logo.png\",\"contentUrl\":\"https:\/\/evertonfc.cz\/wp-content\/uploads\/2019\/05\/logo.png\",\"width\":112,\"height\":112,\"caption\":\"Official Czech & Slovak Everton Supporters' Club\"},\"image\":{\"@id\":\"https:\/\/evertonfc.cz\/#\/schema\/logo\/image\/\"},\"sameAs\":[\"https:\/\/www.facebook.com\/everton.fans.cz.sk\"]},{\"@type\":\"Person\",\"@id\":\"https:\/\/evertonfc.cz\/#\/schema\/person\/f7a5daedb2ffee98480bc70e191aaef1\",\"name\":\"Ri\u010di\",\"sameAs\":[\"https:\/\/x.com\/rbrejsa\"],\"url\":\"https:\/\/evertonfc.cz\/index.php\/author\/rici\/\"}]}<\/script>\n<!-- \/ Yoast SEO plugin. -->","yoast_head_json":{"title":"Drenthe: Leighton pat\u0159\u00ed k nejlep\u0161\u00edm - Official Czech &amp; Slovak Everton Supporters&#039; Club","robots":{"index":"index","follow":"follow","max-snippet":"max-snippet:-1","max-image-preview":"max-image-preview:large","max-video-preview":"max-video-preview:-1"},"canonical":"https:\/\/evertonfc.cz\/index.php\/2011\/11\/23\/drenthe-leighton-patri-k-nejlepsim\/","og_locale":"cs_CZ","og_type":"article","og_title":"Drenthe: Leighton pat\u0159\u00ed k nejlep\u0161\u00edm - Official Czech &amp; Slovak Everton Supporters&#039; Club","og_description":"Royston Drenthe douf\u00e1 v \u00fasp\u011b\u0161nou spolupr\u00e1ci v\u00a0r\u00e1mci lev\u00e9 stran\u011b h\u0159i\u0161t\u011b, kde operuje jako z\u00e1lo\u017en\u00edk p\u0159ed Leightonem Bainesem, a z\u00e1rove\u0148 sv\u00e9ho&hellip;","og_url":"https:\/\/evertonfc.cz\/index.php\/2011\/11\/23\/drenthe-leighton-patri-k-nejlepsim\/","og_site_name":"Official Czech &amp; Slovak Everton Supporters&#039; Club","article_publisher":"https:\/\/www.facebook.com\/everton.fans.cz.sk","article_published_time":"2011-11-23T08:23:04+00:00","article_modified_time":"2019-02-16T08:24:32+00:00","og_image":[{"width":720,"height":405,"url":"https:\/\/evertonfc.cz\/wp-content\/uploads\/2019\/01\/interview.jpg","type":"image\/jpeg"}],"author":"Ri\u010di","twitter_card":"summary_large_image","twitter_creator":"@rbrejsa","twitter_misc":{"Napsal(a)":"Ri\u010di","Odhadovan\u00e1 doba \u010dten\u00ed":"3 minuty"},"schema":{"@context":"https:\/\/schema.org","@graph":[{"@type":"Article","@id":"https:\/\/evertonfc.cz\/index.php\/2011\/11\/23\/drenthe-leighton-patri-k-nejlepsim\/#article","isPartOf":{"@id":"https:\/\/evertonfc.cz\/index.php\/2011\/11\/23\/drenthe-leighton-patri-k-nejlepsim\/"},"author":{"name":"Ri\u010di","@id":"https:\/\/evertonfc.cz\/#\/schema\/person\/f7a5daedb2ffee98480bc70e191aaef1"},"headline":"Drenthe: Leighton pat\u0159\u00ed k nejlep\u0161\u00edm","datePublished":"2011-11-23T08:23:04+00:00","dateModified":"2019-02-16T08:24:32+00:00","mainEntityOfPage":{"@id":"https:\/\/evertonfc.cz\/index.php\/2011\/11\/23\/drenthe-leighton-patri-k-nejlepsim\/"},"wordCount":538,"commentCount":0,"publisher":{"@id":"https:\/\/evertonfc.cz\/#organization"},"image":{"@id":"https:\/\/evertonfc.cz\/index.php\/2011\/11\/23\/drenthe-leighton-patri-k-nejlepsim\/#primaryimage"},"thumbnailUrl":"https:\/\/evertonfc.cz\/wp-content\/uploads\/2019\/01\/interview.jpg","articleSection":["Rozhovory"],"inLanguage":"cs","potentialAction":[{"@type":"CommentAction","name":"Comment","target":["https:\/\/evertonfc.cz\/index.php\/2011\/11\/23\/drenthe-leighton-patri-k-nejlepsim\/#respond"]}]},{"@type":"WebPage","@id":"https:\/\/evertonfc.cz\/index.php\/2011\/11\/23\/drenthe-leighton-patri-k-nejlepsim\/","url":"https:\/\/evertonfc.cz\/index.php\/2011\/11\/23\/drenthe-leighton-patri-k-nejlepsim\/","name":"Drenthe: Leighton pat\u0159\u00ed k nejlep\u0161\u00edm - Official Czech &amp; Slovak Everton Supporters&#039; Club","isPartOf":{"@id":"https:\/\/evertonfc.cz\/#website"},"primaryImageOfPage":{"@id":"https:\/\/evertonfc.cz\/index.php\/2011\/11\/23\/drenthe-leighton-patri-k-nejlepsim\/#primaryimage"},"image":{"@id":"https:\/\/evertonfc.cz\/index.php\/2011\/11\/23\/drenthe-leighton-patri-k-nejlepsim\/#primaryimage"},"thumbnailUrl":"https:\/\/evertonfc.cz\/wp-content\/uploads\/2019\/01\/interview.jpg","datePublished":"2011-11-23T08:23:04+00:00","dateModified":"2019-02-16T08:24:32+00:00","breadcrumb":{"@id":"https:\/\/evertonfc.cz\/index.php\/2011\/11\/23\/drenthe-leighton-patri-k-nejlepsim\/#breadcrumb"},"inLanguage":"cs","potentialAction":[{"@type":"ReadAction","target":["https:\/\/evertonfc.cz\/index.php\/2011\/11\/23\/drenthe-leighton-patri-k-nejlepsim\/"]}]},{"@type":"ImageObject","inLanguage":"cs","@id":"https:\/\/evertonfc.cz\/index.php\/2011\/11\/23\/drenthe-leighton-patri-k-nejlepsim\/#primaryimage","url":"https:\/\/evertonfc.cz\/wp-content\/uploads\/2019\/01\/interview.jpg","contentUrl":"https:\/\/evertonfc.cz\/wp-content\/uploads\/2019\/01\/interview.jpg","width":720,"height":405},{"@type":"BreadcrumbList","@id":"https:\/\/evertonfc.cz\/index.php\/2011\/11\/23\/drenthe-leighton-patri-k-nejlepsim\/#breadcrumb","itemListElement":[{"@type":"ListItem","position":1,"name":"Home","item":"https:\/\/evertonfc.cz\/"},{"@type":"ListItem","position":2,"name":"Drenthe: Leighton pat\u0159\u00ed k nejlep\u0161\u00edm"}]},{"@type":"WebSite","@id":"https:\/\/evertonfc.cz\/#website","url":"https:\/\/evertonfc.cz\/","name":"Official Czech &amp; Slovak Everton Supporters&#039; Club","description":"","publisher":{"@id":"https:\/\/evertonfc.cz\/#organization"},"potentialAction":[{"@type":"SearchAction","target":{"@type":"EntryPoint","urlTemplate":"https:\/\/evertonfc.cz\/?s={search_term_string}"},"query-input":{"@type":"PropertyValueSpecification","valueRequired":true,"valueName":"search_term_string"}}],"inLanguage":"cs"},{"@type":"Organization","@id":"https:\/\/evertonfc.cz\/#organization","name":"Official Czech & Slovak Everton Supporters' Club","url":"https:\/\/evertonfc.cz\/","logo":{"@type":"ImageObject","inLanguage":"cs","@id":"https:\/\/evertonfc.cz\/#\/schema\/logo\/image\/","url":"https:\/\/evertonfc.cz\/wp-content\/uploads\/2019\/05\/logo.png","contentUrl":"https:\/\/evertonfc.cz\/wp-content\/uploads\/2019\/05\/logo.png","width":112,"height":112,"caption":"Official Czech & Slovak Everton Supporters' Club"},"image":{"@id":"https:\/\/evertonfc.cz\/#\/schema\/logo\/image\/"},"sameAs":["https:\/\/www.facebook.com\/everton.fans.cz.sk"]},{"@type":"Person","@id":"https:\/\/evertonfc.cz\/#\/schema\/person\/f7a5daedb2ffee98480bc70e191aaef1","name":"Ri\u010di","sameAs":["https:\/\/x.com\/rbrejsa"],"url":"https:\/\/evertonfc.cz\/index.php\/author\/rici\/"}]}},"_links":{"self":[{"href":"https:\/\/evertonfc.cz\/index.php\/wp-json\/wp\/v2\/posts\/5866"}],"collection":[{"href":"https:\/\/evertonfc.cz\/index.php\/wp-json\/wp\/v2\/posts"}],"about":[{"href":"https:\/\/evertonfc.cz\/index.php\/wp-json\/wp\/v2\/types\/post"}],"author":[{"embeddable":true,"href":"https:\/\/evertonfc.cz\/index.php\/wp-json\/wp\/v2\/users\/6"}],"replies":[{"embeddable":true,"href":"https:\/\/evertonfc.cz\/index.php\/wp-json\/wp\/v2\/comments?post=5866"}],"version-history":[{"count":1,"href":"https:\/\/evertonfc.cz\/index.php\/wp-json\/wp\/v2\/posts\/5866\/revisions"}],"predecessor-version":[{"id":5867,"href":"https:\/\/evertonfc.cz\/index.php\/wp-json\/wp\/v2\/posts\/5866\/revisions\/5867"}],"wp:featuredmedia":[{"embeddable":true,"href":"https:\/\/evertonfc.cz\/index.php\/wp-json\/wp\/v2\/media\/1312"}],"wp:attachment":[{"href":"https:\/\/evertonfc.cz\/index.php\/wp-json\/wp\/v2\/media?parent=5866"}],"wp:term":[{"taxonomy":"category","embeddable":true,"href":"https:\/\/evertonfc.cz\/index.php\/wp-json\/wp\/v2\/categories?post=5866"},{"taxonomy":"post_tag","embeddable":true,"href":"https:\/\/evertonfc.cz\/index.php\/wp-json\/wp\/v2\/tags?post=5866"}],"curies":[{"name":"wp","href":"https:\/\/api.w.org\/{rel}","templated":true}]}}