{"id":5886,"date":"2013-01-11T13:54:11","date_gmt":"2013-01-11T12:54:11","guid":{"rendered":"http:\/\/evertonfc.cz\/?p=5886"},"modified":"2019-02-16T18:16:38","modified_gmt":"2019-02-16T17:16:38","slug":"preview-everton-swansea-city-5","status":"publish","type":"post","link":"https:\/\/evertonfc.cz\/index.php\/2013\/01\/11\/preview-everton-swansea-city-5\/","title":{"rendered":"Preview: Everton &#8211; Swansea City"},"content":{"rendered":"<h4 id=\"NewsPostDetailSummary\">V r\u00e1mci 22. kola Premier League Everton p\u0159iv\u00edt\u00e1 na sv\u00e9m h\u0159i\u0161ti Swansea City. Nikdo nebere nic jin\u00e9ho ne\u017e v\u00fdhru, zvl\u00e1\u0161\u0165 kdy\u017e v den z\u00e1pasu to bude p\u0159esn\u011b deset let, co debutoval za Toffees Leon Osman.<\/h4>\n<div id=\"NewsPostDetailContent\">\n<p>P\u011bkn\u00e9 jubileum okomentoval samotn\u00fd Ossie n\u00e1sledovn\u011b: <em>\u201eJsem pochopiteln\u011b \u0161\u0165astn\u00fd, hraji za Everton deset let. V\u017edy jsem si p\u0159\u00e1l vyr\u016fst a p\u016fsobit zde. Nejen\u017ee se mi to poda\u0159ilo, ale da\u0159\u00ed se mi to u\u017e po jednu dek\u00e1du. Jsem ohromen.<\/em><\/p>\n<p><em>Bylo by kr\u00e1sn\u00e9 slavit v\u00fdhrou. D\u016fle\u017eit\u011bj\u0161\u00ed v\u0161ak budou t\u0159i body, abychom z\u016fstali na dohled prvn\u00edm \u010dty\u0159em t\u00fdm\u016fm.\u201c<\/em>\u00a0Ano, Evertonu je v souboji se Swansea favorit, ov\u0161em soupe\u0159e nen\u00ed z\u00e1hodno v \u017e\u00e1dn\u00e9m p\u0159\u00edpad\u011b podcenit. Sv\u011b\u0159enci Michaela Laudrupa pat\u0159\u00ed k p\u0159\u00edjemn\u00fdm p\u0159ekvapen\u00edm leto\u0161n\u00ed sez\u00f3ny, atraktivn\u00ed hra jim moment\u00e1ln\u011b zabezpe\u010duje dev\u00e1tou p\u0159\u00ed\u010dky v tabulce. A co v\u00edc, Swansea se dok\u00e1\u017ee perfektn\u011b p\u0159ipravit na siln\u00e1 mu\u017estva. St\u0159ede\u010dn\u00ed v\u00fdhra 2:0 v r\u00e1mci Ligov\u00e9 poh\u00e1ru na Stamford Bridge proti Chelsea \u010di t\u00fdden star\u00e1 dom\u00e1c\u00ed rem\u00edza v FA Cupu s\u00a0Arsenalem budi\u017e d\u016fkazem<\/p>\n<p>Na Goodison Parku panuje dobr\u00e1 atmosf\u00e9ra, a\u017e na klop\u00fdtnut\u00ed s Chelsea se t\u00fdmu da\u0159\u00ed, oproti rem\u00edzov\u00e9mu listopadu se za\u010dalo od prosince pravideln\u011bji vyhr\u00e1vat a vysn\u011bn\u00e9 \u010dtvrt\u00e9 m\u00edsto je na dohled. Co ale m\u016f\u017ee Davida Moyese tr\u00e1pit, jsou klasick\u00e9 starosti ohledn\u011b odchodu kl\u00ed\u010dov\u00fdch hr\u00e1\u010d\u016f. Leighton Baines a hlavn\u011b Marouane Fellaini jsou ter\u010di nejlep\u0161\u00edch anglick\u00fdch klub\u016f. Obava se zvl\u00e1\u0161\u0165 objevila v p\u0159\u00edpad\u011b Belgi\u010dana po zve\u0159ejn\u011bn\u00ed \u00fadajn\u00e9 v\u00fdkupn\u00ed klauzule ve smlouv\u011b.<\/p>\n<p>Na konci z\u00e1\u0159\u00ed Everton po jednom z nejlep\u0161\u00edch v\u00fdkon\u016f hostuj\u00edc\u00edho celku v leto\u0161n\u00ed sez\u00f3n\u011b ovl\u00e1dl vz\u00e1jemn\u00fd duel a zv\u00edt\u011bzil 3:0. Od onoho z\u00e1pasu mimochodem Blues neudr\u017eeli v sout\u011b\u017en\u00edm kl\u00e1n\u00ed \u010dist\u00e9 konto!<\/p>\n<h4><strong>Z\u00e1pasov\u00e1 fakta<\/strong><\/h4>\n<p>Vz\u00e1jemn\u00e1<\/p>\n<ul>\n<li>Everton Swansea v \u017e\u00e1dn\u00e9m z patn\u00e1cti p\u0159edch\u00e1zej\u00edc\u00edch ligov\u00fdch utk\u00e1n\u00ed nepodlehl (jeden\u00e1ct v\u00fdher, \u010dty\u0159i rem\u00edzy), z\u00e1rove\u0148 je jedin\u00fdm t\u00fdmem, kter\u00fd Swansea porazil v ka\u017ed\u00e9m z\u00e1pasu Premier League a nav\u00edc bez inkasovan\u00e9 branky (v\u00fdhry 1:0, 2:0 a 3:0)<\/li>\n<li>p\u0159\u00ed\u0161t\u00ed m\u011bs\u00edc to bude t\u0159icet let, co Swansea proti Toffees naposledy z\u00edskala bod, stalo se tak p\u0159i rem\u00edze 2:2.<\/li>\n<\/ul>\n<p>Everton<\/p>\n<ul>\n<li>Vyhr\u00e1l \u010dty\u0159i ze \u0161esti posledn\u00edch ligov\u00fdch kol, v\u00edt\u011bzstv\u00ed se v\u017edy zrodilo v\u00fdsledkem 2:1<\/li>\n<li>sk\u00f3roval za sebou v 18 ligov\u00fdch z\u00e1pase a v 16 z\u00e1pasech za sebou inkasoval, jde rekord Premier League<\/li>\n<li>dok\u00e1\u017ee ot\u00e1\u010det nep\u0159\u00edzniv\u00fd pr\u016fb\u011bh utk\u00e1n\u00ed, po \u00favodn\u00edm g\u00f3lov\u00e9m manku z\u00edskal 20 bod\u016f, pouze Manchester United je v t\u00e9to statistice lep\u0161\u00ed (24 bod\u016f)<\/li>\n<li>aktu\u00e1ln\u011b m\u00e1 o jeden\u00e1ct bod\u016f v\u00edce ne\u017e ve stejn\u00e9 f\u00e1zi sez\u00f3ny p\u0159ed rokem, b\u011bhem ro\u010dn\u00edk 2004\/05, kdy skon\u010dil \u010dtvrt\u00fd, nasb\u00edral ale po 21 kolech o \u010dty\u0159i body v\u00edce ne\u017e nyn\u00ed.<\/li>\n<\/ul>\n<p>Swansea<\/p>\n<ul>\n<li>V posledn\u00edch \u0161estn\u00e1cti sout\u011b\u017en\u00edch duelech prohr\u00e1la dvakr\u00e1t a je \u0161est z\u00e1pas\u016f nepora\u017eena (v lize \u010dty\u0159i)<\/li>\n<li>spolu s Evertonem v leto\u0161n\u00ed Premier League inkasovala nejv\u00edce branek hlavou (35%)<\/li>\n<li>Michu se trefil hlavou tuto sez\u00f3nu p\u011btkr\u00e1t \u2013 v\u00edce ne\u017e kter\u00fdkoliv jin\u00fd hr\u00e1\u010d<\/li>\n<li>Wayne Routledge v leto\u0161n\u00edch 20 ligov\u00fdch z\u00e1pasech nast\u0159\u00edlel p\u011bt branek, p\u0159edt\u00edm se v 127 startech trefil jenom jednou.<\/li>\n<\/ul>\n<h4><strong>T\u00fdmov\u00e9 novinky<\/strong><\/h4>\n<p>Leighton Baines sice nedohr\u00e1l kl\u00e1n\u00ed v FA Cupu, jeho kotn\u00edk by ho v\u0161ak v sobotu na h\u0159i\u0161t\u011b pustit m\u011bl. \u0160anci na n\u00e1vrat do sestavy po \u0161esti z\u00e1pasech h\u0159eje Kevin Mirallas, svalov\u00e9 zran\u011bn\u00ed ji\u017e vyl\u00e9\u010dil. Proti Cheltenham Town nenastoupil kv\u016fli men\u0161\u00edmu zran\u011bn\u00ed Johny Heitinga a odpo\u010d\u00edvaj\u00edc\u00ed Steven Pienaar, oba jsou u\u017e p\u0159ipraveni. Ur\u010dit\u011b budou chyb\u011bt Darron Gibson a Tony Hibbert.<\/p>\n<p><strong>Everton:<\/strong> Howard, Jagielka, Distin, Heitinga, Baines, Oviedo, Naismith, Hitzlsperger, Osman, Pienaar, Fellaini, Jelavi\u0107, Mucha, Duffy, Neville, Anichebe, Vellios, Gueye, Coleman.<\/p>\n<p>Swansea tr\u00e1p\u00ed nabit\u00fd program, proto nen\u00ed vylou\u010deno \u0161et\u0159en\u00ed n\u011bkolika hr\u00e1\u010d\u016f (Leon Britton, Nathan Dyer, Danny Graham). Kv\u016fli zlomen\u00e9mu kotn\u00edku od z\u00e1\u0159\u00ed absentuje Neil Taylor.<\/p>\n<p><strong>Swansea:<\/strong> Vorm, Bartley, Flores, Williams, Britton, Lita, Michu, Graham, Hernandez, Dyer, Routledge, Monk, Shechter, Moore, De Guzman, Tiendalli, Rangel, Ki, Tremmel, Agustien, Gower, Richards, Davies.<\/p>\n<p><strong>Co:<\/strong> Everton FC &#8211; Swansea City AFC, 22. kolo Premier League<br \/>\n<strong>Kdy:<\/strong> 12.01.2013 od 16:00 SE\u010c<br \/>\n<strong>Kde:<\/strong> Goodison Park, Liverpool<br \/>\n<strong>Rozhod\u010d\u00ed:<\/strong> Phil Dowd<\/p>\n<\/div>\n","protected":false},"excerpt":{"rendered":"<p>V r\u00e1mci 22. kola Premier League Everton p\u0159iv\u00edt\u00e1 na sv\u00e9m h\u0159i\u0161ti Swansea City. Nikdo nebere nic jin\u00e9ho ne\u017e v\u00fdhru, zvl\u00e1\u0161\u0165&hellip;<\/p>\n","protected":false},"author":6,"featured_media":1314,"comment_status":"open","ping_status":"closed","sticky":false,"template":"","format":"standard","meta":{"_eb_attr":"","_monsterinsights_skip_tracking":false,"_monsterinsights_sitenote_active":false,"_monsterinsights_sitenote_note":"","_monsterinsights_sitenote_category":0,"footnotes":""},"categories":[4],"tags":[],"yoast_head":"<!-- This site is optimized with the Yoast SEO plugin v23.4 - https:\/\/yoast.com\/wordpress\/plugins\/seo\/ -->\n<title>Preview: Everton - Swansea City - Official Czech &amp; Slovak Everton Supporters&#039; Club<\/title>\n<meta name=\"robots\" content=\"index, follow, max-snippet:-1, max-image-preview:large, max-video-preview:-1\" \/>\n<link rel=\"canonical\" href=\"https:\/\/evertonfc.cz\/index.php\/2013\/01\/11\/preview-everton-swansea-city-5\/\" \/>\n<meta property=\"og:locale\" content=\"cs_CZ\" \/>\n<meta property=\"og:type\" content=\"article\" \/>\n<meta property=\"og:title\" content=\"Preview: Everton - Swansea City - Official Czech &amp; Slovak Everton Supporters&#039; Club\" \/>\n<meta property=\"og:description\" content=\"V r\u00e1mci 22. kola Premier League Everton p\u0159iv\u00edt\u00e1 na sv\u00e9m h\u0159i\u0161ti Swansea City. Nikdo nebere nic jin\u00e9ho ne\u017e v\u00fdhru, zvl\u00e1\u0161\u0165&hellip;\" \/>\n<meta property=\"og:url\" content=\"https:\/\/evertonfc.cz\/index.php\/2013\/01\/11\/preview-everton-swansea-city-5\/\" \/>\n<meta property=\"og:site_name\" content=\"Official Czech &amp; Slovak Everton Supporters&#039; Club\" \/>\n<meta property=\"article:publisher\" content=\"https:\/\/www.facebook.com\/everton.fans.cz.sk\" \/>\n<meta property=\"article:published_time\" content=\"2013-01-11T12:54:11+00:00\" \/>\n<meta property=\"article:modified_time\" content=\"2019-02-16T17:16:38+00:00\" \/>\n<meta property=\"og:image\" content=\"https:\/\/evertonfc.cz\/wp-content\/uploads\/2019\/01\/preview.jpg\" \/>\n\t<meta property=\"og:image:width\" content=\"720\" \/>\n\t<meta property=\"og:image:height\" content=\"405\" \/>\n\t<meta property=\"og:image:type\" content=\"image\/jpeg\" \/>\n<meta name=\"author\" content=\"Ri\u010di\" \/>\n<meta name=\"twitter:card\" content=\"summary_large_image\" \/>\n<meta name=\"twitter:creator\" content=\"@rbrejsa\" \/>\n<meta name=\"twitter:label1\" content=\"Napsal(a)\" \/>\n\t<meta name=\"twitter:data1\" content=\"Ri\u010di\" \/>\n\t<meta name=\"twitter:label2\" content=\"Odhadovan\u00e1 doba \u010dten\u00ed\" \/>\n\t<meta name=\"twitter:data2\" content=\"4 minuty\" \/>\n<script type=\"application\/ld+json\" class=\"yoast-schema-graph\">{\"@context\":\"https:\/\/schema.org\",\"@graph\":[{\"@type\":\"Article\",\"@id\":\"https:\/\/evertonfc.cz\/index.php\/2013\/01\/11\/preview-everton-swansea-city-5\/#article\",\"isPartOf\":{\"@id\":\"https:\/\/evertonfc.cz\/index.php\/2013\/01\/11\/preview-everton-swansea-city-5\/\"},\"author\":{\"name\":\"Ri\u010di\",\"@id\":\"https:\/\/evertonfc.cz\/#\/schema\/person\/f7a5daedb2ffee98480bc70e191aaef1\"},\"headline\":\"Preview: Everton &#8211; Swansea City\",\"datePublished\":\"2013-01-11T12:54:11+00:00\",\"dateModified\":\"2019-02-16T17:16:38+00:00\",\"mainEntityOfPage\":{\"@id\":\"https:\/\/evertonfc.cz\/index.php\/2013\/01\/11\/preview-everton-swansea-city-5\/\"},\"wordCount\":810,\"commentCount\":0,\"publisher\":{\"@id\":\"https:\/\/evertonfc.cz\/#organization\"},\"image\":{\"@id\":\"https:\/\/evertonfc.cz\/index.php\/2013\/01\/11\/preview-everton-swansea-city-5\/#primaryimage\"},\"thumbnailUrl\":\"https:\/\/evertonfc.cz\/wp-content\/uploads\/2019\/01\/preview.jpg\",\"articleSection\":[\"Z\u00e1pasy\"],\"inLanguage\":\"cs\",\"potentialAction\":[{\"@type\":\"CommentAction\",\"name\":\"Comment\",\"target\":[\"https:\/\/evertonfc.cz\/index.php\/2013\/01\/11\/preview-everton-swansea-city-5\/#respond\"]}]},{\"@type\":\"WebPage\",\"@id\":\"https:\/\/evertonfc.cz\/index.php\/2013\/01\/11\/preview-everton-swansea-city-5\/\",\"url\":\"https:\/\/evertonfc.cz\/index.php\/2013\/01\/11\/preview-everton-swansea-city-5\/\",\"name\":\"Preview: Everton - Swansea City - Official Czech &amp; Slovak Everton Supporters&#039; Club\",\"isPartOf\":{\"@id\":\"https:\/\/evertonfc.cz\/#website\"},\"primaryImageOfPage\":{\"@id\":\"https:\/\/evertonfc.cz\/index.php\/2013\/01\/11\/preview-everton-swansea-city-5\/#primaryimage\"},\"image\":{\"@id\":\"https:\/\/evertonfc.cz\/index.php\/2013\/01\/11\/preview-everton-swansea-city-5\/#primaryimage\"},\"thumbnailUrl\":\"https:\/\/evertonfc.cz\/wp-content\/uploads\/2019\/01\/preview.jpg\",\"datePublished\":\"2013-01-11T12:54:11+00:00\",\"dateModified\":\"2019-02-16T17:16:38+00:00\",\"breadcrumb\":{\"@id\":\"https:\/\/evertonfc.cz\/index.php\/2013\/01\/11\/preview-everton-swansea-city-5\/#breadcrumb\"},\"inLanguage\":\"cs\",\"potentialAction\":[{\"@type\":\"ReadAction\",\"target\":[\"https:\/\/evertonfc.cz\/index.php\/2013\/01\/11\/preview-everton-swansea-city-5\/\"]}]},{\"@type\":\"ImageObject\",\"inLanguage\":\"cs\",\"@id\":\"https:\/\/evertonfc.cz\/index.php\/2013\/01\/11\/preview-everton-swansea-city-5\/#primaryimage\",\"url\":\"https:\/\/evertonfc.cz\/wp-content\/uploads\/2019\/01\/preview.jpg\",\"contentUrl\":\"https:\/\/evertonfc.cz\/wp-content\/uploads\/2019\/01\/preview.jpg\",\"width\":720,\"height\":405},{\"@type\":\"BreadcrumbList\",\"@id\":\"https:\/\/evertonfc.cz\/index.php\/2013\/01\/11\/preview-everton-swansea-city-5\/#breadcrumb\",\"itemListElement\":[{\"@type\":\"ListItem\",\"position\":1,\"name\":\"Home\",\"item\":\"https:\/\/evertonfc.cz\/\"},{\"@type\":\"ListItem\",\"position\":2,\"name\":\"Preview: Everton &#8211; Swansea City\"}]},{\"@type\":\"WebSite\",\"@id\":\"https:\/\/evertonfc.cz\/#website\",\"url\":\"https:\/\/evertonfc.cz\/\",\"name\":\"Official Czech &amp; Slovak Everton Supporters&#039; Club\",\"description\":\"\",\"publisher\":{\"@id\":\"https:\/\/evertonfc.cz\/#organization\"},\"potentialAction\":[{\"@type\":\"SearchAction\",\"target\":{\"@type\":\"EntryPoint\",\"urlTemplate\":\"https:\/\/evertonfc.cz\/?s={search_term_string}\"},\"query-input\":{\"@type\":\"PropertyValueSpecification\",\"valueRequired\":true,\"valueName\":\"search_term_string\"}}],\"inLanguage\":\"cs\"},{\"@type\":\"Organization\",\"@id\":\"https:\/\/evertonfc.cz\/#organization\",\"name\":\"Official Czech & Slovak Everton Supporters' Club\",\"url\":\"https:\/\/evertonfc.cz\/\",\"logo\":{\"@type\":\"ImageObject\",\"inLanguage\":\"cs\",\"@id\":\"https:\/\/evertonfc.cz\/#\/schema\/logo\/image\/\",\"url\":\"https:\/\/evertonfc.cz\/wp-content\/uploads\/2019\/05\/logo.png\",\"contentUrl\":\"https:\/\/evertonfc.cz\/wp-content\/uploads\/2019\/05\/logo.png\",\"width\":112,\"height\":112,\"caption\":\"Official Czech & Slovak Everton Supporters' Club\"},\"image\":{\"@id\":\"https:\/\/evertonfc.cz\/#\/schema\/logo\/image\/\"},\"sameAs\":[\"https:\/\/www.facebook.com\/everton.fans.cz.sk\"]},{\"@type\":\"Person\",\"@id\":\"https:\/\/evertonfc.cz\/#\/schema\/person\/f7a5daedb2ffee98480bc70e191aaef1\",\"name\":\"Ri\u010di\",\"sameAs\":[\"https:\/\/x.com\/rbrejsa\"],\"url\":\"https:\/\/evertonfc.cz\/index.php\/author\/rici\/\"}]}<\/script>\n<!-- \/ Yoast SEO plugin. -->","yoast_head_json":{"title":"Preview: Everton - Swansea City - Official Czech &amp; Slovak Everton Supporters&#039; Club","robots":{"index":"index","follow":"follow","max-snippet":"max-snippet:-1","max-image-preview":"max-image-preview:large","max-video-preview":"max-video-preview:-1"},"canonical":"https:\/\/evertonfc.cz\/index.php\/2013\/01\/11\/preview-everton-swansea-city-5\/","og_locale":"cs_CZ","og_type":"article","og_title":"Preview: Everton - Swansea City - Official Czech &amp; Slovak Everton Supporters&#039; Club","og_description":"V r\u00e1mci 22. kola Premier League Everton p\u0159iv\u00edt\u00e1 na sv\u00e9m h\u0159i\u0161ti Swansea City. Nikdo nebere nic jin\u00e9ho ne\u017e v\u00fdhru, zvl\u00e1\u0161\u0165&hellip;","og_url":"https:\/\/evertonfc.cz\/index.php\/2013\/01\/11\/preview-everton-swansea-city-5\/","og_site_name":"Official Czech &amp; Slovak Everton Supporters&#039; Club","article_publisher":"https:\/\/www.facebook.com\/everton.fans.cz.sk","article_published_time":"2013-01-11T12:54:11+00:00","article_modified_time":"2019-02-16T17:16:38+00:00","og_image":[{"width":720,"height":405,"url":"https:\/\/evertonfc.cz\/wp-content\/uploads\/2019\/01\/preview.jpg","type":"image\/jpeg"}],"author":"Ri\u010di","twitter_card":"summary_large_image","twitter_creator":"@rbrejsa","twitter_misc":{"Napsal(a)":"Ri\u010di","Odhadovan\u00e1 doba \u010dten\u00ed":"4 minuty"},"schema":{"@context":"https:\/\/schema.org","@graph":[{"@type":"Article","@id":"https:\/\/evertonfc.cz\/index.php\/2013\/01\/11\/preview-everton-swansea-city-5\/#article","isPartOf":{"@id":"https:\/\/evertonfc.cz\/index.php\/2013\/01\/11\/preview-everton-swansea-city-5\/"},"author":{"name":"Ri\u010di","@id":"https:\/\/evertonfc.cz\/#\/schema\/person\/f7a5daedb2ffee98480bc70e191aaef1"},"headline":"Preview: Everton &#8211; Swansea City","datePublished":"2013-01-11T12:54:11+00:00","dateModified":"2019-02-16T17:16:38+00:00","mainEntityOfPage":{"@id":"https:\/\/evertonfc.cz\/index.php\/2013\/01\/11\/preview-everton-swansea-city-5\/"},"wordCount":810,"commentCount":0,"publisher":{"@id":"https:\/\/evertonfc.cz\/#organization"},"image":{"@id":"https:\/\/evertonfc.cz\/index.php\/2013\/01\/11\/preview-everton-swansea-city-5\/#primaryimage"},"thumbnailUrl":"https:\/\/evertonfc.cz\/wp-content\/uploads\/2019\/01\/preview.jpg","articleSection":["Z\u00e1pasy"],"inLanguage":"cs","potentialAction":[{"@type":"CommentAction","name":"Comment","target":["https:\/\/evertonfc.cz\/index.php\/2013\/01\/11\/preview-everton-swansea-city-5\/#respond"]}]},{"@type":"WebPage","@id":"https:\/\/evertonfc.cz\/index.php\/2013\/01\/11\/preview-everton-swansea-city-5\/","url":"https:\/\/evertonfc.cz\/index.php\/2013\/01\/11\/preview-everton-swansea-city-5\/","name":"Preview: Everton - Swansea City - Official Czech &amp; Slovak Everton Supporters&#039; Club","isPartOf":{"@id":"https:\/\/evertonfc.cz\/#website"},"primaryImageOfPage":{"@id":"https:\/\/evertonfc.cz\/index.php\/2013\/01\/11\/preview-everton-swansea-city-5\/#primaryimage"},"image":{"@id":"https:\/\/evertonfc.cz\/index.php\/2013\/01\/11\/preview-everton-swansea-city-5\/#primaryimage"},"thumbnailUrl":"https:\/\/evertonfc.cz\/wp-content\/uploads\/2019\/01\/preview.jpg","datePublished":"2013-01-11T12:54:11+00:00","dateModified":"2019-02-16T17:16:38+00:00","breadcrumb":{"@id":"https:\/\/evertonfc.cz\/index.php\/2013\/01\/11\/preview-everton-swansea-city-5\/#breadcrumb"},"inLanguage":"cs","potentialAction":[{"@type":"ReadAction","target":["https:\/\/evertonfc.cz\/index.php\/2013\/01\/11\/preview-everton-swansea-city-5\/"]}]},{"@type":"ImageObject","inLanguage":"cs","@id":"https:\/\/evertonfc.cz\/index.php\/2013\/01\/11\/preview-everton-swansea-city-5\/#primaryimage","url":"https:\/\/evertonfc.cz\/wp-content\/uploads\/2019\/01\/preview.jpg","contentUrl":"https:\/\/evertonfc.cz\/wp-content\/uploads\/2019\/01\/preview.jpg","width":720,"height":405},{"@type":"BreadcrumbList","@id":"https:\/\/evertonfc.cz\/index.php\/2013\/01\/11\/preview-everton-swansea-city-5\/#breadcrumb","itemListElement":[{"@type":"ListItem","position":1,"name":"Home","item":"https:\/\/evertonfc.cz\/"},{"@type":"ListItem","position":2,"name":"Preview: Everton &#8211; Swansea City"}]},{"@type":"WebSite","@id":"https:\/\/evertonfc.cz\/#website","url":"https:\/\/evertonfc.cz\/","name":"Official Czech &amp; Slovak Everton Supporters&#039; Club","description":"","publisher":{"@id":"https:\/\/evertonfc.cz\/#organization"},"potentialAction":[{"@type":"SearchAction","target":{"@type":"EntryPoint","urlTemplate":"https:\/\/evertonfc.cz\/?s={search_term_string}"},"query-input":{"@type":"PropertyValueSpecification","valueRequired":true,"valueName":"search_term_string"}}],"inLanguage":"cs"},{"@type":"Organization","@id":"https:\/\/evertonfc.cz\/#organization","name":"Official Czech & Slovak Everton Supporters' Club","url":"https:\/\/evertonfc.cz\/","logo":{"@type":"ImageObject","inLanguage":"cs","@id":"https:\/\/evertonfc.cz\/#\/schema\/logo\/image\/","url":"https:\/\/evertonfc.cz\/wp-content\/uploads\/2019\/05\/logo.png","contentUrl":"https:\/\/evertonfc.cz\/wp-content\/uploads\/2019\/05\/logo.png","width":112,"height":112,"caption":"Official Czech & Slovak Everton Supporters' Club"},"image":{"@id":"https:\/\/evertonfc.cz\/#\/schema\/logo\/image\/"},"sameAs":["https:\/\/www.facebook.com\/everton.fans.cz.sk"]},{"@type":"Person","@id":"https:\/\/evertonfc.cz\/#\/schema\/person\/f7a5daedb2ffee98480bc70e191aaef1","name":"Ri\u010di","sameAs":["https:\/\/x.com\/rbrejsa"],"url":"https:\/\/evertonfc.cz\/index.php\/author\/rici\/"}]}},"_links":{"self":[{"href":"https:\/\/evertonfc.cz\/index.php\/wp-json\/wp\/v2\/posts\/5886"}],"collection":[{"href":"https:\/\/evertonfc.cz\/index.php\/wp-json\/wp\/v2\/posts"}],"about":[{"href":"https:\/\/evertonfc.cz\/index.php\/wp-json\/wp\/v2\/types\/post"}],"author":[{"embeddable":true,"href":"https:\/\/evertonfc.cz\/index.php\/wp-json\/wp\/v2\/users\/6"}],"replies":[{"embeddable":true,"href":"https:\/\/evertonfc.cz\/index.php\/wp-json\/wp\/v2\/comments?post=5886"}],"version-history":[{"count":3,"href":"https:\/\/evertonfc.cz\/index.php\/wp-json\/wp\/v2\/posts\/5886\/revisions"}],"predecessor-version":[{"id":5956,"href":"https:\/\/evertonfc.cz\/index.php\/wp-json\/wp\/v2\/posts\/5886\/revisions\/5956"}],"wp:featuredmedia":[{"embeddable":true,"href":"https:\/\/evertonfc.cz\/index.php\/wp-json\/wp\/v2\/media\/1314"}],"wp:attachment":[{"href":"https:\/\/evertonfc.cz\/index.php\/wp-json\/wp\/v2\/media?parent=5886"}],"wp:term":[{"taxonomy":"category","embeddable":true,"href":"https:\/\/evertonfc.cz\/index.php\/wp-json\/wp\/v2\/categories?post=5886"},{"taxonomy":"post_tag","embeddable":true,"href":"https:\/\/evertonfc.cz\/index.php\/wp-json\/wp\/v2\/tags?post=5886"}],"curies":[{"name":"wp","href":"https:\/\/api.w.org\/{rel}","templated":true}]}}