{"id":5888,"date":"2013-01-11T13:56:46","date_gmt":"2013-01-11T12:56:46","guid":{"rendered":"http:\/\/evertonfc.cz\/?p=5888"},"modified":"2019-02-16T18:17:49","modified_gmt":"2019-02-16T17:17:49","slug":"hracske-novinky","status":"publish","type":"post","link":"https:\/\/evertonfc.cz\/index.php\/2013\/01\/11\/hracske-novinky\/","title":{"rendered":"Hr\u00e1\u010dsk\u00e9 novinky"},"content":{"rendered":"<h4 id=\"NewsPostDetailSummary\">Posledn\u00ed dny se na Goodison Parku p\u0159edev\u0161\u00edm prodlu\u017eovaly smlouvy. Dlouhodob\u011b se zav\u00e1zali Phil Jagielka a Seamus Coleman, Thomas Hitzlsperger z\u016fstane v Evertonu do konce sez\u00f3ny, mlad\u00edk George Green se do\u010dkal prvn\u00edho profesion\u00e1ln\u00edho kontraktu a Ross Barkley hostuje v Leedsu.<\/h4>\n<div id=\"NewsPostDetailContent\">\n<p><strong>Phil Jagielka<\/strong> v leto\u0161n\u00ed sez\u00f3n\u011b odv\u00e1d\u00ed slu\u0161n\u00e9 v\u00fdkony, p\u0159i absenci Phila Nevilla obl\u00e9k\u00e1 kapit\u00e1nskou p\u00e1sku, a tak si ho Toffees samoz\u0159ejm\u011b cht\u011bli pojistit. Po podpisu smlouvu do roku 2017 se anglick\u00fd reprezentant nebr\u00e1n\u00ed my\u0161lence na konec kari\u00e9ry v Evertonu: <em>\u201eDouf\u00e1m v to.<\/em><\/p>\n<p><i>Miluji<\/i><em>\u00a0p\u016fsoben\u00ed v klubu, aktu\u00e1ln\u011b jsem prodlou\u017eil anga\u017em\u00e1 o dva roky, proto se velmi t\u011b\u0161\u00edm na budoucnost. Kolem jedn\u00e1n\u00ed ohledn\u011b smlouvy se nevedla dlouh\u00e1 diskuze. Hraju zde velmi r\u00e1d, mo\u017en\u00e1 v budouc\u00edch letech bude n\u00e1sledovat dal\u0161\u00ed prodlou\u017een\u00ed.\u201c<\/em><\/p>\n<p>Jagse p\u0159ivedl David Moyes v l\u00e9t\u011b roku 2007 ze Sheffieldu United za \u010dty\u0159i miliony liber. <em>\u201eOpustit Sheffield United pro m\u011b bylo t\u011b\u017ek\u00e9, v klubu jsem vyr\u016fstal a dostal prvn\u00ed \u0161anci mezi dosp\u011bl\u00fdmi. Everton pro m\u011b znamenal v\u00fdzvu a obrovskou \u0161anci. Po debat\u011b s rodinou jsem do n\u011bj rozhodl p\u0159estoupit,\u201c <\/em>prozradil Jagielka.<\/p>\n<p>Jeho kolegovi ze stopersk\u00e9 dvojice, Sylvainu Distinovi, v l\u00e9t\u011b kon\u010di smlouva, podle britsk\u00fdch medi\u00ed v\u0161ak u\u017e od veden\u00ed EFC obdr\u017eel nab\u00eddku na jednoro\u010dn\u00ed prodlou\u017een\u00ed. P\u0159edt\u00edm m\u011bl odm\u00edtnout nab\u00eddky z QPR a Sunderlandu.<\/p>\n<p><strong>Seamus Coleman<\/strong> se zav\u00e1zal dokonce je\u0161t\u011b o rok d\u00e9le ne\u017e Phil Jagielka, \u010dty\u0159iadvacetilet\u00fd b\u00fdval\u00fd hr\u00e1\u010d Sliga Rovers, odkud v roce 2009 p\u0159i\u0161el, z\u016fstane na Goodison Parku do l\u00e9ta 2018. Z progresu Colemana se pochopiteln\u011b t\u011b\u0161\u00ed Moyes. <em>\u201eJsem stra\u0161n\u011b spokojen\u00fd. Od p\u0159estupu z Irska pracuje tvrd\u011b a kontrakt si zaslou\u017e\u00ed. Tehdy jsme ho kupovali jako prav\u00e9ho obr\u00e1nce, ov\u0161em nastupoval v\u00edce v z\u00e1loze. V leto\u0161n\u00ed sez\u00f3n\u011b dost\u00e1v\u00e1 p\u0159\u00edle\u017eitost ji\u017e na prav\u00e9m obr\u00e1nci, zvl\u00e1dne ob\u011b pozice. Je st\u00e1le je\u0161t\u011b mlad\u00fd a snad se bude zlep\u0161ovat.<\/em><\/p>\n<p><em>\u010cek\u00e1 ho dlouh\u00e1 cesta, aby se dostal na \u00farove\u0148 Leightona Bainese. Podle n\u00e1s k tomu m\u00e1 pot\u0159ebn\u00e9 schopnosti, a tak jsme mu nab\u00eddli dlouholet\u00e9 prodlou\u017een\u00ed. Za jeho p\u0159estup z Irska jsme zaplatili pouze \u00a360 000. \u0160lo o v\u00fdhodn\u00fd obchod, vd\u011b\u010d\u00edm za n\u011bj na\u0161\u00edm skaut\u016fm.\u201c<\/em><\/p>\n<p>Dal\u0161\u00edm p\u00e1nem na holen\u00ed je <strong>Thomas Hitzlsperger<\/strong>, kter\u00fd jako voln\u00fd hr\u00e1\u010d po m\u011bs\u00edci testov\u00e1n\u00ed podepsal smlouvu v \u0159\u00edjnu do ledna. Nyn\u00ed ji vylep\u0161il a\u017e do konce leto\u0161n\u00ed sez\u00f3ny. D\u016fvod tohoto kroku vysv\u011btlil David Moyes: <em>\u201ePot\u0159ebovali jsme ho od za\u010d\u00e1tku a budeme ho pot\u0159ebovat tak\u00e9 v druh\u00e9 polovin\u011b sez\u00f3ny. Cht\u011bl jsem poslat Rosse Barkleyho na hostov\u00e1n\u00ed a Thomasovy zku\u0161enosti mi to umo\u017enily. Mysl\u00edm, \u017ee udr\u017eet Thomase bylo d\u016fle\u017eit\u00e9.\u201c<\/em><\/p>\n<p>Zmi\u0148ovan\u00fd <strong>Ross Barkley<\/strong> opravdu odch\u00e1z\u00ed na hostov\u00e1n\u00ed. Minim\u00e1ln\u011b m\u011bs\u00edc pobude v Leedsu United, v Championshipu devaten\u00e1ctilet\u00fd st\u0159edn\u00ed z\u00e1lo\u017en\u00edk u\u017e v\u00a0leto\u0161n\u00ed sez\u00f3n\u011b p\u016fsobil. Dva m\u011bs\u00edce \u00fasp\u011b\u0161n\u011b rozv\u00edjel sv\u016fj talent za Sheffield Wednesday, kde nasko\u010dil do t\u0159in\u00e1cti z\u00e1pas\u016f a vst\u0159elil \u010dty\u0159i g\u00f3ly.<\/p>\n<p>S pos\u00edlen\u00edm k\u00e1dru vyj\u00e1d\u0159il spokojenost boss Leedsu Neil Warnock. <em>\u201eJsem nad\u0161en\u00fd a r\u00e1d bych Rosse p\u0159iv\u00edtal v na\u0161em celku. Tou\u017eili po n\u011bm dal\u0161\u00ed \u010dty\u0159i mu\u017estva, proto jsem spokojen s jeho ziskem. Cht\u011bl jsem ho del\u0161\u00ed dobu, pamatuji si ho z Evertonu proti QPR v Premier League.<\/em><\/p>\n<p><em>Ross se py\u0161n\u00ed dobr\u00fdm p\u0159\u00edstupem, nen\u00ed pochyb, \u017ee z n\u011bj vyroste kvalitn\u00ed hr\u00e1\u010d. Na dohod\u011b vyd\u011blaj\u00ed ob\u011b strany, on dostane prostor na h\u0159i\u0161ti a my jsme z\u00edskali v\u00fdborn\u00e9 vyztu\u017een\u00ed k\u00e1dru.\u201c<\/em><\/p>\n<p>Jin\u00e1 nad\u011bje <strong>Jake Bidwell<\/strong> si hostov\u00e1n\u00ed v Brenfordu (League One) prot\u00e1hne o m\u011bs\u00edc. Na Griffin Parku lev\u00fd obr\u00e1nce \u010di z\u00e1lo\u017en\u00edk solidn\u011b rozv\u00edj\u00ed svou kari\u00e9ru od srpna. Sta\u010dil odehr\u00e1t 27 z\u00e1pas\u016f a v\u011bt\u0161inou skl\u00edz\u00ed kladn\u00e9 ohodnocen\u00ed.<\/p>\n<p>A kone\u010dn\u011b <strong>George Green<\/strong>, jm\u00e9no sedmn\u00e1ctilet\u00e9ho kreativn\u00edho z\u00e1lo\u017en\u00edka nemus\u00ed v sou\u010dasnosti budit p\u0159\u00edli\u0161n\u00fd ohlas, za p\u00e1r let by tomu ale m\u011blo b\u00fdt jinak. Greena zlana\u0159il Everton v roce 2011 z Bradfordu City, od t\u00e9 doby se zlep\u0161uje ve v\u00fdb\u011bru U18 a letos nakoukl i do U21. Potenci\u00e1l skr\u00fdv\u00e1 ohromn\u00fd, proto se do\u010dkal prvn\u00ed profesion\u00e1ln\u00ed smlouvy do l\u00e9ta 2015.<\/p>\n<\/div>\n","protected":false},"excerpt":{"rendered":"<p>Posledn\u00ed dny se na Goodison Parku p\u0159edev\u0161\u00edm prodlu\u017eovaly smlouvy. Dlouhodob\u011b se zav\u00e1zali Phil Jagielka a Seamus Coleman, Thomas Hitzlsperger z\u016fstane&hellip;<\/p>\n","protected":false},"author":6,"featured_media":1313,"comment_status":"open","ping_status":"closed","sticky":false,"template":"","format":"standard","meta":{"_eb_attr":"","_monsterinsights_skip_tracking":false,"_monsterinsights_sitenote_active":false,"_monsterinsights_sitenote_note":"","_monsterinsights_sitenote_category":0,"footnotes":""},"categories":[42],"tags":[],"yoast_head":"<!-- This site is optimized with the Yoast SEO plugin v23.4 - https:\/\/yoast.com\/wordpress\/plugins\/seo\/ -->\n<title>Hr\u00e1\u010dsk\u00e9 novinky - Official Czech &amp; Slovak Everton Supporters&#039; Club<\/title>\n<meta name=\"robots\" content=\"index, follow, max-snippet:-1, max-image-preview:large, max-video-preview:-1\" \/>\n<link rel=\"canonical\" href=\"https:\/\/evertonfc.cz\/index.php\/2013\/01\/11\/hracske-novinky\/\" \/>\n<meta property=\"og:locale\" content=\"cs_CZ\" \/>\n<meta property=\"og:type\" content=\"article\" \/>\n<meta property=\"og:title\" content=\"Hr\u00e1\u010dsk\u00e9 novinky - Official Czech &amp; Slovak Everton Supporters&#039; Club\" \/>\n<meta property=\"og:description\" content=\"Posledn\u00ed dny se na Goodison Parku p\u0159edev\u0161\u00edm prodlu\u017eovaly smlouvy. Dlouhodob\u011b se zav\u00e1zali Phil Jagielka a Seamus Coleman, Thomas Hitzlsperger z\u016fstane&hellip;\" \/>\n<meta property=\"og:url\" content=\"https:\/\/evertonfc.cz\/index.php\/2013\/01\/11\/hracske-novinky\/\" \/>\n<meta property=\"og:site_name\" content=\"Official Czech &amp; Slovak Everton Supporters&#039; Club\" \/>\n<meta property=\"article:publisher\" content=\"https:\/\/www.facebook.com\/everton.fans.cz.sk\" \/>\n<meta property=\"article:published_time\" content=\"2013-01-11T12:56:46+00:00\" \/>\n<meta property=\"article:modified_time\" content=\"2019-02-16T17:17:49+00:00\" \/>\n<meta property=\"og:image\" content=\"https:\/\/evertonfc.cz\/wp-content\/uploads\/2019\/01\/news.jpg\" \/>\n\t<meta property=\"og:image:width\" content=\"720\" \/>\n\t<meta property=\"og:image:height\" content=\"405\" \/>\n\t<meta property=\"og:image:type\" content=\"image\/jpeg\" \/>\n<meta name=\"author\" content=\"Ri\u010di\" \/>\n<meta name=\"twitter:card\" content=\"summary_large_image\" \/>\n<meta name=\"twitter:creator\" content=\"@rbrejsa\" \/>\n<meta name=\"twitter:label1\" content=\"Napsal(a)\" \/>\n\t<meta name=\"twitter:data1\" content=\"Ri\u010di\" \/>\n\t<meta name=\"twitter:label2\" content=\"Odhadovan\u00e1 doba \u010dten\u00ed\" \/>\n\t<meta name=\"twitter:data2\" content=\"4 minuty\" \/>\n<script type=\"application\/ld+json\" class=\"yoast-schema-graph\">{\"@context\":\"https:\/\/schema.org\",\"@graph\":[{\"@type\":\"Article\",\"@id\":\"https:\/\/evertonfc.cz\/index.php\/2013\/01\/11\/hracske-novinky\/#article\",\"isPartOf\":{\"@id\":\"https:\/\/evertonfc.cz\/index.php\/2013\/01\/11\/hracske-novinky\/\"},\"author\":{\"name\":\"Ri\u010di\",\"@id\":\"https:\/\/evertonfc.cz\/#\/schema\/person\/f7a5daedb2ffee98480bc70e191aaef1\"},\"headline\":\"Hr\u00e1\u010dsk\u00e9 novinky\",\"datePublished\":\"2013-01-11T12:56:46+00:00\",\"dateModified\":\"2019-02-16T17:17:49+00:00\",\"mainEntityOfPage\":{\"@id\":\"https:\/\/evertonfc.cz\/index.php\/2013\/01\/11\/hracske-novinky\/\"},\"wordCount\":809,\"commentCount\":0,\"publisher\":{\"@id\":\"https:\/\/evertonfc.cz\/#organization\"},\"image\":{\"@id\":\"https:\/\/evertonfc.cz\/index.php\/2013\/01\/11\/hracske-novinky\/#primaryimage\"},\"thumbnailUrl\":\"https:\/\/evertonfc.cz\/wp-content\/uploads\/2019\/01\/news.jpg\",\"articleSection\":[\"Aktuality\"],\"inLanguage\":\"cs\",\"potentialAction\":[{\"@type\":\"CommentAction\",\"name\":\"Comment\",\"target\":[\"https:\/\/evertonfc.cz\/index.php\/2013\/01\/11\/hracske-novinky\/#respond\"]}]},{\"@type\":\"WebPage\",\"@id\":\"https:\/\/evertonfc.cz\/index.php\/2013\/01\/11\/hracske-novinky\/\",\"url\":\"https:\/\/evertonfc.cz\/index.php\/2013\/01\/11\/hracske-novinky\/\",\"name\":\"Hr\u00e1\u010dsk\u00e9 novinky - Official Czech &amp; Slovak Everton Supporters&#039; Club\",\"isPartOf\":{\"@id\":\"https:\/\/evertonfc.cz\/#website\"},\"primaryImageOfPage\":{\"@id\":\"https:\/\/evertonfc.cz\/index.php\/2013\/01\/11\/hracske-novinky\/#primaryimage\"},\"image\":{\"@id\":\"https:\/\/evertonfc.cz\/index.php\/2013\/01\/11\/hracske-novinky\/#primaryimage\"},\"thumbnailUrl\":\"https:\/\/evertonfc.cz\/wp-content\/uploads\/2019\/01\/news.jpg\",\"datePublished\":\"2013-01-11T12:56:46+00:00\",\"dateModified\":\"2019-02-16T17:17:49+00:00\",\"breadcrumb\":{\"@id\":\"https:\/\/evertonfc.cz\/index.php\/2013\/01\/11\/hracske-novinky\/#breadcrumb\"},\"inLanguage\":\"cs\",\"potentialAction\":[{\"@type\":\"ReadAction\",\"target\":[\"https:\/\/evertonfc.cz\/index.php\/2013\/01\/11\/hracske-novinky\/\"]}]},{\"@type\":\"ImageObject\",\"inLanguage\":\"cs\",\"@id\":\"https:\/\/evertonfc.cz\/index.php\/2013\/01\/11\/hracske-novinky\/#primaryimage\",\"url\":\"https:\/\/evertonfc.cz\/wp-content\/uploads\/2019\/01\/news.jpg\",\"contentUrl\":\"https:\/\/evertonfc.cz\/wp-content\/uploads\/2019\/01\/news.jpg\",\"width\":720,\"height\":405},{\"@type\":\"BreadcrumbList\",\"@id\":\"https:\/\/evertonfc.cz\/index.php\/2013\/01\/11\/hracske-novinky\/#breadcrumb\",\"itemListElement\":[{\"@type\":\"ListItem\",\"position\":1,\"name\":\"Home\",\"item\":\"https:\/\/evertonfc.cz\/\"},{\"@type\":\"ListItem\",\"position\":2,\"name\":\"Hr\u00e1\u010dsk\u00e9 novinky\"}]},{\"@type\":\"WebSite\",\"@id\":\"https:\/\/evertonfc.cz\/#website\",\"url\":\"https:\/\/evertonfc.cz\/\",\"name\":\"Official Czech &amp; Slovak Everton Supporters&#039; Club\",\"description\":\"\",\"publisher\":{\"@id\":\"https:\/\/evertonfc.cz\/#organization\"},\"potentialAction\":[{\"@type\":\"SearchAction\",\"target\":{\"@type\":\"EntryPoint\",\"urlTemplate\":\"https:\/\/evertonfc.cz\/?s={search_term_string}\"},\"query-input\":{\"@type\":\"PropertyValueSpecification\",\"valueRequired\":true,\"valueName\":\"search_term_string\"}}],\"inLanguage\":\"cs\"},{\"@type\":\"Organization\",\"@id\":\"https:\/\/evertonfc.cz\/#organization\",\"name\":\"Official Czech & Slovak Everton Supporters' Club\",\"url\":\"https:\/\/evertonfc.cz\/\",\"logo\":{\"@type\":\"ImageObject\",\"inLanguage\":\"cs\",\"@id\":\"https:\/\/evertonfc.cz\/#\/schema\/logo\/image\/\",\"url\":\"https:\/\/evertonfc.cz\/wp-content\/uploads\/2019\/05\/logo.png\",\"contentUrl\":\"https:\/\/evertonfc.cz\/wp-content\/uploads\/2019\/05\/logo.png\",\"width\":112,\"height\":112,\"caption\":\"Official Czech & Slovak Everton Supporters' Club\"},\"image\":{\"@id\":\"https:\/\/evertonfc.cz\/#\/schema\/logo\/image\/\"},\"sameAs\":[\"https:\/\/www.facebook.com\/everton.fans.cz.sk\"]},{\"@type\":\"Person\",\"@id\":\"https:\/\/evertonfc.cz\/#\/schema\/person\/f7a5daedb2ffee98480bc70e191aaef1\",\"name\":\"Ri\u010di\",\"sameAs\":[\"https:\/\/x.com\/rbrejsa\"],\"url\":\"https:\/\/evertonfc.cz\/index.php\/author\/rici\/\"}]}<\/script>\n<!-- \/ Yoast SEO plugin. -->","yoast_head_json":{"title":"Hr\u00e1\u010dsk\u00e9 novinky - Official Czech &amp; Slovak Everton Supporters&#039; Club","robots":{"index":"index","follow":"follow","max-snippet":"max-snippet:-1","max-image-preview":"max-image-preview:large","max-video-preview":"max-video-preview:-1"},"canonical":"https:\/\/evertonfc.cz\/index.php\/2013\/01\/11\/hracske-novinky\/","og_locale":"cs_CZ","og_type":"article","og_title":"Hr\u00e1\u010dsk\u00e9 novinky - Official Czech &amp; Slovak Everton Supporters&#039; Club","og_description":"Posledn\u00ed dny se na Goodison Parku p\u0159edev\u0161\u00edm prodlu\u017eovaly smlouvy. Dlouhodob\u011b se zav\u00e1zali Phil Jagielka a Seamus Coleman, Thomas Hitzlsperger z\u016fstane&hellip;","og_url":"https:\/\/evertonfc.cz\/index.php\/2013\/01\/11\/hracske-novinky\/","og_site_name":"Official Czech &amp; Slovak Everton Supporters&#039; Club","article_publisher":"https:\/\/www.facebook.com\/everton.fans.cz.sk","article_published_time":"2013-01-11T12:56:46+00:00","article_modified_time":"2019-02-16T17:17:49+00:00","og_image":[{"width":720,"height":405,"url":"https:\/\/evertonfc.cz\/wp-content\/uploads\/2019\/01\/news.jpg","type":"image\/jpeg"}],"author":"Ri\u010di","twitter_card":"summary_large_image","twitter_creator":"@rbrejsa","twitter_misc":{"Napsal(a)":"Ri\u010di","Odhadovan\u00e1 doba \u010dten\u00ed":"4 minuty"},"schema":{"@context":"https:\/\/schema.org","@graph":[{"@type":"Article","@id":"https:\/\/evertonfc.cz\/index.php\/2013\/01\/11\/hracske-novinky\/#article","isPartOf":{"@id":"https:\/\/evertonfc.cz\/index.php\/2013\/01\/11\/hracske-novinky\/"},"author":{"name":"Ri\u010di","@id":"https:\/\/evertonfc.cz\/#\/schema\/person\/f7a5daedb2ffee98480bc70e191aaef1"},"headline":"Hr\u00e1\u010dsk\u00e9 novinky","datePublished":"2013-01-11T12:56:46+00:00","dateModified":"2019-02-16T17:17:49+00:00","mainEntityOfPage":{"@id":"https:\/\/evertonfc.cz\/index.php\/2013\/01\/11\/hracske-novinky\/"},"wordCount":809,"commentCount":0,"publisher":{"@id":"https:\/\/evertonfc.cz\/#organization"},"image":{"@id":"https:\/\/evertonfc.cz\/index.php\/2013\/01\/11\/hracske-novinky\/#primaryimage"},"thumbnailUrl":"https:\/\/evertonfc.cz\/wp-content\/uploads\/2019\/01\/news.jpg","articleSection":["Aktuality"],"inLanguage":"cs","potentialAction":[{"@type":"CommentAction","name":"Comment","target":["https:\/\/evertonfc.cz\/index.php\/2013\/01\/11\/hracske-novinky\/#respond"]}]},{"@type":"WebPage","@id":"https:\/\/evertonfc.cz\/index.php\/2013\/01\/11\/hracske-novinky\/","url":"https:\/\/evertonfc.cz\/index.php\/2013\/01\/11\/hracske-novinky\/","name":"Hr\u00e1\u010dsk\u00e9 novinky - Official Czech &amp; Slovak Everton Supporters&#039; Club","isPartOf":{"@id":"https:\/\/evertonfc.cz\/#website"},"primaryImageOfPage":{"@id":"https:\/\/evertonfc.cz\/index.php\/2013\/01\/11\/hracske-novinky\/#primaryimage"},"image":{"@id":"https:\/\/evertonfc.cz\/index.php\/2013\/01\/11\/hracske-novinky\/#primaryimage"},"thumbnailUrl":"https:\/\/evertonfc.cz\/wp-content\/uploads\/2019\/01\/news.jpg","datePublished":"2013-01-11T12:56:46+00:00","dateModified":"2019-02-16T17:17:49+00:00","breadcrumb":{"@id":"https:\/\/evertonfc.cz\/index.php\/2013\/01\/11\/hracske-novinky\/#breadcrumb"},"inLanguage":"cs","potentialAction":[{"@type":"ReadAction","target":["https:\/\/evertonfc.cz\/index.php\/2013\/01\/11\/hracske-novinky\/"]}]},{"@type":"ImageObject","inLanguage":"cs","@id":"https:\/\/evertonfc.cz\/index.php\/2013\/01\/11\/hracske-novinky\/#primaryimage","url":"https:\/\/evertonfc.cz\/wp-content\/uploads\/2019\/01\/news.jpg","contentUrl":"https:\/\/evertonfc.cz\/wp-content\/uploads\/2019\/01\/news.jpg","width":720,"height":405},{"@type":"BreadcrumbList","@id":"https:\/\/evertonfc.cz\/index.php\/2013\/01\/11\/hracske-novinky\/#breadcrumb","itemListElement":[{"@type":"ListItem","position":1,"name":"Home","item":"https:\/\/evertonfc.cz\/"},{"@type":"ListItem","position":2,"name":"Hr\u00e1\u010dsk\u00e9 novinky"}]},{"@type":"WebSite","@id":"https:\/\/evertonfc.cz\/#website","url":"https:\/\/evertonfc.cz\/","name":"Official Czech &amp; Slovak Everton Supporters&#039; Club","description":"","publisher":{"@id":"https:\/\/evertonfc.cz\/#organization"},"potentialAction":[{"@type":"SearchAction","target":{"@type":"EntryPoint","urlTemplate":"https:\/\/evertonfc.cz\/?s={search_term_string}"},"query-input":{"@type":"PropertyValueSpecification","valueRequired":true,"valueName":"search_term_string"}}],"inLanguage":"cs"},{"@type":"Organization","@id":"https:\/\/evertonfc.cz\/#organization","name":"Official Czech & Slovak Everton Supporters' Club","url":"https:\/\/evertonfc.cz\/","logo":{"@type":"ImageObject","inLanguage":"cs","@id":"https:\/\/evertonfc.cz\/#\/schema\/logo\/image\/","url":"https:\/\/evertonfc.cz\/wp-content\/uploads\/2019\/05\/logo.png","contentUrl":"https:\/\/evertonfc.cz\/wp-content\/uploads\/2019\/05\/logo.png","width":112,"height":112,"caption":"Official Czech & Slovak Everton Supporters' Club"},"image":{"@id":"https:\/\/evertonfc.cz\/#\/schema\/logo\/image\/"},"sameAs":["https:\/\/www.facebook.com\/everton.fans.cz.sk"]},{"@type":"Person","@id":"https:\/\/evertonfc.cz\/#\/schema\/person\/f7a5daedb2ffee98480bc70e191aaef1","name":"Ri\u010di","sameAs":["https:\/\/x.com\/rbrejsa"],"url":"https:\/\/evertonfc.cz\/index.php\/author\/rici\/"}]}},"_links":{"self":[{"href":"https:\/\/evertonfc.cz\/index.php\/wp-json\/wp\/v2\/posts\/5888"}],"collection":[{"href":"https:\/\/evertonfc.cz\/index.php\/wp-json\/wp\/v2\/posts"}],"about":[{"href":"https:\/\/evertonfc.cz\/index.php\/wp-json\/wp\/v2\/types\/post"}],"author":[{"embeddable":true,"href":"https:\/\/evertonfc.cz\/index.php\/wp-json\/wp\/v2\/users\/6"}],"replies":[{"embeddable":true,"href":"https:\/\/evertonfc.cz\/index.php\/wp-json\/wp\/v2\/comments?post=5888"}],"version-history":[{"count":3,"href":"https:\/\/evertonfc.cz\/index.php\/wp-json\/wp\/v2\/posts\/5888\/revisions"}],"predecessor-version":[{"id":5958,"href":"https:\/\/evertonfc.cz\/index.php\/wp-json\/wp\/v2\/posts\/5888\/revisions\/5958"}],"wp:featuredmedia":[{"embeddable":true,"href":"https:\/\/evertonfc.cz\/index.php\/wp-json\/wp\/v2\/media\/1313"}],"wp:attachment":[{"href":"https:\/\/evertonfc.cz\/index.php\/wp-json\/wp\/v2\/media?parent=5888"}],"wp:term":[{"taxonomy":"category","embeddable":true,"href":"https:\/\/evertonfc.cz\/index.php\/wp-json\/wp\/v2\/categories?post=5888"},{"taxonomy":"post_tag","embeddable":true,"href":"https:\/\/evertonfc.cz\/index.php\/wp-json\/wp\/v2\/tags?post=5888"}],"curies":[{"name":"wp","href":"https:\/\/api.w.org\/{rel}","templated":true}]}}