{"id":5890,"date":"2013-01-09T13:56:59","date_gmt":"2013-01-09T12:56:59","guid":{"rendered":"http:\/\/evertonfc.cz\/?p=5890"},"modified":"2019-02-16T18:15:25","modified_gmt":"2019-02-16T17:15:25","slug":"ray-hall-o-osmanovi","status":"publish","type":"post","link":"https:\/\/evertonfc.cz\/index.php\/2013\/01\/09\/ray-hall-o-osmanovi\/","title":{"rendered":"Ray Hall o Osmanovi"},"content":{"rendered":"<h4 id=\"NewsPostDetailSummary\">V sobotu proti Swansea City se Leon Osman do\u010dk\u00e1 v\u00fdznamn\u00e9ho jubilea. Bude to p\u0159esn\u011b deset let, co debutoval v prvn\u00edm t\u00fdmu Evertonu.<\/h4>\n<div id=\"NewsPostDetailContent\">\n<p>12. ledna 2003 Ossie nasko\u010dil do utk\u00e1n\u00ed na White Hart Lane jako n\u00e1hradn\u00edk, po deseti letech a 356 z\u00e1pasech jednat\u0159icetilet\u00fd z\u00e1lo\u017en\u00edk st\u00e1le obl\u00e9k\u00e1 modr\u00fd dres a pro\u017e\u00edv\u00e1 jednu z\u00a0nejvyda\u0159en\u011bj\u0161\u00edch etap sv\u00e9 kari\u00e9ry. Ray Hall, b\u00fdval\u00fd \u0161\u00e9f akademie Evertonu, pracoval s Osmanem dvacet let, a tak m\u00e1 pochopiteln\u011b o jednom z\u00a0nejobl\u00edben\u011bj\u0161\u00edch hr\u00e1\u010d\u016f mezi fanou\u0161ky co \u0159\u00edct.<\/p>\n<p><em>\u201eV\u0161ude se mluv\u00ed v souvislosti s Leonem o jeho prvn\u00edm startu p\u0159ed deseti lety. Chyba, on debutoval v Evertonu p\u0159ed dvaceti lety za v\u00fdb\u011br U11. V klubu str\u00e1vil mnohem del\u0161\u00ed dobu ne\u017e v\u011bt\u0161ina zam\u011bstnanc\u016f, to hodn\u011b vypov\u00edd\u00e1 o charakteru \u010dlov\u011bka. Everton byl, je a nav\u017edy bude jeho klubem \u010d\u00edslo jedna.<\/em><\/p>\n<p><em>Syst\u00e9m akademie je o kluc\u00edch jako Leon Osman a Tony Hibbert, o hr\u00e1\u010d\u00edch, kte\u0159\u00ed dostali vrozenou schopnost, a tou\u017e\u00ed se ka\u017ed\u00fd rok zlep\u0161ovat. Nevzpom\u00edn\u00e1m si na, i kdy\u017e po\u010d\u00edt\u00e1m Wayna Rooneyho, na l\u00e9pe technicky vybaven\u00e9ho hr\u00e1\u010de ne\u017e Leona. Jeho p\u0159irozen\u00e9 nad\u00e1n\u00ed a um\u011bn\u00ed hr\u00e1t ob\u011bma nohami jsem u nikoho jin\u00e9ho na vy\u0161\u0161\u00ed \u00farovni p\u0159i tr\u00e9ninku neza\u017eil.<\/em><\/p>\n<p><em>Kv\u016fli jeho v\u00fd\u0161ce o n\u011bm nem\u016f\u017eete mluvit ve spojen\u00ed s nejrychlej\u0161\u00edm fotbalistou na sv\u011bt\u011b. Nen\u00ed ani nejsiln\u011bj\u0161\u00ed, od ostatn\u00edch se hodn\u011b odli\u0161uje. P\u0159esto se b\u011bhem sv\u00e9 kari\u00e9ry neust\u00e1le zlep\u0161uje. Velmi m\u011b zaujal v\u00fdrok mana\u017eera po ned\u00e1vn\u00e9m z\u00e1pase s Chelsea, kdy Leona prohl\u00e1sil za nejlep\u0161\u00edho mu\u017ee na h\u0159i\u0161ti. V konkurenci borc\u016f z obou t\u00fdm\u016f jde o skv\u011bl\u00fd kompliment a dokazuje opr\u00e1vn\u011bnost v\u00fdb\u011bru do n\u00e1rodn\u00edho mu\u017estva.<\/em><\/p>\n<p><em>B\u011bhem podzimu se do\u010dkal debutu v reprezentaci a j\u00e1 aktu\u00e1ln\u011b nevid\u00edm \u017e\u00e1dn\u00e9ho Angli\u010dana hraj\u00edc\u00edho se stejnou jistotou a technickou kvalitou. Pat\u0159\u00ed do modern\u00ed \u00e9ry z\u00e1lo\u017en\u00edk\u016f men\u0161\u00ed postavy s v\u00fdborn\u00fdm dr\u017een\u00edm m\u00ed\u010de, kter\u00e9 najdete ve \u0161pan\u011blsk\u00e9m n\u00e1rodn\u00edm t\u00fdmu nebo Barcelon\u011b. T\u011bmto z\u00e1lo\u017en\u00edk\u016fm se ned\u00e1 lehce vz\u00edt m\u00ed\u010d, jeliko\u017e ho perfektn\u011b dr\u017e\u00ed u nohy, a tak je mus\u00edte po cel\u00e9 utk\u00e1n\u00ed nah\u00e1n\u011bt.<\/em><\/p>\n<p><em>Pro soupe\u0159ovi defenzivu Leon p\u0159edstavuje nebezpe\u010d\u00ed, proto\u017ee neust\u00e1le m\u016f\u017ee p\u0159ij\u00edmat p\u0159ihr\u00e1vky a vys\u00edlat \u00fato\u010dn\u00edky do \u0161anc\u00ed, \u010demu\u017e vd\u011b\u010d\u00ed sv\u00e9 inteligenci. Ka\u017ed\u00fd tren\u00e9r by ho cht\u011bl ve sv\u00e9 kabin\u011b, krom\u011b t\u00fdmov\u00e9ho hr\u00e1\u010de poslou\u017e\u00ed tak\u00e9 jako vzor.<\/em><\/p>\n<p><em>V sez\u00f3n\u011b 1997\/98 jsme vyhr\u00e1li FA Youth Cup, tehdy za n\u00e1s nastupovali Richard Dunne, Michael Ball, Phil Jevone a Danny Cadamarteri, Leon je p\u0159evy\u0161oval v mnoha sm\u011brech. Jemu, Tony Hibbertovi, Francisu Jeffersovi a Kevinu McLeodovi jste mohli v\u011b\u0159it v jak\u00e9mkoliv jejich v\u011bku. R\u00e1d jsem je vedl.<\/em><\/p>\n<\/div>\n<div id=\"news-detail-footer\"><em>Pamatuji si na jedno cvi\u010den\u00ed, v mal\u00e9m prostoru jsme tr\u00e9novali dr\u017een\u00ed m\u00ed\u010de. J\u00e1 jsem se pouze op\u0159el o ze\u010f a skautu Bobu Pendletonovi jsem \u0159ekl: &#8218;tady m\u011b nen\u00ed pot\u0159eba&#8216;. Ode\u0161el jsem do kancel\u00e1\u0159e, postavil vodu na \u010daj, vypil dva \u0161\u00e1lky, a kdy\u017e jsem vr\u00e1til ke kluk\u016fm, nic se nezm\u011bnilo. Byli hodn\u011b talentovan\u00ed, nepot\u0159ebovali tr\u00e9novat, jen spr\u00e1v\u011b usm\u011br\u0148ovat.\u201c<\/em><\/div>\n","protected":false},"excerpt":{"rendered":"<p>V sobotu proti Swansea City se Leon Osman do\u010dk\u00e1 v\u00fdznamn\u00e9ho jubilea. Bude to p\u0159esn\u011b deset let, co debutoval v prvn\u00edm&hellip;<\/p>\n","protected":false},"author":6,"featured_media":1312,"comment_status":"open","ping_status":"closed","sticky":false,"template":"","format":"standard","meta":{"_eb_attr":"","_monsterinsights_skip_tracking":false,"_monsterinsights_sitenote_active":false,"_monsterinsights_sitenote_note":"","_monsterinsights_sitenote_category":0,"footnotes":""},"categories":[1],"tags":[],"yoast_head":"<!-- This site is optimized with the Yoast SEO plugin v23.4 - https:\/\/yoast.com\/wordpress\/plugins\/seo\/ -->\n<title>Ray Hall o Osmanovi - Official Czech &amp; Slovak Everton Supporters&#039; Club<\/title>\n<meta name=\"robots\" content=\"index, follow, max-snippet:-1, max-image-preview:large, max-video-preview:-1\" \/>\n<link rel=\"canonical\" href=\"https:\/\/evertonfc.cz\/index.php\/2013\/01\/09\/ray-hall-o-osmanovi\/\" \/>\n<meta property=\"og:locale\" content=\"cs_CZ\" \/>\n<meta property=\"og:type\" content=\"article\" \/>\n<meta property=\"og:title\" content=\"Ray Hall o Osmanovi - Official Czech &amp; Slovak Everton Supporters&#039; Club\" \/>\n<meta property=\"og:description\" content=\"V sobotu proti Swansea City se Leon Osman do\u010dk\u00e1 v\u00fdznamn\u00e9ho jubilea. Bude to p\u0159esn\u011b deset let, co debutoval v prvn\u00edm&hellip;\" \/>\n<meta property=\"og:url\" content=\"https:\/\/evertonfc.cz\/index.php\/2013\/01\/09\/ray-hall-o-osmanovi\/\" \/>\n<meta property=\"og:site_name\" content=\"Official Czech &amp; Slovak Everton Supporters&#039; Club\" \/>\n<meta property=\"article:publisher\" content=\"https:\/\/www.facebook.com\/everton.fans.cz.sk\" \/>\n<meta property=\"article:published_time\" content=\"2013-01-09T12:56:59+00:00\" \/>\n<meta property=\"article:modified_time\" content=\"2019-02-16T17:15:25+00:00\" \/>\n<meta property=\"og:image\" content=\"https:\/\/evertonfc.cz\/wp-content\/uploads\/2019\/01\/interview.jpg\" \/>\n\t<meta property=\"og:image:width\" content=\"720\" \/>\n\t<meta property=\"og:image:height\" content=\"405\" \/>\n\t<meta property=\"og:image:type\" content=\"image\/jpeg\" \/>\n<meta name=\"author\" content=\"Ri\u010di\" \/>\n<meta name=\"twitter:card\" content=\"summary_large_image\" \/>\n<meta name=\"twitter:creator\" content=\"@rbrejsa\" \/>\n<meta name=\"twitter:label1\" content=\"Napsal(a)\" \/>\n\t<meta name=\"twitter:data1\" content=\"Ri\u010di\" \/>\n\t<meta name=\"twitter:label2\" content=\"Odhadovan\u00e1 doba \u010dten\u00ed\" \/>\n\t<meta name=\"twitter:data2\" content=\"3 minuty\" \/>\n<script type=\"application\/ld+json\" class=\"yoast-schema-graph\">{\"@context\":\"https:\/\/schema.org\",\"@graph\":[{\"@type\":\"Article\",\"@id\":\"https:\/\/evertonfc.cz\/index.php\/2013\/01\/09\/ray-hall-o-osmanovi\/#article\",\"isPartOf\":{\"@id\":\"https:\/\/evertonfc.cz\/index.php\/2013\/01\/09\/ray-hall-o-osmanovi\/\"},\"author\":{\"name\":\"Ri\u010di\",\"@id\":\"https:\/\/evertonfc.cz\/#\/schema\/person\/f7a5daedb2ffee98480bc70e191aaef1\"},\"headline\":\"Ray Hall o Osmanovi\",\"datePublished\":\"2013-01-09T12:56:59+00:00\",\"dateModified\":\"2019-02-16T17:15:25+00:00\",\"mainEntityOfPage\":{\"@id\":\"https:\/\/evertonfc.cz\/index.php\/2013\/01\/09\/ray-hall-o-osmanovi\/\"},\"wordCount\":617,\"commentCount\":0,\"publisher\":{\"@id\":\"https:\/\/evertonfc.cz\/#organization\"},\"image\":{\"@id\":\"https:\/\/evertonfc.cz\/index.php\/2013\/01\/09\/ray-hall-o-osmanovi\/#primaryimage\"},\"thumbnailUrl\":\"https:\/\/evertonfc.cz\/wp-content\/uploads\/2019\/01\/interview.jpg\",\"articleSection\":[\"Rozhovory\"],\"inLanguage\":\"cs\",\"potentialAction\":[{\"@type\":\"CommentAction\",\"name\":\"Comment\",\"target\":[\"https:\/\/evertonfc.cz\/index.php\/2013\/01\/09\/ray-hall-o-osmanovi\/#respond\"]}]},{\"@type\":\"WebPage\",\"@id\":\"https:\/\/evertonfc.cz\/index.php\/2013\/01\/09\/ray-hall-o-osmanovi\/\",\"url\":\"https:\/\/evertonfc.cz\/index.php\/2013\/01\/09\/ray-hall-o-osmanovi\/\",\"name\":\"Ray Hall o Osmanovi - Official Czech &amp; Slovak Everton Supporters&#039; Club\",\"isPartOf\":{\"@id\":\"https:\/\/evertonfc.cz\/#website\"},\"primaryImageOfPage\":{\"@id\":\"https:\/\/evertonfc.cz\/index.php\/2013\/01\/09\/ray-hall-o-osmanovi\/#primaryimage\"},\"image\":{\"@id\":\"https:\/\/evertonfc.cz\/index.php\/2013\/01\/09\/ray-hall-o-osmanovi\/#primaryimage\"},\"thumbnailUrl\":\"https:\/\/evertonfc.cz\/wp-content\/uploads\/2019\/01\/interview.jpg\",\"datePublished\":\"2013-01-09T12:56:59+00:00\",\"dateModified\":\"2019-02-16T17:15:25+00:00\",\"breadcrumb\":{\"@id\":\"https:\/\/evertonfc.cz\/index.php\/2013\/01\/09\/ray-hall-o-osmanovi\/#breadcrumb\"},\"inLanguage\":\"cs\",\"potentialAction\":[{\"@type\":\"ReadAction\",\"target\":[\"https:\/\/evertonfc.cz\/index.php\/2013\/01\/09\/ray-hall-o-osmanovi\/\"]}]},{\"@type\":\"ImageObject\",\"inLanguage\":\"cs\",\"@id\":\"https:\/\/evertonfc.cz\/index.php\/2013\/01\/09\/ray-hall-o-osmanovi\/#primaryimage\",\"url\":\"https:\/\/evertonfc.cz\/wp-content\/uploads\/2019\/01\/interview.jpg\",\"contentUrl\":\"https:\/\/evertonfc.cz\/wp-content\/uploads\/2019\/01\/interview.jpg\",\"width\":720,\"height\":405},{\"@type\":\"BreadcrumbList\",\"@id\":\"https:\/\/evertonfc.cz\/index.php\/2013\/01\/09\/ray-hall-o-osmanovi\/#breadcrumb\",\"itemListElement\":[{\"@type\":\"ListItem\",\"position\":1,\"name\":\"Home\",\"item\":\"https:\/\/evertonfc.cz\/\"},{\"@type\":\"ListItem\",\"position\":2,\"name\":\"Ray Hall o Osmanovi\"}]},{\"@type\":\"WebSite\",\"@id\":\"https:\/\/evertonfc.cz\/#website\",\"url\":\"https:\/\/evertonfc.cz\/\",\"name\":\"Official Czech &amp; Slovak Everton Supporters&#039; Club\",\"description\":\"\",\"publisher\":{\"@id\":\"https:\/\/evertonfc.cz\/#organization\"},\"potentialAction\":[{\"@type\":\"SearchAction\",\"target\":{\"@type\":\"EntryPoint\",\"urlTemplate\":\"https:\/\/evertonfc.cz\/?s={search_term_string}\"},\"query-input\":{\"@type\":\"PropertyValueSpecification\",\"valueRequired\":true,\"valueName\":\"search_term_string\"}}],\"inLanguage\":\"cs\"},{\"@type\":\"Organization\",\"@id\":\"https:\/\/evertonfc.cz\/#organization\",\"name\":\"Official Czech & Slovak Everton Supporters' Club\",\"url\":\"https:\/\/evertonfc.cz\/\",\"logo\":{\"@type\":\"ImageObject\",\"inLanguage\":\"cs\",\"@id\":\"https:\/\/evertonfc.cz\/#\/schema\/logo\/image\/\",\"url\":\"https:\/\/evertonfc.cz\/wp-content\/uploads\/2019\/05\/logo.png\",\"contentUrl\":\"https:\/\/evertonfc.cz\/wp-content\/uploads\/2019\/05\/logo.png\",\"width\":112,\"height\":112,\"caption\":\"Official Czech & Slovak Everton Supporters' Club\"},\"image\":{\"@id\":\"https:\/\/evertonfc.cz\/#\/schema\/logo\/image\/\"},\"sameAs\":[\"https:\/\/www.facebook.com\/everton.fans.cz.sk\"]},{\"@type\":\"Person\",\"@id\":\"https:\/\/evertonfc.cz\/#\/schema\/person\/f7a5daedb2ffee98480bc70e191aaef1\",\"name\":\"Ri\u010di\",\"sameAs\":[\"https:\/\/x.com\/rbrejsa\"],\"url\":\"https:\/\/evertonfc.cz\/index.php\/author\/rici\/\"}]}<\/script>\n<!-- \/ Yoast SEO plugin. -->","yoast_head_json":{"title":"Ray Hall o Osmanovi - Official Czech &amp; Slovak Everton Supporters&#039; Club","robots":{"index":"index","follow":"follow","max-snippet":"max-snippet:-1","max-image-preview":"max-image-preview:large","max-video-preview":"max-video-preview:-1"},"canonical":"https:\/\/evertonfc.cz\/index.php\/2013\/01\/09\/ray-hall-o-osmanovi\/","og_locale":"cs_CZ","og_type":"article","og_title":"Ray Hall o Osmanovi - Official Czech &amp; Slovak Everton Supporters&#039; Club","og_description":"V sobotu proti Swansea City se Leon Osman do\u010dk\u00e1 v\u00fdznamn\u00e9ho jubilea. Bude to p\u0159esn\u011b deset let, co debutoval v prvn\u00edm&hellip;","og_url":"https:\/\/evertonfc.cz\/index.php\/2013\/01\/09\/ray-hall-o-osmanovi\/","og_site_name":"Official Czech &amp; Slovak Everton Supporters&#039; Club","article_publisher":"https:\/\/www.facebook.com\/everton.fans.cz.sk","article_published_time":"2013-01-09T12:56:59+00:00","article_modified_time":"2019-02-16T17:15:25+00:00","og_image":[{"width":720,"height":405,"url":"https:\/\/evertonfc.cz\/wp-content\/uploads\/2019\/01\/interview.jpg","type":"image\/jpeg"}],"author":"Ri\u010di","twitter_card":"summary_large_image","twitter_creator":"@rbrejsa","twitter_misc":{"Napsal(a)":"Ri\u010di","Odhadovan\u00e1 doba \u010dten\u00ed":"3 minuty"},"schema":{"@context":"https:\/\/schema.org","@graph":[{"@type":"Article","@id":"https:\/\/evertonfc.cz\/index.php\/2013\/01\/09\/ray-hall-o-osmanovi\/#article","isPartOf":{"@id":"https:\/\/evertonfc.cz\/index.php\/2013\/01\/09\/ray-hall-o-osmanovi\/"},"author":{"name":"Ri\u010di","@id":"https:\/\/evertonfc.cz\/#\/schema\/person\/f7a5daedb2ffee98480bc70e191aaef1"},"headline":"Ray Hall o Osmanovi","datePublished":"2013-01-09T12:56:59+00:00","dateModified":"2019-02-16T17:15:25+00:00","mainEntityOfPage":{"@id":"https:\/\/evertonfc.cz\/index.php\/2013\/01\/09\/ray-hall-o-osmanovi\/"},"wordCount":617,"commentCount":0,"publisher":{"@id":"https:\/\/evertonfc.cz\/#organization"},"image":{"@id":"https:\/\/evertonfc.cz\/index.php\/2013\/01\/09\/ray-hall-o-osmanovi\/#primaryimage"},"thumbnailUrl":"https:\/\/evertonfc.cz\/wp-content\/uploads\/2019\/01\/interview.jpg","articleSection":["Rozhovory"],"inLanguage":"cs","potentialAction":[{"@type":"CommentAction","name":"Comment","target":["https:\/\/evertonfc.cz\/index.php\/2013\/01\/09\/ray-hall-o-osmanovi\/#respond"]}]},{"@type":"WebPage","@id":"https:\/\/evertonfc.cz\/index.php\/2013\/01\/09\/ray-hall-o-osmanovi\/","url":"https:\/\/evertonfc.cz\/index.php\/2013\/01\/09\/ray-hall-o-osmanovi\/","name":"Ray Hall o Osmanovi - Official Czech &amp; Slovak Everton Supporters&#039; Club","isPartOf":{"@id":"https:\/\/evertonfc.cz\/#website"},"primaryImageOfPage":{"@id":"https:\/\/evertonfc.cz\/index.php\/2013\/01\/09\/ray-hall-o-osmanovi\/#primaryimage"},"image":{"@id":"https:\/\/evertonfc.cz\/index.php\/2013\/01\/09\/ray-hall-o-osmanovi\/#primaryimage"},"thumbnailUrl":"https:\/\/evertonfc.cz\/wp-content\/uploads\/2019\/01\/interview.jpg","datePublished":"2013-01-09T12:56:59+00:00","dateModified":"2019-02-16T17:15:25+00:00","breadcrumb":{"@id":"https:\/\/evertonfc.cz\/index.php\/2013\/01\/09\/ray-hall-o-osmanovi\/#breadcrumb"},"inLanguage":"cs","potentialAction":[{"@type":"ReadAction","target":["https:\/\/evertonfc.cz\/index.php\/2013\/01\/09\/ray-hall-o-osmanovi\/"]}]},{"@type":"ImageObject","inLanguage":"cs","@id":"https:\/\/evertonfc.cz\/index.php\/2013\/01\/09\/ray-hall-o-osmanovi\/#primaryimage","url":"https:\/\/evertonfc.cz\/wp-content\/uploads\/2019\/01\/interview.jpg","contentUrl":"https:\/\/evertonfc.cz\/wp-content\/uploads\/2019\/01\/interview.jpg","width":720,"height":405},{"@type":"BreadcrumbList","@id":"https:\/\/evertonfc.cz\/index.php\/2013\/01\/09\/ray-hall-o-osmanovi\/#breadcrumb","itemListElement":[{"@type":"ListItem","position":1,"name":"Home","item":"https:\/\/evertonfc.cz\/"},{"@type":"ListItem","position":2,"name":"Ray Hall o Osmanovi"}]},{"@type":"WebSite","@id":"https:\/\/evertonfc.cz\/#website","url":"https:\/\/evertonfc.cz\/","name":"Official Czech &amp; Slovak Everton Supporters&#039; Club","description":"","publisher":{"@id":"https:\/\/evertonfc.cz\/#organization"},"potentialAction":[{"@type":"SearchAction","target":{"@type":"EntryPoint","urlTemplate":"https:\/\/evertonfc.cz\/?s={search_term_string}"},"query-input":{"@type":"PropertyValueSpecification","valueRequired":true,"valueName":"search_term_string"}}],"inLanguage":"cs"},{"@type":"Organization","@id":"https:\/\/evertonfc.cz\/#organization","name":"Official Czech & Slovak Everton Supporters' Club","url":"https:\/\/evertonfc.cz\/","logo":{"@type":"ImageObject","inLanguage":"cs","@id":"https:\/\/evertonfc.cz\/#\/schema\/logo\/image\/","url":"https:\/\/evertonfc.cz\/wp-content\/uploads\/2019\/05\/logo.png","contentUrl":"https:\/\/evertonfc.cz\/wp-content\/uploads\/2019\/05\/logo.png","width":112,"height":112,"caption":"Official Czech & Slovak Everton Supporters' Club"},"image":{"@id":"https:\/\/evertonfc.cz\/#\/schema\/logo\/image\/"},"sameAs":["https:\/\/www.facebook.com\/everton.fans.cz.sk"]},{"@type":"Person","@id":"https:\/\/evertonfc.cz\/#\/schema\/person\/f7a5daedb2ffee98480bc70e191aaef1","name":"Ri\u010di","sameAs":["https:\/\/x.com\/rbrejsa"],"url":"https:\/\/evertonfc.cz\/index.php\/author\/rici\/"}]}},"_links":{"self":[{"href":"https:\/\/evertonfc.cz\/index.php\/wp-json\/wp\/v2\/posts\/5890"}],"collection":[{"href":"https:\/\/evertonfc.cz\/index.php\/wp-json\/wp\/v2\/posts"}],"about":[{"href":"https:\/\/evertonfc.cz\/index.php\/wp-json\/wp\/v2\/types\/post"}],"author":[{"embeddable":true,"href":"https:\/\/evertonfc.cz\/index.php\/wp-json\/wp\/v2\/users\/6"}],"replies":[{"embeddable":true,"href":"https:\/\/evertonfc.cz\/index.php\/wp-json\/wp\/v2\/comments?post=5890"}],"version-history":[{"count":3,"href":"https:\/\/evertonfc.cz\/index.php\/wp-json\/wp\/v2\/posts\/5890\/revisions"}],"predecessor-version":[{"id":5954,"href":"https:\/\/evertonfc.cz\/index.php\/wp-json\/wp\/v2\/posts\/5890\/revisions\/5954"}],"wp:featuredmedia":[{"embeddable":true,"href":"https:\/\/evertonfc.cz\/index.php\/wp-json\/wp\/v2\/media\/1312"}],"wp:attachment":[{"href":"https:\/\/evertonfc.cz\/index.php\/wp-json\/wp\/v2\/media?parent=5890"}],"wp:term":[{"taxonomy":"category","embeddable":true,"href":"https:\/\/evertonfc.cz\/index.php\/wp-json\/wp\/v2\/categories?post=5890"},{"taxonomy":"post_tag","embeddable":true,"href":"https:\/\/evertonfc.cz\/index.php\/wp-json\/wp\/v2\/tags?post=5890"}],"curies":[{"name":"wp","href":"https:\/\/api.w.org\/{rel}","templated":true}]}}