{"id":5892,"date":"2013-01-08T13:58:55","date_gmt":"2013-01-08T12:58:55","guid":{"rendered":"http:\/\/evertonfc.cz\/?p=5892"},"modified":"2019-02-16T18:15:03","modified_gmt":"2019-02-16T17:15:03","slug":"fa-cup-cheltenham-town-everton-15","status":"publish","type":"post","link":"https:\/\/evertonfc.cz\/index.php\/2013\/01\/08\/fa-cup-cheltenham-town-everton-15\/","title":{"rendered":"FA Cup: Cheltenham Town &#8211; Everton 1:5"},"content":{"rendered":"<h4 id=\"NewsPostDetailSummary\">Everton nep\u0159ipustil p\u0159ekvapen\u00ed a v siln\u00e9 sestav\u011b bez v\u011bt\u0161\u00edch probl\u00e9m\u016f postoupil do \u010dtvrt\u00e9ho kola FA Cupu, v n\u011bm\u017e se st\u0159etne s lep\u0161\u00edm z dvojice Sunderland\/Bolton.<\/h4>\n<div id=\"NewsPostDetailContent\">\n<p>David Moyes poslal do z\u00e1pasu s \u00fa\u010dastn\u00edkem League Two skoro nejsiln\u011bj\u0161\u00ed v\u00fdb\u011br, jen Steven Pienaar dostal volno. Pohodov\u00e9 v\u00edt\u011bzstv\u00ed kaz\u00ed zran\u011bn\u00ed Leightona Bainese, kter\u00fd m\u00e1 zat\u00edm bl\u00ed\u017ee nespecifikovan\u00e9 probl\u00e9my s kotn\u00edkem. N\u011bkte\u0159\u00ed si tak\u00e9 pokl\u00e1daj\u00ed ot\u00e1zku, pro\u010d si ani minutu nezahr\u00e1li mlad\u00edci Duffy, Barkley \u010di Vellios.<\/p>\n<p>Ve st\u0159etnut\u00ed chyb\u011bl kv\u016fli men\u0161\u00edmu zran\u011bn\u00ed Johny Heitinga, okam\u017eit\u011b se vyrojily spekulace o jeho odchodu. S\u00e1m obr\u00e1nce ale v\u0161e pop\u0159el na sv\u00e9m <a href=\"https:\/\/twitter.com\/Johnheitinga\" target=\"_blank\" rel=\"noopener\">Twitteru<\/a>, podle vlastn\u00edch slov jsou zv\u011bsti o jeho p\u0159estupu v\u00fdmysly a soust\u0159ed\u00ed se pouze na Blues.<\/p>\n<p><strong>Branky:<\/strong> 51. Penn &#8211; 12. Jelavi\u0107, 19. Baines z PK, 49. Osman, 57. Coleman, 89. Fellaini<br \/>\n<strong>Cheltenham:<\/strong> Brown -Jombati, Bennett, Elliott, Jones, McGlashan (80. Deering), Pack, Carter (66. Taylor), Mohamed, Penn, Goulding (66. Duffy)<br \/>\n<strong>Everton:<\/strong> Howard &#8211; Coleman, Jagielka, Distin, Baines (63. Gueye), Neville, Osman (68. Naismith), Anichebe, Fellaini, Oviedo, Jelavi\u0107 (80. Hitzlsperger)<br \/>\n<strong>Rozhod\u010d\u00ed:<\/strong> Kevin Friend<br \/>\n<strong>Div\u00e1ci:<\/strong> 6 891<\/p>\n<\/div>\n","protected":false},"excerpt":{"rendered":"<p>Everton nep\u0159ipustil p\u0159ekvapen\u00ed a v siln\u00e9 sestav\u011b bez v\u011bt\u0161\u00edch probl\u00e9m\u016f postoupil do \u010dtvrt\u00e9ho kola FA Cupu, v n\u011bm\u017e se st\u0159etne&hellip;<\/p>\n","protected":false},"author":6,"featured_media":1315,"comment_status":"open","ping_status":"closed","sticky":false,"template":"","format":"standard","meta":{"_eb_attr":"","_monsterinsights_skip_tracking":false,"_monsterinsights_sitenote_active":false,"_monsterinsights_sitenote_note":"","_monsterinsights_sitenote_category":0,"footnotes":""},"categories":[4],"tags":[],"yoast_head":"<!-- This site is optimized with the Yoast SEO plugin v23.4 - https:\/\/yoast.com\/wordpress\/plugins\/seo\/ -->\n<title>FA Cup: Cheltenham Town - Everton 1:5 - Official Czech &amp; Slovak Everton Supporters&#039; Club<\/title>\n<meta name=\"robots\" content=\"index, follow, max-snippet:-1, max-image-preview:large, max-video-preview:-1\" \/>\n<link rel=\"canonical\" href=\"https:\/\/evertonfc.cz\/index.php\/2013\/01\/08\/fa-cup-cheltenham-town-everton-15\/\" \/>\n<meta property=\"og:locale\" content=\"cs_CZ\" \/>\n<meta property=\"og:type\" content=\"article\" \/>\n<meta property=\"og:title\" content=\"FA Cup: Cheltenham Town - Everton 1:5 - Official Czech &amp; Slovak Everton Supporters&#039; Club\" \/>\n<meta property=\"og:description\" content=\"Everton nep\u0159ipustil p\u0159ekvapen\u00ed a v siln\u00e9 sestav\u011b bez v\u011bt\u0161\u00edch probl\u00e9m\u016f postoupil do \u010dtvrt\u00e9ho kola FA Cupu, v n\u011bm\u017e se st\u0159etne&hellip;\" \/>\n<meta property=\"og:url\" content=\"https:\/\/evertonfc.cz\/index.php\/2013\/01\/08\/fa-cup-cheltenham-town-everton-15\/\" \/>\n<meta property=\"og:site_name\" content=\"Official Czech &amp; Slovak Everton Supporters&#039; Club\" \/>\n<meta property=\"article:publisher\" content=\"https:\/\/www.facebook.com\/everton.fans.cz.sk\" \/>\n<meta property=\"article:published_time\" content=\"2013-01-08T12:58:55+00:00\" \/>\n<meta property=\"article:modified_time\" content=\"2019-02-16T17:15:03+00:00\" \/>\n<meta property=\"og:image\" content=\"https:\/\/evertonfc.cz\/wp-content\/uploads\/2019\/01\/report.jpg\" \/>\n\t<meta property=\"og:image:width\" content=\"720\" \/>\n\t<meta property=\"og:image:height\" content=\"405\" \/>\n\t<meta property=\"og:image:type\" content=\"image\/jpeg\" \/>\n<meta name=\"author\" content=\"Ri\u010di\" \/>\n<meta name=\"twitter:card\" content=\"summary_large_image\" \/>\n<meta name=\"twitter:creator\" content=\"@rbrejsa\" \/>\n<meta name=\"twitter:label1\" content=\"Napsal(a)\" \/>\n\t<meta name=\"twitter:data1\" content=\"Ri\u010di\" \/>\n\t<meta name=\"twitter:label2\" content=\"Odhadovan\u00e1 doba \u010dten\u00ed\" \/>\n\t<meta name=\"twitter:data2\" content=\"1 minuta\" \/>\n<script type=\"application\/ld+json\" class=\"yoast-schema-graph\">{\"@context\":\"https:\/\/schema.org\",\"@graph\":[{\"@type\":\"Article\",\"@id\":\"https:\/\/evertonfc.cz\/index.php\/2013\/01\/08\/fa-cup-cheltenham-town-everton-15\/#article\",\"isPartOf\":{\"@id\":\"https:\/\/evertonfc.cz\/index.php\/2013\/01\/08\/fa-cup-cheltenham-town-everton-15\/\"},\"author\":{\"name\":\"Ri\u010di\",\"@id\":\"https:\/\/evertonfc.cz\/#\/schema\/person\/f7a5daedb2ffee98480bc70e191aaef1\"},\"headline\":\"FA Cup: Cheltenham Town &#8211; Everton 1:5\",\"datePublished\":\"2013-01-08T12:58:55+00:00\",\"dateModified\":\"2019-02-16T17:15:03+00:00\",\"mainEntityOfPage\":{\"@id\":\"https:\/\/evertonfc.cz\/index.php\/2013\/01\/08\/fa-cup-cheltenham-town-everton-15\/\"},\"wordCount\":204,\"commentCount\":0,\"publisher\":{\"@id\":\"https:\/\/evertonfc.cz\/#organization\"},\"image\":{\"@id\":\"https:\/\/evertonfc.cz\/index.php\/2013\/01\/08\/fa-cup-cheltenham-town-everton-15\/#primaryimage\"},\"thumbnailUrl\":\"https:\/\/evertonfc.cz\/wp-content\/uploads\/2019\/01\/report.jpg\",\"articleSection\":[\"Z\u00e1pasy\"],\"inLanguage\":\"cs\",\"potentialAction\":[{\"@type\":\"CommentAction\",\"name\":\"Comment\",\"target\":[\"https:\/\/evertonfc.cz\/index.php\/2013\/01\/08\/fa-cup-cheltenham-town-everton-15\/#respond\"]}]},{\"@type\":\"WebPage\",\"@id\":\"https:\/\/evertonfc.cz\/index.php\/2013\/01\/08\/fa-cup-cheltenham-town-everton-15\/\",\"url\":\"https:\/\/evertonfc.cz\/index.php\/2013\/01\/08\/fa-cup-cheltenham-town-everton-15\/\",\"name\":\"FA Cup: Cheltenham Town - Everton 1:5 - Official Czech &amp; Slovak Everton Supporters&#039; Club\",\"isPartOf\":{\"@id\":\"https:\/\/evertonfc.cz\/#website\"},\"primaryImageOfPage\":{\"@id\":\"https:\/\/evertonfc.cz\/index.php\/2013\/01\/08\/fa-cup-cheltenham-town-everton-15\/#primaryimage\"},\"image\":{\"@id\":\"https:\/\/evertonfc.cz\/index.php\/2013\/01\/08\/fa-cup-cheltenham-town-everton-15\/#primaryimage\"},\"thumbnailUrl\":\"https:\/\/evertonfc.cz\/wp-content\/uploads\/2019\/01\/report.jpg\",\"datePublished\":\"2013-01-08T12:58:55+00:00\",\"dateModified\":\"2019-02-16T17:15:03+00:00\",\"breadcrumb\":{\"@id\":\"https:\/\/evertonfc.cz\/index.php\/2013\/01\/08\/fa-cup-cheltenham-town-everton-15\/#breadcrumb\"},\"inLanguage\":\"cs\",\"potentialAction\":[{\"@type\":\"ReadAction\",\"target\":[\"https:\/\/evertonfc.cz\/index.php\/2013\/01\/08\/fa-cup-cheltenham-town-everton-15\/\"]}]},{\"@type\":\"ImageObject\",\"inLanguage\":\"cs\",\"@id\":\"https:\/\/evertonfc.cz\/index.php\/2013\/01\/08\/fa-cup-cheltenham-town-everton-15\/#primaryimage\",\"url\":\"https:\/\/evertonfc.cz\/wp-content\/uploads\/2019\/01\/report.jpg\",\"contentUrl\":\"https:\/\/evertonfc.cz\/wp-content\/uploads\/2019\/01\/report.jpg\",\"width\":720,\"height\":405},{\"@type\":\"BreadcrumbList\",\"@id\":\"https:\/\/evertonfc.cz\/index.php\/2013\/01\/08\/fa-cup-cheltenham-town-everton-15\/#breadcrumb\",\"itemListElement\":[{\"@type\":\"ListItem\",\"position\":1,\"name\":\"Home\",\"item\":\"https:\/\/evertonfc.cz\/\"},{\"@type\":\"ListItem\",\"position\":2,\"name\":\"FA Cup: Cheltenham Town &#8211; Everton 1:5\"}]},{\"@type\":\"WebSite\",\"@id\":\"https:\/\/evertonfc.cz\/#website\",\"url\":\"https:\/\/evertonfc.cz\/\",\"name\":\"Official Czech &amp; Slovak Everton Supporters&#039; Club\",\"description\":\"\",\"publisher\":{\"@id\":\"https:\/\/evertonfc.cz\/#organization\"},\"potentialAction\":[{\"@type\":\"SearchAction\",\"target\":{\"@type\":\"EntryPoint\",\"urlTemplate\":\"https:\/\/evertonfc.cz\/?s={search_term_string}\"},\"query-input\":{\"@type\":\"PropertyValueSpecification\",\"valueRequired\":true,\"valueName\":\"search_term_string\"}}],\"inLanguage\":\"cs\"},{\"@type\":\"Organization\",\"@id\":\"https:\/\/evertonfc.cz\/#organization\",\"name\":\"Official Czech & Slovak Everton Supporters' Club\",\"url\":\"https:\/\/evertonfc.cz\/\",\"logo\":{\"@type\":\"ImageObject\",\"inLanguage\":\"cs\",\"@id\":\"https:\/\/evertonfc.cz\/#\/schema\/logo\/image\/\",\"url\":\"https:\/\/evertonfc.cz\/wp-content\/uploads\/2019\/05\/logo.png\",\"contentUrl\":\"https:\/\/evertonfc.cz\/wp-content\/uploads\/2019\/05\/logo.png\",\"width\":112,\"height\":112,\"caption\":\"Official Czech & Slovak Everton Supporters' Club\"},\"image\":{\"@id\":\"https:\/\/evertonfc.cz\/#\/schema\/logo\/image\/\"},\"sameAs\":[\"https:\/\/www.facebook.com\/everton.fans.cz.sk\"]},{\"@type\":\"Person\",\"@id\":\"https:\/\/evertonfc.cz\/#\/schema\/person\/f7a5daedb2ffee98480bc70e191aaef1\",\"name\":\"Ri\u010di\",\"sameAs\":[\"https:\/\/x.com\/rbrejsa\"],\"url\":\"https:\/\/evertonfc.cz\/index.php\/author\/rici\/\"}]}<\/script>\n<!-- \/ Yoast SEO plugin. -->","yoast_head_json":{"title":"FA Cup: Cheltenham Town - Everton 1:5 - Official Czech &amp; Slovak Everton Supporters&#039; Club","robots":{"index":"index","follow":"follow","max-snippet":"max-snippet:-1","max-image-preview":"max-image-preview:large","max-video-preview":"max-video-preview:-1"},"canonical":"https:\/\/evertonfc.cz\/index.php\/2013\/01\/08\/fa-cup-cheltenham-town-everton-15\/","og_locale":"cs_CZ","og_type":"article","og_title":"FA Cup: Cheltenham Town - Everton 1:5 - Official Czech &amp; Slovak Everton Supporters&#039; Club","og_description":"Everton nep\u0159ipustil p\u0159ekvapen\u00ed a v siln\u00e9 sestav\u011b bez v\u011bt\u0161\u00edch probl\u00e9m\u016f postoupil do \u010dtvrt\u00e9ho kola FA Cupu, v n\u011bm\u017e se st\u0159etne&hellip;","og_url":"https:\/\/evertonfc.cz\/index.php\/2013\/01\/08\/fa-cup-cheltenham-town-everton-15\/","og_site_name":"Official Czech &amp; Slovak Everton Supporters&#039; Club","article_publisher":"https:\/\/www.facebook.com\/everton.fans.cz.sk","article_published_time":"2013-01-08T12:58:55+00:00","article_modified_time":"2019-02-16T17:15:03+00:00","og_image":[{"width":720,"height":405,"url":"https:\/\/evertonfc.cz\/wp-content\/uploads\/2019\/01\/report.jpg","type":"image\/jpeg"}],"author":"Ri\u010di","twitter_card":"summary_large_image","twitter_creator":"@rbrejsa","twitter_misc":{"Napsal(a)":"Ri\u010di","Odhadovan\u00e1 doba \u010dten\u00ed":"1 minuta"},"schema":{"@context":"https:\/\/schema.org","@graph":[{"@type":"Article","@id":"https:\/\/evertonfc.cz\/index.php\/2013\/01\/08\/fa-cup-cheltenham-town-everton-15\/#article","isPartOf":{"@id":"https:\/\/evertonfc.cz\/index.php\/2013\/01\/08\/fa-cup-cheltenham-town-everton-15\/"},"author":{"name":"Ri\u010di","@id":"https:\/\/evertonfc.cz\/#\/schema\/person\/f7a5daedb2ffee98480bc70e191aaef1"},"headline":"FA Cup: Cheltenham Town &#8211; Everton 1:5","datePublished":"2013-01-08T12:58:55+00:00","dateModified":"2019-02-16T17:15:03+00:00","mainEntityOfPage":{"@id":"https:\/\/evertonfc.cz\/index.php\/2013\/01\/08\/fa-cup-cheltenham-town-everton-15\/"},"wordCount":204,"commentCount":0,"publisher":{"@id":"https:\/\/evertonfc.cz\/#organization"},"image":{"@id":"https:\/\/evertonfc.cz\/index.php\/2013\/01\/08\/fa-cup-cheltenham-town-everton-15\/#primaryimage"},"thumbnailUrl":"https:\/\/evertonfc.cz\/wp-content\/uploads\/2019\/01\/report.jpg","articleSection":["Z\u00e1pasy"],"inLanguage":"cs","potentialAction":[{"@type":"CommentAction","name":"Comment","target":["https:\/\/evertonfc.cz\/index.php\/2013\/01\/08\/fa-cup-cheltenham-town-everton-15\/#respond"]}]},{"@type":"WebPage","@id":"https:\/\/evertonfc.cz\/index.php\/2013\/01\/08\/fa-cup-cheltenham-town-everton-15\/","url":"https:\/\/evertonfc.cz\/index.php\/2013\/01\/08\/fa-cup-cheltenham-town-everton-15\/","name":"FA Cup: Cheltenham Town - Everton 1:5 - Official Czech &amp; Slovak Everton Supporters&#039; Club","isPartOf":{"@id":"https:\/\/evertonfc.cz\/#website"},"primaryImageOfPage":{"@id":"https:\/\/evertonfc.cz\/index.php\/2013\/01\/08\/fa-cup-cheltenham-town-everton-15\/#primaryimage"},"image":{"@id":"https:\/\/evertonfc.cz\/index.php\/2013\/01\/08\/fa-cup-cheltenham-town-everton-15\/#primaryimage"},"thumbnailUrl":"https:\/\/evertonfc.cz\/wp-content\/uploads\/2019\/01\/report.jpg","datePublished":"2013-01-08T12:58:55+00:00","dateModified":"2019-02-16T17:15:03+00:00","breadcrumb":{"@id":"https:\/\/evertonfc.cz\/index.php\/2013\/01\/08\/fa-cup-cheltenham-town-everton-15\/#breadcrumb"},"inLanguage":"cs","potentialAction":[{"@type":"ReadAction","target":["https:\/\/evertonfc.cz\/index.php\/2013\/01\/08\/fa-cup-cheltenham-town-everton-15\/"]}]},{"@type":"ImageObject","inLanguage":"cs","@id":"https:\/\/evertonfc.cz\/index.php\/2013\/01\/08\/fa-cup-cheltenham-town-everton-15\/#primaryimage","url":"https:\/\/evertonfc.cz\/wp-content\/uploads\/2019\/01\/report.jpg","contentUrl":"https:\/\/evertonfc.cz\/wp-content\/uploads\/2019\/01\/report.jpg","width":720,"height":405},{"@type":"BreadcrumbList","@id":"https:\/\/evertonfc.cz\/index.php\/2013\/01\/08\/fa-cup-cheltenham-town-everton-15\/#breadcrumb","itemListElement":[{"@type":"ListItem","position":1,"name":"Home","item":"https:\/\/evertonfc.cz\/"},{"@type":"ListItem","position":2,"name":"FA Cup: Cheltenham Town &#8211; Everton 1:5"}]},{"@type":"WebSite","@id":"https:\/\/evertonfc.cz\/#website","url":"https:\/\/evertonfc.cz\/","name":"Official Czech &amp; Slovak Everton Supporters&#039; Club","description":"","publisher":{"@id":"https:\/\/evertonfc.cz\/#organization"},"potentialAction":[{"@type":"SearchAction","target":{"@type":"EntryPoint","urlTemplate":"https:\/\/evertonfc.cz\/?s={search_term_string}"},"query-input":{"@type":"PropertyValueSpecification","valueRequired":true,"valueName":"search_term_string"}}],"inLanguage":"cs"},{"@type":"Organization","@id":"https:\/\/evertonfc.cz\/#organization","name":"Official Czech & Slovak Everton Supporters' Club","url":"https:\/\/evertonfc.cz\/","logo":{"@type":"ImageObject","inLanguage":"cs","@id":"https:\/\/evertonfc.cz\/#\/schema\/logo\/image\/","url":"https:\/\/evertonfc.cz\/wp-content\/uploads\/2019\/05\/logo.png","contentUrl":"https:\/\/evertonfc.cz\/wp-content\/uploads\/2019\/05\/logo.png","width":112,"height":112,"caption":"Official Czech & Slovak Everton Supporters' Club"},"image":{"@id":"https:\/\/evertonfc.cz\/#\/schema\/logo\/image\/"},"sameAs":["https:\/\/www.facebook.com\/everton.fans.cz.sk"]},{"@type":"Person","@id":"https:\/\/evertonfc.cz\/#\/schema\/person\/f7a5daedb2ffee98480bc70e191aaef1","name":"Ri\u010di","sameAs":["https:\/\/x.com\/rbrejsa"],"url":"https:\/\/evertonfc.cz\/index.php\/author\/rici\/"}]}},"_links":{"self":[{"href":"https:\/\/evertonfc.cz\/index.php\/wp-json\/wp\/v2\/posts\/5892"}],"collection":[{"href":"https:\/\/evertonfc.cz\/index.php\/wp-json\/wp\/v2\/posts"}],"about":[{"href":"https:\/\/evertonfc.cz\/index.php\/wp-json\/wp\/v2\/types\/post"}],"author":[{"embeddable":true,"href":"https:\/\/evertonfc.cz\/index.php\/wp-json\/wp\/v2\/users\/6"}],"replies":[{"embeddable":true,"href":"https:\/\/evertonfc.cz\/index.php\/wp-json\/wp\/v2\/comments?post=5892"}],"version-history":[{"count":2,"href":"https:\/\/evertonfc.cz\/index.php\/wp-json\/wp\/v2\/posts\/5892\/revisions"}],"predecessor-version":[{"id":5952,"href":"https:\/\/evertonfc.cz\/index.php\/wp-json\/wp\/v2\/posts\/5892\/revisions\/5952"}],"wp:featuredmedia":[{"embeddable":true,"href":"https:\/\/evertonfc.cz\/index.php\/wp-json\/wp\/v2\/media\/1315"}],"wp:attachment":[{"href":"https:\/\/evertonfc.cz\/index.php\/wp-json\/wp\/v2\/media?parent=5892"}],"wp:term":[{"taxonomy":"category","embeddable":true,"href":"https:\/\/evertonfc.cz\/index.php\/wp-json\/wp\/v2\/categories?post=5892"},{"taxonomy":"post_tag","embeddable":true,"href":"https:\/\/evertonfc.cz\/index.php\/wp-json\/wp\/v2\/tags?post=5892"}],"curies":[{"name":"wp","href":"https:\/\/api.w.org\/{rel}","templated":true}]}}