{"id":5894,"date":"2013-01-06T14:00:07","date_gmt":"2013-01-06T13:00:07","guid":{"rendered":"http:\/\/evertonfc.cz\/?p=5894"},"modified":"2019-02-16T18:14:31","modified_gmt":"2019-02-16T17:14:31","slug":"fa-cup-preview-cheltenham-town-everton","status":"publish","type":"post","link":"https:\/\/evertonfc.cz\/index.php\/2013\/01\/06\/fa-cup-preview-cheltenham-town-everton\/","title":{"rendered":"FA Cup Preview: Cheltenham Town &#8211; Everton"},"content":{"rendered":"<h4 id=\"NewsPostDetailSummary\">Rok se s rokem se\u0161el a Everton vstupuje do dal\u0161\u00edho ro\u010dn\u00edku magick\u00e9ho FA Cupu. Ve t\u0159et\u00edm kole bude usilovat o postup na h\u0159i\u0161ti Cheltenhamu.<\/h4>\n<div id=\"NewsPostDetailContent\">\n<p>Mo\u017en\u00e1 posledn\u00ed zb\u00fdvaj\u00edc\u00ed fotbalov\u00e1 sout\u011b\u017e, kter\u00e1 si i p\u0159es ve\u0161ker\u00e9 n\u00e1strahy modern\u00ed doby dok\u00e1zala udr\u017eet v\u0161echny svoje charakteristick\u00e9 rysy od tradic t\u0159eba a\u017e k zn\u00e1m\u00e9 nevyzpytatelnosti, je tu. Samotn\u00fd FA Cup za\u010dal pro ty nejmen\u0161\u00ed trpasl\u00edky na fotbalov\u00e9 map\u011b Anglie ji\u017e v letn\u00edch m\u011bs\u00edc\u00edch, mraziv\u00fd leden je pak m\u011bs\u00edcem M, kdy do boj\u016f o presti\u017en\u00ed trofej vstupuj\u00ed jm\u00e9na vzbuzuj\u00edc\u00ed respekt.<\/p>\n<p>Everton je v posledn\u00edch sezon\u00e1ch t\u00fdmem, se kter\u00fdm je v FA Cupu radno po\u010d\u00edtat. Mo\u017en\u00e1 je to t\u00e9m\u011b\u0159 \u010dty\u0159i roky star\u00e1 prohra ve fin\u00e1le, kter\u00e1 Toffees st\u00e1le motivuje hn\u00e1t se co nejd\u00e1le. Nejbl\u00ed\u017ee se sl\u00e1v\u011b Everton ocitnul loni, jen\u017ee pou\u0165 nejstar\u0161\u00ed fotbalovou sout\u011b\u017e\u00ed na sv\u011bt\u011b skon\u010dila v t\u00e9 nejhor\u0161\u00ed mo\u017en\u00e9 chv\u00edli, na nejhor\u0161\u00edm mo\u017en\u00e9m m\u00edst\u011b a proti nejhor\u0161\u00edmu mo\u017en\u00e9mu t\u00fdmu &#8211; v semifin\u00e1le, ve Wembley a s Liverpoolem.<\/p>\n<p>\u010ctvrtoligov\u00fd Cheltenham do Anglick\u00e9ho poh\u00e1ru vkro\u010dil ji\u017e za\u010d\u00e1tkem listopadu, a to v\u00fdhrou nad Yate. Ve druh\u00e9m kole pak v odvet\u011b Robins porazili Hereford a po roce se mohli za\u010d\u00edt t\u011b\u0161it na dal\u0161\u00ed duel proti celku z Premier League. V minul\u00e9 sezon\u011b se celek z jihoz\u00e1p\u00e1padn\u00ed Anglie ve t\u0159et\u00edm kole pod\u00edval na White Hart Lane, kde prohr\u00e1l 3-0.<\/p>\n<p>Jak Everton, tak Cheltenham \u00a0do z\u00e1pasu p\u016fjdou s dobrou ligovou formou. Zat\u00edmco Blues si v tabulce dr\u017e\u00ed p\u00e1tou pozici, Robins v League Two okupuj\u00ed p\u0159\u00ed\u010dkou \u010dtvrtou a pom\u00fd\u0161lej\u00ed na dal\u0161\u00ed \u00fa\u010dast v play-off. Loni se Cheltenham dokonce pod\u00edval a\u017e do Wembley, kde v souboji o postup do League One podlehl Crewe Alexandra.<\/p>\n<p><em>\u201ePro m\u011bsto to bude velk\u00fd z\u00e1pas,&#8220;<\/em> t\u011b\u0161\u00ed se na pond\u011bln\u00ed ve\u010der mana\u017eer Robins, Mark Yates. <em>&#8222;Z\u00e1pas proti Tottenhamu loni byl skv\u011bl\u00fd z pohledu, \u017ee jsme si zahr\u00e1li na fantastick\u00e9m stadionu a d\u00edky t\u00e9 zku\u0161enosti, ale tentokr\u00e1t hrajeme doma se sedmi tis\u00edci div\u00e1ky v z\u00e1dech. Atmosf\u00e9ra bude v\u00fdborn\u00e1, proto\u017ee hr\u00e1\u010de z Premier League na Whaddon Road nevid\u00edme ka\u017ed\u00fd den.&#8220;<\/em><\/p>\n<p><em>Everton je jin\u00fd t\u00fdm ne\u017e Tottenham, ale v ka\u017ed\u00e9m p\u0159\u00edpad\u011b maj\u00ed kvalitu a sv\u016fj zp\u016fsob hry. Ob\u010das kdy\u017e hrajete proti provoligov\u00e9mu t\u00fdmu, tak v\u00e1m m\u016f\u017ee vyhovovat, kdy\u017e hraje na dlouh\u00e9 m\u00ed\u010de, ale s hr\u00e1\u010di jako Anichebe, Jelavi\u0107 a Fellaini v\u00e1m to m\u016f\u017ee u\u0161kodit. Budeme muset hr\u00e1t co nejl\u00e9pe.\u201c<\/em><\/p>\n<p>Jako u\u017eite\u010dn\u00fd zdroj inforamc\u00ed Davidu Moyesovi ur\u010dit\u011b poslou\u017eil Luke Garbutt. Devaten\u00e1ctilet\u00fd lev\u00fd bek toti\u017e str\u00e1vil na hostov\u00e1n\u00ed v Cheltenhamu v\u011bt\u0161inu lo\u0148sk\u00e9 sezony. <em>\u201eCheltenham bude hodn\u011b motivovan\u00fd. Jak jejich hr\u00e1\u010de zn\u00e1m, budou se cht\u00edt p\u0159edv\u00e9st, obzvl\u00e1\u0161\u0165, kdy\u017e z\u00e1pas pob\u011b\u017e\u00ed v televizi a nastoup\u00ed proti hr\u00e1\u010d\u016fm z Premier League. Kdy\u017e jsme loni hr\u00e1li proti Tottenhamu, tak se n\u00e1m da\u0159ilo v lize a do z\u00e1pasu jsme \u0161li s velk\u00fdm sebev\u011bdom\u00edm. Nem\u011bli jsme co ztratit a tak jsme tak\u00e9 hr\u00e1li, a v pond\u011bl\u00ed to bude stejn\u00e9.\u201c<\/em><\/p>\n<h4><strong>Z\u00e1pasov\u00e1 fakta<\/strong><\/h4>\n<ul>\n<li>P\u016fjde o prvn\u00ed vz\u00e1jemn\u00fd sout\u011b\u017en\u00ed z\u00e1pas. Oba kluby se spolu v historii utkaly jedinkr\u00e1t, a to pouze v r\u00e1mci exhibi\u010dn\u00edho utk\u00e1n\u00ed pro Nicka Jordana a Raye Baverstocka v dubnu 1990. Cheltenham tehdy na Whaddon Road vyhr\u00e1l 1-0.<\/li>\n<li>Je tomu ji\u017e sedm let, co Everton naposledy ve t\u0159et\u00edm kole remizoval. V sezon\u011b 2005\/06 se Toffees roze\u0161li sm\u00edrn\u011b s Millwallem.<\/li>\n<li>Krom\u011b jedin\u00e9ho z\u00e1pasu se Everton letos v lize poka\u017ed\u00e9 trefil a podobn\u011b je na tom tak\u00e9 v poh\u00e1ru. V posledn\u00edch t\u0159in\u00e1cti utk\u00e1n\u00edch FA Cupu g\u00f3l nevst\u0159elil jen jednou, a to b\u011bhem ostudn\u00e9 dom\u00e1c\u00ed prohry s Oldhamem z roku 2008.<\/li>\n<li>Posledn\u00edm hr\u00e1\u010dem Evertonu, kter\u00fd ve t\u0159et\u00edm kole vst\u0159elil hattrick, byl v roce 1988 Graeme Sharp, kter\u00fd tak bohat\u011b p\u0159isp\u011bl k v\u00fdh\u0159e 5-0 nad Sheffield Wednesday.<\/li>\n<\/ul>\n<h4><strong>Absence<\/strong><\/h4>\n<p>David Moyes podle sv\u00fdch slov do z\u00e1pasu po\u0161le co nejsiln\u011bj\u0161\u00ed t\u00fdm, po n\u00e1ro\u010dn\u00e9 s\u00e9rii \u010dty\u0159i z\u00e1pas\u016f ve dvan\u00e1cti dnech se ale zm\u011bn v z\u00e1kladn\u00ed sestav\u011b ur\u010dit\u011b do\u010dk\u00e1me. Mana\u017eer bude m\u00edt z \u010deho vyb\u00edrat, jedin\u00fdmi hr\u00e1\u010di, kte\u0159\u00ed budou stoprocentn\u011b chyb\u011bt jsou Darron Gibson a Tony Hibbert, kte\u0159\u00ed se zotavuj\u00ed ze zran\u011bn\u00ed stehenn\u00edho respektive l\u00fdtkov\u00e9ho svalu.<\/p>\n<ul>\n<li><strong>Kdy:<\/strong> 7.1. 20:45 SE\u010c<\/li>\n<li><strong>Kde: <\/strong>Whaddon Road<\/li>\n<li><strong>Rozhod\u010d\u00ed:<\/strong> Kevin Friend<em><br \/>\n<\/em><\/li>\n<\/ul>\n<\/div>\n","protected":false},"excerpt":{"rendered":"<p>Rok se s rokem se\u0161el a Everton vstupuje do dal\u0161\u00edho ro\u010dn\u00edku magick\u00e9ho FA Cupu. Ve t\u0159et\u00edm kole bude usilovat o&hellip;<\/p>\n","protected":false},"author":7,"featured_media":1314,"comment_status":"open","ping_status":"closed","sticky":false,"template":"","format":"standard","meta":{"_eb_attr":"","_monsterinsights_skip_tracking":false,"_monsterinsights_sitenote_active":false,"_monsterinsights_sitenote_note":"","_monsterinsights_sitenote_category":0,"footnotes":""},"categories":[4],"tags":[],"yoast_head":"<!-- This site is optimized with the Yoast SEO plugin v23.4 - https:\/\/yoast.com\/wordpress\/plugins\/seo\/ -->\n<title>FA Cup Preview: Cheltenham Town - Everton - Official Czech &amp; Slovak Everton Supporters&#039; Club<\/title>\n<meta name=\"robots\" content=\"index, follow, max-snippet:-1, max-image-preview:large, max-video-preview:-1\" \/>\n<link rel=\"canonical\" href=\"https:\/\/evertonfc.cz\/index.php\/2013\/01\/06\/fa-cup-preview-cheltenham-town-everton\/\" \/>\n<meta property=\"og:locale\" content=\"cs_CZ\" \/>\n<meta property=\"og:type\" content=\"article\" \/>\n<meta property=\"og:title\" content=\"FA Cup Preview: Cheltenham Town - Everton - Official Czech &amp; Slovak Everton Supporters&#039; Club\" \/>\n<meta property=\"og:description\" content=\"Rok se s rokem se\u0161el a Everton vstupuje do dal\u0161\u00edho ro\u010dn\u00edku magick\u00e9ho FA Cupu. Ve t\u0159et\u00edm kole bude usilovat o&hellip;\" \/>\n<meta property=\"og:url\" content=\"https:\/\/evertonfc.cz\/index.php\/2013\/01\/06\/fa-cup-preview-cheltenham-town-everton\/\" \/>\n<meta property=\"og:site_name\" content=\"Official Czech &amp; Slovak Everton Supporters&#039; Club\" \/>\n<meta property=\"article:publisher\" content=\"https:\/\/www.facebook.com\/everton.fans.cz.sk\" \/>\n<meta property=\"article:published_time\" content=\"2013-01-06T13:00:07+00:00\" \/>\n<meta property=\"article:modified_time\" content=\"2019-02-16T17:14:31+00:00\" \/>\n<meta property=\"og:image\" content=\"https:\/\/evertonfc.cz\/wp-content\/uploads\/2019\/01\/preview.jpg\" \/>\n\t<meta property=\"og:image:width\" content=\"720\" \/>\n\t<meta property=\"og:image:height\" content=\"405\" \/>\n\t<meta property=\"og:image:type\" content=\"image\/jpeg\" \/>\n<meta name=\"author\" content=\"Me\u0148a\" \/>\n<meta name=\"twitter:card\" content=\"summary_large_image\" \/>\n<meta name=\"twitter:label1\" content=\"Napsal(a)\" \/>\n\t<meta name=\"twitter:data1\" content=\"Me\u0148a\" \/>\n\t<meta name=\"twitter:label2\" content=\"Odhadovan\u00e1 doba \u010dten\u00ed\" \/>\n\t<meta name=\"twitter:data2\" content=\"4 minuty\" \/>\n<script type=\"application\/ld+json\" class=\"yoast-schema-graph\">{\"@context\":\"https:\/\/schema.org\",\"@graph\":[{\"@type\":\"Article\",\"@id\":\"https:\/\/evertonfc.cz\/index.php\/2013\/01\/06\/fa-cup-preview-cheltenham-town-everton\/#article\",\"isPartOf\":{\"@id\":\"https:\/\/evertonfc.cz\/index.php\/2013\/01\/06\/fa-cup-preview-cheltenham-town-everton\/\"},\"author\":{\"name\":\"Me\u0148a\",\"@id\":\"https:\/\/evertonfc.cz\/#\/schema\/person\/cd6328a75577de2add7793fd4b0930c3\"},\"headline\":\"FA Cup Preview: Cheltenham Town &#8211; Everton\",\"datePublished\":\"2013-01-06T13:00:07+00:00\",\"dateModified\":\"2019-02-16T17:14:31+00:00\",\"mainEntityOfPage\":{\"@id\":\"https:\/\/evertonfc.cz\/index.php\/2013\/01\/06\/fa-cup-preview-cheltenham-town-everton\/\"},\"wordCount\":848,\"commentCount\":0,\"publisher\":{\"@id\":\"https:\/\/evertonfc.cz\/#organization\"},\"image\":{\"@id\":\"https:\/\/evertonfc.cz\/index.php\/2013\/01\/06\/fa-cup-preview-cheltenham-town-everton\/#primaryimage\"},\"thumbnailUrl\":\"https:\/\/evertonfc.cz\/wp-content\/uploads\/2019\/01\/preview.jpg\",\"articleSection\":[\"Z\u00e1pasy\"],\"inLanguage\":\"cs\",\"potentialAction\":[{\"@type\":\"CommentAction\",\"name\":\"Comment\",\"target\":[\"https:\/\/evertonfc.cz\/index.php\/2013\/01\/06\/fa-cup-preview-cheltenham-town-everton\/#respond\"]}]},{\"@type\":\"WebPage\",\"@id\":\"https:\/\/evertonfc.cz\/index.php\/2013\/01\/06\/fa-cup-preview-cheltenham-town-everton\/\",\"url\":\"https:\/\/evertonfc.cz\/index.php\/2013\/01\/06\/fa-cup-preview-cheltenham-town-everton\/\",\"name\":\"FA Cup Preview: Cheltenham Town - Everton - Official Czech &amp; Slovak Everton Supporters&#039; Club\",\"isPartOf\":{\"@id\":\"https:\/\/evertonfc.cz\/#website\"},\"primaryImageOfPage\":{\"@id\":\"https:\/\/evertonfc.cz\/index.php\/2013\/01\/06\/fa-cup-preview-cheltenham-town-everton\/#primaryimage\"},\"image\":{\"@id\":\"https:\/\/evertonfc.cz\/index.php\/2013\/01\/06\/fa-cup-preview-cheltenham-town-everton\/#primaryimage\"},\"thumbnailUrl\":\"https:\/\/evertonfc.cz\/wp-content\/uploads\/2019\/01\/preview.jpg\",\"datePublished\":\"2013-01-06T13:00:07+00:00\",\"dateModified\":\"2019-02-16T17:14:31+00:00\",\"breadcrumb\":{\"@id\":\"https:\/\/evertonfc.cz\/index.php\/2013\/01\/06\/fa-cup-preview-cheltenham-town-everton\/#breadcrumb\"},\"inLanguage\":\"cs\",\"potentialAction\":[{\"@type\":\"ReadAction\",\"target\":[\"https:\/\/evertonfc.cz\/index.php\/2013\/01\/06\/fa-cup-preview-cheltenham-town-everton\/\"]}]},{\"@type\":\"ImageObject\",\"inLanguage\":\"cs\",\"@id\":\"https:\/\/evertonfc.cz\/index.php\/2013\/01\/06\/fa-cup-preview-cheltenham-town-everton\/#primaryimage\",\"url\":\"https:\/\/evertonfc.cz\/wp-content\/uploads\/2019\/01\/preview.jpg\",\"contentUrl\":\"https:\/\/evertonfc.cz\/wp-content\/uploads\/2019\/01\/preview.jpg\",\"width\":720,\"height\":405},{\"@type\":\"BreadcrumbList\",\"@id\":\"https:\/\/evertonfc.cz\/index.php\/2013\/01\/06\/fa-cup-preview-cheltenham-town-everton\/#breadcrumb\",\"itemListElement\":[{\"@type\":\"ListItem\",\"position\":1,\"name\":\"Home\",\"item\":\"https:\/\/evertonfc.cz\/\"},{\"@type\":\"ListItem\",\"position\":2,\"name\":\"FA Cup Preview: Cheltenham Town &#8211; Everton\"}]},{\"@type\":\"WebSite\",\"@id\":\"https:\/\/evertonfc.cz\/#website\",\"url\":\"https:\/\/evertonfc.cz\/\",\"name\":\"Official Czech &amp; Slovak Everton Supporters&#039; Club\",\"description\":\"\",\"publisher\":{\"@id\":\"https:\/\/evertonfc.cz\/#organization\"},\"potentialAction\":[{\"@type\":\"SearchAction\",\"target\":{\"@type\":\"EntryPoint\",\"urlTemplate\":\"https:\/\/evertonfc.cz\/?s={search_term_string}\"},\"query-input\":{\"@type\":\"PropertyValueSpecification\",\"valueRequired\":true,\"valueName\":\"search_term_string\"}}],\"inLanguage\":\"cs\"},{\"@type\":\"Organization\",\"@id\":\"https:\/\/evertonfc.cz\/#organization\",\"name\":\"Official Czech & Slovak Everton Supporters' Club\",\"url\":\"https:\/\/evertonfc.cz\/\",\"logo\":{\"@type\":\"ImageObject\",\"inLanguage\":\"cs\",\"@id\":\"https:\/\/evertonfc.cz\/#\/schema\/logo\/image\/\",\"url\":\"https:\/\/evertonfc.cz\/wp-content\/uploads\/2019\/05\/logo.png\",\"contentUrl\":\"https:\/\/evertonfc.cz\/wp-content\/uploads\/2019\/05\/logo.png\",\"width\":112,\"height\":112,\"caption\":\"Official Czech & Slovak Everton Supporters' Club\"},\"image\":{\"@id\":\"https:\/\/evertonfc.cz\/#\/schema\/logo\/image\/\"},\"sameAs\":[\"https:\/\/www.facebook.com\/everton.fans.cz.sk\"]},{\"@type\":\"Person\",\"@id\":\"https:\/\/evertonfc.cz\/#\/schema\/person\/cd6328a75577de2add7793fd4b0930c3\",\"name\":\"Me\u0148a\",\"url\":\"https:\/\/evertonfc.cz\/index.php\/author\/mena\/\"}]}<\/script>\n<!-- \/ Yoast SEO plugin. -->","yoast_head_json":{"title":"FA Cup Preview: Cheltenham Town - Everton - Official Czech &amp; Slovak Everton Supporters&#039; Club","robots":{"index":"index","follow":"follow","max-snippet":"max-snippet:-1","max-image-preview":"max-image-preview:large","max-video-preview":"max-video-preview:-1"},"canonical":"https:\/\/evertonfc.cz\/index.php\/2013\/01\/06\/fa-cup-preview-cheltenham-town-everton\/","og_locale":"cs_CZ","og_type":"article","og_title":"FA Cup Preview: Cheltenham Town - Everton - Official Czech &amp; Slovak Everton Supporters&#039; Club","og_description":"Rok se s rokem se\u0161el a Everton vstupuje do dal\u0161\u00edho ro\u010dn\u00edku magick\u00e9ho FA Cupu. Ve t\u0159et\u00edm kole bude usilovat o&hellip;","og_url":"https:\/\/evertonfc.cz\/index.php\/2013\/01\/06\/fa-cup-preview-cheltenham-town-everton\/","og_site_name":"Official Czech &amp; Slovak Everton Supporters&#039; Club","article_publisher":"https:\/\/www.facebook.com\/everton.fans.cz.sk","article_published_time":"2013-01-06T13:00:07+00:00","article_modified_time":"2019-02-16T17:14:31+00:00","og_image":[{"width":720,"height":405,"url":"https:\/\/evertonfc.cz\/wp-content\/uploads\/2019\/01\/preview.jpg","type":"image\/jpeg"}],"author":"Me\u0148a","twitter_card":"summary_large_image","twitter_misc":{"Napsal(a)":"Me\u0148a","Odhadovan\u00e1 doba \u010dten\u00ed":"4 minuty"},"schema":{"@context":"https:\/\/schema.org","@graph":[{"@type":"Article","@id":"https:\/\/evertonfc.cz\/index.php\/2013\/01\/06\/fa-cup-preview-cheltenham-town-everton\/#article","isPartOf":{"@id":"https:\/\/evertonfc.cz\/index.php\/2013\/01\/06\/fa-cup-preview-cheltenham-town-everton\/"},"author":{"name":"Me\u0148a","@id":"https:\/\/evertonfc.cz\/#\/schema\/person\/cd6328a75577de2add7793fd4b0930c3"},"headline":"FA Cup Preview: Cheltenham Town &#8211; Everton","datePublished":"2013-01-06T13:00:07+00:00","dateModified":"2019-02-16T17:14:31+00:00","mainEntityOfPage":{"@id":"https:\/\/evertonfc.cz\/index.php\/2013\/01\/06\/fa-cup-preview-cheltenham-town-everton\/"},"wordCount":848,"commentCount":0,"publisher":{"@id":"https:\/\/evertonfc.cz\/#organization"},"image":{"@id":"https:\/\/evertonfc.cz\/index.php\/2013\/01\/06\/fa-cup-preview-cheltenham-town-everton\/#primaryimage"},"thumbnailUrl":"https:\/\/evertonfc.cz\/wp-content\/uploads\/2019\/01\/preview.jpg","articleSection":["Z\u00e1pasy"],"inLanguage":"cs","potentialAction":[{"@type":"CommentAction","name":"Comment","target":["https:\/\/evertonfc.cz\/index.php\/2013\/01\/06\/fa-cup-preview-cheltenham-town-everton\/#respond"]}]},{"@type":"WebPage","@id":"https:\/\/evertonfc.cz\/index.php\/2013\/01\/06\/fa-cup-preview-cheltenham-town-everton\/","url":"https:\/\/evertonfc.cz\/index.php\/2013\/01\/06\/fa-cup-preview-cheltenham-town-everton\/","name":"FA Cup Preview: Cheltenham Town - Everton - Official Czech &amp; Slovak Everton Supporters&#039; Club","isPartOf":{"@id":"https:\/\/evertonfc.cz\/#website"},"primaryImageOfPage":{"@id":"https:\/\/evertonfc.cz\/index.php\/2013\/01\/06\/fa-cup-preview-cheltenham-town-everton\/#primaryimage"},"image":{"@id":"https:\/\/evertonfc.cz\/index.php\/2013\/01\/06\/fa-cup-preview-cheltenham-town-everton\/#primaryimage"},"thumbnailUrl":"https:\/\/evertonfc.cz\/wp-content\/uploads\/2019\/01\/preview.jpg","datePublished":"2013-01-06T13:00:07+00:00","dateModified":"2019-02-16T17:14:31+00:00","breadcrumb":{"@id":"https:\/\/evertonfc.cz\/index.php\/2013\/01\/06\/fa-cup-preview-cheltenham-town-everton\/#breadcrumb"},"inLanguage":"cs","potentialAction":[{"@type":"ReadAction","target":["https:\/\/evertonfc.cz\/index.php\/2013\/01\/06\/fa-cup-preview-cheltenham-town-everton\/"]}]},{"@type":"ImageObject","inLanguage":"cs","@id":"https:\/\/evertonfc.cz\/index.php\/2013\/01\/06\/fa-cup-preview-cheltenham-town-everton\/#primaryimage","url":"https:\/\/evertonfc.cz\/wp-content\/uploads\/2019\/01\/preview.jpg","contentUrl":"https:\/\/evertonfc.cz\/wp-content\/uploads\/2019\/01\/preview.jpg","width":720,"height":405},{"@type":"BreadcrumbList","@id":"https:\/\/evertonfc.cz\/index.php\/2013\/01\/06\/fa-cup-preview-cheltenham-town-everton\/#breadcrumb","itemListElement":[{"@type":"ListItem","position":1,"name":"Home","item":"https:\/\/evertonfc.cz\/"},{"@type":"ListItem","position":2,"name":"FA Cup Preview: Cheltenham Town &#8211; Everton"}]},{"@type":"WebSite","@id":"https:\/\/evertonfc.cz\/#website","url":"https:\/\/evertonfc.cz\/","name":"Official Czech &amp; Slovak Everton Supporters&#039; Club","description":"","publisher":{"@id":"https:\/\/evertonfc.cz\/#organization"},"potentialAction":[{"@type":"SearchAction","target":{"@type":"EntryPoint","urlTemplate":"https:\/\/evertonfc.cz\/?s={search_term_string}"},"query-input":{"@type":"PropertyValueSpecification","valueRequired":true,"valueName":"search_term_string"}}],"inLanguage":"cs"},{"@type":"Organization","@id":"https:\/\/evertonfc.cz\/#organization","name":"Official Czech & Slovak Everton Supporters' Club","url":"https:\/\/evertonfc.cz\/","logo":{"@type":"ImageObject","inLanguage":"cs","@id":"https:\/\/evertonfc.cz\/#\/schema\/logo\/image\/","url":"https:\/\/evertonfc.cz\/wp-content\/uploads\/2019\/05\/logo.png","contentUrl":"https:\/\/evertonfc.cz\/wp-content\/uploads\/2019\/05\/logo.png","width":112,"height":112,"caption":"Official Czech & Slovak Everton Supporters' Club"},"image":{"@id":"https:\/\/evertonfc.cz\/#\/schema\/logo\/image\/"},"sameAs":["https:\/\/www.facebook.com\/everton.fans.cz.sk"]},{"@type":"Person","@id":"https:\/\/evertonfc.cz\/#\/schema\/person\/cd6328a75577de2add7793fd4b0930c3","name":"Me\u0148a","url":"https:\/\/evertonfc.cz\/index.php\/author\/mena\/"}]}},"_links":{"self":[{"href":"https:\/\/evertonfc.cz\/index.php\/wp-json\/wp\/v2\/posts\/5894"}],"collection":[{"href":"https:\/\/evertonfc.cz\/index.php\/wp-json\/wp\/v2\/posts"}],"about":[{"href":"https:\/\/evertonfc.cz\/index.php\/wp-json\/wp\/v2\/types\/post"}],"author":[{"embeddable":true,"href":"https:\/\/evertonfc.cz\/index.php\/wp-json\/wp\/v2\/users\/7"}],"replies":[{"embeddable":true,"href":"https:\/\/evertonfc.cz\/index.php\/wp-json\/wp\/v2\/comments?post=5894"}],"version-history":[{"count":4,"href":"https:\/\/evertonfc.cz\/index.php\/wp-json\/wp\/v2\/posts\/5894\/revisions"}],"predecessor-version":[{"id":5951,"href":"https:\/\/evertonfc.cz\/index.php\/wp-json\/wp\/v2\/posts\/5894\/revisions\/5951"}],"wp:featuredmedia":[{"embeddable":true,"href":"https:\/\/evertonfc.cz\/index.php\/wp-json\/wp\/v2\/media\/1314"}],"wp:attachment":[{"href":"https:\/\/evertonfc.cz\/index.php\/wp-json\/wp\/v2\/media?parent=5894"}],"wp:term":[{"taxonomy":"category","embeddable":true,"href":"https:\/\/evertonfc.cz\/index.php\/wp-json\/wp\/v2\/categories?post=5894"},{"taxonomy":"post_tag","embeddable":true,"href":"https:\/\/evertonfc.cz\/index.php\/wp-json\/wp\/v2\/tags?post=5894"}],"curies":[{"name":"wp","href":"https:\/\/api.w.org\/{rel}","templated":true}]}}