{"id":5901,"date":"2012-12-30T14:09:31","date_gmt":"2012-12-30T13:09:31","guid":{"rendered":"http:\/\/evertonfc.cz\/?p=5901"},"modified":"2019-02-16T18:20:16","modified_gmt":"2019-02-16T17:20:16","slug":"everton-chelsea-12","status":"publish","type":"post","link":"https:\/\/evertonfc.cz\/index.php\/2012\/12\/30\/everton-chelsea-12\/","title":{"rendered":"Everton &#8211; Chelsea 1:2"},"content":{"rendered":"<h4 id=\"NewsPostDetailSummary\">P\u0159esto\u017ee Everton odehr\u00e1l poveden\u00fd z\u00e1pas, zv\u00edt\u011bzila Chelsea, kter\u00e1 dok\u00e1zala zu\u017eitkovat ok\u00e9nka v obran\u011b soupe\u0159e z\u00e1sluhou dvou branek Franka Lamparda.<\/h4>\n<div id=\"NewsPostDetailContent\">\n<p>Coleman, Fellaini, Hibbert a Mirallas absentuj\u00ed ji\u017e del\u0161\u00ed dobu, oproti posledn\u00edmu kolu se k nim je\u0161t\u011b p\u0159idali zran\u011bn\u00ed Gibson s Nevillem. Heitinga se tak z lavi\u010dky p\u0159esunul na pozici stopera a Jagielka se postavil v obrann\u00e9 \u010dty\u0159ce na pravou stranu. P\u0159ed n\u00edm nasko\u010dil do z\u00e1kladn\u00ed sestavy Steven Naismith. David Moyes se oproti posledn\u00edm z\u00e1pas\u016fm vr\u00e1til k rozestaven\u00ed 4-5-1. Vic Anichebe operoval na lev\u00e9 ofenzivn\u00ed z\u00e1loze a Pienaar \u0159\u00eddil hru z prost\u0159edka.<\/p>\n<p>V\u00fdborn\u00fd start do za\u010d\u00e1tku z\u00e1pasu ze strany Toffees obstarala akce z p\u0159elomu 1. a 2. minuty, Pienaar vysunul Jagielku, kter\u00fd dobr\u00fdm centrem na\u0161el Anichebeho. Jeho hlavi\u010dka sice skon\u010dila na ty\u010di, dor\u00e1\u017eej\u00edc\u00ed Pienaar ale u\u017e m\u00ed\u010d uklidil do s\u00edt\u011b &#8211; <strong>1:0<\/strong>.<\/p>\n<p>V 8. minut\u011b se op\u011bt rozezvonila ty\u010d, tentokr\u00e1t p\u0159i pokusu Jelavi\u0107e po trestn\u00e9m kopu z 23 metr\u016f. Velk\u00e1 \u0161koda. Chelsea byla jist\u011b n\u00e1stupem sv\u00e9ho soka ohromena, v dal\u0161\u00ed \u0161anci se ve 26. minut\u011b objevil znovu Everton. Na Osman\u016fv volej z hranice v\u00e1pna \u010cech vyrukoval s v\u00fdborn\u00fdm reflexem. Na druh\u00e9 stran\u011b Mata po individu\u00e1ln\u00ed akci nevyzr\u00e1l na vyb\u011bhnut\u00e9ho Howarda.<\/p>\n<p>Ve 33. minut\u011b zakombinoval ve v\u00e1pn\u011b EFC Mata s Torresem, z jejich pr\u00e1ce t\u011b\u017eil Hazard, jen\u017e p\u0159ed br\u00e1nu poslal g\u00f3lovou nab\u00eddku, Azpilicuetovi v\u0161ak chyb\u011bl metr k zakon\u010den\u00ed. N\u00e1sledn\u011b v rychl\u00e9m proti\u00fatoku Pienaar vysunul Jelavi\u0107e, Chorvatovu k\u0159i\u017enou st\u0159elu \u010cech vytla\u010dil na roh.<\/p>\n<p>V posledn\u00ed \u010dtvrthodin\u011b prvn\u00edho polo\u010dasu Chelsea Everton zm\u00e1\u010dkla a ve 42. minut\u011b se do\u010dkala k\u00fd\u017een\u00e9ho vyrovn\u00e1n\u00ed, na Ramires\u016fv vyda\u0159en\u00fd centr si nasko\u010dil Lampard a p\u0159esnou hlavi\u010dkou nedal Howardovi \u0161anci &#8211; <strong>1:1<\/strong>.<\/p>\n<p>Everton vstoupil do druh\u00e9ho polo\u010dasu l\u00e9pe, p\u0159esto v 67. minut\u011b zahrozili host\u00e9. Na Torresovu st\u0159elu stihl Howard dob\u0159e zareagovat. Zast\u00ednit se necht\u011bl nechat Osman, po jeho prov\u011brce musel Turnbull na zem, o p\u0159est\u00e1vce vyst\u0159\u00eddal \u010cecha. O minutu pozd\u011bji Baines centrem na\u0161el Jelavi\u0107e, jeho\u017e hlavi\u010dka oraz\u00edtkovala b\u0159evno.<\/p>\n<p>V 72. minut\u011b se Chelsea prosadila prakticky z ni\u010deho, Howard vyrazil st\u0159elu Matu, av\u0161ak osamocen\u00fd Lampard bez pot\u00ed\u017e\u00ed dor\u00e1\u017ekou sk\u00f3roval &#8211; <strong>1:2<\/strong>. Moyes reagoval st\u0159\u00edd\u00e1n\u00edmi v rychl\u00e9m sledu, ode\u0161el Naismith, Hitzlsperger a Pienaar, nahradili je Vellios, Barkley a Oviedo.<\/p>\n<p>Everton tla\u010dil, do \u0161ance se v\u0161ak nedostal. Naopak po ztr\u00e1t\u011b Barkleyho postupovali na Distina t\u0159i protihr\u00e1\u010di, francouzsk\u00fd stoper ale v\u00fdborn\u00fdm skluzem zabr\u00e1nil v zakon\u010den\u00ed Torresovi. Minutu p\u0159ed koncem nastaven\u00e9ho \u010dasu posledn\u00ed mo\u017enost nakonec p\u0159i\u0161la, Jelavi\u0107 si s n\u00edm ov\u0161em neporadil, p\u0159i zakon\u010den\u00ed netrefil bal\u00f3n ide\u00e1ln\u011b, a tak si Chelsea odvezla do Lond\u00fdna t\u0159i body.<\/p>\n<p><strong>Branky:<\/strong> 2. Steven Pienaar \u00a042. a 72. Frank Lampard<br \/>\n<strong>\u017dK:<\/strong> 64. Steven Pienaar, 73. Sylvain Distin &#8211; 48. Gary Cahill, 70. David Luiz, 86. Ashley Cole<br \/>\n<strong>Everton FC:<\/strong> Tim Howard, Phil Jagielka, John Heitinga, Sylvain Distin, Leighton Baines, Steven Naismith (77. Apostolos Vellios), Leon Osman, Thomas Hitzlsperger (78. Ross Barkley), Steven Pienaar (81. Bryan Oviedo), Nikica Jelavi\u0107, Victor Anichebe<br \/>\n<strong>Chelsea FC:<\/strong> Petr \u010cech (46. Ross Turnbull), C\u00e9sar Azpilicueta, Branislav Ivanovi\u0107, Gary Cahill, Ashley Cole, Frank Lampard, David Luiz, Ramires, Juan Manuel Mata (85. Oscar), Eden Hazard (74. Victor Moses), Fernando Torres<br \/>\n<strong>Rozhod\u010d\u00ed:<\/strong> Howard Webb<br \/>\n<strong>Div\u00e1ci:<\/strong> 39 485<\/p>\n<\/div>\n","protected":false},"excerpt":{"rendered":"<p>P\u0159esto\u017ee Everton odehr\u00e1l poveden\u00fd z\u00e1pas, zv\u00edt\u011bzila Chelsea, kter\u00e1 dok\u00e1zala zu\u017eitkovat ok\u00e9nka v obran\u011b soupe\u0159e z\u00e1sluhou dvou branek Franka Lamparda. Coleman,&hellip;<\/p>\n","protected":false},"author":6,"featured_media":1315,"comment_status":"open","ping_status":"closed","sticky":false,"template":"","format":"standard","meta":{"_eb_attr":"","_monsterinsights_skip_tracking":false,"_monsterinsights_sitenote_active":false,"_monsterinsights_sitenote_note":"","_monsterinsights_sitenote_category":0,"footnotes":""},"categories":[4],"tags":[],"yoast_head":"<!-- This site is optimized with the Yoast SEO plugin v23.4 - https:\/\/yoast.com\/wordpress\/plugins\/seo\/ -->\n<title>Everton - Chelsea 1:2 - Official Czech &amp; Slovak Everton Supporters&#039; Club<\/title>\n<meta name=\"robots\" content=\"index, follow, max-snippet:-1, max-image-preview:large, max-video-preview:-1\" \/>\n<link rel=\"canonical\" href=\"https:\/\/evertonfc.cz\/index.php\/2012\/12\/30\/everton-chelsea-12\/\" \/>\n<meta property=\"og:locale\" content=\"cs_CZ\" \/>\n<meta property=\"og:type\" content=\"article\" \/>\n<meta property=\"og:title\" content=\"Everton - Chelsea 1:2 - Official Czech &amp; Slovak Everton Supporters&#039; Club\" \/>\n<meta property=\"og:description\" content=\"P\u0159esto\u017ee Everton odehr\u00e1l poveden\u00fd z\u00e1pas, zv\u00edt\u011bzila Chelsea, kter\u00e1 dok\u00e1zala zu\u017eitkovat ok\u00e9nka v obran\u011b soupe\u0159e z\u00e1sluhou dvou branek Franka Lamparda. Coleman,&hellip;\" \/>\n<meta property=\"og:url\" content=\"https:\/\/evertonfc.cz\/index.php\/2012\/12\/30\/everton-chelsea-12\/\" \/>\n<meta property=\"og:site_name\" content=\"Official Czech &amp; Slovak Everton Supporters&#039; Club\" \/>\n<meta property=\"article:publisher\" content=\"https:\/\/www.facebook.com\/everton.fans.cz.sk\" \/>\n<meta property=\"article:published_time\" content=\"2012-12-30T13:09:31+00:00\" \/>\n<meta property=\"article:modified_time\" content=\"2019-02-16T17:20:16+00:00\" \/>\n<meta property=\"og:image\" content=\"https:\/\/evertonfc.cz\/wp-content\/uploads\/2019\/01\/report.jpg\" \/>\n\t<meta property=\"og:image:width\" content=\"720\" \/>\n\t<meta property=\"og:image:height\" content=\"405\" \/>\n\t<meta property=\"og:image:type\" content=\"image\/jpeg\" \/>\n<meta name=\"author\" content=\"Ri\u010di\" \/>\n<meta name=\"twitter:card\" content=\"summary_large_image\" \/>\n<meta name=\"twitter:creator\" content=\"@rbrejsa\" \/>\n<meta name=\"twitter:label1\" content=\"Napsal(a)\" \/>\n\t<meta name=\"twitter:data1\" content=\"Ri\u010di\" \/>\n\t<meta name=\"twitter:label2\" content=\"Odhadovan\u00e1 doba \u010dten\u00ed\" \/>\n\t<meta name=\"twitter:data2\" content=\"3 minuty\" \/>\n<script type=\"application\/ld+json\" class=\"yoast-schema-graph\">{\"@context\":\"https:\/\/schema.org\",\"@graph\":[{\"@type\":\"Article\",\"@id\":\"https:\/\/evertonfc.cz\/index.php\/2012\/12\/30\/everton-chelsea-12\/#article\",\"isPartOf\":{\"@id\":\"https:\/\/evertonfc.cz\/index.php\/2012\/12\/30\/everton-chelsea-12\/\"},\"author\":{\"name\":\"Ri\u010di\",\"@id\":\"https:\/\/evertonfc.cz\/#\/schema\/person\/f7a5daedb2ffee98480bc70e191aaef1\"},\"headline\":\"Everton &#8211; Chelsea 1:2\",\"datePublished\":\"2012-12-30T13:09:31+00:00\",\"dateModified\":\"2019-02-16T17:20:16+00:00\",\"mainEntityOfPage\":{\"@id\":\"https:\/\/evertonfc.cz\/index.php\/2012\/12\/30\/everton-chelsea-12\/\"},\"wordCount\":609,\"commentCount\":0,\"publisher\":{\"@id\":\"https:\/\/evertonfc.cz\/#organization\"},\"image\":{\"@id\":\"https:\/\/evertonfc.cz\/index.php\/2012\/12\/30\/everton-chelsea-12\/#primaryimage\"},\"thumbnailUrl\":\"https:\/\/evertonfc.cz\/wp-content\/uploads\/2019\/01\/report.jpg\",\"articleSection\":[\"Z\u00e1pasy\"],\"inLanguage\":\"cs\",\"potentialAction\":[{\"@type\":\"CommentAction\",\"name\":\"Comment\",\"target\":[\"https:\/\/evertonfc.cz\/index.php\/2012\/12\/30\/everton-chelsea-12\/#respond\"]}]},{\"@type\":\"WebPage\",\"@id\":\"https:\/\/evertonfc.cz\/index.php\/2012\/12\/30\/everton-chelsea-12\/\",\"url\":\"https:\/\/evertonfc.cz\/index.php\/2012\/12\/30\/everton-chelsea-12\/\",\"name\":\"Everton - Chelsea 1:2 - Official Czech &amp; Slovak Everton Supporters&#039; Club\",\"isPartOf\":{\"@id\":\"https:\/\/evertonfc.cz\/#website\"},\"primaryImageOfPage\":{\"@id\":\"https:\/\/evertonfc.cz\/index.php\/2012\/12\/30\/everton-chelsea-12\/#primaryimage\"},\"image\":{\"@id\":\"https:\/\/evertonfc.cz\/index.php\/2012\/12\/30\/everton-chelsea-12\/#primaryimage\"},\"thumbnailUrl\":\"https:\/\/evertonfc.cz\/wp-content\/uploads\/2019\/01\/report.jpg\",\"datePublished\":\"2012-12-30T13:09:31+00:00\",\"dateModified\":\"2019-02-16T17:20:16+00:00\",\"breadcrumb\":{\"@id\":\"https:\/\/evertonfc.cz\/index.php\/2012\/12\/30\/everton-chelsea-12\/#breadcrumb\"},\"inLanguage\":\"cs\",\"potentialAction\":[{\"@type\":\"ReadAction\",\"target\":[\"https:\/\/evertonfc.cz\/index.php\/2012\/12\/30\/everton-chelsea-12\/\"]}]},{\"@type\":\"ImageObject\",\"inLanguage\":\"cs\",\"@id\":\"https:\/\/evertonfc.cz\/index.php\/2012\/12\/30\/everton-chelsea-12\/#primaryimage\",\"url\":\"https:\/\/evertonfc.cz\/wp-content\/uploads\/2019\/01\/report.jpg\",\"contentUrl\":\"https:\/\/evertonfc.cz\/wp-content\/uploads\/2019\/01\/report.jpg\",\"width\":720,\"height\":405},{\"@type\":\"BreadcrumbList\",\"@id\":\"https:\/\/evertonfc.cz\/index.php\/2012\/12\/30\/everton-chelsea-12\/#breadcrumb\",\"itemListElement\":[{\"@type\":\"ListItem\",\"position\":1,\"name\":\"Home\",\"item\":\"https:\/\/evertonfc.cz\/\"},{\"@type\":\"ListItem\",\"position\":2,\"name\":\"Everton &#8211; Chelsea 1:2\"}]},{\"@type\":\"WebSite\",\"@id\":\"https:\/\/evertonfc.cz\/#website\",\"url\":\"https:\/\/evertonfc.cz\/\",\"name\":\"Official Czech &amp; Slovak Everton Supporters&#039; Club\",\"description\":\"\",\"publisher\":{\"@id\":\"https:\/\/evertonfc.cz\/#organization\"},\"potentialAction\":[{\"@type\":\"SearchAction\",\"target\":{\"@type\":\"EntryPoint\",\"urlTemplate\":\"https:\/\/evertonfc.cz\/?s={search_term_string}\"},\"query-input\":{\"@type\":\"PropertyValueSpecification\",\"valueRequired\":true,\"valueName\":\"search_term_string\"}}],\"inLanguage\":\"cs\"},{\"@type\":\"Organization\",\"@id\":\"https:\/\/evertonfc.cz\/#organization\",\"name\":\"Official Czech & Slovak Everton Supporters' Club\",\"url\":\"https:\/\/evertonfc.cz\/\",\"logo\":{\"@type\":\"ImageObject\",\"inLanguage\":\"cs\",\"@id\":\"https:\/\/evertonfc.cz\/#\/schema\/logo\/image\/\",\"url\":\"https:\/\/evertonfc.cz\/wp-content\/uploads\/2019\/05\/logo.png\",\"contentUrl\":\"https:\/\/evertonfc.cz\/wp-content\/uploads\/2019\/05\/logo.png\",\"width\":112,\"height\":112,\"caption\":\"Official Czech & Slovak Everton Supporters' Club\"},\"image\":{\"@id\":\"https:\/\/evertonfc.cz\/#\/schema\/logo\/image\/\"},\"sameAs\":[\"https:\/\/www.facebook.com\/everton.fans.cz.sk\"]},{\"@type\":\"Person\",\"@id\":\"https:\/\/evertonfc.cz\/#\/schema\/person\/f7a5daedb2ffee98480bc70e191aaef1\",\"name\":\"Ri\u010di\",\"sameAs\":[\"https:\/\/x.com\/rbrejsa\"],\"url\":\"https:\/\/evertonfc.cz\/index.php\/author\/rici\/\"}]}<\/script>\n<!-- \/ Yoast SEO plugin. -->","yoast_head_json":{"title":"Everton - Chelsea 1:2 - Official Czech &amp; Slovak Everton Supporters&#039; Club","robots":{"index":"index","follow":"follow","max-snippet":"max-snippet:-1","max-image-preview":"max-image-preview:large","max-video-preview":"max-video-preview:-1"},"canonical":"https:\/\/evertonfc.cz\/index.php\/2012\/12\/30\/everton-chelsea-12\/","og_locale":"cs_CZ","og_type":"article","og_title":"Everton - Chelsea 1:2 - Official Czech &amp; Slovak Everton Supporters&#039; Club","og_description":"P\u0159esto\u017ee Everton odehr\u00e1l poveden\u00fd z\u00e1pas, zv\u00edt\u011bzila Chelsea, kter\u00e1 dok\u00e1zala zu\u017eitkovat ok\u00e9nka v obran\u011b soupe\u0159e z\u00e1sluhou dvou branek Franka Lamparda. Coleman,&hellip;","og_url":"https:\/\/evertonfc.cz\/index.php\/2012\/12\/30\/everton-chelsea-12\/","og_site_name":"Official Czech &amp; Slovak Everton Supporters&#039; Club","article_publisher":"https:\/\/www.facebook.com\/everton.fans.cz.sk","article_published_time":"2012-12-30T13:09:31+00:00","article_modified_time":"2019-02-16T17:20:16+00:00","og_image":[{"width":720,"height":405,"url":"https:\/\/evertonfc.cz\/wp-content\/uploads\/2019\/01\/report.jpg","type":"image\/jpeg"}],"author":"Ri\u010di","twitter_card":"summary_large_image","twitter_creator":"@rbrejsa","twitter_misc":{"Napsal(a)":"Ri\u010di","Odhadovan\u00e1 doba \u010dten\u00ed":"3 minuty"},"schema":{"@context":"https:\/\/schema.org","@graph":[{"@type":"Article","@id":"https:\/\/evertonfc.cz\/index.php\/2012\/12\/30\/everton-chelsea-12\/#article","isPartOf":{"@id":"https:\/\/evertonfc.cz\/index.php\/2012\/12\/30\/everton-chelsea-12\/"},"author":{"name":"Ri\u010di","@id":"https:\/\/evertonfc.cz\/#\/schema\/person\/f7a5daedb2ffee98480bc70e191aaef1"},"headline":"Everton &#8211; Chelsea 1:2","datePublished":"2012-12-30T13:09:31+00:00","dateModified":"2019-02-16T17:20:16+00:00","mainEntityOfPage":{"@id":"https:\/\/evertonfc.cz\/index.php\/2012\/12\/30\/everton-chelsea-12\/"},"wordCount":609,"commentCount":0,"publisher":{"@id":"https:\/\/evertonfc.cz\/#organization"},"image":{"@id":"https:\/\/evertonfc.cz\/index.php\/2012\/12\/30\/everton-chelsea-12\/#primaryimage"},"thumbnailUrl":"https:\/\/evertonfc.cz\/wp-content\/uploads\/2019\/01\/report.jpg","articleSection":["Z\u00e1pasy"],"inLanguage":"cs","potentialAction":[{"@type":"CommentAction","name":"Comment","target":["https:\/\/evertonfc.cz\/index.php\/2012\/12\/30\/everton-chelsea-12\/#respond"]}]},{"@type":"WebPage","@id":"https:\/\/evertonfc.cz\/index.php\/2012\/12\/30\/everton-chelsea-12\/","url":"https:\/\/evertonfc.cz\/index.php\/2012\/12\/30\/everton-chelsea-12\/","name":"Everton - Chelsea 1:2 - Official Czech &amp; Slovak Everton Supporters&#039; Club","isPartOf":{"@id":"https:\/\/evertonfc.cz\/#website"},"primaryImageOfPage":{"@id":"https:\/\/evertonfc.cz\/index.php\/2012\/12\/30\/everton-chelsea-12\/#primaryimage"},"image":{"@id":"https:\/\/evertonfc.cz\/index.php\/2012\/12\/30\/everton-chelsea-12\/#primaryimage"},"thumbnailUrl":"https:\/\/evertonfc.cz\/wp-content\/uploads\/2019\/01\/report.jpg","datePublished":"2012-12-30T13:09:31+00:00","dateModified":"2019-02-16T17:20:16+00:00","breadcrumb":{"@id":"https:\/\/evertonfc.cz\/index.php\/2012\/12\/30\/everton-chelsea-12\/#breadcrumb"},"inLanguage":"cs","potentialAction":[{"@type":"ReadAction","target":["https:\/\/evertonfc.cz\/index.php\/2012\/12\/30\/everton-chelsea-12\/"]}]},{"@type":"ImageObject","inLanguage":"cs","@id":"https:\/\/evertonfc.cz\/index.php\/2012\/12\/30\/everton-chelsea-12\/#primaryimage","url":"https:\/\/evertonfc.cz\/wp-content\/uploads\/2019\/01\/report.jpg","contentUrl":"https:\/\/evertonfc.cz\/wp-content\/uploads\/2019\/01\/report.jpg","width":720,"height":405},{"@type":"BreadcrumbList","@id":"https:\/\/evertonfc.cz\/index.php\/2012\/12\/30\/everton-chelsea-12\/#breadcrumb","itemListElement":[{"@type":"ListItem","position":1,"name":"Home","item":"https:\/\/evertonfc.cz\/"},{"@type":"ListItem","position":2,"name":"Everton &#8211; Chelsea 1:2"}]},{"@type":"WebSite","@id":"https:\/\/evertonfc.cz\/#website","url":"https:\/\/evertonfc.cz\/","name":"Official Czech &amp; Slovak Everton Supporters&#039; Club","description":"","publisher":{"@id":"https:\/\/evertonfc.cz\/#organization"},"potentialAction":[{"@type":"SearchAction","target":{"@type":"EntryPoint","urlTemplate":"https:\/\/evertonfc.cz\/?s={search_term_string}"},"query-input":{"@type":"PropertyValueSpecification","valueRequired":true,"valueName":"search_term_string"}}],"inLanguage":"cs"},{"@type":"Organization","@id":"https:\/\/evertonfc.cz\/#organization","name":"Official Czech & Slovak Everton Supporters' Club","url":"https:\/\/evertonfc.cz\/","logo":{"@type":"ImageObject","inLanguage":"cs","@id":"https:\/\/evertonfc.cz\/#\/schema\/logo\/image\/","url":"https:\/\/evertonfc.cz\/wp-content\/uploads\/2019\/05\/logo.png","contentUrl":"https:\/\/evertonfc.cz\/wp-content\/uploads\/2019\/05\/logo.png","width":112,"height":112,"caption":"Official Czech & Slovak Everton Supporters' Club"},"image":{"@id":"https:\/\/evertonfc.cz\/#\/schema\/logo\/image\/"},"sameAs":["https:\/\/www.facebook.com\/everton.fans.cz.sk"]},{"@type":"Person","@id":"https:\/\/evertonfc.cz\/#\/schema\/person\/f7a5daedb2ffee98480bc70e191aaef1","name":"Ri\u010di","sameAs":["https:\/\/x.com\/rbrejsa"],"url":"https:\/\/evertonfc.cz\/index.php\/author\/rici\/"}]}},"_links":{"self":[{"href":"https:\/\/evertonfc.cz\/index.php\/wp-json\/wp\/v2\/posts\/5901"}],"collection":[{"href":"https:\/\/evertonfc.cz\/index.php\/wp-json\/wp\/v2\/posts"}],"about":[{"href":"https:\/\/evertonfc.cz\/index.php\/wp-json\/wp\/v2\/types\/post"}],"author":[{"embeddable":true,"href":"https:\/\/evertonfc.cz\/index.php\/wp-json\/wp\/v2\/users\/6"}],"replies":[{"embeddable":true,"href":"https:\/\/evertonfc.cz\/index.php\/wp-json\/wp\/v2\/comments?post=5901"}],"version-history":[{"count":3,"href":"https:\/\/evertonfc.cz\/index.php\/wp-json\/wp\/v2\/posts\/5901\/revisions"}],"predecessor-version":[{"id":5961,"href":"https:\/\/evertonfc.cz\/index.php\/wp-json\/wp\/v2\/posts\/5901\/revisions\/5961"}],"wp:featuredmedia":[{"embeddable":true,"href":"https:\/\/evertonfc.cz\/index.php\/wp-json\/wp\/v2\/media\/1315"}],"wp:attachment":[{"href":"https:\/\/evertonfc.cz\/index.php\/wp-json\/wp\/v2\/media?parent=5901"}],"wp:term":[{"taxonomy":"category","embeddable":true,"href":"https:\/\/evertonfc.cz\/index.php\/wp-json\/wp\/v2\/categories?post=5901"},{"taxonomy":"post_tag","embeddable":true,"href":"https:\/\/evertonfc.cz\/index.php\/wp-json\/wp\/v2\/tags?post=5901"}],"curies":[{"name":"wp","href":"https:\/\/api.w.org\/{rel}","templated":true}]}}