{"id":5903,"date":"2012-12-29T14:11:27","date_gmt":"2012-12-29T13:11:27","guid":{"rendered":"http:\/\/evertonfc.cz\/?p=5903"},"modified":"2020-12-12T13:10:48","modified_gmt":"2020-12-12T12:10:48","slug":"preview-everton-chelsea-8","status":"publish","type":"post","link":"https:\/\/evertonfc.cz\/index.php\/2012\/12\/29\/preview-everton-chelsea-8\/","title":{"rendered":"Preview: Everton &#8211; Chelsea"},"content":{"rendered":"<h4 id=\"NewsPostDetailSummary\">Posledn\u00ed z\u00e1pas roku 2012 p\u0159iv\u00e1d\u00ed na Goodison Park Chelsea, kterou Everton v p\u0159\u00edpad\u011b v\u00edt\u011bzstv\u00ed v tabulce p\u0159esko\u010d\u00ed. O motivaci by m\u011blo b\u00fdt tedy n\u00e1le\u017eit\u011b postar\u00e1no.<\/h4>\n<div id=\"NewsPostDetailContent\">\n<p>Porazit Chelsea ov\u0161em nebude v\u016fbec jednoduch\u00e9, Blues z Lond\u00fdna posledn\u00ed utk\u00e1n\u00ed p\u0159edv\u00e1d\u011bj\u00ed pohledn\u00fd a v\u00fdsledkov\u011b stoprocentn\u00ed v\u00fdkon, co\u017e je celkem podivn\u00e9, jeliko\u017e se jim na lavi\u010dce usadil \u0161pan\u011blsk\u00fd m\u00e1g Rafa Benitez. Mnoz\u00ed Evertonians tomuto chlap\u00edkovi ur\u010dit\u011b je\u0161t\u011b po\u0159\u00e1d nedopustili v\u00fdrok po derby z roku 2007, kdy Toffees nazval mal\u00fdm klubem. Sympati\u00ed se tedy nav\u00edc b\u00fdval\u00fd mana\u017eer LFC v ned\u011bli na Goodisonu asi nedo\u010dk\u00e1. Ale dost o Rafovi.<\/p>\n<p>Everton v prosinci zat\u00edm neprohr\u00e1l, ale co je d\u016fle\u017eit\u00e9, na rozd\u00edl od \u0159\u00edjna a listopadu za\u010dal pravideln\u011b vyhr\u00e1vat. Posledn\u00ed v\u00fdkon proti Wiganu sice pat\u0159il do kategorie \u0161ediv\u00e9ho pr\u016fm\u011bru, av\u0161ak v kone\u010dn\u00e9m z\u00fa\u010dtov\u00e1n\u00ed jsou nejd\u016fle\u017eit\u011bj\u0161\u00ed t\u0159i body. Ofenziva Chelsea bud\u00ed respekt (Hazard, Mata, Oscar), defenziva Evertonu zase naopak sp\u00ed\u0161e posm\u011bch, a tak David Moyes nejsp\u00ed\u0161e vyztu\u017e\u00ed z\u00e1lo\u017en\u00ed \u0159adu. Lze proto p\u0159edpokl\u00e1dat n\u00e1vrat k rozestaven\u00ed 4-5-1 a hru zalo\u017eenou na bojovnosti.<\/p>\n<p>Velk\u00e9 zm\u011bny v z\u00e1kladn\u00ed sestav\u011b \u010dekat nelze, a\u010dkoliv Moyes to\u010d\u00ed posledn\u00ed dobou prakticky stejn\u00fdch dvan\u00e1ct, t\u0159in\u00e1ct jmen a s n\u00e1ro\u010dn\u00fdm programem Premier League se pochopiteln\u011b dostavuje \u00fanava, p\u0159ekvapen\u00ed v \u00favodn\u00ed jeden\u00e1ctce v podob\u011b nasazen\u00ed Ovieda \u010di Barkleyho je nepravd\u011bpodobn\u00e9. Hr\u00e1\u010di \u0161ir\u0161\u00edho k\u00e1dru si sp\u00ed\u0161e zahraj\u00ed na Nov\u00fd rok proti Newcastlu nebo t\u00fdden pot\u00e9 v FA Cupu.<\/p>\n<h4><strong>Z\u00e1pasov\u00e1 fakta<\/strong><\/h4>\n<p>Vz\u00e1jemn\u00e1<\/p>\n<ul>\n<li>Everton neprohr\u00e1l s Chelsea posledn\u00ed \u010dty\u0159i dom\u00e1c\u00ed st\u0159etnut\u00ed, posledn\u00ed t\u0159i dokonce vyhr\u00e1l<\/li>\n<li>Chelsea z posledn\u00edch osmi duel\u016f proti Toffees triumfovala pouze jednou, v lo\u0148sk\u00e9 sez\u00f3n\u011b na Stamford Bridge zv\u00edt\u011bzila 3:1<\/li>\n<li>Everton Chelsea nikdy v ligov\u00e9m prosinci neporazil (5 rem\u00edz, 2 prohry).<\/li>\n<\/ul>\n<p>Everton<\/p>\n<ul>\n<li>Nepoznal por\u00e1\u017eku sedm ligov\u00fdch kol<\/li>\n<li>neudr\u017eel \u010dist\u00e9 konto \u010dtrn\u00e1ct z\u00e1pas\u016f<\/li>\n<li>naposledy vyloupil Goodison Park v kv\u011btnu Arsenal, n\u00e1sleduj\u00edc\u00edch 13 z\u00e1pas\u016f si soupe\u0159i z jeho stadionu t\u0159i body neodvezli<\/li>\n<li>v aktu\u00e1ln\u00edm kalend\u00e1\u0159n\u00edm roce prozat\u00edm prohr\u00e1l p\u011btkr\u00e1t, \u00fato\u010d\u00ed na rekord z roku 2010, kdy byl pora\u017een \u0161estkr\u00e1t<\/li>\n<li>Nikica Jelavi\u0107 na Goodison Parku v roce 2012 nast\u0159\u00edlel osm branek, lep\u0161\u00ed statistiku m\u00e1 pouze Kevin Campbell z roku 1999 se 13 g\u00f3ly.<\/li>\n<\/ul>\n<p>Chelsea<\/p>\n<ul>\n<li>Rafa Benitez neprohr\u00e1l s Evertonem posledn\u00edch sedm ligov\u00fdch duel\u016f, s\u00e9rie se po\u010d\u00edt\u00e1 z jeho mana\u017eerov\u00e1n\u00ed v\u00a0LFC<\/li>\n<li>v posledn\u00edch dvou kolech vyst\u0159elila na br\u00e1nu 44x<\/li>\n<li>Juan Mata nast\u0159\u00edlel v posledn\u00edch osmi utk\u00e1n\u00edch \u0161est branek, z\u00e1rove\u0148 si v \u0161estn\u00e1cti leto\u0161n\u00edch ligov\u00fdch startech p\u0159ipsal \u010dtrn\u00e1ct asistenc\u00ed.<\/li>\n<\/ul>\n<h4><strong>T\u00fdmov\u00e9 novinky<\/strong><\/h4>\n<p>Darron Gibson, kter\u00e9mu ve \u010dtvrtek disciplin\u00e1rn\u00ed komise zru\u0161ila trest za \u010dervenou kartu proti West Hamu, odehr\u00e1l proti Wiganu kv\u016fli pot\u00ed\u017e\u00edm se stehnem jen polo\u010das, o jeho stavu se stejn\u011b jako u Seamuse Colemana rozhodne v den z\u00e1pasu. St\u00e1le zran\u011bn\u00ed jsou Tony Hibbert a Kevin Mirallas, Marouane Fellaini si odpyk\u00e1 posledn\u00ed \u010d\u00e1st disciplin\u00e1rn\u00edho trestu.<\/p>\n<p><strong>Everton:<\/strong> Howard, Mucha, Neville, Coleman, Jagielka, Distin, Baines, Naismith, Osman, Gibson, Pienaar, Jelavi\u0107, Heitinga, Hitzlsperger, Oviedo, Barkley, Vellios, Gueye, Duffy, Anichebe.<\/p>\n<p>Ramires a John Obi Mikel budou pravd\u011bpodobn\u011b fit, Ur\u010dit\u011b nenastoup\u00ed zran\u011bn\u00ed Ryan Bertrand, Oriol Romeu a John Terry. Daniel Sturridge nebude za\u0159azen do sestavy, proto\u017ee jedn\u00e1 o mo\u017en\u00e9m p\u0159estupu do Liverpoolu.<\/p>\n<p><strong>Chelsea:<\/strong> \u010cech, Azpilicueta, Ferreira, Ivanovic, Luiz, Cahill, Cole, Bertrand, Mikel, Lampard, Ramires, Mata, Oscar, Hazard, Moses, Marin, Piazon, Torres, Turnbull.<\/p>\n<p><strong>Co:<\/strong> Everton FC &#8211; Chelsea, 20. kolo Premier League<br \/>\n<strong>Kdy:<\/strong> 30.12.2012 od 14:30 SE\u010c<br \/>\n<strong>Kde:<\/strong> Goodison Park, Liverpool<br \/>\n<strong>Rozhod\u010d\u00ed:<\/strong> Howard Webb<\/p>\n<\/div>\n","protected":false},"excerpt":{"rendered":"<p>Posledn\u00ed z\u00e1pas roku 2012 p\u0159iv\u00e1d\u00ed na Goodison Park Chelsea, kterou Everton v p\u0159\u00edpad\u011b v\u00edt\u011bzstv\u00ed v tabulce p\u0159esko\u010d\u00ed. O motivaci by&hellip;<\/p>\n","protected":false},"author":6,"featured_media":13143,"comment_status":"open","ping_status":"closed","sticky":false,"template":"","format":"standard","meta":{"_eb_attr":"","_monsterinsights_skip_tracking":false,"_monsterinsights_sitenote_active":false,"_monsterinsights_sitenote_note":"","_monsterinsights_sitenote_category":0,"footnotes":""},"categories":[4],"tags":[],"yoast_head":"<!-- This site is optimized with the Yoast SEO plugin v23.4 - https:\/\/yoast.com\/wordpress\/plugins\/seo\/ -->\n<title>Preview: Everton - Chelsea - Official Czech &amp; Slovak Everton Supporters&#039; Club<\/title>\n<meta name=\"robots\" content=\"index, follow, max-snippet:-1, max-image-preview:large, max-video-preview:-1\" \/>\n<link rel=\"canonical\" href=\"https:\/\/evertonfc.cz\/index.php\/2012\/12\/29\/preview-everton-chelsea-8\/\" \/>\n<meta property=\"og:locale\" content=\"cs_CZ\" \/>\n<meta property=\"og:type\" content=\"article\" \/>\n<meta property=\"og:title\" content=\"Preview: Everton - Chelsea - Official Czech &amp; Slovak Everton Supporters&#039; Club\" \/>\n<meta property=\"og:description\" content=\"Posledn\u00ed z\u00e1pas roku 2012 p\u0159iv\u00e1d\u00ed na Goodison Park Chelsea, kterou Everton v p\u0159\u00edpad\u011b v\u00edt\u011bzstv\u00ed v tabulce p\u0159esko\u010d\u00ed. O motivaci by&hellip;\" \/>\n<meta property=\"og:url\" content=\"https:\/\/evertonfc.cz\/index.php\/2012\/12\/29\/preview-everton-chelsea-8\/\" \/>\n<meta property=\"og:site_name\" content=\"Official Czech &amp; Slovak Everton Supporters&#039; Club\" \/>\n<meta property=\"article:publisher\" content=\"https:\/\/www.facebook.com\/everton.fans.cz.sk\" \/>\n<meta property=\"article:published_time\" content=\"2012-12-29T13:11:27+00:00\" \/>\n<meta property=\"article:modified_time\" content=\"2020-12-12T12:10:48+00:00\" \/>\n<meta property=\"og:image\" content=\"https:\/\/evertonfc.cz\/wp-content\/uploads\/2020\/12\/Everton-VS-Chelsea.jpg\" \/>\n\t<meta property=\"og:image:width\" content=\"720\" \/>\n\t<meta property=\"og:image:height\" content=\"405\" \/>\n\t<meta property=\"og:image:type\" content=\"image\/jpeg\" \/>\n<meta name=\"author\" content=\"Ri\u010di\" \/>\n<meta name=\"twitter:card\" content=\"summary_large_image\" \/>\n<meta name=\"twitter:creator\" content=\"@rbrejsa\" \/>\n<meta name=\"twitter:label1\" content=\"Napsal(a)\" \/>\n\t<meta name=\"twitter:data1\" content=\"Ri\u010di\" \/>\n\t<meta name=\"twitter:label2\" content=\"Odhadovan\u00e1 doba \u010dten\u00ed\" \/>\n\t<meta name=\"twitter:data2\" content=\"3 minuty\" \/>\n<script type=\"application\/ld+json\" class=\"yoast-schema-graph\">{\"@context\":\"https:\/\/schema.org\",\"@graph\":[{\"@type\":\"Article\",\"@id\":\"https:\/\/evertonfc.cz\/index.php\/2012\/12\/29\/preview-everton-chelsea-8\/#article\",\"isPartOf\":{\"@id\":\"https:\/\/evertonfc.cz\/index.php\/2012\/12\/29\/preview-everton-chelsea-8\/\"},\"author\":{\"name\":\"Ri\u010di\",\"@id\":\"https:\/\/evertonfc.cz\/#\/schema\/person\/f7a5daedb2ffee98480bc70e191aaef1\"},\"headline\":\"Preview: Everton &#8211; Chelsea\",\"datePublished\":\"2012-12-29T13:11:27+00:00\",\"dateModified\":\"2020-12-12T12:10:48+00:00\",\"mainEntityOfPage\":{\"@id\":\"https:\/\/evertonfc.cz\/index.php\/2012\/12\/29\/preview-everton-chelsea-8\/\"},\"wordCount\":679,\"commentCount\":0,\"publisher\":{\"@id\":\"https:\/\/evertonfc.cz\/#organization\"},\"image\":{\"@id\":\"https:\/\/evertonfc.cz\/index.php\/2012\/12\/29\/preview-everton-chelsea-8\/#primaryimage\"},\"thumbnailUrl\":\"https:\/\/evertonfc.cz\/wp-content\/uploads\/2020\/12\/Everton-VS-Chelsea.jpg\",\"articleSection\":[\"Z\u00e1pasy\"],\"inLanguage\":\"cs\",\"potentialAction\":[{\"@type\":\"CommentAction\",\"name\":\"Comment\",\"target\":[\"https:\/\/evertonfc.cz\/index.php\/2012\/12\/29\/preview-everton-chelsea-8\/#respond\"]}]},{\"@type\":\"WebPage\",\"@id\":\"https:\/\/evertonfc.cz\/index.php\/2012\/12\/29\/preview-everton-chelsea-8\/\",\"url\":\"https:\/\/evertonfc.cz\/index.php\/2012\/12\/29\/preview-everton-chelsea-8\/\",\"name\":\"Preview: Everton - Chelsea - Official Czech &amp; Slovak Everton Supporters&#039; Club\",\"isPartOf\":{\"@id\":\"https:\/\/evertonfc.cz\/#website\"},\"primaryImageOfPage\":{\"@id\":\"https:\/\/evertonfc.cz\/index.php\/2012\/12\/29\/preview-everton-chelsea-8\/#primaryimage\"},\"image\":{\"@id\":\"https:\/\/evertonfc.cz\/index.php\/2012\/12\/29\/preview-everton-chelsea-8\/#primaryimage\"},\"thumbnailUrl\":\"https:\/\/evertonfc.cz\/wp-content\/uploads\/2020\/12\/Everton-VS-Chelsea.jpg\",\"datePublished\":\"2012-12-29T13:11:27+00:00\",\"dateModified\":\"2020-12-12T12:10:48+00:00\",\"breadcrumb\":{\"@id\":\"https:\/\/evertonfc.cz\/index.php\/2012\/12\/29\/preview-everton-chelsea-8\/#breadcrumb\"},\"inLanguage\":\"cs\",\"potentialAction\":[{\"@type\":\"ReadAction\",\"target\":[\"https:\/\/evertonfc.cz\/index.php\/2012\/12\/29\/preview-everton-chelsea-8\/\"]}]},{\"@type\":\"ImageObject\",\"inLanguage\":\"cs\",\"@id\":\"https:\/\/evertonfc.cz\/index.php\/2012\/12\/29\/preview-everton-chelsea-8\/#primaryimage\",\"url\":\"https:\/\/evertonfc.cz\/wp-content\/uploads\/2020\/12\/Everton-VS-Chelsea.jpg\",\"contentUrl\":\"https:\/\/evertonfc.cz\/wp-content\/uploads\/2020\/12\/Everton-VS-Chelsea.jpg\",\"width\":720,\"height\":405},{\"@type\":\"BreadcrumbList\",\"@id\":\"https:\/\/evertonfc.cz\/index.php\/2012\/12\/29\/preview-everton-chelsea-8\/#breadcrumb\",\"itemListElement\":[{\"@type\":\"ListItem\",\"position\":1,\"name\":\"Home\",\"item\":\"https:\/\/evertonfc.cz\/\"},{\"@type\":\"ListItem\",\"position\":2,\"name\":\"Preview: Everton &#8211; Chelsea\"}]},{\"@type\":\"WebSite\",\"@id\":\"https:\/\/evertonfc.cz\/#website\",\"url\":\"https:\/\/evertonfc.cz\/\",\"name\":\"Official Czech &amp; Slovak Everton Supporters&#039; Club\",\"description\":\"\",\"publisher\":{\"@id\":\"https:\/\/evertonfc.cz\/#organization\"},\"potentialAction\":[{\"@type\":\"SearchAction\",\"target\":{\"@type\":\"EntryPoint\",\"urlTemplate\":\"https:\/\/evertonfc.cz\/?s={search_term_string}\"},\"query-input\":{\"@type\":\"PropertyValueSpecification\",\"valueRequired\":true,\"valueName\":\"search_term_string\"}}],\"inLanguage\":\"cs\"},{\"@type\":\"Organization\",\"@id\":\"https:\/\/evertonfc.cz\/#organization\",\"name\":\"Official Czech & Slovak Everton Supporters' Club\",\"url\":\"https:\/\/evertonfc.cz\/\",\"logo\":{\"@type\":\"ImageObject\",\"inLanguage\":\"cs\",\"@id\":\"https:\/\/evertonfc.cz\/#\/schema\/logo\/image\/\",\"url\":\"https:\/\/evertonfc.cz\/wp-content\/uploads\/2019\/05\/logo.png\",\"contentUrl\":\"https:\/\/evertonfc.cz\/wp-content\/uploads\/2019\/05\/logo.png\",\"width\":112,\"height\":112,\"caption\":\"Official Czech & Slovak Everton Supporters' Club\"},\"image\":{\"@id\":\"https:\/\/evertonfc.cz\/#\/schema\/logo\/image\/\"},\"sameAs\":[\"https:\/\/www.facebook.com\/everton.fans.cz.sk\"]},{\"@type\":\"Person\",\"@id\":\"https:\/\/evertonfc.cz\/#\/schema\/person\/f7a5daedb2ffee98480bc70e191aaef1\",\"name\":\"Ri\u010di\",\"sameAs\":[\"https:\/\/x.com\/rbrejsa\"],\"url\":\"https:\/\/evertonfc.cz\/index.php\/author\/rici\/\"}]}<\/script>\n<!-- \/ Yoast SEO plugin. -->","yoast_head_json":{"title":"Preview: Everton - Chelsea - Official Czech &amp; Slovak Everton Supporters&#039; Club","robots":{"index":"index","follow":"follow","max-snippet":"max-snippet:-1","max-image-preview":"max-image-preview:large","max-video-preview":"max-video-preview:-1"},"canonical":"https:\/\/evertonfc.cz\/index.php\/2012\/12\/29\/preview-everton-chelsea-8\/","og_locale":"cs_CZ","og_type":"article","og_title":"Preview: Everton - Chelsea - Official Czech &amp; Slovak Everton Supporters&#039; Club","og_description":"Posledn\u00ed z\u00e1pas roku 2012 p\u0159iv\u00e1d\u00ed na Goodison Park Chelsea, kterou Everton v p\u0159\u00edpad\u011b v\u00edt\u011bzstv\u00ed v tabulce p\u0159esko\u010d\u00ed. O motivaci by&hellip;","og_url":"https:\/\/evertonfc.cz\/index.php\/2012\/12\/29\/preview-everton-chelsea-8\/","og_site_name":"Official Czech &amp; Slovak Everton Supporters&#039; Club","article_publisher":"https:\/\/www.facebook.com\/everton.fans.cz.sk","article_published_time":"2012-12-29T13:11:27+00:00","article_modified_time":"2020-12-12T12:10:48+00:00","og_image":[{"width":720,"height":405,"url":"https:\/\/evertonfc.cz\/wp-content\/uploads\/2020\/12\/Everton-VS-Chelsea.jpg","type":"image\/jpeg"}],"author":"Ri\u010di","twitter_card":"summary_large_image","twitter_creator":"@rbrejsa","twitter_misc":{"Napsal(a)":"Ri\u010di","Odhadovan\u00e1 doba \u010dten\u00ed":"3 minuty"},"schema":{"@context":"https:\/\/schema.org","@graph":[{"@type":"Article","@id":"https:\/\/evertonfc.cz\/index.php\/2012\/12\/29\/preview-everton-chelsea-8\/#article","isPartOf":{"@id":"https:\/\/evertonfc.cz\/index.php\/2012\/12\/29\/preview-everton-chelsea-8\/"},"author":{"name":"Ri\u010di","@id":"https:\/\/evertonfc.cz\/#\/schema\/person\/f7a5daedb2ffee98480bc70e191aaef1"},"headline":"Preview: Everton &#8211; Chelsea","datePublished":"2012-12-29T13:11:27+00:00","dateModified":"2020-12-12T12:10:48+00:00","mainEntityOfPage":{"@id":"https:\/\/evertonfc.cz\/index.php\/2012\/12\/29\/preview-everton-chelsea-8\/"},"wordCount":679,"commentCount":0,"publisher":{"@id":"https:\/\/evertonfc.cz\/#organization"},"image":{"@id":"https:\/\/evertonfc.cz\/index.php\/2012\/12\/29\/preview-everton-chelsea-8\/#primaryimage"},"thumbnailUrl":"https:\/\/evertonfc.cz\/wp-content\/uploads\/2020\/12\/Everton-VS-Chelsea.jpg","articleSection":["Z\u00e1pasy"],"inLanguage":"cs","potentialAction":[{"@type":"CommentAction","name":"Comment","target":["https:\/\/evertonfc.cz\/index.php\/2012\/12\/29\/preview-everton-chelsea-8\/#respond"]}]},{"@type":"WebPage","@id":"https:\/\/evertonfc.cz\/index.php\/2012\/12\/29\/preview-everton-chelsea-8\/","url":"https:\/\/evertonfc.cz\/index.php\/2012\/12\/29\/preview-everton-chelsea-8\/","name":"Preview: Everton - Chelsea - Official Czech &amp; Slovak Everton Supporters&#039; Club","isPartOf":{"@id":"https:\/\/evertonfc.cz\/#website"},"primaryImageOfPage":{"@id":"https:\/\/evertonfc.cz\/index.php\/2012\/12\/29\/preview-everton-chelsea-8\/#primaryimage"},"image":{"@id":"https:\/\/evertonfc.cz\/index.php\/2012\/12\/29\/preview-everton-chelsea-8\/#primaryimage"},"thumbnailUrl":"https:\/\/evertonfc.cz\/wp-content\/uploads\/2020\/12\/Everton-VS-Chelsea.jpg","datePublished":"2012-12-29T13:11:27+00:00","dateModified":"2020-12-12T12:10:48+00:00","breadcrumb":{"@id":"https:\/\/evertonfc.cz\/index.php\/2012\/12\/29\/preview-everton-chelsea-8\/#breadcrumb"},"inLanguage":"cs","potentialAction":[{"@type":"ReadAction","target":["https:\/\/evertonfc.cz\/index.php\/2012\/12\/29\/preview-everton-chelsea-8\/"]}]},{"@type":"ImageObject","inLanguage":"cs","@id":"https:\/\/evertonfc.cz\/index.php\/2012\/12\/29\/preview-everton-chelsea-8\/#primaryimage","url":"https:\/\/evertonfc.cz\/wp-content\/uploads\/2020\/12\/Everton-VS-Chelsea.jpg","contentUrl":"https:\/\/evertonfc.cz\/wp-content\/uploads\/2020\/12\/Everton-VS-Chelsea.jpg","width":720,"height":405},{"@type":"BreadcrumbList","@id":"https:\/\/evertonfc.cz\/index.php\/2012\/12\/29\/preview-everton-chelsea-8\/#breadcrumb","itemListElement":[{"@type":"ListItem","position":1,"name":"Home","item":"https:\/\/evertonfc.cz\/"},{"@type":"ListItem","position":2,"name":"Preview: Everton &#8211; Chelsea"}]},{"@type":"WebSite","@id":"https:\/\/evertonfc.cz\/#website","url":"https:\/\/evertonfc.cz\/","name":"Official Czech &amp; Slovak Everton Supporters&#039; Club","description":"","publisher":{"@id":"https:\/\/evertonfc.cz\/#organization"},"potentialAction":[{"@type":"SearchAction","target":{"@type":"EntryPoint","urlTemplate":"https:\/\/evertonfc.cz\/?s={search_term_string}"},"query-input":{"@type":"PropertyValueSpecification","valueRequired":true,"valueName":"search_term_string"}}],"inLanguage":"cs"},{"@type":"Organization","@id":"https:\/\/evertonfc.cz\/#organization","name":"Official Czech & Slovak Everton Supporters' Club","url":"https:\/\/evertonfc.cz\/","logo":{"@type":"ImageObject","inLanguage":"cs","@id":"https:\/\/evertonfc.cz\/#\/schema\/logo\/image\/","url":"https:\/\/evertonfc.cz\/wp-content\/uploads\/2019\/05\/logo.png","contentUrl":"https:\/\/evertonfc.cz\/wp-content\/uploads\/2019\/05\/logo.png","width":112,"height":112,"caption":"Official Czech & Slovak Everton Supporters' Club"},"image":{"@id":"https:\/\/evertonfc.cz\/#\/schema\/logo\/image\/"},"sameAs":["https:\/\/www.facebook.com\/everton.fans.cz.sk"]},{"@type":"Person","@id":"https:\/\/evertonfc.cz\/#\/schema\/person\/f7a5daedb2ffee98480bc70e191aaef1","name":"Ri\u010di","sameAs":["https:\/\/x.com\/rbrejsa"],"url":"https:\/\/evertonfc.cz\/index.php\/author\/rici\/"}]}},"_links":{"self":[{"href":"https:\/\/evertonfc.cz\/index.php\/wp-json\/wp\/v2\/posts\/5903"}],"collection":[{"href":"https:\/\/evertonfc.cz\/index.php\/wp-json\/wp\/v2\/posts"}],"about":[{"href":"https:\/\/evertonfc.cz\/index.php\/wp-json\/wp\/v2\/types\/post"}],"author":[{"embeddable":true,"href":"https:\/\/evertonfc.cz\/index.php\/wp-json\/wp\/v2\/users\/6"}],"replies":[{"embeddable":true,"href":"https:\/\/evertonfc.cz\/index.php\/wp-json\/wp\/v2\/comments?post=5903"}],"version-history":[{"count":3,"href":"https:\/\/evertonfc.cz\/index.php\/wp-json\/wp\/v2\/posts\/5903\/revisions"}],"predecessor-version":[{"id":5963,"href":"https:\/\/evertonfc.cz\/index.php\/wp-json\/wp\/v2\/posts\/5903\/revisions\/5963"}],"wp:featuredmedia":[{"embeddable":true,"href":"https:\/\/evertonfc.cz\/index.php\/wp-json\/wp\/v2\/media\/13143"}],"wp:attachment":[{"href":"https:\/\/evertonfc.cz\/index.php\/wp-json\/wp\/v2\/media?parent=5903"}],"wp:term":[{"taxonomy":"category","embeddable":true,"href":"https:\/\/evertonfc.cz\/index.php\/wp-json\/wp\/v2\/categories?post=5903"},{"taxonomy":"post_tag","embeddable":true,"href":"https:\/\/evertonfc.cz\/index.php\/wp-json\/wp\/v2\/tags?post=5903"}],"curies":[{"name":"wp","href":"https:\/\/api.w.org\/{rel}","templated":true}]}}