{"id":5905,"date":"2012-12-26T14:12:59","date_gmt":"2012-12-26T13:12:59","guid":{"rendered":"http:\/\/evertonfc.cz\/?p=5905"},"modified":"2019-02-16T14:14:39","modified_gmt":"2019-02-16T13:14:39","slug":"everton-wigan-athletic-21","status":"publish","type":"post","link":"https:\/\/evertonfc.cz\/index.php\/2012\/12\/26\/everton-wigan-athletic-21\/","title":{"rendered":"Everton &#8211; Wigan Athletic 2:1"},"content":{"rendered":"<h4 id=\"NewsPostDetailSummary\">Na Boxing Day Everton neohromil, p\u0159esto ve st\u0159etnut\u00ed proti Wiganu dok\u00e1zal zv\u00edt\u011bzit. V n\u00e1sleduj\u00edc\u00edm kole proti Chelsea budou muset Toffees rozhodn\u011b p\u0159edv\u00e9st lep\u0161\u00ed v\u00fdkon.<\/h4>\n<div id=\"NewsPostDetailContent\">\n<p>Jedinou zm\u011bnu oproti duelu na p\u016fd\u011b West Hamu provedl David Moyes, Heitingu nahradil Thomas Hitzlsperger, kter\u00fd se postavil do st\u0159edu z\u00e1lohy, z n\u00ed\u017e se st\u00e1hl na prav\u00e9ho obr\u00e1nce Phil Neville.<\/p>\n<p>Wigan za\u010dal aktivn\u011b a nedovolil se Evertonu dostat do obvykl\u00e9 p\u0159evahy. Po deseti minut\u00e1ch se v\u0161ak dom\u00e1c\u00ed za\u010dali prosazovat, nejprve Figueroa v\u010dasn\u00fdm z\u00e1sahem zabr\u00e1nil lep\u0161\u00edmu hlavi\u010dkov\u00e9mu pokusu Distina a n\u00e1sledn\u011b Pienaarova zte\u010dov\u00e1na st\u0159ela po dobr\u00e9 kombinaci m\u00ed\u0159ila do bo\u010dn\u00ed s\u00edt\u011b.<\/p>\n<p>Na druh\u00e9 stran\u011b ve 24. minut\u011b zasahoval Howard s men\u0161\u00ed n\u00e1mahou proti trestn\u00e9mu kopu Maloneyho. Trochu v\u00edce us\u00edl\u00ed musel Howard po chvilce vyvinout u Stamovy st\u0159ely.<\/p>\n<p>P\u011bt minut p\u0159ed koncem polo\u010dasu se sna\u017eil Anichebe vyb\u00eddnout ke sk\u00f3rov\u00e1n\u00ed Jelavi\u0107e, z\u00e1s\u00e1hnul ale Boyce. K Anichebemu se je\u0161t\u011b m\u00ed\u010d vr\u00e1til, jeho pokus byl v\u0161ak zblokov\u00e1n na roh. Jinak oba t\u00fdmy v prvn\u00ed p\u016fli p\u0159\u00edli\u0161 fotbalov\u00e9 kr\u00e1sy nenab\u00eddly, chyb\u011bla kreativita. Toffees se neprosadili ani z mnoha roh\u016f.<\/p>\n<p>O p\u0159est\u00e1vce Everton vyst\u0159\u00eddal ve snaze o\u017eivit hru, Steven Naismith nahradil Gibsona a postavil na pravou stranu z\u00e1lohy. Leon Osman se tak mohl st\u00e1hnout do st\u0159edu.<\/p>\n<p>Ve 49. minut\u011b potvrdil Hitzlsperger svou pov\u011bst Kladiva, nasadil soupe\u0159i jesli\u010dky a z velk\u00e9 d\u00e1lky bombou oraz\u00edtkoval b\u0159evno. Zanedlouho se po kli\u010dkovan\u00e9 ve v\u00e1pn\u011b ke slab\u00e9mu zakon\u010den\u00ed dostal Osman. \u0160ikovn\u00fd z\u00e1lo\u017en\u00edk se prosadil a\u017e v 52. minut\u011b a s d\u00e1vkou \u0161t\u011bst\u00ed, jeho st\u0159ela zpoza v\u00e1pna se odrazila od ruky Caldwella do protipohybu Al-Habsiho, kter\u00fd se sta\u010dil u\u017e pouze oto\u010dit za bal\u00f3nem t\u0159epotaj\u00edc\u00edm se v s\u00edti &#8211; <strong>1:0<\/strong>.<\/p>\n<p>Wigan se nach\u00e1zel pod tlakem, z ojedin\u011bl\u00e9 akce v 58. minut\u011b se po kontaktu Maloneyho a Osmana host\u00e9 vehementn\u011b do\u017eadovali pokutov\u00e9 kopu. Rozhod\u010d\u00ed Lee Mason byl opa\u010dn\u00e9ho n\u00e1zoru.<\/p>\n<p>Everton se po vst\u0159elen\u00e9 brance zat\u00e1hl a zbyte\u010dn\u011b dovolil soupe\u0159i kontrolovat hru, Moyes na to reagoval v 70. minut\u011b dvojit\u00fdm st\u0159\u00edd\u00e1n\u00edm. Ze h\u0159i\u0161t\u011b ode\u0161el Anichebe a Hitzlsperger, vym\u011bnili je Oviedo a Heitinga.<\/p>\n<p>K\u00fd\u017eenou pojistiku p\u0159inesla 77. minuta, Neville poslal po rychl\u00e9 rozehr\u00e1vce z rohu ide\u00e1ln\u00ed centr do v\u00e1pna, kde si na n\u011bj nasko\u010dil Jagielka a bezchybnou hlavi\u010dkou sk\u00f3roval &#8211; <strong>2:0<\/strong>.<\/p>\n<p>Jen\u017ee v 82. minut\u011b Everton op\u011bt zcela propadl v obran\u011b, Kon\u00e9 se probojoval k zakon\u010den\u00ed zbl\u00edzka, i kdy\u017e kolem n\u011bj st\u00e1li Baines, Distin a Jagielka &#8211; <strong>2:1<\/strong>.<\/p>\n<p>Ze z\u00e1v\u011bre\u010dn\u00e9ho tlaku se Latics dostali pouze ke st\u0159ele nad br\u00e1nu z kopa\u010dky McCarthyho, Everton tak v\u00edt\u011bzstv\u00ed udr\u017eel.<\/p>\n<p><strong>Branky:<\/strong> 52. Leon Osman 77. Phil Jagielka &#8211; 82. Arouna Kon\u00e9<br \/>\n<strong>\u017dK:<\/strong> 89. Nikica Jelavi\u0107 &#8211; 58. Jean Beausejour 88. Maynor Figueroa 90. Gary Caldwell<br \/>\n<strong>Everton FC:<\/strong> Tim Howard, Leighton Baines, Phil Jagielka, Sylvain Distin, Phil Neville, Darron Gibson (46. Steven Naismith), Thomas Hitzlsperger (70. John Heitinga), Leon Osman, Steven Pienaar, Nikica Jelavi\u0107, Victor Anichebe (70. Bryan Oviedo)<br \/>\n<strong>Wigan Athletic:<\/strong> Ali Al Habsi, Gary Caldwell, Emmerson Boyce, Maynor Figueroa, James McCarthy, David Jones (72. Franco Di Santo), Jean Beausejour, Ronnie Stam (79. Jordi G\u00f3mez), Arouna Kon\u00e9, Shaun Maloney, James McArthur <strong>Rozhod\u010d\u00ed:<\/strong> Lee Mason<br \/>\n<strong>Div\u00e1ci:<\/strong> 38 749<\/p>\n<\/div>\n","protected":false},"excerpt":{"rendered":"<p>Na Boxing Day Everton neohromil, p\u0159esto ve st\u0159etnut\u00ed proti Wiganu dok\u00e1zal zv\u00edt\u011bzit. V n\u00e1sleduj\u00edc\u00edm kole proti Chelsea budou muset Toffees&hellip;<\/p>\n","protected":false},"author":6,"featured_media":1315,"comment_status":"open","ping_status":"closed","sticky":false,"template":"","format":"standard","meta":{"_eb_attr":"","_monsterinsights_skip_tracking":false,"_monsterinsights_sitenote_active":false,"_monsterinsights_sitenote_note":"","_monsterinsights_sitenote_category":0,"footnotes":""},"categories":[4],"tags":[],"yoast_head":"<!-- This site is optimized with the Yoast SEO plugin v23.4 - https:\/\/yoast.com\/wordpress\/plugins\/seo\/ -->\n<title>Everton - Wigan Athletic 2:1 - Official Czech &amp; Slovak Everton Supporters&#039; Club<\/title>\n<meta name=\"robots\" content=\"index, follow, max-snippet:-1, max-image-preview:large, max-video-preview:-1\" \/>\n<link rel=\"canonical\" href=\"https:\/\/evertonfc.cz\/index.php\/2012\/12\/26\/everton-wigan-athletic-21\/\" \/>\n<meta property=\"og:locale\" content=\"cs_CZ\" \/>\n<meta property=\"og:type\" content=\"article\" \/>\n<meta property=\"og:title\" content=\"Everton - Wigan Athletic 2:1 - Official Czech &amp; Slovak Everton Supporters&#039; Club\" \/>\n<meta property=\"og:description\" content=\"Na Boxing Day Everton neohromil, p\u0159esto ve st\u0159etnut\u00ed proti Wiganu dok\u00e1zal zv\u00edt\u011bzit. V n\u00e1sleduj\u00edc\u00edm kole proti Chelsea budou muset Toffees&hellip;\" \/>\n<meta property=\"og:url\" content=\"https:\/\/evertonfc.cz\/index.php\/2012\/12\/26\/everton-wigan-athletic-21\/\" \/>\n<meta property=\"og:site_name\" content=\"Official Czech &amp; Slovak Everton Supporters&#039; Club\" \/>\n<meta property=\"article:publisher\" content=\"https:\/\/www.facebook.com\/everton.fans.cz.sk\" \/>\n<meta property=\"article:published_time\" content=\"2012-12-26T13:12:59+00:00\" \/>\n<meta property=\"article:modified_time\" content=\"2019-02-16T13:14:39+00:00\" \/>\n<meta property=\"og:image\" content=\"https:\/\/evertonfc.cz\/wp-content\/uploads\/2019\/01\/report.jpg\" \/>\n\t<meta property=\"og:image:width\" content=\"720\" \/>\n\t<meta property=\"og:image:height\" content=\"405\" \/>\n\t<meta property=\"og:image:type\" content=\"image\/jpeg\" \/>\n<meta name=\"author\" content=\"Ri\u010di\" \/>\n<meta name=\"twitter:card\" content=\"summary_large_image\" \/>\n<meta name=\"twitter:creator\" content=\"@rbrejsa\" \/>\n<meta name=\"twitter:label1\" content=\"Napsal(a)\" \/>\n\t<meta name=\"twitter:data1\" content=\"Ri\u010di\" \/>\n\t<meta name=\"twitter:label2\" content=\"Odhadovan\u00e1 doba \u010dten\u00ed\" \/>\n\t<meta name=\"twitter:data2\" content=\"3 minuty\" \/>\n<script type=\"application\/ld+json\" class=\"yoast-schema-graph\">{\"@context\":\"https:\/\/schema.org\",\"@graph\":[{\"@type\":\"Article\",\"@id\":\"https:\/\/evertonfc.cz\/index.php\/2012\/12\/26\/everton-wigan-athletic-21\/#article\",\"isPartOf\":{\"@id\":\"https:\/\/evertonfc.cz\/index.php\/2012\/12\/26\/everton-wigan-athletic-21\/\"},\"author\":{\"name\":\"Ri\u010di\",\"@id\":\"https:\/\/evertonfc.cz\/#\/schema\/person\/f7a5daedb2ffee98480bc70e191aaef1\"},\"headline\":\"Everton &#8211; Wigan Athletic 2:1\",\"datePublished\":\"2012-12-26T13:12:59+00:00\",\"dateModified\":\"2019-02-16T13:14:39+00:00\",\"mainEntityOfPage\":{\"@id\":\"https:\/\/evertonfc.cz\/index.php\/2012\/12\/26\/everton-wigan-athletic-21\/\"},\"wordCount\":608,\"commentCount\":0,\"publisher\":{\"@id\":\"https:\/\/evertonfc.cz\/#organization\"},\"image\":{\"@id\":\"https:\/\/evertonfc.cz\/index.php\/2012\/12\/26\/everton-wigan-athletic-21\/#primaryimage\"},\"thumbnailUrl\":\"https:\/\/evertonfc.cz\/wp-content\/uploads\/2019\/01\/report.jpg\",\"articleSection\":[\"Z\u00e1pasy\"],\"inLanguage\":\"cs\",\"potentialAction\":[{\"@type\":\"CommentAction\",\"name\":\"Comment\",\"target\":[\"https:\/\/evertonfc.cz\/index.php\/2012\/12\/26\/everton-wigan-athletic-21\/#respond\"]}]},{\"@type\":\"WebPage\",\"@id\":\"https:\/\/evertonfc.cz\/index.php\/2012\/12\/26\/everton-wigan-athletic-21\/\",\"url\":\"https:\/\/evertonfc.cz\/index.php\/2012\/12\/26\/everton-wigan-athletic-21\/\",\"name\":\"Everton - Wigan Athletic 2:1 - Official Czech &amp; Slovak Everton Supporters&#039; Club\",\"isPartOf\":{\"@id\":\"https:\/\/evertonfc.cz\/#website\"},\"primaryImageOfPage\":{\"@id\":\"https:\/\/evertonfc.cz\/index.php\/2012\/12\/26\/everton-wigan-athletic-21\/#primaryimage\"},\"image\":{\"@id\":\"https:\/\/evertonfc.cz\/index.php\/2012\/12\/26\/everton-wigan-athletic-21\/#primaryimage\"},\"thumbnailUrl\":\"https:\/\/evertonfc.cz\/wp-content\/uploads\/2019\/01\/report.jpg\",\"datePublished\":\"2012-12-26T13:12:59+00:00\",\"dateModified\":\"2019-02-16T13:14:39+00:00\",\"breadcrumb\":{\"@id\":\"https:\/\/evertonfc.cz\/index.php\/2012\/12\/26\/everton-wigan-athletic-21\/#breadcrumb\"},\"inLanguage\":\"cs\",\"potentialAction\":[{\"@type\":\"ReadAction\",\"target\":[\"https:\/\/evertonfc.cz\/index.php\/2012\/12\/26\/everton-wigan-athletic-21\/\"]}]},{\"@type\":\"ImageObject\",\"inLanguage\":\"cs\",\"@id\":\"https:\/\/evertonfc.cz\/index.php\/2012\/12\/26\/everton-wigan-athletic-21\/#primaryimage\",\"url\":\"https:\/\/evertonfc.cz\/wp-content\/uploads\/2019\/01\/report.jpg\",\"contentUrl\":\"https:\/\/evertonfc.cz\/wp-content\/uploads\/2019\/01\/report.jpg\",\"width\":720,\"height\":405},{\"@type\":\"BreadcrumbList\",\"@id\":\"https:\/\/evertonfc.cz\/index.php\/2012\/12\/26\/everton-wigan-athletic-21\/#breadcrumb\",\"itemListElement\":[{\"@type\":\"ListItem\",\"position\":1,\"name\":\"Home\",\"item\":\"https:\/\/evertonfc.cz\/\"},{\"@type\":\"ListItem\",\"position\":2,\"name\":\"Everton &#8211; Wigan Athletic 2:1\"}]},{\"@type\":\"WebSite\",\"@id\":\"https:\/\/evertonfc.cz\/#website\",\"url\":\"https:\/\/evertonfc.cz\/\",\"name\":\"Official Czech &amp; Slovak Everton Supporters&#039; Club\",\"description\":\"\",\"publisher\":{\"@id\":\"https:\/\/evertonfc.cz\/#organization\"},\"potentialAction\":[{\"@type\":\"SearchAction\",\"target\":{\"@type\":\"EntryPoint\",\"urlTemplate\":\"https:\/\/evertonfc.cz\/?s={search_term_string}\"},\"query-input\":{\"@type\":\"PropertyValueSpecification\",\"valueRequired\":true,\"valueName\":\"search_term_string\"}}],\"inLanguage\":\"cs\"},{\"@type\":\"Organization\",\"@id\":\"https:\/\/evertonfc.cz\/#organization\",\"name\":\"Official Czech & Slovak Everton Supporters' Club\",\"url\":\"https:\/\/evertonfc.cz\/\",\"logo\":{\"@type\":\"ImageObject\",\"inLanguage\":\"cs\",\"@id\":\"https:\/\/evertonfc.cz\/#\/schema\/logo\/image\/\",\"url\":\"https:\/\/evertonfc.cz\/wp-content\/uploads\/2019\/05\/logo.png\",\"contentUrl\":\"https:\/\/evertonfc.cz\/wp-content\/uploads\/2019\/05\/logo.png\",\"width\":112,\"height\":112,\"caption\":\"Official Czech & Slovak Everton Supporters' Club\"},\"image\":{\"@id\":\"https:\/\/evertonfc.cz\/#\/schema\/logo\/image\/\"},\"sameAs\":[\"https:\/\/www.facebook.com\/everton.fans.cz.sk\"]},{\"@type\":\"Person\",\"@id\":\"https:\/\/evertonfc.cz\/#\/schema\/person\/f7a5daedb2ffee98480bc70e191aaef1\",\"name\":\"Ri\u010di\",\"sameAs\":[\"https:\/\/x.com\/rbrejsa\"],\"url\":\"https:\/\/evertonfc.cz\/index.php\/author\/rici\/\"}]}<\/script>\n<!-- \/ Yoast SEO plugin. -->","yoast_head_json":{"title":"Everton - Wigan Athletic 2:1 - Official Czech &amp; Slovak Everton Supporters&#039; Club","robots":{"index":"index","follow":"follow","max-snippet":"max-snippet:-1","max-image-preview":"max-image-preview:large","max-video-preview":"max-video-preview:-1"},"canonical":"https:\/\/evertonfc.cz\/index.php\/2012\/12\/26\/everton-wigan-athletic-21\/","og_locale":"cs_CZ","og_type":"article","og_title":"Everton - Wigan Athletic 2:1 - Official Czech &amp; Slovak Everton Supporters&#039; Club","og_description":"Na Boxing Day Everton neohromil, p\u0159esto ve st\u0159etnut\u00ed proti Wiganu dok\u00e1zal zv\u00edt\u011bzit. V n\u00e1sleduj\u00edc\u00edm kole proti Chelsea budou muset Toffees&hellip;","og_url":"https:\/\/evertonfc.cz\/index.php\/2012\/12\/26\/everton-wigan-athletic-21\/","og_site_name":"Official Czech &amp; Slovak Everton Supporters&#039; Club","article_publisher":"https:\/\/www.facebook.com\/everton.fans.cz.sk","article_published_time":"2012-12-26T13:12:59+00:00","article_modified_time":"2019-02-16T13:14:39+00:00","og_image":[{"width":720,"height":405,"url":"https:\/\/evertonfc.cz\/wp-content\/uploads\/2019\/01\/report.jpg","type":"image\/jpeg"}],"author":"Ri\u010di","twitter_card":"summary_large_image","twitter_creator":"@rbrejsa","twitter_misc":{"Napsal(a)":"Ri\u010di","Odhadovan\u00e1 doba \u010dten\u00ed":"3 minuty"},"schema":{"@context":"https:\/\/schema.org","@graph":[{"@type":"Article","@id":"https:\/\/evertonfc.cz\/index.php\/2012\/12\/26\/everton-wigan-athletic-21\/#article","isPartOf":{"@id":"https:\/\/evertonfc.cz\/index.php\/2012\/12\/26\/everton-wigan-athletic-21\/"},"author":{"name":"Ri\u010di","@id":"https:\/\/evertonfc.cz\/#\/schema\/person\/f7a5daedb2ffee98480bc70e191aaef1"},"headline":"Everton &#8211; Wigan Athletic 2:1","datePublished":"2012-12-26T13:12:59+00:00","dateModified":"2019-02-16T13:14:39+00:00","mainEntityOfPage":{"@id":"https:\/\/evertonfc.cz\/index.php\/2012\/12\/26\/everton-wigan-athletic-21\/"},"wordCount":608,"commentCount":0,"publisher":{"@id":"https:\/\/evertonfc.cz\/#organization"},"image":{"@id":"https:\/\/evertonfc.cz\/index.php\/2012\/12\/26\/everton-wigan-athletic-21\/#primaryimage"},"thumbnailUrl":"https:\/\/evertonfc.cz\/wp-content\/uploads\/2019\/01\/report.jpg","articleSection":["Z\u00e1pasy"],"inLanguage":"cs","potentialAction":[{"@type":"CommentAction","name":"Comment","target":["https:\/\/evertonfc.cz\/index.php\/2012\/12\/26\/everton-wigan-athletic-21\/#respond"]}]},{"@type":"WebPage","@id":"https:\/\/evertonfc.cz\/index.php\/2012\/12\/26\/everton-wigan-athletic-21\/","url":"https:\/\/evertonfc.cz\/index.php\/2012\/12\/26\/everton-wigan-athletic-21\/","name":"Everton - Wigan Athletic 2:1 - Official Czech &amp; Slovak Everton Supporters&#039; Club","isPartOf":{"@id":"https:\/\/evertonfc.cz\/#website"},"primaryImageOfPage":{"@id":"https:\/\/evertonfc.cz\/index.php\/2012\/12\/26\/everton-wigan-athletic-21\/#primaryimage"},"image":{"@id":"https:\/\/evertonfc.cz\/index.php\/2012\/12\/26\/everton-wigan-athletic-21\/#primaryimage"},"thumbnailUrl":"https:\/\/evertonfc.cz\/wp-content\/uploads\/2019\/01\/report.jpg","datePublished":"2012-12-26T13:12:59+00:00","dateModified":"2019-02-16T13:14:39+00:00","breadcrumb":{"@id":"https:\/\/evertonfc.cz\/index.php\/2012\/12\/26\/everton-wigan-athletic-21\/#breadcrumb"},"inLanguage":"cs","potentialAction":[{"@type":"ReadAction","target":["https:\/\/evertonfc.cz\/index.php\/2012\/12\/26\/everton-wigan-athletic-21\/"]}]},{"@type":"ImageObject","inLanguage":"cs","@id":"https:\/\/evertonfc.cz\/index.php\/2012\/12\/26\/everton-wigan-athletic-21\/#primaryimage","url":"https:\/\/evertonfc.cz\/wp-content\/uploads\/2019\/01\/report.jpg","contentUrl":"https:\/\/evertonfc.cz\/wp-content\/uploads\/2019\/01\/report.jpg","width":720,"height":405},{"@type":"BreadcrumbList","@id":"https:\/\/evertonfc.cz\/index.php\/2012\/12\/26\/everton-wigan-athletic-21\/#breadcrumb","itemListElement":[{"@type":"ListItem","position":1,"name":"Home","item":"https:\/\/evertonfc.cz\/"},{"@type":"ListItem","position":2,"name":"Everton &#8211; Wigan Athletic 2:1"}]},{"@type":"WebSite","@id":"https:\/\/evertonfc.cz\/#website","url":"https:\/\/evertonfc.cz\/","name":"Official Czech &amp; Slovak Everton Supporters&#039; Club","description":"","publisher":{"@id":"https:\/\/evertonfc.cz\/#organization"},"potentialAction":[{"@type":"SearchAction","target":{"@type":"EntryPoint","urlTemplate":"https:\/\/evertonfc.cz\/?s={search_term_string}"},"query-input":{"@type":"PropertyValueSpecification","valueRequired":true,"valueName":"search_term_string"}}],"inLanguage":"cs"},{"@type":"Organization","@id":"https:\/\/evertonfc.cz\/#organization","name":"Official Czech & Slovak Everton Supporters' Club","url":"https:\/\/evertonfc.cz\/","logo":{"@type":"ImageObject","inLanguage":"cs","@id":"https:\/\/evertonfc.cz\/#\/schema\/logo\/image\/","url":"https:\/\/evertonfc.cz\/wp-content\/uploads\/2019\/05\/logo.png","contentUrl":"https:\/\/evertonfc.cz\/wp-content\/uploads\/2019\/05\/logo.png","width":112,"height":112,"caption":"Official Czech & Slovak Everton Supporters' Club"},"image":{"@id":"https:\/\/evertonfc.cz\/#\/schema\/logo\/image\/"},"sameAs":["https:\/\/www.facebook.com\/everton.fans.cz.sk"]},{"@type":"Person","@id":"https:\/\/evertonfc.cz\/#\/schema\/person\/f7a5daedb2ffee98480bc70e191aaef1","name":"Ri\u010di","sameAs":["https:\/\/x.com\/rbrejsa"],"url":"https:\/\/evertonfc.cz\/index.php\/author\/rici\/"}]}},"_links":{"self":[{"href":"https:\/\/evertonfc.cz\/index.php\/wp-json\/wp\/v2\/posts\/5905"}],"collection":[{"href":"https:\/\/evertonfc.cz\/index.php\/wp-json\/wp\/v2\/posts"}],"about":[{"href":"https:\/\/evertonfc.cz\/index.php\/wp-json\/wp\/v2\/types\/post"}],"author":[{"embeddable":true,"href":"https:\/\/evertonfc.cz\/index.php\/wp-json\/wp\/v2\/users\/6"}],"replies":[{"embeddable":true,"href":"https:\/\/evertonfc.cz\/index.php\/wp-json\/wp\/v2\/comments?post=5905"}],"version-history":[{"count":1,"href":"https:\/\/evertonfc.cz\/index.php\/wp-json\/wp\/v2\/posts\/5905\/revisions"}],"predecessor-version":[{"id":5906,"href":"https:\/\/evertonfc.cz\/index.php\/wp-json\/wp\/v2\/posts\/5905\/revisions\/5906"}],"wp:featuredmedia":[{"embeddable":true,"href":"https:\/\/evertonfc.cz\/index.php\/wp-json\/wp\/v2\/media\/1315"}],"wp:attachment":[{"href":"https:\/\/evertonfc.cz\/index.php\/wp-json\/wp\/v2\/media?parent=5905"}],"wp:term":[{"taxonomy":"category","embeddable":true,"href":"https:\/\/evertonfc.cz\/index.php\/wp-json\/wp\/v2\/categories?post=5905"},{"taxonomy":"post_tag","embeddable":true,"href":"https:\/\/evertonfc.cz\/index.php\/wp-json\/wp\/v2\/tags?post=5905"}],"curies":[{"name":"wp","href":"https:\/\/api.w.org\/{rel}","templated":true}]}}