{"id":5910,"date":"2012-12-17T14:22:36","date_gmt":"2012-12-17T13:22:36","guid":{"rendered":"http:\/\/evertonfc.cz\/?p=5910"},"modified":"2019-02-16T18:22:24","modified_gmt":"2019-02-16T17:22:24","slug":"fellaini-si-tri-zapasy-odpocine","status":"publish","type":"post","link":"https:\/\/evertonfc.cz\/index.php\/2012\/12\/17\/fellaini-si-tri-zapasy-odpocine\/","title":{"rendered":"Fellaini si t\u0159i z\u00e1pasy odpo\u010dine"},"content":{"rendered":"<h4 id=\"NewsPostDetailSummary\">Marouane Fellaini dostal po z\u00e1sluze za sv\u00e9 nevhodn\u00e9 chov\u00e1n\u00ed z utk\u00e1n\u00ed proti Stoke City trest na nejbli\u017e\u0161\u00ed t\u0159i ligov\u00e1 kola, nezahraje si na West Hamu a doma proti Wiganu a Chelsea. Hr\u00e1\u010d a klub trest akceptuj\u00ed a neodvolaj\u00ed se proti n\u011bmu.<\/h4>\n<div id=\"NewsPostDetailContent\">\n<p>Z\u00e1b\u011bry, jak Belgi\u010dan poslal hlavou k zemi Ryana Shawcrosse, o v\u00edkendu oblet\u011bly cel\u00fd sv\u011bt. Rozhod\u010d\u00ed Mark Halsey si incidentu z 59. nev\u0161iml, a tak Fellaini z rukou sud\u00edho nevid\u011bl \u017e\u00e1dnou kartu. FA s\u00e1hla k distancu a\u017e na z\u00e1klad\u011b usv\u011bd\u010den\u00ed videoz\u00e1znamem.<\/p>\n<p>Fellaini Shawcrosse nesportovn\u011b atakoval tak\u00e9 v 71. a 91. minut\u011b, \u010deho\u017e u\u017e si Halsey v\u0161imnul, a uvedl to do z\u00e1pisu o st\u0159etnut\u00ed. Je tedy s podivem, \u017ee aktu\u00e1ln\u011b nejg\u00f3lov\u011bj\u0161\u00ed hr\u00e1\u010d Evertonu dostal trest pouze na t\u0159i utk\u00e1n\u00ed.<\/p>\n<p>Fellaini rozhodn\u011b \u0161l\u00e1pl vedle, a\u010dkoliv Shawcross s n\u00edm cel\u00fdch devades\u00e1t minut rozhodn\u011b nezach\u00e1zel v rukavi\u010dk\u00e1ch a rozhod\u010d\u00ed anglick\u00e9mu stoperovi tvrdou hru toleroval, jen\u017ee podobn\u00e9 excesy si mus\u00ed fotbalista ka\u017ed\u00e9 \u00farovn\u011b odpustit. Zvl\u00e1\u0161\u0165 kdy\u017e se netaj\u00ed ambicemi hr\u00e1t v nejlep\u0161\u00edch t\u00fdmech sv\u011bta. Po st\u0159etnut\u00ed se aspo\u0148 Fella omlouvil: <em>\u201eStra\u0161n\u011b se omlouv\u00e1m Ryanu Shawcrossovi, spoluhr\u00e1\u010d\u016fm a na\u0161im fanou\u0161k\u016fm p\u0159\u00edtomn\u00fdm na Britannia Stadium. <\/em><\/p>\n<p><em>V pokutov\u00e9m \u00fazem\u00ed soupe\u0159e doch\u00e1zelo k mnoha strkanic\u00edm a tahanic\u00edm, nec\u00edtil jsem ze strany rozhod\u010d\u00edch plnou ochranu. P\u0159esto si uv\u011bdomuji, \u017ee jsem to ud\u011blat nem\u011bl.\u00a0<\/em><em>Omlouv\u00e1m se i mana\u017eerovi a person\u00e1lu. Neexistuj\u00ed \u017e\u00e1dn\u00e9 v\u00fdmluvy. Byl jsem zklam\u00e1n, jak m\u011b soupe\u0159i br\u00e1n\u00ed. Ztratil jsem nervy, nezachoval jsem se profesion\u00e1ln\u011b.\u201c<\/em><\/p>\n<p>K cel\u00e9 situaci okam\u017eit\u011b postavil rozumn\u011b David Moyes. <em>\u201eZaslou\u017e\u00ed si trest. V\u0161e jsem dob\u0159e vid\u011bl, jde o \u0161patnou v\u011bc. Rozhodnut\u00ed le\u017e\u00ed na bedrech FA, jedn\u00e1 se v\u0161ak o neakceptovateln\u00fd \u010din, Fellainimu jsem to s\u00e1m \u0159ekl.\u201c<\/em><\/p>\n<p>Fellaini si za sv\u016fj nesportovn\u00ed akt nese n\u00e1sledky, nejen Sylvain Distin ale v\u011b\u0159\u00ed, \u017ee se st\u0159edn\u00ed z\u00e1lo\u017en\u00edk do budoucna ponau\u010d\u00ed: <em>\u201ePat\u0159\u00ed k na\u0161im v\u00fdborn\u00fdm hr\u00e1\u010d\u016fm, letos se mu da\u0159\u00ed skv\u011ble, st\u0159\u00edl\u00ed branky, trest pro n\u011bj bude znamenat cennou lekci. P\u0159ed z\u00e1pasem jsme spolu mluvili, vysv\u011btloval jsem mu, \u017ee ho m\u016f\u017ee p\u0159\u00edstup soupe\u0159 rozhodit, nesm\u00ed ov\u0161em reagovat p\u0159ehnan\u011b. Nakonec chyboval, ale ponau\u010d\u00ed se z toho.\u201c<\/em><\/p>\n<\/div>\n","protected":false},"excerpt":{"rendered":"<p>Marouane Fellaini dostal po z\u00e1sluze za sv\u00e9 nevhodn\u00e9 chov\u00e1n\u00ed z utk\u00e1n\u00ed proti Stoke City trest na nejbli\u017e\u0161\u00ed t\u0159i ligov\u00e1 kola,&hellip;<\/p>\n","protected":false},"author":6,"featured_media":1313,"comment_status":"open","ping_status":"closed","sticky":false,"template":"","format":"standard","meta":{"_eb_attr":"","_monsterinsights_skip_tracking":false,"_monsterinsights_sitenote_active":false,"_monsterinsights_sitenote_note":"","_monsterinsights_sitenote_category":0,"footnotes":""},"categories":[42],"tags":[],"yoast_head":"<!-- This site is optimized with the Yoast SEO plugin v23.4 - https:\/\/yoast.com\/wordpress\/plugins\/seo\/ -->\n<title>Fellaini si t\u0159i z\u00e1pasy odpo\u010dine - Official Czech &amp; Slovak Everton Supporters&#039; Club<\/title>\n<meta name=\"robots\" content=\"index, follow, max-snippet:-1, max-image-preview:large, max-video-preview:-1\" \/>\n<link rel=\"canonical\" href=\"https:\/\/evertonfc.cz\/index.php\/2012\/12\/17\/fellaini-si-tri-zapasy-odpocine\/\" \/>\n<meta property=\"og:locale\" content=\"cs_CZ\" \/>\n<meta property=\"og:type\" content=\"article\" \/>\n<meta property=\"og:title\" content=\"Fellaini si t\u0159i z\u00e1pasy odpo\u010dine - Official Czech &amp; Slovak Everton Supporters&#039; Club\" \/>\n<meta property=\"og:description\" content=\"Marouane Fellaini dostal po z\u00e1sluze za sv\u00e9 nevhodn\u00e9 chov\u00e1n\u00ed z utk\u00e1n\u00ed proti Stoke City trest na nejbli\u017e\u0161\u00ed t\u0159i ligov\u00e1 kola,&hellip;\" \/>\n<meta property=\"og:url\" content=\"https:\/\/evertonfc.cz\/index.php\/2012\/12\/17\/fellaini-si-tri-zapasy-odpocine\/\" \/>\n<meta property=\"og:site_name\" content=\"Official Czech &amp; Slovak Everton Supporters&#039; Club\" \/>\n<meta property=\"article:publisher\" content=\"https:\/\/www.facebook.com\/everton.fans.cz.sk\" \/>\n<meta property=\"article:published_time\" content=\"2012-12-17T13:22:36+00:00\" \/>\n<meta property=\"article:modified_time\" content=\"2019-02-16T17:22:24+00:00\" \/>\n<meta property=\"og:image\" content=\"https:\/\/evertonfc.cz\/wp-content\/uploads\/2019\/01\/news.jpg\" \/>\n\t<meta property=\"og:image:width\" content=\"720\" \/>\n\t<meta property=\"og:image:height\" content=\"405\" \/>\n\t<meta property=\"og:image:type\" content=\"image\/jpeg\" \/>\n<meta name=\"author\" content=\"Ri\u010di\" \/>\n<meta name=\"twitter:card\" content=\"summary_large_image\" \/>\n<meta name=\"twitter:creator\" content=\"@rbrejsa\" \/>\n<meta name=\"twitter:label1\" content=\"Napsal(a)\" \/>\n\t<meta name=\"twitter:data1\" content=\"Ri\u010di\" \/>\n\t<meta name=\"twitter:label2\" content=\"Odhadovan\u00e1 doba \u010dten\u00ed\" \/>\n\t<meta name=\"twitter:data2\" content=\"2 minuty\" \/>\n<script type=\"application\/ld+json\" class=\"yoast-schema-graph\">{\"@context\":\"https:\/\/schema.org\",\"@graph\":[{\"@type\":\"Article\",\"@id\":\"https:\/\/evertonfc.cz\/index.php\/2012\/12\/17\/fellaini-si-tri-zapasy-odpocine\/#article\",\"isPartOf\":{\"@id\":\"https:\/\/evertonfc.cz\/index.php\/2012\/12\/17\/fellaini-si-tri-zapasy-odpocine\/\"},\"author\":{\"name\":\"Ri\u010di\",\"@id\":\"https:\/\/evertonfc.cz\/#\/schema\/person\/f7a5daedb2ffee98480bc70e191aaef1\"},\"headline\":\"Fellaini si t\u0159i z\u00e1pasy odpo\u010dine\",\"datePublished\":\"2012-12-17T13:22:36+00:00\",\"dateModified\":\"2019-02-16T17:22:24+00:00\",\"mainEntityOfPage\":{\"@id\":\"https:\/\/evertonfc.cz\/index.php\/2012\/12\/17\/fellaini-si-tri-zapasy-odpocine\/\"},\"wordCount\":427,\"commentCount\":0,\"publisher\":{\"@id\":\"https:\/\/evertonfc.cz\/#organization\"},\"image\":{\"@id\":\"https:\/\/evertonfc.cz\/index.php\/2012\/12\/17\/fellaini-si-tri-zapasy-odpocine\/#primaryimage\"},\"thumbnailUrl\":\"https:\/\/evertonfc.cz\/wp-content\/uploads\/2019\/01\/news.jpg\",\"articleSection\":[\"Aktuality\"],\"inLanguage\":\"cs\",\"potentialAction\":[{\"@type\":\"CommentAction\",\"name\":\"Comment\",\"target\":[\"https:\/\/evertonfc.cz\/index.php\/2012\/12\/17\/fellaini-si-tri-zapasy-odpocine\/#respond\"]}]},{\"@type\":\"WebPage\",\"@id\":\"https:\/\/evertonfc.cz\/index.php\/2012\/12\/17\/fellaini-si-tri-zapasy-odpocine\/\",\"url\":\"https:\/\/evertonfc.cz\/index.php\/2012\/12\/17\/fellaini-si-tri-zapasy-odpocine\/\",\"name\":\"Fellaini si t\u0159i z\u00e1pasy odpo\u010dine - Official Czech &amp; Slovak Everton Supporters&#039; Club\",\"isPartOf\":{\"@id\":\"https:\/\/evertonfc.cz\/#website\"},\"primaryImageOfPage\":{\"@id\":\"https:\/\/evertonfc.cz\/index.php\/2012\/12\/17\/fellaini-si-tri-zapasy-odpocine\/#primaryimage\"},\"image\":{\"@id\":\"https:\/\/evertonfc.cz\/index.php\/2012\/12\/17\/fellaini-si-tri-zapasy-odpocine\/#primaryimage\"},\"thumbnailUrl\":\"https:\/\/evertonfc.cz\/wp-content\/uploads\/2019\/01\/news.jpg\",\"datePublished\":\"2012-12-17T13:22:36+00:00\",\"dateModified\":\"2019-02-16T17:22:24+00:00\",\"breadcrumb\":{\"@id\":\"https:\/\/evertonfc.cz\/index.php\/2012\/12\/17\/fellaini-si-tri-zapasy-odpocine\/#breadcrumb\"},\"inLanguage\":\"cs\",\"potentialAction\":[{\"@type\":\"ReadAction\",\"target\":[\"https:\/\/evertonfc.cz\/index.php\/2012\/12\/17\/fellaini-si-tri-zapasy-odpocine\/\"]}]},{\"@type\":\"ImageObject\",\"inLanguage\":\"cs\",\"@id\":\"https:\/\/evertonfc.cz\/index.php\/2012\/12\/17\/fellaini-si-tri-zapasy-odpocine\/#primaryimage\",\"url\":\"https:\/\/evertonfc.cz\/wp-content\/uploads\/2019\/01\/news.jpg\",\"contentUrl\":\"https:\/\/evertonfc.cz\/wp-content\/uploads\/2019\/01\/news.jpg\",\"width\":720,\"height\":405},{\"@type\":\"BreadcrumbList\",\"@id\":\"https:\/\/evertonfc.cz\/index.php\/2012\/12\/17\/fellaini-si-tri-zapasy-odpocine\/#breadcrumb\",\"itemListElement\":[{\"@type\":\"ListItem\",\"position\":1,\"name\":\"Home\",\"item\":\"https:\/\/evertonfc.cz\/\"},{\"@type\":\"ListItem\",\"position\":2,\"name\":\"Fellaini si t\u0159i z\u00e1pasy odpo\u010dine\"}]},{\"@type\":\"WebSite\",\"@id\":\"https:\/\/evertonfc.cz\/#website\",\"url\":\"https:\/\/evertonfc.cz\/\",\"name\":\"Official Czech &amp; Slovak Everton Supporters&#039; Club\",\"description\":\"\",\"publisher\":{\"@id\":\"https:\/\/evertonfc.cz\/#organization\"},\"potentialAction\":[{\"@type\":\"SearchAction\",\"target\":{\"@type\":\"EntryPoint\",\"urlTemplate\":\"https:\/\/evertonfc.cz\/?s={search_term_string}\"},\"query-input\":{\"@type\":\"PropertyValueSpecification\",\"valueRequired\":true,\"valueName\":\"search_term_string\"}}],\"inLanguage\":\"cs\"},{\"@type\":\"Organization\",\"@id\":\"https:\/\/evertonfc.cz\/#organization\",\"name\":\"Official Czech & Slovak Everton Supporters' Club\",\"url\":\"https:\/\/evertonfc.cz\/\",\"logo\":{\"@type\":\"ImageObject\",\"inLanguage\":\"cs\",\"@id\":\"https:\/\/evertonfc.cz\/#\/schema\/logo\/image\/\",\"url\":\"https:\/\/evertonfc.cz\/wp-content\/uploads\/2019\/05\/logo.png\",\"contentUrl\":\"https:\/\/evertonfc.cz\/wp-content\/uploads\/2019\/05\/logo.png\",\"width\":112,\"height\":112,\"caption\":\"Official Czech & Slovak Everton Supporters' Club\"},\"image\":{\"@id\":\"https:\/\/evertonfc.cz\/#\/schema\/logo\/image\/\"},\"sameAs\":[\"https:\/\/www.facebook.com\/everton.fans.cz.sk\"]},{\"@type\":\"Person\",\"@id\":\"https:\/\/evertonfc.cz\/#\/schema\/person\/f7a5daedb2ffee98480bc70e191aaef1\",\"name\":\"Ri\u010di\",\"sameAs\":[\"https:\/\/x.com\/rbrejsa\"],\"url\":\"https:\/\/evertonfc.cz\/index.php\/author\/rici\/\"}]}<\/script>\n<!-- \/ Yoast SEO plugin. -->","yoast_head_json":{"title":"Fellaini si t\u0159i z\u00e1pasy odpo\u010dine - Official Czech &amp; Slovak Everton Supporters&#039; Club","robots":{"index":"index","follow":"follow","max-snippet":"max-snippet:-1","max-image-preview":"max-image-preview:large","max-video-preview":"max-video-preview:-1"},"canonical":"https:\/\/evertonfc.cz\/index.php\/2012\/12\/17\/fellaini-si-tri-zapasy-odpocine\/","og_locale":"cs_CZ","og_type":"article","og_title":"Fellaini si t\u0159i z\u00e1pasy odpo\u010dine - Official Czech &amp; Slovak Everton Supporters&#039; Club","og_description":"Marouane Fellaini dostal po z\u00e1sluze za sv\u00e9 nevhodn\u00e9 chov\u00e1n\u00ed z utk\u00e1n\u00ed proti Stoke City trest na nejbli\u017e\u0161\u00ed t\u0159i ligov\u00e1 kola,&hellip;","og_url":"https:\/\/evertonfc.cz\/index.php\/2012\/12\/17\/fellaini-si-tri-zapasy-odpocine\/","og_site_name":"Official Czech &amp; Slovak Everton Supporters&#039; Club","article_publisher":"https:\/\/www.facebook.com\/everton.fans.cz.sk","article_published_time":"2012-12-17T13:22:36+00:00","article_modified_time":"2019-02-16T17:22:24+00:00","og_image":[{"width":720,"height":405,"url":"https:\/\/evertonfc.cz\/wp-content\/uploads\/2019\/01\/news.jpg","type":"image\/jpeg"}],"author":"Ri\u010di","twitter_card":"summary_large_image","twitter_creator":"@rbrejsa","twitter_misc":{"Napsal(a)":"Ri\u010di","Odhadovan\u00e1 doba \u010dten\u00ed":"2 minuty"},"schema":{"@context":"https:\/\/schema.org","@graph":[{"@type":"Article","@id":"https:\/\/evertonfc.cz\/index.php\/2012\/12\/17\/fellaini-si-tri-zapasy-odpocine\/#article","isPartOf":{"@id":"https:\/\/evertonfc.cz\/index.php\/2012\/12\/17\/fellaini-si-tri-zapasy-odpocine\/"},"author":{"name":"Ri\u010di","@id":"https:\/\/evertonfc.cz\/#\/schema\/person\/f7a5daedb2ffee98480bc70e191aaef1"},"headline":"Fellaini si t\u0159i z\u00e1pasy odpo\u010dine","datePublished":"2012-12-17T13:22:36+00:00","dateModified":"2019-02-16T17:22:24+00:00","mainEntityOfPage":{"@id":"https:\/\/evertonfc.cz\/index.php\/2012\/12\/17\/fellaini-si-tri-zapasy-odpocine\/"},"wordCount":427,"commentCount":0,"publisher":{"@id":"https:\/\/evertonfc.cz\/#organization"},"image":{"@id":"https:\/\/evertonfc.cz\/index.php\/2012\/12\/17\/fellaini-si-tri-zapasy-odpocine\/#primaryimage"},"thumbnailUrl":"https:\/\/evertonfc.cz\/wp-content\/uploads\/2019\/01\/news.jpg","articleSection":["Aktuality"],"inLanguage":"cs","potentialAction":[{"@type":"CommentAction","name":"Comment","target":["https:\/\/evertonfc.cz\/index.php\/2012\/12\/17\/fellaini-si-tri-zapasy-odpocine\/#respond"]}]},{"@type":"WebPage","@id":"https:\/\/evertonfc.cz\/index.php\/2012\/12\/17\/fellaini-si-tri-zapasy-odpocine\/","url":"https:\/\/evertonfc.cz\/index.php\/2012\/12\/17\/fellaini-si-tri-zapasy-odpocine\/","name":"Fellaini si t\u0159i z\u00e1pasy odpo\u010dine - Official Czech &amp; Slovak Everton Supporters&#039; Club","isPartOf":{"@id":"https:\/\/evertonfc.cz\/#website"},"primaryImageOfPage":{"@id":"https:\/\/evertonfc.cz\/index.php\/2012\/12\/17\/fellaini-si-tri-zapasy-odpocine\/#primaryimage"},"image":{"@id":"https:\/\/evertonfc.cz\/index.php\/2012\/12\/17\/fellaini-si-tri-zapasy-odpocine\/#primaryimage"},"thumbnailUrl":"https:\/\/evertonfc.cz\/wp-content\/uploads\/2019\/01\/news.jpg","datePublished":"2012-12-17T13:22:36+00:00","dateModified":"2019-02-16T17:22:24+00:00","breadcrumb":{"@id":"https:\/\/evertonfc.cz\/index.php\/2012\/12\/17\/fellaini-si-tri-zapasy-odpocine\/#breadcrumb"},"inLanguage":"cs","potentialAction":[{"@type":"ReadAction","target":["https:\/\/evertonfc.cz\/index.php\/2012\/12\/17\/fellaini-si-tri-zapasy-odpocine\/"]}]},{"@type":"ImageObject","inLanguage":"cs","@id":"https:\/\/evertonfc.cz\/index.php\/2012\/12\/17\/fellaini-si-tri-zapasy-odpocine\/#primaryimage","url":"https:\/\/evertonfc.cz\/wp-content\/uploads\/2019\/01\/news.jpg","contentUrl":"https:\/\/evertonfc.cz\/wp-content\/uploads\/2019\/01\/news.jpg","width":720,"height":405},{"@type":"BreadcrumbList","@id":"https:\/\/evertonfc.cz\/index.php\/2012\/12\/17\/fellaini-si-tri-zapasy-odpocine\/#breadcrumb","itemListElement":[{"@type":"ListItem","position":1,"name":"Home","item":"https:\/\/evertonfc.cz\/"},{"@type":"ListItem","position":2,"name":"Fellaini si t\u0159i z\u00e1pasy odpo\u010dine"}]},{"@type":"WebSite","@id":"https:\/\/evertonfc.cz\/#website","url":"https:\/\/evertonfc.cz\/","name":"Official Czech &amp; Slovak Everton Supporters&#039; Club","description":"","publisher":{"@id":"https:\/\/evertonfc.cz\/#organization"},"potentialAction":[{"@type":"SearchAction","target":{"@type":"EntryPoint","urlTemplate":"https:\/\/evertonfc.cz\/?s={search_term_string}"},"query-input":{"@type":"PropertyValueSpecification","valueRequired":true,"valueName":"search_term_string"}}],"inLanguage":"cs"},{"@type":"Organization","@id":"https:\/\/evertonfc.cz\/#organization","name":"Official Czech & Slovak Everton Supporters' Club","url":"https:\/\/evertonfc.cz\/","logo":{"@type":"ImageObject","inLanguage":"cs","@id":"https:\/\/evertonfc.cz\/#\/schema\/logo\/image\/","url":"https:\/\/evertonfc.cz\/wp-content\/uploads\/2019\/05\/logo.png","contentUrl":"https:\/\/evertonfc.cz\/wp-content\/uploads\/2019\/05\/logo.png","width":112,"height":112,"caption":"Official Czech & Slovak Everton Supporters' Club"},"image":{"@id":"https:\/\/evertonfc.cz\/#\/schema\/logo\/image\/"},"sameAs":["https:\/\/www.facebook.com\/everton.fans.cz.sk"]},{"@type":"Person","@id":"https:\/\/evertonfc.cz\/#\/schema\/person\/f7a5daedb2ffee98480bc70e191aaef1","name":"Ri\u010di","sameAs":["https:\/\/x.com\/rbrejsa"],"url":"https:\/\/evertonfc.cz\/index.php\/author\/rici\/"}]}},"_links":{"self":[{"href":"https:\/\/evertonfc.cz\/index.php\/wp-json\/wp\/v2\/posts\/5910"}],"collection":[{"href":"https:\/\/evertonfc.cz\/index.php\/wp-json\/wp\/v2\/posts"}],"about":[{"href":"https:\/\/evertonfc.cz\/index.php\/wp-json\/wp\/v2\/types\/post"}],"author":[{"embeddable":true,"href":"https:\/\/evertonfc.cz\/index.php\/wp-json\/wp\/v2\/users\/6"}],"replies":[{"embeddable":true,"href":"https:\/\/evertonfc.cz\/index.php\/wp-json\/wp\/v2\/comments?post=5910"}],"version-history":[{"count":3,"href":"https:\/\/evertonfc.cz\/index.php\/wp-json\/wp\/v2\/posts\/5910\/revisions"}],"predecessor-version":[{"id":5966,"href":"https:\/\/evertonfc.cz\/index.php\/wp-json\/wp\/v2\/posts\/5910\/revisions\/5966"}],"wp:featuredmedia":[{"embeddable":true,"href":"https:\/\/evertonfc.cz\/index.php\/wp-json\/wp\/v2\/media\/1313"}],"wp:attachment":[{"href":"https:\/\/evertonfc.cz\/index.php\/wp-json\/wp\/v2\/media?parent=5910"}],"wp:term":[{"taxonomy":"category","embeddable":true,"href":"https:\/\/evertonfc.cz\/index.php\/wp-json\/wp\/v2\/categories?post=5910"},{"taxonomy":"post_tag","embeddable":true,"href":"https:\/\/evertonfc.cz\/index.php\/wp-json\/wp\/v2\/tags?post=5910"}],"curies":[{"name":"wp","href":"https:\/\/api.w.org\/{rel}","templated":true}]}}