{"id":5914,"date":"2012-12-14T14:25:23","date_gmt":"2012-12-14T13:25:23","guid":{"rendered":"http:\/\/evertonfc.cz\/?p=5914"},"modified":"2024-11-02T13:45:35","modified_gmt":"2024-11-02T12:45:35","slug":"preview-stoke-city-everton-7","status":"publish","type":"post","link":"https:\/\/evertonfc.cz\/index.php\/2012\/12\/14\/preview-stoke-city-everton-7\/","title":{"rendered":"Preview: Stoke City &#8211; Everton"},"content":{"rendered":"<h4 id=\"NewsPostDetailSummary\">Everton v minul\u00e9m z\u00e1pase vykouzlil ne\u010dekan\u00fd obrat a po del\u0161\u00ed dob\u011b bral t\u0159i body. Jak se mu ale povede na p\u016fd\u011b nejtvrd\u0161\u00edho t\u00fdmu v lize?<\/h4>\n<div id=\"NewsPostDetailContent\">\n<p>U\u017e je to hezk\u00fdch n\u011bkolik t\u00fddn\u016f, co Everton d\u00e1v\u00e1 zapomenout na sv\u016fj raketov\u00fd start do sezony. B\u011bhem desetiz\u00e1pasov\u00e9ho, bodov\u011b nep\u0159\u00edli\u0161 plodn\u00e9ho obdob\u00ed, trvaj\u00edc\u00edho od konce z\u00e1\u0159\u00ed, sice prohr\u00e1l jen jednou, jen\u017ee k tomu p\u0159idal sedm rem\u00edz, le\u010d na druhou stranu posledn\u00ed dv\u011b z nich p\u0159i\u0161ly proti Arsenalu a Manchesteru City. K pochmurn\u00e9mu fotbalov\u00e9mu ve\u010deru se tak\u00e9 schylovalo v minul\u00e9m kole. Prohra s Tottenhamem, p\u0159\u00edm\u00fdm konkurentem o \u010dtvrt\u00e9 m\u00edsto, by Toffees v maratonu o poh\u00e1ry zasadila nep\u0159\u00edjemnou r\u00e1nu.<\/p>\n<p>Jen\u017ee p\u0159edem odepisovat Everton se u\u017e \u0159\u00e1dce t\u00fdm\u016f nevyplatilo a dojeli na to i Spurs. O v\u00fdhru na Goodison Parku p\u0159i\u0161li v posledn\u00edch minut\u00e1ch z\u00e1pasu a Evertonu se v tabulce znovu koukaj\u00ed na z\u00e1da. Vyhr\u00e1t z\u00e1pasy dv\u011bma g\u00f3ly z 90. minuty a nastaven\u00ed je samo o sob\u011b kr\u00e1sn\u00fdm po\u010dinem, pro nadch\u00e1zej\u00edc\u00ed v\u00fdvoj sezony v\u0161ak mo\u017en\u00e1 budou m\u00edt velk\u00fd efekt i auto\u0159i obou tref. Stevenu Pienaarovi a Nikicu Jelavi\u0107ovi se toti\u017e v p\u0159edchoz\u00edch z\u00e1pasech vylo\u017een\u011b neda\u0159ilo a g\u00f3lov\u00e1 vzpruha pro oba kl\u00ed\u010dov\u00e9 hr\u00e1\u010de v tak d\u016fle\u017eit\u00e9m z\u00e1pase je p\u0159ed hektick\u00fdm v\u00e1no\u010dn\u00edm programem darem z nebes.<\/p>\n<p>Nav\u00edc jako dal\u0161\u00ed motivace m\u016f\u017ee cel\u00e9mu t\u00fdmu slou\u017eit p\u0159edstava t\u0159et\u00edho m\u00edsta v tabulce. Everton se tam m\u016f\u017ee posunout v p\u0159\u00edpad\u011b, \u017ee Potters poraz\u00ed o \u010dty\u0159i a v\u00edce g\u00f3l\u016f. To, \u017ee se mu to na 99% nepovede je z\u0159ejm\u00e9, ale ve fotbale jsou mo\u017en\u00e9 r\u016fzn\u00e9 v\u011bci. Sta\u010d\u00ed se v pam\u011bti vr\u00e1tit jen o t\u00fdden zp\u011bt.<\/p>\n<p>Jen\u017ee o nepravd\u011bpodobn\u00fd posun tabulkou se Toffees budou pokou\u0161et na Britannia Stadium, tak\u017ee pr\u016fm\u011brn\u00e9 \u00fasil\u00ed vynalo\u017een\u00e9 za ziskem bod\u016f mus\u00edte dvojn\u00e1sobit. Tradi\u010dn\u00ed pevnost Potters odol\u00e1v\u00e1 i letos &#8211; doma neprohr\u00e1li ji\u017e patn\u00e1ct z\u00e1pas\u016f v \u0159ad\u011b, celkov\u011b dr\u017e\u00ed ji\u017e \u0161estiz\u00e1pasovou s\u00e9rii neporazitelnosti a od \u010dtvrt\u00e9ho m\u00edsta je d\u011bl\u00ed pouh\u00e9 t\u0159i body!<\/p>\n<p>Za\u010d\u00e1tek sezony se Stoke p\u0159itom nepovedl. Prvn\u00ed v\u00fdhru si p\u0159ipsal a\u017e 29. z\u00e1\u0159\u00ed, kdy doma p\u0159emohl Swansea City a ta druh\u00e1 p\u0159i\u0161la a\u017e v polovin\u011b listopadu v\u00edt\u011bzstv\u00edm nad Queens Park Rangers. Od t\u00e9 doby ale Potters vyhr\u00e1li dal\u0161\u00ed t\u0159i z\u00e1pasy (Fulham, Newcastle, West Brom) a ze dvou si odnesl po jednom bod\u011b (West Ham a Aston Villa).<\/p>\n<h4><strong>Z\u00e1pasov\u00e1 fakta<\/strong><\/h4>\n<p>Ve vz\u00e1jemn\u00fdch z\u00e1pasech vede s 58 v\u00fdhrami Everton, zat\u00edmco Stoke City posb\u00edral 32 v\u00fdher. Celkov\u011b se oba t\u00fdmy v lize setkaly 122x. Od postupu do Premier League v roce 2008, Potters doma s Toffees prohr\u00e1li jen jednou, a to hned v prvn\u00edm z\u00e1pase ze z\u00e1\u0159\u00ed 2008, kdy Everton zv\u00edt\u011bzil 3-2. Od t\u00e9 doby se zrodily dv\u011b rem\u00edzy a jedna v\u00fdhra Stoke.<\/p>\n<h4><strong>Stoke City<\/strong><\/h4>\n<ul>\n<li>Pokud v z\u00e1pase neprohraje, vyrovn\u00e1 sv\u016fj rekord z Premier League v po\u010dtu sedmi neprohran\u00fdch z\u00e1pas\u016f v \u0159ad\u011b.<\/li>\n<li>\u010ctrn\u00e1ctiz\u00e1pasov\u00e1 \u0161\u0148\u016fra dom\u00e1c\u00ed neporazitelnosti obsahuje vyrovnan\u011b sedm v\u00fdher a sedm rem\u00edz, p\u0159i\u010dem\u017e posledn\u00ed t\u0159i z\u00e1pasy Potters vyhr\u00e1li.<\/li>\n<li>Letos udr\u017eel nejv\u00edce \u010dist\u00fdch \u0161t\u00edt\u016f v lize (osm) a tak\u00e9 inkasoval nejm\u00e9n\u011b g\u00f3l\u016f ze v\u0161ech t\u00fdm\u016f (12). V posledn\u00edch osmi z\u00e1pasech Potters dostali pouh\u00e9 t\u0159i branky.<\/li>\n<\/ul>\n<h4><strong>Everton<\/strong><\/h4>\n<ul>\n<li>Kdy\u017e v sezon\u011b 2004\/05 naposled skon\u010dil na \u010dtvrt\u00e9m m\u00edst\u011b, v t\u00e9to f\u00e1zi sezony m\u011bl o sedm bod\u016f v\u00edce, ne\u017e nyn\u00ed.<\/li>\n<li>V Premier League obdr\u017eel ji\u017e 999 g\u00f3l\u016f.<\/li>\n<li>Narozd\u00edl od sobotn\u00edho soupe\u0159e udr\u017eel v sezon\u011b pouh\u00e9 dv\u011b nuly a g\u00f3l dostal ve v\u0161ech z posledn\u00edch jeden\u00e1cti z\u00e1pas\u016f. Jde o nejdel\u0161\u00ed s\u00e9rii bez \u010dist\u00e9ho \u0161t\u00edtu od obdob\u00ed mezi \u0159\u00edjnem a prosincem 2009, kdy alespo\u0148 jeden g\u00f3l dostal ve 12 utk\u00e1n\u00edch.<\/li>\n<li>Leighton Baines oslav\u00ed sv\u016fj 250. z\u00e1pas v Premier League.<\/li>\n<\/ul>\n<h4><strong>Vz\u00e1jemn\u00e1 bilance<\/strong><\/h4>\n<ul>\n<li>Celkov\u011b:\u00a0\u00a0\u00a0\u00a0\u00a0\u00a0\u00a0\u00a0\u00a0\u00a0\u00a0\u00a0\u00a0\u00a0\u00a0\u00a0\u00a0\u00a0 32-31-58<\/li>\n<li>V Premier League:\u00a0\u00a0\u00a0\u00a0 2-3-3<\/li>\n<li>Na p\u016fd\u011b Stoke City:\u00a0 23-19-20<\/li>\n<\/ul>\n<h4><strong>Posledn\u00edch p\u011bt vz\u00e1jemn\u00fdch z\u00e1pas\u016f<\/strong><\/h4>\n<p>1.5. 2012, EPL, Stoke City &#8211; Everton 1-1 (Crouch OG)<br \/>\n4.12. 2011, EPL, Everton &#8211; Stoke City 0-1<br \/>\n1.1. 2011, EPL, Stoke City &#8211; Everton 2-0<br \/>\n30.10. 2010, EPL, Everton &#8211; Stoke City 1-0 (Yakubu)<br \/>\n1.5. 2010, EPL, Stoke City &#8211; Everton 0-0<\/p>\n<h4><strong>Absence<\/strong><\/h4>\n<p>Stoke bude bez Ryana Shottona, kter\u00fd si bude odpyk\u00e1vat jednoz\u00e1pasov\u00fd trest. Ten naopak vypr\u0161el Charlie Adamovi, zat\u00edmco zran\u011bn\u00ed dol\u00e9\u010duje Michael Owen. Evertonu bude chyb\u011bt Kevin Mirallas, kter\u00fd si v minul\u00e9m z\u00e1pase obnovil sv\u00e9 zran\u011bn\u00ed a d\u00e1l z\u016fst\u00e1v\u00e1 mimo hru Tony Hibbert, jeho\u017e poran\u011bn\u00e9 l\u00fdtko si vy\u017e\u00e1d\u00e1 operaci.<\/p>\n<ul>\n<li><strong>Kdy: <\/strong>15.12. 16:00 SE\u010c<\/li>\n<li><strong>Kde: <\/strong>Britannia Stadium<\/li>\n<li><strong>Rozhod\u010d\u00ed:<\/strong> Mark Halsey<\/li>\n<\/ul>\n<\/div>\n","protected":false},"excerpt":{"rendered":"<p>Everton v minul\u00e9m z\u00e1pase vykouzlil ne\u010dekan\u00fd obrat a po del\u0161\u00ed dob\u011b bral t\u0159i body. Jak se mu ale povede na&hellip;<\/p>\n","protected":false},"author":7,"featured_media":25544,"comment_status":"open","ping_status":"closed","sticky":false,"template":"","format":"standard","meta":{"_eb_attr":"","_monsterinsights_skip_tracking":false,"_monsterinsights_sitenote_active":false,"_monsterinsights_sitenote_note":"","_monsterinsights_sitenote_category":0,"footnotes":""},"categories":[4],"tags":[],"yoast_head":"<!-- This site is optimized with the Yoast SEO plugin v23.4 - https:\/\/yoast.com\/wordpress\/plugins\/seo\/ -->\n<title>Preview: Stoke City - Everton - Official Czech &amp; Slovak Everton Supporters&#039; Club<\/title>\n<meta name=\"robots\" content=\"index, follow, max-snippet:-1, max-image-preview:large, max-video-preview:-1\" \/>\n<link rel=\"canonical\" href=\"https:\/\/evertonfc.cz\/index.php\/2012\/12\/14\/preview-stoke-city-everton-7\/\" \/>\n<meta property=\"og:locale\" content=\"cs_CZ\" \/>\n<meta property=\"og:type\" content=\"article\" \/>\n<meta property=\"og:title\" content=\"Preview: Stoke City - Everton - Official Czech &amp; Slovak Everton Supporters&#039; Club\" \/>\n<meta property=\"og:description\" content=\"Everton v minul\u00e9m z\u00e1pase vykouzlil ne\u010dekan\u00fd obrat a po del\u0161\u00ed dob\u011b bral t\u0159i body. Jak se mu ale povede na&hellip;\" \/>\n<meta property=\"og:url\" content=\"https:\/\/evertonfc.cz\/index.php\/2012\/12\/14\/preview-stoke-city-everton-7\/\" \/>\n<meta property=\"og:site_name\" content=\"Official Czech &amp; Slovak Everton Supporters&#039; Club\" \/>\n<meta property=\"article:publisher\" content=\"https:\/\/www.facebook.com\/everton.fans.cz.sk\" \/>\n<meta property=\"article:published_time\" content=\"2012-12-14T13:25:23+00:00\" \/>\n<meta property=\"article:modified_time\" content=\"2024-11-02T12:45:35+00:00\" \/>\n<meta property=\"og:image\" content=\"https:\/\/evertonfc.cz\/wp-content\/uploads\/2024\/11\/Stoke-City-VS-Everton.png\" \/>\n\t<meta property=\"og:image:width\" content=\"720\" \/>\n\t<meta property=\"og:image:height\" content=\"405\" \/>\n\t<meta property=\"og:image:type\" content=\"image\/png\" \/>\n<meta name=\"author\" content=\"Me\u0148a\" \/>\n<meta name=\"twitter:card\" content=\"summary_large_image\" \/>\n<meta name=\"twitter:label1\" content=\"Napsal(a)\" \/>\n\t<meta name=\"twitter:data1\" content=\"Me\u0148a\" \/>\n\t<meta name=\"twitter:label2\" content=\"Odhadovan\u00e1 doba \u010dten\u00ed\" \/>\n\t<meta name=\"twitter:data2\" content=\"4 minuty\" \/>\n<script type=\"application\/ld+json\" class=\"yoast-schema-graph\">{\"@context\":\"https:\/\/schema.org\",\"@graph\":[{\"@type\":\"Article\",\"@id\":\"https:\/\/evertonfc.cz\/index.php\/2012\/12\/14\/preview-stoke-city-everton-7\/#article\",\"isPartOf\":{\"@id\":\"https:\/\/evertonfc.cz\/index.php\/2012\/12\/14\/preview-stoke-city-everton-7\/\"},\"author\":{\"name\":\"Me\u0148a\",\"@id\":\"https:\/\/evertonfc.cz\/#\/schema\/person\/cd6328a75577de2add7793fd4b0930c3\"},\"headline\":\"Preview: Stoke City &#8211; Everton\",\"datePublished\":\"2012-12-14T13:25:23+00:00\",\"dateModified\":\"2024-11-02T12:45:35+00:00\",\"mainEntityOfPage\":{\"@id\":\"https:\/\/evertonfc.cz\/index.php\/2012\/12\/14\/preview-stoke-city-everton-7\/\"},\"wordCount\":884,\"commentCount\":0,\"publisher\":{\"@id\":\"https:\/\/evertonfc.cz\/#organization\"},\"image\":{\"@id\":\"https:\/\/evertonfc.cz\/index.php\/2012\/12\/14\/preview-stoke-city-everton-7\/#primaryimage\"},\"thumbnailUrl\":\"https:\/\/evertonfc.cz\/wp-content\/uploads\/2024\/11\/Stoke-City-VS-Everton.png\",\"articleSection\":[\"Z\u00e1pasy\"],\"inLanguage\":\"cs\",\"potentialAction\":[{\"@type\":\"CommentAction\",\"name\":\"Comment\",\"target\":[\"https:\/\/evertonfc.cz\/index.php\/2012\/12\/14\/preview-stoke-city-everton-7\/#respond\"]}]},{\"@type\":\"WebPage\",\"@id\":\"https:\/\/evertonfc.cz\/index.php\/2012\/12\/14\/preview-stoke-city-everton-7\/\",\"url\":\"https:\/\/evertonfc.cz\/index.php\/2012\/12\/14\/preview-stoke-city-everton-7\/\",\"name\":\"Preview: Stoke City - Everton - Official Czech &amp; Slovak Everton Supporters&#039; Club\",\"isPartOf\":{\"@id\":\"https:\/\/evertonfc.cz\/#website\"},\"primaryImageOfPage\":{\"@id\":\"https:\/\/evertonfc.cz\/index.php\/2012\/12\/14\/preview-stoke-city-everton-7\/#primaryimage\"},\"image\":{\"@id\":\"https:\/\/evertonfc.cz\/index.php\/2012\/12\/14\/preview-stoke-city-everton-7\/#primaryimage\"},\"thumbnailUrl\":\"https:\/\/evertonfc.cz\/wp-content\/uploads\/2024\/11\/Stoke-City-VS-Everton.png\",\"datePublished\":\"2012-12-14T13:25:23+00:00\",\"dateModified\":\"2024-11-02T12:45:35+00:00\",\"breadcrumb\":{\"@id\":\"https:\/\/evertonfc.cz\/index.php\/2012\/12\/14\/preview-stoke-city-everton-7\/#breadcrumb\"},\"inLanguage\":\"cs\",\"potentialAction\":[{\"@type\":\"ReadAction\",\"target\":[\"https:\/\/evertonfc.cz\/index.php\/2012\/12\/14\/preview-stoke-city-everton-7\/\"]}]},{\"@type\":\"ImageObject\",\"inLanguage\":\"cs\",\"@id\":\"https:\/\/evertonfc.cz\/index.php\/2012\/12\/14\/preview-stoke-city-everton-7\/#primaryimage\",\"url\":\"https:\/\/evertonfc.cz\/wp-content\/uploads\/2024\/11\/Stoke-City-VS-Everton.png\",\"contentUrl\":\"https:\/\/evertonfc.cz\/wp-content\/uploads\/2024\/11\/Stoke-City-VS-Everton.png\",\"width\":720,\"height\":405},{\"@type\":\"BreadcrumbList\",\"@id\":\"https:\/\/evertonfc.cz\/index.php\/2012\/12\/14\/preview-stoke-city-everton-7\/#breadcrumb\",\"itemListElement\":[{\"@type\":\"ListItem\",\"position\":1,\"name\":\"Home\",\"item\":\"https:\/\/evertonfc.cz\/\"},{\"@type\":\"ListItem\",\"position\":2,\"name\":\"Preview: Stoke City &#8211; Everton\"}]},{\"@type\":\"WebSite\",\"@id\":\"https:\/\/evertonfc.cz\/#website\",\"url\":\"https:\/\/evertonfc.cz\/\",\"name\":\"Official Czech &amp; Slovak Everton Supporters&#039; Club\",\"description\":\"\",\"publisher\":{\"@id\":\"https:\/\/evertonfc.cz\/#organization\"},\"potentialAction\":[{\"@type\":\"SearchAction\",\"target\":{\"@type\":\"EntryPoint\",\"urlTemplate\":\"https:\/\/evertonfc.cz\/?s={search_term_string}\"},\"query-input\":{\"@type\":\"PropertyValueSpecification\",\"valueRequired\":true,\"valueName\":\"search_term_string\"}}],\"inLanguage\":\"cs\"},{\"@type\":\"Organization\",\"@id\":\"https:\/\/evertonfc.cz\/#organization\",\"name\":\"Official Czech & Slovak Everton Supporters' Club\",\"url\":\"https:\/\/evertonfc.cz\/\",\"logo\":{\"@type\":\"ImageObject\",\"inLanguage\":\"cs\",\"@id\":\"https:\/\/evertonfc.cz\/#\/schema\/logo\/image\/\",\"url\":\"https:\/\/evertonfc.cz\/wp-content\/uploads\/2019\/05\/logo.png\",\"contentUrl\":\"https:\/\/evertonfc.cz\/wp-content\/uploads\/2019\/05\/logo.png\",\"width\":112,\"height\":112,\"caption\":\"Official Czech & Slovak Everton Supporters' Club\"},\"image\":{\"@id\":\"https:\/\/evertonfc.cz\/#\/schema\/logo\/image\/\"},\"sameAs\":[\"https:\/\/www.facebook.com\/everton.fans.cz.sk\"]},{\"@type\":\"Person\",\"@id\":\"https:\/\/evertonfc.cz\/#\/schema\/person\/cd6328a75577de2add7793fd4b0930c3\",\"name\":\"Me\u0148a\",\"url\":\"https:\/\/evertonfc.cz\/index.php\/author\/mena\/\"}]}<\/script>\n<!-- \/ Yoast SEO plugin. -->","yoast_head_json":{"title":"Preview: Stoke City - Everton - Official Czech &amp; Slovak Everton Supporters&#039; Club","robots":{"index":"index","follow":"follow","max-snippet":"max-snippet:-1","max-image-preview":"max-image-preview:large","max-video-preview":"max-video-preview:-1"},"canonical":"https:\/\/evertonfc.cz\/index.php\/2012\/12\/14\/preview-stoke-city-everton-7\/","og_locale":"cs_CZ","og_type":"article","og_title":"Preview: Stoke City - Everton - Official Czech &amp; Slovak Everton Supporters&#039; Club","og_description":"Everton v minul\u00e9m z\u00e1pase vykouzlil ne\u010dekan\u00fd obrat a po del\u0161\u00ed dob\u011b bral t\u0159i body. Jak se mu ale povede na&hellip;","og_url":"https:\/\/evertonfc.cz\/index.php\/2012\/12\/14\/preview-stoke-city-everton-7\/","og_site_name":"Official Czech &amp; Slovak Everton Supporters&#039; Club","article_publisher":"https:\/\/www.facebook.com\/everton.fans.cz.sk","article_published_time":"2012-12-14T13:25:23+00:00","article_modified_time":"2024-11-02T12:45:35+00:00","og_image":[{"width":720,"height":405,"url":"https:\/\/evertonfc.cz\/wp-content\/uploads\/2024\/11\/Stoke-City-VS-Everton.png","type":"image\/png"}],"author":"Me\u0148a","twitter_card":"summary_large_image","twitter_misc":{"Napsal(a)":"Me\u0148a","Odhadovan\u00e1 doba \u010dten\u00ed":"4 minuty"},"schema":{"@context":"https:\/\/schema.org","@graph":[{"@type":"Article","@id":"https:\/\/evertonfc.cz\/index.php\/2012\/12\/14\/preview-stoke-city-everton-7\/#article","isPartOf":{"@id":"https:\/\/evertonfc.cz\/index.php\/2012\/12\/14\/preview-stoke-city-everton-7\/"},"author":{"name":"Me\u0148a","@id":"https:\/\/evertonfc.cz\/#\/schema\/person\/cd6328a75577de2add7793fd4b0930c3"},"headline":"Preview: Stoke City &#8211; Everton","datePublished":"2012-12-14T13:25:23+00:00","dateModified":"2024-11-02T12:45:35+00:00","mainEntityOfPage":{"@id":"https:\/\/evertonfc.cz\/index.php\/2012\/12\/14\/preview-stoke-city-everton-7\/"},"wordCount":884,"commentCount":0,"publisher":{"@id":"https:\/\/evertonfc.cz\/#organization"},"image":{"@id":"https:\/\/evertonfc.cz\/index.php\/2012\/12\/14\/preview-stoke-city-everton-7\/#primaryimage"},"thumbnailUrl":"https:\/\/evertonfc.cz\/wp-content\/uploads\/2024\/11\/Stoke-City-VS-Everton.png","articleSection":["Z\u00e1pasy"],"inLanguage":"cs","potentialAction":[{"@type":"CommentAction","name":"Comment","target":["https:\/\/evertonfc.cz\/index.php\/2012\/12\/14\/preview-stoke-city-everton-7\/#respond"]}]},{"@type":"WebPage","@id":"https:\/\/evertonfc.cz\/index.php\/2012\/12\/14\/preview-stoke-city-everton-7\/","url":"https:\/\/evertonfc.cz\/index.php\/2012\/12\/14\/preview-stoke-city-everton-7\/","name":"Preview: Stoke City - Everton - Official Czech &amp; Slovak Everton Supporters&#039; Club","isPartOf":{"@id":"https:\/\/evertonfc.cz\/#website"},"primaryImageOfPage":{"@id":"https:\/\/evertonfc.cz\/index.php\/2012\/12\/14\/preview-stoke-city-everton-7\/#primaryimage"},"image":{"@id":"https:\/\/evertonfc.cz\/index.php\/2012\/12\/14\/preview-stoke-city-everton-7\/#primaryimage"},"thumbnailUrl":"https:\/\/evertonfc.cz\/wp-content\/uploads\/2024\/11\/Stoke-City-VS-Everton.png","datePublished":"2012-12-14T13:25:23+00:00","dateModified":"2024-11-02T12:45:35+00:00","breadcrumb":{"@id":"https:\/\/evertonfc.cz\/index.php\/2012\/12\/14\/preview-stoke-city-everton-7\/#breadcrumb"},"inLanguage":"cs","potentialAction":[{"@type":"ReadAction","target":["https:\/\/evertonfc.cz\/index.php\/2012\/12\/14\/preview-stoke-city-everton-7\/"]}]},{"@type":"ImageObject","inLanguage":"cs","@id":"https:\/\/evertonfc.cz\/index.php\/2012\/12\/14\/preview-stoke-city-everton-7\/#primaryimage","url":"https:\/\/evertonfc.cz\/wp-content\/uploads\/2024\/11\/Stoke-City-VS-Everton.png","contentUrl":"https:\/\/evertonfc.cz\/wp-content\/uploads\/2024\/11\/Stoke-City-VS-Everton.png","width":720,"height":405},{"@type":"BreadcrumbList","@id":"https:\/\/evertonfc.cz\/index.php\/2012\/12\/14\/preview-stoke-city-everton-7\/#breadcrumb","itemListElement":[{"@type":"ListItem","position":1,"name":"Home","item":"https:\/\/evertonfc.cz\/"},{"@type":"ListItem","position":2,"name":"Preview: Stoke City &#8211; Everton"}]},{"@type":"WebSite","@id":"https:\/\/evertonfc.cz\/#website","url":"https:\/\/evertonfc.cz\/","name":"Official Czech &amp; Slovak Everton Supporters&#039; Club","description":"","publisher":{"@id":"https:\/\/evertonfc.cz\/#organization"},"potentialAction":[{"@type":"SearchAction","target":{"@type":"EntryPoint","urlTemplate":"https:\/\/evertonfc.cz\/?s={search_term_string}"},"query-input":{"@type":"PropertyValueSpecification","valueRequired":true,"valueName":"search_term_string"}}],"inLanguage":"cs"},{"@type":"Organization","@id":"https:\/\/evertonfc.cz\/#organization","name":"Official Czech & Slovak Everton Supporters' Club","url":"https:\/\/evertonfc.cz\/","logo":{"@type":"ImageObject","inLanguage":"cs","@id":"https:\/\/evertonfc.cz\/#\/schema\/logo\/image\/","url":"https:\/\/evertonfc.cz\/wp-content\/uploads\/2019\/05\/logo.png","contentUrl":"https:\/\/evertonfc.cz\/wp-content\/uploads\/2019\/05\/logo.png","width":112,"height":112,"caption":"Official Czech & Slovak Everton Supporters' Club"},"image":{"@id":"https:\/\/evertonfc.cz\/#\/schema\/logo\/image\/"},"sameAs":["https:\/\/www.facebook.com\/everton.fans.cz.sk"]},{"@type":"Person","@id":"https:\/\/evertonfc.cz\/#\/schema\/person\/cd6328a75577de2add7793fd4b0930c3","name":"Me\u0148a","url":"https:\/\/evertonfc.cz\/index.php\/author\/mena\/"}]}},"_links":{"self":[{"href":"https:\/\/evertonfc.cz\/index.php\/wp-json\/wp\/v2\/posts\/5914"}],"collection":[{"href":"https:\/\/evertonfc.cz\/index.php\/wp-json\/wp\/v2\/posts"}],"about":[{"href":"https:\/\/evertonfc.cz\/index.php\/wp-json\/wp\/v2\/types\/post"}],"author":[{"embeddable":true,"href":"https:\/\/evertonfc.cz\/index.php\/wp-json\/wp\/v2\/users\/7"}],"replies":[{"embeddable":true,"href":"https:\/\/evertonfc.cz\/index.php\/wp-json\/wp\/v2\/comments?post=5914"}],"version-history":[{"count":3,"href":"https:\/\/evertonfc.cz\/index.php\/wp-json\/wp\/v2\/posts\/5914\/revisions"}],"predecessor-version":[{"id":5971,"href":"https:\/\/evertonfc.cz\/index.php\/wp-json\/wp\/v2\/posts\/5914\/revisions\/5971"}],"wp:featuredmedia":[{"embeddable":true,"href":"https:\/\/evertonfc.cz\/index.php\/wp-json\/wp\/v2\/media\/25544"}],"wp:attachment":[{"href":"https:\/\/evertonfc.cz\/index.php\/wp-json\/wp\/v2\/media?parent=5914"}],"wp:term":[{"taxonomy":"category","embeddable":true,"href":"https:\/\/evertonfc.cz\/index.php\/wp-json\/wp\/v2\/categories?post=5914"},{"taxonomy":"post_tag","embeddable":true,"href":"https:\/\/evertonfc.cz\/index.php\/wp-json\/wp\/v2\/tags?post=5914"}],"curies":[{"name":"wp","href":"https:\/\/api.w.org\/{rel}","templated":true}]}}