{"id":5918,"date":"2012-12-09T14:52:22","date_gmt":"2012-12-09T13:52:22","guid":{"rendered":"http:\/\/evertonfc.cz\/?p=5918"},"modified":"2020-05-14T12:27:48","modified_gmt":"2020-05-14T10:27:48","slug":"9-sraz-fanousku-anglickeho-fotbalu","status":"publish","type":"post","link":"https:\/\/evertonfc.cz\/index.php\/2012\/12\/09\/9-sraz-fanousku-anglickeho-fotbalu\/","title":{"rendered":"9. sraz fanou\u0161k\u016f anglick\u00e9ho fotbalu"},"content":{"rendered":"<h4 id=\"NewsPostDetailSummary\">Tak\u00e9 na dev\u00e1t\u00e9m srazu fanou\u0161k\u016f anglick\u00e9ho fotbalu m\u011bla na\u0161e komunita \u010desk\u00fdch Evertonians zastoupen\u00ed. Ve fotbalov\u00e9m turnaji dokonce spole\u010dn\u011b s\u00a0p\u0159\u00edznivci Chelsea skon\u010dila na t\u0159et\u00edm m\u00edst\u011b.<\/h4>\n<div id=\"NewsPostDetailContent\">\n<p>Zimn\u00ed turnaj se letos konal v\u00a0Praze a na rozd\u00edl od letn\u00edho, \u0161lo o jednodenn\u00ed akci. N\u011bkte\u0159\u00ed nad\u0161enci v\u0161ak p\u0159ijeli do hlavn\u00edho m\u011bsta u\u017e ve\u010der p\u0159ed srazem.<\/p>\n<p>Samotn\u00fd sraz za\u010dal v\u00a0sobotu dopoledne fotbalov\u00fd turnajem. Celkem se poskl\u00e1dalo sedm t\u00fdm\u016f rozd\u011blen\u00fdch do dvou skupin. V \u201eA\u201c bojovaly celky Premierleague.cz, Sunderlandu, Tottenhamu a Liverpoolu. V \u201eB\u201c potom t\u0159i mu\u017estva: Blues, NewGun a Manchester United. Jeliko\u017e se hr\u00e1lo syst\u00e9m se \u010dty\u0159mi hr\u00e1\u010di v\u00a0poli a jedn\u00edm branka\u0159em, a my jsme z\u00a0Evertonu p\u0159ijeli \u010dty\u0159i (Fip, Me\u0148a, Javor, Ri\u010di), byli jsme slou\u010deni s\u00a0fanou\u0161ky Chelsea o stejn\u00e9m po\u010dtu do t\u00fdmu Blues.<\/p>\n<p>Z\u00a0obou skupin postupovali do semifin\u00e1le prvn\u00ed dv\u011b mu\u017estva, my jsme zah\u00e1jili turnaj proti ManUtd, kter\u00fd se netajil ambicemi na v\u00edt\u011bzstv\u00ed. Po dvou tref\u00e1ch Ri\u010diho a jedn\u00e9 Santiho z\u00a0Chelsea jsme dr\u017eeli nad\u011bjn\u00fd v\u00fdsledek 3:2, o n\u011bj\u017e jsme ale v\u00a0posledn\u00ed minut\u011b p\u0159i\u0161li.<\/p>\n<p>V\u00a0druh\u00e9m utk\u00e1n\u00ed proti NewGunu (mix Newcastlu a Arsenalu) jsme rovn\u011b\u017e vedli, dokonce 2:0. Sk\u00f3re otev\u0159el Fip a n\u00e1sledn\u011b po jeho akci si protivn\u00edk\u016fv branka\u0159 srazil m\u00ed\u010d do vlastn\u00ed s\u00edt\u011b (g\u00f3lman vyzn\u00e1val barvy LFC a asi p\u0159\u00edli\u0161 sledoval, jak chyt\u00e1 Pepe Reina). Jen\u017ee i tentokr\u00e1t jsme propadli v\u00a0z\u00e1v\u011bru a nechali NewGun vyrovnat. Dva body za dv\u011b rem\u00edzy n\u00e1m sta\u010dili k\u00a0postupu z\u00a0druh\u00e9ho m\u00edsta do semifin\u00e1le, kde se n\u00e1m do cesty postavil v\u00edt\u011bz A-skupiny mix PremierLeague.cz. V\u00a0bojovn\u00e9m st\u0159etnut\u00ed n\u00e1s poslal do veden\u00ed Fip, zku\u0161en\u00fd soupe\u0159 v\u0161ak vz\u00e1p\u011bt\u00ed vyrovnal a o sv\u00e9m postupu do fin\u00e1le rozhodl v\u00a0pokutov\u00fdch kopech.<\/p>\n<p>Na n\u00e1s zbylo kl\u00e1n\u00ed o 3. m\u00edsto, o to jsme se st\u0159etli s\u00a0fanou\u0161ky Sunderlandu. Po g\u00f3lu sympatizanta Chelsea a Ri\u010diho jsme se hodn\u011b p\u0159ibl\u00ed\u017eili v\u00fdh\u0159e, bohu\u017eel jsme op\u011bt neudr\u017eeli veden\u00ed a Sunderland na 2:2 vyrovnal v\u00a0posledn\u00edch vte\u0159in\u00e1ch. V\u00a0pokutov\u00fdch kopech jsme m\u00ed\u0159ili p\u0159esn\u011bji, a tak Javor prom\u011bn\u011bnou penaltou v\u00a0p\u0159edposledn\u00ed s\u00e9rii rozhodl o na\u0161em triumfu a celkov\u00e9m 3. m\u00edst\u011b. Turnaj vyhr\u00e1l ManUtd.<\/p>\n<p>Fotbal v\u0161ak p\u0159i podobn\u00fdch srazech nepat\u0159\u00ed k\u00a0hlavn\u00edm n\u00e1pln\u00edm, d\u016fle\u017eit\u011bj\u0161\u00ed je po del\u0161\u00ed dob\u011b se op\u011bt setkat a pokecat, proto jsme se skoro v\u0161ichni \u00fa\u010dastn\u00edci srazu ve\u010der p\u0159esunuli do restaurace.<\/p>\n<p>Organiz\u00e1tor\u016fm akce samoz\u0159ejm\u011b pat\u0159\u00ed pod\u011bkov\u00e1n\u00ed.<\/p>\n<\/div>\n","protected":false},"excerpt":{"rendered":"<p>Tak\u00e9 na dev\u00e1t\u00e9m srazu fanou\u0161k\u016f anglick\u00e9ho fotbalu m\u011bla na\u0161e komunita \u010desk\u00fdch Evertonians zastoupen\u00ed. Ve fotbalov\u00e9m turnaji dokonce spole\u010dn\u011b s\u00a0p\u0159\u00edznivci Chelsea&hellip;<\/p>\n","protected":false},"author":6,"featured_media":1313,"comment_status":"open","ping_status":"closed","sticky":false,"template":"","format":"standard","meta":{"_eb_attr":"","_monsterinsights_skip_tracking":false,"_monsterinsights_sitenote_active":false,"_monsterinsights_sitenote_note":"","_monsterinsights_sitenote_category":0,"footnotes":""},"categories":[85],"tags":[],"yoast_head":"<!-- This site is optimized with the Yoast SEO plugin v23.4 - https:\/\/yoast.com\/wordpress\/plugins\/seo\/ -->\n<title>9. sraz fanou\u0161k\u016f anglick\u00e9ho fotbalu - Official Czech &amp; Slovak Everton Supporters&#039; Club<\/title>\n<meta name=\"robots\" content=\"index, follow, max-snippet:-1, max-image-preview:large, max-video-preview:-1\" \/>\n<link rel=\"canonical\" href=\"https:\/\/evertonfc.cz\/index.php\/2012\/12\/09\/9-sraz-fanousku-anglickeho-fotbalu\/\" \/>\n<meta property=\"og:locale\" content=\"cs_CZ\" \/>\n<meta property=\"og:type\" content=\"article\" \/>\n<meta property=\"og:title\" content=\"9. sraz fanou\u0161k\u016f anglick\u00e9ho fotbalu - Official Czech &amp; Slovak Everton Supporters&#039; Club\" \/>\n<meta property=\"og:description\" content=\"Tak\u00e9 na dev\u00e1t\u00e9m srazu fanou\u0161k\u016f anglick\u00e9ho fotbalu m\u011bla na\u0161e komunita \u010desk\u00fdch Evertonians zastoupen\u00ed. Ve fotbalov\u00e9m turnaji dokonce spole\u010dn\u011b s\u00a0p\u0159\u00edznivci Chelsea&hellip;\" \/>\n<meta property=\"og:url\" content=\"https:\/\/evertonfc.cz\/index.php\/2012\/12\/09\/9-sraz-fanousku-anglickeho-fotbalu\/\" \/>\n<meta property=\"og:site_name\" content=\"Official Czech &amp; Slovak Everton Supporters&#039; Club\" \/>\n<meta property=\"article:publisher\" content=\"https:\/\/www.facebook.com\/everton.fans.cz.sk\" \/>\n<meta property=\"article:published_time\" content=\"2012-12-09T13:52:22+00:00\" \/>\n<meta property=\"article:modified_time\" content=\"2020-05-14T10:27:48+00:00\" \/>\n<meta property=\"og:image\" content=\"https:\/\/evertonfc.cz\/wp-content\/uploads\/2019\/01\/news.jpg\" \/>\n\t<meta property=\"og:image:width\" content=\"720\" \/>\n\t<meta property=\"og:image:height\" content=\"405\" \/>\n\t<meta property=\"og:image:type\" content=\"image\/jpeg\" \/>\n<meta name=\"author\" content=\"Ri\u010di\" \/>\n<meta name=\"twitter:card\" content=\"summary_large_image\" \/>\n<meta name=\"twitter:creator\" content=\"@rbrejsa\" \/>\n<meta name=\"twitter:label1\" content=\"Napsal(a)\" \/>\n\t<meta name=\"twitter:data1\" content=\"Ri\u010di\" \/>\n\t<meta name=\"twitter:label2\" content=\"Odhadovan\u00e1 doba \u010dten\u00ed\" \/>\n\t<meta name=\"twitter:data2\" content=\"3 minuty\" \/>\n<script type=\"application\/ld+json\" class=\"yoast-schema-graph\">{\"@context\":\"https:\/\/schema.org\",\"@graph\":[{\"@type\":\"Article\",\"@id\":\"https:\/\/evertonfc.cz\/index.php\/2012\/12\/09\/9-sraz-fanousku-anglickeho-fotbalu\/#article\",\"isPartOf\":{\"@id\":\"https:\/\/evertonfc.cz\/index.php\/2012\/12\/09\/9-sraz-fanousku-anglickeho-fotbalu\/\"},\"author\":{\"name\":\"Ri\u010di\",\"@id\":\"https:\/\/evertonfc.cz\/#\/schema\/person\/f7a5daedb2ffee98480bc70e191aaef1\"},\"headline\":\"9. sraz fanou\u0161k\u016f anglick\u00e9ho fotbalu\",\"datePublished\":\"2012-12-09T13:52:22+00:00\",\"dateModified\":\"2020-05-14T10:27:48+00:00\",\"mainEntityOfPage\":{\"@id\":\"https:\/\/evertonfc.cz\/index.php\/2012\/12\/09\/9-sraz-fanousku-anglickeho-fotbalu\/\"},\"wordCount\":509,\"commentCount\":0,\"publisher\":{\"@id\":\"https:\/\/evertonfc.cz\/#organization\"},\"image\":{\"@id\":\"https:\/\/evertonfc.cz\/index.php\/2012\/12\/09\/9-sraz-fanousku-anglickeho-fotbalu\/#primaryimage\"},\"thumbnailUrl\":\"https:\/\/evertonfc.cz\/wp-content\/uploads\/2019\/01\/news.jpg\",\"articleSection\":[\"Supporters' Club\"],\"inLanguage\":\"cs\",\"potentialAction\":[{\"@type\":\"CommentAction\",\"name\":\"Comment\",\"target\":[\"https:\/\/evertonfc.cz\/index.php\/2012\/12\/09\/9-sraz-fanousku-anglickeho-fotbalu\/#respond\"]}]},{\"@type\":\"WebPage\",\"@id\":\"https:\/\/evertonfc.cz\/index.php\/2012\/12\/09\/9-sraz-fanousku-anglickeho-fotbalu\/\",\"url\":\"https:\/\/evertonfc.cz\/index.php\/2012\/12\/09\/9-sraz-fanousku-anglickeho-fotbalu\/\",\"name\":\"9. sraz fanou\u0161k\u016f anglick\u00e9ho fotbalu - Official Czech &amp; Slovak Everton Supporters&#039; Club\",\"isPartOf\":{\"@id\":\"https:\/\/evertonfc.cz\/#website\"},\"primaryImageOfPage\":{\"@id\":\"https:\/\/evertonfc.cz\/index.php\/2012\/12\/09\/9-sraz-fanousku-anglickeho-fotbalu\/#primaryimage\"},\"image\":{\"@id\":\"https:\/\/evertonfc.cz\/index.php\/2012\/12\/09\/9-sraz-fanousku-anglickeho-fotbalu\/#primaryimage\"},\"thumbnailUrl\":\"https:\/\/evertonfc.cz\/wp-content\/uploads\/2019\/01\/news.jpg\",\"datePublished\":\"2012-12-09T13:52:22+00:00\",\"dateModified\":\"2020-05-14T10:27:48+00:00\",\"breadcrumb\":{\"@id\":\"https:\/\/evertonfc.cz\/index.php\/2012\/12\/09\/9-sraz-fanousku-anglickeho-fotbalu\/#breadcrumb\"},\"inLanguage\":\"cs\",\"potentialAction\":[{\"@type\":\"ReadAction\",\"target\":[\"https:\/\/evertonfc.cz\/index.php\/2012\/12\/09\/9-sraz-fanousku-anglickeho-fotbalu\/\"]}]},{\"@type\":\"ImageObject\",\"inLanguage\":\"cs\",\"@id\":\"https:\/\/evertonfc.cz\/index.php\/2012\/12\/09\/9-sraz-fanousku-anglickeho-fotbalu\/#primaryimage\",\"url\":\"https:\/\/evertonfc.cz\/wp-content\/uploads\/2019\/01\/news.jpg\",\"contentUrl\":\"https:\/\/evertonfc.cz\/wp-content\/uploads\/2019\/01\/news.jpg\",\"width\":720,\"height\":405},{\"@type\":\"BreadcrumbList\",\"@id\":\"https:\/\/evertonfc.cz\/index.php\/2012\/12\/09\/9-sraz-fanousku-anglickeho-fotbalu\/#breadcrumb\",\"itemListElement\":[{\"@type\":\"ListItem\",\"position\":1,\"name\":\"Home\",\"item\":\"https:\/\/evertonfc.cz\/\"},{\"@type\":\"ListItem\",\"position\":2,\"name\":\"9. sraz fanou\u0161k\u016f anglick\u00e9ho fotbalu\"}]},{\"@type\":\"WebSite\",\"@id\":\"https:\/\/evertonfc.cz\/#website\",\"url\":\"https:\/\/evertonfc.cz\/\",\"name\":\"Official Czech &amp; Slovak Everton Supporters&#039; Club\",\"description\":\"\",\"publisher\":{\"@id\":\"https:\/\/evertonfc.cz\/#organization\"},\"potentialAction\":[{\"@type\":\"SearchAction\",\"target\":{\"@type\":\"EntryPoint\",\"urlTemplate\":\"https:\/\/evertonfc.cz\/?s={search_term_string}\"},\"query-input\":{\"@type\":\"PropertyValueSpecification\",\"valueRequired\":true,\"valueName\":\"search_term_string\"}}],\"inLanguage\":\"cs\"},{\"@type\":\"Organization\",\"@id\":\"https:\/\/evertonfc.cz\/#organization\",\"name\":\"Official Czech & Slovak Everton Supporters' Club\",\"url\":\"https:\/\/evertonfc.cz\/\",\"logo\":{\"@type\":\"ImageObject\",\"inLanguage\":\"cs\",\"@id\":\"https:\/\/evertonfc.cz\/#\/schema\/logo\/image\/\",\"url\":\"https:\/\/evertonfc.cz\/wp-content\/uploads\/2019\/05\/logo.png\",\"contentUrl\":\"https:\/\/evertonfc.cz\/wp-content\/uploads\/2019\/05\/logo.png\",\"width\":112,\"height\":112,\"caption\":\"Official Czech & Slovak Everton Supporters' Club\"},\"image\":{\"@id\":\"https:\/\/evertonfc.cz\/#\/schema\/logo\/image\/\"},\"sameAs\":[\"https:\/\/www.facebook.com\/everton.fans.cz.sk\"]},{\"@type\":\"Person\",\"@id\":\"https:\/\/evertonfc.cz\/#\/schema\/person\/f7a5daedb2ffee98480bc70e191aaef1\",\"name\":\"Ri\u010di\",\"sameAs\":[\"https:\/\/x.com\/rbrejsa\"],\"url\":\"https:\/\/evertonfc.cz\/index.php\/author\/rici\/\"}]}<\/script>\n<!-- \/ Yoast SEO plugin. -->","yoast_head_json":{"title":"9. sraz fanou\u0161k\u016f anglick\u00e9ho fotbalu - Official Czech &amp; Slovak Everton Supporters&#039; Club","robots":{"index":"index","follow":"follow","max-snippet":"max-snippet:-1","max-image-preview":"max-image-preview:large","max-video-preview":"max-video-preview:-1"},"canonical":"https:\/\/evertonfc.cz\/index.php\/2012\/12\/09\/9-sraz-fanousku-anglickeho-fotbalu\/","og_locale":"cs_CZ","og_type":"article","og_title":"9. sraz fanou\u0161k\u016f anglick\u00e9ho fotbalu - Official Czech &amp; Slovak Everton Supporters&#039; Club","og_description":"Tak\u00e9 na dev\u00e1t\u00e9m srazu fanou\u0161k\u016f anglick\u00e9ho fotbalu m\u011bla na\u0161e komunita \u010desk\u00fdch Evertonians zastoupen\u00ed. Ve fotbalov\u00e9m turnaji dokonce spole\u010dn\u011b s\u00a0p\u0159\u00edznivci Chelsea&hellip;","og_url":"https:\/\/evertonfc.cz\/index.php\/2012\/12\/09\/9-sraz-fanousku-anglickeho-fotbalu\/","og_site_name":"Official Czech &amp; Slovak Everton Supporters&#039; Club","article_publisher":"https:\/\/www.facebook.com\/everton.fans.cz.sk","article_published_time":"2012-12-09T13:52:22+00:00","article_modified_time":"2020-05-14T10:27:48+00:00","og_image":[{"width":720,"height":405,"url":"https:\/\/evertonfc.cz\/wp-content\/uploads\/2019\/01\/news.jpg","type":"image\/jpeg"}],"author":"Ri\u010di","twitter_card":"summary_large_image","twitter_creator":"@rbrejsa","twitter_misc":{"Napsal(a)":"Ri\u010di","Odhadovan\u00e1 doba \u010dten\u00ed":"3 minuty"},"schema":{"@context":"https:\/\/schema.org","@graph":[{"@type":"Article","@id":"https:\/\/evertonfc.cz\/index.php\/2012\/12\/09\/9-sraz-fanousku-anglickeho-fotbalu\/#article","isPartOf":{"@id":"https:\/\/evertonfc.cz\/index.php\/2012\/12\/09\/9-sraz-fanousku-anglickeho-fotbalu\/"},"author":{"name":"Ri\u010di","@id":"https:\/\/evertonfc.cz\/#\/schema\/person\/f7a5daedb2ffee98480bc70e191aaef1"},"headline":"9. sraz fanou\u0161k\u016f anglick\u00e9ho fotbalu","datePublished":"2012-12-09T13:52:22+00:00","dateModified":"2020-05-14T10:27:48+00:00","mainEntityOfPage":{"@id":"https:\/\/evertonfc.cz\/index.php\/2012\/12\/09\/9-sraz-fanousku-anglickeho-fotbalu\/"},"wordCount":509,"commentCount":0,"publisher":{"@id":"https:\/\/evertonfc.cz\/#organization"},"image":{"@id":"https:\/\/evertonfc.cz\/index.php\/2012\/12\/09\/9-sraz-fanousku-anglickeho-fotbalu\/#primaryimage"},"thumbnailUrl":"https:\/\/evertonfc.cz\/wp-content\/uploads\/2019\/01\/news.jpg","articleSection":["Supporters' Club"],"inLanguage":"cs","potentialAction":[{"@type":"CommentAction","name":"Comment","target":["https:\/\/evertonfc.cz\/index.php\/2012\/12\/09\/9-sraz-fanousku-anglickeho-fotbalu\/#respond"]}]},{"@type":"WebPage","@id":"https:\/\/evertonfc.cz\/index.php\/2012\/12\/09\/9-sraz-fanousku-anglickeho-fotbalu\/","url":"https:\/\/evertonfc.cz\/index.php\/2012\/12\/09\/9-sraz-fanousku-anglickeho-fotbalu\/","name":"9. sraz fanou\u0161k\u016f anglick\u00e9ho fotbalu - Official Czech &amp; Slovak Everton Supporters&#039; Club","isPartOf":{"@id":"https:\/\/evertonfc.cz\/#website"},"primaryImageOfPage":{"@id":"https:\/\/evertonfc.cz\/index.php\/2012\/12\/09\/9-sraz-fanousku-anglickeho-fotbalu\/#primaryimage"},"image":{"@id":"https:\/\/evertonfc.cz\/index.php\/2012\/12\/09\/9-sraz-fanousku-anglickeho-fotbalu\/#primaryimage"},"thumbnailUrl":"https:\/\/evertonfc.cz\/wp-content\/uploads\/2019\/01\/news.jpg","datePublished":"2012-12-09T13:52:22+00:00","dateModified":"2020-05-14T10:27:48+00:00","breadcrumb":{"@id":"https:\/\/evertonfc.cz\/index.php\/2012\/12\/09\/9-sraz-fanousku-anglickeho-fotbalu\/#breadcrumb"},"inLanguage":"cs","potentialAction":[{"@type":"ReadAction","target":["https:\/\/evertonfc.cz\/index.php\/2012\/12\/09\/9-sraz-fanousku-anglickeho-fotbalu\/"]}]},{"@type":"ImageObject","inLanguage":"cs","@id":"https:\/\/evertonfc.cz\/index.php\/2012\/12\/09\/9-sraz-fanousku-anglickeho-fotbalu\/#primaryimage","url":"https:\/\/evertonfc.cz\/wp-content\/uploads\/2019\/01\/news.jpg","contentUrl":"https:\/\/evertonfc.cz\/wp-content\/uploads\/2019\/01\/news.jpg","width":720,"height":405},{"@type":"BreadcrumbList","@id":"https:\/\/evertonfc.cz\/index.php\/2012\/12\/09\/9-sraz-fanousku-anglickeho-fotbalu\/#breadcrumb","itemListElement":[{"@type":"ListItem","position":1,"name":"Home","item":"https:\/\/evertonfc.cz\/"},{"@type":"ListItem","position":2,"name":"9. sraz fanou\u0161k\u016f anglick\u00e9ho fotbalu"}]},{"@type":"WebSite","@id":"https:\/\/evertonfc.cz\/#website","url":"https:\/\/evertonfc.cz\/","name":"Official Czech &amp; Slovak Everton Supporters&#039; Club","description":"","publisher":{"@id":"https:\/\/evertonfc.cz\/#organization"},"potentialAction":[{"@type":"SearchAction","target":{"@type":"EntryPoint","urlTemplate":"https:\/\/evertonfc.cz\/?s={search_term_string}"},"query-input":{"@type":"PropertyValueSpecification","valueRequired":true,"valueName":"search_term_string"}}],"inLanguage":"cs"},{"@type":"Organization","@id":"https:\/\/evertonfc.cz\/#organization","name":"Official Czech & Slovak Everton Supporters' Club","url":"https:\/\/evertonfc.cz\/","logo":{"@type":"ImageObject","inLanguage":"cs","@id":"https:\/\/evertonfc.cz\/#\/schema\/logo\/image\/","url":"https:\/\/evertonfc.cz\/wp-content\/uploads\/2019\/05\/logo.png","contentUrl":"https:\/\/evertonfc.cz\/wp-content\/uploads\/2019\/05\/logo.png","width":112,"height":112,"caption":"Official Czech & Slovak Everton Supporters' Club"},"image":{"@id":"https:\/\/evertonfc.cz\/#\/schema\/logo\/image\/"},"sameAs":["https:\/\/www.facebook.com\/everton.fans.cz.sk"]},{"@type":"Person","@id":"https:\/\/evertonfc.cz\/#\/schema\/person\/f7a5daedb2ffee98480bc70e191aaef1","name":"Ri\u010di","sameAs":["https:\/\/x.com\/rbrejsa"],"url":"https:\/\/evertonfc.cz\/index.php\/author\/rici\/"}]}},"_links":{"self":[{"href":"https:\/\/evertonfc.cz\/index.php\/wp-json\/wp\/v2\/posts\/5918"}],"collection":[{"href":"https:\/\/evertonfc.cz\/index.php\/wp-json\/wp\/v2\/posts"}],"about":[{"href":"https:\/\/evertonfc.cz\/index.php\/wp-json\/wp\/v2\/types\/post"}],"author":[{"embeddable":true,"href":"https:\/\/evertonfc.cz\/index.php\/wp-json\/wp\/v2\/users\/6"}],"replies":[{"embeddable":true,"href":"https:\/\/evertonfc.cz\/index.php\/wp-json\/wp\/v2\/comments?post=5918"}],"version-history":[{"count":1,"href":"https:\/\/evertonfc.cz\/index.php\/wp-json\/wp\/v2\/posts\/5918\/revisions"}],"predecessor-version":[{"id":5919,"href":"https:\/\/evertonfc.cz\/index.php\/wp-json\/wp\/v2\/posts\/5918\/revisions\/5919"}],"wp:featuredmedia":[{"embeddable":true,"href":"https:\/\/evertonfc.cz\/index.php\/wp-json\/wp\/v2\/media\/1313"}],"wp:attachment":[{"href":"https:\/\/evertonfc.cz\/index.php\/wp-json\/wp\/v2\/media?parent=5918"}],"wp:term":[{"taxonomy":"category","embeddable":true,"href":"https:\/\/evertonfc.cz\/index.php\/wp-json\/wp\/v2\/categories?post=5918"},{"taxonomy":"post_tag","embeddable":true,"href":"https:\/\/evertonfc.cz\/index.php\/wp-json\/wp\/v2\/tags?post=5918"}],"curies":[{"name":"wp","href":"https:\/\/api.w.org\/{rel}","templated":true}]}}