{"id":5920,"date":"2012-12-09T14:54:45","date_gmt":"2012-12-09T13:54:45","guid":{"rendered":"http:\/\/evertonfc.cz\/?p=5920"},"modified":"2019-02-16T18:27:44","modified_gmt":"2019-02-16T17:27:44","slug":"preview-everton-tottenham-hotspur-8","status":"publish","type":"post","link":"https:\/\/evertonfc.cz\/index.php\/2012\/12\/09\/preview-everton-tottenham-hotspur-8\/","title":{"rendered":"Preview: Everton &#8211; Tottenham Hotspur"},"content":{"rendered":"<h4 id=\"NewsPostDetailSummary\">V ned\u011bli odpoledne uvid\u00ed Goodison Park velmi zaj\u00edmav\u00fd z\u00e1pas, Everton p\u0159iv\u00edt\u00e1 Tottenham. A jestli\u017ee Toffees cht\u011bj\u00ed okupovat p\u0159edn\u00ed p\u0159\u00ed\u010dky, mus\u00ed pom\u00fd\u0161let na v\u00edt\u011bzstv\u00ed.<\/h4>\n<div id=\"NewsPostDetailContent\">\n<p>Na stran\u011b Evertonu zn\u00ed posledn\u00ed dobou stejn\u00e1 p\u00edsni\u010dka, mu\u017estvo sice neprohr\u00e1v\u00e1, ov\u0161em ani nevyhr\u00e1v\u00e1 a po v\u00fdborn\u00e9m startu jakoby za\u010d\u00edn\u00e1 ztr\u00e1cet lesk. Ono aktu\u00e1ln\u00ed \u0161est\u00e9 m\u00edsto nen\u00ed \u0161patn\u00e9, jen\u017ee potenci\u00e1l t\u00fdmu Davida Moyese se v posledn\u00edch t\u00fddnech rozhodn\u011b nenapl\u0148uje.<\/p>\n<p>\u017de by snad Blues pot\u0159ebovali nov\u00fd impuls? T\u00edm by mohl b\u00fdt n\u00e1vrat Kevina Mirallase, kter\u00fd se t\u00e9m\u011b\u0159 vyl\u00e9\u010dil zran\u011bn\u00ed. Zda nasko\u010d\u00ed u\u017e do z\u00e1kladn\u00ed sestavy, je ve hv\u011bzd\u00e1ch. Role \u201cspasitele\u201c se nab\u00edz\u00ed tak\u00e9 pro Jelavi\u0107e, chorvatsk\u00fd striker moment\u00e1ln\u011b za\u017e\u00edv\u00e1 g\u00f3lov\u011b such\u00e9 obdob\u00ed. Co se t\u00fd\u010de branek, \u00falohu st\u0159elce na sebe p\u0159evzal Marouane Fellaini, v leto\u0161n\u00ed sez\u00f3n\u011b fam\u00f3zn\u00ed, i proto kolem n\u011bho za\u010d\u00edn\u00e1 krou\u017eit bohat\u00fd Zenit Petrohrad.<\/p>\n<p>Tottenham p\u0159ed sez\u00f3nou vym\u011bnil mana\u017eera, Redknappa vyst\u0159\u00eddal mlad\u00fd ambici\u00f3zn\u00ed Andre Villas-Boas. Po hor\u0161\u00edm za\u010d\u00e1tku se t\u00fdm sehr\u00e1l a aktu\u00e1ln\u011b z toho vyt\u011b\u017eil v posledn\u00edch t\u0159ech ligov\u00fdch kolech t\u0159i v\u00fdhry, co\u017e ho ve vyrovnan\u00e9 lize katapultovala na \u010dtvrtou pozici t\u0159i body p\u0159ed Everton. V ned\u011bli ale bude Spurs chyb\u011bt Gareth Bale, co\u017e je moment\u00e1ln\u011b nejv\u011bt\u0161\u00ed zbra\u0148 Boase, schopn\u00e1 rozhodnout z\u00e1pas prakticky sama.<\/p>\n<p>V z\u00e1kladn\u00ed sestav\u011b Tottenhamu pravd\u011bpodobn\u011b nastoup\u00ed Evertonians zn\u00e1m\u00e1 dvojice Kyle Walker a Kyle Naughton. Ti v l\u00e9t\u011b roku 2009 st\u00e1li jen kr\u016f\u010dek od p\u0159estupu do Evertonu ze Sheffieldu United. Do jedn\u00e1n\u00ed se nane\u0161t\u011bst\u00ed vlo\u017eil na posledn\u00ed chv\u00edli Tottenham a p\u0159eplatil nab\u00eddku Toffees. Walker dnes pat\u0159\u00ed k nejlep\u0161\u00edm anglick\u00fdm obr\u00e1nc\u016fm a Naughton po probl\u00e9mech za\u010dal pravideln\u011b nakukovat do A-t\u00fdmu a\u017e od leto\u0161n\u00ed sez\u00f3ny.<\/p>\n<h4><strong>Anal\u00fdza Marka Lawresona, fotbalov\u00e9ho experta BBC<\/strong><\/h4>\n<p>Gareth Bale bude Tottenhamu citeln\u011b chyb\u011bt, spolu s Aaronem Lennonem maj\u00ed nejv\u011bt\u0161\u00ed pod\u00edl na posledn\u00edch t\u0159ech v\u00fdhr\u00e1ch. A\u0165 u\u017e bez Vel\u0161ana nebo s n\u00edm, nejsem v\u0161ak pln\u011b p\u0159esv\u011bd\u010den o schopnostech Spurs. Jestli\u017ee proti nim sk\u00f3rujete jako prvn\u00ed, ztr\u00e1c\u00edm v n\u011b d\u016fv\u011bru. V ofenziv\u011b Andre Villas-Boas disponuje solidn\u00edm materi\u00e1lem, co\u017e se ned\u00e1 \u0159\u00edct o defenzivn\u00ed slo\u017ece mu\u017estva. Everton je dostate\u010dn\u00e9 dobr\u00fd, aby slab\u0161\u00ed obrany sv\u00e9ho soupe\u0159e vyu\u017eil.<\/p>\n<p>Tip 2:0.<\/p>\n<h4><strong>Z\u00e1pasov\u00e1 fakta<\/strong><\/h4>\n<p>Vz\u00e1jemn\u00e1<\/p>\n<ul>\n<li>Tottenham nebral t\u0159i body na Goodison Parku v p\u011bti posledn\u00edch v\u00fdjezdech, jeho posledn\u00ed v\u00fdhra se datuje na \u00fanor 2007 \u2013 2:1<\/li>\n<li>mezi elitn\u00edmi celky Everton inkasuje nejv\u00edce branek v prvn\u00ed \u010dtvrthodin\u011b z\u00e1pasu (6), Tottenham naopak nejm\u00e9n\u011b (0).<\/li>\n<\/ul>\n<p>Everton<\/p>\n<ul>\n<li>V lize remizoval sedmkr\u00e1t z posledn\u00edch dev\u00edti kol<br \/>\njeden\u00e1ctkr\u00e1t v \u0159ad\u011b v Premier League na Goodison Parku neprohr\u00e1l<\/li>\n<li>Fellaini v posledn\u00edch p\u011bti ligov\u00fdch z\u00e1pasech nast\u0159\u00edlel stejn\u00fd po\u010det branek, celkov\u011b s osmi g\u00f3ly v Premiership vede tabulky st\u0159elc\u016f mezi z\u00e1lo\u017en\u00edky.<\/li>\n<\/ul>\n<p>Tottenham<\/p>\n<ul>\n<li>Inkasoval v lize 23 branek, jen p\u011bt t\u00fdmu dostalo v\u00edce g\u00f3l\u016f<\/li>\n<li>pokud by se z\u00e1pasy v Premier League hr\u00e1ly pouze 80 minut, vedl by celou sout\u011b\u017e.<\/li>\n<\/ul>\n<h4><strong>T\u00fdmov\u00e9 novinky<\/strong><\/h4>\n<p>Existuje \u0161ance ohledn\u011b startu ned\u00e1vno zran\u011bn\u00fdch Kevina Mirallase a Seamuse Colemana. Vic Anichebe a Phil Neville do st\u0159etnut\u00ed kv\u016fli zdravotn\u00edm probl\u00e9m\u016fm ur\u010dit\u011b nenastoup\u00ed.<\/p>\n<p>Gareth Bale a Michael Dawson si odnesli z posledn\u00edho kola na Fulhamu svalov\u00e1 zran\u011bn\u00ed, a tak budou absentovat stejn\u011b jako Scott Parker a Benoit Assou-Ekotto. Emmanuelu Adebayorovi skon\u010dil t\u0159\u00edz\u00e1pasov\u00fd trest.<\/p>\n<p><strong>Co:<\/strong> Everton FC &#8211; Tottenham Hotspur FC, 16. kolo Premier League<br \/>\n<strong>Kdy:<\/strong> 09.12.2012 od 16:00 SE\u010c<br \/>\n<strong>Kde:<\/strong> Goodison Park, Liverpool<br \/>\n<strong>Rozhod\u010d\u00ed:<\/strong> Kevin Friend<\/p>\n<\/div>\n","protected":false},"excerpt":{"rendered":"<p>V ned\u011bli odpoledne uvid\u00ed Goodison Park velmi zaj\u00edmav\u00fd z\u00e1pas, Everton p\u0159iv\u00edt\u00e1 Tottenham. A jestli\u017ee Toffees cht\u011bj\u00ed okupovat p\u0159edn\u00ed p\u0159\u00ed\u010dky, mus\u00ed&hellip;<\/p>\n","protected":false},"author":6,"featured_media":1314,"comment_status":"open","ping_status":"closed","sticky":false,"template":"","format":"standard","meta":{"_eb_attr":"","_monsterinsights_skip_tracking":false,"_monsterinsights_sitenote_active":false,"_monsterinsights_sitenote_note":"","_monsterinsights_sitenote_category":0,"footnotes":""},"categories":[4],"tags":[],"yoast_head":"<!-- This site is optimized with the Yoast SEO plugin v23.4 - https:\/\/yoast.com\/wordpress\/plugins\/seo\/ -->\n<title>Preview: Everton - Tottenham Hotspur - Official Czech &amp; Slovak Everton Supporters&#039; Club<\/title>\n<meta name=\"robots\" content=\"index, follow, max-snippet:-1, max-image-preview:large, max-video-preview:-1\" \/>\n<link rel=\"canonical\" href=\"https:\/\/evertonfc.cz\/index.php\/2012\/12\/09\/preview-everton-tottenham-hotspur-8\/\" \/>\n<meta property=\"og:locale\" content=\"cs_CZ\" \/>\n<meta property=\"og:type\" content=\"article\" \/>\n<meta property=\"og:title\" content=\"Preview: Everton - Tottenham Hotspur - Official Czech &amp; Slovak Everton Supporters&#039; Club\" \/>\n<meta property=\"og:description\" content=\"V ned\u011bli odpoledne uvid\u00ed Goodison Park velmi zaj\u00edmav\u00fd z\u00e1pas, Everton p\u0159iv\u00edt\u00e1 Tottenham. A jestli\u017ee Toffees cht\u011bj\u00ed okupovat p\u0159edn\u00ed p\u0159\u00ed\u010dky, mus\u00ed&hellip;\" \/>\n<meta property=\"og:url\" content=\"https:\/\/evertonfc.cz\/index.php\/2012\/12\/09\/preview-everton-tottenham-hotspur-8\/\" \/>\n<meta property=\"og:site_name\" content=\"Official Czech &amp; Slovak Everton Supporters&#039; Club\" \/>\n<meta property=\"article:publisher\" content=\"https:\/\/www.facebook.com\/everton.fans.cz.sk\" \/>\n<meta property=\"article:published_time\" content=\"2012-12-09T13:54:45+00:00\" \/>\n<meta property=\"article:modified_time\" content=\"2019-02-16T17:27:44+00:00\" \/>\n<meta property=\"og:image\" content=\"https:\/\/evertonfc.cz\/wp-content\/uploads\/2019\/01\/preview.jpg\" \/>\n\t<meta property=\"og:image:width\" content=\"720\" \/>\n\t<meta property=\"og:image:height\" content=\"405\" \/>\n\t<meta property=\"og:image:type\" content=\"image\/jpeg\" \/>\n<meta name=\"author\" content=\"Ri\u010di\" \/>\n<meta name=\"twitter:card\" content=\"summary_large_image\" \/>\n<meta name=\"twitter:creator\" content=\"@rbrejsa\" \/>\n<meta name=\"twitter:label1\" content=\"Napsal(a)\" \/>\n\t<meta name=\"twitter:data1\" content=\"Ri\u010di\" \/>\n\t<meta name=\"twitter:label2\" content=\"Odhadovan\u00e1 doba \u010dten\u00ed\" \/>\n\t<meta name=\"twitter:data2\" content=\"3 minuty\" \/>\n<script type=\"application\/ld+json\" class=\"yoast-schema-graph\">{\"@context\":\"https:\/\/schema.org\",\"@graph\":[{\"@type\":\"Article\",\"@id\":\"https:\/\/evertonfc.cz\/index.php\/2012\/12\/09\/preview-everton-tottenham-hotspur-8\/#article\",\"isPartOf\":{\"@id\":\"https:\/\/evertonfc.cz\/index.php\/2012\/12\/09\/preview-everton-tottenham-hotspur-8\/\"},\"author\":{\"name\":\"Ri\u010di\",\"@id\":\"https:\/\/evertonfc.cz\/#\/schema\/person\/f7a5daedb2ffee98480bc70e191aaef1\"},\"headline\":\"Preview: Everton &#8211; Tottenham Hotspur\",\"datePublished\":\"2012-12-09T13:54:45+00:00\",\"dateModified\":\"2019-02-16T17:27:44+00:00\",\"mainEntityOfPage\":{\"@id\":\"https:\/\/evertonfc.cz\/index.php\/2012\/12\/09\/preview-everton-tottenham-hotspur-8\/\"},\"wordCount\":682,\"commentCount\":0,\"publisher\":{\"@id\":\"https:\/\/evertonfc.cz\/#organization\"},\"image\":{\"@id\":\"https:\/\/evertonfc.cz\/index.php\/2012\/12\/09\/preview-everton-tottenham-hotspur-8\/#primaryimage\"},\"thumbnailUrl\":\"https:\/\/evertonfc.cz\/wp-content\/uploads\/2019\/01\/preview.jpg\",\"articleSection\":[\"Z\u00e1pasy\"],\"inLanguage\":\"cs\",\"potentialAction\":[{\"@type\":\"CommentAction\",\"name\":\"Comment\",\"target\":[\"https:\/\/evertonfc.cz\/index.php\/2012\/12\/09\/preview-everton-tottenham-hotspur-8\/#respond\"]}]},{\"@type\":\"WebPage\",\"@id\":\"https:\/\/evertonfc.cz\/index.php\/2012\/12\/09\/preview-everton-tottenham-hotspur-8\/\",\"url\":\"https:\/\/evertonfc.cz\/index.php\/2012\/12\/09\/preview-everton-tottenham-hotspur-8\/\",\"name\":\"Preview: Everton - Tottenham Hotspur - Official Czech &amp; Slovak Everton Supporters&#039; Club\",\"isPartOf\":{\"@id\":\"https:\/\/evertonfc.cz\/#website\"},\"primaryImageOfPage\":{\"@id\":\"https:\/\/evertonfc.cz\/index.php\/2012\/12\/09\/preview-everton-tottenham-hotspur-8\/#primaryimage\"},\"image\":{\"@id\":\"https:\/\/evertonfc.cz\/index.php\/2012\/12\/09\/preview-everton-tottenham-hotspur-8\/#primaryimage\"},\"thumbnailUrl\":\"https:\/\/evertonfc.cz\/wp-content\/uploads\/2019\/01\/preview.jpg\",\"datePublished\":\"2012-12-09T13:54:45+00:00\",\"dateModified\":\"2019-02-16T17:27:44+00:00\",\"breadcrumb\":{\"@id\":\"https:\/\/evertonfc.cz\/index.php\/2012\/12\/09\/preview-everton-tottenham-hotspur-8\/#breadcrumb\"},\"inLanguage\":\"cs\",\"potentialAction\":[{\"@type\":\"ReadAction\",\"target\":[\"https:\/\/evertonfc.cz\/index.php\/2012\/12\/09\/preview-everton-tottenham-hotspur-8\/\"]}]},{\"@type\":\"ImageObject\",\"inLanguage\":\"cs\",\"@id\":\"https:\/\/evertonfc.cz\/index.php\/2012\/12\/09\/preview-everton-tottenham-hotspur-8\/#primaryimage\",\"url\":\"https:\/\/evertonfc.cz\/wp-content\/uploads\/2019\/01\/preview.jpg\",\"contentUrl\":\"https:\/\/evertonfc.cz\/wp-content\/uploads\/2019\/01\/preview.jpg\",\"width\":720,\"height\":405},{\"@type\":\"BreadcrumbList\",\"@id\":\"https:\/\/evertonfc.cz\/index.php\/2012\/12\/09\/preview-everton-tottenham-hotspur-8\/#breadcrumb\",\"itemListElement\":[{\"@type\":\"ListItem\",\"position\":1,\"name\":\"Home\",\"item\":\"https:\/\/evertonfc.cz\/\"},{\"@type\":\"ListItem\",\"position\":2,\"name\":\"Preview: Everton &#8211; Tottenham Hotspur\"}]},{\"@type\":\"WebSite\",\"@id\":\"https:\/\/evertonfc.cz\/#website\",\"url\":\"https:\/\/evertonfc.cz\/\",\"name\":\"Official Czech &amp; Slovak Everton Supporters&#039; Club\",\"description\":\"\",\"publisher\":{\"@id\":\"https:\/\/evertonfc.cz\/#organization\"},\"potentialAction\":[{\"@type\":\"SearchAction\",\"target\":{\"@type\":\"EntryPoint\",\"urlTemplate\":\"https:\/\/evertonfc.cz\/?s={search_term_string}\"},\"query-input\":{\"@type\":\"PropertyValueSpecification\",\"valueRequired\":true,\"valueName\":\"search_term_string\"}}],\"inLanguage\":\"cs\"},{\"@type\":\"Organization\",\"@id\":\"https:\/\/evertonfc.cz\/#organization\",\"name\":\"Official Czech & Slovak Everton Supporters' Club\",\"url\":\"https:\/\/evertonfc.cz\/\",\"logo\":{\"@type\":\"ImageObject\",\"inLanguage\":\"cs\",\"@id\":\"https:\/\/evertonfc.cz\/#\/schema\/logo\/image\/\",\"url\":\"https:\/\/evertonfc.cz\/wp-content\/uploads\/2019\/05\/logo.png\",\"contentUrl\":\"https:\/\/evertonfc.cz\/wp-content\/uploads\/2019\/05\/logo.png\",\"width\":112,\"height\":112,\"caption\":\"Official Czech & Slovak Everton Supporters' Club\"},\"image\":{\"@id\":\"https:\/\/evertonfc.cz\/#\/schema\/logo\/image\/\"},\"sameAs\":[\"https:\/\/www.facebook.com\/everton.fans.cz.sk\"]},{\"@type\":\"Person\",\"@id\":\"https:\/\/evertonfc.cz\/#\/schema\/person\/f7a5daedb2ffee98480bc70e191aaef1\",\"name\":\"Ri\u010di\",\"sameAs\":[\"https:\/\/x.com\/rbrejsa\"],\"url\":\"https:\/\/evertonfc.cz\/index.php\/author\/rici\/\"}]}<\/script>\n<!-- \/ Yoast SEO plugin. -->","yoast_head_json":{"title":"Preview: Everton - Tottenham Hotspur - Official Czech &amp; Slovak Everton Supporters&#039; Club","robots":{"index":"index","follow":"follow","max-snippet":"max-snippet:-1","max-image-preview":"max-image-preview:large","max-video-preview":"max-video-preview:-1"},"canonical":"https:\/\/evertonfc.cz\/index.php\/2012\/12\/09\/preview-everton-tottenham-hotspur-8\/","og_locale":"cs_CZ","og_type":"article","og_title":"Preview: Everton - Tottenham Hotspur - Official Czech &amp; Slovak Everton Supporters&#039; Club","og_description":"V ned\u011bli odpoledne uvid\u00ed Goodison Park velmi zaj\u00edmav\u00fd z\u00e1pas, Everton p\u0159iv\u00edt\u00e1 Tottenham. A jestli\u017ee Toffees cht\u011bj\u00ed okupovat p\u0159edn\u00ed p\u0159\u00ed\u010dky, mus\u00ed&hellip;","og_url":"https:\/\/evertonfc.cz\/index.php\/2012\/12\/09\/preview-everton-tottenham-hotspur-8\/","og_site_name":"Official Czech &amp; Slovak Everton Supporters&#039; Club","article_publisher":"https:\/\/www.facebook.com\/everton.fans.cz.sk","article_published_time":"2012-12-09T13:54:45+00:00","article_modified_time":"2019-02-16T17:27:44+00:00","og_image":[{"width":720,"height":405,"url":"https:\/\/evertonfc.cz\/wp-content\/uploads\/2019\/01\/preview.jpg","type":"image\/jpeg"}],"author":"Ri\u010di","twitter_card":"summary_large_image","twitter_creator":"@rbrejsa","twitter_misc":{"Napsal(a)":"Ri\u010di","Odhadovan\u00e1 doba \u010dten\u00ed":"3 minuty"},"schema":{"@context":"https:\/\/schema.org","@graph":[{"@type":"Article","@id":"https:\/\/evertonfc.cz\/index.php\/2012\/12\/09\/preview-everton-tottenham-hotspur-8\/#article","isPartOf":{"@id":"https:\/\/evertonfc.cz\/index.php\/2012\/12\/09\/preview-everton-tottenham-hotspur-8\/"},"author":{"name":"Ri\u010di","@id":"https:\/\/evertonfc.cz\/#\/schema\/person\/f7a5daedb2ffee98480bc70e191aaef1"},"headline":"Preview: Everton &#8211; Tottenham Hotspur","datePublished":"2012-12-09T13:54:45+00:00","dateModified":"2019-02-16T17:27:44+00:00","mainEntityOfPage":{"@id":"https:\/\/evertonfc.cz\/index.php\/2012\/12\/09\/preview-everton-tottenham-hotspur-8\/"},"wordCount":682,"commentCount":0,"publisher":{"@id":"https:\/\/evertonfc.cz\/#organization"},"image":{"@id":"https:\/\/evertonfc.cz\/index.php\/2012\/12\/09\/preview-everton-tottenham-hotspur-8\/#primaryimage"},"thumbnailUrl":"https:\/\/evertonfc.cz\/wp-content\/uploads\/2019\/01\/preview.jpg","articleSection":["Z\u00e1pasy"],"inLanguage":"cs","potentialAction":[{"@type":"CommentAction","name":"Comment","target":["https:\/\/evertonfc.cz\/index.php\/2012\/12\/09\/preview-everton-tottenham-hotspur-8\/#respond"]}]},{"@type":"WebPage","@id":"https:\/\/evertonfc.cz\/index.php\/2012\/12\/09\/preview-everton-tottenham-hotspur-8\/","url":"https:\/\/evertonfc.cz\/index.php\/2012\/12\/09\/preview-everton-tottenham-hotspur-8\/","name":"Preview: Everton - Tottenham Hotspur - Official Czech &amp; Slovak Everton Supporters&#039; Club","isPartOf":{"@id":"https:\/\/evertonfc.cz\/#website"},"primaryImageOfPage":{"@id":"https:\/\/evertonfc.cz\/index.php\/2012\/12\/09\/preview-everton-tottenham-hotspur-8\/#primaryimage"},"image":{"@id":"https:\/\/evertonfc.cz\/index.php\/2012\/12\/09\/preview-everton-tottenham-hotspur-8\/#primaryimage"},"thumbnailUrl":"https:\/\/evertonfc.cz\/wp-content\/uploads\/2019\/01\/preview.jpg","datePublished":"2012-12-09T13:54:45+00:00","dateModified":"2019-02-16T17:27:44+00:00","breadcrumb":{"@id":"https:\/\/evertonfc.cz\/index.php\/2012\/12\/09\/preview-everton-tottenham-hotspur-8\/#breadcrumb"},"inLanguage":"cs","potentialAction":[{"@type":"ReadAction","target":["https:\/\/evertonfc.cz\/index.php\/2012\/12\/09\/preview-everton-tottenham-hotspur-8\/"]}]},{"@type":"ImageObject","inLanguage":"cs","@id":"https:\/\/evertonfc.cz\/index.php\/2012\/12\/09\/preview-everton-tottenham-hotspur-8\/#primaryimage","url":"https:\/\/evertonfc.cz\/wp-content\/uploads\/2019\/01\/preview.jpg","contentUrl":"https:\/\/evertonfc.cz\/wp-content\/uploads\/2019\/01\/preview.jpg","width":720,"height":405},{"@type":"BreadcrumbList","@id":"https:\/\/evertonfc.cz\/index.php\/2012\/12\/09\/preview-everton-tottenham-hotspur-8\/#breadcrumb","itemListElement":[{"@type":"ListItem","position":1,"name":"Home","item":"https:\/\/evertonfc.cz\/"},{"@type":"ListItem","position":2,"name":"Preview: Everton &#8211; Tottenham Hotspur"}]},{"@type":"WebSite","@id":"https:\/\/evertonfc.cz\/#website","url":"https:\/\/evertonfc.cz\/","name":"Official Czech &amp; Slovak Everton Supporters&#039; Club","description":"","publisher":{"@id":"https:\/\/evertonfc.cz\/#organization"},"potentialAction":[{"@type":"SearchAction","target":{"@type":"EntryPoint","urlTemplate":"https:\/\/evertonfc.cz\/?s={search_term_string}"},"query-input":{"@type":"PropertyValueSpecification","valueRequired":true,"valueName":"search_term_string"}}],"inLanguage":"cs"},{"@type":"Organization","@id":"https:\/\/evertonfc.cz\/#organization","name":"Official Czech & Slovak Everton Supporters' Club","url":"https:\/\/evertonfc.cz\/","logo":{"@type":"ImageObject","inLanguage":"cs","@id":"https:\/\/evertonfc.cz\/#\/schema\/logo\/image\/","url":"https:\/\/evertonfc.cz\/wp-content\/uploads\/2019\/05\/logo.png","contentUrl":"https:\/\/evertonfc.cz\/wp-content\/uploads\/2019\/05\/logo.png","width":112,"height":112,"caption":"Official Czech & Slovak Everton Supporters' Club"},"image":{"@id":"https:\/\/evertonfc.cz\/#\/schema\/logo\/image\/"},"sameAs":["https:\/\/www.facebook.com\/everton.fans.cz.sk"]},{"@type":"Person","@id":"https:\/\/evertonfc.cz\/#\/schema\/person\/f7a5daedb2ffee98480bc70e191aaef1","name":"Ri\u010di","sameAs":["https:\/\/x.com\/rbrejsa"],"url":"https:\/\/evertonfc.cz\/index.php\/author\/rici\/"}]}},"_links":{"self":[{"href":"https:\/\/evertonfc.cz\/index.php\/wp-json\/wp\/v2\/posts\/5920"}],"collection":[{"href":"https:\/\/evertonfc.cz\/index.php\/wp-json\/wp\/v2\/posts"}],"about":[{"href":"https:\/\/evertonfc.cz\/index.php\/wp-json\/wp\/v2\/types\/post"}],"author":[{"embeddable":true,"href":"https:\/\/evertonfc.cz\/index.php\/wp-json\/wp\/v2\/users\/6"}],"replies":[{"embeddable":true,"href":"https:\/\/evertonfc.cz\/index.php\/wp-json\/wp\/v2\/comments?post=5920"}],"version-history":[{"count":3,"href":"https:\/\/evertonfc.cz\/index.php\/wp-json\/wp\/v2\/posts\/5920\/revisions"}],"predecessor-version":[{"id":5973,"href":"https:\/\/evertonfc.cz\/index.php\/wp-json\/wp\/v2\/posts\/5920\/revisions\/5973"}],"wp:featuredmedia":[{"embeddable":true,"href":"https:\/\/evertonfc.cz\/index.php\/wp-json\/wp\/v2\/media\/1314"}],"wp:attachment":[{"href":"https:\/\/evertonfc.cz\/index.php\/wp-json\/wp\/v2\/media?parent=5920"}],"wp:term":[{"taxonomy":"category","embeddable":true,"href":"https:\/\/evertonfc.cz\/index.php\/wp-json\/wp\/v2\/categories?post=5920"},{"taxonomy":"post_tag","embeddable":true,"href":"https:\/\/evertonfc.cz\/index.php\/wp-json\/wp\/v2\/tags?post=5920"}],"curies":[{"name":"wp","href":"https:\/\/api.w.org\/{rel}","templated":true}]}}