{"id":5944,"date":"2012-11-09T15:15:08","date_gmt":"2012-11-09T14:15:08","guid":{"rendered":"http:\/\/evertonfc.cz\/?p=5944"},"modified":"2024-11-02T13:40:04","modified_gmt":"2024-11-02T12:40:04","slug":"preview-everton-sunderland-6","status":"publish","type":"post","link":"https:\/\/evertonfc.cz\/index.php\/2012\/11\/09\/preview-everton-sunderland-6\/","title":{"rendered":"Preview: Everton &#8211; Sunderland"},"content":{"rendered":"<h4 id=\"NewsPostDetailSummary\">V sobotu odpoledne se Everton setk\u00e1 se Sunderlandem a lep\u0161\u00edho protivn\u00edka, proti kter\u00e9mu se m\u016f\u017ee vr\u00e1tit na v\u00edt\u011bznou vlnu si ani p\u0159\u00e1t nem\u016f\u017ee.<\/h4>\n<div id=\"NewsPostDetailContent\">\n<p>Kdy\u017e se jmenujete Sunderland, kup\u00ed se v\u00e1m por\u00e1\u017eka za por\u00e1\u017ekou a v ligov\u00e9 tabulce st\u0159elc\u016f se vyj\u00edm\u00e1 jeden jedin\u00fd hr\u00e1\u010d, p\u0159ejete si jedin\u00e9 &#8211; nehr\u00e1t proti Evertonu. Jen\u017ee pr\u00e1v\u011b v tom nejhor\u0161\u00edm Black Cats mus\u00ed pr\u00e1v\u011b na Goodison Park, kde si na n\u011b mod\u0159\u00ed, cel\u00ed hladov\u00ed po v\u00edt\u011bzstv\u00ed a s brut\u00e1ln\u011b jednostrannou vz\u00e1jemnou bilanc\u00ed, u\u017e brous\u00ed zuby.<\/p>\n<p>Dosavadn\u00ed forma Sunderlandu je tristn\u00ed. Za celou sezonu vyhr\u00e1l jedin\u00e9 utk\u00e1n\u00ed, a to koncem z\u00e1\u0159\u00ed, kdy\u017e nejt\u011bsn\u011bj\u0161\u00edm rozd\u00edlem porazil Wigan. Tehdy ale je\u0161t\u011b netu\u0161ili, \u017ee za dal\u0161\u00edch bezm\u00e1la \u0161est t\u00fddn\u016f se budou k onomu z\u00e1pasu vracet jako\u017eto k duelu, ve kter\u00e9m dali \u010dervenob\u00edl\u00ed naposled g\u00f3l.<\/p>\n<p>Pokud nav\u00edc k tolik mizern\u00e9 ofenziv\u011b p\u0159id\u00e1te fakt, \u017ee krom\u011b Stevena Fletchera se za Sunderland v leto\u0161n\u00ed ligov\u00e9 sezon\u011b je\u0161t\u011b nikdo jin\u00fd netrefil, nem\u016f\u017eete se divit, \u017ee se kr\u010d\u00edte na \u0161estn\u00e1ct\u00e9m m\u00edst\u011b s pouh\u00fdmi dev\u00edti body. \u0160est g\u00f3l\u016f, kter\u00e9 Sunderland\/Fletcher zat\u00edm nast\u0159\u00edlel je nejni\u017e\u0161\u00ed \u010d\u00edslo ze v\u0161ech \u010dty\u0159 anglick\u00fdch profi sout\u011b\u017e\u00ed.<\/p>\n<p>V Evertonu \u0159e\u0161\u00ed p\u0159\u00edjemn\u011bj\u0161\u00ed starosti, i kdy\u017e po posledn\u00edm z\u00e1pase na Craven Cottage nikomu zrovna do zp\u011bvu nebylo. Toffees se nedok\u00e1zali pou\u010dit z p\u0159edchoz\u00edch chyb, neprom\u011bnili celou \u0159adu g\u00f3lov\u00fdch \u0161anc\u00ed a o v\u00fdhru se nechali v nastaven\u00e9m \u010dase p\u0159ipravit.<\/p>\n<p>V kone\u010dn\u00e9m sou\u010dtu se ale v tabulce i d\u00edky pouh\u00e9mu bodu posunuli na kr\u00e1sn\u00e9 \u010dtvrt\u00e9 m\u00edsto, proto\u017ee konkurenti dopadli v minul\u00e9m kole je\u0161t\u011b h\u016f\u0159. Blues tedy z\u016fst\u00e1vaj\u00ed v\u00edce ne\u017e dva m\u011bs\u00edce nepora\u017eeni, ale \u0159ekn\u011bte sami, \u010dty\u0159i rem\u00edzy za sebou, to u\u017e je p\u0159ece jen moc. Sta\u010d\u00ed si jen p\u0159edstavit, jak n\u00e1dhern\u011b by se na tabulku koukalo, kdyby alespo\u0148 dv\u011b z on\u011bch rem\u00edz skon\u010dily v\u00edt\u011bzn\u011b. Evertonians v ka\u017ed\u00e9m p\u0159\u00edpad\u011b m\u016f\u017ee u srdce h\u0159\u00e1t kl\u00ed\u010dov\u00e1 skute\u010dost, kterou je pokra\u010duj\u00edc\u00ed vysoko nastaven\u00e1 la\u0165ka v\u00fdkon\u016f. Ot\u00e1zka tedy nezn\u00ed jestli, ale kdy se Everton vr\u00e1t\u00ed na v\u00edt\u011bznou vlnu.<\/p>\n<h4><strong>Historie soupe\u0159e<\/strong><\/h4>\n<p>Ko\u0159eny\u00a0existence klubu sahaj\u00ed do roku 1879, kdy byl zalo\u017een Sunderland\u00a0&amp; District Teachers Association Football Club. O rok pozd\u011bji se p\u0159ejmenoval na Sunderland AFC, tak jak jej zn\u00e1me dnes. Nov\u00e1\u010dci byli do Football League p\u0159ijati v sezon\u011b 1890\/91, a hned rok nato rozv\u00ed\u0159ili prvoligov\u00e9 vody, nebo\u0165 v prvn\u00edm roce senza\u010dn\u011b vyhr\u00e1li ligov\u00fd titul. Bl\u00edzko k ligov\u00e9 trofeji m\u011bli Black Cats i v roce 1894, kdy t\u00fdm skon\u010dil na druh\u00e9m m\u00edst\u011b \u0161est bod\u016f za Aston Villou. V po\u0159ad\u00ed p\u00e1t\u00fd ligov\u00fd titul si mlad\u00fd klub vydobyl u\u017e v sezon\u011b 1901\/92, kdy v lize fini\u0161oval t\u0159i body p\u0159ed Evertonem.<\/p>\n<p>Zd\u00e1lo se \u017ee snov\u00e9 v\u00fdkony si Sunderland p\u0159enesl i do nov\u00e9ho stolet\u00ed a zpo\u010d\u00e1tku tomu tak opravdu bylo. Pam\u00e1tn\u00e1 je v\u00fdhra 9-1 nad nejv\u011bt\u0161\u00edm rivalem Black Cats, Newcastlem z roku 1908. Nav\u00edc v\u00a0roce 1913 Sunderland z\u00edskal dal\u0161\u00ed trofej pro v\u00edt\u011bze First Division, a to je\u0161t\u011b prohr\u00e1l fin\u00e1le Anglick\u00e9ho poh\u00e1ru. Dob\u0159e bylo je\u0161t\u011b v prvn\u00edch letech po skon\u010den\u00ed prvn\u00ed sv\u011btov\u00e9 v\u00e1lky. V sezon\u011b 1922\/23 se Black Cats um\u00edstili druz\u00ed, ov\u0161em o p\u011bt let pozd\u011bji se jen o fous zachr\u00e1nili, a to i p\u0159esto, \u017ee Dave Halliday nast\u0159\u00edlel t\u00e9 sezony 35 branek.<\/p>\n<p>Po n\u011bkolika nicne\u0159\u00edkaj\u00edc\u00edch letech se nicm\u00e9n\u011b Sunderland dok\u00e1zal vr\u00e1tit na v\u00fdslun\u00ed a roku 1936 z\u00edskal v po\u0159ad\u00ed ji\u017e \u0161est\u00fd ligov\u00fd titul. Ani dal\u0161\u00ed sezona nebyla bez hmotn\u00e9ho \u00fasp\u011bchu. Mackems si ve Wembley do\u0161li pro Anglick\u00fd poh\u00e1r, kdy\u017e porazili Preston 3:1.<\/p>\n<p>Po druh\u00e9 sv\u011btov\u00e9 v\u00e1lce se klub dostal do zna\u010dn\u00e9 finan\u010dn\u00ed t\u00edsn\u011b. Ta vyvrcholila v roce 1958, kdy se Sunderland porou\u010del o ligu n\u00ed\u017ee &#8211; poprv\u00e9 za celou klubovou historii. V sezon\u011b 1962\/63, se mu\u017estvu naskytla nejv\u011bt\u0161\u00ed \u0161ance dostat se zase mezi elitu. Jen\u017ee k velk\u00e9 sm\u016fle se tak nestalo. O nepostupu Sunderlandu rozhodly pouze v\u00fdsledky ostatn\u00edch z\u00e1pas\u016f. O rok pozd\u011bji to severov\u00fdchodn\u00edmu klubu ji\u017e vy\u0161lo.<\/p>\n<p>P\u0159i\u0161la 70. l\u00e9ta a\u00a0s nimi i zisk\u00a0posledn\u00ed trofeje. Stalo se tak roku 1973, kdy Black Cats p\u0159ekvapiv\u011b zdolali v t\u011bsn\u00e9m\u00a0fin\u00e1le Anglick\u00e9ho poh\u00e1ru tehdej\u0161\u00ed anglickou \u0161pi\u010dku Leeds United 1-0. Tou Sunderland v\u00e1l\u010dil st\u00e1le ve druh\u00e9 lize a od roku 1973 vyhr\u00e1ly FA Cup ji\u017e jen dv\u011b mu\u017estva nehraj\u00edc\u00ed v Division One &#8211; Southampton a West Ham. Po \u00fasp\u011bchu v dom\u00e1c\u00edm poh\u00e1ru se klub kvalifikoval i do evropsk\u00e9ho d\u011bn\u00ed. V poh\u00e1ru UEFA ale vypadl ji\u017e ve druh\u00e9m kole.<\/p>\n<p>80. l\u00e9ta nep\u0159inesla krom\u011b jednoho prohran\u00e9ho fin\u00e1le Ligov\u00e9ho poh\u00e1ru nic zvl\u00e1\u0161tn\u00edho. Sunderland nad\u00e1le pendloval mezi Division One a Division Two a roku 1987 spadl a\u017e do t\u0159et\u00ed ligy. Z bahna ne\u00fasp\u011bch\u016f se ale Black Cats vyhrabali brzy.\u00a0V roce 1990 se ze Sunderlandu z\u00e1sluhou mana\u017eera Denise Smithe op\u011bt stali prvoligist\u00e9 a za dva roky dokonce hr\u00e1li o zisk Anglick\u00e9ho poh\u00e1ru. Ten ale bral po v\u00fdh\u0159e 2-0 Liverpool. V roce 1995 se mu\u017estva ujala hr\u00e1\u010dsk\u00e1 ikona Toffees, Peter Reid, kter\u00fd mu\u017estvo zkvalitnil a vedl jej sedm let. Roku 1997 Sunderland opustil sv\u016fj letit\u00fd domovsk\u00fd st\u00e1nek Roker Park a p\u0159esunul se na modern\u00ed Stadium of Light s kapacitou 49 000 div\u00e1k\u016f.<\/p>\n<p>Od roku 1999 Sunderland zprvu neza\u017e\u00edval \u00fasp\u011bchy, naopak se nedok\u00e1zal trvale usadit mezi prvoligov\u00fdmi celky. V roce 2005, se pak stal smutn\u00fdm dr\u017eitelem dnes u\u017e\u00a0p\u0159ekonan\u00e9ho rekordu, kdy m\u011bli Black Cats na konci sezony\u00a0Premier League jen 15 bod\u016f, co\u017e bylo toho \u010dasu nejm\u00e9n\u011b v historii.\u00a0\u00a0Ov\u0161em o rok pozd\u011bji se Mackems triumf\u00e1ln\u011b vr\u00e1tili. To u\u017e byl mana\u017eerem t\u00fdmu Roy Keane, kter\u00fd dok\u00e1zal Sunderland bez pot\u00ed\u017e\u00ed udr\u017eet v prvn\u00ed lize. Irsk\u00e9mu bou\u0159liv\u00e1kovi ov\u0161em zlomil vaz pov\u011bstn\u00fd syndrom druh\u00e9 sezony. Jeho m\u00edsto za\u010d\u00e1tkem roku 2009 nakonec zaujmul dal\u0161\u00ed b\u00fdval\u00fd hr\u00e1\u010d Manchestreru United, Steve Bruce. V Sunderlandu vydr\u017eel dva roky, ne\u017e jeho m\u00edsto obsadil zku\u0161en\u00fd Martin O&#8217;Neill.<\/p>\n<h4><strong>Z\u00e1pasov\u00e1 fakta<\/strong><\/h4>\n<p>P\u0159esto\u017ee v novodob\u00e9 \u00e9\u0159e doposud Sunderland na Everton recept nena\u0161el, vz\u00e1jemn\u00e1 bilance je v\u00edcem\u00e9n\u011b vyv\u00e1\u017een\u00e1. Se 77 v\u00fdhrami vedou Blues, 66kr\u00e1t usp\u011bli Black Cats a ve 30 p\u0159\u00edpadech se body rozd\u011blovaly. Posledn\u00ed v\u00edt\u011bzstv\u00ed Sunderlandu se vztrahuje k prosinci 2001, kdy na dom\u00e1c\u00ed p\u016fd\u011b vyhr\u00e1l 1-0. Na Goodisonu pak naposled usp\u011bl v listopadu 1996, kdy triumfoval 3-1. Celkov\u011b trv\u00e1 neporazitelnost proti Sunderlandu ji\u017e 15 z\u00e1pas\u016f, p\u0159i\u010dem\u017e v posledn\u00edch p\u011bti dom\u00e1c\u00edch vz\u00e1jemn\u00fdch z\u00e1pasech Everton v\u017edy vyhr\u00e1l a Black Cats v posledn\u00edch t\u0159ech z\u00e1pasech na Goodisonu nedali g\u00f3l.<\/p>\n<h4><strong>Everton<\/strong><\/h4>\n<ul>\n<li>Pokud bude i tentokr\u00e1t remizovat, vyrovn\u00e1 sv\u016fj rekord v za sebou jdouc\u00edch rem\u00edz\u00e1ch. P\u011bt jich naposledy posb\u00edral v roce 1977.<\/li>\n<li>Realitou je st\u00e1le jedin\u00e1 prohra z 19 z\u00e1pas\u016f a posledn\u00ed dom\u00e1c\u00ed por\u00e1\u017eka je osm z\u00e1pas\u016f star\u00e1.<\/li>\n<li>V posledn\u00edch dev\u00edti z\u00e1pasech udr\u017eel pouze jednou \u010dist\u00fd \u0161t\u00edt.<\/li>\n<\/ul>\n<h4><strong>Sunderland<\/strong><\/h4>\n<ul>\n<li>Branku nevst\u0159elil ji\u017e osm hodin a dev\u011bt minut. Ve v\u0161ech sout\u011b\u017e\u00edch.<\/li>\n<li>Steven Fletcher je autorem p\u011bti ze \u0161esti ligov\u00fdch g\u00f3l\u016f t\u00fdmu. O ten zbyl\u00fd se trefou do vlastn\u00ed br\u00e1ny postaral Demba Ba z Newcastlu.<\/li>\n<li>O&#8217;Neillovo mu\u017estvo zv\u00edt\u011bzilo jednou z posledn\u00edch sedmn\u00e1cti utk\u00e1n\u00ed a na ciz\u00edm h\u0159i\u0161ti naposled usp\u011blo v \u00fanoru, a to na Britannia Stadium.<\/li>\n<\/ul>\n<h4><strong>Vz\u00e1jemn\u00e1 bilance<\/strong><\/h4>\n<ul>\n<li>Celkov\u011b:\u00a0\u00a0\u00a0\u00a0\u00a0\u00a0\u00a0\u00a0\u00a0\u00a0\u00a0\u00a0\u00a0\u00a0\u00a0\u00a0 77-30-66<\/li>\n<li>Na Goodison Parku: 57-13-19<\/li>\n<li>V Premier League:\u00a0\u00a0 12-5-5<\/li>\n<\/ul>\n<h4><strong>Posledn\u00edch p\u011bt vz\u00e1jemn\u00fdch z\u00e1pas\u016f<\/strong><\/h4>\n<p>9.4. 2012, EPL, Everton &#8211; Sunderland 4-0 (Gueye, Pienaar, Osman, Colback (OG)<br \/>\n27.3. 2012, FA Cup, Sunderland &#8211; Everton 0-2 (Jelavi\u0107, Vaughan (OG)<br \/>\n17.3. 2012, FA Cup, Everton &#8211; Sunderland 1-1 (Cahill)<br \/>\n26.12. 2011, EPL, Sunderland &#8211; Everton 1-1 (Baines)<br \/>\n26.2. 2011, EPL, Everton &#8211; Sunderland 2-0 (Beckford 2x)<\/p>\n<h4><strong>Absence<\/strong><\/h4>\n<p>Evertonu bude st\u00e1le chyb\u011bt Darron Gibson a Tony Hibbert, ke kter\u00fdm se kv\u016fli poran\u011bn\u00e9mu hamstringu p\u0159idal i Victor Anichebe. Sunderlandu nevypom\u016f\u017ee star\u00fd zn\u00e1m\u00fd James McFadden, kter\u00e9ho takt\u00e9\u017e tr\u00e1p\u00ed hamstring.<\/p>\n<ul>\n<li><strong>Kdy:<\/strong> 10.11. 16:00 SE\u010c<\/li>\n<li><strong>Kde: <\/strong>Goodison Park<\/li>\n<li><strong>Rozhod\u010d\u00ed:<\/strong> Lee Mason<\/li>\n<\/ul>\n<\/div>\n","protected":false},"excerpt":{"rendered":"<p>V sobotu odpoledne se Everton setk\u00e1 se Sunderlandem a lep\u0161\u00edho protivn\u00edka, proti kter\u00e9mu se m\u016f\u017ee vr\u00e1tit na v\u00edt\u011bznou vlnu si&hellip;<\/p>\n","protected":false},"author":7,"featured_media":25540,"comment_status":"open","ping_status":"closed","sticky":false,"template":"","format":"standard","meta":{"_eb_attr":"","_monsterinsights_skip_tracking":false,"_monsterinsights_sitenote_active":false,"_monsterinsights_sitenote_note":"","_monsterinsights_sitenote_category":0,"footnotes":""},"categories":[4],"tags":[],"yoast_head":"<!-- This site is optimized with the Yoast SEO plugin v23.4 - https:\/\/yoast.com\/wordpress\/plugins\/seo\/ -->\n<title>Preview: Everton - Sunderland - Official Czech &amp; Slovak Everton Supporters&#039; Club<\/title>\n<meta name=\"robots\" content=\"index, follow, max-snippet:-1, max-image-preview:large, max-video-preview:-1\" \/>\n<link rel=\"canonical\" href=\"https:\/\/evertonfc.cz\/index.php\/2012\/11\/09\/preview-everton-sunderland-6\/\" \/>\n<meta property=\"og:locale\" content=\"cs_CZ\" \/>\n<meta property=\"og:type\" content=\"article\" \/>\n<meta property=\"og:title\" content=\"Preview: Everton - Sunderland - Official Czech &amp; Slovak Everton Supporters&#039; Club\" \/>\n<meta property=\"og:description\" content=\"V sobotu odpoledne se Everton setk\u00e1 se Sunderlandem a lep\u0161\u00edho protivn\u00edka, proti kter\u00e9mu se m\u016f\u017ee vr\u00e1tit na v\u00edt\u011bznou vlnu si&hellip;\" \/>\n<meta property=\"og:url\" content=\"https:\/\/evertonfc.cz\/index.php\/2012\/11\/09\/preview-everton-sunderland-6\/\" \/>\n<meta property=\"og:site_name\" content=\"Official Czech &amp; Slovak Everton Supporters&#039; Club\" \/>\n<meta property=\"article:publisher\" content=\"https:\/\/www.facebook.com\/everton.fans.cz.sk\" \/>\n<meta property=\"article:published_time\" content=\"2012-11-09T14:15:08+00:00\" \/>\n<meta property=\"article:modified_time\" content=\"2024-11-02T12:40:04+00:00\" \/>\n<meta property=\"og:image\" content=\"https:\/\/evertonfc.cz\/wp-content\/uploads\/2024\/11\/Everton-VS-Sunderland.png\" \/>\n\t<meta property=\"og:image:width\" content=\"720\" \/>\n\t<meta property=\"og:image:height\" content=\"405\" \/>\n\t<meta property=\"og:image:type\" content=\"image\/png\" \/>\n<meta name=\"author\" content=\"Me\u0148a\" \/>\n<meta name=\"twitter:card\" content=\"summary_large_image\" \/>\n<meta name=\"twitter:label1\" content=\"Napsal(a)\" \/>\n\t<meta name=\"twitter:data1\" content=\"Me\u0148a\" \/>\n\t<meta name=\"twitter:label2\" content=\"Odhadovan\u00e1 doba \u010dten\u00ed\" \/>\n\t<meta name=\"twitter:data2\" content=\"7 minut\" \/>\n<script type=\"application\/ld+json\" class=\"yoast-schema-graph\">{\"@context\":\"https:\/\/schema.org\",\"@graph\":[{\"@type\":\"Article\",\"@id\":\"https:\/\/evertonfc.cz\/index.php\/2012\/11\/09\/preview-everton-sunderland-6\/#article\",\"isPartOf\":{\"@id\":\"https:\/\/evertonfc.cz\/index.php\/2012\/11\/09\/preview-everton-sunderland-6\/\"},\"author\":{\"name\":\"Me\u0148a\",\"@id\":\"https:\/\/evertonfc.cz\/#\/schema\/person\/cd6328a75577de2add7793fd4b0930c3\"},\"headline\":\"Preview: Everton &#8211; Sunderland\",\"datePublished\":\"2012-11-09T14:15:08+00:00\",\"dateModified\":\"2024-11-02T12:40:04+00:00\",\"mainEntityOfPage\":{\"@id\":\"https:\/\/evertonfc.cz\/index.php\/2012\/11\/09\/preview-everton-sunderland-6\/\"},\"wordCount\":1521,\"commentCount\":0,\"publisher\":{\"@id\":\"https:\/\/evertonfc.cz\/#organization\"},\"image\":{\"@id\":\"https:\/\/evertonfc.cz\/index.php\/2012\/11\/09\/preview-everton-sunderland-6\/#primaryimage\"},\"thumbnailUrl\":\"https:\/\/evertonfc.cz\/wp-content\/uploads\/2024\/11\/Everton-VS-Sunderland.png\",\"articleSection\":[\"Z\u00e1pasy\"],\"inLanguage\":\"cs\",\"potentialAction\":[{\"@type\":\"CommentAction\",\"name\":\"Comment\",\"target\":[\"https:\/\/evertonfc.cz\/index.php\/2012\/11\/09\/preview-everton-sunderland-6\/#respond\"]}]},{\"@type\":\"WebPage\",\"@id\":\"https:\/\/evertonfc.cz\/index.php\/2012\/11\/09\/preview-everton-sunderland-6\/\",\"url\":\"https:\/\/evertonfc.cz\/index.php\/2012\/11\/09\/preview-everton-sunderland-6\/\",\"name\":\"Preview: Everton - Sunderland - Official Czech &amp; Slovak Everton Supporters&#039; Club\",\"isPartOf\":{\"@id\":\"https:\/\/evertonfc.cz\/#website\"},\"primaryImageOfPage\":{\"@id\":\"https:\/\/evertonfc.cz\/index.php\/2012\/11\/09\/preview-everton-sunderland-6\/#primaryimage\"},\"image\":{\"@id\":\"https:\/\/evertonfc.cz\/index.php\/2012\/11\/09\/preview-everton-sunderland-6\/#primaryimage\"},\"thumbnailUrl\":\"https:\/\/evertonfc.cz\/wp-content\/uploads\/2024\/11\/Everton-VS-Sunderland.png\",\"datePublished\":\"2012-11-09T14:15:08+00:00\",\"dateModified\":\"2024-11-02T12:40:04+00:00\",\"breadcrumb\":{\"@id\":\"https:\/\/evertonfc.cz\/index.php\/2012\/11\/09\/preview-everton-sunderland-6\/#breadcrumb\"},\"inLanguage\":\"cs\",\"potentialAction\":[{\"@type\":\"ReadAction\",\"target\":[\"https:\/\/evertonfc.cz\/index.php\/2012\/11\/09\/preview-everton-sunderland-6\/\"]}]},{\"@type\":\"ImageObject\",\"inLanguage\":\"cs\",\"@id\":\"https:\/\/evertonfc.cz\/index.php\/2012\/11\/09\/preview-everton-sunderland-6\/#primaryimage\",\"url\":\"https:\/\/evertonfc.cz\/wp-content\/uploads\/2024\/11\/Everton-VS-Sunderland.png\",\"contentUrl\":\"https:\/\/evertonfc.cz\/wp-content\/uploads\/2024\/11\/Everton-VS-Sunderland.png\",\"width\":720,\"height\":405},{\"@type\":\"BreadcrumbList\",\"@id\":\"https:\/\/evertonfc.cz\/index.php\/2012\/11\/09\/preview-everton-sunderland-6\/#breadcrumb\",\"itemListElement\":[{\"@type\":\"ListItem\",\"position\":1,\"name\":\"Home\",\"item\":\"https:\/\/evertonfc.cz\/\"},{\"@type\":\"ListItem\",\"position\":2,\"name\":\"Preview: Everton &#8211; Sunderland\"}]},{\"@type\":\"WebSite\",\"@id\":\"https:\/\/evertonfc.cz\/#website\",\"url\":\"https:\/\/evertonfc.cz\/\",\"name\":\"Official Czech &amp; Slovak Everton Supporters&#039; Club\",\"description\":\"\",\"publisher\":{\"@id\":\"https:\/\/evertonfc.cz\/#organization\"},\"potentialAction\":[{\"@type\":\"SearchAction\",\"target\":{\"@type\":\"EntryPoint\",\"urlTemplate\":\"https:\/\/evertonfc.cz\/?s={search_term_string}\"},\"query-input\":{\"@type\":\"PropertyValueSpecification\",\"valueRequired\":true,\"valueName\":\"search_term_string\"}}],\"inLanguage\":\"cs\"},{\"@type\":\"Organization\",\"@id\":\"https:\/\/evertonfc.cz\/#organization\",\"name\":\"Official Czech & Slovak Everton Supporters' Club\",\"url\":\"https:\/\/evertonfc.cz\/\",\"logo\":{\"@type\":\"ImageObject\",\"inLanguage\":\"cs\",\"@id\":\"https:\/\/evertonfc.cz\/#\/schema\/logo\/image\/\",\"url\":\"https:\/\/evertonfc.cz\/wp-content\/uploads\/2019\/05\/logo.png\",\"contentUrl\":\"https:\/\/evertonfc.cz\/wp-content\/uploads\/2019\/05\/logo.png\",\"width\":112,\"height\":112,\"caption\":\"Official Czech & Slovak Everton Supporters' Club\"},\"image\":{\"@id\":\"https:\/\/evertonfc.cz\/#\/schema\/logo\/image\/\"},\"sameAs\":[\"https:\/\/www.facebook.com\/everton.fans.cz.sk\"]},{\"@type\":\"Person\",\"@id\":\"https:\/\/evertonfc.cz\/#\/schema\/person\/cd6328a75577de2add7793fd4b0930c3\",\"name\":\"Me\u0148a\",\"url\":\"https:\/\/evertonfc.cz\/index.php\/author\/mena\/\"}]}<\/script>\n<!-- \/ Yoast SEO plugin. -->","yoast_head_json":{"title":"Preview: Everton - Sunderland - Official Czech &amp; Slovak Everton Supporters&#039; Club","robots":{"index":"index","follow":"follow","max-snippet":"max-snippet:-1","max-image-preview":"max-image-preview:large","max-video-preview":"max-video-preview:-1"},"canonical":"https:\/\/evertonfc.cz\/index.php\/2012\/11\/09\/preview-everton-sunderland-6\/","og_locale":"cs_CZ","og_type":"article","og_title":"Preview: Everton - Sunderland - Official Czech &amp; Slovak Everton Supporters&#039; Club","og_description":"V sobotu odpoledne se Everton setk\u00e1 se Sunderlandem a lep\u0161\u00edho protivn\u00edka, proti kter\u00e9mu se m\u016f\u017ee vr\u00e1tit na v\u00edt\u011bznou vlnu si&hellip;","og_url":"https:\/\/evertonfc.cz\/index.php\/2012\/11\/09\/preview-everton-sunderland-6\/","og_site_name":"Official Czech &amp; Slovak Everton Supporters&#039; Club","article_publisher":"https:\/\/www.facebook.com\/everton.fans.cz.sk","article_published_time":"2012-11-09T14:15:08+00:00","article_modified_time":"2024-11-02T12:40:04+00:00","og_image":[{"width":720,"height":405,"url":"https:\/\/evertonfc.cz\/wp-content\/uploads\/2024\/11\/Everton-VS-Sunderland.png","type":"image\/png"}],"author":"Me\u0148a","twitter_card":"summary_large_image","twitter_misc":{"Napsal(a)":"Me\u0148a","Odhadovan\u00e1 doba \u010dten\u00ed":"7 minut"},"schema":{"@context":"https:\/\/schema.org","@graph":[{"@type":"Article","@id":"https:\/\/evertonfc.cz\/index.php\/2012\/11\/09\/preview-everton-sunderland-6\/#article","isPartOf":{"@id":"https:\/\/evertonfc.cz\/index.php\/2012\/11\/09\/preview-everton-sunderland-6\/"},"author":{"name":"Me\u0148a","@id":"https:\/\/evertonfc.cz\/#\/schema\/person\/cd6328a75577de2add7793fd4b0930c3"},"headline":"Preview: Everton &#8211; Sunderland","datePublished":"2012-11-09T14:15:08+00:00","dateModified":"2024-11-02T12:40:04+00:00","mainEntityOfPage":{"@id":"https:\/\/evertonfc.cz\/index.php\/2012\/11\/09\/preview-everton-sunderland-6\/"},"wordCount":1521,"commentCount":0,"publisher":{"@id":"https:\/\/evertonfc.cz\/#organization"},"image":{"@id":"https:\/\/evertonfc.cz\/index.php\/2012\/11\/09\/preview-everton-sunderland-6\/#primaryimage"},"thumbnailUrl":"https:\/\/evertonfc.cz\/wp-content\/uploads\/2024\/11\/Everton-VS-Sunderland.png","articleSection":["Z\u00e1pasy"],"inLanguage":"cs","potentialAction":[{"@type":"CommentAction","name":"Comment","target":["https:\/\/evertonfc.cz\/index.php\/2012\/11\/09\/preview-everton-sunderland-6\/#respond"]}]},{"@type":"WebPage","@id":"https:\/\/evertonfc.cz\/index.php\/2012\/11\/09\/preview-everton-sunderland-6\/","url":"https:\/\/evertonfc.cz\/index.php\/2012\/11\/09\/preview-everton-sunderland-6\/","name":"Preview: Everton - Sunderland - Official Czech &amp; Slovak Everton Supporters&#039; Club","isPartOf":{"@id":"https:\/\/evertonfc.cz\/#website"},"primaryImageOfPage":{"@id":"https:\/\/evertonfc.cz\/index.php\/2012\/11\/09\/preview-everton-sunderland-6\/#primaryimage"},"image":{"@id":"https:\/\/evertonfc.cz\/index.php\/2012\/11\/09\/preview-everton-sunderland-6\/#primaryimage"},"thumbnailUrl":"https:\/\/evertonfc.cz\/wp-content\/uploads\/2024\/11\/Everton-VS-Sunderland.png","datePublished":"2012-11-09T14:15:08+00:00","dateModified":"2024-11-02T12:40:04+00:00","breadcrumb":{"@id":"https:\/\/evertonfc.cz\/index.php\/2012\/11\/09\/preview-everton-sunderland-6\/#breadcrumb"},"inLanguage":"cs","potentialAction":[{"@type":"ReadAction","target":["https:\/\/evertonfc.cz\/index.php\/2012\/11\/09\/preview-everton-sunderland-6\/"]}]},{"@type":"ImageObject","inLanguage":"cs","@id":"https:\/\/evertonfc.cz\/index.php\/2012\/11\/09\/preview-everton-sunderland-6\/#primaryimage","url":"https:\/\/evertonfc.cz\/wp-content\/uploads\/2024\/11\/Everton-VS-Sunderland.png","contentUrl":"https:\/\/evertonfc.cz\/wp-content\/uploads\/2024\/11\/Everton-VS-Sunderland.png","width":720,"height":405},{"@type":"BreadcrumbList","@id":"https:\/\/evertonfc.cz\/index.php\/2012\/11\/09\/preview-everton-sunderland-6\/#breadcrumb","itemListElement":[{"@type":"ListItem","position":1,"name":"Home","item":"https:\/\/evertonfc.cz\/"},{"@type":"ListItem","position":2,"name":"Preview: Everton &#8211; Sunderland"}]},{"@type":"WebSite","@id":"https:\/\/evertonfc.cz\/#website","url":"https:\/\/evertonfc.cz\/","name":"Official Czech &amp; Slovak Everton Supporters&#039; Club","description":"","publisher":{"@id":"https:\/\/evertonfc.cz\/#organization"},"potentialAction":[{"@type":"SearchAction","target":{"@type":"EntryPoint","urlTemplate":"https:\/\/evertonfc.cz\/?s={search_term_string}"},"query-input":{"@type":"PropertyValueSpecification","valueRequired":true,"valueName":"search_term_string"}}],"inLanguage":"cs"},{"@type":"Organization","@id":"https:\/\/evertonfc.cz\/#organization","name":"Official Czech & Slovak Everton Supporters' Club","url":"https:\/\/evertonfc.cz\/","logo":{"@type":"ImageObject","inLanguage":"cs","@id":"https:\/\/evertonfc.cz\/#\/schema\/logo\/image\/","url":"https:\/\/evertonfc.cz\/wp-content\/uploads\/2019\/05\/logo.png","contentUrl":"https:\/\/evertonfc.cz\/wp-content\/uploads\/2019\/05\/logo.png","width":112,"height":112,"caption":"Official Czech & Slovak Everton Supporters' Club"},"image":{"@id":"https:\/\/evertonfc.cz\/#\/schema\/logo\/image\/"},"sameAs":["https:\/\/www.facebook.com\/everton.fans.cz.sk"]},{"@type":"Person","@id":"https:\/\/evertonfc.cz\/#\/schema\/person\/cd6328a75577de2add7793fd4b0930c3","name":"Me\u0148a","url":"https:\/\/evertonfc.cz\/index.php\/author\/mena\/"}]}},"_links":{"self":[{"href":"https:\/\/evertonfc.cz\/index.php\/wp-json\/wp\/v2\/posts\/5944"}],"collection":[{"href":"https:\/\/evertonfc.cz\/index.php\/wp-json\/wp\/v2\/posts"}],"about":[{"href":"https:\/\/evertonfc.cz\/index.php\/wp-json\/wp\/v2\/types\/post"}],"author":[{"embeddable":true,"href":"https:\/\/evertonfc.cz\/index.php\/wp-json\/wp\/v2\/users\/7"}],"replies":[{"embeddable":true,"href":"https:\/\/evertonfc.cz\/index.php\/wp-json\/wp\/v2\/comments?post=5944"}],"version-history":[{"count":3,"href":"https:\/\/evertonfc.cz\/index.php\/wp-json\/wp\/v2\/posts\/5944\/revisions"}],"predecessor-version":[{"id":5995,"href":"https:\/\/evertonfc.cz\/index.php\/wp-json\/wp\/v2\/posts\/5944\/revisions\/5995"}],"wp:featuredmedia":[{"embeddable":true,"href":"https:\/\/evertonfc.cz\/index.php\/wp-json\/wp\/v2\/media\/25540"}],"wp:attachment":[{"href":"https:\/\/evertonfc.cz\/index.php\/wp-json\/wp\/v2\/media?parent=5944"}],"wp:term":[{"taxonomy":"category","embeddable":true,"href":"https:\/\/evertonfc.cz\/index.php\/wp-json\/wp\/v2\/categories?post=5944"},{"taxonomy":"post_tag","embeddable":true,"href":"https:\/\/evertonfc.cz\/index.php\/wp-json\/wp\/v2\/tags?post=5944"}],"curies":[{"name":"wp","href":"https:\/\/api.w.org\/{rel}","templated":true}]}}