{"id":5996,"date":"2011-11-25T18:41:54","date_gmt":"2011-11-25T17:41:54","guid":{"rendered":"http:\/\/evertonfc.cz\/?p=5996"},"modified":"2019-02-16T18:57:02","modified_gmt":"2019-02-16T17:57:02","slug":"preview-bolton-wanderers-everton-2","status":"publish","type":"post","link":"https:\/\/evertonfc.cz\/index.php\/2011\/11\/25\/preview-bolton-wanderers-everton-2\/","title":{"rendered":"Preview: Bolton Wanderers &#8211; Everton"},"content":{"rendered":"<h4>Po d\u016fle\u017eit\u00e9m t\u0159\u00edbodov\u00e9m zisku z minul\u00e9ho v\u00edkendu, bude m\u00edt Everton dobrou p\u0159\u00edle\u017eitost na v\u00edt\u011bzstv\u00ed nav\u00e1zat. Jede na p\u016fdu tr\u00e1p\u00edc\u00edho se Boltonu.<\/h4>\n<p>P\u0159ed vz\u00e1jemn\u00fdm sobotn\u00edm duelem si mohou Bolton s Evertonem podat ruce. Oba pro\u017e\u00edvaj\u00ed v\u00fdsledkov\u011b prachb\u00eddn\u00fd podzim a p\u0159ed nabit\u00fdm prosincov\u00fdm programem se tou\u017e\u00ed dostat do formy. Tomu, \u017ee Trotters se propadnou do nejv\u011bt\u0161\u00ed miz\u00e9rie za dlouh\u00e1 l\u00e9ta, p\u0159itom start do sezony nenapov\u00eddal &#8211; v \u00favodn\u00edm kole vypr\u00e1skali Queens Park Rangers na jeho vlastn\u00edm h\u0159i\u0161ti 4-0.<\/p>\n<p>Pak ale p\u0159i\u0161el nev\u00eddan\u00fd obrat k hor\u0161\u00edmu. Krom dvou v\u00fdher v Ligov\u00e9m poh\u00e1ru, sb\u00edral v lize Bolton jednu por\u00e1\u017eku za druhou; od premi\u00e9rov\u00e9ho utk\u00e1n\u00ed sezony to d\u011blalo hned \u0161est proher za sebou. V\u00fdjimkou byla v\u00fdhra nad je\u0161t\u011b zoufalej\u0161\u00edm Wiganem z poloviny \u0159\u00edjna a posledn\u00ed t\u0159\u00edbodov\u00fd zisk se vztahuje k 6. listopadu, kdy Wanderers stylov\u011b vr\u00e1tili Stoke City stejnou m\u011brou por\u00e1\u017eku 5-0 z dubnov\u00e9ho semifin\u00e1le FA Cupu. V minul\u00e9m utk\u00e1n\u00ed ji\u017e ale Bolton znovu vy\u0161el napr\u00e1zdno, kdy\u017e nesta\u010dil na West Bromwich.<\/p>\n<p>Sou\u010dasn\u00e1 osmn\u00e1ct\u00e1 p\u0159\u00ed\u010dka Trotters je mimojin\u00e9 d\u016fsledkem nejhor\u0161\u00ed dom\u00e1c\u00ed formy v lize. Doma posb\u00edrali v\u0161ehov\u0161udy pouh\u00e9 t\u0159i body z osmn\u00e1cti mo\u017en\u00fdch a p\u0159itom inkasovali sedmn\u00e1ct g\u00f3l\u016f. Pokud u \u010d\u00edsel je\u0161t\u011b z\u016fstaneme, dozv\u00edme se, \u017ee Bolton je nejm\u00e9n\u011b centruj\u00edc\u00edm t\u00fdmem v lize &#8211; pr\u016fm\u011brn\u011b provede \u0161estn\u00e1ct centr\u016f na z\u00e1pas. Nutno v\u0161ak \u0159\u00edct, \u017ee p\u0159ihr\u00e1vky z\u00e1lo\u017en\u00edk\u016f b\u00fdvaj\u00ed p\u0159esn\u00e9, t\u0159eba takov\u00fd Mark Davies se chlub\u00ed 89 procentn\u00ed p\u0159esnost\u00ed p\u0159ihr\u00e1vek.<\/p>\n<p>Co se st\u0159elby t\u00fd\u010de, 52% st\u0159el je vysl\u00e1no p\u0159ed hranic\u00ed v\u00e1pna, p\u0159i\u010dem\u017e nejaktivn\u011bj\u0161\u00edm st\u0159elcem b\u00fdv\u00e1 Chris Eagles s v\u00edce ne\u017e 3 st\u0159elami na z\u00e1pas. T\u00edm na koho, by si zad\u00e1ci Evertonu m\u011bli obzvl\u00e1\u0161\u0165 po\u010d\u00edhat, je v\u0161ak Ivan Klasni\u0107, kter\u00fd letos nas\u00e1zel zat\u00edm \u0161est branek a \u010dty\u0159ikr\u00e1t na g\u00f3l p\u0159ihr\u00e1l.<\/p>\n<p><em>\u201eS na\u0161\u00edm v\u00fdkonem z druh\u00e9ho polo\u010dasu proti West Bromu jsme zklam\u00e1ni, ale v tom prvn\u00edm jsme hr\u00e1li skv\u011ble,\u201c<\/em>\u00a0\u0159\u00edk\u00e1 Owen Coyle, kter\u00fd z\u00e1pas proti Evertonu vid\u00ed jako ide\u00e1ln\u00ed p\u0159\u00edle\u017eitost, jak vystoupat v tabulce.<em> \u201eBudeme p\u0159ipraveni, je to pro n\u00e1s dal\u0161\u00ed \u0161ance, jak se dostat ze sestupov\u00e9 z\u00f3ny. N\u011bkolik takov\u00fdch \u0161anc\u00ed jsme m\u011bli, ale nevyu\u017eili jsme je, tak\u017ee v sobotu mus\u00edme b\u00fdt p\u0159ipraveni na h\u0159i\u0161ti odevzdat v\u0161echno.\u201c<\/em><\/p>\n<p>Everton m\u00e1 za sebou nep\u0159\u00edjemnou s\u00e9rii z\u00e1pas\u016f proti siln\u00fdm celk\u016fm, ze kter\u00e9 se zvednutou hlavou zrovna neode\u0161li, a tak je co napravovat. Do obdob\u00ed, ve kter\u00e9m Toffees po jak jinak ne\u017e promrhan\u00e9m podzimu, tradi\u010dn\u011b za\u010d\u00ednaj\u00ed p\u0159edv\u00e1d\u011bt lep\u0161\u00ed v\u00fdkony, vstoupili solidn\u011b, kdy\u017e v minul\u00e9m kole vyd\u0159eli v\u00fdhru nad Wolverhamptonem a p\u0159ipsali si teprve druhou dom\u00e1c\u00ed v\u00fdhru v sezon\u011b.<\/p>\n<p>Everton tak m\u00e1 na co navazovat, a\u010dkoliv v mnoha ohledech hry mus\u00ed p\u0159ij\u00edt zlep\u0161en\u00ed a jedn\u00edm z t\u011bch nejd\u016fle\u017eit\u011bj\u0161\u00edch je obrana. Doposud Blues udr\u017eeli nulu v jedin\u00e9m z\u00e1pase a nepovedlo se jim to ani proti Wolves, nejv\u00edce bezzub\u00fdm t\u00fdmem, se kter\u00fdm m\u011bli zat\u00edm tu \u010dest. \u010c\u00edslo inkasovan\u00fdch branek je 16, co\u017e je sice osm\u00e9 nejni\u017e\u0161\u00ed v sout\u011b\u017ei, ale zisk \u010dist\u00fdch kont je podle Steva Rounda prioritou.<\/p>\n<p><em>\u201eMysl\u00edm, \u017ee obrana si vede solidn\u011b, ale pokud se zept\u00e1te obr\u00e1nc\u016f, brank\u00e1\u0159e a kohokoliv, \u0159eknou v\u00e1m, \u017ee \u010dist\u00e9 \u0161t\u00edty jsou velice d\u016fle\u017eit\u00e9 a jsme zklam\u00e1ni, \u017ee jsme jich neudr\u017eeli v\u00edc. Pokud ale budeme br\u00e1nit tak, jak doposud, jsem si jist\u00fd, \u017ee p\u0159ijdou,\u201c <\/em>\u0159\u00edk\u00e1 Round a z\u00e1rove\u0148 p\u0159ed nadch\u00e1zej\u00edc\u00edm z\u00e1pasy s hrateln\u00fdmi soupe\u0159i vyhl\u00ed\u017e\u00ed \u010dast\u011bj\u0161\u00ed bodov\u00fd p\u0159\u00edsun. <em>\u201eMoment\u00e1ln\u011b se soust\u0159ed\u00edme na nejbli\u017e\u0161\u00edch deset z\u00e1pas\u016f a stoup\u00e1n\u00ed tabulkou, abychom se dostali tam, kam pat\u0159\u00edme. Bolton jsem letos vid\u011bl n\u011bkolikr\u00e1t a \u0159ekl bych, \u017ee jsou v myln\u00e9 pozici. Je to energick\u00fd t\u00fdm, maj\u00ed specifick\u00fd zp\u016fsob hry a ur\u010dit\u011b neo\u010dek\u00e1v\u00e1m, \u017ee na konci sezony budou na stejn\u00fdch p\u0159\u00ed\u010dk\u00e1ch.\u201c<\/em><\/p>\n<p>Posledn\u00ed vz\u00e1jemn\u00fd z\u00e1pas se do\u010dkal neofic\u00e1ln\u00edho titulu nejhor\u0161\u00edho v\u00fdkonu Evertonu v minul\u00e9 sezon\u011b, a \u017ee bylo z \u010deho vyb\u00edrat. Na Reebok Stadium Blues po bezmocn\u00fdch devades\u00e1ti minut\u00e1ch prohr\u00e1li 2-0.<\/p>\n<h4><strong>Historie soupe\u0159e<\/strong><\/h4>\n<p>Fotbalov\u00fd Bolton Wanderers byl zalo\u017een roku 1874 ale to klub je\u0161t\u011b nesl p\u016fvodn\u00ed n\u00e1zev Christ Church FC.\u00a0Bolton je tak\u00e9 jedn\u00edm z 12 zakl\u00e1daj\u00edc\u00edch \u010dlen\u016f Football League.<\/p>\n<p>Prvn\u00ed \u00fasp\u011bch Trotters dorazil v roce 1894. Tehdy dokr\u00e1\u010deli a\u017e do fin\u00e1le FA Cupu, ale v kl\u00e1n\u00ed hran\u00e9m na Goodison Parku podlehli Notts County 1:4. P\u0159esn\u011b o 10 let pozd\u011bji st\u00e1li Wanderers znovu\u00a0na prahu\u00a0zisku nejstar\u0161\u00ed klubov\u00e9 trofeje, ale osud jim znovu nep\u0159\u00e1l a Anglick\u00fd poh\u00e1r putoval do vitr\u00edny Manchesteru City. Cennou trofej se klubu nakonec poda\u0159ilo z\u00edskat a\u017e na t\u0159et\u00ed pokus &#8211; roku 1923.<\/p>\n<p>Od roku 1935 a\u017e do poloviny 60. let Bolton ani jednou neopustil nejvy\u0161\u0161\u00ed sout\u011b\u017e, nicm\u00e9n\u011b v\u017edy pat\u0159il sp\u00ed\u0161e k pr\u016fm\u011brn\u00fdm klub\u016fm. Ov\u0161em v roce 1953 sehr\u00e1li Trotters spole\u010dn\u011b s Blackpoolem jedno z nejlep\u0161\u00edch a nejslavn\u011bj\u0161\u00edch fin\u00e1le Anglick\u00e9ho poh\u00e1ru v historii &#8211; takzvan\u00e9 The Stanley Matthhews Final. Z\u00e1pas skon\u010dil v\u00fdhrou Seasiders 4:3, pot\u00e9 co Bolton neuv\u011b\u0159iteln\u011b ztratil pohodln\u00e9 veden\u00ed 3:1. Posledn\u00ed trofej vystaven\u00e1 na Reebok Stadium je z roku 1958 a op\u011bt jde o Anglick\u00fd poh\u00e1r. Od t\u00e9 doby Trotters na dal\u0161\u00ed \u00fasp\u011bch \u010dekaj\u00ed.<\/p>\n<p>Osmdes\u00e1t\u00e1 l\u00e9ta byla pro fanou\u0161ky Boltonu no\u010dn\u00ed m\u016frou. Klub se porou\u010del a\u017e do \u010dtvrt\u00e9 ligy. Postup o stup\u00ednek v\u00fd\u0161e ale p\u0159i\u0161el roku 1988 hned na prvn\u00ed pokus. Do nejvy\u0161\u0161\u00ed sout\u011b\u017ee se\u00a0Wanderers probojovali p\u0159es play off a\u017e v roce 1995. Pot\u00e9 se pohybovali mezi Premiership a Championship jako na sinusoid\u011b. V nejvy\u0161\u0161\u00ed sout\u011b\u017ei se\u00a0Bolton etabloval a\u017e za\u010d\u00e1tkem nov\u00e9ho tis\u00edcilet\u00ed, i kdy\u017e ani tehdy to nebyla \u017e\u00e1dn\u00e1 sl\u00e1va. V obou prvn\u00edch sezon\u00e1ch mezi elitou se klub zachr\u00e1nil je s od\u0159en\u00fdma u\u0161ima.<\/p>\n<p>To u\u017e ale byl u t\u00fdmu spasitel Trotters Sam Allardyce, kter\u00fd z podpr\u016fm\u011brn\u00e9ho celku postupn\u011b vytvo\u0159il konkurenceschopn\u00fd t\u00fdm bojuj\u00edc\u00ed o evropsk\u00e9 poh\u00e1ry. V roce 2005 skon\u010dil t\u00fdm na \u0161est\u00e9m m\u00edst\u011b, co\u017e\u00a0Trotters poprv\u00e9 v historii zajistilo \u00fa\u010dast v evropsk\u00fdch boj\u00edch. Tam se ale\u00a0Boltonu p\u0159\u00edli\u0161 neda\u0159ilo a po por\u00e1\u017ece s Marseille se s poh\u00e1rem UEFA rozlou\u010dili. V kv\u011btnu 2007 po dal\u0161\u00edm slu\u0161n\u00e9m um\u00edst\u011bn\u00ed v tabulce, se nav\u00edc mana\u017eer p\u0159ezd\u00edvan\u00fd &#8218;Big Sam&#8216; rozhodl rezignovat na svou funkci. S\u00e1m tak nejsp\u00ed\u0161e c\u00edtil, \u017ee s Boltonem dos\u00e1hl maxima a \u0161el za novou v\u00fdzvou do Newcastlu.<\/p>\n<p>N\u00e1sleduj\u00edc\u00ed sezona ale uk\u00e1zala \u017ee Bolton nen\u00ed bez Allardyce ani polovi\u010dn\u00edm t\u00fdmem a na Reebok Stadium mohli b\u00fdt strastipln\u00e9 sezon\u011b spokojeni s kone\u010dn\u00fdm 16. m\u00edstem. Nast\u00e1l\u00e1 situaci nepomohl ani nov\u00fdm mana\u017eer Gary Megson, jen\u017e u fanou\u0161k\u016f moc sympati\u00ed neposb\u00edral. Nakonec tak po nep\u0159esv\u011bd\u010div\u00fdch v\u00fdsledc\u00edch kormidlo Trotters opustil.<\/p>\n<h4><strong>Z\u00e1pasov\u00e1 fakta<\/strong><\/h4>\n<p>Evertonu se na Bolton v Premier League da\u0159\u00ed. Lo\u0148sk\u00e1 prohra na Reebok Stadium byla druhou por\u00e1\u017ekou od Trotters v dev\u00edti z\u00e1pasech, p\u0159i\u010dem\u017e hned \u0161est utk\u00e1n\u00ed z nich Bolton prohr\u00e1l. Ob\u011b por\u00e1\u017eky nicm\u00e9n\u011b p\u0159i\u0161ly ve dvou posledn\u00edch v\u00fdletech na Reebok.<\/p>\n<p>Bilance celkov\u00fdch vz\u00e1jemn\u00fdch souboj\u016f, se potom tak\u00e9 p\u0159ikl\u00e1n\u00ed na stranu Toffees. Z celkov\u00fdch 148 z\u00e1pas\u016f vyhr\u00e1li v 73 p\u0159\u00edpadech. Bolton pak zv\u00edt\u011bzil 40kr\u00e1t a rem\u00edza se zrodila 37x. Lo\u0148sk\u00e1 sezona p\u0159itom byla prvn\u00ed po sedmi letech, kdy Everton neporazil Bolton alespo\u0148 v jednom z\u00e1pase, posledn\u00ed v\u00fdhrou na Reebok Stadium tak z\u016fst\u00e1v\u00e1 z\u00e1pas z \u0159\u00edjna 2008, kter\u00fd v nastaven\u00e9m \u010dase jedin\u00fdm g\u00f3lem rozhodl Marouane Fellaini.<\/p>\n<h4><strong>Bolton<\/strong><\/h4>\n<p>Trotters posb\u00edrali nejv\u00edce proher v lize (9) a z\u00e1rove\u0148 obdr\u017eeli nejv\u00edce g\u00f3l\u016f, a to 29. Dosavadn\u00ed vizitika tak jasn\u011b sv\u011bd\u010d\u00ed o tom, \u017ee boj o z\u00e1chranu bude s nejv\u011bt\u0161\u00ed pravd\u011bpodobnost\u00ed holou realitou. Nav\u00edc jedin\u00fdm klubem z p\u0159edchoz\u00edch osmi, kter\u00fd prohr\u00e1l osm ze sv\u00fdch dvan\u00e1cti \u00favodn\u00edch z\u00e1pas\u016f a dok\u00e1zal se zachr\u00e1nit, byl v sezon\u011b 2001\/02 Southampton.<\/p>\n<p>Coyleovo mu\u017estvo je tak\u00e9 t\u00edm jedin\u00fdm, kter\u00e9 zat\u00edm ani jednou neremizovalo, p\u0159i\u010dem\u017e od jeho posledn\u00ed d\u011blby bod\u016f ji\u017e uplynulo neuv\u011b\u0159iteln\u00fdch 22 utk\u00e1n\u00ed. Celkov\u011b je Bolton ji\u017e o sedm bod\u016f pozadu za pozic\u00ed, na kter\u00e9 byl ve stejn\u00e9 \u010d\u00e1sti sezony loni, kdy se toutu dobou pohyboval na \u0161est\u00e9m m\u00edst\u011b.<\/p>\n<h4><strong>Everton<\/strong><\/h4>\n<p>Z\u00e1v\u011bry z\u00e1pas\u016f b\u00fdvaj\u00ed tradi\u010dn\u00ed silnou zbran\u00ed Toffees a nejinak je tomu i letos. Pr\u00e1v\u011b posledn\u00edm desetiminutovk\u00e1m mohou vd\u011b\u010dit za v\u0161echny \u010dty\u0159i v\u00edt\u011bzstv\u00ed v sezon\u011b. V\u00fdhra nad Wolves tak\u00e9 bylo podruh\u00e9, kdy Everton ot\u00e1\u010del v\u00fdvoj z\u00e1pasu; p\u0159edt\u00edm se mu to povedlo v z\u00e1\u0159\u00ed proti Wiganu. A pozadu nez\u016fstanou jubilanti. Marouane Fellaini oslav\u00ed sv\u016fj st\u00fd klubov\u00fd start a Tima Cahilla \u010dek\u00e1 250. z\u00e1pas v dresu Toffees.<\/p>\n<h4><strong>Vz\u00e1jemn\u00e1 bilance<\/strong><\/h4>\n<ul>\n<li>Celkov\u011b:\u00a0\u00a0\u00a0\u00a0\u00a0\u00a0\u00a0\u00a0\u00a0\u00a0\u00a0\u00a0\u00a0\u00a0\u00a0 40-37-73<\/li>\n<li>Na h\u0159i\u0161ti Boltonu:\u00a0\u00a0 28-16-30<\/li>\n<li>V Premier League:\u00a0 6-6-12<\/li>\n<\/ul>\n<h4><strong>Absence<\/strong><\/h4>\n<p>P\u0159ed z\u00e1pasem \u010dekaj\u00ed testy na Phila Nevilla, Sylvaina Distina a Jacka Rodwella, kte\u0159\u00ed se neobjevili v minul\u00e9m z\u00e1pase. Do tr\u00e9ninku se potom vrac\u00ed Victor Anichebe, kter\u00e9ho od l\u00e9ta tr\u00e1p\u00ed zran\u011bn\u00ed t\u0159\u00edsla.<\/p>\n<p>Bolton m\u00e1 obs\u00e1hlej\u0161\u00ed marodku. Chyb\u011bt bude Mikel Alonso (kotn\u00edk), Ricardo Gardner (ky\u010del), Tyrone Mears (zlomen\u00e1 noha), Chung Yong Lee (zlomen\u00e1 noha), Stuart Holden (koleno), Sean Davis (koleno), Joe Riley (stehno), Sam Ricketts (l\u00fdtko). Vr\u00e1tit by se mohl Dedryck Boyata, kter\u00e9ho zlobil kotn\u00edk.<\/p>\n<p><strong>Everton:<\/strong> Howard, Hahnemann, Hibbert, Neville, Distin, Jagielka, Baines, Barkley, Fellaini, Osman, Coleman, Gueye, Rodwell, Cahill, Stracqualursi, Saha, Bilyaletdinov, Vellios<\/p>\n<p><strong>Bolton:<\/strong> Jaaskelainen, Bogdan, Knight, Robinson, Boyatta, Cahill, Wheater, Muamba, Eagles, Petrov, Kakuta, M. Davies, Reo-Coker, Pratley, K. Davies, Tuncay, Ngog, Klasni\u0107,<\/p>\n<ul>\n<li><strong>Kdy:\u00a0<\/strong>26.10. 16:00 SE\u010c<strong><br \/>\n<\/strong><\/li>\n<li><strong>Kde:\u00a0<\/strong>Reebok Stadium<strong><br \/>\n<\/strong><\/li>\n<li><strong>Rozhod\u010d\u00ed:<\/strong>\u00a0Michael Oliver<\/li>\n<\/ul>\n","protected":false},"excerpt":{"rendered":"<p>Po d\u016fle\u017eit\u00e9m t\u0159\u00edbodov\u00e9m zisku z minul\u00e9ho v\u00edkendu, bude m\u00edt Everton dobrou p\u0159\u00edle\u017eitost na v\u00edt\u011bzstv\u00ed nav\u00e1zat. Jede na p\u016fdu tr\u00e1p\u00edc\u00edho se&hellip;<\/p>\n","protected":false},"author":7,"featured_media":1314,"comment_status":"open","ping_status":"closed","sticky":false,"template":"","format":"standard","meta":{"_eb_attr":"","_monsterinsights_skip_tracking":false,"_monsterinsights_sitenote_active":false,"_monsterinsights_sitenote_note":"","_monsterinsights_sitenote_category":0,"footnotes":""},"categories":[4],"tags":[],"yoast_head":"<!-- This site is optimized with the Yoast SEO plugin v23.4 - https:\/\/yoast.com\/wordpress\/plugins\/seo\/ -->\n<title>Preview: Bolton Wanderers - Everton - Official Czech &amp; Slovak Everton Supporters&#039; Club<\/title>\n<meta name=\"robots\" content=\"index, follow, max-snippet:-1, max-image-preview:large, max-video-preview:-1\" \/>\n<link rel=\"canonical\" href=\"https:\/\/evertonfc.cz\/index.php\/2011\/11\/25\/preview-bolton-wanderers-everton-2\/\" \/>\n<meta property=\"og:locale\" content=\"cs_CZ\" \/>\n<meta property=\"og:type\" content=\"article\" \/>\n<meta property=\"og:title\" content=\"Preview: Bolton Wanderers - Everton - Official Czech &amp; Slovak Everton Supporters&#039; Club\" \/>\n<meta property=\"og:description\" content=\"Po d\u016fle\u017eit\u00e9m t\u0159\u00edbodov\u00e9m zisku z minul\u00e9ho v\u00edkendu, bude m\u00edt Everton dobrou p\u0159\u00edle\u017eitost na v\u00edt\u011bzstv\u00ed nav\u00e1zat. Jede na p\u016fdu tr\u00e1p\u00edc\u00edho se&hellip;\" \/>\n<meta property=\"og:url\" content=\"https:\/\/evertonfc.cz\/index.php\/2011\/11\/25\/preview-bolton-wanderers-everton-2\/\" \/>\n<meta property=\"og:site_name\" content=\"Official Czech &amp; Slovak Everton Supporters&#039; Club\" \/>\n<meta property=\"article:publisher\" content=\"https:\/\/www.facebook.com\/everton.fans.cz.sk\" \/>\n<meta property=\"article:published_time\" content=\"2011-11-25T17:41:54+00:00\" \/>\n<meta property=\"article:modified_time\" content=\"2019-02-16T17:57:02+00:00\" \/>\n<meta property=\"og:image\" content=\"https:\/\/evertonfc.cz\/wp-content\/uploads\/2019\/01\/preview.jpg\" \/>\n\t<meta property=\"og:image:width\" content=\"720\" \/>\n\t<meta property=\"og:image:height\" content=\"405\" \/>\n\t<meta property=\"og:image:type\" content=\"image\/jpeg\" \/>\n<meta name=\"author\" content=\"Me\u0148a\" \/>\n<meta name=\"twitter:card\" content=\"summary_large_image\" \/>\n<meta name=\"twitter:label1\" content=\"Napsal(a)\" \/>\n\t<meta name=\"twitter:data1\" content=\"Me\u0148a\" \/>\n\t<meta name=\"twitter:label2\" content=\"Odhadovan\u00e1 doba \u010dten\u00ed\" \/>\n\t<meta name=\"twitter:data2\" content=\"9 minut\" \/>\n<script type=\"application\/ld+json\" class=\"yoast-schema-graph\">{\"@context\":\"https:\/\/schema.org\",\"@graph\":[{\"@type\":\"Article\",\"@id\":\"https:\/\/evertonfc.cz\/index.php\/2011\/11\/25\/preview-bolton-wanderers-everton-2\/#article\",\"isPartOf\":{\"@id\":\"https:\/\/evertonfc.cz\/index.php\/2011\/11\/25\/preview-bolton-wanderers-everton-2\/\"},\"author\":{\"name\":\"Me\u0148a\",\"@id\":\"https:\/\/evertonfc.cz\/#\/schema\/person\/cd6328a75577de2add7793fd4b0930c3\"},\"headline\":\"Preview: Bolton Wanderers &#8211; Everton\",\"datePublished\":\"2011-11-25T17:41:54+00:00\",\"dateModified\":\"2019-02-16T17:57:02+00:00\",\"mainEntityOfPage\":{\"@id\":\"https:\/\/evertonfc.cz\/index.php\/2011\/11\/25\/preview-bolton-wanderers-everton-2\/\"},\"wordCount\":1868,\"commentCount\":0,\"publisher\":{\"@id\":\"https:\/\/evertonfc.cz\/#organization\"},\"image\":{\"@id\":\"https:\/\/evertonfc.cz\/index.php\/2011\/11\/25\/preview-bolton-wanderers-everton-2\/#primaryimage\"},\"thumbnailUrl\":\"https:\/\/evertonfc.cz\/wp-content\/uploads\/2019\/01\/preview.jpg\",\"articleSection\":[\"Z\u00e1pasy\"],\"inLanguage\":\"cs\",\"potentialAction\":[{\"@type\":\"CommentAction\",\"name\":\"Comment\",\"target\":[\"https:\/\/evertonfc.cz\/index.php\/2011\/11\/25\/preview-bolton-wanderers-everton-2\/#respond\"]}]},{\"@type\":\"WebPage\",\"@id\":\"https:\/\/evertonfc.cz\/index.php\/2011\/11\/25\/preview-bolton-wanderers-everton-2\/\",\"url\":\"https:\/\/evertonfc.cz\/index.php\/2011\/11\/25\/preview-bolton-wanderers-everton-2\/\",\"name\":\"Preview: Bolton Wanderers - Everton - Official Czech &amp; Slovak Everton Supporters&#039; Club\",\"isPartOf\":{\"@id\":\"https:\/\/evertonfc.cz\/#website\"},\"primaryImageOfPage\":{\"@id\":\"https:\/\/evertonfc.cz\/index.php\/2011\/11\/25\/preview-bolton-wanderers-everton-2\/#primaryimage\"},\"image\":{\"@id\":\"https:\/\/evertonfc.cz\/index.php\/2011\/11\/25\/preview-bolton-wanderers-everton-2\/#primaryimage\"},\"thumbnailUrl\":\"https:\/\/evertonfc.cz\/wp-content\/uploads\/2019\/01\/preview.jpg\",\"datePublished\":\"2011-11-25T17:41:54+00:00\",\"dateModified\":\"2019-02-16T17:57:02+00:00\",\"breadcrumb\":{\"@id\":\"https:\/\/evertonfc.cz\/index.php\/2011\/11\/25\/preview-bolton-wanderers-everton-2\/#breadcrumb\"},\"inLanguage\":\"cs\",\"potentialAction\":[{\"@type\":\"ReadAction\",\"target\":[\"https:\/\/evertonfc.cz\/index.php\/2011\/11\/25\/preview-bolton-wanderers-everton-2\/\"]}]},{\"@type\":\"ImageObject\",\"inLanguage\":\"cs\",\"@id\":\"https:\/\/evertonfc.cz\/index.php\/2011\/11\/25\/preview-bolton-wanderers-everton-2\/#primaryimage\",\"url\":\"https:\/\/evertonfc.cz\/wp-content\/uploads\/2019\/01\/preview.jpg\",\"contentUrl\":\"https:\/\/evertonfc.cz\/wp-content\/uploads\/2019\/01\/preview.jpg\",\"width\":720,\"height\":405},{\"@type\":\"BreadcrumbList\",\"@id\":\"https:\/\/evertonfc.cz\/index.php\/2011\/11\/25\/preview-bolton-wanderers-everton-2\/#breadcrumb\",\"itemListElement\":[{\"@type\":\"ListItem\",\"position\":1,\"name\":\"Home\",\"item\":\"https:\/\/evertonfc.cz\/\"},{\"@type\":\"ListItem\",\"position\":2,\"name\":\"Preview: Bolton Wanderers &#8211; Everton\"}]},{\"@type\":\"WebSite\",\"@id\":\"https:\/\/evertonfc.cz\/#website\",\"url\":\"https:\/\/evertonfc.cz\/\",\"name\":\"Official Czech &amp; Slovak Everton Supporters&#039; Club\",\"description\":\"\",\"publisher\":{\"@id\":\"https:\/\/evertonfc.cz\/#organization\"},\"potentialAction\":[{\"@type\":\"SearchAction\",\"target\":{\"@type\":\"EntryPoint\",\"urlTemplate\":\"https:\/\/evertonfc.cz\/?s={search_term_string}\"},\"query-input\":{\"@type\":\"PropertyValueSpecification\",\"valueRequired\":true,\"valueName\":\"search_term_string\"}}],\"inLanguage\":\"cs\"},{\"@type\":\"Organization\",\"@id\":\"https:\/\/evertonfc.cz\/#organization\",\"name\":\"Official Czech & Slovak Everton Supporters' Club\",\"url\":\"https:\/\/evertonfc.cz\/\",\"logo\":{\"@type\":\"ImageObject\",\"inLanguage\":\"cs\",\"@id\":\"https:\/\/evertonfc.cz\/#\/schema\/logo\/image\/\",\"url\":\"https:\/\/evertonfc.cz\/wp-content\/uploads\/2019\/05\/logo.png\",\"contentUrl\":\"https:\/\/evertonfc.cz\/wp-content\/uploads\/2019\/05\/logo.png\",\"width\":112,\"height\":112,\"caption\":\"Official Czech & Slovak Everton Supporters' Club\"},\"image\":{\"@id\":\"https:\/\/evertonfc.cz\/#\/schema\/logo\/image\/\"},\"sameAs\":[\"https:\/\/www.facebook.com\/everton.fans.cz.sk\"]},{\"@type\":\"Person\",\"@id\":\"https:\/\/evertonfc.cz\/#\/schema\/person\/cd6328a75577de2add7793fd4b0930c3\",\"name\":\"Me\u0148a\",\"url\":\"https:\/\/evertonfc.cz\/index.php\/author\/mena\/\"}]}<\/script>\n<!-- \/ Yoast SEO plugin. -->","yoast_head_json":{"title":"Preview: Bolton Wanderers - Everton - Official Czech &amp; Slovak Everton Supporters&#039; Club","robots":{"index":"index","follow":"follow","max-snippet":"max-snippet:-1","max-image-preview":"max-image-preview:large","max-video-preview":"max-video-preview:-1"},"canonical":"https:\/\/evertonfc.cz\/index.php\/2011\/11\/25\/preview-bolton-wanderers-everton-2\/","og_locale":"cs_CZ","og_type":"article","og_title":"Preview: Bolton Wanderers - Everton - Official Czech &amp; Slovak Everton Supporters&#039; Club","og_description":"Po d\u016fle\u017eit\u00e9m t\u0159\u00edbodov\u00e9m zisku z minul\u00e9ho v\u00edkendu, bude m\u00edt Everton dobrou p\u0159\u00edle\u017eitost na v\u00edt\u011bzstv\u00ed nav\u00e1zat. Jede na p\u016fdu tr\u00e1p\u00edc\u00edho se&hellip;","og_url":"https:\/\/evertonfc.cz\/index.php\/2011\/11\/25\/preview-bolton-wanderers-everton-2\/","og_site_name":"Official Czech &amp; Slovak Everton Supporters&#039; Club","article_publisher":"https:\/\/www.facebook.com\/everton.fans.cz.sk","article_published_time":"2011-11-25T17:41:54+00:00","article_modified_time":"2019-02-16T17:57:02+00:00","og_image":[{"width":720,"height":405,"url":"https:\/\/evertonfc.cz\/wp-content\/uploads\/2019\/01\/preview.jpg","type":"image\/jpeg"}],"author":"Me\u0148a","twitter_card":"summary_large_image","twitter_misc":{"Napsal(a)":"Me\u0148a","Odhadovan\u00e1 doba \u010dten\u00ed":"9 minut"},"schema":{"@context":"https:\/\/schema.org","@graph":[{"@type":"Article","@id":"https:\/\/evertonfc.cz\/index.php\/2011\/11\/25\/preview-bolton-wanderers-everton-2\/#article","isPartOf":{"@id":"https:\/\/evertonfc.cz\/index.php\/2011\/11\/25\/preview-bolton-wanderers-everton-2\/"},"author":{"name":"Me\u0148a","@id":"https:\/\/evertonfc.cz\/#\/schema\/person\/cd6328a75577de2add7793fd4b0930c3"},"headline":"Preview: Bolton Wanderers &#8211; Everton","datePublished":"2011-11-25T17:41:54+00:00","dateModified":"2019-02-16T17:57:02+00:00","mainEntityOfPage":{"@id":"https:\/\/evertonfc.cz\/index.php\/2011\/11\/25\/preview-bolton-wanderers-everton-2\/"},"wordCount":1868,"commentCount":0,"publisher":{"@id":"https:\/\/evertonfc.cz\/#organization"},"image":{"@id":"https:\/\/evertonfc.cz\/index.php\/2011\/11\/25\/preview-bolton-wanderers-everton-2\/#primaryimage"},"thumbnailUrl":"https:\/\/evertonfc.cz\/wp-content\/uploads\/2019\/01\/preview.jpg","articleSection":["Z\u00e1pasy"],"inLanguage":"cs","potentialAction":[{"@type":"CommentAction","name":"Comment","target":["https:\/\/evertonfc.cz\/index.php\/2011\/11\/25\/preview-bolton-wanderers-everton-2\/#respond"]}]},{"@type":"WebPage","@id":"https:\/\/evertonfc.cz\/index.php\/2011\/11\/25\/preview-bolton-wanderers-everton-2\/","url":"https:\/\/evertonfc.cz\/index.php\/2011\/11\/25\/preview-bolton-wanderers-everton-2\/","name":"Preview: Bolton Wanderers - Everton - Official Czech &amp; Slovak Everton Supporters&#039; Club","isPartOf":{"@id":"https:\/\/evertonfc.cz\/#website"},"primaryImageOfPage":{"@id":"https:\/\/evertonfc.cz\/index.php\/2011\/11\/25\/preview-bolton-wanderers-everton-2\/#primaryimage"},"image":{"@id":"https:\/\/evertonfc.cz\/index.php\/2011\/11\/25\/preview-bolton-wanderers-everton-2\/#primaryimage"},"thumbnailUrl":"https:\/\/evertonfc.cz\/wp-content\/uploads\/2019\/01\/preview.jpg","datePublished":"2011-11-25T17:41:54+00:00","dateModified":"2019-02-16T17:57:02+00:00","breadcrumb":{"@id":"https:\/\/evertonfc.cz\/index.php\/2011\/11\/25\/preview-bolton-wanderers-everton-2\/#breadcrumb"},"inLanguage":"cs","potentialAction":[{"@type":"ReadAction","target":["https:\/\/evertonfc.cz\/index.php\/2011\/11\/25\/preview-bolton-wanderers-everton-2\/"]}]},{"@type":"ImageObject","inLanguage":"cs","@id":"https:\/\/evertonfc.cz\/index.php\/2011\/11\/25\/preview-bolton-wanderers-everton-2\/#primaryimage","url":"https:\/\/evertonfc.cz\/wp-content\/uploads\/2019\/01\/preview.jpg","contentUrl":"https:\/\/evertonfc.cz\/wp-content\/uploads\/2019\/01\/preview.jpg","width":720,"height":405},{"@type":"BreadcrumbList","@id":"https:\/\/evertonfc.cz\/index.php\/2011\/11\/25\/preview-bolton-wanderers-everton-2\/#breadcrumb","itemListElement":[{"@type":"ListItem","position":1,"name":"Home","item":"https:\/\/evertonfc.cz\/"},{"@type":"ListItem","position":2,"name":"Preview: Bolton Wanderers &#8211; Everton"}]},{"@type":"WebSite","@id":"https:\/\/evertonfc.cz\/#website","url":"https:\/\/evertonfc.cz\/","name":"Official Czech &amp; Slovak Everton Supporters&#039; Club","description":"","publisher":{"@id":"https:\/\/evertonfc.cz\/#organization"},"potentialAction":[{"@type":"SearchAction","target":{"@type":"EntryPoint","urlTemplate":"https:\/\/evertonfc.cz\/?s={search_term_string}"},"query-input":{"@type":"PropertyValueSpecification","valueRequired":true,"valueName":"search_term_string"}}],"inLanguage":"cs"},{"@type":"Organization","@id":"https:\/\/evertonfc.cz\/#organization","name":"Official Czech & Slovak Everton Supporters' Club","url":"https:\/\/evertonfc.cz\/","logo":{"@type":"ImageObject","inLanguage":"cs","@id":"https:\/\/evertonfc.cz\/#\/schema\/logo\/image\/","url":"https:\/\/evertonfc.cz\/wp-content\/uploads\/2019\/05\/logo.png","contentUrl":"https:\/\/evertonfc.cz\/wp-content\/uploads\/2019\/05\/logo.png","width":112,"height":112,"caption":"Official Czech & Slovak Everton Supporters' Club"},"image":{"@id":"https:\/\/evertonfc.cz\/#\/schema\/logo\/image\/"},"sameAs":["https:\/\/www.facebook.com\/everton.fans.cz.sk"]},{"@type":"Person","@id":"https:\/\/evertonfc.cz\/#\/schema\/person\/cd6328a75577de2add7793fd4b0930c3","name":"Me\u0148a","url":"https:\/\/evertonfc.cz\/index.php\/author\/mena\/"}]}},"_links":{"self":[{"href":"https:\/\/evertonfc.cz\/index.php\/wp-json\/wp\/v2\/posts\/5996"}],"collection":[{"href":"https:\/\/evertonfc.cz\/index.php\/wp-json\/wp\/v2\/posts"}],"about":[{"href":"https:\/\/evertonfc.cz\/index.php\/wp-json\/wp\/v2\/types\/post"}],"author":[{"embeddable":true,"href":"https:\/\/evertonfc.cz\/index.php\/wp-json\/wp\/v2\/users\/7"}],"replies":[{"embeddable":true,"href":"https:\/\/evertonfc.cz\/index.php\/wp-json\/wp\/v2\/comments?post=5996"}],"version-history":[{"count":2,"href":"https:\/\/evertonfc.cz\/index.php\/wp-json\/wp\/v2\/posts\/5996\/revisions"}],"predecessor-version":[{"id":6009,"href":"https:\/\/evertonfc.cz\/index.php\/wp-json\/wp\/v2\/posts\/5996\/revisions\/6009"}],"wp:featuredmedia":[{"embeddable":true,"href":"https:\/\/evertonfc.cz\/index.php\/wp-json\/wp\/v2\/media\/1314"}],"wp:attachment":[{"href":"https:\/\/evertonfc.cz\/index.php\/wp-json\/wp\/v2\/media?parent=5996"}],"wp:term":[{"taxonomy":"category","embeddable":true,"href":"https:\/\/evertonfc.cz\/index.php\/wp-json\/wp\/v2\/categories?post=5996"},{"taxonomy":"post_tag","embeddable":true,"href":"https:\/\/evertonfc.cz\/index.php\/wp-json\/wp\/v2\/tags?post=5996"}],"curies":[{"name":"wp","href":"https:\/\/api.w.org\/{rel}","templated":true}]}}